{"id":5508,"date":"2021-08-28T00:01:00","date_gmt":"2021-08-27T23:01:00","guid":{"rendered":"https:\/\/lasentinelle.dz\/?p=5508"},"modified":"2021-08-27T15:31:31","modified_gmt":"2021-08-27T14:31:31","slug":"prix-du-president-de-la-republique-ali-maachi-projection-virtuelle-des-films-laureats","status":"publish","type":"post","link":"https:\/\/lasentinelle.dz\/index.php\/2021\/08\/28\/prix-du-president-de-la-republique-ali-maachi-projection-virtuelle-des-films-laureats\/","title":{"rendered":"Prix du pr\u00e9sident de la R\u00e9publique \u00ab\u00a0Ali Maachi\u00a0\u00bb : Projection virtuelle des films laur\u00e9ats"},"content":{"rendered":"\n<p>Les films laur\u00e9ats du Prix du pr\u00e9sident de la R\u00e9publique pour les jeunes cr\u00e9ateurs \u00ab\u00a0Ali Maachi\u00a0\u00bb (\u00e9ditions 2020-2021) seront projet\u00e9s virtuellement \u00e0 partir de la semaine prochaine via la page Facebook du Centre alg\u00e9rien du d\u00e9veloppement du cin\u00e9ma (CADC), ont annonc\u00e9, mardi, les organisateurs.Au programme de cette projection intitul\u00e9e \u00ab\u00a0Cin\u00e9 Maachi\u00a0\u00bb, figurent les trois films laur\u00e9ats de l&rsquo;\u00e9dition 2020 dans la cat\u00e9gorie Cin\u00e9ma et Audiovisuel, \u00e0 savoir le film Rahim, du r\u00e9alisateur Bachir Messaoudi (laur\u00e9at du premier prix), \u00ab\u00a0Djamila au temps du Hirak\u00a0\u00bb de Abderrahmabe Harrat (deuxi\u00e8me prix) et \u00ab\u00a0Kayen Wela Makach\u00a0\u00bb de Abdellah Kada (troisi\u00e8me prix), pr\u00e9cise un communiqu\u00e9 publi\u00e9 sur la page Facebook du CADC.D&rsquo;autres films laur\u00e9ats de l&rsquo;\u00e9dition 2021 sont \u00e9galement au rendez-vous. Il s&rsquo;agit du film \u00ab\u00a0Bridge\u00a0\u00bb de Mohamed Tahar Boukaf (premier prix), \u00ab\u00a0Le monde comme je le vois\u00a0\u00bb de Rachid Belhanfi (troisi\u00e8me prix) ainsi que le film laur\u00e9at du troisi\u00e8me prix de Youcef Salah Eddine intitul\u00e9 \u00ab\u00a0The Final Word\u00a0\u00bb.Institu\u00e9 en 2006, le prix du pr\u00e9sident de la R\u00e9publique pour les jeunes cr\u00e9ateurs \u00ab\u00a0Ali Maachi\u00a0\u00bb est ouvert aux cr\u00e9ations dans les domaines de la litt\u00e9rature (roman, po\u00e9sie, textes dramaturgiques), la musique, le cin\u00e9ma, l&rsquo;audiovisuel, la danse et la chor\u00e9graphie et les arts plastiques.<\/p>\n\n\n\n<p>APS<\/p>\n","protected":false},"excerpt":{"rendered":"<p>Les films laur\u00e9ats du Prix du pr\u00e9sident de la R\u00e9publique pour les jeunes cr\u00e9ateurs \u00ab\u00a0Ali Maachi\u00a0\u00bb (\u00e9ditions 2020-2021) seront projet\u00e9s<\/p>\n","protected":false},"author":3,"featured_media":5513,"comment_status":"open","ping_status":"closed","sticky":false,"template":"","format":"standard","meta":{"colormag_page_container_layout":"default_layout","colormag_page_sidebar_layout":"default_layout","om_disable_all_campaigns":false,"_monsterinsights_skip_tracking":false,"_monsterinsights_sitenote_active":false,"_monsterinsights_sitenote_note":"","_monsterinsights_sitenote_category":0,"footnotes":"","_wpscppro_dont_share_socialmedia":false,"_wpscppro_custom_social_share_image":0,"_facebook_share_type":"","_twitter_share_type":"","_linkedin_share_type":"","_pinterest_share_type":"","_linkedin_share_type_page":"","_instagram_share_type":"","_medium_share_type":"","_threads_share_type":"","_google_business_share_type":"","_selected_social_profile":[],"_wpsp_enable_custom_social_template":false,"_wpsp_social_scheduling":{"enabled":false,"datetime":null,"platforms":[],"status":"template_only","dateOption":"today","timeOption":"now","customDays":"","customHours":"","customDate":"","customTime":"","schedulingType":"absolute"},"_wpsp_active_default_template":true},"categories":[36],"tags":[],"class_list":["post-5508","post","type-post","status-publish","format-standard","has-post-thumbnail","hentry","category-culture"],"aioseo_notices":[],"yoast_head":"<!-- This site is optimized with the Yoast SEO plugin v27.5 - https:\/\/yoast.com\/product\/yoast-seo-wordpress\/ -->\n<title>Prix du pr\u00e9sident de la R\u00e9publique &quot;Ali Maachi&quot; : Projection virtuelle des films laur\u00e9ats - La Sentinelle<\/title>\n<meta name=\"robots\" content=\"index, follow, max-snippet:-1, max-image-preview:large, max-video-preview:-1\" \/>\n<link rel=\"canonical\" href=\"https:\/\/lasentinelle.dz\/index.php\/2021\/08\/28\/prix-du-president-de-la-republique-ali-maachi-projection-virtuelle-des-films-laureats\/\" \/>\n<meta property=\"og:locale\" content=\"fr_FR\" \/>\n<meta property=\"og:type\" content=\"article\" \/>\n<meta property=\"og:title\" content=\"Prix du pr\u00e9sident de la R\u00e9publique &quot;Ali Maachi&quot; : Projection virtuelle des films laur\u00e9ats - La Sentinelle\" \/>\n<meta property=\"og:description\" content=\"Les films laur\u00e9ats du Prix du pr\u00e9sident de la R\u00e9publique pour les jeunes cr\u00e9ateurs \u00ab\u00a0Ali Maachi\u00a0\u00bb (\u00e9ditions 2020-2021) seront projet\u00e9s\" \/>\n<meta property=\"og:url\" content=\"https:\/\/lasentinelle.dz\/index.php\/2021\/08\/28\/prix-du-president-de-la-republique-ali-maachi-projection-virtuelle-des-films-laureats\/\" \/>\n<meta property=\"og:site_name\" content=\"La Sentinelle\" \/>\n<meta property=\"article:publisher\" content=\"https:\/\/www.facebook.com\/La-Sentinelle-104059864394773\" \/>\n<meta property=\"article:published_time\" content=\"2021-08-27T23:01:00+00:00\" \/>\n<meta property=\"og:image\" content=\"https:\/\/lasentinelle.dz\/wp-content\/uploads\/2021\/08\/image_2021-08-27_153115.png\" \/>\n\t<meta property=\"og:image:width\" content=\"745\" \/>\n\t<meta property=\"og:image:height\" content=\"470\" \/>\n\t<meta property=\"og:image:type\" content=\"image\/png\" \/>\n<meta name=\"author\" content=\"La Sentinelle\" \/>\n<meta name=\"twitter:card\" content=\"summary_large_image\" \/>\n<meta name=\"twitter:label1\" content=\"\u00c9crit par\" \/>\n\t<meta name=\"twitter:data1\" content=\"La Sentinelle\" \/>\n\t<meta name=\"twitter:label2\" content=\"Dur\u00e9e de lecture estim\u00e9e\" \/>\n\t<meta name=\"twitter:data2\" content=\"1 minute\" \/>\n<script type=\"application\/ld+json\" class=\"yoast-schema-graph\">{\"@context\":\"https:\\\/\\\/schema.org\",\"@graph\":[{\"@type\":\"Article\",\"@id\":\"https:\\\/\\\/lasentinelle.dz\\\/index.php\\\/2021\\\/08\\\/28\\\/prix-du-president-de-la-republique-ali-maachi-projection-virtuelle-des-films-laureats\\\/#article\",\"isPartOf\":{\"@id\":\"https:\\\/\\\/lasentinelle.dz\\\/index.php\\\/2021\\\/08\\\/28\\\/prix-du-president-de-la-republique-ali-maachi-projection-virtuelle-des-films-laureats\\\/\"},\"author\":{\"name\":\"La Sentinelle\",\"@id\":\"https:\\\/\\\/lasentinelle.dz\\\/#\\\/schema\\\/person\\\/d865044e22e70a75174ce8bcad3acfb3\"},\"headline\":\"Prix du pr\u00e9sident de la R\u00e9publique \u00ab\u00a0Ali Maachi\u00a0\u00bb : Projection virtuelle des films laur\u00e9ats\",\"datePublished\":\"2021-08-27T23:01:00+00:00\",\"mainEntityOfPage\":{\"@id\":\"https:\\\/\\\/lasentinelle.dz\\\/index.php\\\/2021\\\/08\\\/28\\\/prix-du-president-de-la-republique-ali-maachi-projection-virtuelle-des-films-laureats\\\/\"},\"wordCount\":246,\"commentCount\":0,\"publisher\":{\"@id\":\"https:\\\/\\\/lasentinelle.dz\\\/#organization\"},\"image\":{\"@id\":\"https:\\\/\\\/lasentinelle.dz\\\/index.php\\\/2021\\\/08\\\/28\\\/prix-du-president-de-la-republique-ali-maachi-projection-virtuelle-des-films-laureats\\\/#primaryimage\"},\"thumbnailUrl\":\"https:\\\/\\\/lasentinelle.dz\\\/wp-content\\\/uploads\\\/2021\\\/08\\\/image_2021-08-27_153115.png\",\"articleSection\":[\"Culture\"],\"inLanguage\":\"fr-FR\",\"potentialAction\":[{\"@type\":\"CommentAction\",\"name\":\"Comment\",\"target\":[\"https:\\\/\\\/lasentinelle.dz\\\/index.php\\\/2021\\\/08\\\/28\\\/prix-du-president-de-la-republique-ali-maachi-projection-virtuelle-des-films-laureats\\\/#respond\"]}]},{\"@type\":\"WebPage\",\"@id\":\"https:\\\/\\\/lasentinelle.dz\\\/index.php\\\/2021\\\/08\\\/28\\\/prix-du-president-de-la-republique-ali-maachi-projection-virtuelle-des-films-laureats\\\/\",\"url\":\"https:\\\/\\\/lasentinelle.dz\\\/index.php\\\/2021\\\/08\\\/28\\\/prix-du-president-de-la-republique-ali-maachi-projection-virtuelle-des-films-laureats\\\/\",\"name\":\"Prix du pr\u00e9sident de la R\u00e9publique \\\"Ali Maachi\\\" : Projection virtuelle des films laur\u00e9ats - La Sentinelle\",\"isPartOf\":{\"@id\":\"https:\\\/\\\/lasentinelle.dz\\\/#website\"},\"primaryImageOfPage\":{\"@id\":\"https:\\\/\\\/lasentinelle.dz\\\/index.php\\\/2021\\\/08\\\/28\\\/prix-du-president-de-la-republique-ali-maachi-projection-virtuelle-des-films-laureats\\\/#primaryimage\"},\"image\":{\"@id\":\"https:\\\/\\\/lasentinelle.dz\\\/index.php\\\/2021\\\/08\\\/28\\\/prix-du-president-de-la-republique-ali-maachi-projection-virtuelle-des-films-laureats\\\/#primaryimage\"},\"thumbnailUrl\":\"https:\\\/\\\/lasentinelle.dz\\\/wp-content\\\/uploads\\\/2021\\\/08\\\/image_2021-08-27_153115.png\",\"datePublished\":\"2021-08-27T23:01:00+00:00\",\"breadcrumb\":{\"@id\":\"https:\\\/\\\/lasentinelle.dz\\\/index.php\\\/2021\\\/08\\\/28\\\/prix-du-president-de-la-republique-ali-maachi-projection-virtuelle-des-films-laureats\\\/#breadcrumb\"},\"inLanguage\":\"fr-FR\",\"potentialAction\":[{\"@type\":\"ReadAction\",\"target\":[\"https:\\\/\\\/lasentinelle.dz\\\/index.php\\\/2021\\\/08\\\/28\\\/prix-du-president-de-la-republique-ali-maachi-projection-virtuelle-des-films-laureats\\\/\"]}]},{\"@type\":\"ImageObject\",\"inLanguage\":\"fr-FR\",\"@id\":\"https:\\\/\\\/lasentinelle.dz\\\/index.php\\\/2021\\\/08\\\/28\\\/prix-du-president-de-la-republique-ali-maachi-projection-virtuelle-des-films-laureats\\\/#primaryimage\",\"url\":\"https:\\\/\\\/lasentinelle.dz\\\/wp-content\\\/uploads\\\/2021\\\/08\\\/image_2021-08-27_153115.png\",\"contentUrl\":\"https:\\\/\\\/lasentinelle.dz\\\/wp-content\\\/uploads\\\/2021\\\/08\\\/image_2021-08-27_153115.png\",\"width\":745,\"height\":470},{\"@type\":\"BreadcrumbList\",\"@id\":\"https:\\\/\\\/lasentinelle.dz\\\/index.php\\\/2021\\\/08\\\/28\\\/prix-du-president-de-la-republique-ali-maachi-projection-virtuelle-des-films-laureats\\\/#breadcrumb\",\"itemListElement\":[{\"@type\":\"ListItem\",\"position\":1,\"name\":\"Accueil\",\"item\":\"https:\\\/\\\/lasentinelle.dz\\\/\"},{\"@type\":\"ListItem\",\"position\":2,\"name\":\"Prix du pr\u00e9sident de la R\u00e9publique \u00ab\u00a0Ali Maachi\u00a0\u00bb : Projection virtuelle des films laur\u00e9ats\"}]},{\"@type\":\"WebSite\",\"@id\":\"https:\\\/\\\/lasentinelle.dz\\\/#website\",\"url\":\"https:\\\/\\\/lasentinelle.dz\\\/\",\"name\":\"La Sentinelle\",\"description\":\"Quotidien national d&#039;information\",\"publisher\":{\"@id\":\"https:\\\/\\\/lasentinelle.dz\\\/#organization\"},\"potentialAction\":[{\"@type\":\"SearchAction\",\"target\":{\"@type\":\"EntryPoint\",\"urlTemplate\":\"https:\\\/\\\/lasentinelle.dz\\\/?s={search_term_string}\"},\"query-input\":{\"@type\":\"PropertyValueSpecification\",\"valueRequired\":true,\"valueName\":\"search_term_string\"}}],\"inLanguage\":\"fr-FR\"},{\"@type\":\"Organization\",\"@id\":\"https:\\\/\\\/lasentinelle.dz\\\/#organization\",\"name\":\"Quotidien La Sentinelle\",\"url\":\"https:\\\/\\\/lasentinelle.dz\\\/\",\"logo\":{\"@type\":\"ImageObject\",\"inLanguage\":\"fr-FR\",\"@id\":\"https:\\\/\\\/lasentinelle.dz\\\/#\\\/schema\\\/logo\\\/image\\\/\",\"url\":\"https:\\\/\\\/lasentinelle.dz\\\/wp-content\\\/uploads\\\/2021\\\/09\\\/logo-sentinelleSLOGAN-1.png\",\"contentUrl\":\"https:\\\/\\\/lasentinelle.dz\\\/wp-content\\\/uploads\\\/2021\\\/09\\\/logo-sentinelleSLOGAN-1.png\",\"width\":615,\"height\":142,\"caption\":\"Quotidien La Sentinelle\"},\"image\":{\"@id\":\"https:\\\/\\\/lasentinelle.dz\\\/#\\\/schema\\\/logo\\\/image\\\/\"},\"sameAs\":[\"https:\\\/\\\/www.facebook.com\\\/La-Sentinelle-104059864394773\"]},{\"@type\":\"Person\",\"@id\":\"https:\\\/\\\/lasentinelle.dz\\\/#\\\/schema\\\/person\\\/d865044e22e70a75174ce8bcad3acfb3\",\"name\":\"La Sentinelle\",\"image\":{\"@type\":\"ImageObject\",\"inLanguage\":\"fr-FR\",\"@id\":\"https:\\\/\\\/secure.gravatar.com\\\/avatar\\\/57de8e5d4b15d43fb361a71fbb36338450fe67865b528a43dd10ef7c51a20392?s=96&d=mm&r=g\",\"url\":\"https:\\\/\\\/secure.gravatar.com\\\/avatar\\\/57de8e5d4b15d43fb361a71fbb36338450fe67865b528a43dd10ef7c51a20392?s=96&d=mm&r=g\",\"contentUrl\":\"https:\\\/\\\/secure.gravatar.com\\\/avatar\\\/57de8e5d4b15d43fb361a71fbb36338450fe67865b528a43dd10ef7c51a20392?s=96&d=mm&r=g\",\"caption\":\"La Sentinelle\"},\"sameAs\":[\"http:\\\/\\\/www.lasentinelle.dz\"],\"url\":\"https:\\\/\\\/lasentinelle.dz\\\/author\\\/redaction\\\/\"}]}<\/script>\n<!-- \/ Yoast SEO plugin. -->","yoast_head_json":{"title":"Prix du pr\u00e9sident de la R\u00e9publique \"Ali Maachi\" : Projection virtuelle des films laur\u00e9ats - La Sentinelle","robots":{"index":"index","follow":"follow","max-snippet":"max-snippet:-1","max-image-preview":"max-image-preview:large","max-video-preview":"max-video-preview:-1"},"canonical":"https:\/\/lasentinelle.dz\/index.php\/2021\/08\/28\/prix-du-president-de-la-republique-ali-maachi-projection-virtuelle-des-films-laureats\/","og_locale":"fr_FR","og_type":"article","og_title":"Prix du pr\u00e9sident de la R\u00e9publique \"Ali Maachi\" : Projection virtuelle des films laur\u00e9ats - La Sentinelle","og_description":"Les films laur\u00e9ats du Prix du pr\u00e9sident de la R\u00e9publique pour les jeunes cr\u00e9ateurs \u00ab\u00a0Ali Maachi\u00a0\u00bb (\u00e9ditions 2020-2021) seront projet\u00e9s","og_url":"https:\/\/lasentinelle.dz\/index.php\/2021\/08\/28\/prix-du-president-de-la-republique-ali-maachi-projection-virtuelle-des-films-laureats\/","og_site_name":"La Sentinelle","article_publisher":"https:\/\/www.facebook.com\/La-Sentinelle-104059864394773","article_published_time":"2021-08-27T23:01:00+00:00","og_image":[{"width":745,"height":470,"url":"https:\/\/lasentinelle.dz\/wp-content\/uploads\/2021\/08\/image_2021-08-27_153115.png","type":"image\/png"}],"author":"La Sentinelle","twitter_card":"summary_large_image","twitter_misc":{"\u00c9crit par":"La Sentinelle","Dur\u00e9e de lecture estim\u00e9e":"1 minute"},"schema":{"@context":"https:\/\/schema.org","@graph":[{"@type":"Article","@id":"https:\/\/lasentinelle.dz\/index.php\/2021\/08\/28\/prix-du-president-de-la-republique-ali-maachi-projection-virtuelle-des-films-laureats\/#article","isPartOf":{"@id":"https:\/\/lasentinelle.dz\/index.php\/2021\/08\/28\/prix-du-president-de-la-republique-ali-maachi-projection-virtuelle-des-films-laureats\/"},"author":{"name":"La Sentinelle","@id":"https:\/\/lasentinelle.dz\/#\/schema\/person\/d865044e22e70a75174ce8bcad3acfb3"},"headline":"Prix du pr\u00e9sident de la R\u00e9publique \u00ab\u00a0Ali Maachi\u00a0\u00bb : Projection virtuelle des films laur\u00e9ats","datePublished":"2021-08-27T23:01:00+00:00","mainEntityOfPage":{"@id":"https:\/\/lasentinelle.dz\/index.php\/2021\/08\/28\/prix-du-president-de-la-republique-ali-maachi-projection-virtuelle-des-films-laureats\/"},"wordCount":246,"commentCount":0,"publisher":{"@id":"https:\/\/lasentinelle.dz\/#organization"},"image":{"@id":"https:\/\/lasentinelle.dz\/index.php\/2021\/08\/28\/prix-du-president-de-la-republique-ali-maachi-projection-virtuelle-des-films-laureats\/#primaryimage"},"thumbnailUrl":"https:\/\/lasentinelle.dz\/wp-content\/uploads\/2021\/08\/image_2021-08-27_153115.png","articleSection":["Culture"],"inLanguage":"fr-FR","potentialAction":[{"@type":"CommentAction","name":"Comment","target":["https:\/\/lasentinelle.dz\/index.php\/2021\/08\/28\/prix-du-president-de-la-republique-ali-maachi-projection-virtuelle-des-films-laureats\/#respond"]}]},{"@type":"WebPage","@id":"https:\/\/lasentinelle.dz\/index.php\/2021\/08\/28\/prix-du-president-de-la-republique-ali-maachi-projection-virtuelle-des-films-laureats\/","url":"https:\/\/lasentinelle.dz\/index.php\/2021\/08\/28\/prix-du-president-de-la-republique-ali-maachi-projection-virtuelle-des-films-laureats\/","name":"Prix du pr\u00e9sident de la R\u00e9publique \"Ali Maachi\" : Projection virtuelle des films laur\u00e9ats - La Sentinelle","isPartOf":{"@id":"https:\/\/lasentinelle.dz\/#website"},"primaryImageOfPage":{"@id":"https:\/\/lasentinelle.dz\/index.php\/2021\/08\/28\/prix-du-president-de-la-republique-ali-maachi-projection-virtuelle-des-films-laureats\/#primaryimage"},"image":{"@id":"https:\/\/lasentinelle.dz\/index.php\/2021\/08\/28\/prix-du-president-de-la-republique-ali-maachi-projection-virtuelle-des-films-laureats\/#primaryimage"},"thumbnailUrl":"https:\/\/lasentinelle.dz\/wp-content\/uploads\/2021\/08\/image_2021-08-27_153115.png","datePublished":"2021-08-27T23:01:00+00:00","breadcrumb":{"@id":"https:\/\/lasentinelle.dz\/index.php\/2021\/08\/28\/prix-du-president-de-la-republique-ali-maachi-projection-virtuelle-des-films-laureats\/#breadcrumb"},"inLanguage":"fr-FR","potentialAction":[{"@type":"ReadAction","target":["https:\/\/lasentinelle.dz\/index.php\/2021\/08\/28\/prix-du-president-de-la-republique-ali-maachi-projection-virtuelle-des-films-laureats\/"]}]},{"@type":"ImageObject","inLanguage":"fr-FR","@id":"https:\/\/lasentinelle.dz\/index.php\/2021\/08\/28\/prix-du-president-de-la-republique-ali-maachi-projection-virtuelle-des-films-laureats\/#primaryimage","url":"https:\/\/lasentinelle.dz\/wp-content\/uploads\/2021\/08\/image_2021-08-27_153115.png","contentUrl":"https:\/\/lasentinelle.dz\/wp-content\/uploads\/2021\/08\/image_2021-08-27_153115.png","width":745,"height":470},{"@type":"BreadcrumbList","@id":"https:\/\/lasentinelle.dz\/index.php\/2021\/08\/28\/prix-du-president-de-la-republique-ali-maachi-projection-virtuelle-des-films-laureats\/#breadcrumb","itemListElement":[{"@type":"ListItem","position":1,"name":"Accueil","item":"https:\/\/lasentinelle.dz\/"},{"@type":"ListItem","position":2,"name":"Prix du pr\u00e9sident de la R\u00e9publique \u00ab\u00a0Ali Maachi\u00a0\u00bb : Projection virtuelle des films laur\u00e9ats"}]},{"@type":"WebSite","@id":"https:\/\/lasentinelle.dz\/#website","url":"https:\/\/lasentinelle.dz\/","name":"La Sentinelle","description":"Quotidien national d&#039;information","publisher":{"@id":"https:\/\/lasentinelle.dz\/#organization"},"potentialAction":[{"@type":"SearchAction","target":{"@type":"EntryPoint","urlTemplate":"https:\/\/lasentinelle.dz\/?s={search_term_string}"},"query-input":{"@type":"PropertyValueSpecification","valueRequired":true,"valueName":"search_term_string"}}],"inLanguage":"fr-FR"},{"@type":"Organization","@id":"https:\/\/lasentinelle.dz\/#organization","name":"Quotidien La Sentinelle","url":"https:\/\/lasentinelle.dz\/","logo":{"@type":"ImageObject","inLanguage":"fr-FR","@id":"https:\/\/lasentinelle.dz\/#\/schema\/logo\/image\/","url":"https:\/\/lasentinelle.dz\/wp-content\/uploads\/2021\/09\/logo-sentinelleSLOGAN-1.png","contentUrl":"https:\/\/lasentinelle.dz\/wp-content\/uploads\/2021\/09\/logo-sentinelleSLOGAN-1.png","width":615,"height":142,"caption":"Quotidien La Sentinelle"},"image":{"@id":"https:\/\/lasentinelle.dz\/#\/schema\/logo\/image\/"},"sameAs":["https:\/\/www.facebook.com\/La-Sentinelle-104059864394773"]},{"@type":"Person","@id":"https:\/\/lasentinelle.dz\/#\/schema\/person\/d865044e22e70a75174ce8bcad3acfb3","name":"La Sentinelle","image":{"@type":"ImageObject","inLanguage":"fr-FR","@id":"https:\/\/secure.gravatar.com\/avatar\/57de8e5d4b15d43fb361a71fbb36338450fe67865b528a43dd10ef7c51a20392?s=96&d=mm&r=g","url":"https:\/\/secure.gravatar.com\/avatar\/57de8e5d4b15d43fb361a71fbb36338450fe67865b528a43dd10ef7c51a20392?s=96&d=mm&r=g","contentUrl":"https:\/\/secure.gravatar.com\/avatar\/57de8e5d4b15d43fb361a71fbb36338450fe67865b528a43dd10ef7c51a20392?s=96&d=mm&r=g","caption":"La Sentinelle"},"sameAs":["http:\/\/www.lasentinelle.dz"],"url":"https:\/\/lasentinelle.dz\/author\/redaction\/"}]}},"_links":{"self":[{"href":"https:\/\/lasentinelle.dz\/index.php\/wp-json\/wp\/v2\/posts\/5508","targetHints":{"allow":["GET"]}}],"collection":[{"href":"https:\/\/lasentinelle.dz\/index.php\/wp-json\/wp\/v2\/posts"}],"about":[{"href":"https:\/\/lasentinelle.dz\/index.php\/wp-json\/wp\/v2\/types\/post"}],"author":[{"embeddable":true,"href":"https:\/\/lasentinelle.dz\/index.php\/wp-json\/wp\/v2\/users\/3"}],"replies":[{"embeddable":true,"href":"https:\/\/lasentinelle.dz\/index.php\/wp-json\/wp\/v2\/comments?post=5508"}],"version-history":[{"count":1,"href":"https:\/\/lasentinelle.dz\/index.php\/wp-json\/wp\/v2\/posts\/5508\/revisions"}],"predecessor-version":[{"id":5514,"href":"https:\/\/lasentinelle.dz\/index.php\/wp-json\/wp\/v2\/posts\/5508\/revisions\/5514"}],"wp:featuredmedia":[{"embeddable":true,"href":"https:\/\/lasentinelle.dz\/index.php\/wp-json\/wp\/v2\/media\/5513"}],"wp:attachment":[{"href":"https:\/\/lasentinelle.dz\/index.php\/wp-json\/wp\/v2\/media?parent=5508"}],"wp:term":[{"taxonomy":"category","embeddable":true,"href":"https:\/\/lasentinelle.dz\/index.php\/wp-json\/wp\/v2\/categories?post=5508"},{"taxonomy":"post_tag","embeddable":true,"href":"https:\/\/lasentinelle.dz\/index.php\/wp-json\/wp\/v2\/tags?post=5508"}],"curies":[{"name":"wp","href":"https:\/\/api.w.org\/{rel}","templated":true}]}}