{"id":55091,"date":"2024-07-31T13:33:20","date_gmt":"2024-07-31T12:33:20","guid":{"rendered":"https:\/\/lasentinelle.dz\/?p=55091"},"modified":"2024-07-31T13:33:21","modified_gmt":"2024-07-31T12:33:21","slug":"incident-au-complexe-gl1z-darzew-sonatrach-rassure","status":"publish","type":"post","link":"https:\/\/lasentinelle.dz\/index.php\/2024\/07\/31\/incident-au-complexe-gl1z-darzew-sonatrach-rassure\/","title":{"rendered":"Incident au complexe GL1Z d&rsquo;Arzew : Sonatrach rassure"},"content":{"rendered":"\n<p>Dans la nuit du dimanche 30 au lundi 31 juillet, un incident s&rsquo;est produit au complexe de liqu\u00e9faction de gaz (GL1Z) d&rsquo;Arzew, lequel a \u00e9t\u00e9 parfaitement g\u00e9r\u00e9 par Sonatrach. L&rsquo;entreprise nationale des hydrocarbures a rapidement communiqu\u00e9 sur l&rsquo;\u00e9v\u00e9nement, assurant que la situation \u00e9tait sous contr\u00f4le et que les capacit\u00e9s de production n&rsquo;\u00e9taient pas affect\u00e9es. Cet incident survenu \u00e0 01h25 au niveau de l&rsquo;une des six chaudi\u00e8res du complexe GL1Z d&rsquo;Arzew \u00ab\u00a0a endommag\u00e9 cette chaudi\u00e8re et a caus\u00e9 des br\u00fblures aux membres sup\u00e9rieurs d&rsquo;un agent du complexe, \u00e9vacu\u00e9 vers l&rsquo;h\u00f4pital d&rsquo;Oran et dont l&rsquo;\u00e9tat est jug\u00e9 stable\u00a0\u00bb, a indiqu\u00e9 un communiqu\u00e9 de la Sonatrach. L&rsquo;incident s&rsquo;est produit \u00ab\u00a0lors du d\u00e9marrage apr\u00e8s d\u00e9clenchement caus\u00e9 par une coupure d&rsquo;\u00e9nergie \u00e9lectrique\u00a0\u00bb, ajoute Sonatrach qui affirme que \u00ab\u00a0gr\u00e2ce \u00e0 l&rsquo;intervention des \u00e9quipes de maintenance et d&rsquo;inspection, la ma\u00eetrise de l&rsquo;incident a \u00e9t\u00e9 rapide et la reprise du fonctionnement du complexe a \u00e9t\u00e9 entam\u00e9e \u00e0 partir de lundi 13h00 et ce, par l&rsquo;utilisation des cinq autres chaudi\u00e8res disponibles\u00a0\u00bb.<\/p>\n\n\n\n<p>Face \u00e0 cette situation, les \u00e9quipes de maintenance et d&rsquo;inspection de Sonatrach ont fait preuve d&rsquo;une grande r\u00e9activit\u00e9. Leur intervention rapide a permis de ma\u00eetriser l&rsquo;incident et d&rsquo;\u00e9viter toute propagation ou complication suppl\u00e9mentaire. Cette efficacit\u00e9 dans la gestion de crise t\u00e9moigne de la pr\u00e9paration et du professionnalisme des \u00e9quipes sur site.<\/p>\n\n\n\n<p>Un point crucial soulign\u00e9 par Sonatrach est l&rsquo;absence d&rsquo;impact sur les capacit\u00e9s de production du complexe GL1Z. En effet, l&rsquo;usine dispose de six chaudi\u00e8res au total, ce qui offre une redondance appr\u00e9ciable en cas de d\u00e9faillance de l&rsquo;une d&rsquo;entre elles. Ainsi, d\u00e8s 13h00 le lundi, soit moins de 12 heures apr\u00e8s l&rsquo;incident, le complexe a pu reprendre ses activit\u00e9s en utilisant les cinq autres chaudi\u00e8res disponibles.<\/p>\n\n\n\n<p>Cette reprise rapide des op\u00e9rations souligne la robustesse des installations de Sonatrach et sa capacit\u00e9 \u00e0 maintenir la continuit\u00e9 de la production m\u00eame en cas d&rsquo;impr\u00e9vus. Cet incident au complexe GL1Z d&rsquo;Arzew a \u00e9t\u00e9 g\u00e9r\u00e9 de mani\u00e8re efficace par Sonatrach. La transparence de l&rsquo;entreprise dans sa communication et sa capacit\u00e9 \u00e0 maintenir la production d\u00e9montrent la r\u00e9silience du secteur \u00e9nerg\u00e9tique face aux d\u00e9fis op\u00e9rationnels, un atout crucial dans un contexte \u00e9nerg\u00e9tique mondial en constante \u00e9volution.<\/p>\n\n\n\n<p>Samir Benisid<\/p>\n","protected":false},"excerpt":{"rendered":"<p>Dans la nuit du dimanche 30 au lundi 31 juillet, un incident s&rsquo;est produit au complexe de liqu\u00e9faction de gaz<\/p>\n","protected":false},"author":3,"featured_media":33165,"comment_status":"open","ping_status":"closed","sticky":false,"template":"","format":"standard","meta":{"colormag_page_container_layout":"default_layout","colormag_page_sidebar_layout":"default_layout","om_disable_all_campaigns":false,"_monsterinsights_skip_tracking":false,"_monsterinsights_sitenote_active":false,"_monsterinsights_sitenote_note":"","_monsterinsights_sitenote_category":0,"footnotes":"","_wpscppro_dont_share_socialmedia":false,"_wpscppro_custom_social_share_image":0,"_facebook_share_type":"default","_twitter_share_type":"default","_linkedin_share_type":"default","_pinterest_share_type":"default","_linkedin_share_type_page":"","_instagram_share_type":"default","_medium_share_type":"","_threads_share_type":"","_google_business_share_type":"","_selected_social_profile":[],"_wpsp_enable_custom_social_template":false,"_wpsp_social_scheduling":{"enabled":false,"datetime":null,"platforms":[],"status":"template_only","dateOption":"today","timeOption":"now","customDays":"","customHours":"","customDate":"","customTime":"","schedulingType":"absolute"},"_wpsp_active_default_template":true},"categories":[29],"tags":[],"class_list":["post-55091","post","type-post","status-publish","format-standard","has-post-thumbnail","hentry","category-economie"],"aioseo_notices":[],"yoast_head":"<!-- This site is optimized with the Yoast SEO plugin v27.5 - https:\/\/yoast.com\/product\/yoast-seo-wordpress\/ -->\n<title>Incident au complexe GL1Z d&rsquo;Arzew : Sonatrach rassure - La Sentinelle<\/title>\n<meta name=\"robots\" content=\"index, follow, max-snippet:-1, max-image-preview:large, max-video-preview:-1\" \/>\n<link rel=\"canonical\" href=\"https:\/\/lasentinelle.dz\/index.php\/2024\/07\/31\/incident-au-complexe-gl1z-darzew-sonatrach-rassure\/\" \/>\n<meta property=\"og:locale\" content=\"fr_FR\" \/>\n<meta property=\"og:type\" content=\"article\" \/>\n<meta property=\"og:title\" content=\"Incident au complexe GL1Z d&rsquo;Arzew : Sonatrach rassure - La Sentinelle\" \/>\n<meta property=\"og:description\" content=\"Dans la nuit du dimanche 30 au lundi 31 juillet, un incident s&rsquo;est produit au complexe de liqu\u00e9faction de gaz\" \/>\n<meta property=\"og:url\" content=\"https:\/\/lasentinelle.dz\/index.php\/2024\/07\/31\/incident-au-complexe-gl1z-darzew-sonatrach-rassure\/\" \/>\n<meta property=\"og:site_name\" content=\"La Sentinelle\" \/>\n<meta property=\"article:publisher\" content=\"https:\/\/www.facebook.com\/La-Sentinelle-104059864394773\" \/>\n<meta property=\"article:published_time\" content=\"2024-07-31T12:33:20+00:00\" \/>\n<meta property=\"article:modified_time\" content=\"2024-07-31T12:33:21+00:00\" \/>\n<meta property=\"og:image\" content=\"https:\/\/lasentinelle.dz\/wp-content\/uploads\/2022\/12\/Sonatrach-1.png\" \/>\n\t<meta property=\"og:image:width\" content=\"1349\" \/>\n\t<meta property=\"og:image:height\" content=\"900\" \/>\n\t<meta property=\"og:image:type\" content=\"image\/png\" \/>\n<meta name=\"author\" content=\"La Sentinelle\" \/>\n<meta name=\"twitter:card\" content=\"summary_large_image\" \/>\n<meta name=\"twitter:label1\" content=\"\u00c9crit par\" \/>\n\t<meta name=\"twitter:data1\" content=\"La Sentinelle\" \/>\n\t<meta name=\"twitter:label2\" content=\"Dur\u00e9e de lecture estim\u00e9e\" \/>\n\t<meta name=\"twitter:data2\" content=\"3 minutes\" \/>\n<script type=\"application\/ld+json\" class=\"yoast-schema-graph\">{\"@context\":\"https:\\\/\\\/schema.org\",\"@graph\":[{\"@type\":\"Article\",\"@id\":\"https:\\\/\\\/lasentinelle.dz\\\/index.php\\\/2024\\\/07\\\/31\\\/incident-au-complexe-gl1z-darzew-sonatrach-rassure\\\/#article\",\"isPartOf\":{\"@id\":\"https:\\\/\\\/lasentinelle.dz\\\/index.php\\\/2024\\\/07\\\/31\\\/incident-au-complexe-gl1z-darzew-sonatrach-rassure\\\/\"},\"author\":{\"name\":\"La Sentinelle\",\"@id\":\"https:\\\/\\\/lasentinelle.dz\\\/#\\\/schema\\\/person\\\/d865044e22e70a75174ce8bcad3acfb3\"},\"headline\":\"Incident au complexe GL1Z d&rsquo;Arzew : Sonatrach rassure\",\"datePublished\":\"2024-07-31T12:33:20+00:00\",\"dateModified\":\"2024-07-31T12:33:21+00:00\",\"mainEntityOfPage\":{\"@id\":\"https:\\\/\\\/lasentinelle.dz\\\/index.php\\\/2024\\\/07\\\/31\\\/incident-au-complexe-gl1z-darzew-sonatrach-rassure\\\/\"},\"wordCount\":434,\"commentCount\":0,\"publisher\":{\"@id\":\"https:\\\/\\\/lasentinelle.dz\\\/#organization\"},\"image\":{\"@id\":\"https:\\\/\\\/lasentinelle.dz\\\/index.php\\\/2024\\\/07\\\/31\\\/incident-au-complexe-gl1z-darzew-sonatrach-rassure\\\/#primaryimage\"},\"thumbnailUrl\":\"https:\\\/\\\/lasentinelle.dz\\\/wp-content\\\/uploads\\\/2022\\\/12\\\/Sonatrach-1.png\",\"articleSection\":[\"\u00c9conomie\"],\"inLanguage\":\"fr-FR\",\"potentialAction\":[{\"@type\":\"CommentAction\",\"name\":\"Comment\",\"target\":[\"https:\\\/\\\/lasentinelle.dz\\\/index.php\\\/2024\\\/07\\\/31\\\/incident-au-complexe-gl1z-darzew-sonatrach-rassure\\\/#respond\"]}]},{\"@type\":\"WebPage\",\"@id\":\"https:\\\/\\\/lasentinelle.dz\\\/index.php\\\/2024\\\/07\\\/31\\\/incident-au-complexe-gl1z-darzew-sonatrach-rassure\\\/\",\"url\":\"https:\\\/\\\/lasentinelle.dz\\\/index.php\\\/2024\\\/07\\\/31\\\/incident-au-complexe-gl1z-darzew-sonatrach-rassure\\\/\",\"name\":\"Incident au complexe GL1Z d&rsquo;Arzew : Sonatrach rassure - La Sentinelle\",\"isPartOf\":{\"@id\":\"https:\\\/\\\/lasentinelle.dz\\\/#website\"},\"primaryImageOfPage\":{\"@id\":\"https:\\\/\\\/lasentinelle.dz\\\/index.php\\\/2024\\\/07\\\/31\\\/incident-au-complexe-gl1z-darzew-sonatrach-rassure\\\/#primaryimage\"},\"image\":{\"@id\":\"https:\\\/\\\/lasentinelle.dz\\\/index.php\\\/2024\\\/07\\\/31\\\/incident-au-complexe-gl1z-darzew-sonatrach-rassure\\\/#primaryimage\"},\"thumbnailUrl\":\"https:\\\/\\\/lasentinelle.dz\\\/wp-content\\\/uploads\\\/2022\\\/12\\\/Sonatrach-1.png\",\"datePublished\":\"2024-07-31T12:33:20+00:00\",\"dateModified\":\"2024-07-31T12:33:21+00:00\",\"breadcrumb\":{\"@id\":\"https:\\\/\\\/lasentinelle.dz\\\/index.php\\\/2024\\\/07\\\/31\\\/incident-au-complexe-gl1z-darzew-sonatrach-rassure\\\/#breadcrumb\"},\"inLanguage\":\"fr-FR\",\"potentialAction\":[{\"@type\":\"ReadAction\",\"target\":[\"https:\\\/\\\/lasentinelle.dz\\\/index.php\\\/2024\\\/07\\\/31\\\/incident-au-complexe-gl1z-darzew-sonatrach-rassure\\\/\"]}]},{\"@type\":\"ImageObject\",\"inLanguage\":\"fr-FR\",\"@id\":\"https:\\\/\\\/lasentinelle.dz\\\/index.php\\\/2024\\\/07\\\/31\\\/incident-au-complexe-gl1z-darzew-sonatrach-rassure\\\/#primaryimage\",\"url\":\"https:\\\/\\\/lasentinelle.dz\\\/wp-content\\\/uploads\\\/2022\\\/12\\\/Sonatrach-1.png\",\"contentUrl\":\"https:\\\/\\\/lasentinelle.dz\\\/wp-content\\\/uploads\\\/2022\\\/12\\\/Sonatrach-1.png\",\"width\":1349,\"height\":900},{\"@type\":\"BreadcrumbList\",\"@id\":\"https:\\\/\\\/lasentinelle.dz\\\/index.php\\\/2024\\\/07\\\/31\\\/incident-au-complexe-gl1z-darzew-sonatrach-rassure\\\/#breadcrumb\",\"itemListElement\":[{\"@type\":\"ListItem\",\"position\":1,\"name\":\"Accueil\",\"item\":\"https:\\\/\\\/lasentinelle.dz\\\/\"},{\"@type\":\"ListItem\",\"position\":2,\"name\":\"Incident au complexe GL1Z d&rsquo;Arzew : Sonatrach rassure\"}]},{\"@type\":\"WebSite\",\"@id\":\"https:\\\/\\\/lasentinelle.dz\\\/#website\",\"url\":\"https:\\\/\\\/lasentinelle.dz\\\/\",\"name\":\"La Sentinelle\",\"description\":\"Quotidien national d&#039;information\",\"publisher\":{\"@id\":\"https:\\\/\\\/lasentinelle.dz\\\/#organization\"},\"potentialAction\":[{\"@type\":\"SearchAction\",\"target\":{\"@type\":\"EntryPoint\",\"urlTemplate\":\"https:\\\/\\\/lasentinelle.dz\\\/?s={search_term_string}\"},\"query-input\":{\"@type\":\"PropertyValueSpecification\",\"valueRequired\":true,\"valueName\":\"search_term_string\"}}],\"inLanguage\":\"fr-FR\"},{\"@type\":\"Organization\",\"@id\":\"https:\\\/\\\/lasentinelle.dz\\\/#organization\",\"name\":\"Quotidien La Sentinelle\",\"url\":\"https:\\\/\\\/lasentinelle.dz\\\/\",\"logo\":{\"@type\":\"ImageObject\",\"inLanguage\":\"fr-FR\",\"@id\":\"https:\\\/\\\/lasentinelle.dz\\\/#\\\/schema\\\/logo\\\/image\\\/\",\"url\":\"https:\\\/\\\/lasentinelle.dz\\\/wp-content\\\/uploads\\\/2021\\\/09\\\/logo-sentinelleSLOGAN-1.png\",\"contentUrl\":\"https:\\\/\\\/lasentinelle.dz\\\/wp-content\\\/uploads\\\/2021\\\/09\\\/logo-sentinelleSLOGAN-1.png\",\"width\":615,\"height\":142,\"caption\":\"Quotidien La Sentinelle\"},\"image\":{\"@id\":\"https:\\\/\\\/lasentinelle.dz\\\/#\\\/schema\\\/logo\\\/image\\\/\"},\"sameAs\":[\"https:\\\/\\\/www.facebook.com\\\/La-Sentinelle-104059864394773\"]},{\"@type\":\"Person\",\"@id\":\"https:\\\/\\\/lasentinelle.dz\\\/#\\\/schema\\\/person\\\/d865044e22e70a75174ce8bcad3acfb3\",\"name\":\"La Sentinelle\",\"image\":{\"@type\":\"ImageObject\",\"inLanguage\":\"fr-FR\",\"@id\":\"https:\\\/\\\/secure.gravatar.com\\\/avatar\\\/57de8e5d4b15d43fb361a71fbb36338450fe67865b528a43dd10ef7c51a20392?s=96&d=mm&r=g\",\"url\":\"https:\\\/\\\/secure.gravatar.com\\\/avatar\\\/57de8e5d4b15d43fb361a71fbb36338450fe67865b528a43dd10ef7c51a20392?s=96&d=mm&r=g\",\"contentUrl\":\"https:\\\/\\\/secure.gravatar.com\\\/avatar\\\/57de8e5d4b15d43fb361a71fbb36338450fe67865b528a43dd10ef7c51a20392?s=96&d=mm&r=g\",\"caption\":\"La Sentinelle\"},\"sameAs\":[\"http:\\\/\\\/www.lasentinelle.dz\"],\"url\":\"https:\\\/\\\/lasentinelle.dz\\\/author\\\/redaction\\\/\"}]}<\/script>\n<!-- \/ Yoast SEO plugin. -->","yoast_head_json":{"title":"Incident au complexe GL1Z d&rsquo;Arzew : Sonatrach rassure - La Sentinelle","robots":{"index":"index","follow":"follow","max-snippet":"max-snippet:-1","max-image-preview":"max-image-preview:large","max-video-preview":"max-video-preview:-1"},"canonical":"https:\/\/lasentinelle.dz\/index.php\/2024\/07\/31\/incident-au-complexe-gl1z-darzew-sonatrach-rassure\/","og_locale":"fr_FR","og_type":"article","og_title":"Incident au complexe GL1Z d&rsquo;Arzew : Sonatrach rassure - La Sentinelle","og_description":"Dans la nuit du dimanche 30 au lundi 31 juillet, un incident s&rsquo;est produit au complexe de liqu\u00e9faction de gaz","og_url":"https:\/\/lasentinelle.dz\/index.php\/2024\/07\/31\/incident-au-complexe-gl1z-darzew-sonatrach-rassure\/","og_site_name":"La Sentinelle","article_publisher":"https:\/\/www.facebook.com\/La-Sentinelle-104059864394773","article_published_time":"2024-07-31T12:33:20+00:00","article_modified_time":"2024-07-31T12:33:21+00:00","og_image":[{"width":1349,"height":900,"url":"https:\/\/lasentinelle.dz\/wp-content\/uploads\/2022\/12\/Sonatrach-1.png","type":"image\/png"}],"author":"La Sentinelle","twitter_card":"summary_large_image","twitter_misc":{"\u00c9crit par":"La Sentinelle","Dur\u00e9e de lecture estim\u00e9e":"3 minutes"},"schema":{"@context":"https:\/\/schema.org","@graph":[{"@type":"Article","@id":"https:\/\/lasentinelle.dz\/index.php\/2024\/07\/31\/incident-au-complexe-gl1z-darzew-sonatrach-rassure\/#article","isPartOf":{"@id":"https:\/\/lasentinelle.dz\/index.php\/2024\/07\/31\/incident-au-complexe-gl1z-darzew-sonatrach-rassure\/"},"author":{"name":"La Sentinelle","@id":"https:\/\/lasentinelle.dz\/#\/schema\/person\/d865044e22e70a75174ce8bcad3acfb3"},"headline":"Incident au complexe GL1Z d&rsquo;Arzew : Sonatrach rassure","datePublished":"2024-07-31T12:33:20+00:00","dateModified":"2024-07-31T12:33:21+00:00","mainEntityOfPage":{"@id":"https:\/\/lasentinelle.dz\/index.php\/2024\/07\/31\/incident-au-complexe-gl1z-darzew-sonatrach-rassure\/"},"wordCount":434,"commentCount":0,"publisher":{"@id":"https:\/\/lasentinelle.dz\/#organization"},"image":{"@id":"https:\/\/lasentinelle.dz\/index.php\/2024\/07\/31\/incident-au-complexe-gl1z-darzew-sonatrach-rassure\/#primaryimage"},"thumbnailUrl":"https:\/\/lasentinelle.dz\/wp-content\/uploads\/2022\/12\/Sonatrach-1.png","articleSection":["\u00c9conomie"],"inLanguage":"fr-FR","potentialAction":[{"@type":"CommentAction","name":"Comment","target":["https:\/\/lasentinelle.dz\/index.php\/2024\/07\/31\/incident-au-complexe-gl1z-darzew-sonatrach-rassure\/#respond"]}]},{"@type":"WebPage","@id":"https:\/\/lasentinelle.dz\/index.php\/2024\/07\/31\/incident-au-complexe-gl1z-darzew-sonatrach-rassure\/","url":"https:\/\/lasentinelle.dz\/index.php\/2024\/07\/31\/incident-au-complexe-gl1z-darzew-sonatrach-rassure\/","name":"Incident au complexe GL1Z d&rsquo;Arzew : Sonatrach rassure - La Sentinelle","isPartOf":{"@id":"https:\/\/lasentinelle.dz\/#website"},"primaryImageOfPage":{"@id":"https:\/\/lasentinelle.dz\/index.php\/2024\/07\/31\/incident-au-complexe-gl1z-darzew-sonatrach-rassure\/#primaryimage"},"image":{"@id":"https:\/\/lasentinelle.dz\/index.php\/2024\/07\/31\/incident-au-complexe-gl1z-darzew-sonatrach-rassure\/#primaryimage"},"thumbnailUrl":"https:\/\/lasentinelle.dz\/wp-content\/uploads\/2022\/12\/Sonatrach-1.png","datePublished":"2024-07-31T12:33:20+00:00","dateModified":"2024-07-31T12:33:21+00:00","breadcrumb":{"@id":"https:\/\/lasentinelle.dz\/index.php\/2024\/07\/31\/incident-au-complexe-gl1z-darzew-sonatrach-rassure\/#breadcrumb"},"inLanguage":"fr-FR","potentialAction":[{"@type":"ReadAction","target":["https:\/\/lasentinelle.dz\/index.php\/2024\/07\/31\/incident-au-complexe-gl1z-darzew-sonatrach-rassure\/"]}]},{"@type":"ImageObject","inLanguage":"fr-FR","@id":"https:\/\/lasentinelle.dz\/index.php\/2024\/07\/31\/incident-au-complexe-gl1z-darzew-sonatrach-rassure\/#primaryimage","url":"https:\/\/lasentinelle.dz\/wp-content\/uploads\/2022\/12\/Sonatrach-1.png","contentUrl":"https:\/\/lasentinelle.dz\/wp-content\/uploads\/2022\/12\/Sonatrach-1.png","width":1349,"height":900},{"@type":"BreadcrumbList","@id":"https:\/\/lasentinelle.dz\/index.php\/2024\/07\/31\/incident-au-complexe-gl1z-darzew-sonatrach-rassure\/#breadcrumb","itemListElement":[{"@type":"ListItem","position":1,"name":"Accueil","item":"https:\/\/lasentinelle.dz\/"},{"@type":"ListItem","position":2,"name":"Incident au complexe GL1Z d&rsquo;Arzew : Sonatrach rassure"}]},{"@type":"WebSite","@id":"https:\/\/lasentinelle.dz\/#website","url":"https:\/\/lasentinelle.dz\/","name":"La Sentinelle","description":"Quotidien national d&#039;information","publisher":{"@id":"https:\/\/lasentinelle.dz\/#organization"},"potentialAction":[{"@type":"SearchAction","target":{"@type":"EntryPoint","urlTemplate":"https:\/\/lasentinelle.dz\/?s={search_term_string}"},"query-input":{"@type":"PropertyValueSpecification","valueRequired":true,"valueName":"search_term_string"}}],"inLanguage":"fr-FR"},{"@type":"Organization","@id":"https:\/\/lasentinelle.dz\/#organization","name":"Quotidien La Sentinelle","url":"https:\/\/lasentinelle.dz\/","logo":{"@type":"ImageObject","inLanguage":"fr-FR","@id":"https:\/\/lasentinelle.dz\/#\/schema\/logo\/image\/","url":"https:\/\/lasentinelle.dz\/wp-content\/uploads\/2021\/09\/logo-sentinelleSLOGAN-1.png","contentUrl":"https:\/\/lasentinelle.dz\/wp-content\/uploads\/2021\/09\/logo-sentinelleSLOGAN-1.png","width":615,"height":142,"caption":"Quotidien La Sentinelle"},"image":{"@id":"https:\/\/lasentinelle.dz\/#\/schema\/logo\/image\/"},"sameAs":["https:\/\/www.facebook.com\/La-Sentinelle-104059864394773"]},{"@type":"Person","@id":"https:\/\/lasentinelle.dz\/#\/schema\/person\/d865044e22e70a75174ce8bcad3acfb3","name":"La Sentinelle","image":{"@type":"ImageObject","inLanguage":"fr-FR","@id":"https:\/\/secure.gravatar.com\/avatar\/57de8e5d4b15d43fb361a71fbb36338450fe67865b528a43dd10ef7c51a20392?s=96&d=mm&r=g","url":"https:\/\/secure.gravatar.com\/avatar\/57de8e5d4b15d43fb361a71fbb36338450fe67865b528a43dd10ef7c51a20392?s=96&d=mm&r=g","contentUrl":"https:\/\/secure.gravatar.com\/avatar\/57de8e5d4b15d43fb361a71fbb36338450fe67865b528a43dd10ef7c51a20392?s=96&d=mm&r=g","caption":"La Sentinelle"},"sameAs":["http:\/\/www.lasentinelle.dz"],"url":"https:\/\/lasentinelle.dz\/author\/redaction\/"}]}},"_links":{"self":[{"href":"https:\/\/lasentinelle.dz\/index.php\/wp-json\/wp\/v2\/posts\/55091","targetHints":{"allow":["GET"]}}],"collection":[{"href":"https:\/\/lasentinelle.dz\/index.php\/wp-json\/wp\/v2\/posts"}],"about":[{"href":"https:\/\/lasentinelle.dz\/index.php\/wp-json\/wp\/v2\/types\/post"}],"author":[{"embeddable":true,"href":"https:\/\/lasentinelle.dz\/index.php\/wp-json\/wp\/v2\/users\/3"}],"replies":[{"embeddable":true,"href":"https:\/\/lasentinelle.dz\/index.php\/wp-json\/wp\/v2\/comments?post=55091"}],"version-history":[{"count":2,"href":"https:\/\/lasentinelle.dz\/index.php\/wp-json\/wp\/v2\/posts\/55091\/revisions"}],"predecessor-version":[{"id":55093,"href":"https:\/\/lasentinelle.dz\/index.php\/wp-json\/wp\/v2\/posts\/55091\/revisions\/55093"}],"wp:featuredmedia":[{"embeddable":true,"href":"https:\/\/lasentinelle.dz\/index.php\/wp-json\/wp\/v2\/media\/33165"}],"wp:attachment":[{"href":"https:\/\/lasentinelle.dz\/index.php\/wp-json\/wp\/v2\/media?parent=55091"}],"wp:term":[{"taxonomy":"category","embeddable":true,"href":"https:\/\/lasentinelle.dz\/index.php\/wp-json\/wp\/v2\/categories?post=55091"},{"taxonomy":"post_tag","embeddable":true,"href":"https:\/\/lasentinelle.dz\/index.php\/wp-json\/wp\/v2\/tags?post=55091"}],"curies":[{"name":"wp","href":"https:\/\/api.w.org\/{rel}","templated":true}]}}