{"id":55094,"date":"2024-07-31T13:37:06","date_gmt":"2024-07-31T12:37:06","guid":{"rendered":"https:\/\/lasentinelle.dz\/?p=55094"},"modified":"2024-07-31T13:37:08","modified_gmt":"2024-07-31T12:37:08","slug":"ligue-1-mobilis-le-crb-intensifie-sa-preparation-en-turquie","status":"publish","type":"post","link":"https:\/\/lasentinelle.dz\/index.php\/2024\/07\/31\/ligue-1-mobilis-le-crb-intensifie-sa-preparation-en-turquie\/","title":{"rendered":"Ligue 1-Mobilis: Le CRB intensifie sa pr\u00e9paration en Turquie"},"content":{"rendered":"\n<p>Le CR Belouizdad, vice-champion d&rsquo;Alg\u00e9rie en titre et vainqueur de la derni\u00e8re Coupe d&rsquo;Alg\u00e9rie, intensifie sa pr\u00e9paration en vue de la saison 2024-2025 de la Ligue 1 Mobilis. Le club alg\u00e9rois a entam\u00e9 vendredi dernier un stage crucial \u00e0 Kartepe, en Turquie, \u00e0 environ 118 kilom\u00e8tres d&rsquo;Istanbul. Ce stage repr\u00e9sente l&rsquo;avant-derni\u00e8re phase de pr\u00e9paration du CRB avant le coup d&rsquo;envoi de la nouvelle saison, pr\u00e9vu mi-septembre. L&rsquo;\u00e9quipe a pris ses quartiers au centre Green Park Kartepe, o\u00f9 elle alterne entre s\u00e9ances d&rsquo;entra\u00eenement et matchs amicaux. Le programme des rencontres amicales vient d&rsquo;\u00eatre d\u00e9voil\u00e9 par le club. Trois matchs sont pr\u00e9vus contre des \u00e9quipes asiatiques, soit le 30 juillet contre le SC Dibba Al-Hisn (\u00c9mirats arabes unis), le 3 ao\u00fbt face au Mes Refsanjan (Iran) et le 8 ao\u00fbt contre le SC Al Khaldiya (Bahre\u00efn). Ces matchs permettront au nouvel entra\u00eeneur, le Fran\u00e7ais Corentin Martins, d&rsquo;\u00e9valuer son effectif et de peaufiner ses strat\u00e9gies. Martins, qui a succ\u00e9d\u00e9 au Br\u00e9silien Marcos Paqueta, a clairement affich\u00e9 ses ambitions : \u00ab\u00a0gagner le plus de titres possible\u00a0\u00bb et \u00ab\u00a0r\u00e9cup\u00e9rer le titre de champion d&rsquo;Alg\u00e9rie\u00a0\u00bb perdu la saison derni\u00e8re au profit du MC Alger.<\/p>\n\n\n\n<p>Le technicien fran\u00e7ais est conscient des d\u00e9fis qui l&rsquo;attendent, notamment une concurrence accrue en championnat et la participation \u00e0 la Ligue des champions d&rsquo;Afrique pour la cinqui\u00e8me fois cons\u00e9cutive. Pour cette derni\u00e8re comp\u00e9tition, Martins vise une qualification en phase de groupes comme objectif minimal.<\/p>\n\n\n\n<p>Sur le plan du recrutement, le CRB a d\u00e9j\u00e0 enregistr\u00e9 l&rsquo;arriv\u00e9e de cinq nouvelles recrues. Ces renforts visent \u00e0 consolider un effectif d\u00e9j\u00e0 de qualit\u00e9, comme l&rsquo;a soulign\u00e9 Martins, qui a affirm\u00e9 avoir \u00e9t\u00e9 s\u00e9duit par le projet du club. Le CRB aborde cette nouvelle saison avec de grandes ambitions, tant sur le plan national qu&rsquo;international. Apr\u00e8s avoir termin\u00e9 la saison pr\u00e9c\u00e9dente \u00e0 la deuxi\u00e8me place du championnat avec 53 points, derri\u00e8re le MC Alger (65 points), le club de La\u00e2qiba est d\u00e9termin\u00e9 \u00e0 reconqu\u00e9rir son tr\u00f4ne. La pr\u00e9paration en Turquie est donc cruciale pour jeter les bases d&rsquo;une saison qui s&rsquo;annonce intense. Avec la Ligue 1, la d\u00e9fense de son titre en Coupe d&rsquo;Alg\u00e9rie et la Ligue des champions d&rsquo;Afrique au programme, le CR Belouizdad devra \u00eatre pr\u00eat sur tous les fronts. Le premier d\u00e9fi continental approche \u00e0 grands pas, avec le premier tour pr\u00e9liminaire de la Ligue des champions pr\u00e9vu les 16 et 17 ao\u00fbt. Ce sera un test pr\u00e9coce pour Corentin Martins et ses hommes, qui devront rapidement trouver leurs marques pour r\u00e9pondre aux attentes \u00e9lev\u00e9es plac\u00e9es en eux.<\/p>\n\n\n\n<p>R.S.<\/p>\n","protected":false},"excerpt":{"rendered":"<p>Le CR Belouizdad, vice-champion d&rsquo;Alg\u00e9rie en titre et vainqueur de la derni\u00e8re Coupe d&rsquo;Alg\u00e9rie, intensifie sa pr\u00e9paration en vue de<\/p>\n","protected":false},"author":3,"featured_media":55095,"comment_status":"open","ping_status":"closed","sticky":false,"template":"","format":"standard","meta":{"colormag_page_container_layout":"default_layout","colormag_page_sidebar_layout":"default_layout","om_disable_all_campaigns":false,"_monsterinsights_skip_tracking":false,"_monsterinsights_sitenote_active":false,"_monsterinsights_sitenote_note":"","_monsterinsights_sitenote_category":0,"footnotes":"","_wpscppro_dont_share_socialmedia":false,"_wpscppro_custom_social_share_image":0,"_facebook_share_type":"default","_twitter_share_type":"default","_linkedin_share_type":"default","_pinterest_share_type":"default","_linkedin_share_type_page":"","_instagram_share_type":"default","_medium_share_type":"","_threads_share_type":"","_google_business_share_type":"","_selected_social_profile":[],"_wpsp_enable_custom_social_template":false,"_wpsp_social_scheduling":{"enabled":false,"datetime":null,"platforms":[],"status":"template_only","dateOption":"today","timeOption":"now","customDays":"","customHours":"","customDate":"","customTime":"","schedulingType":"absolute"},"_wpsp_active_default_template":true},"categories":[33],"tags":[],"class_list":["post-55094","post","type-post","status-publish","format-standard","has-post-thumbnail","hentry","category-sports"],"aioseo_notices":[],"yoast_head":"<!-- This site is optimized with the Yoast SEO plugin v27.5 - https:\/\/yoast.com\/product\/yoast-seo-wordpress\/ -->\n<title>Ligue 1-Mobilis: Le CRB intensifie sa pr\u00e9paration en Turquie - La Sentinelle<\/title>\n<meta name=\"robots\" content=\"index, follow, max-snippet:-1, max-image-preview:large, max-video-preview:-1\" \/>\n<link rel=\"canonical\" href=\"https:\/\/lasentinelle.dz\/index.php\/2024\/07\/31\/ligue-1-mobilis-le-crb-intensifie-sa-preparation-en-turquie\/\" \/>\n<meta property=\"og:locale\" content=\"fr_FR\" \/>\n<meta property=\"og:type\" content=\"article\" \/>\n<meta property=\"og:title\" content=\"Ligue 1-Mobilis: Le CRB intensifie sa pr\u00e9paration en Turquie - La Sentinelle\" \/>\n<meta property=\"og:description\" content=\"Le CR Belouizdad, vice-champion d&rsquo;Alg\u00e9rie en titre et vainqueur de la derni\u00e8re Coupe d&rsquo;Alg\u00e9rie, intensifie sa pr\u00e9paration en vue de\" \/>\n<meta property=\"og:url\" content=\"https:\/\/lasentinelle.dz\/index.php\/2024\/07\/31\/ligue-1-mobilis-le-crb-intensifie-sa-preparation-en-turquie\/\" \/>\n<meta property=\"og:site_name\" content=\"La Sentinelle\" \/>\n<meta property=\"article:publisher\" content=\"https:\/\/www.facebook.com\/La-Sentinelle-104059864394773\" \/>\n<meta property=\"article:published_time\" content=\"2024-07-31T12:37:06+00:00\" \/>\n<meta property=\"article:modified_time\" content=\"2024-07-31T12:37:08+00:00\" \/>\n<meta property=\"og:image\" content=\"https:\/\/lasentinelle.dz\/wp-content\/uploads\/2024\/07\/CRB.jpg\" \/>\n\t<meta property=\"og:image:width\" content=\"2048\" \/>\n\t<meta property=\"og:image:height\" content=\"1366\" \/>\n\t<meta property=\"og:image:type\" content=\"image\/jpeg\" \/>\n<meta name=\"author\" content=\"La Sentinelle\" \/>\n<meta name=\"twitter:card\" content=\"summary_large_image\" \/>\n<meta name=\"twitter:label1\" content=\"\u00c9crit par\" \/>\n\t<meta name=\"twitter:data1\" content=\"La Sentinelle\" \/>\n\t<meta name=\"twitter:label2\" content=\"Dur\u00e9e de lecture estim\u00e9e\" \/>\n\t<meta name=\"twitter:data2\" content=\"3 minutes\" \/>\n<script type=\"application\/ld+json\" class=\"yoast-schema-graph\">{\"@context\":\"https:\\\/\\\/schema.org\",\"@graph\":[{\"@type\":\"Article\",\"@id\":\"https:\\\/\\\/lasentinelle.dz\\\/index.php\\\/2024\\\/07\\\/31\\\/ligue-1-mobilis-le-crb-intensifie-sa-preparation-en-turquie\\\/#article\",\"isPartOf\":{\"@id\":\"https:\\\/\\\/lasentinelle.dz\\\/index.php\\\/2024\\\/07\\\/31\\\/ligue-1-mobilis-le-crb-intensifie-sa-preparation-en-turquie\\\/\"},\"author\":{\"name\":\"La Sentinelle\",\"@id\":\"https:\\\/\\\/lasentinelle.dz\\\/#\\\/schema\\\/person\\\/d865044e22e70a75174ce8bcad3acfb3\"},\"headline\":\"Ligue 1-Mobilis: Le CRB intensifie sa pr\u00e9paration en Turquie\",\"datePublished\":\"2024-07-31T12:37:06+00:00\",\"dateModified\":\"2024-07-31T12:37:08+00:00\",\"mainEntityOfPage\":{\"@id\":\"https:\\\/\\\/lasentinelle.dz\\\/index.php\\\/2024\\\/07\\\/31\\\/ligue-1-mobilis-le-crb-intensifie-sa-preparation-en-turquie\\\/\"},\"wordCount\":484,\"commentCount\":0,\"publisher\":{\"@id\":\"https:\\\/\\\/lasentinelle.dz\\\/#organization\"},\"image\":{\"@id\":\"https:\\\/\\\/lasentinelle.dz\\\/index.php\\\/2024\\\/07\\\/31\\\/ligue-1-mobilis-le-crb-intensifie-sa-preparation-en-turquie\\\/#primaryimage\"},\"thumbnailUrl\":\"https:\\\/\\\/lasentinelle.dz\\\/wp-content\\\/uploads\\\/2024\\\/07\\\/CRB.jpg\",\"articleSection\":[\"Sports\"],\"inLanguage\":\"fr-FR\",\"potentialAction\":[{\"@type\":\"CommentAction\",\"name\":\"Comment\",\"target\":[\"https:\\\/\\\/lasentinelle.dz\\\/index.php\\\/2024\\\/07\\\/31\\\/ligue-1-mobilis-le-crb-intensifie-sa-preparation-en-turquie\\\/#respond\"]}]},{\"@type\":\"WebPage\",\"@id\":\"https:\\\/\\\/lasentinelle.dz\\\/index.php\\\/2024\\\/07\\\/31\\\/ligue-1-mobilis-le-crb-intensifie-sa-preparation-en-turquie\\\/\",\"url\":\"https:\\\/\\\/lasentinelle.dz\\\/index.php\\\/2024\\\/07\\\/31\\\/ligue-1-mobilis-le-crb-intensifie-sa-preparation-en-turquie\\\/\",\"name\":\"Ligue 1-Mobilis: Le CRB intensifie sa pr\u00e9paration en Turquie - La Sentinelle\",\"isPartOf\":{\"@id\":\"https:\\\/\\\/lasentinelle.dz\\\/#website\"},\"primaryImageOfPage\":{\"@id\":\"https:\\\/\\\/lasentinelle.dz\\\/index.php\\\/2024\\\/07\\\/31\\\/ligue-1-mobilis-le-crb-intensifie-sa-preparation-en-turquie\\\/#primaryimage\"},\"image\":{\"@id\":\"https:\\\/\\\/lasentinelle.dz\\\/index.php\\\/2024\\\/07\\\/31\\\/ligue-1-mobilis-le-crb-intensifie-sa-preparation-en-turquie\\\/#primaryimage\"},\"thumbnailUrl\":\"https:\\\/\\\/lasentinelle.dz\\\/wp-content\\\/uploads\\\/2024\\\/07\\\/CRB.jpg\",\"datePublished\":\"2024-07-31T12:37:06+00:00\",\"dateModified\":\"2024-07-31T12:37:08+00:00\",\"breadcrumb\":{\"@id\":\"https:\\\/\\\/lasentinelle.dz\\\/index.php\\\/2024\\\/07\\\/31\\\/ligue-1-mobilis-le-crb-intensifie-sa-preparation-en-turquie\\\/#breadcrumb\"},\"inLanguage\":\"fr-FR\",\"potentialAction\":[{\"@type\":\"ReadAction\",\"target\":[\"https:\\\/\\\/lasentinelle.dz\\\/index.php\\\/2024\\\/07\\\/31\\\/ligue-1-mobilis-le-crb-intensifie-sa-preparation-en-turquie\\\/\"]}]},{\"@type\":\"ImageObject\",\"inLanguage\":\"fr-FR\",\"@id\":\"https:\\\/\\\/lasentinelle.dz\\\/index.php\\\/2024\\\/07\\\/31\\\/ligue-1-mobilis-le-crb-intensifie-sa-preparation-en-turquie\\\/#primaryimage\",\"url\":\"https:\\\/\\\/lasentinelle.dz\\\/wp-content\\\/uploads\\\/2024\\\/07\\\/CRB.jpg\",\"contentUrl\":\"https:\\\/\\\/lasentinelle.dz\\\/wp-content\\\/uploads\\\/2024\\\/07\\\/CRB.jpg\",\"width\":2048,\"height\":1366},{\"@type\":\"BreadcrumbList\",\"@id\":\"https:\\\/\\\/lasentinelle.dz\\\/index.php\\\/2024\\\/07\\\/31\\\/ligue-1-mobilis-le-crb-intensifie-sa-preparation-en-turquie\\\/#breadcrumb\",\"itemListElement\":[{\"@type\":\"ListItem\",\"position\":1,\"name\":\"Accueil\",\"item\":\"https:\\\/\\\/lasentinelle.dz\\\/\"},{\"@type\":\"ListItem\",\"position\":2,\"name\":\"Ligue 1-Mobilis: Le CRB intensifie sa pr\u00e9paration en Turquie\"}]},{\"@type\":\"WebSite\",\"@id\":\"https:\\\/\\\/lasentinelle.dz\\\/#website\",\"url\":\"https:\\\/\\\/lasentinelle.dz\\\/\",\"name\":\"La Sentinelle\",\"description\":\"Quotidien national d&#039;information\",\"publisher\":{\"@id\":\"https:\\\/\\\/lasentinelle.dz\\\/#organization\"},\"potentialAction\":[{\"@type\":\"SearchAction\",\"target\":{\"@type\":\"EntryPoint\",\"urlTemplate\":\"https:\\\/\\\/lasentinelle.dz\\\/?s={search_term_string}\"},\"query-input\":{\"@type\":\"PropertyValueSpecification\",\"valueRequired\":true,\"valueName\":\"search_term_string\"}}],\"inLanguage\":\"fr-FR\"},{\"@type\":\"Organization\",\"@id\":\"https:\\\/\\\/lasentinelle.dz\\\/#organization\",\"name\":\"Quotidien La Sentinelle\",\"url\":\"https:\\\/\\\/lasentinelle.dz\\\/\",\"logo\":{\"@type\":\"ImageObject\",\"inLanguage\":\"fr-FR\",\"@id\":\"https:\\\/\\\/lasentinelle.dz\\\/#\\\/schema\\\/logo\\\/image\\\/\",\"url\":\"https:\\\/\\\/lasentinelle.dz\\\/wp-content\\\/uploads\\\/2021\\\/09\\\/logo-sentinelleSLOGAN-1.png\",\"contentUrl\":\"https:\\\/\\\/lasentinelle.dz\\\/wp-content\\\/uploads\\\/2021\\\/09\\\/logo-sentinelleSLOGAN-1.png\",\"width\":615,\"height\":142,\"caption\":\"Quotidien La Sentinelle\"},\"image\":{\"@id\":\"https:\\\/\\\/lasentinelle.dz\\\/#\\\/schema\\\/logo\\\/image\\\/\"},\"sameAs\":[\"https:\\\/\\\/www.facebook.com\\\/La-Sentinelle-104059864394773\"]},{\"@type\":\"Person\",\"@id\":\"https:\\\/\\\/lasentinelle.dz\\\/#\\\/schema\\\/person\\\/d865044e22e70a75174ce8bcad3acfb3\",\"name\":\"La Sentinelle\",\"image\":{\"@type\":\"ImageObject\",\"inLanguage\":\"fr-FR\",\"@id\":\"https:\\\/\\\/secure.gravatar.com\\\/avatar\\\/57de8e5d4b15d43fb361a71fbb36338450fe67865b528a43dd10ef7c51a20392?s=96&d=mm&r=g\",\"url\":\"https:\\\/\\\/secure.gravatar.com\\\/avatar\\\/57de8e5d4b15d43fb361a71fbb36338450fe67865b528a43dd10ef7c51a20392?s=96&d=mm&r=g\",\"contentUrl\":\"https:\\\/\\\/secure.gravatar.com\\\/avatar\\\/57de8e5d4b15d43fb361a71fbb36338450fe67865b528a43dd10ef7c51a20392?s=96&d=mm&r=g\",\"caption\":\"La Sentinelle\"},\"sameAs\":[\"http:\\\/\\\/www.lasentinelle.dz\"],\"url\":\"https:\\\/\\\/lasentinelle.dz\\\/author\\\/redaction\\\/\"}]}<\/script>\n<!-- \/ Yoast SEO plugin. -->","yoast_head_json":{"title":"Ligue 1-Mobilis: Le CRB intensifie sa pr\u00e9paration en Turquie - La Sentinelle","robots":{"index":"index","follow":"follow","max-snippet":"max-snippet:-1","max-image-preview":"max-image-preview:large","max-video-preview":"max-video-preview:-1"},"canonical":"https:\/\/lasentinelle.dz\/index.php\/2024\/07\/31\/ligue-1-mobilis-le-crb-intensifie-sa-preparation-en-turquie\/","og_locale":"fr_FR","og_type":"article","og_title":"Ligue 1-Mobilis: Le CRB intensifie sa pr\u00e9paration en Turquie - La Sentinelle","og_description":"Le CR Belouizdad, vice-champion d&rsquo;Alg\u00e9rie en titre et vainqueur de la derni\u00e8re Coupe d&rsquo;Alg\u00e9rie, intensifie sa pr\u00e9paration en vue de","og_url":"https:\/\/lasentinelle.dz\/index.php\/2024\/07\/31\/ligue-1-mobilis-le-crb-intensifie-sa-preparation-en-turquie\/","og_site_name":"La Sentinelle","article_publisher":"https:\/\/www.facebook.com\/La-Sentinelle-104059864394773","article_published_time":"2024-07-31T12:37:06+00:00","article_modified_time":"2024-07-31T12:37:08+00:00","og_image":[{"width":2048,"height":1366,"url":"https:\/\/lasentinelle.dz\/wp-content\/uploads\/2024\/07\/CRB.jpg","type":"image\/jpeg"}],"author":"La Sentinelle","twitter_card":"summary_large_image","twitter_misc":{"\u00c9crit par":"La Sentinelle","Dur\u00e9e de lecture estim\u00e9e":"3 minutes"},"schema":{"@context":"https:\/\/schema.org","@graph":[{"@type":"Article","@id":"https:\/\/lasentinelle.dz\/index.php\/2024\/07\/31\/ligue-1-mobilis-le-crb-intensifie-sa-preparation-en-turquie\/#article","isPartOf":{"@id":"https:\/\/lasentinelle.dz\/index.php\/2024\/07\/31\/ligue-1-mobilis-le-crb-intensifie-sa-preparation-en-turquie\/"},"author":{"name":"La Sentinelle","@id":"https:\/\/lasentinelle.dz\/#\/schema\/person\/d865044e22e70a75174ce8bcad3acfb3"},"headline":"Ligue 1-Mobilis: Le CRB intensifie sa pr\u00e9paration en Turquie","datePublished":"2024-07-31T12:37:06+00:00","dateModified":"2024-07-31T12:37:08+00:00","mainEntityOfPage":{"@id":"https:\/\/lasentinelle.dz\/index.php\/2024\/07\/31\/ligue-1-mobilis-le-crb-intensifie-sa-preparation-en-turquie\/"},"wordCount":484,"commentCount":0,"publisher":{"@id":"https:\/\/lasentinelle.dz\/#organization"},"image":{"@id":"https:\/\/lasentinelle.dz\/index.php\/2024\/07\/31\/ligue-1-mobilis-le-crb-intensifie-sa-preparation-en-turquie\/#primaryimage"},"thumbnailUrl":"https:\/\/lasentinelle.dz\/wp-content\/uploads\/2024\/07\/CRB.jpg","articleSection":["Sports"],"inLanguage":"fr-FR","potentialAction":[{"@type":"CommentAction","name":"Comment","target":["https:\/\/lasentinelle.dz\/index.php\/2024\/07\/31\/ligue-1-mobilis-le-crb-intensifie-sa-preparation-en-turquie\/#respond"]}]},{"@type":"WebPage","@id":"https:\/\/lasentinelle.dz\/index.php\/2024\/07\/31\/ligue-1-mobilis-le-crb-intensifie-sa-preparation-en-turquie\/","url":"https:\/\/lasentinelle.dz\/index.php\/2024\/07\/31\/ligue-1-mobilis-le-crb-intensifie-sa-preparation-en-turquie\/","name":"Ligue 1-Mobilis: Le CRB intensifie sa pr\u00e9paration en Turquie - La Sentinelle","isPartOf":{"@id":"https:\/\/lasentinelle.dz\/#website"},"primaryImageOfPage":{"@id":"https:\/\/lasentinelle.dz\/index.php\/2024\/07\/31\/ligue-1-mobilis-le-crb-intensifie-sa-preparation-en-turquie\/#primaryimage"},"image":{"@id":"https:\/\/lasentinelle.dz\/index.php\/2024\/07\/31\/ligue-1-mobilis-le-crb-intensifie-sa-preparation-en-turquie\/#primaryimage"},"thumbnailUrl":"https:\/\/lasentinelle.dz\/wp-content\/uploads\/2024\/07\/CRB.jpg","datePublished":"2024-07-31T12:37:06+00:00","dateModified":"2024-07-31T12:37:08+00:00","breadcrumb":{"@id":"https:\/\/lasentinelle.dz\/index.php\/2024\/07\/31\/ligue-1-mobilis-le-crb-intensifie-sa-preparation-en-turquie\/#breadcrumb"},"inLanguage":"fr-FR","potentialAction":[{"@type":"ReadAction","target":["https:\/\/lasentinelle.dz\/index.php\/2024\/07\/31\/ligue-1-mobilis-le-crb-intensifie-sa-preparation-en-turquie\/"]}]},{"@type":"ImageObject","inLanguage":"fr-FR","@id":"https:\/\/lasentinelle.dz\/index.php\/2024\/07\/31\/ligue-1-mobilis-le-crb-intensifie-sa-preparation-en-turquie\/#primaryimage","url":"https:\/\/lasentinelle.dz\/wp-content\/uploads\/2024\/07\/CRB.jpg","contentUrl":"https:\/\/lasentinelle.dz\/wp-content\/uploads\/2024\/07\/CRB.jpg","width":2048,"height":1366},{"@type":"BreadcrumbList","@id":"https:\/\/lasentinelle.dz\/index.php\/2024\/07\/31\/ligue-1-mobilis-le-crb-intensifie-sa-preparation-en-turquie\/#breadcrumb","itemListElement":[{"@type":"ListItem","position":1,"name":"Accueil","item":"https:\/\/lasentinelle.dz\/"},{"@type":"ListItem","position":2,"name":"Ligue 1-Mobilis: Le CRB intensifie sa pr\u00e9paration en Turquie"}]},{"@type":"WebSite","@id":"https:\/\/lasentinelle.dz\/#website","url":"https:\/\/lasentinelle.dz\/","name":"La Sentinelle","description":"Quotidien national d&#039;information","publisher":{"@id":"https:\/\/lasentinelle.dz\/#organization"},"potentialAction":[{"@type":"SearchAction","target":{"@type":"EntryPoint","urlTemplate":"https:\/\/lasentinelle.dz\/?s={search_term_string}"},"query-input":{"@type":"PropertyValueSpecification","valueRequired":true,"valueName":"search_term_string"}}],"inLanguage":"fr-FR"},{"@type":"Organization","@id":"https:\/\/lasentinelle.dz\/#organization","name":"Quotidien La Sentinelle","url":"https:\/\/lasentinelle.dz\/","logo":{"@type":"ImageObject","inLanguage":"fr-FR","@id":"https:\/\/lasentinelle.dz\/#\/schema\/logo\/image\/","url":"https:\/\/lasentinelle.dz\/wp-content\/uploads\/2021\/09\/logo-sentinelleSLOGAN-1.png","contentUrl":"https:\/\/lasentinelle.dz\/wp-content\/uploads\/2021\/09\/logo-sentinelleSLOGAN-1.png","width":615,"height":142,"caption":"Quotidien La Sentinelle"},"image":{"@id":"https:\/\/lasentinelle.dz\/#\/schema\/logo\/image\/"},"sameAs":["https:\/\/www.facebook.com\/La-Sentinelle-104059864394773"]},{"@type":"Person","@id":"https:\/\/lasentinelle.dz\/#\/schema\/person\/d865044e22e70a75174ce8bcad3acfb3","name":"La Sentinelle","image":{"@type":"ImageObject","inLanguage":"fr-FR","@id":"https:\/\/secure.gravatar.com\/avatar\/57de8e5d4b15d43fb361a71fbb36338450fe67865b528a43dd10ef7c51a20392?s=96&d=mm&r=g","url":"https:\/\/secure.gravatar.com\/avatar\/57de8e5d4b15d43fb361a71fbb36338450fe67865b528a43dd10ef7c51a20392?s=96&d=mm&r=g","contentUrl":"https:\/\/secure.gravatar.com\/avatar\/57de8e5d4b15d43fb361a71fbb36338450fe67865b528a43dd10ef7c51a20392?s=96&d=mm&r=g","caption":"La Sentinelle"},"sameAs":["http:\/\/www.lasentinelle.dz"],"url":"https:\/\/lasentinelle.dz\/author\/redaction\/"}]}},"_links":{"self":[{"href":"https:\/\/lasentinelle.dz\/index.php\/wp-json\/wp\/v2\/posts\/55094","targetHints":{"allow":["GET"]}}],"collection":[{"href":"https:\/\/lasentinelle.dz\/index.php\/wp-json\/wp\/v2\/posts"}],"about":[{"href":"https:\/\/lasentinelle.dz\/index.php\/wp-json\/wp\/v2\/types\/post"}],"author":[{"embeddable":true,"href":"https:\/\/lasentinelle.dz\/index.php\/wp-json\/wp\/v2\/users\/3"}],"replies":[{"embeddable":true,"href":"https:\/\/lasentinelle.dz\/index.php\/wp-json\/wp\/v2\/comments?post=55094"}],"version-history":[{"count":1,"href":"https:\/\/lasentinelle.dz\/index.php\/wp-json\/wp\/v2\/posts\/55094\/revisions"}],"predecessor-version":[{"id":55096,"href":"https:\/\/lasentinelle.dz\/index.php\/wp-json\/wp\/v2\/posts\/55094\/revisions\/55096"}],"wp:featuredmedia":[{"embeddable":true,"href":"https:\/\/lasentinelle.dz\/index.php\/wp-json\/wp\/v2\/media\/55095"}],"wp:attachment":[{"href":"https:\/\/lasentinelle.dz\/index.php\/wp-json\/wp\/v2\/media?parent=55094"}],"wp:term":[{"taxonomy":"category","embeddable":true,"href":"https:\/\/lasentinelle.dz\/index.php\/wp-json\/wp\/v2\/categories?post=55094"},{"taxonomy":"post_tag","embeddable":true,"href":"https:\/\/lasentinelle.dz\/index.php\/wp-json\/wp\/v2\/tags?post=55094"}],"curies":[{"name":"wp","href":"https:\/\/api.w.org\/{rel}","templated":true}]}}