{"id":55121,"date":"2024-07-31T14:01:06","date_gmt":"2024-07-31T13:01:06","guid":{"rendered":"https:\/\/lasentinelle.dz\/?p=55121"},"modified":"2024-07-31T14:01:06","modified_gmt":"2024-07-31T13:01:06","slug":"ahmed-attaf-recoit-mohammed-shtayyeh-lalgerie-reaffirme-son-soutien-indefectible-a-la-cause-palestinienne","status":"publish","type":"post","link":"https:\/\/lasentinelle.dz\/index.php\/2024\/07\/31\/ahmed-attaf-recoit-mohammed-shtayyeh-lalgerie-reaffirme-son-soutien-indefectible-a-la-cause-palestinienne\/","title":{"rendered":"Ahmed Attaf re\u00e7oit Mohammed Shtayyeh: L&rsquo;Alg\u00e9rie r\u00e9affirme son soutien ind\u00e9fectible \u00e0 la cause palestinienne"},"content":{"rendered":"\n<p>L&rsquo;Alg\u00e9rie a une nouvelle fois d\u00e9montr\u00e9 son engagement in\u00e9branlable envers la cause palestinienne lors de la visite de Mohammed Shtayyeh, ancien Premier ministre palestinien et actuel pr\u00e9sident du Conseil d&rsquo;administration du Centre de recherche palestinien. Cette visite de travail a \u00e9t\u00e9 marqu\u00e9e par des entretiens de haut niveau avec les responsables alg\u00e9riens, soulignant l&rsquo;importance que l&rsquo;Alg\u00e9rie accorde \u00e0 la question palestinienne.<\/p>\n\n\n\n<p>Le ministre des Affaires \u00e9trang\u00e8res et de la Communaut\u00e9 nationale \u00e0 l&rsquo;\u00e9tranger, Ahmed Attaf, a re\u00e7u M. Shtayyeh au si\u00e8ge du minist\u00e8re. Leur entretien s&rsquo;est concentr\u00e9 sur les d\u00e9veloppements r\u00e9cents dans les territoires palestiniens occup\u00e9s, notamment la situation dramatique \u00e0 Ghaza, qui subit une agression g\u00e9nocidaire sioniste depuis 298 jours. Les deux responsables ont examin\u00e9 les moyens de mobiliser davantage la communaut\u00e9 internationale pour mettre fin \u00e0 cette agression et am\u00e9liorer la situation humanitaire catastrophique dans la bande de Ghaza.<\/p>\n\n\n\n<p>Un point crucial de leurs discussions a port\u00e9 sur les actions futures \u00e0 entreprendre au niveau du Conseil de s\u00e9curit\u00e9 et d&rsquo;autres organes des Nations unies. Ils ont particuli\u00e8rement \u00e9voqu\u00e9 l&rsquo;exploitation de l&rsquo;avis consultatif historique rendu par la Cour internationale de justice (CIJ) le 19 juillet 2024, qui fournit des arguments juridiques solides en faveur de la cause palestinienne.<\/p>\n\n\n\n<p>Parall\u00e8lement, le pr\u00e9sident du Conseil de la nation, Salah Goudjil, a \u00e9galement re\u00e7u Mohammed Shtayyeh. Lors de cette rencontre, M. Goudjil a fermement condamn\u00e9 les \u00ab\u00a0massacres odieux\u00a0\u00bb perp\u00e9tr\u00e9s par l&rsquo;entit\u00e9 sioniste contre les Palestiniens, d\u00e9non\u00e7ant le silence de la communaut\u00e9 internationale face \u00e0 ces actes. &nbsp;A cette occasion, M Goudjil a salu\u00e9 \u00ab la fermet\u00e9 du peuple palestinien et ses sacrifices \u00bb, soulignant \u00ab son droit l\u00e9gitime \u00e0 la r\u00e9sistance et r\u00e9it\u00e9rant la position de l&rsquo;Alg\u00e9rie en toutes circonstances, et soutient son droit inali\u00e9nable \u00e0 l&rsquo;\u00e9tablissement d&rsquo;un Etat ind\u00e9pendant avec Al-Qods comme capitale \u00bb.<\/p>\n\n\n\n<p>Ces entretiens interviennent dans un contexte particuli\u00e8rement tendu, alors que la situation \u00e0 Ghaza et en Cisjordanie continue de se d\u00e9t\u00e9riorer. L&rsquo;Alg\u00e9rie, fid\u00e8le \u00e0 sa position historique, maintient la question palestinienne au premier plan de l&rsquo;agenda international.<\/p>\n\n\n\n<p>R.N.<\/p>\n","protected":false},"excerpt":{"rendered":"<p>L&rsquo;Alg\u00e9rie a une nouvelle fois d\u00e9montr\u00e9 son engagement in\u00e9branlable envers la cause palestinienne lors de la visite de Mohammed Shtayyeh,<\/p>\n","protected":false},"author":2,"featured_media":55122,"comment_status":"open","ping_status":"closed","sticky":false,"template":"","format":"standard","meta":{"colormag_page_container_layout":"default_layout","colormag_page_sidebar_layout":"default_layout","om_disable_all_campaigns":false,"_monsterinsights_skip_tracking":false,"_monsterinsights_sitenote_active":false,"_monsterinsights_sitenote_note":"","_monsterinsights_sitenote_category":0,"footnotes":"","_wpscppro_dont_share_socialmedia":false,"_wpscppro_custom_social_share_image":0,"_facebook_share_type":"default","_twitter_share_type":"default","_linkedin_share_type":"default","_pinterest_share_type":"default","_linkedin_share_type_page":"","_instagram_share_type":"default","_medium_share_type":"","_threads_share_type":"","_google_business_share_type":"","_selected_social_profile":[],"_wpsp_enable_custom_social_template":false,"_wpsp_social_scheduling":{"enabled":false,"datetime":null,"platforms":[],"status":"template_only","dateOption":"today","timeOption":"now","customDays":"","customHours":"","customDate":"","customTime":"","schedulingType":"absolute"},"_wpsp_active_default_template":true},"categories":[27],"tags":[],"class_list":["post-55121","post","type-post","status-publish","format-standard","has-post-thumbnail","hentry","category-actualite"],"aioseo_notices":[],"yoast_head":"<!-- This site is optimized with the Yoast SEO plugin v27.5 - https:\/\/yoast.com\/product\/yoast-seo-wordpress\/ -->\n<title>Ahmed Attaf re\u00e7oit Mohammed Shtayyeh: L&rsquo;Alg\u00e9rie r\u00e9affirme son soutien ind\u00e9fectible \u00e0 la cause palestinienne - La Sentinelle<\/title>\n<meta name=\"robots\" content=\"index, follow, max-snippet:-1, max-image-preview:large, max-video-preview:-1\" \/>\n<link rel=\"canonical\" href=\"https:\/\/lasentinelle.dz\/index.php\/2024\/07\/31\/ahmed-attaf-recoit-mohammed-shtayyeh-lalgerie-reaffirme-son-soutien-indefectible-a-la-cause-palestinienne\/\" \/>\n<meta property=\"og:locale\" content=\"fr_FR\" \/>\n<meta property=\"og:type\" content=\"article\" \/>\n<meta property=\"og:title\" content=\"Ahmed Attaf re\u00e7oit Mohammed Shtayyeh: L&rsquo;Alg\u00e9rie r\u00e9affirme son soutien ind\u00e9fectible \u00e0 la cause palestinienne - La Sentinelle\" \/>\n<meta property=\"og:description\" content=\"L&rsquo;Alg\u00e9rie a une nouvelle fois d\u00e9montr\u00e9 son engagement in\u00e9branlable envers la cause palestinienne lors de la visite de Mohammed Shtayyeh,\" \/>\n<meta property=\"og:url\" content=\"https:\/\/lasentinelle.dz\/index.php\/2024\/07\/31\/ahmed-attaf-recoit-mohammed-shtayyeh-lalgerie-reaffirme-son-soutien-indefectible-a-la-cause-palestinienne\/\" \/>\n<meta property=\"og:site_name\" content=\"La Sentinelle\" \/>\n<meta property=\"article:publisher\" content=\"https:\/\/www.facebook.com\/La-Sentinelle-104059864394773\" \/>\n<meta property=\"article:published_time\" content=\"2024-07-31T13:01:06+00:00\" \/>\n<meta property=\"og:image\" content=\"https:\/\/lasentinelle.dz\/wp-content\/uploads\/2024\/07\/Capture-decran-2024-07-31-a-14.00.33.png\" \/>\n\t<meta property=\"og:image:width\" content=\"1198\" \/>\n\t<meta property=\"og:image:height\" content=\"674\" \/>\n\t<meta property=\"og:image:type\" content=\"image\/png\" \/>\n<meta name=\"author\" content=\"Azzedine Belferag\" \/>\n<meta name=\"twitter:card\" content=\"summary_large_image\" \/>\n<meta name=\"twitter:label1\" content=\"\u00c9crit par\" \/>\n\t<meta name=\"twitter:data1\" content=\"Azzedine Belferag\" \/>\n\t<meta name=\"twitter:label2\" content=\"Dur\u00e9e de lecture estim\u00e9e\" \/>\n\t<meta name=\"twitter:data2\" content=\"2 minutes\" \/>\n<script type=\"application\/ld+json\" class=\"yoast-schema-graph\">{\"@context\":\"https:\\\/\\\/schema.org\",\"@graph\":[{\"@type\":\"Article\",\"@id\":\"https:\\\/\\\/lasentinelle.dz\\\/index.php\\\/2024\\\/07\\\/31\\\/ahmed-attaf-recoit-mohammed-shtayyeh-lalgerie-reaffirme-son-soutien-indefectible-a-la-cause-palestinienne\\\/#article\",\"isPartOf\":{\"@id\":\"https:\\\/\\\/lasentinelle.dz\\\/index.php\\\/2024\\\/07\\\/31\\\/ahmed-attaf-recoit-mohammed-shtayyeh-lalgerie-reaffirme-son-soutien-indefectible-a-la-cause-palestinienne\\\/\"},\"author\":{\"name\":\"Azzedine Belferag\",\"@id\":\"https:\\\/\\\/lasentinelle.dz\\\/#\\\/schema\\\/person\\\/e22c868643946ece5f328ac9d185b29f\"},\"headline\":\"Ahmed Attaf re\u00e7oit Mohammed Shtayyeh: L&rsquo;Alg\u00e9rie r\u00e9affirme son soutien ind\u00e9fectible \u00e0 la cause palestinienne\",\"datePublished\":\"2024-07-31T13:01:06+00:00\",\"mainEntityOfPage\":{\"@id\":\"https:\\\/\\\/lasentinelle.dz\\\/index.php\\\/2024\\\/07\\\/31\\\/ahmed-attaf-recoit-mohammed-shtayyeh-lalgerie-reaffirme-son-soutien-indefectible-a-la-cause-palestinienne\\\/\"},\"wordCount\":388,\"commentCount\":0,\"publisher\":{\"@id\":\"https:\\\/\\\/lasentinelle.dz\\\/#organization\"},\"image\":{\"@id\":\"https:\\\/\\\/lasentinelle.dz\\\/index.php\\\/2024\\\/07\\\/31\\\/ahmed-attaf-recoit-mohammed-shtayyeh-lalgerie-reaffirme-son-soutien-indefectible-a-la-cause-palestinienne\\\/#primaryimage\"},\"thumbnailUrl\":\"https:\\\/\\\/lasentinelle.dz\\\/wp-content\\\/uploads\\\/2024\\\/07\\\/Capture-decran-2024-07-31-a-14.00.33.png\",\"articleSection\":[\"Actualit\u00e9\"],\"inLanguage\":\"fr-FR\",\"potentialAction\":[{\"@type\":\"CommentAction\",\"name\":\"Comment\",\"target\":[\"https:\\\/\\\/lasentinelle.dz\\\/index.php\\\/2024\\\/07\\\/31\\\/ahmed-attaf-recoit-mohammed-shtayyeh-lalgerie-reaffirme-son-soutien-indefectible-a-la-cause-palestinienne\\\/#respond\"]}]},{\"@type\":\"WebPage\",\"@id\":\"https:\\\/\\\/lasentinelle.dz\\\/index.php\\\/2024\\\/07\\\/31\\\/ahmed-attaf-recoit-mohammed-shtayyeh-lalgerie-reaffirme-son-soutien-indefectible-a-la-cause-palestinienne\\\/\",\"url\":\"https:\\\/\\\/lasentinelle.dz\\\/index.php\\\/2024\\\/07\\\/31\\\/ahmed-attaf-recoit-mohammed-shtayyeh-lalgerie-reaffirme-son-soutien-indefectible-a-la-cause-palestinienne\\\/\",\"name\":\"Ahmed Attaf re\u00e7oit Mohammed Shtayyeh: L&rsquo;Alg\u00e9rie r\u00e9affirme son soutien ind\u00e9fectible \u00e0 la cause palestinienne - La Sentinelle\",\"isPartOf\":{\"@id\":\"https:\\\/\\\/lasentinelle.dz\\\/#website\"},\"primaryImageOfPage\":{\"@id\":\"https:\\\/\\\/lasentinelle.dz\\\/index.php\\\/2024\\\/07\\\/31\\\/ahmed-attaf-recoit-mohammed-shtayyeh-lalgerie-reaffirme-son-soutien-indefectible-a-la-cause-palestinienne\\\/#primaryimage\"},\"image\":{\"@id\":\"https:\\\/\\\/lasentinelle.dz\\\/index.php\\\/2024\\\/07\\\/31\\\/ahmed-attaf-recoit-mohammed-shtayyeh-lalgerie-reaffirme-son-soutien-indefectible-a-la-cause-palestinienne\\\/#primaryimage\"},\"thumbnailUrl\":\"https:\\\/\\\/lasentinelle.dz\\\/wp-content\\\/uploads\\\/2024\\\/07\\\/Capture-decran-2024-07-31-a-14.00.33.png\",\"datePublished\":\"2024-07-31T13:01:06+00:00\",\"breadcrumb\":{\"@id\":\"https:\\\/\\\/lasentinelle.dz\\\/index.php\\\/2024\\\/07\\\/31\\\/ahmed-attaf-recoit-mohammed-shtayyeh-lalgerie-reaffirme-son-soutien-indefectible-a-la-cause-palestinienne\\\/#breadcrumb\"},\"inLanguage\":\"fr-FR\",\"potentialAction\":[{\"@type\":\"ReadAction\",\"target\":[\"https:\\\/\\\/lasentinelle.dz\\\/index.php\\\/2024\\\/07\\\/31\\\/ahmed-attaf-recoit-mohammed-shtayyeh-lalgerie-reaffirme-son-soutien-indefectible-a-la-cause-palestinienne\\\/\"]}]},{\"@type\":\"ImageObject\",\"inLanguage\":\"fr-FR\",\"@id\":\"https:\\\/\\\/lasentinelle.dz\\\/index.php\\\/2024\\\/07\\\/31\\\/ahmed-attaf-recoit-mohammed-shtayyeh-lalgerie-reaffirme-son-soutien-indefectible-a-la-cause-palestinienne\\\/#primaryimage\",\"url\":\"https:\\\/\\\/lasentinelle.dz\\\/wp-content\\\/uploads\\\/2024\\\/07\\\/Capture-decran-2024-07-31-a-14.00.33.png\",\"contentUrl\":\"https:\\\/\\\/lasentinelle.dz\\\/wp-content\\\/uploads\\\/2024\\\/07\\\/Capture-decran-2024-07-31-a-14.00.33.png\",\"width\":1198,\"height\":674},{\"@type\":\"BreadcrumbList\",\"@id\":\"https:\\\/\\\/lasentinelle.dz\\\/index.php\\\/2024\\\/07\\\/31\\\/ahmed-attaf-recoit-mohammed-shtayyeh-lalgerie-reaffirme-son-soutien-indefectible-a-la-cause-palestinienne\\\/#breadcrumb\",\"itemListElement\":[{\"@type\":\"ListItem\",\"position\":1,\"name\":\"Accueil\",\"item\":\"https:\\\/\\\/lasentinelle.dz\\\/\"},{\"@type\":\"ListItem\",\"position\":2,\"name\":\"Ahmed Attaf re\u00e7oit Mohammed Shtayyeh: L&rsquo;Alg\u00e9rie r\u00e9affirme son soutien ind\u00e9fectible \u00e0 la cause palestinienne\"}]},{\"@type\":\"WebSite\",\"@id\":\"https:\\\/\\\/lasentinelle.dz\\\/#website\",\"url\":\"https:\\\/\\\/lasentinelle.dz\\\/\",\"name\":\"La Sentinelle\",\"description\":\"Quotidien national d&#039;information\",\"publisher\":{\"@id\":\"https:\\\/\\\/lasentinelle.dz\\\/#organization\"},\"potentialAction\":[{\"@type\":\"SearchAction\",\"target\":{\"@type\":\"EntryPoint\",\"urlTemplate\":\"https:\\\/\\\/lasentinelle.dz\\\/?s={search_term_string}\"},\"query-input\":{\"@type\":\"PropertyValueSpecification\",\"valueRequired\":true,\"valueName\":\"search_term_string\"}}],\"inLanguage\":\"fr-FR\"},{\"@type\":\"Organization\",\"@id\":\"https:\\\/\\\/lasentinelle.dz\\\/#organization\",\"name\":\"Quotidien La Sentinelle\",\"url\":\"https:\\\/\\\/lasentinelle.dz\\\/\",\"logo\":{\"@type\":\"ImageObject\",\"inLanguage\":\"fr-FR\",\"@id\":\"https:\\\/\\\/lasentinelle.dz\\\/#\\\/schema\\\/logo\\\/image\\\/\",\"url\":\"https:\\\/\\\/lasentinelle.dz\\\/wp-content\\\/uploads\\\/2021\\\/09\\\/logo-sentinelleSLOGAN-1.png\",\"contentUrl\":\"https:\\\/\\\/lasentinelle.dz\\\/wp-content\\\/uploads\\\/2021\\\/09\\\/logo-sentinelleSLOGAN-1.png\",\"width\":615,\"height\":142,\"caption\":\"Quotidien La Sentinelle\"},\"image\":{\"@id\":\"https:\\\/\\\/lasentinelle.dz\\\/#\\\/schema\\\/logo\\\/image\\\/\"},\"sameAs\":[\"https:\\\/\\\/www.facebook.com\\\/La-Sentinelle-104059864394773\"]},{\"@type\":\"Person\",\"@id\":\"https:\\\/\\\/lasentinelle.dz\\\/#\\\/schema\\\/person\\\/e22c868643946ece5f328ac9d185b29f\",\"name\":\"Azzedine Belferag\",\"image\":{\"@type\":\"ImageObject\",\"inLanguage\":\"fr-FR\",\"@id\":\"https:\\\/\\\/secure.gravatar.com\\\/avatar\\\/767ecc3bfcf23cd6d0dae1705f124feb13a88fded1daa56498e4fb3aa3fc36a1?s=96&d=mm&r=g\",\"url\":\"https:\\\/\\\/secure.gravatar.com\\\/avatar\\\/767ecc3bfcf23cd6d0dae1705f124feb13a88fded1daa56498e4fb3aa3fc36a1?s=96&d=mm&r=g\",\"contentUrl\":\"https:\\\/\\\/secure.gravatar.com\\\/avatar\\\/767ecc3bfcf23cd6d0dae1705f124feb13a88fded1daa56498e4fb3aa3fc36a1?s=96&d=mm&r=g\",\"caption\":\"Azzedine Belferag\"},\"sameAs\":[\"http:\\\/\\\/www.lasentinelle.dz\"],\"url\":\"https:\\\/\\\/lasentinelle.dz\\\/author\\\/belferag\\\/\"}]}<\/script>\n<!-- \/ Yoast SEO plugin. -->","yoast_head_json":{"title":"Ahmed Attaf re\u00e7oit Mohammed Shtayyeh: L&rsquo;Alg\u00e9rie r\u00e9affirme son soutien ind\u00e9fectible \u00e0 la cause palestinienne - La Sentinelle","robots":{"index":"index","follow":"follow","max-snippet":"max-snippet:-1","max-image-preview":"max-image-preview:large","max-video-preview":"max-video-preview:-1"},"canonical":"https:\/\/lasentinelle.dz\/index.php\/2024\/07\/31\/ahmed-attaf-recoit-mohammed-shtayyeh-lalgerie-reaffirme-son-soutien-indefectible-a-la-cause-palestinienne\/","og_locale":"fr_FR","og_type":"article","og_title":"Ahmed Attaf re\u00e7oit Mohammed Shtayyeh: L&rsquo;Alg\u00e9rie r\u00e9affirme son soutien ind\u00e9fectible \u00e0 la cause palestinienne - La Sentinelle","og_description":"L&rsquo;Alg\u00e9rie a une nouvelle fois d\u00e9montr\u00e9 son engagement in\u00e9branlable envers la cause palestinienne lors de la visite de Mohammed Shtayyeh,","og_url":"https:\/\/lasentinelle.dz\/index.php\/2024\/07\/31\/ahmed-attaf-recoit-mohammed-shtayyeh-lalgerie-reaffirme-son-soutien-indefectible-a-la-cause-palestinienne\/","og_site_name":"La Sentinelle","article_publisher":"https:\/\/www.facebook.com\/La-Sentinelle-104059864394773","article_published_time":"2024-07-31T13:01:06+00:00","og_image":[{"width":1198,"height":674,"url":"https:\/\/lasentinelle.dz\/wp-content\/uploads\/2024\/07\/Capture-decran-2024-07-31-a-14.00.33.png","type":"image\/png"}],"author":"Azzedine Belferag","twitter_card":"summary_large_image","twitter_misc":{"\u00c9crit par":"Azzedine Belferag","Dur\u00e9e de lecture estim\u00e9e":"2 minutes"},"schema":{"@context":"https:\/\/schema.org","@graph":[{"@type":"Article","@id":"https:\/\/lasentinelle.dz\/index.php\/2024\/07\/31\/ahmed-attaf-recoit-mohammed-shtayyeh-lalgerie-reaffirme-son-soutien-indefectible-a-la-cause-palestinienne\/#article","isPartOf":{"@id":"https:\/\/lasentinelle.dz\/index.php\/2024\/07\/31\/ahmed-attaf-recoit-mohammed-shtayyeh-lalgerie-reaffirme-son-soutien-indefectible-a-la-cause-palestinienne\/"},"author":{"name":"Azzedine Belferag","@id":"https:\/\/lasentinelle.dz\/#\/schema\/person\/e22c868643946ece5f328ac9d185b29f"},"headline":"Ahmed Attaf re\u00e7oit Mohammed Shtayyeh: L&rsquo;Alg\u00e9rie r\u00e9affirme son soutien ind\u00e9fectible \u00e0 la cause palestinienne","datePublished":"2024-07-31T13:01:06+00:00","mainEntityOfPage":{"@id":"https:\/\/lasentinelle.dz\/index.php\/2024\/07\/31\/ahmed-attaf-recoit-mohammed-shtayyeh-lalgerie-reaffirme-son-soutien-indefectible-a-la-cause-palestinienne\/"},"wordCount":388,"commentCount":0,"publisher":{"@id":"https:\/\/lasentinelle.dz\/#organization"},"image":{"@id":"https:\/\/lasentinelle.dz\/index.php\/2024\/07\/31\/ahmed-attaf-recoit-mohammed-shtayyeh-lalgerie-reaffirme-son-soutien-indefectible-a-la-cause-palestinienne\/#primaryimage"},"thumbnailUrl":"https:\/\/lasentinelle.dz\/wp-content\/uploads\/2024\/07\/Capture-decran-2024-07-31-a-14.00.33.png","articleSection":["Actualit\u00e9"],"inLanguage":"fr-FR","potentialAction":[{"@type":"CommentAction","name":"Comment","target":["https:\/\/lasentinelle.dz\/index.php\/2024\/07\/31\/ahmed-attaf-recoit-mohammed-shtayyeh-lalgerie-reaffirme-son-soutien-indefectible-a-la-cause-palestinienne\/#respond"]}]},{"@type":"WebPage","@id":"https:\/\/lasentinelle.dz\/index.php\/2024\/07\/31\/ahmed-attaf-recoit-mohammed-shtayyeh-lalgerie-reaffirme-son-soutien-indefectible-a-la-cause-palestinienne\/","url":"https:\/\/lasentinelle.dz\/index.php\/2024\/07\/31\/ahmed-attaf-recoit-mohammed-shtayyeh-lalgerie-reaffirme-son-soutien-indefectible-a-la-cause-palestinienne\/","name":"Ahmed Attaf re\u00e7oit Mohammed Shtayyeh: L&rsquo;Alg\u00e9rie r\u00e9affirme son soutien ind\u00e9fectible \u00e0 la cause palestinienne - La Sentinelle","isPartOf":{"@id":"https:\/\/lasentinelle.dz\/#website"},"primaryImageOfPage":{"@id":"https:\/\/lasentinelle.dz\/index.php\/2024\/07\/31\/ahmed-attaf-recoit-mohammed-shtayyeh-lalgerie-reaffirme-son-soutien-indefectible-a-la-cause-palestinienne\/#primaryimage"},"image":{"@id":"https:\/\/lasentinelle.dz\/index.php\/2024\/07\/31\/ahmed-attaf-recoit-mohammed-shtayyeh-lalgerie-reaffirme-son-soutien-indefectible-a-la-cause-palestinienne\/#primaryimage"},"thumbnailUrl":"https:\/\/lasentinelle.dz\/wp-content\/uploads\/2024\/07\/Capture-decran-2024-07-31-a-14.00.33.png","datePublished":"2024-07-31T13:01:06+00:00","breadcrumb":{"@id":"https:\/\/lasentinelle.dz\/index.php\/2024\/07\/31\/ahmed-attaf-recoit-mohammed-shtayyeh-lalgerie-reaffirme-son-soutien-indefectible-a-la-cause-palestinienne\/#breadcrumb"},"inLanguage":"fr-FR","potentialAction":[{"@type":"ReadAction","target":["https:\/\/lasentinelle.dz\/index.php\/2024\/07\/31\/ahmed-attaf-recoit-mohammed-shtayyeh-lalgerie-reaffirme-son-soutien-indefectible-a-la-cause-palestinienne\/"]}]},{"@type":"ImageObject","inLanguage":"fr-FR","@id":"https:\/\/lasentinelle.dz\/index.php\/2024\/07\/31\/ahmed-attaf-recoit-mohammed-shtayyeh-lalgerie-reaffirme-son-soutien-indefectible-a-la-cause-palestinienne\/#primaryimage","url":"https:\/\/lasentinelle.dz\/wp-content\/uploads\/2024\/07\/Capture-decran-2024-07-31-a-14.00.33.png","contentUrl":"https:\/\/lasentinelle.dz\/wp-content\/uploads\/2024\/07\/Capture-decran-2024-07-31-a-14.00.33.png","width":1198,"height":674},{"@type":"BreadcrumbList","@id":"https:\/\/lasentinelle.dz\/index.php\/2024\/07\/31\/ahmed-attaf-recoit-mohammed-shtayyeh-lalgerie-reaffirme-son-soutien-indefectible-a-la-cause-palestinienne\/#breadcrumb","itemListElement":[{"@type":"ListItem","position":1,"name":"Accueil","item":"https:\/\/lasentinelle.dz\/"},{"@type":"ListItem","position":2,"name":"Ahmed Attaf re\u00e7oit Mohammed Shtayyeh: L&rsquo;Alg\u00e9rie r\u00e9affirme son soutien ind\u00e9fectible \u00e0 la cause palestinienne"}]},{"@type":"WebSite","@id":"https:\/\/lasentinelle.dz\/#website","url":"https:\/\/lasentinelle.dz\/","name":"La Sentinelle","description":"Quotidien national d&#039;information","publisher":{"@id":"https:\/\/lasentinelle.dz\/#organization"},"potentialAction":[{"@type":"SearchAction","target":{"@type":"EntryPoint","urlTemplate":"https:\/\/lasentinelle.dz\/?s={search_term_string}"},"query-input":{"@type":"PropertyValueSpecification","valueRequired":true,"valueName":"search_term_string"}}],"inLanguage":"fr-FR"},{"@type":"Organization","@id":"https:\/\/lasentinelle.dz\/#organization","name":"Quotidien La Sentinelle","url":"https:\/\/lasentinelle.dz\/","logo":{"@type":"ImageObject","inLanguage":"fr-FR","@id":"https:\/\/lasentinelle.dz\/#\/schema\/logo\/image\/","url":"https:\/\/lasentinelle.dz\/wp-content\/uploads\/2021\/09\/logo-sentinelleSLOGAN-1.png","contentUrl":"https:\/\/lasentinelle.dz\/wp-content\/uploads\/2021\/09\/logo-sentinelleSLOGAN-1.png","width":615,"height":142,"caption":"Quotidien La Sentinelle"},"image":{"@id":"https:\/\/lasentinelle.dz\/#\/schema\/logo\/image\/"},"sameAs":["https:\/\/www.facebook.com\/La-Sentinelle-104059864394773"]},{"@type":"Person","@id":"https:\/\/lasentinelle.dz\/#\/schema\/person\/e22c868643946ece5f328ac9d185b29f","name":"Azzedine Belferag","image":{"@type":"ImageObject","inLanguage":"fr-FR","@id":"https:\/\/secure.gravatar.com\/avatar\/767ecc3bfcf23cd6d0dae1705f124feb13a88fded1daa56498e4fb3aa3fc36a1?s=96&d=mm&r=g","url":"https:\/\/secure.gravatar.com\/avatar\/767ecc3bfcf23cd6d0dae1705f124feb13a88fded1daa56498e4fb3aa3fc36a1?s=96&d=mm&r=g","contentUrl":"https:\/\/secure.gravatar.com\/avatar\/767ecc3bfcf23cd6d0dae1705f124feb13a88fded1daa56498e4fb3aa3fc36a1?s=96&d=mm&r=g","caption":"Azzedine Belferag"},"sameAs":["http:\/\/www.lasentinelle.dz"],"url":"https:\/\/lasentinelle.dz\/author\/belferag\/"}]}},"_links":{"self":[{"href":"https:\/\/lasentinelle.dz\/index.php\/wp-json\/wp\/v2\/posts\/55121","targetHints":{"allow":["GET"]}}],"collection":[{"href":"https:\/\/lasentinelle.dz\/index.php\/wp-json\/wp\/v2\/posts"}],"about":[{"href":"https:\/\/lasentinelle.dz\/index.php\/wp-json\/wp\/v2\/types\/post"}],"author":[{"embeddable":true,"href":"https:\/\/lasentinelle.dz\/index.php\/wp-json\/wp\/v2\/users\/2"}],"replies":[{"embeddable":true,"href":"https:\/\/lasentinelle.dz\/index.php\/wp-json\/wp\/v2\/comments?post=55121"}],"version-history":[{"count":2,"href":"https:\/\/lasentinelle.dz\/index.php\/wp-json\/wp\/v2\/posts\/55121\/revisions"}],"predecessor-version":[{"id":55124,"href":"https:\/\/lasentinelle.dz\/index.php\/wp-json\/wp\/v2\/posts\/55121\/revisions\/55124"}],"wp:featuredmedia":[{"embeddable":true,"href":"https:\/\/lasentinelle.dz\/index.php\/wp-json\/wp\/v2\/media\/55122"}],"wp:attachment":[{"href":"https:\/\/lasentinelle.dz\/index.php\/wp-json\/wp\/v2\/media?parent=55121"}],"wp:term":[{"taxonomy":"category","embeddable":true,"href":"https:\/\/lasentinelle.dz\/index.php\/wp-json\/wp\/v2\/categories?post=55121"},{"taxonomy":"post_tag","embeddable":true,"href":"https:\/\/lasentinelle.dz\/index.php\/wp-json\/wp\/v2\/tags?post=55121"}],"curies":[{"name":"wp","href":"https:\/\/api.w.org\/{rel}","templated":true}]}}