{"id":55125,"date":"2024-07-31T14:02:53","date_gmt":"2024-07-31T13:02:53","guid":{"rendered":"https:\/\/lasentinelle.dz\/?p=55125"},"modified":"2024-07-31T14:02:54","modified_gmt":"2024-07-31T13:02:54","slug":"nouvelles-attaques-sionistes-contre-le-liban-le-spectre-dun-conflit-regional","status":"publish","type":"post","link":"https:\/\/lasentinelle.dz\/index.php\/2024\/07\/31\/nouvelles-attaques-sionistes-contre-le-liban-le-spectre-dun-conflit-regional\/","title":{"rendered":"Nouvelles attaques sionistes contre le Liban: Le spectre d&rsquo;un conflit r\u00e9gional"},"content":{"rendered":"\n<p>L&rsquo;entit\u00e9 sioniste entretient une escalade des tensions au Proche-Orient qui atteignent un point critique notamment avec, suscitant des inqui\u00e9tudes croissantes quant \u00e0 l&rsquo;ouverture d&rsquo;un nouveau front de guerre qui pourrait embraser toute la r\u00e9gion. Les derni\u00e8res frappes de l&rsquo;occupation isra\u00e9lienne en p\u00e9riph\u00e9rie de Beyrouth et dans le sud du Liban marquent une dangereuse escalade, largement per\u00e7ue comme le r\u00e9sultat de la strat\u00e9gie personnelle du Premier ministre de l&rsquo;entit\u00e9 sioniste Benjamin Netanyahu.<\/p>\n\n\n\n<p>Mardi soir, une frappe isra\u00e9lienne en banlieue sud de Beyrouth a fait une victime et sept bless\u00e9s, selon des sources s\u00e9curitaires libanaises. Cette attaque s&rsquo;inscrit dans une s\u00e9rie de bombardements intensifs visant plusieurs villes du sud du Liban, notamment Aita al-Shaab, Kafr Kila et Hula Markab. . \u00ab\u00a0Les avions de combat de l&rsquo;arm\u00e9e d&rsquo;occupation sioniste ont lanc\u00e9 de violents raids ciblant les villes d&rsquo;Aita al-Shaab, Kafr Kila et Hula Markab\u00a0\u00bb, ont pr\u00e9cis\u00e9 les m\u00eames sources. Dans le m\u00eame temps, l&rsquo;artillerie d&rsquo;occupation a lanc\u00e9 des obus au phosphore visant les villes de Wazzani, Kafr Kila, al-Taybeh, Rab Thaleen, Markab, Khiam et al-Adaysah, ont indiqu\u00e9 les m\u00e9dias locaux. L&rsquo;utilisation d&rsquo;obus au phosphore par les forces sionistes sur des zones habit\u00e9es met une nouvelle l&rsquo;entit\u00e9 sioniste \u00e0 l&rsquo;index pour son m\u00e9pris total pour le droit international. Ces agressions contre un pays souverain interviennent dans un contexte de tensions exacerb\u00e9es depuis le 7 octobre 2023, date du d\u00e9but de l&rsquo;agression g\u00e9nocidaire sioniste contre Ghaza. Depuis lors, les raids isra\u00e9liens sur le territoire libanais ont fait des centaines de victimes, principalement dans le sud du pays.<\/p>\n\n\n\n<p>La r\u00e9cente frappe contre le Plateau du Golan, attribu\u00e9e au Hezbollah par l&rsquo;entit\u00e9 et les \u00c9tats-Unis &#8211; une accusation que le mouvement libanais r\u00e9fute cat\u00e9goriquement &#8211; a servi de pr\u00e9texte \u00e0 cette nouvelle escalade. Le Liban se trouve d\u00e9sormais en \u00e9tat d&rsquo;alerte maximale, craignant une offensive isra\u00e9lienne d&rsquo;envergure, d&rsquo;autant plus que les responsables sionistes ont menac\u00e9 le Liban \u00e0 plusieurs reprises d&rsquo;attaquer le Liban. De nombreux observateurs voient dans cette escalade la main de Benjamin Netanyahu, qui cherche \u00e0 prolonger la guerre pour se maintenir au pouvoir et \u00e9viter ainsi des poursuites judiciaires qui le meneraient en prison. Cette strat\u00e9gie de la tension permanente inqui\u00e8te la communaut\u00e9 internationale. L&rsquo;ouverture d&rsquo;un nouveau front au Liban pourrait non seulement d\u00e9stabiliser davantage la r\u00e9gion d\u00e9j\u00e0 fragilis\u00e9e, mais aussi entra\u00eener d&rsquo;autres acteurs r\u00e9gionaux dans le conflit, avec des cons\u00e9quences potentiellement catastrophiques.<\/p>\n\n\n\n<p>La communaut\u00e9 internationale, tout en condamnant les violences, semble impuissante \u00e0 enrayer cette spirale. Les appels au calme et \u00e0 la d\u00e9sescalade se multiplient, mais restent lettre morte face au m\u00e9pris de l&rsquo;entit\u00e9 sioniste pour toute notion de droit et sa strat\u00e9gie d&rsquo;escalade permanente au Moyen-Orient.<\/p>\n\n\n\n<p>Chokri Hafed<\/p>\n","protected":false},"excerpt":{"rendered":"<p>L&rsquo;entit\u00e9 sioniste entretient une escalade des tensions au Proche-Orient qui atteignent un point critique notamment avec, suscitant des inqui\u00e9tudes croissantes<\/p>\n","protected":false},"author":3,"featured_media":55126,"comment_status":"open","ping_status":"closed","sticky":false,"template":"","format":"standard","meta":{"colormag_page_container_layout":"default_layout","colormag_page_sidebar_layout":"default_layout","om_disable_all_campaigns":false,"_monsterinsights_skip_tracking":false,"_monsterinsights_sitenote_active":false,"_monsterinsights_sitenote_note":"","_monsterinsights_sitenote_category":0,"footnotes":"","_wpscppro_dont_share_socialmedia":false,"_wpscppro_custom_social_share_image":0,"_facebook_share_type":"default","_twitter_share_type":"default","_linkedin_share_type":"default","_pinterest_share_type":"default","_linkedin_share_type_page":"","_instagram_share_type":"default","_medium_share_type":"","_threads_share_type":"","_google_business_share_type":"","_selected_social_profile":[],"_wpsp_enable_custom_social_template":false,"_wpsp_social_scheduling":{"enabled":false,"datetime":null,"platforms":[],"status":"template_only","dateOption":"today","timeOption":"now","customDays":"","customHours":"","customDate":"","customTime":"","schedulingType":"absolute"},"_wpsp_active_default_template":true},"categories":[27],"tags":[],"class_list":["post-55125","post","type-post","status-publish","format-standard","has-post-thumbnail","hentry","category-actualite"],"aioseo_notices":[],"yoast_head":"<!-- This site is optimized with the Yoast SEO plugin v27.5 - https:\/\/yoast.com\/product\/yoast-seo-wordpress\/ -->\n<title>Nouvelles attaques sionistes contre le Liban: Le spectre d&rsquo;un conflit r\u00e9gional - La Sentinelle<\/title>\n<meta name=\"robots\" content=\"index, follow, max-snippet:-1, max-image-preview:large, max-video-preview:-1\" \/>\n<link rel=\"canonical\" href=\"https:\/\/lasentinelle.dz\/index.php\/2024\/07\/31\/nouvelles-attaques-sionistes-contre-le-liban-le-spectre-dun-conflit-regional\/\" \/>\n<meta property=\"og:locale\" content=\"fr_FR\" \/>\n<meta property=\"og:type\" content=\"article\" \/>\n<meta property=\"og:title\" content=\"Nouvelles attaques sionistes contre le Liban: Le spectre d&rsquo;un conflit r\u00e9gional - La Sentinelle\" \/>\n<meta property=\"og:description\" content=\"L&rsquo;entit\u00e9 sioniste entretient une escalade des tensions au Proche-Orient qui atteignent un point critique notamment avec, suscitant des inqui\u00e9tudes croissantes\" \/>\n<meta property=\"og:url\" content=\"https:\/\/lasentinelle.dz\/index.php\/2024\/07\/31\/nouvelles-attaques-sionistes-contre-le-liban-le-spectre-dun-conflit-regional\/\" \/>\n<meta property=\"og:site_name\" content=\"La Sentinelle\" \/>\n<meta property=\"article:publisher\" content=\"https:\/\/www.facebook.com\/La-Sentinelle-104059864394773\" \/>\n<meta property=\"article:published_time\" content=\"2024-07-31T13:02:53+00:00\" \/>\n<meta property=\"article:modified_time\" content=\"2024-07-31T13:02:54+00:00\" \/>\n<meta property=\"og:image\" content=\"https:\/\/lasentinelle.dz\/wp-content\/uploads\/2024\/07\/liban-1.jpg\" \/>\n\t<meta property=\"og:image:width\" content=\"1280\" \/>\n\t<meta property=\"og:image:height\" content=\"960\" \/>\n\t<meta property=\"og:image:type\" content=\"image\/jpeg\" \/>\n<meta name=\"author\" content=\"La Sentinelle\" \/>\n<meta name=\"twitter:card\" content=\"summary_large_image\" \/>\n<meta name=\"twitter:label1\" content=\"\u00c9crit par\" \/>\n\t<meta name=\"twitter:data1\" content=\"La Sentinelle\" \/>\n\t<meta name=\"twitter:label2\" content=\"Dur\u00e9e de lecture estim\u00e9e\" \/>\n\t<meta name=\"twitter:data2\" content=\"3 minutes\" \/>\n<script type=\"application\/ld+json\" class=\"yoast-schema-graph\">{\"@context\":\"https:\\\/\\\/schema.org\",\"@graph\":[{\"@type\":\"Article\",\"@id\":\"https:\\\/\\\/lasentinelle.dz\\\/index.php\\\/2024\\\/07\\\/31\\\/nouvelles-attaques-sionistes-contre-le-liban-le-spectre-dun-conflit-regional\\\/#article\",\"isPartOf\":{\"@id\":\"https:\\\/\\\/lasentinelle.dz\\\/index.php\\\/2024\\\/07\\\/31\\\/nouvelles-attaques-sionistes-contre-le-liban-le-spectre-dun-conflit-regional\\\/\"},\"author\":{\"name\":\"La Sentinelle\",\"@id\":\"https:\\\/\\\/lasentinelle.dz\\\/#\\\/schema\\\/person\\\/d865044e22e70a75174ce8bcad3acfb3\"},\"headline\":\"Nouvelles attaques sionistes contre le Liban: Le spectre d&rsquo;un conflit r\u00e9gional\",\"datePublished\":\"2024-07-31T13:02:53+00:00\",\"dateModified\":\"2024-07-31T13:02:54+00:00\",\"mainEntityOfPage\":{\"@id\":\"https:\\\/\\\/lasentinelle.dz\\\/index.php\\\/2024\\\/07\\\/31\\\/nouvelles-attaques-sionistes-contre-le-liban-le-spectre-dun-conflit-regional\\\/\"},\"wordCount\":510,\"commentCount\":0,\"publisher\":{\"@id\":\"https:\\\/\\\/lasentinelle.dz\\\/#organization\"},\"image\":{\"@id\":\"https:\\\/\\\/lasentinelle.dz\\\/index.php\\\/2024\\\/07\\\/31\\\/nouvelles-attaques-sionistes-contre-le-liban-le-spectre-dun-conflit-regional\\\/#primaryimage\"},\"thumbnailUrl\":\"https:\\\/\\\/lasentinelle.dz\\\/wp-content\\\/uploads\\\/2024\\\/07\\\/liban-1.jpg\",\"articleSection\":[\"Actualit\u00e9\"],\"inLanguage\":\"fr-FR\",\"potentialAction\":[{\"@type\":\"CommentAction\",\"name\":\"Comment\",\"target\":[\"https:\\\/\\\/lasentinelle.dz\\\/index.php\\\/2024\\\/07\\\/31\\\/nouvelles-attaques-sionistes-contre-le-liban-le-spectre-dun-conflit-regional\\\/#respond\"]}]},{\"@type\":\"WebPage\",\"@id\":\"https:\\\/\\\/lasentinelle.dz\\\/index.php\\\/2024\\\/07\\\/31\\\/nouvelles-attaques-sionistes-contre-le-liban-le-spectre-dun-conflit-regional\\\/\",\"url\":\"https:\\\/\\\/lasentinelle.dz\\\/index.php\\\/2024\\\/07\\\/31\\\/nouvelles-attaques-sionistes-contre-le-liban-le-spectre-dun-conflit-regional\\\/\",\"name\":\"Nouvelles attaques sionistes contre le Liban: Le spectre d&rsquo;un conflit r\u00e9gional - La Sentinelle\",\"isPartOf\":{\"@id\":\"https:\\\/\\\/lasentinelle.dz\\\/#website\"},\"primaryImageOfPage\":{\"@id\":\"https:\\\/\\\/lasentinelle.dz\\\/index.php\\\/2024\\\/07\\\/31\\\/nouvelles-attaques-sionistes-contre-le-liban-le-spectre-dun-conflit-regional\\\/#primaryimage\"},\"image\":{\"@id\":\"https:\\\/\\\/lasentinelle.dz\\\/index.php\\\/2024\\\/07\\\/31\\\/nouvelles-attaques-sionistes-contre-le-liban-le-spectre-dun-conflit-regional\\\/#primaryimage\"},\"thumbnailUrl\":\"https:\\\/\\\/lasentinelle.dz\\\/wp-content\\\/uploads\\\/2024\\\/07\\\/liban-1.jpg\",\"datePublished\":\"2024-07-31T13:02:53+00:00\",\"dateModified\":\"2024-07-31T13:02:54+00:00\",\"breadcrumb\":{\"@id\":\"https:\\\/\\\/lasentinelle.dz\\\/index.php\\\/2024\\\/07\\\/31\\\/nouvelles-attaques-sionistes-contre-le-liban-le-spectre-dun-conflit-regional\\\/#breadcrumb\"},\"inLanguage\":\"fr-FR\",\"potentialAction\":[{\"@type\":\"ReadAction\",\"target\":[\"https:\\\/\\\/lasentinelle.dz\\\/index.php\\\/2024\\\/07\\\/31\\\/nouvelles-attaques-sionistes-contre-le-liban-le-spectre-dun-conflit-regional\\\/\"]}]},{\"@type\":\"ImageObject\",\"inLanguage\":\"fr-FR\",\"@id\":\"https:\\\/\\\/lasentinelle.dz\\\/index.php\\\/2024\\\/07\\\/31\\\/nouvelles-attaques-sionistes-contre-le-liban-le-spectre-dun-conflit-regional\\\/#primaryimage\",\"url\":\"https:\\\/\\\/lasentinelle.dz\\\/wp-content\\\/uploads\\\/2024\\\/07\\\/liban-1.jpg\",\"contentUrl\":\"https:\\\/\\\/lasentinelle.dz\\\/wp-content\\\/uploads\\\/2024\\\/07\\\/liban-1.jpg\",\"width\":1280,\"height\":960,\"caption\":\"A view shows damage after what security sources said was a strike on Beirut's southern suburbs, Lebanon July 30, 2024. REUTERS\\\/Ahmed Al-Kerdi\"},{\"@type\":\"BreadcrumbList\",\"@id\":\"https:\\\/\\\/lasentinelle.dz\\\/index.php\\\/2024\\\/07\\\/31\\\/nouvelles-attaques-sionistes-contre-le-liban-le-spectre-dun-conflit-regional\\\/#breadcrumb\",\"itemListElement\":[{\"@type\":\"ListItem\",\"position\":1,\"name\":\"Accueil\",\"item\":\"https:\\\/\\\/lasentinelle.dz\\\/\"},{\"@type\":\"ListItem\",\"position\":2,\"name\":\"Nouvelles attaques sionistes contre le Liban: Le spectre d&rsquo;un conflit r\u00e9gional\"}]},{\"@type\":\"WebSite\",\"@id\":\"https:\\\/\\\/lasentinelle.dz\\\/#website\",\"url\":\"https:\\\/\\\/lasentinelle.dz\\\/\",\"name\":\"La Sentinelle\",\"description\":\"Quotidien national d&#039;information\",\"publisher\":{\"@id\":\"https:\\\/\\\/lasentinelle.dz\\\/#organization\"},\"potentialAction\":[{\"@type\":\"SearchAction\",\"target\":{\"@type\":\"EntryPoint\",\"urlTemplate\":\"https:\\\/\\\/lasentinelle.dz\\\/?s={search_term_string}\"},\"query-input\":{\"@type\":\"PropertyValueSpecification\",\"valueRequired\":true,\"valueName\":\"search_term_string\"}}],\"inLanguage\":\"fr-FR\"},{\"@type\":\"Organization\",\"@id\":\"https:\\\/\\\/lasentinelle.dz\\\/#organization\",\"name\":\"Quotidien La Sentinelle\",\"url\":\"https:\\\/\\\/lasentinelle.dz\\\/\",\"logo\":{\"@type\":\"ImageObject\",\"inLanguage\":\"fr-FR\",\"@id\":\"https:\\\/\\\/lasentinelle.dz\\\/#\\\/schema\\\/logo\\\/image\\\/\",\"url\":\"https:\\\/\\\/lasentinelle.dz\\\/wp-content\\\/uploads\\\/2021\\\/09\\\/logo-sentinelleSLOGAN-1.png\",\"contentUrl\":\"https:\\\/\\\/lasentinelle.dz\\\/wp-content\\\/uploads\\\/2021\\\/09\\\/logo-sentinelleSLOGAN-1.png\",\"width\":615,\"height\":142,\"caption\":\"Quotidien La Sentinelle\"},\"image\":{\"@id\":\"https:\\\/\\\/lasentinelle.dz\\\/#\\\/schema\\\/logo\\\/image\\\/\"},\"sameAs\":[\"https:\\\/\\\/www.facebook.com\\\/La-Sentinelle-104059864394773\"]},{\"@type\":\"Person\",\"@id\":\"https:\\\/\\\/lasentinelle.dz\\\/#\\\/schema\\\/person\\\/d865044e22e70a75174ce8bcad3acfb3\",\"name\":\"La Sentinelle\",\"image\":{\"@type\":\"ImageObject\",\"inLanguage\":\"fr-FR\",\"@id\":\"https:\\\/\\\/secure.gravatar.com\\\/avatar\\\/57de8e5d4b15d43fb361a71fbb36338450fe67865b528a43dd10ef7c51a20392?s=96&d=mm&r=g\",\"url\":\"https:\\\/\\\/secure.gravatar.com\\\/avatar\\\/57de8e5d4b15d43fb361a71fbb36338450fe67865b528a43dd10ef7c51a20392?s=96&d=mm&r=g\",\"contentUrl\":\"https:\\\/\\\/secure.gravatar.com\\\/avatar\\\/57de8e5d4b15d43fb361a71fbb36338450fe67865b528a43dd10ef7c51a20392?s=96&d=mm&r=g\",\"caption\":\"La Sentinelle\"},\"sameAs\":[\"http:\\\/\\\/www.lasentinelle.dz\"],\"url\":\"https:\\\/\\\/lasentinelle.dz\\\/author\\\/redaction\\\/\"}]}<\/script>\n<!-- \/ Yoast SEO plugin. -->","yoast_head_json":{"title":"Nouvelles attaques sionistes contre le Liban: Le spectre d&rsquo;un conflit r\u00e9gional - La Sentinelle","robots":{"index":"index","follow":"follow","max-snippet":"max-snippet:-1","max-image-preview":"max-image-preview:large","max-video-preview":"max-video-preview:-1"},"canonical":"https:\/\/lasentinelle.dz\/index.php\/2024\/07\/31\/nouvelles-attaques-sionistes-contre-le-liban-le-spectre-dun-conflit-regional\/","og_locale":"fr_FR","og_type":"article","og_title":"Nouvelles attaques sionistes contre le Liban: Le spectre d&rsquo;un conflit r\u00e9gional - La Sentinelle","og_description":"L&rsquo;entit\u00e9 sioniste entretient une escalade des tensions au Proche-Orient qui atteignent un point critique notamment avec, suscitant des inqui\u00e9tudes croissantes","og_url":"https:\/\/lasentinelle.dz\/index.php\/2024\/07\/31\/nouvelles-attaques-sionistes-contre-le-liban-le-spectre-dun-conflit-regional\/","og_site_name":"La Sentinelle","article_publisher":"https:\/\/www.facebook.com\/La-Sentinelle-104059864394773","article_published_time":"2024-07-31T13:02:53+00:00","article_modified_time":"2024-07-31T13:02:54+00:00","og_image":[{"width":1280,"height":960,"url":"https:\/\/lasentinelle.dz\/wp-content\/uploads\/2024\/07\/liban-1.jpg","type":"image\/jpeg"}],"author":"La Sentinelle","twitter_card":"summary_large_image","twitter_misc":{"\u00c9crit par":"La Sentinelle","Dur\u00e9e de lecture estim\u00e9e":"3 minutes"},"schema":{"@context":"https:\/\/schema.org","@graph":[{"@type":"Article","@id":"https:\/\/lasentinelle.dz\/index.php\/2024\/07\/31\/nouvelles-attaques-sionistes-contre-le-liban-le-spectre-dun-conflit-regional\/#article","isPartOf":{"@id":"https:\/\/lasentinelle.dz\/index.php\/2024\/07\/31\/nouvelles-attaques-sionistes-contre-le-liban-le-spectre-dun-conflit-regional\/"},"author":{"name":"La Sentinelle","@id":"https:\/\/lasentinelle.dz\/#\/schema\/person\/d865044e22e70a75174ce8bcad3acfb3"},"headline":"Nouvelles attaques sionistes contre le Liban: Le spectre d&rsquo;un conflit r\u00e9gional","datePublished":"2024-07-31T13:02:53+00:00","dateModified":"2024-07-31T13:02:54+00:00","mainEntityOfPage":{"@id":"https:\/\/lasentinelle.dz\/index.php\/2024\/07\/31\/nouvelles-attaques-sionistes-contre-le-liban-le-spectre-dun-conflit-regional\/"},"wordCount":510,"commentCount":0,"publisher":{"@id":"https:\/\/lasentinelle.dz\/#organization"},"image":{"@id":"https:\/\/lasentinelle.dz\/index.php\/2024\/07\/31\/nouvelles-attaques-sionistes-contre-le-liban-le-spectre-dun-conflit-regional\/#primaryimage"},"thumbnailUrl":"https:\/\/lasentinelle.dz\/wp-content\/uploads\/2024\/07\/liban-1.jpg","articleSection":["Actualit\u00e9"],"inLanguage":"fr-FR","potentialAction":[{"@type":"CommentAction","name":"Comment","target":["https:\/\/lasentinelle.dz\/index.php\/2024\/07\/31\/nouvelles-attaques-sionistes-contre-le-liban-le-spectre-dun-conflit-regional\/#respond"]}]},{"@type":"WebPage","@id":"https:\/\/lasentinelle.dz\/index.php\/2024\/07\/31\/nouvelles-attaques-sionistes-contre-le-liban-le-spectre-dun-conflit-regional\/","url":"https:\/\/lasentinelle.dz\/index.php\/2024\/07\/31\/nouvelles-attaques-sionistes-contre-le-liban-le-spectre-dun-conflit-regional\/","name":"Nouvelles attaques sionistes contre le Liban: Le spectre d&rsquo;un conflit r\u00e9gional - La Sentinelle","isPartOf":{"@id":"https:\/\/lasentinelle.dz\/#website"},"primaryImageOfPage":{"@id":"https:\/\/lasentinelle.dz\/index.php\/2024\/07\/31\/nouvelles-attaques-sionistes-contre-le-liban-le-spectre-dun-conflit-regional\/#primaryimage"},"image":{"@id":"https:\/\/lasentinelle.dz\/index.php\/2024\/07\/31\/nouvelles-attaques-sionistes-contre-le-liban-le-spectre-dun-conflit-regional\/#primaryimage"},"thumbnailUrl":"https:\/\/lasentinelle.dz\/wp-content\/uploads\/2024\/07\/liban-1.jpg","datePublished":"2024-07-31T13:02:53+00:00","dateModified":"2024-07-31T13:02:54+00:00","breadcrumb":{"@id":"https:\/\/lasentinelle.dz\/index.php\/2024\/07\/31\/nouvelles-attaques-sionistes-contre-le-liban-le-spectre-dun-conflit-regional\/#breadcrumb"},"inLanguage":"fr-FR","potentialAction":[{"@type":"ReadAction","target":["https:\/\/lasentinelle.dz\/index.php\/2024\/07\/31\/nouvelles-attaques-sionistes-contre-le-liban-le-spectre-dun-conflit-regional\/"]}]},{"@type":"ImageObject","inLanguage":"fr-FR","@id":"https:\/\/lasentinelle.dz\/index.php\/2024\/07\/31\/nouvelles-attaques-sionistes-contre-le-liban-le-spectre-dun-conflit-regional\/#primaryimage","url":"https:\/\/lasentinelle.dz\/wp-content\/uploads\/2024\/07\/liban-1.jpg","contentUrl":"https:\/\/lasentinelle.dz\/wp-content\/uploads\/2024\/07\/liban-1.jpg","width":1280,"height":960,"caption":"A view shows damage after what security sources said was a strike on Beirut's southern suburbs, Lebanon July 30, 2024. REUTERS\/Ahmed Al-Kerdi"},{"@type":"BreadcrumbList","@id":"https:\/\/lasentinelle.dz\/index.php\/2024\/07\/31\/nouvelles-attaques-sionistes-contre-le-liban-le-spectre-dun-conflit-regional\/#breadcrumb","itemListElement":[{"@type":"ListItem","position":1,"name":"Accueil","item":"https:\/\/lasentinelle.dz\/"},{"@type":"ListItem","position":2,"name":"Nouvelles attaques sionistes contre le Liban: Le spectre d&rsquo;un conflit r\u00e9gional"}]},{"@type":"WebSite","@id":"https:\/\/lasentinelle.dz\/#website","url":"https:\/\/lasentinelle.dz\/","name":"La Sentinelle","description":"Quotidien national d&#039;information","publisher":{"@id":"https:\/\/lasentinelle.dz\/#organization"},"potentialAction":[{"@type":"SearchAction","target":{"@type":"EntryPoint","urlTemplate":"https:\/\/lasentinelle.dz\/?s={search_term_string}"},"query-input":{"@type":"PropertyValueSpecification","valueRequired":true,"valueName":"search_term_string"}}],"inLanguage":"fr-FR"},{"@type":"Organization","@id":"https:\/\/lasentinelle.dz\/#organization","name":"Quotidien La Sentinelle","url":"https:\/\/lasentinelle.dz\/","logo":{"@type":"ImageObject","inLanguage":"fr-FR","@id":"https:\/\/lasentinelle.dz\/#\/schema\/logo\/image\/","url":"https:\/\/lasentinelle.dz\/wp-content\/uploads\/2021\/09\/logo-sentinelleSLOGAN-1.png","contentUrl":"https:\/\/lasentinelle.dz\/wp-content\/uploads\/2021\/09\/logo-sentinelleSLOGAN-1.png","width":615,"height":142,"caption":"Quotidien La Sentinelle"},"image":{"@id":"https:\/\/lasentinelle.dz\/#\/schema\/logo\/image\/"},"sameAs":["https:\/\/www.facebook.com\/La-Sentinelle-104059864394773"]},{"@type":"Person","@id":"https:\/\/lasentinelle.dz\/#\/schema\/person\/d865044e22e70a75174ce8bcad3acfb3","name":"La Sentinelle","image":{"@type":"ImageObject","inLanguage":"fr-FR","@id":"https:\/\/secure.gravatar.com\/avatar\/57de8e5d4b15d43fb361a71fbb36338450fe67865b528a43dd10ef7c51a20392?s=96&d=mm&r=g","url":"https:\/\/secure.gravatar.com\/avatar\/57de8e5d4b15d43fb361a71fbb36338450fe67865b528a43dd10ef7c51a20392?s=96&d=mm&r=g","contentUrl":"https:\/\/secure.gravatar.com\/avatar\/57de8e5d4b15d43fb361a71fbb36338450fe67865b528a43dd10ef7c51a20392?s=96&d=mm&r=g","caption":"La Sentinelle"},"sameAs":["http:\/\/www.lasentinelle.dz"],"url":"https:\/\/lasentinelle.dz\/author\/redaction\/"}]}},"_links":{"self":[{"href":"https:\/\/lasentinelle.dz\/index.php\/wp-json\/wp\/v2\/posts\/55125","targetHints":{"allow":["GET"]}}],"collection":[{"href":"https:\/\/lasentinelle.dz\/index.php\/wp-json\/wp\/v2\/posts"}],"about":[{"href":"https:\/\/lasentinelle.dz\/index.php\/wp-json\/wp\/v2\/types\/post"}],"author":[{"embeddable":true,"href":"https:\/\/lasentinelle.dz\/index.php\/wp-json\/wp\/v2\/users\/3"}],"replies":[{"embeddable":true,"href":"https:\/\/lasentinelle.dz\/index.php\/wp-json\/wp\/v2\/comments?post=55125"}],"version-history":[{"count":2,"href":"https:\/\/lasentinelle.dz\/index.php\/wp-json\/wp\/v2\/posts\/55125\/revisions"}],"predecessor-version":[{"id":55128,"href":"https:\/\/lasentinelle.dz\/index.php\/wp-json\/wp\/v2\/posts\/55125\/revisions\/55128"}],"wp:featuredmedia":[{"embeddable":true,"href":"https:\/\/lasentinelle.dz\/index.php\/wp-json\/wp\/v2\/media\/55126"}],"wp:attachment":[{"href":"https:\/\/lasentinelle.dz\/index.php\/wp-json\/wp\/v2\/media?parent=55125"}],"wp:term":[{"taxonomy":"category","embeddable":true,"href":"https:\/\/lasentinelle.dz\/index.php\/wp-json\/wp\/v2\/categories?post=55125"},{"taxonomy":"post_tag","embeddable":true,"href":"https:\/\/lasentinelle.dz\/index.php\/wp-json\/wp\/v2\/tags?post=55125"}],"curies":[{"name":"wp","href":"https:\/\/api.w.org\/{rel}","templated":true}]}}