{"id":55142,"date":"2024-07-31T14:11:22","date_gmt":"2024-07-31T13:11:22","guid":{"rendered":"https:\/\/lasentinelle.dz\/?p=55142"},"modified":"2024-07-31T14:11:22","modified_gmt":"2024-07-31T13:11:22","slug":"lalgerie-rappelle-son-ambassadeur-pour-denoncer-le-soutien-de-la-france-au-plan-dautonomie-marocain","status":"publish","type":"post","link":"https:\/\/lasentinelle.dz\/index.php\/2024\/07\/31\/lalgerie-rappelle-son-ambassadeur-pour-denoncer-le-soutien-de-la-france-au-plan-dautonomie-marocain\/","title":{"rendered":"L&rsquo;Alg\u00e9rie rappelle son ambassadeur pour d\u00e9noncer le soutien de la France au plan d&rsquo;autonomie marocain"},"content":{"rendered":"\n<p>La d\u00e9cision ferme d&rsquo;Alger<\/p>\n\n\n\n<p>L&rsquo;Alg\u00e9rie a pris la d\u00e9cision ferme de rappeler son ambassadeur en France avec effet imm\u00e9diat, suite au soutien explicite de Paris au plan d&rsquo;autonomie marocain pour le Sahara occidental. Le Gouvernement alg\u00e9rien a d\u00e9cid\u00e9 le retrait de son ambassadeur aupr\u00e8s de la R\u00e9publique fran\u00e7aise avec effet imm\u00e9diat et la repr\u00e9sentation diplomatique alg\u00e9rienne en France est d\u00e9sormais du ressort d&rsquo;un charg\u00e9 d&rsquo;affaires, suite \u00e0 la reconnaissance par la France du plan d&rsquo;autonomie marocain comme \u00ab\u00a0seule base\u00a0\u00bb de r\u00e8glement du conflit du Sahara Occidental dans le cadre de la pr\u00e9tendue souverainet\u00e9 du Maroc, indique mardi un communiqu\u00e9 du minist\u00e8re des Affaires \u00e9trang\u00e8res et de la Communaut\u00e9 nationale \u00e0 l&rsquo;\u00e9tranger.<\/p>\n\n\n\n<p>Cette d\u00e9cision, loin d&rsquo;\u00eatre pr\u00e9cipit\u00e9e, s&rsquo;inscrit dans la continuit\u00e9 de la politique \u00e9trang\u00e8re alg\u00e9rienne, fond\u00e9e sur des principes in\u00e9branlables de d\u00e9fense des causes justes et de soutien aux mouvements de d\u00e9colonisation. \u00ab\u00a0Le Gouvernement fran\u00e7ais a fini par donner sa caution franche et cat\u00e9gorique au fait colonial impos\u00e9 au Sahara Occidental. Ce pas qu&rsquo;aucun autre Gouvernement fran\u00e7ais avant lui n&rsquo;avait cru devoir franchir, le Gouvernement actuel l&rsquo;a fait avec beaucoup de l\u00e9g\u00e8ret\u00e9 et une grande d\u00e9sinvolture, sans en mesurer lucidement toutes les retomb\u00e9es potentielles\u00a0\u00bb, pr\u00e9cise la m\u00eame source. En tant que leader historique des mouvements anti-coloniaux, l&rsquo;Alg\u00e9rie ne pouvait rester silencieuse face \u00e0 une caution au fait colonial au Sahara occidental. \u00ab\u00a0En reconnaissant le plan d&rsquo;autonomie marocain comme la seule base de r\u00e8glement du conflit du Sahara Occidental dans le cadre de la pr\u00e9tendue souverainet\u00e9 du Maroc, le Gouvernement fran\u00e7ais bafoue la l\u00e9galit\u00e9 internationale, prend fait et cause pour la n\u00e9gation du droit du peuple sahraoui \u00e0 l&rsquo;autod\u00e9termination, se d\u00e9marque de tous les efforts patients et pers\u00e9v\u00e9rants d\u00e9ploy\u00e9s par les Nations Unies \u00e0 l&rsquo;effet de parachever la d\u00e9colonisation du Sahara Occidental et manifeste une abdication des responsabilit\u00e9s particuli\u00e8res qu&rsquo;il doit assumer, en toutes circonstances, comme membre permanent du Conseil de S\u00e9curit\u00e9\u00a0\u00bb, souligne le communiqu\u00e9. En cons\u00e9quence, \u00ab\u00a0le Gouvernement alg\u00e9rien a d\u00e9cid\u00e9 le retrait de son ambassadeur aupr\u00e8s de la R\u00e9publique fran\u00e7aise avec effet imm\u00e9diat. La repr\u00e9sentation diplomatique alg\u00e9rienne en France est d\u00e9sormais du ressort d&rsquo;un charg\u00e9 d&rsquo;affaires\u00a0\u00bb, ajoute la m\u00eame source. L&rsquo;Alg\u00e9rie a d\u00e9j\u00e0 de d\u00e9nonc\u00e9 jeudi dernier, par le biais du minist\u00e8re de la d\u00e9cision fran\u00e7aise, affirmant que le gouvernement alg\u00e9rien \u00ab\u00a0tirera toutes les cons\u00e9quences qui d\u00e9coulent de cette d\u00e9cision fran\u00e7aise\u00a0\u00bb et dont le gouvernement fran\u00e7ais \u00ab\u00a0assume seul la pleine et enti\u00e8re responsabilit\u00e9\u00a0\u00bb. Le MAE avait soulign\u00e9 que \u00ab\u00a0la d\u00e9cision fran\u00e7aise rel\u00e8ve manifestement d&rsquo;un calcul politique douteux, d&rsquo;un apriori moralement contestable et de lectures juridiques que rien ne conforte et rien ne justifie\u00a0\u00bb. Cette position fran\u00e7aise, a-t-il poursuivi, \u00ab\u00a0est d&rsquo;autant plus malvenue qu&rsquo;elle \u00e9mane d&rsquo;un membre permanent du Conseil de S\u00e9curit\u00e9 sens\u00e9 agir en conformit\u00e9 avec les d\u00e9cisions de cet organe d&rsquo;une mani\u00e8re particuli\u00e8re et avec la l\u00e9galit\u00e9 internationale d&rsquo;une mani\u00e8re g\u00e9n\u00e9rale\u00a0\u00bb. \u00ab\u00a0Enfin, et alors que la conjoncture actuelle conna\u00eet une mobilisation des bonnes volont\u00e9s au sein des Nations Unies \u00e0 l&rsquo;effet de donner un nouveau souffle \u00e0 la recherche d&rsquo;un r\u00e8glement au conflit du Sahara Occidental, la m\u00eame d\u00e9cision fran\u00e7aise vient s&rsquo;inscrire \u00e0 contre-courant de ces efforts dont elle contrarie et entrave le d\u00e9ploiement dans l&rsquo;int\u00e9r\u00eat sup\u00e9rieur de la paix, de la stabilit\u00e9 et de la s\u00e9curit\u00e9 dans la r\u00e9gion\u00a0\u00bb, a-t-il d\u00e9plor\u00e9. Le Gouvernement alg\u00e9rien retient de la d\u00e9cision fran\u00e7aise qu'\u00a0\u00bbelle ne sert absolument pas l&rsquo;objectif de la paix au Sahara Occidental, qu&rsquo;elle aide \u00e0 prolonger une impasse et qu&rsquo;elle justifie et aide \u00e0 consolider le fait accompli colonial dans ce territoire\u00a0\u00bb, a-t-il soutenu. \u00ab\u00a0<\/p>\n\n\n\n<p><strong>Au bord de la rupture !<\/strong><strong><\/strong><\/p>\n\n\n\n<p>Cette d\u00e9cision fran\u00e7aise vient ainsi provoquer une nouvelle crise diplomatique entre les deux pays au bord de la rupture, tant la s\u00e9rie de provocations \u00e9manant de Paris ont fragilis\u00e9 les relations bilat\u00e9rales et d&rsquo;affecter ainsi les chantiers lanc\u00e9s sur le plan bilat\u00e9ral. L&rsquo;Alg\u00e9rie, qui a toujours pr\u00f4n\u00e9 le dialogue et la coop\u00e9ration, se voit contrainte de prendre des mesures drastiques pour d\u00e9noncer une d\u00e9rive grave qui risque d&rsquo;avoir des cons\u00e9quences graves sur la stabilit\u00e9 de la r\u00e9gion et une violation des principes fondamentaux du droit international. La position fran\u00e7aise sur le Sahara occidental r\u00e9v\u00e8le un m\u00e9pris flagrant pour le droit international et les r\u00e9solutions de l&rsquo;ONU. En soutenant le plan d&rsquo;autonomie marocain comme \u00ab\u00a0seule base\u00a0\u00bb de r\u00e8glement du conflit, la France s&rsquo;\u00e9carte dangereusement de la l\u00e9galit\u00e9 internationale et des efforts des Nations Unies pour parachever la d\u00e9colonisation du Sahara occidental.<\/p>\n\n\n\n<p>Cette d\u00e9cision met en lumi\u00e8re la persistance de mentalit\u00e9s coloniales au sein de l&rsquo;establishment fran\u00e7ais. En apportant son soutien au Maroc, la France se place du c\u00f4t\u00e9 de la puissance occupante, ignorant les droits l\u00e9gitimes du peuple sahraoui \u00e0 l&rsquo;autod\u00e9termination.<\/p>\n\n\n\n<p>Le soutien fran\u00e7ais \u00e0 l&rsquo;occupation marocaine du Sahara occidental fait \u00e9cho \u00e0 sa position sur la Palestine occup\u00e9e. Son refus de reconna\u00eetre officiellement l&rsquo;\u00c9tat de Palestine, la d\u00e9cision du pr\u00e9sident fran\u00e7ais de recevoir \u00e0 Paris le pr\u00e9sident de l&rsquo;entit\u00e9 sioniste \u00e0 l&rsquo;ouverture du JO, au moment om cette entit\u00e9 s&rsquo;est faite condamn\u00e9e par la CIJ pour l&rsquo;occupation ill\u00e9gales des territoires palestiniens occup\u00e9s, en sus des poursuites engag\u00e9es \u00e0 son encontre pour le g\u00e9nocide en cours \u00e0 Ghaza, d\u00e9note de soutien de l&rsquo;ancienne puissance coloniale aux r\u00e9gimes coloniaux actuels. Elle traduit surtout les calculs \u00e9troits de la puissance n\u00e9ocoloniale qui se fait \u00e9jecter de ses sph\u00e8res d&rsquo;influence en Afrique, laquelle cherche \u00e0 invertir dans une triple alliance destructrice l&rsquo;associant au Maroc et l&rsquo;entit\u00e9 sioniste, au d\u00e9triment du respect des principes du droit et des valeurs humaines universelles.<\/p>\n\n\n\n<p>Hocine Fadheli<\/p>\n","protected":false},"excerpt":{"rendered":"<p>La d\u00e9cision ferme d&rsquo;Alger L&rsquo;Alg\u00e9rie a pris la d\u00e9cision ferme de rappeler son ambassadeur en France avec effet imm\u00e9diat, suite<\/p>\n","protected":false},"author":3,"featured_media":17988,"comment_status":"open","ping_status":"closed","sticky":false,"template":"","format":"standard","meta":{"colormag_page_container_layout":"default_layout","colormag_page_sidebar_layout":"default_layout","om_disable_all_campaigns":false,"_monsterinsights_skip_tracking":false,"_monsterinsights_sitenote_active":false,"_monsterinsights_sitenote_note":"","_monsterinsights_sitenote_category":0,"footnotes":"","_wpscppro_dont_share_socialmedia":false,"_wpscppro_custom_social_share_image":0,"_facebook_share_type":"default","_twitter_share_type":"default","_linkedin_share_type":"default","_pinterest_share_type":"default","_linkedin_share_type_page":"","_instagram_share_type":"default","_medium_share_type":"","_threads_share_type":"","_google_business_share_type":"","_selected_social_profile":[],"_wpsp_enable_custom_social_template":false,"_wpsp_social_scheduling":{"enabled":false,"datetime":null,"platforms":[],"status":"template_only","dateOption":"today","timeOption":"now","customDays":"","customHours":"","customDate":"","customTime":"","schedulingType":"absolute"},"_wpsp_active_default_template":true},"categories":[52,27],"tags":[],"class_list":["post-55142","post","type-post","status-publish","format-standard","has-post-thumbnail","hentry","category-a-la-une","category-actualite"],"aioseo_notices":[],"yoast_head":"<!-- This site is optimized with the Yoast SEO plugin v27.5 - https:\/\/yoast.com\/product\/yoast-seo-wordpress\/ -->\n<title>L&rsquo;Alg\u00e9rie rappelle son ambassadeur pour d\u00e9noncer le soutien de la France au plan d&rsquo;autonomie marocain - La Sentinelle<\/title>\n<meta name=\"robots\" content=\"index, follow, max-snippet:-1, max-image-preview:large, max-video-preview:-1\" \/>\n<link rel=\"canonical\" href=\"https:\/\/lasentinelle.dz\/index.php\/2024\/07\/31\/lalgerie-rappelle-son-ambassadeur-pour-denoncer-le-soutien-de-la-france-au-plan-dautonomie-marocain\/\" \/>\n<meta property=\"og:locale\" content=\"fr_FR\" \/>\n<meta property=\"og:type\" content=\"article\" \/>\n<meta property=\"og:title\" content=\"L&rsquo;Alg\u00e9rie rappelle son ambassadeur pour d\u00e9noncer le soutien de la France au plan d&rsquo;autonomie marocain - La Sentinelle\" \/>\n<meta property=\"og:description\" content=\"La d\u00e9cision ferme d&rsquo;Alger L&rsquo;Alg\u00e9rie a pris la d\u00e9cision ferme de rappeler son ambassadeur en France avec effet imm\u00e9diat, suite\" \/>\n<meta property=\"og:url\" content=\"https:\/\/lasentinelle.dz\/index.php\/2024\/07\/31\/lalgerie-rappelle-son-ambassadeur-pour-denoncer-le-soutien-de-la-france-au-plan-dautonomie-marocain\/\" \/>\n<meta property=\"og:site_name\" content=\"La Sentinelle\" \/>\n<meta property=\"article:publisher\" content=\"https:\/\/www.facebook.com\/La-Sentinelle-104059864394773\" \/>\n<meta property=\"article:published_time\" content=\"2024-07-31T13:11:22+00:00\" \/>\n<meta property=\"og:image\" content=\"https:\/\/lasentinelle.dz\/wp-content\/uploads\/2022\/03\/MAE.png\" \/>\n\t<meta property=\"og:image:width\" content=\"1354\" \/>\n\t<meta property=\"og:image:height\" content=\"900\" \/>\n\t<meta property=\"og:image:type\" content=\"image\/png\" \/>\n<meta name=\"author\" content=\"La Sentinelle\" \/>\n<meta name=\"twitter:card\" content=\"summary_large_image\" \/>\n<meta name=\"twitter:label1\" content=\"\u00c9crit par\" \/>\n\t<meta name=\"twitter:data1\" content=\"La Sentinelle\" \/>\n\t<meta name=\"twitter:label2\" content=\"Dur\u00e9e de lecture estim\u00e9e\" \/>\n\t<meta name=\"twitter:data2\" content=\"5 minutes\" \/>\n<script type=\"application\/ld+json\" class=\"yoast-schema-graph\">{\"@context\":\"https:\\\/\\\/schema.org\",\"@graph\":[{\"@type\":\"Article\",\"@id\":\"https:\\\/\\\/lasentinelle.dz\\\/index.php\\\/2024\\\/07\\\/31\\\/lalgerie-rappelle-son-ambassadeur-pour-denoncer-le-soutien-de-la-france-au-plan-dautonomie-marocain\\\/#article\",\"isPartOf\":{\"@id\":\"https:\\\/\\\/lasentinelle.dz\\\/index.php\\\/2024\\\/07\\\/31\\\/lalgerie-rappelle-son-ambassadeur-pour-denoncer-le-soutien-de-la-france-au-plan-dautonomie-marocain\\\/\"},\"author\":{\"name\":\"La Sentinelle\",\"@id\":\"https:\\\/\\\/lasentinelle.dz\\\/#\\\/schema\\\/person\\\/d865044e22e70a75174ce8bcad3acfb3\"},\"headline\":\"L&rsquo;Alg\u00e9rie rappelle son ambassadeur pour d\u00e9noncer le soutien de la France au plan d&rsquo;autonomie marocain\",\"datePublished\":\"2024-07-31T13:11:22+00:00\",\"mainEntityOfPage\":{\"@id\":\"https:\\\/\\\/lasentinelle.dz\\\/index.php\\\/2024\\\/07\\\/31\\\/lalgerie-rappelle-son-ambassadeur-pour-denoncer-le-soutien-de-la-france-au-plan-dautonomie-marocain\\\/\"},\"wordCount\":1103,\"commentCount\":0,\"publisher\":{\"@id\":\"https:\\\/\\\/lasentinelle.dz\\\/#organization\"},\"image\":{\"@id\":\"https:\\\/\\\/lasentinelle.dz\\\/index.php\\\/2024\\\/07\\\/31\\\/lalgerie-rappelle-son-ambassadeur-pour-denoncer-le-soutien-de-la-france-au-plan-dautonomie-marocain\\\/#primaryimage\"},\"thumbnailUrl\":\"https:\\\/\\\/lasentinelle.dz\\\/wp-content\\\/uploads\\\/2022\\\/03\\\/MAE.png\",\"articleSection\":[\"\u00c0 la Une\",\"Actualit\u00e9\"],\"inLanguage\":\"fr-FR\",\"potentialAction\":[{\"@type\":\"CommentAction\",\"name\":\"Comment\",\"target\":[\"https:\\\/\\\/lasentinelle.dz\\\/index.php\\\/2024\\\/07\\\/31\\\/lalgerie-rappelle-son-ambassadeur-pour-denoncer-le-soutien-de-la-france-au-plan-dautonomie-marocain\\\/#respond\"]}]},{\"@type\":\"WebPage\",\"@id\":\"https:\\\/\\\/lasentinelle.dz\\\/index.php\\\/2024\\\/07\\\/31\\\/lalgerie-rappelle-son-ambassadeur-pour-denoncer-le-soutien-de-la-france-au-plan-dautonomie-marocain\\\/\",\"url\":\"https:\\\/\\\/lasentinelle.dz\\\/index.php\\\/2024\\\/07\\\/31\\\/lalgerie-rappelle-son-ambassadeur-pour-denoncer-le-soutien-de-la-france-au-plan-dautonomie-marocain\\\/\",\"name\":\"L&rsquo;Alg\u00e9rie rappelle son ambassadeur pour d\u00e9noncer le soutien de la France au plan d&rsquo;autonomie marocain - La Sentinelle\",\"isPartOf\":{\"@id\":\"https:\\\/\\\/lasentinelle.dz\\\/#website\"},\"primaryImageOfPage\":{\"@id\":\"https:\\\/\\\/lasentinelle.dz\\\/index.php\\\/2024\\\/07\\\/31\\\/lalgerie-rappelle-son-ambassadeur-pour-denoncer-le-soutien-de-la-france-au-plan-dautonomie-marocain\\\/#primaryimage\"},\"image\":{\"@id\":\"https:\\\/\\\/lasentinelle.dz\\\/index.php\\\/2024\\\/07\\\/31\\\/lalgerie-rappelle-son-ambassadeur-pour-denoncer-le-soutien-de-la-france-au-plan-dautonomie-marocain\\\/#primaryimage\"},\"thumbnailUrl\":\"https:\\\/\\\/lasentinelle.dz\\\/wp-content\\\/uploads\\\/2022\\\/03\\\/MAE.png\",\"datePublished\":\"2024-07-31T13:11:22+00:00\",\"breadcrumb\":{\"@id\":\"https:\\\/\\\/lasentinelle.dz\\\/index.php\\\/2024\\\/07\\\/31\\\/lalgerie-rappelle-son-ambassadeur-pour-denoncer-le-soutien-de-la-france-au-plan-dautonomie-marocain\\\/#breadcrumb\"},\"inLanguage\":\"fr-FR\",\"potentialAction\":[{\"@type\":\"ReadAction\",\"target\":[\"https:\\\/\\\/lasentinelle.dz\\\/index.php\\\/2024\\\/07\\\/31\\\/lalgerie-rappelle-son-ambassadeur-pour-denoncer-le-soutien-de-la-france-au-plan-dautonomie-marocain\\\/\"]}]},{\"@type\":\"ImageObject\",\"inLanguage\":\"fr-FR\",\"@id\":\"https:\\\/\\\/lasentinelle.dz\\\/index.php\\\/2024\\\/07\\\/31\\\/lalgerie-rappelle-son-ambassadeur-pour-denoncer-le-soutien-de-la-france-au-plan-dautonomie-marocain\\\/#primaryimage\",\"url\":\"https:\\\/\\\/lasentinelle.dz\\\/wp-content\\\/uploads\\\/2022\\\/03\\\/MAE.png\",\"contentUrl\":\"https:\\\/\\\/lasentinelle.dz\\\/wp-content\\\/uploads\\\/2022\\\/03\\\/MAE.png\",\"width\":1354,\"height\":900},{\"@type\":\"BreadcrumbList\",\"@id\":\"https:\\\/\\\/lasentinelle.dz\\\/index.php\\\/2024\\\/07\\\/31\\\/lalgerie-rappelle-son-ambassadeur-pour-denoncer-le-soutien-de-la-france-au-plan-dautonomie-marocain\\\/#breadcrumb\",\"itemListElement\":[{\"@type\":\"ListItem\",\"position\":1,\"name\":\"Accueil\",\"item\":\"https:\\\/\\\/lasentinelle.dz\\\/\"},{\"@type\":\"ListItem\",\"position\":2,\"name\":\"L&rsquo;Alg\u00e9rie rappelle son ambassadeur pour d\u00e9noncer le soutien de la France au plan d&rsquo;autonomie marocain\"}]},{\"@type\":\"WebSite\",\"@id\":\"https:\\\/\\\/lasentinelle.dz\\\/#website\",\"url\":\"https:\\\/\\\/lasentinelle.dz\\\/\",\"name\":\"La Sentinelle\",\"description\":\"Quotidien national d&#039;information\",\"publisher\":{\"@id\":\"https:\\\/\\\/lasentinelle.dz\\\/#organization\"},\"potentialAction\":[{\"@type\":\"SearchAction\",\"target\":{\"@type\":\"EntryPoint\",\"urlTemplate\":\"https:\\\/\\\/lasentinelle.dz\\\/?s={search_term_string}\"},\"query-input\":{\"@type\":\"PropertyValueSpecification\",\"valueRequired\":true,\"valueName\":\"search_term_string\"}}],\"inLanguage\":\"fr-FR\"},{\"@type\":\"Organization\",\"@id\":\"https:\\\/\\\/lasentinelle.dz\\\/#organization\",\"name\":\"Quotidien La Sentinelle\",\"url\":\"https:\\\/\\\/lasentinelle.dz\\\/\",\"logo\":{\"@type\":\"ImageObject\",\"inLanguage\":\"fr-FR\",\"@id\":\"https:\\\/\\\/lasentinelle.dz\\\/#\\\/schema\\\/logo\\\/image\\\/\",\"url\":\"https:\\\/\\\/lasentinelle.dz\\\/wp-content\\\/uploads\\\/2021\\\/09\\\/logo-sentinelleSLOGAN-1.png\",\"contentUrl\":\"https:\\\/\\\/lasentinelle.dz\\\/wp-content\\\/uploads\\\/2021\\\/09\\\/logo-sentinelleSLOGAN-1.png\",\"width\":615,\"height\":142,\"caption\":\"Quotidien La Sentinelle\"},\"image\":{\"@id\":\"https:\\\/\\\/lasentinelle.dz\\\/#\\\/schema\\\/logo\\\/image\\\/\"},\"sameAs\":[\"https:\\\/\\\/www.facebook.com\\\/La-Sentinelle-104059864394773\"]},{\"@type\":\"Person\",\"@id\":\"https:\\\/\\\/lasentinelle.dz\\\/#\\\/schema\\\/person\\\/d865044e22e70a75174ce8bcad3acfb3\",\"name\":\"La Sentinelle\",\"image\":{\"@type\":\"ImageObject\",\"inLanguage\":\"fr-FR\",\"@id\":\"https:\\\/\\\/secure.gravatar.com\\\/avatar\\\/57de8e5d4b15d43fb361a71fbb36338450fe67865b528a43dd10ef7c51a20392?s=96&d=mm&r=g\",\"url\":\"https:\\\/\\\/secure.gravatar.com\\\/avatar\\\/57de8e5d4b15d43fb361a71fbb36338450fe67865b528a43dd10ef7c51a20392?s=96&d=mm&r=g\",\"contentUrl\":\"https:\\\/\\\/secure.gravatar.com\\\/avatar\\\/57de8e5d4b15d43fb361a71fbb36338450fe67865b528a43dd10ef7c51a20392?s=96&d=mm&r=g\",\"caption\":\"La Sentinelle\"},\"sameAs\":[\"http:\\\/\\\/www.lasentinelle.dz\"],\"url\":\"https:\\\/\\\/lasentinelle.dz\\\/author\\\/redaction\\\/\"}]}<\/script>\n<!-- \/ Yoast SEO plugin. -->","yoast_head_json":{"title":"L&rsquo;Alg\u00e9rie rappelle son ambassadeur pour d\u00e9noncer le soutien de la France au plan d&rsquo;autonomie marocain - La Sentinelle","robots":{"index":"index","follow":"follow","max-snippet":"max-snippet:-1","max-image-preview":"max-image-preview:large","max-video-preview":"max-video-preview:-1"},"canonical":"https:\/\/lasentinelle.dz\/index.php\/2024\/07\/31\/lalgerie-rappelle-son-ambassadeur-pour-denoncer-le-soutien-de-la-france-au-plan-dautonomie-marocain\/","og_locale":"fr_FR","og_type":"article","og_title":"L&rsquo;Alg\u00e9rie rappelle son ambassadeur pour d\u00e9noncer le soutien de la France au plan d&rsquo;autonomie marocain - La Sentinelle","og_description":"La d\u00e9cision ferme d&rsquo;Alger L&rsquo;Alg\u00e9rie a pris la d\u00e9cision ferme de rappeler son ambassadeur en France avec effet imm\u00e9diat, suite","og_url":"https:\/\/lasentinelle.dz\/index.php\/2024\/07\/31\/lalgerie-rappelle-son-ambassadeur-pour-denoncer-le-soutien-de-la-france-au-plan-dautonomie-marocain\/","og_site_name":"La Sentinelle","article_publisher":"https:\/\/www.facebook.com\/La-Sentinelle-104059864394773","article_published_time":"2024-07-31T13:11:22+00:00","og_image":[{"width":1354,"height":900,"url":"https:\/\/lasentinelle.dz\/wp-content\/uploads\/2022\/03\/MAE.png","type":"image\/png"}],"author":"La Sentinelle","twitter_card":"summary_large_image","twitter_misc":{"\u00c9crit par":"La Sentinelle","Dur\u00e9e de lecture estim\u00e9e":"5 minutes"},"schema":{"@context":"https:\/\/schema.org","@graph":[{"@type":"Article","@id":"https:\/\/lasentinelle.dz\/index.php\/2024\/07\/31\/lalgerie-rappelle-son-ambassadeur-pour-denoncer-le-soutien-de-la-france-au-plan-dautonomie-marocain\/#article","isPartOf":{"@id":"https:\/\/lasentinelle.dz\/index.php\/2024\/07\/31\/lalgerie-rappelle-son-ambassadeur-pour-denoncer-le-soutien-de-la-france-au-plan-dautonomie-marocain\/"},"author":{"name":"La Sentinelle","@id":"https:\/\/lasentinelle.dz\/#\/schema\/person\/d865044e22e70a75174ce8bcad3acfb3"},"headline":"L&rsquo;Alg\u00e9rie rappelle son ambassadeur pour d\u00e9noncer le soutien de la France au plan d&rsquo;autonomie marocain","datePublished":"2024-07-31T13:11:22+00:00","mainEntityOfPage":{"@id":"https:\/\/lasentinelle.dz\/index.php\/2024\/07\/31\/lalgerie-rappelle-son-ambassadeur-pour-denoncer-le-soutien-de-la-france-au-plan-dautonomie-marocain\/"},"wordCount":1103,"commentCount":0,"publisher":{"@id":"https:\/\/lasentinelle.dz\/#organization"},"image":{"@id":"https:\/\/lasentinelle.dz\/index.php\/2024\/07\/31\/lalgerie-rappelle-son-ambassadeur-pour-denoncer-le-soutien-de-la-france-au-plan-dautonomie-marocain\/#primaryimage"},"thumbnailUrl":"https:\/\/lasentinelle.dz\/wp-content\/uploads\/2022\/03\/MAE.png","articleSection":["\u00c0 la Une","Actualit\u00e9"],"inLanguage":"fr-FR","potentialAction":[{"@type":"CommentAction","name":"Comment","target":["https:\/\/lasentinelle.dz\/index.php\/2024\/07\/31\/lalgerie-rappelle-son-ambassadeur-pour-denoncer-le-soutien-de-la-france-au-plan-dautonomie-marocain\/#respond"]}]},{"@type":"WebPage","@id":"https:\/\/lasentinelle.dz\/index.php\/2024\/07\/31\/lalgerie-rappelle-son-ambassadeur-pour-denoncer-le-soutien-de-la-france-au-plan-dautonomie-marocain\/","url":"https:\/\/lasentinelle.dz\/index.php\/2024\/07\/31\/lalgerie-rappelle-son-ambassadeur-pour-denoncer-le-soutien-de-la-france-au-plan-dautonomie-marocain\/","name":"L&rsquo;Alg\u00e9rie rappelle son ambassadeur pour d\u00e9noncer le soutien de la France au plan d&rsquo;autonomie marocain - La Sentinelle","isPartOf":{"@id":"https:\/\/lasentinelle.dz\/#website"},"primaryImageOfPage":{"@id":"https:\/\/lasentinelle.dz\/index.php\/2024\/07\/31\/lalgerie-rappelle-son-ambassadeur-pour-denoncer-le-soutien-de-la-france-au-plan-dautonomie-marocain\/#primaryimage"},"image":{"@id":"https:\/\/lasentinelle.dz\/index.php\/2024\/07\/31\/lalgerie-rappelle-son-ambassadeur-pour-denoncer-le-soutien-de-la-france-au-plan-dautonomie-marocain\/#primaryimage"},"thumbnailUrl":"https:\/\/lasentinelle.dz\/wp-content\/uploads\/2022\/03\/MAE.png","datePublished":"2024-07-31T13:11:22+00:00","breadcrumb":{"@id":"https:\/\/lasentinelle.dz\/index.php\/2024\/07\/31\/lalgerie-rappelle-son-ambassadeur-pour-denoncer-le-soutien-de-la-france-au-plan-dautonomie-marocain\/#breadcrumb"},"inLanguage":"fr-FR","potentialAction":[{"@type":"ReadAction","target":["https:\/\/lasentinelle.dz\/index.php\/2024\/07\/31\/lalgerie-rappelle-son-ambassadeur-pour-denoncer-le-soutien-de-la-france-au-plan-dautonomie-marocain\/"]}]},{"@type":"ImageObject","inLanguage":"fr-FR","@id":"https:\/\/lasentinelle.dz\/index.php\/2024\/07\/31\/lalgerie-rappelle-son-ambassadeur-pour-denoncer-le-soutien-de-la-france-au-plan-dautonomie-marocain\/#primaryimage","url":"https:\/\/lasentinelle.dz\/wp-content\/uploads\/2022\/03\/MAE.png","contentUrl":"https:\/\/lasentinelle.dz\/wp-content\/uploads\/2022\/03\/MAE.png","width":1354,"height":900},{"@type":"BreadcrumbList","@id":"https:\/\/lasentinelle.dz\/index.php\/2024\/07\/31\/lalgerie-rappelle-son-ambassadeur-pour-denoncer-le-soutien-de-la-france-au-plan-dautonomie-marocain\/#breadcrumb","itemListElement":[{"@type":"ListItem","position":1,"name":"Accueil","item":"https:\/\/lasentinelle.dz\/"},{"@type":"ListItem","position":2,"name":"L&rsquo;Alg\u00e9rie rappelle son ambassadeur pour d\u00e9noncer le soutien de la France au plan d&rsquo;autonomie marocain"}]},{"@type":"WebSite","@id":"https:\/\/lasentinelle.dz\/#website","url":"https:\/\/lasentinelle.dz\/","name":"La Sentinelle","description":"Quotidien national d&#039;information","publisher":{"@id":"https:\/\/lasentinelle.dz\/#organization"},"potentialAction":[{"@type":"SearchAction","target":{"@type":"EntryPoint","urlTemplate":"https:\/\/lasentinelle.dz\/?s={search_term_string}"},"query-input":{"@type":"PropertyValueSpecification","valueRequired":true,"valueName":"search_term_string"}}],"inLanguage":"fr-FR"},{"@type":"Organization","@id":"https:\/\/lasentinelle.dz\/#organization","name":"Quotidien La Sentinelle","url":"https:\/\/lasentinelle.dz\/","logo":{"@type":"ImageObject","inLanguage":"fr-FR","@id":"https:\/\/lasentinelle.dz\/#\/schema\/logo\/image\/","url":"https:\/\/lasentinelle.dz\/wp-content\/uploads\/2021\/09\/logo-sentinelleSLOGAN-1.png","contentUrl":"https:\/\/lasentinelle.dz\/wp-content\/uploads\/2021\/09\/logo-sentinelleSLOGAN-1.png","width":615,"height":142,"caption":"Quotidien La Sentinelle"},"image":{"@id":"https:\/\/lasentinelle.dz\/#\/schema\/logo\/image\/"},"sameAs":["https:\/\/www.facebook.com\/La-Sentinelle-104059864394773"]},{"@type":"Person","@id":"https:\/\/lasentinelle.dz\/#\/schema\/person\/d865044e22e70a75174ce8bcad3acfb3","name":"La Sentinelle","image":{"@type":"ImageObject","inLanguage":"fr-FR","@id":"https:\/\/secure.gravatar.com\/avatar\/57de8e5d4b15d43fb361a71fbb36338450fe67865b528a43dd10ef7c51a20392?s=96&d=mm&r=g","url":"https:\/\/secure.gravatar.com\/avatar\/57de8e5d4b15d43fb361a71fbb36338450fe67865b528a43dd10ef7c51a20392?s=96&d=mm&r=g","contentUrl":"https:\/\/secure.gravatar.com\/avatar\/57de8e5d4b15d43fb361a71fbb36338450fe67865b528a43dd10ef7c51a20392?s=96&d=mm&r=g","caption":"La Sentinelle"},"sameAs":["http:\/\/www.lasentinelle.dz"],"url":"https:\/\/lasentinelle.dz\/author\/redaction\/"}]}},"_links":{"self":[{"href":"https:\/\/lasentinelle.dz\/index.php\/wp-json\/wp\/v2\/posts\/55142","targetHints":{"allow":["GET"]}}],"collection":[{"href":"https:\/\/lasentinelle.dz\/index.php\/wp-json\/wp\/v2\/posts"}],"about":[{"href":"https:\/\/lasentinelle.dz\/index.php\/wp-json\/wp\/v2\/types\/post"}],"author":[{"embeddable":true,"href":"https:\/\/lasentinelle.dz\/index.php\/wp-json\/wp\/v2\/users\/3"}],"replies":[{"embeddable":true,"href":"https:\/\/lasentinelle.dz\/index.php\/wp-json\/wp\/v2\/comments?post=55142"}],"version-history":[{"count":2,"href":"https:\/\/lasentinelle.dz\/index.php\/wp-json\/wp\/v2\/posts\/55142\/revisions"}],"predecessor-version":[{"id":55144,"href":"https:\/\/lasentinelle.dz\/index.php\/wp-json\/wp\/v2\/posts\/55142\/revisions\/55144"}],"wp:featuredmedia":[{"embeddable":true,"href":"https:\/\/lasentinelle.dz\/index.php\/wp-json\/wp\/v2\/media\/17988"}],"wp:attachment":[{"href":"https:\/\/lasentinelle.dz\/index.php\/wp-json\/wp\/v2\/media?parent=55142"}],"wp:term":[{"taxonomy":"category","embeddable":true,"href":"https:\/\/lasentinelle.dz\/index.php\/wp-json\/wp\/v2\/categories?post=55142"},{"taxonomy":"post_tag","embeddable":true,"href":"https:\/\/lasentinelle.dz\/index.php\/wp-json\/wp\/v2\/tags?post=55142"}],"curies":[{"name":"wp","href":"https:\/\/api.w.org\/{rel}","templated":true}]}}