{"id":55165,"date":"2024-07-31T22:20:06","date_gmt":"2024-07-31T21:20:06","guid":{"rendered":"https:\/\/lasentinelle.dz\/?p=55165"},"modified":"2024-07-31T22:20:07","modified_gmt":"2024-07-31T21:20:07","slug":"annaba-cap-sur-les-cultures-strategiques","status":"publish","type":"post","link":"https:\/\/lasentinelle.dz\/index.php\/2024\/07\/31\/annaba-cap-sur-les-cultures-strategiques\/","title":{"rendered":"Annaba: Cap sur les cultures strat\u00e9giques"},"content":{"rendered":"\n<p>Les services de la wilaya d&rsquo;Annaba ont \u00e9largi les superficies agricoles d\u00e9di\u00e9es aux cultures strat\u00e9giques.<\/p>\n\n\n\n<p>La d\u00e9marche a pour objectif l&rsquo;introduction de nouvelles cultures mieux adapt\u00e9es au climat de la r\u00e9gion. Au-del\u00e0, l&rsquo;objectif est surtout de contribuer \u00e0 la r\u00e9duction de la facture d&rsquo;importations de ces produits et de participer aux objectifs fix\u00e9s en mati\u00e8re de consolidation de la s\u00e9curit\u00e9 alimentaire pr\u00f4n\u00e9e par les pouvoirs de l&rsquo;\u00c9tat. Dans ce contexte, la direction des services agricoles de la wilaya d&rsquo;Annaba (DSA) s&rsquo;est mise \u00e0 l&rsquo;\u0153uvre pour introduire et renforcer plusieurs cat\u00e9gories de cultures. Les m\u00eames services ont, pour cela, r\u00e9serv\u00e9 plusieurs centaines d&rsquo;hectares pour introduire et renforcer de nouveaux types de cultures strat\u00e9giques. \u00c0 cet effet, 100 hectares ont \u00e9t\u00e9 d\u00e9di\u00e9s \u00e0 la culture du kernza. Une vari\u00e9t\u00e9 de c\u00e9r\u00e9ale p\u00e9renne d\u00e9velopp\u00e9e \u00e0 partir du bl\u00e9 sauvage, offrant ainsi des avantages environnementaux gr\u00e2ce \u00e0 son enracinement profond et sa durabilit\u00e9. Aussi, 160 hectares ont \u00e9t\u00e9 r\u00e9serv\u00e9s \u00e0 la culture du tournesol. Ces deux vari\u00e9t\u00e9s de cultures, relevant du secteur agroalimentaire, sont destin\u00e9es \u00e0 la transformation et sont utilis\u00e9es dans la production d&rsquo;huile de table, en plus de leur usage pharmaceutique. Dans le m\u00eame contexte, pas moins de 67 hectares ont \u00e9t\u00e9 affect\u00e9s pour renforcer la production de l\u00e9gumes secs et 170 hectares pour booster la production c\u00e9r\u00e9ali\u00e8re. Ces projets \u00e0 caract\u00e8re strat\u00e9gique visent \u00e0 assurer la s\u00e9curit\u00e9 alimentaire et \u00e0 r\u00e9duire les importations, tout en cr\u00e9ant de v\u00e9ritables p\u00f4les de d\u00e9veloppement dans les diff\u00e9rentes fili\u00e8res agricoles. Ce programme, qui s&rsquo;\u00e9tendra de 2024 jusqu&rsquo;\u00e0 2025, fait suite au d\u00e9cret ex\u00e9cutif n\u00b024-55 du 23 janvier 2024. Ce d\u00e9cret modifiant et compl\u00e9tant le d\u00e9cret ex\u00e9cutif n\u00b021-432 en date du 4 novembre 2021, d\u00e9finit les conditions et modalit\u00e9s d&rsquo;attribution des terres relevant du domaine priv\u00e9 de l&rsquo;\u00c9tat, \u00e0 mettre en valeur dans le cadre de la concession. Les articles 13 et 14 du d\u00e9cret sont consacr\u00e9s \u00e0 l&rsquo;introduction d&rsquo;une proc\u00e9dure exceptionnelle d&rsquo;octroi d&rsquo;un foncier agricole \u00e0 mettre en valeur par la concession, afin de mettre en \u0153uvre des projets \u00e0 caract\u00e8re strat\u00e9gique. Rappelons que le ministre de l&rsquo;Agriculture et du D\u00e9veloppement rural, Youcef Cherfa, avait appel\u00e9 depuis la wilaya de Skikda o\u00f9 il avait donn\u00e9, en juin dernier, le coup d&rsquo;envoi de la campagne moisson-battage, \u00e0 l&rsquo;adh\u00e9sion au plan national des cultures strat\u00e9giques. Le minist\u00e8re avait d\u00e8s lors expliqu\u00e9 que le principe consiste en l&rsquo;introduction de nouvelles cultures mieux adapt\u00e9es au climat des diff\u00e9rentes r\u00e9gions de l&rsquo;Alg\u00e9rie, tout en r\u00e9duisant la d\u00e9pendance aux importations de ces produits.<\/p>\n\n\n\n<p><strong>Sofia Chahine<\/strong><\/p>\n","protected":false},"excerpt":{"rendered":"<p>Les services de la wilaya d&rsquo;Annaba ont \u00e9largi les superficies agricoles d\u00e9di\u00e9es aux cultures strat\u00e9giques. La d\u00e9marche a pour objectif<\/p>\n","protected":false},"author":3,"featured_media":34772,"comment_status":"open","ping_status":"closed","sticky":false,"template":"","format":"standard","meta":{"colormag_page_container_layout":"default_layout","colormag_page_sidebar_layout":"default_layout","om_disable_all_campaigns":false,"_monsterinsights_skip_tracking":false,"_monsterinsights_sitenote_active":false,"_monsterinsights_sitenote_note":"","_monsterinsights_sitenote_category":0,"footnotes":"","_wpscppro_dont_share_socialmedia":false,"_wpscppro_custom_social_share_image":0,"_facebook_share_type":"default","_twitter_share_type":"default","_linkedin_share_type":"default","_pinterest_share_type":"default","_linkedin_share_type_page":"","_instagram_share_type":"default","_medium_share_type":"","_threads_share_type":"","_google_business_share_type":"","_selected_social_profile":[],"_wpsp_enable_custom_social_template":false,"_wpsp_social_scheduling":{"enabled":false,"datetime":null,"platforms":[],"status":"template_only","dateOption":"today","timeOption":"now","customDays":"","customHours":"","customDate":"","customTime":"","schedulingType":"absolute"},"_wpsp_active_default_template":true},"categories":[31],"tags":[],"class_list":["post-55165","post","type-post","status-publish","format-standard","has-post-thumbnail","hentry","category-regions"],"aioseo_notices":[],"yoast_head":"<!-- This site is optimized with the Yoast SEO plugin v27.5 - https:\/\/yoast.com\/product\/yoast-seo-wordpress\/ -->\n<title>Annaba: Cap sur les cultures strat\u00e9giques - La Sentinelle<\/title>\n<meta name=\"robots\" content=\"index, follow, max-snippet:-1, max-image-preview:large, max-video-preview:-1\" \/>\n<link rel=\"canonical\" href=\"https:\/\/lasentinelle.dz\/index.php\/2024\/07\/31\/annaba-cap-sur-les-cultures-strategiques\/\" \/>\n<meta property=\"og:locale\" content=\"fr_FR\" \/>\n<meta property=\"og:type\" content=\"article\" \/>\n<meta property=\"og:title\" content=\"Annaba: Cap sur les cultures strat\u00e9giques - La Sentinelle\" \/>\n<meta property=\"og:description\" content=\"Les services de la wilaya d&rsquo;Annaba ont \u00e9largi les superficies agricoles d\u00e9di\u00e9es aux cultures strat\u00e9giques. La d\u00e9marche a pour objectif\" \/>\n<meta property=\"og:url\" content=\"https:\/\/lasentinelle.dz\/index.php\/2024\/07\/31\/annaba-cap-sur-les-cultures-strategiques\/\" \/>\n<meta property=\"og:site_name\" content=\"La Sentinelle\" \/>\n<meta property=\"article:publisher\" content=\"https:\/\/www.facebook.com\/La-Sentinelle-104059864394773\" \/>\n<meta property=\"article:published_time\" content=\"2024-07-31T21:20:06+00:00\" \/>\n<meta property=\"article:modified_time\" content=\"2024-07-31T21:20:07+00:00\" \/>\n<meta property=\"og:image\" content=\"https:\/\/lasentinelle.dz\/wp-content\/uploads\/2023\/01\/cereales-2.png\" \/>\n\t<meta property=\"og:image:width\" content=\"1351\" \/>\n\t<meta property=\"og:image:height\" content=\"900\" \/>\n\t<meta property=\"og:image:type\" content=\"image\/png\" \/>\n<meta name=\"author\" content=\"La Sentinelle\" \/>\n<meta name=\"twitter:card\" content=\"summary_large_image\" \/>\n<meta name=\"twitter:label1\" content=\"\u00c9crit par\" \/>\n\t<meta name=\"twitter:data1\" content=\"La Sentinelle\" \/>\n\t<meta name=\"twitter:label2\" content=\"Dur\u00e9e de lecture estim\u00e9e\" \/>\n\t<meta name=\"twitter:data2\" content=\"3 minutes\" \/>\n<script type=\"application\/ld+json\" class=\"yoast-schema-graph\">{\"@context\":\"https:\\\/\\\/schema.org\",\"@graph\":[{\"@type\":\"Article\",\"@id\":\"https:\\\/\\\/lasentinelle.dz\\\/index.php\\\/2024\\\/07\\\/31\\\/annaba-cap-sur-les-cultures-strategiques\\\/#article\",\"isPartOf\":{\"@id\":\"https:\\\/\\\/lasentinelle.dz\\\/index.php\\\/2024\\\/07\\\/31\\\/annaba-cap-sur-les-cultures-strategiques\\\/\"},\"author\":{\"name\":\"La Sentinelle\",\"@id\":\"https:\\\/\\\/lasentinelle.dz\\\/#\\\/schema\\\/person\\\/d865044e22e70a75174ce8bcad3acfb3\"},\"headline\":\"Annaba: Cap sur les cultures strat\u00e9giques\",\"datePublished\":\"2024-07-31T21:20:06+00:00\",\"dateModified\":\"2024-07-31T21:20:07+00:00\",\"mainEntityOfPage\":{\"@id\":\"https:\\\/\\\/lasentinelle.dz\\\/index.php\\\/2024\\\/07\\\/31\\\/annaba-cap-sur-les-cultures-strategiques\\\/\"},\"wordCount\":488,\"commentCount\":0,\"publisher\":{\"@id\":\"https:\\\/\\\/lasentinelle.dz\\\/#organization\"},\"image\":{\"@id\":\"https:\\\/\\\/lasentinelle.dz\\\/index.php\\\/2024\\\/07\\\/31\\\/annaba-cap-sur-les-cultures-strategiques\\\/#primaryimage\"},\"thumbnailUrl\":\"https:\\\/\\\/lasentinelle.dz\\\/wp-content\\\/uploads\\\/2023\\\/01\\\/cereales-2.png\",\"articleSection\":[\"R\u00e9gions\"],\"inLanguage\":\"fr-FR\",\"potentialAction\":[{\"@type\":\"CommentAction\",\"name\":\"Comment\",\"target\":[\"https:\\\/\\\/lasentinelle.dz\\\/index.php\\\/2024\\\/07\\\/31\\\/annaba-cap-sur-les-cultures-strategiques\\\/#respond\"]}]},{\"@type\":\"WebPage\",\"@id\":\"https:\\\/\\\/lasentinelle.dz\\\/index.php\\\/2024\\\/07\\\/31\\\/annaba-cap-sur-les-cultures-strategiques\\\/\",\"url\":\"https:\\\/\\\/lasentinelle.dz\\\/index.php\\\/2024\\\/07\\\/31\\\/annaba-cap-sur-les-cultures-strategiques\\\/\",\"name\":\"Annaba: Cap sur les cultures strat\u00e9giques - La Sentinelle\",\"isPartOf\":{\"@id\":\"https:\\\/\\\/lasentinelle.dz\\\/#website\"},\"primaryImageOfPage\":{\"@id\":\"https:\\\/\\\/lasentinelle.dz\\\/index.php\\\/2024\\\/07\\\/31\\\/annaba-cap-sur-les-cultures-strategiques\\\/#primaryimage\"},\"image\":{\"@id\":\"https:\\\/\\\/lasentinelle.dz\\\/index.php\\\/2024\\\/07\\\/31\\\/annaba-cap-sur-les-cultures-strategiques\\\/#primaryimage\"},\"thumbnailUrl\":\"https:\\\/\\\/lasentinelle.dz\\\/wp-content\\\/uploads\\\/2023\\\/01\\\/cereales-2.png\",\"datePublished\":\"2024-07-31T21:20:06+00:00\",\"dateModified\":\"2024-07-31T21:20:07+00:00\",\"breadcrumb\":{\"@id\":\"https:\\\/\\\/lasentinelle.dz\\\/index.php\\\/2024\\\/07\\\/31\\\/annaba-cap-sur-les-cultures-strategiques\\\/#breadcrumb\"},\"inLanguage\":\"fr-FR\",\"potentialAction\":[{\"@type\":\"ReadAction\",\"target\":[\"https:\\\/\\\/lasentinelle.dz\\\/index.php\\\/2024\\\/07\\\/31\\\/annaba-cap-sur-les-cultures-strategiques\\\/\"]}]},{\"@type\":\"ImageObject\",\"inLanguage\":\"fr-FR\",\"@id\":\"https:\\\/\\\/lasentinelle.dz\\\/index.php\\\/2024\\\/07\\\/31\\\/annaba-cap-sur-les-cultures-strategiques\\\/#primaryimage\",\"url\":\"https:\\\/\\\/lasentinelle.dz\\\/wp-content\\\/uploads\\\/2023\\\/01\\\/cereales-2.png\",\"contentUrl\":\"https:\\\/\\\/lasentinelle.dz\\\/wp-content\\\/uploads\\\/2023\\\/01\\\/cereales-2.png\",\"width\":1351,\"height\":900},{\"@type\":\"BreadcrumbList\",\"@id\":\"https:\\\/\\\/lasentinelle.dz\\\/index.php\\\/2024\\\/07\\\/31\\\/annaba-cap-sur-les-cultures-strategiques\\\/#breadcrumb\",\"itemListElement\":[{\"@type\":\"ListItem\",\"position\":1,\"name\":\"Accueil\",\"item\":\"https:\\\/\\\/lasentinelle.dz\\\/\"},{\"@type\":\"ListItem\",\"position\":2,\"name\":\"Annaba: Cap sur les cultures strat\u00e9giques\"}]},{\"@type\":\"WebSite\",\"@id\":\"https:\\\/\\\/lasentinelle.dz\\\/#website\",\"url\":\"https:\\\/\\\/lasentinelle.dz\\\/\",\"name\":\"La Sentinelle\",\"description\":\"Quotidien national d&#039;information\",\"publisher\":{\"@id\":\"https:\\\/\\\/lasentinelle.dz\\\/#organization\"},\"potentialAction\":[{\"@type\":\"SearchAction\",\"target\":{\"@type\":\"EntryPoint\",\"urlTemplate\":\"https:\\\/\\\/lasentinelle.dz\\\/?s={search_term_string}\"},\"query-input\":{\"@type\":\"PropertyValueSpecification\",\"valueRequired\":true,\"valueName\":\"search_term_string\"}}],\"inLanguage\":\"fr-FR\"},{\"@type\":\"Organization\",\"@id\":\"https:\\\/\\\/lasentinelle.dz\\\/#organization\",\"name\":\"Quotidien La Sentinelle\",\"url\":\"https:\\\/\\\/lasentinelle.dz\\\/\",\"logo\":{\"@type\":\"ImageObject\",\"inLanguage\":\"fr-FR\",\"@id\":\"https:\\\/\\\/lasentinelle.dz\\\/#\\\/schema\\\/logo\\\/image\\\/\",\"url\":\"https:\\\/\\\/lasentinelle.dz\\\/wp-content\\\/uploads\\\/2021\\\/09\\\/logo-sentinelleSLOGAN-1.png\",\"contentUrl\":\"https:\\\/\\\/lasentinelle.dz\\\/wp-content\\\/uploads\\\/2021\\\/09\\\/logo-sentinelleSLOGAN-1.png\",\"width\":615,\"height\":142,\"caption\":\"Quotidien La Sentinelle\"},\"image\":{\"@id\":\"https:\\\/\\\/lasentinelle.dz\\\/#\\\/schema\\\/logo\\\/image\\\/\"},\"sameAs\":[\"https:\\\/\\\/www.facebook.com\\\/La-Sentinelle-104059864394773\"]},{\"@type\":\"Person\",\"@id\":\"https:\\\/\\\/lasentinelle.dz\\\/#\\\/schema\\\/person\\\/d865044e22e70a75174ce8bcad3acfb3\",\"name\":\"La Sentinelle\",\"image\":{\"@type\":\"ImageObject\",\"inLanguage\":\"fr-FR\",\"@id\":\"https:\\\/\\\/secure.gravatar.com\\\/avatar\\\/57de8e5d4b15d43fb361a71fbb36338450fe67865b528a43dd10ef7c51a20392?s=96&d=mm&r=g\",\"url\":\"https:\\\/\\\/secure.gravatar.com\\\/avatar\\\/57de8e5d4b15d43fb361a71fbb36338450fe67865b528a43dd10ef7c51a20392?s=96&d=mm&r=g\",\"contentUrl\":\"https:\\\/\\\/secure.gravatar.com\\\/avatar\\\/57de8e5d4b15d43fb361a71fbb36338450fe67865b528a43dd10ef7c51a20392?s=96&d=mm&r=g\",\"caption\":\"La Sentinelle\"},\"sameAs\":[\"http:\\\/\\\/www.lasentinelle.dz\"],\"url\":\"https:\\\/\\\/lasentinelle.dz\\\/author\\\/redaction\\\/\"}]}<\/script>\n<!-- \/ Yoast SEO plugin. -->","yoast_head_json":{"title":"Annaba: Cap sur les cultures strat\u00e9giques - La Sentinelle","robots":{"index":"index","follow":"follow","max-snippet":"max-snippet:-1","max-image-preview":"max-image-preview:large","max-video-preview":"max-video-preview:-1"},"canonical":"https:\/\/lasentinelle.dz\/index.php\/2024\/07\/31\/annaba-cap-sur-les-cultures-strategiques\/","og_locale":"fr_FR","og_type":"article","og_title":"Annaba: Cap sur les cultures strat\u00e9giques - La Sentinelle","og_description":"Les services de la wilaya d&rsquo;Annaba ont \u00e9largi les superficies agricoles d\u00e9di\u00e9es aux cultures strat\u00e9giques. La d\u00e9marche a pour objectif","og_url":"https:\/\/lasentinelle.dz\/index.php\/2024\/07\/31\/annaba-cap-sur-les-cultures-strategiques\/","og_site_name":"La Sentinelle","article_publisher":"https:\/\/www.facebook.com\/La-Sentinelle-104059864394773","article_published_time":"2024-07-31T21:20:06+00:00","article_modified_time":"2024-07-31T21:20:07+00:00","og_image":[{"width":1351,"height":900,"url":"https:\/\/lasentinelle.dz\/wp-content\/uploads\/2023\/01\/cereales-2.png","type":"image\/png"}],"author":"La Sentinelle","twitter_card":"summary_large_image","twitter_misc":{"\u00c9crit par":"La Sentinelle","Dur\u00e9e de lecture estim\u00e9e":"3 minutes"},"schema":{"@context":"https:\/\/schema.org","@graph":[{"@type":"Article","@id":"https:\/\/lasentinelle.dz\/index.php\/2024\/07\/31\/annaba-cap-sur-les-cultures-strategiques\/#article","isPartOf":{"@id":"https:\/\/lasentinelle.dz\/index.php\/2024\/07\/31\/annaba-cap-sur-les-cultures-strategiques\/"},"author":{"name":"La Sentinelle","@id":"https:\/\/lasentinelle.dz\/#\/schema\/person\/d865044e22e70a75174ce8bcad3acfb3"},"headline":"Annaba: Cap sur les cultures strat\u00e9giques","datePublished":"2024-07-31T21:20:06+00:00","dateModified":"2024-07-31T21:20:07+00:00","mainEntityOfPage":{"@id":"https:\/\/lasentinelle.dz\/index.php\/2024\/07\/31\/annaba-cap-sur-les-cultures-strategiques\/"},"wordCount":488,"commentCount":0,"publisher":{"@id":"https:\/\/lasentinelle.dz\/#organization"},"image":{"@id":"https:\/\/lasentinelle.dz\/index.php\/2024\/07\/31\/annaba-cap-sur-les-cultures-strategiques\/#primaryimage"},"thumbnailUrl":"https:\/\/lasentinelle.dz\/wp-content\/uploads\/2023\/01\/cereales-2.png","articleSection":["R\u00e9gions"],"inLanguage":"fr-FR","potentialAction":[{"@type":"CommentAction","name":"Comment","target":["https:\/\/lasentinelle.dz\/index.php\/2024\/07\/31\/annaba-cap-sur-les-cultures-strategiques\/#respond"]}]},{"@type":"WebPage","@id":"https:\/\/lasentinelle.dz\/index.php\/2024\/07\/31\/annaba-cap-sur-les-cultures-strategiques\/","url":"https:\/\/lasentinelle.dz\/index.php\/2024\/07\/31\/annaba-cap-sur-les-cultures-strategiques\/","name":"Annaba: Cap sur les cultures strat\u00e9giques - La Sentinelle","isPartOf":{"@id":"https:\/\/lasentinelle.dz\/#website"},"primaryImageOfPage":{"@id":"https:\/\/lasentinelle.dz\/index.php\/2024\/07\/31\/annaba-cap-sur-les-cultures-strategiques\/#primaryimage"},"image":{"@id":"https:\/\/lasentinelle.dz\/index.php\/2024\/07\/31\/annaba-cap-sur-les-cultures-strategiques\/#primaryimage"},"thumbnailUrl":"https:\/\/lasentinelle.dz\/wp-content\/uploads\/2023\/01\/cereales-2.png","datePublished":"2024-07-31T21:20:06+00:00","dateModified":"2024-07-31T21:20:07+00:00","breadcrumb":{"@id":"https:\/\/lasentinelle.dz\/index.php\/2024\/07\/31\/annaba-cap-sur-les-cultures-strategiques\/#breadcrumb"},"inLanguage":"fr-FR","potentialAction":[{"@type":"ReadAction","target":["https:\/\/lasentinelle.dz\/index.php\/2024\/07\/31\/annaba-cap-sur-les-cultures-strategiques\/"]}]},{"@type":"ImageObject","inLanguage":"fr-FR","@id":"https:\/\/lasentinelle.dz\/index.php\/2024\/07\/31\/annaba-cap-sur-les-cultures-strategiques\/#primaryimage","url":"https:\/\/lasentinelle.dz\/wp-content\/uploads\/2023\/01\/cereales-2.png","contentUrl":"https:\/\/lasentinelle.dz\/wp-content\/uploads\/2023\/01\/cereales-2.png","width":1351,"height":900},{"@type":"BreadcrumbList","@id":"https:\/\/lasentinelle.dz\/index.php\/2024\/07\/31\/annaba-cap-sur-les-cultures-strategiques\/#breadcrumb","itemListElement":[{"@type":"ListItem","position":1,"name":"Accueil","item":"https:\/\/lasentinelle.dz\/"},{"@type":"ListItem","position":2,"name":"Annaba: Cap sur les cultures strat\u00e9giques"}]},{"@type":"WebSite","@id":"https:\/\/lasentinelle.dz\/#website","url":"https:\/\/lasentinelle.dz\/","name":"La Sentinelle","description":"Quotidien national d&#039;information","publisher":{"@id":"https:\/\/lasentinelle.dz\/#organization"},"potentialAction":[{"@type":"SearchAction","target":{"@type":"EntryPoint","urlTemplate":"https:\/\/lasentinelle.dz\/?s={search_term_string}"},"query-input":{"@type":"PropertyValueSpecification","valueRequired":true,"valueName":"search_term_string"}}],"inLanguage":"fr-FR"},{"@type":"Organization","@id":"https:\/\/lasentinelle.dz\/#organization","name":"Quotidien La Sentinelle","url":"https:\/\/lasentinelle.dz\/","logo":{"@type":"ImageObject","inLanguage":"fr-FR","@id":"https:\/\/lasentinelle.dz\/#\/schema\/logo\/image\/","url":"https:\/\/lasentinelle.dz\/wp-content\/uploads\/2021\/09\/logo-sentinelleSLOGAN-1.png","contentUrl":"https:\/\/lasentinelle.dz\/wp-content\/uploads\/2021\/09\/logo-sentinelleSLOGAN-1.png","width":615,"height":142,"caption":"Quotidien La Sentinelle"},"image":{"@id":"https:\/\/lasentinelle.dz\/#\/schema\/logo\/image\/"},"sameAs":["https:\/\/www.facebook.com\/La-Sentinelle-104059864394773"]},{"@type":"Person","@id":"https:\/\/lasentinelle.dz\/#\/schema\/person\/d865044e22e70a75174ce8bcad3acfb3","name":"La Sentinelle","image":{"@type":"ImageObject","inLanguage":"fr-FR","@id":"https:\/\/secure.gravatar.com\/avatar\/57de8e5d4b15d43fb361a71fbb36338450fe67865b528a43dd10ef7c51a20392?s=96&d=mm&r=g","url":"https:\/\/secure.gravatar.com\/avatar\/57de8e5d4b15d43fb361a71fbb36338450fe67865b528a43dd10ef7c51a20392?s=96&d=mm&r=g","contentUrl":"https:\/\/secure.gravatar.com\/avatar\/57de8e5d4b15d43fb361a71fbb36338450fe67865b528a43dd10ef7c51a20392?s=96&d=mm&r=g","caption":"La Sentinelle"},"sameAs":["http:\/\/www.lasentinelle.dz"],"url":"https:\/\/lasentinelle.dz\/author\/redaction\/"}]}},"_links":{"self":[{"href":"https:\/\/lasentinelle.dz\/index.php\/wp-json\/wp\/v2\/posts\/55165","targetHints":{"allow":["GET"]}}],"collection":[{"href":"https:\/\/lasentinelle.dz\/index.php\/wp-json\/wp\/v2\/posts"}],"about":[{"href":"https:\/\/lasentinelle.dz\/index.php\/wp-json\/wp\/v2\/types\/post"}],"author":[{"embeddable":true,"href":"https:\/\/lasentinelle.dz\/index.php\/wp-json\/wp\/v2\/users\/3"}],"replies":[{"embeddable":true,"href":"https:\/\/lasentinelle.dz\/index.php\/wp-json\/wp\/v2\/comments?post=55165"}],"version-history":[{"count":1,"href":"https:\/\/lasentinelle.dz\/index.php\/wp-json\/wp\/v2\/posts\/55165\/revisions"}],"predecessor-version":[{"id":55166,"href":"https:\/\/lasentinelle.dz\/index.php\/wp-json\/wp\/v2\/posts\/55165\/revisions\/55166"}],"wp:featuredmedia":[{"embeddable":true,"href":"https:\/\/lasentinelle.dz\/index.php\/wp-json\/wp\/v2\/media\/34772"}],"wp:attachment":[{"href":"https:\/\/lasentinelle.dz\/index.php\/wp-json\/wp\/v2\/media?parent=55165"}],"wp:term":[{"taxonomy":"category","embeddable":true,"href":"https:\/\/lasentinelle.dz\/index.php\/wp-json\/wp\/v2\/categories?post=55165"},{"taxonomy":"post_tag","embeddable":true,"href":"https:\/\/lasentinelle.dz\/index.php\/wp-json\/wp\/v2\/tags?post=55165"}],"curies":[{"name":"wp","href":"https:\/\/api.w.org\/{rel}","templated":true}]}}