{"id":55170,"date":"2024-07-31T22:23:42","date_gmt":"2024-07-31T21:23:42","guid":{"rendered":"https:\/\/lasentinelle.dz\/?p=55170"},"modified":"2024-07-31T22:23:43","modified_gmt":"2024-07-31T21:23:43","slug":"opep-vers-le-maintien-du-statu-quo-2","status":"publish","type":"post","link":"https:\/\/lasentinelle.dz\/index.php\/2024\/07\/31\/opep-vers-le-maintien-du-statu-quo-2\/","title":{"rendered":"Opep +: Vers le maintien du statu quo"},"content":{"rendered":"\n<p>Le ministre de l\u2019\u00c9nergie et des Mines, Mohamed Arkab, participe, aujourd\u2019hui, \u00e0 la 55e r\u00e9union minist\u00e9rielle du Comit\u00e9 minist\u00e9riel conjoint de suivi (JMMC), indique un communiqu\u00e9 du minist\u00e8re, qui pr\u00e9cise que cette r\u00e9union se tiendra par vid\u00e9oconf\u00e9rence.<\/p>\n\n\n\n<p>Selon ce communiqu\u00e9, les ministres de l\u2019\u00e9nergie \u00e9valueront au cours de cette r\u00e9union, la mise en \u0153uvre et le respect des engagements de r\u00e9duction de la production, d\u00e9cid\u00e9s par les pays membres de l\u2019Opep+ pour les mois de mai et juin 2024, ajoutant que les ministres \u00e9changeront \u00e9galement leurs points de vue sur l\u2019\u00e9tat actuel du march\u00e9 mondial du p\u00e9trole et ses perspectives \u00e0 court terme.<\/p>\n\n\n\n<p>Ceci dit, les sp\u00e9cialistes ne pr\u00e9voient de d\u00e9cisions importantes de cette r\u00e9union qui devrait maintenir le niveau actuel de la production p\u00e9troli\u00e8re afin de garder l\u2019\u00e9quilibre et la stabilit\u00e9 du march\u00e9 international dans une conjoncture particuli\u00e8re caract\u00e9ris\u00e9e par la persistance du conflit isra\u00e9lo-palestinien et l\u2019\u00e9largissement de la zone de conflit vers la Syrie, le Liban et l\u2019Iran. A cela s\u2019ajoute, la poursuite de la guerre en Ukraine. &nbsp;Autant de facteurs g\u00e9opolitiques qui p\u00e8sent lourdement sur la stabilit\u00e9 et l\u2019\u00e9quilibre du march\u00e9 p\u00e9trolier international dont les prix varient, actuellement, autour des 80 dollars\/baril sachant que les pr\u00e9visions des cabinets d\u2019\u00e9tudes internationaux tablent sur un prix de 100 dollars\/baril d\u2019ici la fin de l\u2019ann\u00e9e 2024.<\/p>\n\n\n\n<p>Par ailleurs, certains responsables du groupe de pays producteurs cit\u00e9 par l\u2019agence d\u2019information <strong>\u201cReuters\u201d<\/strong> ont d\u00e9clar\u00e9 qu\u2019il est peu probable qu&rsquo;un groupe de travail de l&rsquo;Opep+ apporte cette semaine des changements \u00e0 son accord actuel de r\u00e9duction de la production et commence \u00e0 annuler certaines r\u00e9ductions \u00e0 partir d&rsquo;octobre, malgr\u00e9 les r\u00e9centes baisses importantes des prix du p\u00e9trole. L\u00e0 encore, l&rsquo;Opep+ r\u00e9duit actuellement sa production d&rsquo;un total de 5,86 millions de barils par jour (bpj), soit environ 5,7 % de la demande mondiale, dans le cadre d&rsquo;une s\u00e9rie de mesures convenues depuis la fin de 2022.<\/p>\n\n\n\n<p>Lors de sa derni\u00e8re r\u00e9union en juin, le groupe a accept\u00e9 de prolonger les r\u00e9ductions de 3,66 millions de bpj d&rsquo;un an jusqu&rsquo;\u00e0 la fin de 2025 et de prolonger la couche la plus r\u00e9cente de r\u00e9ductions &#8211; une r\u00e9duction de 2,2 millions de bpj par huit membres &#8211; de trois mois jusqu&rsquo;\u00e0 la fin de septembre 2024. L&rsquo;Opep+ pr\u00e9voit d&rsquo;\u00e9liminer progressivement les r\u00e9ductions de 2,2 millions de bpj sur une p\u00e9riode d&rsquo;un an, d&rsquo;octobre 2024 \u00e0 septembre 2025.<\/p>\n\n\n\n<p>Il y a lieu de rappeler que le JMMC se r\u00e9unit p\u00e9riodiquement sur une base bimestrielle afin d\u2019\u00e9valuer la mise en \u0153uvre des d\u00e9cisions prises par l\u2019Opep+ pour maintenir l\u2019\u00e9quilibre et la stabilit\u00e9 du march\u00e9 p\u00e9trolier international.<\/p>\n\n\n\n<p>Ce Comit\u00e9 minist\u00e9riel est compos\u00e9 des repr\u00e9sentants des sept pays membres de l\u2019OPEP, en l\u2019occurrence l\u2019Alg\u00e9rie, l\u2019Arabie saoudite, les Emirats arabes unis, l\u2019Irak, le Kowe\u00eft, le Nig\u00e9ria, le Venezuela ainsi que les repr\u00e9sentants de deux pays non membres de l\u2019OPEP, \u00e0 savoir la Russie et le Kazakhstan.<\/p>\n\n\n\n<p><strong>Hakim <\/strong><strong>Aomar<\/strong><\/p>\n","protected":false},"excerpt":{"rendered":"<p>Le ministre de l\u2019\u00c9nergie et des Mines, Mohamed Arkab, participe, aujourd\u2019hui, \u00e0 la 55e r\u00e9union minist\u00e9rielle du Comit\u00e9 minist\u00e9riel conjoint<\/p>\n","protected":false},"author":3,"featured_media":52301,"comment_status":"open","ping_status":"closed","sticky":false,"template":"","format":"standard","meta":{"colormag_page_container_layout":"default_layout","colormag_page_sidebar_layout":"default_layout","om_disable_all_campaigns":false,"_monsterinsights_skip_tracking":false,"_monsterinsights_sitenote_active":false,"_monsterinsights_sitenote_note":"","_monsterinsights_sitenote_category":0,"footnotes":"","_wpscppro_dont_share_socialmedia":false,"_wpscppro_custom_social_share_image":0,"_facebook_share_type":"default","_twitter_share_type":"default","_linkedin_share_type":"default","_pinterest_share_type":"default","_linkedin_share_type_page":"","_instagram_share_type":"default","_medium_share_type":"","_threads_share_type":"","_google_business_share_type":"","_selected_social_profile":[],"_wpsp_enable_custom_social_template":false,"_wpsp_social_scheduling":{"enabled":false,"datetime":null,"platforms":[],"status":"template_only","dateOption":"today","timeOption":"now","customDays":"","customHours":"","customDate":"","customTime":"","schedulingType":"absolute"},"_wpsp_active_default_template":true},"categories":[29],"tags":[],"class_list":["post-55170","post","type-post","status-publish","format-standard","has-post-thumbnail","hentry","category-economie"],"aioseo_notices":[],"yoast_head":"<!-- This site is optimized with the Yoast SEO plugin v27.5 - https:\/\/yoast.com\/product\/yoast-seo-wordpress\/ -->\n<title>Opep +: Vers le maintien du statu quo - La Sentinelle<\/title>\n<meta name=\"robots\" content=\"index, follow, max-snippet:-1, max-image-preview:large, max-video-preview:-1\" \/>\n<link rel=\"canonical\" href=\"https:\/\/lasentinelle.dz\/index.php\/2024\/07\/31\/opep-vers-le-maintien-du-statu-quo-2\/\" \/>\n<meta property=\"og:locale\" content=\"fr_FR\" \/>\n<meta property=\"og:type\" content=\"article\" \/>\n<meta property=\"og:title\" content=\"Opep +: Vers le maintien du statu quo - La Sentinelle\" \/>\n<meta property=\"og:description\" content=\"Le ministre de l\u2019\u00c9nergie et des Mines, Mohamed Arkab, participe, aujourd\u2019hui, \u00e0 la 55e r\u00e9union minist\u00e9rielle du Comit\u00e9 minist\u00e9riel conjoint\" \/>\n<meta property=\"og:url\" content=\"https:\/\/lasentinelle.dz\/index.php\/2024\/07\/31\/opep-vers-le-maintien-du-statu-quo-2\/\" \/>\n<meta property=\"og:site_name\" content=\"La Sentinelle\" \/>\n<meta property=\"article:publisher\" content=\"https:\/\/www.facebook.com\/La-Sentinelle-104059864394773\" \/>\n<meta property=\"article:published_time\" content=\"2024-07-31T21:23:42+00:00\" \/>\n<meta property=\"article:modified_time\" content=\"2024-07-31T21:23:43+00:00\" \/>\n<meta property=\"og:image\" content=\"https:\/\/lasentinelle.dz\/wp-content\/uploads\/2024\/05\/OPEC.jpeg\" \/>\n\t<meta property=\"og:image:width\" content=\"1200\" \/>\n\t<meta property=\"og:image:height\" content=\"802\" \/>\n\t<meta property=\"og:image:type\" content=\"image\/jpeg\" \/>\n<meta name=\"author\" content=\"La Sentinelle\" \/>\n<meta name=\"twitter:card\" content=\"summary_large_image\" \/>\n<meta name=\"twitter:label1\" content=\"\u00c9crit par\" \/>\n\t<meta name=\"twitter:data1\" content=\"La Sentinelle\" \/>\n\t<meta name=\"twitter:label2\" content=\"Dur\u00e9e de lecture estim\u00e9e\" \/>\n\t<meta name=\"twitter:data2\" content=\"3 minutes\" \/>\n<script type=\"application\/ld+json\" class=\"yoast-schema-graph\">{\"@context\":\"https:\\\/\\\/schema.org\",\"@graph\":[{\"@type\":\"Article\",\"@id\":\"https:\\\/\\\/lasentinelle.dz\\\/index.php\\\/2024\\\/07\\\/31\\\/opep-vers-le-maintien-du-statu-quo-2\\\/#article\",\"isPartOf\":{\"@id\":\"https:\\\/\\\/lasentinelle.dz\\\/index.php\\\/2024\\\/07\\\/31\\\/opep-vers-le-maintien-du-statu-quo-2\\\/\"},\"author\":{\"name\":\"La Sentinelle\",\"@id\":\"https:\\\/\\\/lasentinelle.dz\\\/#\\\/schema\\\/person\\\/d865044e22e70a75174ce8bcad3acfb3\"},\"headline\":\"Opep +: Vers le maintien du statu quo\",\"datePublished\":\"2024-07-31T21:23:42+00:00\",\"dateModified\":\"2024-07-31T21:23:43+00:00\",\"mainEntityOfPage\":{\"@id\":\"https:\\\/\\\/lasentinelle.dz\\\/index.php\\\/2024\\\/07\\\/31\\\/opep-vers-le-maintien-du-statu-quo-2\\\/\"},\"wordCount\":555,\"commentCount\":0,\"publisher\":{\"@id\":\"https:\\\/\\\/lasentinelle.dz\\\/#organization\"},\"image\":{\"@id\":\"https:\\\/\\\/lasentinelle.dz\\\/index.php\\\/2024\\\/07\\\/31\\\/opep-vers-le-maintien-du-statu-quo-2\\\/#primaryimage\"},\"thumbnailUrl\":\"https:\\\/\\\/lasentinelle.dz\\\/wp-content\\\/uploads\\\/2024\\\/05\\\/OPEC.jpeg\",\"articleSection\":[\"\u00c9conomie\"],\"inLanguage\":\"fr-FR\",\"potentialAction\":[{\"@type\":\"CommentAction\",\"name\":\"Comment\",\"target\":[\"https:\\\/\\\/lasentinelle.dz\\\/index.php\\\/2024\\\/07\\\/31\\\/opep-vers-le-maintien-du-statu-quo-2\\\/#respond\"]}]},{\"@type\":\"WebPage\",\"@id\":\"https:\\\/\\\/lasentinelle.dz\\\/index.php\\\/2024\\\/07\\\/31\\\/opep-vers-le-maintien-du-statu-quo-2\\\/\",\"url\":\"https:\\\/\\\/lasentinelle.dz\\\/index.php\\\/2024\\\/07\\\/31\\\/opep-vers-le-maintien-du-statu-quo-2\\\/\",\"name\":\"Opep +: Vers le maintien du statu quo - La Sentinelle\",\"isPartOf\":{\"@id\":\"https:\\\/\\\/lasentinelle.dz\\\/#website\"},\"primaryImageOfPage\":{\"@id\":\"https:\\\/\\\/lasentinelle.dz\\\/index.php\\\/2024\\\/07\\\/31\\\/opep-vers-le-maintien-du-statu-quo-2\\\/#primaryimage\"},\"image\":{\"@id\":\"https:\\\/\\\/lasentinelle.dz\\\/index.php\\\/2024\\\/07\\\/31\\\/opep-vers-le-maintien-du-statu-quo-2\\\/#primaryimage\"},\"thumbnailUrl\":\"https:\\\/\\\/lasentinelle.dz\\\/wp-content\\\/uploads\\\/2024\\\/05\\\/OPEC.jpeg\",\"datePublished\":\"2024-07-31T21:23:42+00:00\",\"dateModified\":\"2024-07-31T21:23:43+00:00\",\"breadcrumb\":{\"@id\":\"https:\\\/\\\/lasentinelle.dz\\\/index.php\\\/2024\\\/07\\\/31\\\/opep-vers-le-maintien-du-statu-quo-2\\\/#breadcrumb\"},\"inLanguage\":\"fr-FR\",\"potentialAction\":[{\"@type\":\"ReadAction\",\"target\":[\"https:\\\/\\\/lasentinelle.dz\\\/index.php\\\/2024\\\/07\\\/31\\\/opep-vers-le-maintien-du-statu-quo-2\\\/\"]}]},{\"@type\":\"ImageObject\",\"inLanguage\":\"fr-FR\",\"@id\":\"https:\\\/\\\/lasentinelle.dz\\\/index.php\\\/2024\\\/07\\\/31\\\/opep-vers-le-maintien-du-statu-quo-2\\\/#primaryimage\",\"url\":\"https:\\\/\\\/lasentinelle.dz\\\/wp-content\\\/uploads\\\/2024\\\/05\\\/OPEC.jpeg\",\"contentUrl\":\"https:\\\/\\\/lasentinelle.dz\\\/wp-content\\\/uploads\\\/2024\\\/05\\\/OPEC.jpeg\",\"width\":1200,\"height\":802},{\"@type\":\"BreadcrumbList\",\"@id\":\"https:\\\/\\\/lasentinelle.dz\\\/index.php\\\/2024\\\/07\\\/31\\\/opep-vers-le-maintien-du-statu-quo-2\\\/#breadcrumb\",\"itemListElement\":[{\"@type\":\"ListItem\",\"position\":1,\"name\":\"Accueil\",\"item\":\"https:\\\/\\\/lasentinelle.dz\\\/\"},{\"@type\":\"ListItem\",\"position\":2,\"name\":\"Opep +: Vers le maintien du statu quo\"}]},{\"@type\":\"WebSite\",\"@id\":\"https:\\\/\\\/lasentinelle.dz\\\/#website\",\"url\":\"https:\\\/\\\/lasentinelle.dz\\\/\",\"name\":\"La Sentinelle\",\"description\":\"Quotidien national d&#039;information\",\"publisher\":{\"@id\":\"https:\\\/\\\/lasentinelle.dz\\\/#organization\"},\"potentialAction\":[{\"@type\":\"SearchAction\",\"target\":{\"@type\":\"EntryPoint\",\"urlTemplate\":\"https:\\\/\\\/lasentinelle.dz\\\/?s={search_term_string}\"},\"query-input\":{\"@type\":\"PropertyValueSpecification\",\"valueRequired\":true,\"valueName\":\"search_term_string\"}}],\"inLanguage\":\"fr-FR\"},{\"@type\":\"Organization\",\"@id\":\"https:\\\/\\\/lasentinelle.dz\\\/#organization\",\"name\":\"Quotidien La Sentinelle\",\"url\":\"https:\\\/\\\/lasentinelle.dz\\\/\",\"logo\":{\"@type\":\"ImageObject\",\"inLanguage\":\"fr-FR\",\"@id\":\"https:\\\/\\\/lasentinelle.dz\\\/#\\\/schema\\\/logo\\\/image\\\/\",\"url\":\"https:\\\/\\\/lasentinelle.dz\\\/wp-content\\\/uploads\\\/2021\\\/09\\\/logo-sentinelleSLOGAN-1.png\",\"contentUrl\":\"https:\\\/\\\/lasentinelle.dz\\\/wp-content\\\/uploads\\\/2021\\\/09\\\/logo-sentinelleSLOGAN-1.png\",\"width\":615,\"height\":142,\"caption\":\"Quotidien La Sentinelle\"},\"image\":{\"@id\":\"https:\\\/\\\/lasentinelle.dz\\\/#\\\/schema\\\/logo\\\/image\\\/\"},\"sameAs\":[\"https:\\\/\\\/www.facebook.com\\\/La-Sentinelle-104059864394773\"]},{\"@type\":\"Person\",\"@id\":\"https:\\\/\\\/lasentinelle.dz\\\/#\\\/schema\\\/person\\\/d865044e22e70a75174ce8bcad3acfb3\",\"name\":\"La Sentinelle\",\"image\":{\"@type\":\"ImageObject\",\"inLanguage\":\"fr-FR\",\"@id\":\"https:\\\/\\\/secure.gravatar.com\\\/avatar\\\/57de8e5d4b15d43fb361a71fbb36338450fe67865b528a43dd10ef7c51a20392?s=96&d=mm&r=g\",\"url\":\"https:\\\/\\\/secure.gravatar.com\\\/avatar\\\/57de8e5d4b15d43fb361a71fbb36338450fe67865b528a43dd10ef7c51a20392?s=96&d=mm&r=g\",\"contentUrl\":\"https:\\\/\\\/secure.gravatar.com\\\/avatar\\\/57de8e5d4b15d43fb361a71fbb36338450fe67865b528a43dd10ef7c51a20392?s=96&d=mm&r=g\",\"caption\":\"La Sentinelle\"},\"sameAs\":[\"http:\\\/\\\/www.lasentinelle.dz\"],\"url\":\"https:\\\/\\\/lasentinelle.dz\\\/author\\\/redaction\\\/\"}]}<\/script>\n<!-- \/ Yoast SEO plugin. -->","yoast_head_json":{"title":"Opep +: Vers le maintien du statu quo - La Sentinelle","robots":{"index":"index","follow":"follow","max-snippet":"max-snippet:-1","max-image-preview":"max-image-preview:large","max-video-preview":"max-video-preview:-1"},"canonical":"https:\/\/lasentinelle.dz\/index.php\/2024\/07\/31\/opep-vers-le-maintien-du-statu-quo-2\/","og_locale":"fr_FR","og_type":"article","og_title":"Opep +: Vers le maintien du statu quo - La Sentinelle","og_description":"Le ministre de l\u2019\u00c9nergie et des Mines, Mohamed Arkab, participe, aujourd\u2019hui, \u00e0 la 55e r\u00e9union minist\u00e9rielle du Comit\u00e9 minist\u00e9riel conjoint","og_url":"https:\/\/lasentinelle.dz\/index.php\/2024\/07\/31\/opep-vers-le-maintien-du-statu-quo-2\/","og_site_name":"La Sentinelle","article_publisher":"https:\/\/www.facebook.com\/La-Sentinelle-104059864394773","article_published_time":"2024-07-31T21:23:42+00:00","article_modified_time":"2024-07-31T21:23:43+00:00","og_image":[{"width":1200,"height":802,"url":"https:\/\/lasentinelle.dz\/wp-content\/uploads\/2024\/05\/OPEC.jpeg","type":"image\/jpeg"}],"author":"La Sentinelle","twitter_card":"summary_large_image","twitter_misc":{"\u00c9crit par":"La Sentinelle","Dur\u00e9e de lecture estim\u00e9e":"3 minutes"},"schema":{"@context":"https:\/\/schema.org","@graph":[{"@type":"Article","@id":"https:\/\/lasentinelle.dz\/index.php\/2024\/07\/31\/opep-vers-le-maintien-du-statu-quo-2\/#article","isPartOf":{"@id":"https:\/\/lasentinelle.dz\/index.php\/2024\/07\/31\/opep-vers-le-maintien-du-statu-quo-2\/"},"author":{"name":"La Sentinelle","@id":"https:\/\/lasentinelle.dz\/#\/schema\/person\/d865044e22e70a75174ce8bcad3acfb3"},"headline":"Opep +: Vers le maintien du statu quo","datePublished":"2024-07-31T21:23:42+00:00","dateModified":"2024-07-31T21:23:43+00:00","mainEntityOfPage":{"@id":"https:\/\/lasentinelle.dz\/index.php\/2024\/07\/31\/opep-vers-le-maintien-du-statu-quo-2\/"},"wordCount":555,"commentCount":0,"publisher":{"@id":"https:\/\/lasentinelle.dz\/#organization"},"image":{"@id":"https:\/\/lasentinelle.dz\/index.php\/2024\/07\/31\/opep-vers-le-maintien-du-statu-quo-2\/#primaryimage"},"thumbnailUrl":"https:\/\/lasentinelle.dz\/wp-content\/uploads\/2024\/05\/OPEC.jpeg","articleSection":["\u00c9conomie"],"inLanguage":"fr-FR","potentialAction":[{"@type":"CommentAction","name":"Comment","target":["https:\/\/lasentinelle.dz\/index.php\/2024\/07\/31\/opep-vers-le-maintien-du-statu-quo-2\/#respond"]}]},{"@type":"WebPage","@id":"https:\/\/lasentinelle.dz\/index.php\/2024\/07\/31\/opep-vers-le-maintien-du-statu-quo-2\/","url":"https:\/\/lasentinelle.dz\/index.php\/2024\/07\/31\/opep-vers-le-maintien-du-statu-quo-2\/","name":"Opep +: Vers le maintien du statu quo - La Sentinelle","isPartOf":{"@id":"https:\/\/lasentinelle.dz\/#website"},"primaryImageOfPage":{"@id":"https:\/\/lasentinelle.dz\/index.php\/2024\/07\/31\/opep-vers-le-maintien-du-statu-quo-2\/#primaryimage"},"image":{"@id":"https:\/\/lasentinelle.dz\/index.php\/2024\/07\/31\/opep-vers-le-maintien-du-statu-quo-2\/#primaryimage"},"thumbnailUrl":"https:\/\/lasentinelle.dz\/wp-content\/uploads\/2024\/05\/OPEC.jpeg","datePublished":"2024-07-31T21:23:42+00:00","dateModified":"2024-07-31T21:23:43+00:00","breadcrumb":{"@id":"https:\/\/lasentinelle.dz\/index.php\/2024\/07\/31\/opep-vers-le-maintien-du-statu-quo-2\/#breadcrumb"},"inLanguage":"fr-FR","potentialAction":[{"@type":"ReadAction","target":["https:\/\/lasentinelle.dz\/index.php\/2024\/07\/31\/opep-vers-le-maintien-du-statu-quo-2\/"]}]},{"@type":"ImageObject","inLanguage":"fr-FR","@id":"https:\/\/lasentinelle.dz\/index.php\/2024\/07\/31\/opep-vers-le-maintien-du-statu-quo-2\/#primaryimage","url":"https:\/\/lasentinelle.dz\/wp-content\/uploads\/2024\/05\/OPEC.jpeg","contentUrl":"https:\/\/lasentinelle.dz\/wp-content\/uploads\/2024\/05\/OPEC.jpeg","width":1200,"height":802},{"@type":"BreadcrumbList","@id":"https:\/\/lasentinelle.dz\/index.php\/2024\/07\/31\/opep-vers-le-maintien-du-statu-quo-2\/#breadcrumb","itemListElement":[{"@type":"ListItem","position":1,"name":"Accueil","item":"https:\/\/lasentinelle.dz\/"},{"@type":"ListItem","position":2,"name":"Opep +: Vers le maintien du statu quo"}]},{"@type":"WebSite","@id":"https:\/\/lasentinelle.dz\/#website","url":"https:\/\/lasentinelle.dz\/","name":"La Sentinelle","description":"Quotidien national d&#039;information","publisher":{"@id":"https:\/\/lasentinelle.dz\/#organization"},"potentialAction":[{"@type":"SearchAction","target":{"@type":"EntryPoint","urlTemplate":"https:\/\/lasentinelle.dz\/?s={search_term_string}"},"query-input":{"@type":"PropertyValueSpecification","valueRequired":true,"valueName":"search_term_string"}}],"inLanguage":"fr-FR"},{"@type":"Organization","@id":"https:\/\/lasentinelle.dz\/#organization","name":"Quotidien La Sentinelle","url":"https:\/\/lasentinelle.dz\/","logo":{"@type":"ImageObject","inLanguage":"fr-FR","@id":"https:\/\/lasentinelle.dz\/#\/schema\/logo\/image\/","url":"https:\/\/lasentinelle.dz\/wp-content\/uploads\/2021\/09\/logo-sentinelleSLOGAN-1.png","contentUrl":"https:\/\/lasentinelle.dz\/wp-content\/uploads\/2021\/09\/logo-sentinelleSLOGAN-1.png","width":615,"height":142,"caption":"Quotidien La Sentinelle"},"image":{"@id":"https:\/\/lasentinelle.dz\/#\/schema\/logo\/image\/"},"sameAs":["https:\/\/www.facebook.com\/La-Sentinelle-104059864394773"]},{"@type":"Person","@id":"https:\/\/lasentinelle.dz\/#\/schema\/person\/d865044e22e70a75174ce8bcad3acfb3","name":"La Sentinelle","image":{"@type":"ImageObject","inLanguage":"fr-FR","@id":"https:\/\/secure.gravatar.com\/avatar\/57de8e5d4b15d43fb361a71fbb36338450fe67865b528a43dd10ef7c51a20392?s=96&d=mm&r=g","url":"https:\/\/secure.gravatar.com\/avatar\/57de8e5d4b15d43fb361a71fbb36338450fe67865b528a43dd10ef7c51a20392?s=96&d=mm&r=g","contentUrl":"https:\/\/secure.gravatar.com\/avatar\/57de8e5d4b15d43fb361a71fbb36338450fe67865b528a43dd10ef7c51a20392?s=96&d=mm&r=g","caption":"La Sentinelle"},"sameAs":["http:\/\/www.lasentinelle.dz"],"url":"https:\/\/lasentinelle.dz\/author\/redaction\/"}]}},"_links":{"self":[{"href":"https:\/\/lasentinelle.dz\/index.php\/wp-json\/wp\/v2\/posts\/55170","targetHints":{"allow":["GET"]}}],"collection":[{"href":"https:\/\/lasentinelle.dz\/index.php\/wp-json\/wp\/v2\/posts"}],"about":[{"href":"https:\/\/lasentinelle.dz\/index.php\/wp-json\/wp\/v2\/types\/post"}],"author":[{"embeddable":true,"href":"https:\/\/lasentinelle.dz\/index.php\/wp-json\/wp\/v2\/users\/3"}],"replies":[{"embeddable":true,"href":"https:\/\/lasentinelle.dz\/index.php\/wp-json\/wp\/v2\/comments?post=55170"}],"version-history":[{"count":1,"href":"https:\/\/lasentinelle.dz\/index.php\/wp-json\/wp\/v2\/posts\/55170\/revisions"}],"predecessor-version":[{"id":55171,"href":"https:\/\/lasentinelle.dz\/index.php\/wp-json\/wp\/v2\/posts\/55170\/revisions\/55171"}],"wp:featuredmedia":[{"embeddable":true,"href":"https:\/\/lasentinelle.dz\/index.php\/wp-json\/wp\/v2\/media\/52301"}],"wp:attachment":[{"href":"https:\/\/lasentinelle.dz\/index.php\/wp-json\/wp\/v2\/media?parent=55170"}],"wp:term":[{"taxonomy":"category","embeddable":true,"href":"https:\/\/lasentinelle.dz\/index.php\/wp-json\/wp\/v2\/categories?post=55170"},{"taxonomy":"post_tag","embeddable":true,"href":"https:\/\/lasentinelle.dz\/index.php\/wp-json\/wp\/v2\/tags?post=55170"}],"curies":[{"name":"wp","href":"https:\/\/api.w.org\/{rel}","templated":true}]}}