{"id":55178,"date":"2024-07-31T22:06:00","date_gmt":"2024-07-31T21:06:00","guid":{"rendered":"https:\/\/lasentinelle.dz\/?p=55178"},"modified":"2024-07-31T22:26:50","modified_gmt":"2024-07-31T21:26:50","slug":"bilan-operationnel-5-quintaux-de-kif-en-provenance-du-maroc-saisis","status":"publish","type":"post","link":"https:\/\/lasentinelle.dz\/index.php\/2024\/07\/31\/bilan-operationnel-5-quintaux-de-kif-en-provenance-du-maroc-saisis\/","title":{"rendered":"Bilan op\u00e9rationnel: 5 quintaux de kif en provenance du Maroc saisis"},"content":{"rendered":"\n<p>Dans le cadre de la lutte contre la criminalit\u00e9 organis\u00e9e et le narcotrafic, l&rsquo;Arm\u00e9e nationale populaire (ANP) a men\u00e9 une s\u00e9rie d&rsquo;op\u00e9rations intensives du 25 au 30 juillet 2024,. Ces efforts ont permis de mettre en \u00e9chec des tentatives d&rsquo;introduction de plus de 5 quintaux de kif trait\u00e9 via la fronti\u00e8re avec le Maroc sur le territoire national, selon un bilan op\u00e9rationnel rendu public hier par le minist\u00e8re de la D\u00e9fense nationale (MDN).<\/p>\n\n\n\n<p>\u00ab\u00a0En continuit\u00e9 des efforts soutenus visant \u00e0 contrecarrer le fl\u00e9au du narcotrafic dans notre pays, des d\u00e9tachements combin\u00e9s de l&rsquo;ANP ont intercept\u00e9, en coordination avec les diff\u00e9rents services de s\u00e9curit\u00e9 lors d&rsquo;op\u00e9rations ex\u00e9cut\u00e9es \u00e0 travers les R\u00e9gions militaires, 49 narcotrafiquants\u00a0\u00bb, pr\u00e9cise le communiqu\u00e9. En plus du kif trait\u00e9 saisi, 208.939 comprim\u00e9s psychotropes ont \u00e9galement \u00e9t\u00e9 saisis.<\/p>\n\n\n\n<p>Sur le front de la lutte antiterroriste, le bilan de la semaine fait \u00e9tat de trois terroristes abattus \u00e0 A\u00efn Defla. L&rsquo;op\u00e9ration a permis la saisie de \u00ab\u00a0deux pistolets mitrailleurs de type Kalachnikov, 5 chargeurs, une quantit\u00e9 de munitions et divers objets\u00a0\u00bb. Par ailleurs, \u00ab\u00a0des d\u00e9tachements de l&rsquo;ANP ont intercept\u00e9 3 \u00e9l\u00e9ments de soutien aux groupes terroristes lors d&rsquo;op\u00e9rations distinctes \u00e0 travers le territoire national\u00a0\u00bb.<\/p>\n\n\n\n<p>Le communiqu\u00e9 souligne que \u00ab\u00a0dans la dynamique des efforts soutenus dans la lutte antiterroriste et contre la criminalit\u00e9 organis\u00e9e multiforme, des unit\u00e9s et des d\u00e9tachements de l&rsquo;ANP ont ex\u00e9cut\u00e9, durant la p\u00e9riode du 25 au 30 juillet 2024, plusieurs op\u00e9rations ayant abouti \u00e0 des r\u00e9sultats de qualit\u00e9 qui refl\u00e8tent le haut professionnalisme, la vigilance et la disponibilit\u00e9 permanente de nos Forces Arm\u00e9es \u00e0 travers tout le territoire national\u00a0\u00bb.<\/p>\n\n\n\n<p>\u00c0 Tamanrasset, Bordj Badji Mokhtar, In Salah et In Guezzam, des d\u00e9tachements de l&rsquo;ANP ont arr\u00eat\u00e9 \u00ab\u00a0103 individus et saisi 5 v\u00e9hicules, 46 groupes \u00e9lectrog\u00e8nes, 31 marteaux piqueurs, ainsi que des quantit\u00e9s de m\u00e9lange d&rsquo;or brut et de pierres, d&rsquo;explosifs, d&rsquo;outils de d\u00e9tonation et d&rsquo;\u00e9quipements utilis\u00e9s dans des op\u00e9rations d&rsquo;orpaillage illicite\u00a0\u00bb.<\/p>\n\n\n\n<p>De plus, \u00ab\u00a08 autres individus ont \u00e9t\u00e9 intercept\u00e9s et 1 pistolet mitrailleur de type Kalachnikov, 3 fusils de chasse et 2688 litres de carburants ont \u00e9t\u00e9 saisis, lors d&rsquo;op\u00e9rations distinctes \u00e0 travers le territoire national\u00a0\u00bb.<\/p>\n\n\n\n<p>Concernant l&rsquo;\u00e9migration clandestine, \u00ab\u00a0les Garde-c\u00f4tes ont mis en \u00e9chec, sur les c\u00f4tes nationales, des tentatives d&rsquo;\u00e9migration clandestine de 51 individus \u00e0 bord d&#8217;embarcations de construction artisanale, alors que 509 immigrants clandestins de diff\u00e9rentes nationalit\u00e9s ont \u00e9t\u00e9 arr\u00eat\u00e9s \u00e0 travers le territoire national\u00a0\u00bb.<\/p>\n\n\n\n<p><strong>Chokri Hafed<\/strong><\/p>\n","protected":false},"excerpt":{"rendered":"<p>Dans le cadre de la lutte contre la criminalit\u00e9 organis\u00e9e et le narcotrafic, l&rsquo;Arm\u00e9e nationale populaire (ANP) a men\u00e9 une<\/p>\n","protected":false},"author":3,"featured_media":23043,"comment_status":"open","ping_status":"closed","sticky":false,"template":"","format":"standard","meta":{"colormag_page_container_layout":"default_layout","colormag_page_sidebar_layout":"default_layout","om_disable_all_campaigns":false,"_monsterinsights_skip_tracking":false,"_monsterinsights_sitenote_active":false,"_monsterinsights_sitenote_note":"","_monsterinsights_sitenote_category":0,"footnotes":"","_wpscppro_dont_share_socialmedia":false,"_wpscppro_custom_social_share_image":0,"_facebook_share_type":"default","_twitter_share_type":"default","_linkedin_share_type":"default","_pinterest_share_type":"default","_linkedin_share_type_page":"","_instagram_share_type":"default","_medium_share_type":"","_threads_share_type":"","_google_business_share_type":"","_selected_social_profile":[],"_wpsp_enable_custom_social_template":false,"_wpsp_social_scheduling":{"enabled":false,"datetime":null,"platforms":[],"status":"template_only","dateOption":"today","timeOption":"now","customDays":"","customHours":"","customDate":"","customTime":"","schedulingType":"absolute"},"_wpsp_active_default_template":true},"categories":[27],"tags":[],"class_list":["post-55178","post","type-post","status-publish","format-standard","has-post-thumbnail","hentry","category-actualite"],"aioseo_notices":[],"yoast_head":"<!-- This site is optimized with the Yoast SEO plugin v27.5 - https:\/\/yoast.com\/product\/yoast-seo-wordpress\/ -->\n<title>Bilan op\u00e9rationnel: 5 quintaux de kif en provenance du Maroc saisis - La Sentinelle<\/title>\n<meta name=\"robots\" content=\"index, follow, max-snippet:-1, max-image-preview:large, max-video-preview:-1\" \/>\n<link rel=\"canonical\" href=\"https:\/\/lasentinelle.dz\/index.php\/2024\/07\/31\/bilan-operationnel-5-quintaux-de-kif-en-provenance-du-maroc-saisis\/\" \/>\n<meta property=\"og:locale\" content=\"fr_FR\" \/>\n<meta property=\"og:type\" content=\"article\" \/>\n<meta property=\"og:title\" content=\"Bilan op\u00e9rationnel: 5 quintaux de kif en provenance du Maroc saisis - La Sentinelle\" \/>\n<meta property=\"og:description\" content=\"Dans le cadre de la lutte contre la criminalit\u00e9 organis\u00e9e et le narcotrafic, l&rsquo;Arm\u00e9e nationale populaire (ANP) a men\u00e9 une\" \/>\n<meta property=\"og:url\" content=\"https:\/\/lasentinelle.dz\/index.php\/2024\/07\/31\/bilan-operationnel-5-quintaux-de-kif-en-provenance-du-maroc-saisis\/\" \/>\n<meta property=\"og:site_name\" content=\"La Sentinelle\" \/>\n<meta property=\"article:publisher\" content=\"https:\/\/www.facebook.com\/La-Sentinelle-104059864394773\" \/>\n<meta property=\"article:published_time\" content=\"2024-07-31T21:06:00+00:00\" \/>\n<meta property=\"article:modified_time\" content=\"2024-07-31T21:26:50+00:00\" \/>\n<meta property=\"og:image\" content=\"https:\/\/lasentinelle.dz\/wp-content\/uploads\/2022\/06\/kif.jpg\" \/>\n\t<meta property=\"og:image:width\" content=\"600\" \/>\n\t<meta property=\"og:image:height\" content=\"397\" \/>\n\t<meta property=\"og:image:type\" content=\"image\/jpeg\" \/>\n<meta name=\"author\" content=\"La Sentinelle\" \/>\n<meta name=\"twitter:card\" content=\"summary_large_image\" \/>\n<meta name=\"twitter:label1\" content=\"\u00c9crit par\" \/>\n\t<meta name=\"twitter:data1\" content=\"La Sentinelle\" \/>\n\t<meta name=\"twitter:label2\" content=\"Dur\u00e9e de lecture estim\u00e9e\" \/>\n\t<meta name=\"twitter:data2\" content=\"3 minutes\" \/>\n<script type=\"application\/ld+json\" class=\"yoast-schema-graph\">{\"@context\":\"https:\\\/\\\/schema.org\",\"@graph\":[{\"@type\":\"Article\",\"@id\":\"https:\\\/\\\/lasentinelle.dz\\\/index.php\\\/2024\\\/07\\\/31\\\/bilan-operationnel-5-quintaux-de-kif-en-provenance-du-maroc-saisis\\\/#article\",\"isPartOf\":{\"@id\":\"https:\\\/\\\/lasentinelle.dz\\\/index.php\\\/2024\\\/07\\\/31\\\/bilan-operationnel-5-quintaux-de-kif-en-provenance-du-maroc-saisis\\\/\"},\"author\":{\"name\":\"La Sentinelle\",\"@id\":\"https:\\\/\\\/lasentinelle.dz\\\/#\\\/schema\\\/person\\\/d865044e22e70a75174ce8bcad3acfb3\"},\"headline\":\"Bilan op\u00e9rationnel: 5 quintaux de kif en provenance du Maroc saisis\",\"datePublished\":\"2024-07-31T21:06:00+00:00\",\"dateModified\":\"2024-07-31T21:26:50+00:00\",\"mainEntityOfPage\":{\"@id\":\"https:\\\/\\\/lasentinelle.dz\\\/index.php\\\/2024\\\/07\\\/31\\\/bilan-operationnel-5-quintaux-de-kif-en-provenance-du-maroc-saisis\\\/\"},\"wordCount\":441,\"commentCount\":0,\"publisher\":{\"@id\":\"https:\\\/\\\/lasentinelle.dz\\\/#organization\"},\"image\":{\"@id\":\"https:\\\/\\\/lasentinelle.dz\\\/index.php\\\/2024\\\/07\\\/31\\\/bilan-operationnel-5-quintaux-de-kif-en-provenance-du-maroc-saisis\\\/#primaryimage\"},\"thumbnailUrl\":\"https:\\\/\\\/lasentinelle.dz\\\/wp-content\\\/uploads\\\/2022\\\/06\\\/kif.jpg\",\"articleSection\":[\"Actualit\u00e9\"],\"inLanguage\":\"fr-FR\",\"potentialAction\":[{\"@type\":\"CommentAction\",\"name\":\"Comment\",\"target\":[\"https:\\\/\\\/lasentinelle.dz\\\/index.php\\\/2024\\\/07\\\/31\\\/bilan-operationnel-5-quintaux-de-kif-en-provenance-du-maroc-saisis\\\/#respond\"]}]},{\"@type\":\"WebPage\",\"@id\":\"https:\\\/\\\/lasentinelle.dz\\\/index.php\\\/2024\\\/07\\\/31\\\/bilan-operationnel-5-quintaux-de-kif-en-provenance-du-maroc-saisis\\\/\",\"url\":\"https:\\\/\\\/lasentinelle.dz\\\/index.php\\\/2024\\\/07\\\/31\\\/bilan-operationnel-5-quintaux-de-kif-en-provenance-du-maroc-saisis\\\/\",\"name\":\"Bilan op\u00e9rationnel: 5 quintaux de kif en provenance du Maroc saisis - La Sentinelle\",\"isPartOf\":{\"@id\":\"https:\\\/\\\/lasentinelle.dz\\\/#website\"},\"primaryImageOfPage\":{\"@id\":\"https:\\\/\\\/lasentinelle.dz\\\/index.php\\\/2024\\\/07\\\/31\\\/bilan-operationnel-5-quintaux-de-kif-en-provenance-du-maroc-saisis\\\/#primaryimage\"},\"image\":{\"@id\":\"https:\\\/\\\/lasentinelle.dz\\\/index.php\\\/2024\\\/07\\\/31\\\/bilan-operationnel-5-quintaux-de-kif-en-provenance-du-maroc-saisis\\\/#primaryimage\"},\"thumbnailUrl\":\"https:\\\/\\\/lasentinelle.dz\\\/wp-content\\\/uploads\\\/2022\\\/06\\\/kif.jpg\",\"datePublished\":\"2024-07-31T21:06:00+00:00\",\"dateModified\":\"2024-07-31T21:26:50+00:00\",\"breadcrumb\":{\"@id\":\"https:\\\/\\\/lasentinelle.dz\\\/index.php\\\/2024\\\/07\\\/31\\\/bilan-operationnel-5-quintaux-de-kif-en-provenance-du-maroc-saisis\\\/#breadcrumb\"},\"inLanguage\":\"fr-FR\",\"potentialAction\":[{\"@type\":\"ReadAction\",\"target\":[\"https:\\\/\\\/lasentinelle.dz\\\/index.php\\\/2024\\\/07\\\/31\\\/bilan-operationnel-5-quintaux-de-kif-en-provenance-du-maroc-saisis\\\/\"]}]},{\"@type\":\"ImageObject\",\"inLanguage\":\"fr-FR\",\"@id\":\"https:\\\/\\\/lasentinelle.dz\\\/index.php\\\/2024\\\/07\\\/31\\\/bilan-operationnel-5-quintaux-de-kif-en-provenance-du-maroc-saisis\\\/#primaryimage\",\"url\":\"https:\\\/\\\/lasentinelle.dz\\\/wp-content\\\/uploads\\\/2022\\\/06\\\/kif.jpg\",\"contentUrl\":\"https:\\\/\\\/lasentinelle.dz\\\/wp-content\\\/uploads\\\/2022\\\/06\\\/kif.jpg\",\"width\":600,\"height\":397},{\"@type\":\"BreadcrumbList\",\"@id\":\"https:\\\/\\\/lasentinelle.dz\\\/index.php\\\/2024\\\/07\\\/31\\\/bilan-operationnel-5-quintaux-de-kif-en-provenance-du-maroc-saisis\\\/#breadcrumb\",\"itemListElement\":[{\"@type\":\"ListItem\",\"position\":1,\"name\":\"Accueil\",\"item\":\"https:\\\/\\\/lasentinelle.dz\\\/\"},{\"@type\":\"ListItem\",\"position\":2,\"name\":\"Bilan op\u00e9rationnel: 5 quintaux de kif en provenance du Maroc saisis\"}]},{\"@type\":\"WebSite\",\"@id\":\"https:\\\/\\\/lasentinelle.dz\\\/#website\",\"url\":\"https:\\\/\\\/lasentinelle.dz\\\/\",\"name\":\"La Sentinelle\",\"description\":\"Quotidien national d&#039;information\",\"publisher\":{\"@id\":\"https:\\\/\\\/lasentinelle.dz\\\/#organization\"},\"potentialAction\":[{\"@type\":\"SearchAction\",\"target\":{\"@type\":\"EntryPoint\",\"urlTemplate\":\"https:\\\/\\\/lasentinelle.dz\\\/?s={search_term_string}\"},\"query-input\":{\"@type\":\"PropertyValueSpecification\",\"valueRequired\":true,\"valueName\":\"search_term_string\"}}],\"inLanguage\":\"fr-FR\"},{\"@type\":\"Organization\",\"@id\":\"https:\\\/\\\/lasentinelle.dz\\\/#organization\",\"name\":\"Quotidien La Sentinelle\",\"url\":\"https:\\\/\\\/lasentinelle.dz\\\/\",\"logo\":{\"@type\":\"ImageObject\",\"inLanguage\":\"fr-FR\",\"@id\":\"https:\\\/\\\/lasentinelle.dz\\\/#\\\/schema\\\/logo\\\/image\\\/\",\"url\":\"https:\\\/\\\/lasentinelle.dz\\\/wp-content\\\/uploads\\\/2021\\\/09\\\/logo-sentinelleSLOGAN-1.png\",\"contentUrl\":\"https:\\\/\\\/lasentinelle.dz\\\/wp-content\\\/uploads\\\/2021\\\/09\\\/logo-sentinelleSLOGAN-1.png\",\"width\":615,\"height\":142,\"caption\":\"Quotidien La Sentinelle\"},\"image\":{\"@id\":\"https:\\\/\\\/lasentinelle.dz\\\/#\\\/schema\\\/logo\\\/image\\\/\"},\"sameAs\":[\"https:\\\/\\\/www.facebook.com\\\/La-Sentinelle-104059864394773\"]},{\"@type\":\"Person\",\"@id\":\"https:\\\/\\\/lasentinelle.dz\\\/#\\\/schema\\\/person\\\/d865044e22e70a75174ce8bcad3acfb3\",\"name\":\"La Sentinelle\",\"image\":{\"@type\":\"ImageObject\",\"inLanguage\":\"fr-FR\",\"@id\":\"https:\\\/\\\/secure.gravatar.com\\\/avatar\\\/57de8e5d4b15d43fb361a71fbb36338450fe67865b528a43dd10ef7c51a20392?s=96&d=mm&r=g\",\"url\":\"https:\\\/\\\/secure.gravatar.com\\\/avatar\\\/57de8e5d4b15d43fb361a71fbb36338450fe67865b528a43dd10ef7c51a20392?s=96&d=mm&r=g\",\"contentUrl\":\"https:\\\/\\\/secure.gravatar.com\\\/avatar\\\/57de8e5d4b15d43fb361a71fbb36338450fe67865b528a43dd10ef7c51a20392?s=96&d=mm&r=g\",\"caption\":\"La Sentinelle\"},\"sameAs\":[\"http:\\\/\\\/www.lasentinelle.dz\"],\"url\":\"https:\\\/\\\/lasentinelle.dz\\\/author\\\/redaction\\\/\"}]}<\/script>\n<!-- \/ Yoast SEO plugin. -->","yoast_head_json":{"title":"Bilan op\u00e9rationnel: 5 quintaux de kif en provenance du Maroc saisis - La Sentinelle","robots":{"index":"index","follow":"follow","max-snippet":"max-snippet:-1","max-image-preview":"max-image-preview:large","max-video-preview":"max-video-preview:-1"},"canonical":"https:\/\/lasentinelle.dz\/index.php\/2024\/07\/31\/bilan-operationnel-5-quintaux-de-kif-en-provenance-du-maroc-saisis\/","og_locale":"fr_FR","og_type":"article","og_title":"Bilan op\u00e9rationnel: 5 quintaux de kif en provenance du Maroc saisis - La Sentinelle","og_description":"Dans le cadre de la lutte contre la criminalit\u00e9 organis\u00e9e et le narcotrafic, l&rsquo;Arm\u00e9e nationale populaire (ANP) a men\u00e9 une","og_url":"https:\/\/lasentinelle.dz\/index.php\/2024\/07\/31\/bilan-operationnel-5-quintaux-de-kif-en-provenance-du-maroc-saisis\/","og_site_name":"La Sentinelle","article_publisher":"https:\/\/www.facebook.com\/La-Sentinelle-104059864394773","article_published_time":"2024-07-31T21:06:00+00:00","article_modified_time":"2024-07-31T21:26:50+00:00","og_image":[{"width":600,"height":397,"url":"https:\/\/lasentinelle.dz\/wp-content\/uploads\/2022\/06\/kif.jpg","type":"image\/jpeg"}],"author":"La Sentinelle","twitter_card":"summary_large_image","twitter_misc":{"\u00c9crit par":"La Sentinelle","Dur\u00e9e de lecture estim\u00e9e":"3 minutes"},"schema":{"@context":"https:\/\/schema.org","@graph":[{"@type":"Article","@id":"https:\/\/lasentinelle.dz\/index.php\/2024\/07\/31\/bilan-operationnel-5-quintaux-de-kif-en-provenance-du-maroc-saisis\/#article","isPartOf":{"@id":"https:\/\/lasentinelle.dz\/index.php\/2024\/07\/31\/bilan-operationnel-5-quintaux-de-kif-en-provenance-du-maroc-saisis\/"},"author":{"name":"La Sentinelle","@id":"https:\/\/lasentinelle.dz\/#\/schema\/person\/d865044e22e70a75174ce8bcad3acfb3"},"headline":"Bilan op\u00e9rationnel: 5 quintaux de kif en provenance du Maroc saisis","datePublished":"2024-07-31T21:06:00+00:00","dateModified":"2024-07-31T21:26:50+00:00","mainEntityOfPage":{"@id":"https:\/\/lasentinelle.dz\/index.php\/2024\/07\/31\/bilan-operationnel-5-quintaux-de-kif-en-provenance-du-maroc-saisis\/"},"wordCount":441,"commentCount":0,"publisher":{"@id":"https:\/\/lasentinelle.dz\/#organization"},"image":{"@id":"https:\/\/lasentinelle.dz\/index.php\/2024\/07\/31\/bilan-operationnel-5-quintaux-de-kif-en-provenance-du-maroc-saisis\/#primaryimage"},"thumbnailUrl":"https:\/\/lasentinelle.dz\/wp-content\/uploads\/2022\/06\/kif.jpg","articleSection":["Actualit\u00e9"],"inLanguage":"fr-FR","potentialAction":[{"@type":"CommentAction","name":"Comment","target":["https:\/\/lasentinelle.dz\/index.php\/2024\/07\/31\/bilan-operationnel-5-quintaux-de-kif-en-provenance-du-maroc-saisis\/#respond"]}]},{"@type":"WebPage","@id":"https:\/\/lasentinelle.dz\/index.php\/2024\/07\/31\/bilan-operationnel-5-quintaux-de-kif-en-provenance-du-maroc-saisis\/","url":"https:\/\/lasentinelle.dz\/index.php\/2024\/07\/31\/bilan-operationnel-5-quintaux-de-kif-en-provenance-du-maroc-saisis\/","name":"Bilan op\u00e9rationnel: 5 quintaux de kif en provenance du Maroc saisis - La Sentinelle","isPartOf":{"@id":"https:\/\/lasentinelle.dz\/#website"},"primaryImageOfPage":{"@id":"https:\/\/lasentinelle.dz\/index.php\/2024\/07\/31\/bilan-operationnel-5-quintaux-de-kif-en-provenance-du-maroc-saisis\/#primaryimage"},"image":{"@id":"https:\/\/lasentinelle.dz\/index.php\/2024\/07\/31\/bilan-operationnel-5-quintaux-de-kif-en-provenance-du-maroc-saisis\/#primaryimage"},"thumbnailUrl":"https:\/\/lasentinelle.dz\/wp-content\/uploads\/2022\/06\/kif.jpg","datePublished":"2024-07-31T21:06:00+00:00","dateModified":"2024-07-31T21:26:50+00:00","breadcrumb":{"@id":"https:\/\/lasentinelle.dz\/index.php\/2024\/07\/31\/bilan-operationnel-5-quintaux-de-kif-en-provenance-du-maroc-saisis\/#breadcrumb"},"inLanguage":"fr-FR","potentialAction":[{"@type":"ReadAction","target":["https:\/\/lasentinelle.dz\/index.php\/2024\/07\/31\/bilan-operationnel-5-quintaux-de-kif-en-provenance-du-maroc-saisis\/"]}]},{"@type":"ImageObject","inLanguage":"fr-FR","@id":"https:\/\/lasentinelle.dz\/index.php\/2024\/07\/31\/bilan-operationnel-5-quintaux-de-kif-en-provenance-du-maroc-saisis\/#primaryimage","url":"https:\/\/lasentinelle.dz\/wp-content\/uploads\/2022\/06\/kif.jpg","contentUrl":"https:\/\/lasentinelle.dz\/wp-content\/uploads\/2022\/06\/kif.jpg","width":600,"height":397},{"@type":"BreadcrumbList","@id":"https:\/\/lasentinelle.dz\/index.php\/2024\/07\/31\/bilan-operationnel-5-quintaux-de-kif-en-provenance-du-maroc-saisis\/#breadcrumb","itemListElement":[{"@type":"ListItem","position":1,"name":"Accueil","item":"https:\/\/lasentinelle.dz\/"},{"@type":"ListItem","position":2,"name":"Bilan op\u00e9rationnel: 5 quintaux de kif en provenance du Maroc saisis"}]},{"@type":"WebSite","@id":"https:\/\/lasentinelle.dz\/#website","url":"https:\/\/lasentinelle.dz\/","name":"La Sentinelle","description":"Quotidien national d&#039;information","publisher":{"@id":"https:\/\/lasentinelle.dz\/#organization"},"potentialAction":[{"@type":"SearchAction","target":{"@type":"EntryPoint","urlTemplate":"https:\/\/lasentinelle.dz\/?s={search_term_string}"},"query-input":{"@type":"PropertyValueSpecification","valueRequired":true,"valueName":"search_term_string"}}],"inLanguage":"fr-FR"},{"@type":"Organization","@id":"https:\/\/lasentinelle.dz\/#organization","name":"Quotidien La Sentinelle","url":"https:\/\/lasentinelle.dz\/","logo":{"@type":"ImageObject","inLanguage":"fr-FR","@id":"https:\/\/lasentinelle.dz\/#\/schema\/logo\/image\/","url":"https:\/\/lasentinelle.dz\/wp-content\/uploads\/2021\/09\/logo-sentinelleSLOGAN-1.png","contentUrl":"https:\/\/lasentinelle.dz\/wp-content\/uploads\/2021\/09\/logo-sentinelleSLOGAN-1.png","width":615,"height":142,"caption":"Quotidien La Sentinelle"},"image":{"@id":"https:\/\/lasentinelle.dz\/#\/schema\/logo\/image\/"},"sameAs":["https:\/\/www.facebook.com\/La-Sentinelle-104059864394773"]},{"@type":"Person","@id":"https:\/\/lasentinelle.dz\/#\/schema\/person\/d865044e22e70a75174ce8bcad3acfb3","name":"La Sentinelle","image":{"@type":"ImageObject","inLanguage":"fr-FR","@id":"https:\/\/secure.gravatar.com\/avatar\/57de8e5d4b15d43fb361a71fbb36338450fe67865b528a43dd10ef7c51a20392?s=96&d=mm&r=g","url":"https:\/\/secure.gravatar.com\/avatar\/57de8e5d4b15d43fb361a71fbb36338450fe67865b528a43dd10ef7c51a20392?s=96&d=mm&r=g","contentUrl":"https:\/\/secure.gravatar.com\/avatar\/57de8e5d4b15d43fb361a71fbb36338450fe67865b528a43dd10ef7c51a20392?s=96&d=mm&r=g","caption":"La Sentinelle"},"sameAs":["http:\/\/www.lasentinelle.dz"],"url":"https:\/\/lasentinelle.dz\/author\/redaction\/"}]}},"_links":{"self":[{"href":"https:\/\/lasentinelle.dz\/index.php\/wp-json\/wp\/v2\/posts\/55178","targetHints":{"allow":["GET"]}}],"collection":[{"href":"https:\/\/lasentinelle.dz\/index.php\/wp-json\/wp\/v2\/posts"}],"about":[{"href":"https:\/\/lasentinelle.dz\/index.php\/wp-json\/wp\/v2\/types\/post"}],"author":[{"embeddable":true,"href":"https:\/\/lasentinelle.dz\/index.php\/wp-json\/wp\/v2\/users\/3"}],"replies":[{"embeddable":true,"href":"https:\/\/lasentinelle.dz\/index.php\/wp-json\/wp\/v2\/comments?post=55178"}],"version-history":[{"count":1,"href":"https:\/\/lasentinelle.dz\/index.php\/wp-json\/wp\/v2\/posts\/55178\/revisions"}],"predecessor-version":[{"id":55179,"href":"https:\/\/lasentinelle.dz\/index.php\/wp-json\/wp\/v2\/posts\/55178\/revisions\/55179"}],"wp:featuredmedia":[{"embeddable":true,"href":"https:\/\/lasentinelle.dz\/index.php\/wp-json\/wp\/v2\/media\/23043"}],"wp:attachment":[{"href":"https:\/\/lasentinelle.dz\/index.php\/wp-json\/wp\/v2\/media?parent=55178"}],"wp:term":[{"taxonomy":"category","embeddable":true,"href":"https:\/\/lasentinelle.dz\/index.php\/wp-json\/wp\/v2\/categories?post=55178"},{"taxonomy":"post_tag","embeddable":true,"href":"https:\/\/lasentinelle.dz\/index.php\/wp-json\/wp\/v2\/tags?post=55178"}],"curies":[{"name":"wp","href":"https:\/\/api.w.org\/{rel}","templated":true}]}}