{"id":55193,"date":"2024-07-31T22:35:48","date_gmt":"2024-07-31T21:35:48","guid":{"rendered":"https:\/\/lasentinelle.dz\/?p=55193"},"modified":"2024-07-31T22:35:48","modified_gmt":"2024-07-31T21:35:48","slug":"position-francaise-sur-le-sahara-occidental-la-reponse-ferme-et-resolue-de-tebboune","status":"publish","type":"post","link":"https:\/\/lasentinelle.dz\/index.php\/2024\/07\/31\/position-francaise-sur-le-sahara-occidental-la-reponse-ferme-et-resolue-de-tebboune\/","title":{"rendered":"Position fran\u00e7aise sur le Sahara occidental: La r\u00e9ponse ferme et r\u00e9solue de Tebboune"},"content":{"rendered":"\n<p>Le ministre des Affaires \u00e9trang\u00e8res et de la Communaut\u00e9 national \u00e0 l&rsquo;\u00e9tranger, Ahmed Attaf, a \u00e9voqu\u00e9 avec force d\u00e9tails,&nbsp; hier lors d&rsquo;une conf\u00e9rence de presse \u00e0&nbsp; Alger, la r\u00e9cente d\u00e9cision de Paris de soutenir le plan \u00ab\u00a0autonomie\u00a0\u00bb colonialiste marocain pour le Sahara occidental, soulignant que la r\u00e9ponse du pr\u00e9sident de la R\u00e9publique, Abdelmadjid Tebboune, a \u00e9t\u00e9 ferme, r\u00e9solue et tr\u00e8s pr\u00e9cise.<\/p>\n\n\n\n<p>Le MAE a r\u00e9v\u00e9l\u00e9 que lors d&rsquo;une rencontre en marge du G7 \u00e0 Bari, en Italie, le 13 juin dernier, le pr\u00e9sident fran\u00e7ais Emmanuel Macron a inform\u00e9 le Pr\u00e9sident Tebboune du changement imminent de la position fran\u00e7aise sur la question du Sahara occidental. Face \u00e0 cette annonce, la r\u00e9ponse du pr\u00e9sident Tebboune a \u00e9t\u00e9, selon les mots du ministre des Affaires \u00e9trang\u00e8res \u00ab\u00a0ferme, r\u00e9solue et tr\u00e8s pr\u00e9cise\u00a0\u00bb.<\/p>\n\n\n\n<p>Contrairement aux justifications avanc\u00e9es par le pr\u00e9sident Macron, qui a pr\u00e9sent\u00e9 cette d\u00e9cision comme un simple rappel de la position fran\u00e7aise exprim\u00e9e en 2007, le pr\u00e9sident de la R\u00e9ppublique a soulign\u00e9 que la nouvelle position fran\u00e7aise allait bien au-del\u00e0 des d\u00e9clarations pr\u00e9c\u00e9dentes. En effet, cette position se concentre d\u00e9sormais sur l&rsquo;exclusivit\u00e9 du plan d&rsquo;autonomie marocain comme base pour r\u00e9soudre le conflit au Sahara occidental, reconna\u00eet explicitement la pr\u00e9tendue \u00ab\u00a0marocanit\u00e9 du Sahara occidental\u00a0\u00bb, et inclut explicitement le pr\u00e9sent et l&rsquo;avenir du territoire dans le cadre de la suppos\u00e9e souverainet\u00e9 marocaine.<\/p>\n\n\n\n<p>Le pr\u00e9sident Tebboune a fermement rejet\u00e9 l&rsquo;argument selon lequel cette d\u00e9marche fran\u00e7aise pourrait contribuer \u00e0 la relance du processus politique. Au contraire, il a soulign\u00e9 que cette position ne ferait qu&rsquo;alimenter l&rsquo;impasse dans laquelle le plan d&rsquo;autonomie a plong\u00e9 la question sahraouie depuis plus de dix-sept ans. En effet, loin de favoriser une solution, cette approche risque de bloquer toute alternative et d&rsquo;entraver les efforts de r\u00e8glement politique du conflit.<\/p>\n\n\n\n<p>Le pr\u00e9sident de R\u00e9publique a \u00e9galement point\u00e9 du doigt l&rsquo;incoh\u00e9rence entre la position fran\u00e7aise et les efforts du Secr\u00e9taire g\u00e9n\u00e9ral de l&rsquo;ONU. Il a rappel\u00e9 que la mission du Secr\u00e9taire g\u00e9n\u00e9ral ne consiste pas \u00e0 mettre en \u0153uvre le plan d&rsquo;autonomie marocain, ni \u00e0 consid\u00e9rer le Sahara occidental comme marocain, ni \u00e0 \u00e9tablir une pr\u00e9tendue souverainet\u00e9 marocaine sur le territoire sahraoui. En s&rsquo;alignant totalement sur la position marocaine, la France s&rsquo;exclut de facto de tout r\u00f4le constructif dans les efforts diplomatiques visant \u00e0 r\u00e9gler cette question, que ce soit au sein du Conseil de s\u00e9curit\u00e9 ou en dehors.<\/p>\n\n\n\n<p>Contrairement aux affirmations fran\u00e7aises, le pr\u00e9sident Tebboune a soulign\u00e9 que cette d\u00e9marche ne servait ni la paix au Sahara occidental, ni la recherche d&rsquo;une solution pacifique au conflit. Elle ne va pas dans une direction qui pourrait contribuer \u00e0 r\u00e9unir les conditions n\u00e9cessaires pour acc\u00e9l\u00e9rer l&rsquo;\u00e9mergence d&rsquo;une solution conforme \u00e0 la l\u00e9gitimit\u00e9 internationale. Au contraire, cette position risque de p\u00e9renniser le statu quo et d&rsquo;entraver toute initiative s\u00e9rieuse et sinc\u00e8re pour le r\u00e8glement du conflit.<\/p>\n\n\n\n<p>Le pr\u00e9sident Tebboune a fermement rappel\u00e9 que la position fran\u00e7aise remet en cause le droit \u00e0 l&rsquo;autod\u00e9termination internationalement reconnu au peuple sahraoui. En soutenant exclusivement le plan d&rsquo;autonomie marocain, la France contribue \u00e0 saboter l&rsquo;organisation d&rsquo;un r\u00e9f\u00e9rendum sur ce territoire et \u00e0 tuer dans l&rsquo;\u0153uf toute solution politique alternative.<\/p>\n\n\n\n<p>Le pr\u00e9sident de la R\u00e9publique a soulign\u00e9 l&rsquo;absence de valeur juridique de cette reconnaissance fran\u00e7aise de la pr\u00e9tendue souverainet\u00e9 marocaine sur le Sahara occidental. Reprenant les mots du ministre Attaf, on peut r\u00e9sumer cette position comme \u00ab\u00a0un cadeau de celui qui ne poss\u00e8de pas \u00e0 celui qui ne m\u00e9rite pas\u00a0\u00bb. En effet, la France n&rsquo;a aucune l\u00e9gitimit\u00e9 pour statuer sur la souverainet\u00e9 d&rsquo;un territoire non autonome reconnu par l&rsquo;ONU.<\/p>\n\n\n\n<p>Une man\u0153uvre pour ressusciter un plan moribond<\/p>\n\n\n\n<p>Le pr\u00e9sident Tebboune a d\u00e9nonc\u00e9 cette d\u00e9cision fran\u00e7aise comme une tentative de ressusciter un plan d&rsquo;autonomie qui, en 17 ans, n&rsquo;a jamais fait l&rsquo;objet d&rsquo;un v\u00e9ritable d\u00e9bat ni suscit\u00e9 l&rsquo;int\u00e9r\u00eat des diff\u00e9rents envoy\u00e9s sp\u00e9ciaux de l&rsquo;ONU. Cette man\u0153uvre vise \u00e0 perp\u00e9tuer le blocage du processus politique et \u00e0 faire perdurer le fait colonial impos\u00e9 au peuple sahraoui.<\/p>\n\n\n\n<p>Enfin, le pr\u00e9sident Tebboune a qualifi\u00e9 cette d\u00e9cision fran\u00e7aise de deal irrecevable sur les plans juridique, politique et moral, conclu entre deux parties au d\u00e9triment d&rsquo;un tiers opprim\u00e9 : le peuple sahraoui. Il a soulign\u00e9 que cette position ne faisait qu&rsquo;ouvrir une nouvelle page dans les relations franco-marocaines au d\u00e9triment des droits l\u00e9gitimes du peuple sahraoui.<\/p>\n\n\n\n<p>La r\u00e9ponse du pr\u00e9sident Tebboune \u00e0 son homologue fran\u00e7ais a \u00e9t\u00e9 sans \u00e9quivoque. Il a fermement rejet\u00e9 les justifications avanc\u00e9es par la France, soulignant les dangers de cette nouvelle position pour la paix r\u00e9gionale, le processus politique de r\u00e9solution du conflit, et le respect du droit international. Cette r\u00e9ponse ferme et pr\u00e9cise refl\u00e8te la position constante de l&rsquo;Alg\u00e9rie en faveur du droit \u00e0 l&rsquo;autod\u00e9termination du peuple sahraoui et son refus de toute tentative de l\u00e9gitimer l&rsquo;occupation du Sahara occidental.<\/p>\n\n\n\n<p>Attaf a \u00e9galement soulign\u00e9 que la reconnaissance par la France de la pr\u00e9tendue souverainet\u00e9 marocaine sur le Sahara occidental s&rsquo;apparentait \u00e0 \u00ab\u00a0un cadeau de celui qui ne poss\u00e8de pas \u00e0 celui qui ne m\u00e9rite pas\u00a0\u00bb. Il y a une expression simple pour d\u00e9signer la valeur juridique de la reconnaissance par la France de la pr\u00e9tendue souverainet\u00e9 du Maroc sur le Sahara occidental, \u00ab\u00a0il s&rsquo;agit d&rsquo;+un cadeau de celui qui ne poss\u00e8de pas \u00e0 celui qui ne m\u00e9rite pas+\u00a0\u00bb, a estim\u00e9 M. Attaf. \u00ab\u00a0Consid\u00e9rer le plan d&rsquo;autonomie marocain comme la seule et unique solution \u00e0 la question du Sahara occidental revient \u00e0 \u00e9carter tout effort visant \u00e0 trouver une solution alternative \u00e0 cette question, conform\u00e9ment aux r\u00e9solutions internationales, notamment celles du Conseil de s\u00e9curit\u00e9 \u00e0 l&rsquo;\u00e9laboration et \u00e0 l&rsquo;adoption auxquelles la France a particip\u00e9\u00a0\u00bb, a-t-il ajout\u00e9. Enfin le MAE, a fait \u00e9tat d&rsquo;une initiative de l&rsquo;Union africaine \u00e0 l&rsquo;ONU pour la criminalisation de la colonisation, assurant que l&rsquo;Alg\u00e9rie sera parmi ses premiers d\u00e9fenseurs. Attaf a pr\u00e9cis\u00e9 que \u00ab\u00a0lorsqu&rsquo;il est question de colonisation en g\u00e9n\u00e9ral et de colonisation fran\u00e7aise en particulier, je suis de ceux qui plaident en faveur d&rsquo;une action internationale collective pour que nous prenions, en tant que pays africains et non africains, l&rsquo;initiative de criminaliser la colonisation au niveau des organisations internationales\u00a0\u00bb. \u00ab\u00a0Il existe une initiative au sein de l&rsquo;Union africaine pour la criminalisation de la colonisation \u00e0 l&rsquo;ONU. L&rsquo;Alg\u00e9rie sera parmi ses premiers d\u00e9fenseurs\u00a0\u00bb, a affirm\u00e9 le ministre, soulignant que le prochain sommet africain abordera ce dossier et prendra des d\u00e9cisions en la mati\u00e8re. L&rsquo;initiative aura un retentissement \u00ab\u00a0plus large\u00a0\u00bb et \u00ab\u00a0plus fort\u00a0\u00bb dans le cadre d'\u00a0\u00bbune action collective en tant qu&rsquo;Africains, d&rsquo;autant que le continent a souffert du colonialisme\u00a0\u00bb, a soutenu M. Attaf.<\/p>\n\n\n\n<p><strong>Hocine Fadheli <\/strong><strong><\/strong><\/p>\n\n\n\n<p><strong>Le r\u00e8glement du conflit au Mali est politique et non militaire<\/strong><\/p>\n\n\n\n<p>Le ministre des Affaires \u00e9trang\u00e8res et de la Communaut\u00e9 nationale \u00e0 l&rsquo;\u00e9tranger, Ahmed Attaf, a affirm\u00e9, mercredi \u00e0 Alger, que le r\u00e8glement du conflit entre les fr\u00e8res au Mali ne saurait \u00eatre militaire mais \u00ab\u00a0uniquement politique\u00a0\u00bb. R\u00e9pondant \u00e0 une question lors d&rsquo;une conf\u00e9rence de presse au si\u00e8ge du minist\u00e8re, M. Attaf a rappel\u00e9 la teneur du communiqu\u00e9 officiel de l&rsquo;Alg\u00e9rie suite \u00e0 la d\u00e9nonciation par le Gouvernement malien de l&rsquo;Accord de paix et de r\u00e9conciliation au Mali, issu du processus d&rsquo;Alger, dans lequel elle avait mis en garde contre un \u00e9ventuel retour de la guerre civile dans ce pays fr\u00e8re. L&rsquo;Alg\u00e9rie avait insist\u00e9 dans ce communiqu\u00e9 sur trois donn\u00e9es qu&rsquo;elle juge encore \u00ab\u00a0essentielles\u00a0\u00bb, notamment le fait que l&rsquo;Accord de paix et de r\u00e9conciliation sign\u00e9 \u00e0 Alger en 2015 \u00ab\u00a0a pr\u00e9serv\u00e9 la souverainet\u00e9 et l&rsquo;int\u00e9grit\u00e9 territoriale du Mali et l&rsquo;unit\u00e9 nationale de ce pays fr\u00e8re\u00a0\u00bb, a rappel\u00e9 M. Attaf. Soulignant que la d\u00e9nonciation de cet accord \u00ab\u00a0porte pr\u00e9judice \u00e0 tous les acquis r\u00e9alis\u00e9s dans ce pays\u00a0\u00bb, le ministre a dit que \u00ab\u00a0tout ce que l&rsquo;Alg\u00e9rie redoutait est aujourd&rsquo;hui une r\u00e9alit\u00e9 dans la r\u00e9gion avec le retour de la guerre civile contre laquelle elle avait mis en garde\u00a0\u00bb. Cela \u00e9tant, \u00ab\u00a0l&rsquo;Alg\u00e9rie a affirm\u00e9 qu&rsquo;elle ne pouvait pas tourner le dos \u00e0 ce qui se passe au Sahel et continue de suivre avec inqui\u00e9tude la situation, en \u00e9tant dispos\u00e9e politiquement \u00e0 toujours contribuer \u00e0 la s\u00e9curit\u00e9, \u00e0 la stabilit\u00e9 et \u00e0 la paix dans la r\u00e9gion\u00a0\u00bb, a affirm\u00e9 M. Attaf. \u00ab\u00a0L&rsquo;Alg\u00e9rie s&rsquo;est oppos\u00e9e aux guerres pr\u00e9ventives car il s&rsquo;agit de concepts coloniaux auxquels notre pays ne saurait souscrire aussi facilement\u00a0\u00bb, a soutenu M. Attaf.<\/p>\n\n\n\n<p>APS<\/p>\n","protected":false},"excerpt":{"rendered":"<p>Le ministre des Affaires \u00e9trang\u00e8res et de la Communaut\u00e9 national \u00e0 l&rsquo;\u00e9tranger, Ahmed Attaf, a \u00e9voqu\u00e9 avec force d\u00e9tails,&nbsp; hier<\/p>\n","protected":false},"author":3,"featured_media":54774,"comment_status":"open","ping_status":"closed","sticky":false,"template":"","format":"standard","meta":{"colormag_page_container_layout":"default_layout","colormag_page_sidebar_layout":"default_layout","om_disable_all_campaigns":false,"_monsterinsights_skip_tracking":false,"_monsterinsights_sitenote_active":false,"_monsterinsights_sitenote_note":"","_monsterinsights_sitenote_category":0,"footnotes":"","_wpscppro_dont_share_socialmedia":false,"_wpscppro_custom_social_share_image":0,"_facebook_share_type":"default","_twitter_share_type":"default","_linkedin_share_type":"default","_pinterest_share_type":"default","_linkedin_share_type_page":"","_instagram_share_type":"default","_medium_share_type":"","_threads_share_type":"","_google_business_share_type":"","_selected_social_profile":[],"_wpsp_enable_custom_social_template":false,"_wpsp_social_scheduling":{"enabled":false,"datetime":null,"platforms":[],"status":"template_only","dateOption":"today","timeOption":"now","customDays":"","customHours":"","customDate":"","customTime":"","schedulingType":"absolute"},"_wpsp_active_default_template":true},"categories":[52,27],"tags":[],"class_list":["post-55193","post","type-post","status-publish","format-standard","has-post-thumbnail","hentry","category-a-la-une","category-actualite"],"aioseo_notices":[],"yoast_head":"<!-- This site is optimized with the Yoast SEO plugin v27.5 - https:\/\/yoast.com\/product\/yoast-seo-wordpress\/ -->\n<title>Position fran\u00e7aise sur le Sahara occidental: La r\u00e9ponse ferme et r\u00e9solue de Tebboune - La Sentinelle<\/title>\n<meta name=\"robots\" content=\"index, follow, max-snippet:-1, max-image-preview:large, max-video-preview:-1\" \/>\n<link rel=\"canonical\" href=\"https:\/\/lasentinelle.dz\/index.php\/2024\/07\/31\/position-francaise-sur-le-sahara-occidental-la-reponse-ferme-et-resolue-de-tebboune\/\" \/>\n<meta property=\"og:locale\" content=\"fr_FR\" \/>\n<meta property=\"og:type\" content=\"article\" \/>\n<meta property=\"og:title\" content=\"Position fran\u00e7aise sur le Sahara occidental: La r\u00e9ponse ferme et r\u00e9solue de Tebboune - La Sentinelle\" \/>\n<meta property=\"og:description\" content=\"Le ministre des Affaires \u00e9trang\u00e8res et de la Communaut\u00e9 national \u00e0 l&rsquo;\u00e9tranger, Ahmed Attaf, a \u00e9voqu\u00e9 avec force d\u00e9tails,&nbsp; hier\" \/>\n<meta property=\"og:url\" content=\"https:\/\/lasentinelle.dz\/index.php\/2024\/07\/31\/position-francaise-sur-le-sahara-occidental-la-reponse-ferme-et-resolue-de-tebboune\/\" \/>\n<meta property=\"og:site_name\" content=\"La Sentinelle\" \/>\n<meta property=\"article:publisher\" content=\"https:\/\/www.facebook.com\/La-Sentinelle-104059864394773\" \/>\n<meta property=\"article:published_time\" content=\"2024-07-31T21:35:48+00:00\" \/>\n<meta property=\"og:image\" content=\"https:\/\/lasentinelle.dz\/wp-content\/uploads\/2024\/07\/Tebboune-1.jpeg\" \/>\n\t<meta property=\"og:image:width\" content=\"1280\" \/>\n\t<meta property=\"og:image:height\" content=\"853\" \/>\n\t<meta property=\"og:image:type\" content=\"image\/jpeg\" \/>\n<meta name=\"author\" content=\"La Sentinelle\" \/>\n<meta name=\"twitter:card\" content=\"summary_large_image\" \/>\n<meta name=\"twitter:label1\" content=\"\u00c9crit par\" \/>\n\t<meta name=\"twitter:data1\" content=\"La Sentinelle\" \/>\n\t<meta name=\"twitter:label2\" content=\"Dur\u00e9e de lecture estim\u00e9e\" \/>\n\t<meta name=\"twitter:data2\" content=\"8 minutes\" \/>\n<script type=\"application\/ld+json\" class=\"yoast-schema-graph\">{\"@context\":\"https:\\\/\\\/schema.org\",\"@graph\":[{\"@type\":\"Article\",\"@id\":\"https:\\\/\\\/lasentinelle.dz\\\/index.php\\\/2024\\\/07\\\/31\\\/position-francaise-sur-le-sahara-occidental-la-reponse-ferme-et-resolue-de-tebboune\\\/#article\",\"isPartOf\":{\"@id\":\"https:\\\/\\\/lasentinelle.dz\\\/index.php\\\/2024\\\/07\\\/31\\\/position-francaise-sur-le-sahara-occidental-la-reponse-ferme-et-resolue-de-tebboune\\\/\"},\"author\":{\"name\":\"La Sentinelle\",\"@id\":\"https:\\\/\\\/lasentinelle.dz\\\/#\\\/schema\\\/person\\\/d865044e22e70a75174ce8bcad3acfb3\"},\"headline\":\"Position fran\u00e7aise sur le Sahara occidental: La r\u00e9ponse ferme et r\u00e9solue de Tebboune\",\"datePublished\":\"2024-07-31T21:35:48+00:00\",\"mainEntityOfPage\":{\"@id\":\"https:\\\/\\\/lasentinelle.dz\\\/index.php\\\/2024\\\/07\\\/31\\\/position-francaise-sur-le-sahara-occidental-la-reponse-ferme-et-resolue-de-tebboune\\\/\"},\"wordCount\":1568,\"commentCount\":0,\"publisher\":{\"@id\":\"https:\\\/\\\/lasentinelle.dz\\\/#organization\"},\"image\":{\"@id\":\"https:\\\/\\\/lasentinelle.dz\\\/index.php\\\/2024\\\/07\\\/31\\\/position-francaise-sur-le-sahara-occidental-la-reponse-ferme-et-resolue-de-tebboune\\\/#primaryimage\"},\"thumbnailUrl\":\"https:\\\/\\\/lasentinelle.dz\\\/wp-content\\\/uploads\\\/2024\\\/07\\\/Tebboune-1.jpeg\",\"articleSection\":[\"\u00c0 la Une\",\"Actualit\u00e9\"],\"inLanguage\":\"fr-FR\",\"potentialAction\":[{\"@type\":\"CommentAction\",\"name\":\"Comment\",\"target\":[\"https:\\\/\\\/lasentinelle.dz\\\/index.php\\\/2024\\\/07\\\/31\\\/position-francaise-sur-le-sahara-occidental-la-reponse-ferme-et-resolue-de-tebboune\\\/#respond\"]}]},{\"@type\":\"WebPage\",\"@id\":\"https:\\\/\\\/lasentinelle.dz\\\/index.php\\\/2024\\\/07\\\/31\\\/position-francaise-sur-le-sahara-occidental-la-reponse-ferme-et-resolue-de-tebboune\\\/\",\"url\":\"https:\\\/\\\/lasentinelle.dz\\\/index.php\\\/2024\\\/07\\\/31\\\/position-francaise-sur-le-sahara-occidental-la-reponse-ferme-et-resolue-de-tebboune\\\/\",\"name\":\"Position fran\u00e7aise sur le Sahara occidental: La r\u00e9ponse ferme et r\u00e9solue de Tebboune - La Sentinelle\",\"isPartOf\":{\"@id\":\"https:\\\/\\\/lasentinelle.dz\\\/#website\"},\"primaryImageOfPage\":{\"@id\":\"https:\\\/\\\/lasentinelle.dz\\\/index.php\\\/2024\\\/07\\\/31\\\/position-francaise-sur-le-sahara-occidental-la-reponse-ferme-et-resolue-de-tebboune\\\/#primaryimage\"},\"image\":{\"@id\":\"https:\\\/\\\/lasentinelle.dz\\\/index.php\\\/2024\\\/07\\\/31\\\/position-francaise-sur-le-sahara-occidental-la-reponse-ferme-et-resolue-de-tebboune\\\/#primaryimage\"},\"thumbnailUrl\":\"https:\\\/\\\/lasentinelle.dz\\\/wp-content\\\/uploads\\\/2024\\\/07\\\/Tebboune-1.jpeg\",\"datePublished\":\"2024-07-31T21:35:48+00:00\",\"breadcrumb\":{\"@id\":\"https:\\\/\\\/lasentinelle.dz\\\/index.php\\\/2024\\\/07\\\/31\\\/position-francaise-sur-le-sahara-occidental-la-reponse-ferme-et-resolue-de-tebboune\\\/#breadcrumb\"},\"inLanguage\":\"fr-FR\",\"potentialAction\":[{\"@type\":\"ReadAction\",\"target\":[\"https:\\\/\\\/lasentinelle.dz\\\/index.php\\\/2024\\\/07\\\/31\\\/position-francaise-sur-le-sahara-occidental-la-reponse-ferme-et-resolue-de-tebboune\\\/\"]}]},{\"@type\":\"ImageObject\",\"inLanguage\":\"fr-FR\",\"@id\":\"https:\\\/\\\/lasentinelle.dz\\\/index.php\\\/2024\\\/07\\\/31\\\/position-francaise-sur-le-sahara-occidental-la-reponse-ferme-et-resolue-de-tebboune\\\/#primaryimage\",\"url\":\"https:\\\/\\\/lasentinelle.dz\\\/wp-content\\\/uploads\\\/2024\\\/07\\\/Tebboune-1.jpeg\",\"contentUrl\":\"https:\\\/\\\/lasentinelle.dz\\\/wp-content\\\/uploads\\\/2024\\\/07\\\/Tebboune-1.jpeg\",\"width\":1280,\"height\":853},{\"@type\":\"BreadcrumbList\",\"@id\":\"https:\\\/\\\/lasentinelle.dz\\\/index.php\\\/2024\\\/07\\\/31\\\/position-francaise-sur-le-sahara-occidental-la-reponse-ferme-et-resolue-de-tebboune\\\/#breadcrumb\",\"itemListElement\":[{\"@type\":\"ListItem\",\"position\":1,\"name\":\"Accueil\",\"item\":\"https:\\\/\\\/lasentinelle.dz\\\/\"},{\"@type\":\"ListItem\",\"position\":2,\"name\":\"Position fran\u00e7aise sur le Sahara occidental: La r\u00e9ponse ferme et r\u00e9solue de Tebboune\"}]},{\"@type\":\"WebSite\",\"@id\":\"https:\\\/\\\/lasentinelle.dz\\\/#website\",\"url\":\"https:\\\/\\\/lasentinelle.dz\\\/\",\"name\":\"La Sentinelle\",\"description\":\"Quotidien national d&#039;information\",\"publisher\":{\"@id\":\"https:\\\/\\\/lasentinelle.dz\\\/#organization\"},\"potentialAction\":[{\"@type\":\"SearchAction\",\"target\":{\"@type\":\"EntryPoint\",\"urlTemplate\":\"https:\\\/\\\/lasentinelle.dz\\\/?s={search_term_string}\"},\"query-input\":{\"@type\":\"PropertyValueSpecification\",\"valueRequired\":true,\"valueName\":\"search_term_string\"}}],\"inLanguage\":\"fr-FR\"},{\"@type\":\"Organization\",\"@id\":\"https:\\\/\\\/lasentinelle.dz\\\/#organization\",\"name\":\"Quotidien La Sentinelle\",\"url\":\"https:\\\/\\\/lasentinelle.dz\\\/\",\"logo\":{\"@type\":\"ImageObject\",\"inLanguage\":\"fr-FR\",\"@id\":\"https:\\\/\\\/lasentinelle.dz\\\/#\\\/schema\\\/logo\\\/image\\\/\",\"url\":\"https:\\\/\\\/lasentinelle.dz\\\/wp-content\\\/uploads\\\/2021\\\/09\\\/logo-sentinelleSLOGAN-1.png\",\"contentUrl\":\"https:\\\/\\\/lasentinelle.dz\\\/wp-content\\\/uploads\\\/2021\\\/09\\\/logo-sentinelleSLOGAN-1.png\",\"width\":615,\"height\":142,\"caption\":\"Quotidien La Sentinelle\"},\"image\":{\"@id\":\"https:\\\/\\\/lasentinelle.dz\\\/#\\\/schema\\\/logo\\\/image\\\/\"},\"sameAs\":[\"https:\\\/\\\/www.facebook.com\\\/La-Sentinelle-104059864394773\"]},{\"@type\":\"Person\",\"@id\":\"https:\\\/\\\/lasentinelle.dz\\\/#\\\/schema\\\/person\\\/d865044e22e70a75174ce8bcad3acfb3\",\"name\":\"La Sentinelle\",\"image\":{\"@type\":\"ImageObject\",\"inLanguage\":\"fr-FR\",\"@id\":\"https:\\\/\\\/secure.gravatar.com\\\/avatar\\\/57de8e5d4b15d43fb361a71fbb36338450fe67865b528a43dd10ef7c51a20392?s=96&d=mm&r=g\",\"url\":\"https:\\\/\\\/secure.gravatar.com\\\/avatar\\\/57de8e5d4b15d43fb361a71fbb36338450fe67865b528a43dd10ef7c51a20392?s=96&d=mm&r=g\",\"contentUrl\":\"https:\\\/\\\/secure.gravatar.com\\\/avatar\\\/57de8e5d4b15d43fb361a71fbb36338450fe67865b528a43dd10ef7c51a20392?s=96&d=mm&r=g\",\"caption\":\"La Sentinelle\"},\"sameAs\":[\"http:\\\/\\\/www.lasentinelle.dz\"],\"url\":\"https:\\\/\\\/lasentinelle.dz\\\/author\\\/redaction\\\/\"}]}<\/script>\n<!-- \/ Yoast SEO plugin. -->","yoast_head_json":{"title":"Position fran\u00e7aise sur le Sahara occidental: La r\u00e9ponse ferme et r\u00e9solue de Tebboune - La Sentinelle","robots":{"index":"index","follow":"follow","max-snippet":"max-snippet:-1","max-image-preview":"max-image-preview:large","max-video-preview":"max-video-preview:-1"},"canonical":"https:\/\/lasentinelle.dz\/index.php\/2024\/07\/31\/position-francaise-sur-le-sahara-occidental-la-reponse-ferme-et-resolue-de-tebboune\/","og_locale":"fr_FR","og_type":"article","og_title":"Position fran\u00e7aise sur le Sahara occidental: La r\u00e9ponse ferme et r\u00e9solue de Tebboune - La Sentinelle","og_description":"Le ministre des Affaires \u00e9trang\u00e8res et de la Communaut\u00e9 national \u00e0 l&rsquo;\u00e9tranger, Ahmed Attaf, a \u00e9voqu\u00e9 avec force d\u00e9tails,&nbsp; hier","og_url":"https:\/\/lasentinelle.dz\/index.php\/2024\/07\/31\/position-francaise-sur-le-sahara-occidental-la-reponse-ferme-et-resolue-de-tebboune\/","og_site_name":"La Sentinelle","article_publisher":"https:\/\/www.facebook.com\/La-Sentinelle-104059864394773","article_published_time":"2024-07-31T21:35:48+00:00","og_image":[{"width":1280,"height":853,"url":"https:\/\/lasentinelle.dz\/wp-content\/uploads\/2024\/07\/Tebboune-1.jpeg","type":"image\/jpeg"}],"author":"La Sentinelle","twitter_card":"summary_large_image","twitter_misc":{"\u00c9crit par":"La Sentinelle","Dur\u00e9e de lecture estim\u00e9e":"8 minutes"},"schema":{"@context":"https:\/\/schema.org","@graph":[{"@type":"Article","@id":"https:\/\/lasentinelle.dz\/index.php\/2024\/07\/31\/position-francaise-sur-le-sahara-occidental-la-reponse-ferme-et-resolue-de-tebboune\/#article","isPartOf":{"@id":"https:\/\/lasentinelle.dz\/index.php\/2024\/07\/31\/position-francaise-sur-le-sahara-occidental-la-reponse-ferme-et-resolue-de-tebboune\/"},"author":{"name":"La Sentinelle","@id":"https:\/\/lasentinelle.dz\/#\/schema\/person\/d865044e22e70a75174ce8bcad3acfb3"},"headline":"Position fran\u00e7aise sur le Sahara occidental: La r\u00e9ponse ferme et r\u00e9solue de Tebboune","datePublished":"2024-07-31T21:35:48+00:00","mainEntityOfPage":{"@id":"https:\/\/lasentinelle.dz\/index.php\/2024\/07\/31\/position-francaise-sur-le-sahara-occidental-la-reponse-ferme-et-resolue-de-tebboune\/"},"wordCount":1568,"commentCount":0,"publisher":{"@id":"https:\/\/lasentinelle.dz\/#organization"},"image":{"@id":"https:\/\/lasentinelle.dz\/index.php\/2024\/07\/31\/position-francaise-sur-le-sahara-occidental-la-reponse-ferme-et-resolue-de-tebboune\/#primaryimage"},"thumbnailUrl":"https:\/\/lasentinelle.dz\/wp-content\/uploads\/2024\/07\/Tebboune-1.jpeg","articleSection":["\u00c0 la Une","Actualit\u00e9"],"inLanguage":"fr-FR","potentialAction":[{"@type":"CommentAction","name":"Comment","target":["https:\/\/lasentinelle.dz\/index.php\/2024\/07\/31\/position-francaise-sur-le-sahara-occidental-la-reponse-ferme-et-resolue-de-tebboune\/#respond"]}]},{"@type":"WebPage","@id":"https:\/\/lasentinelle.dz\/index.php\/2024\/07\/31\/position-francaise-sur-le-sahara-occidental-la-reponse-ferme-et-resolue-de-tebboune\/","url":"https:\/\/lasentinelle.dz\/index.php\/2024\/07\/31\/position-francaise-sur-le-sahara-occidental-la-reponse-ferme-et-resolue-de-tebboune\/","name":"Position fran\u00e7aise sur le Sahara occidental: La r\u00e9ponse ferme et r\u00e9solue de Tebboune - La Sentinelle","isPartOf":{"@id":"https:\/\/lasentinelle.dz\/#website"},"primaryImageOfPage":{"@id":"https:\/\/lasentinelle.dz\/index.php\/2024\/07\/31\/position-francaise-sur-le-sahara-occidental-la-reponse-ferme-et-resolue-de-tebboune\/#primaryimage"},"image":{"@id":"https:\/\/lasentinelle.dz\/index.php\/2024\/07\/31\/position-francaise-sur-le-sahara-occidental-la-reponse-ferme-et-resolue-de-tebboune\/#primaryimage"},"thumbnailUrl":"https:\/\/lasentinelle.dz\/wp-content\/uploads\/2024\/07\/Tebboune-1.jpeg","datePublished":"2024-07-31T21:35:48+00:00","breadcrumb":{"@id":"https:\/\/lasentinelle.dz\/index.php\/2024\/07\/31\/position-francaise-sur-le-sahara-occidental-la-reponse-ferme-et-resolue-de-tebboune\/#breadcrumb"},"inLanguage":"fr-FR","potentialAction":[{"@type":"ReadAction","target":["https:\/\/lasentinelle.dz\/index.php\/2024\/07\/31\/position-francaise-sur-le-sahara-occidental-la-reponse-ferme-et-resolue-de-tebboune\/"]}]},{"@type":"ImageObject","inLanguage":"fr-FR","@id":"https:\/\/lasentinelle.dz\/index.php\/2024\/07\/31\/position-francaise-sur-le-sahara-occidental-la-reponse-ferme-et-resolue-de-tebboune\/#primaryimage","url":"https:\/\/lasentinelle.dz\/wp-content\/uploads\/2024\/07\/Tebboune-1.jpeg","contentUrl":"https:\/\/lasentinelle.dz\/wp-content\/uploads\/2024\/07\/Tebboune-1.jpeg","width":1280,"height":853},{"@type":"BreadcrumbList","@id":"https:\/\/lasentinelle.dz\/index.php\/2024\/07\/31\/position-francaise-sur-le-sahara-occidental-la-reponse-ferme-et-resolue-de-tebboune\/#breadcrumb","itemListElement":[{"@type":"ListItem","position":1,"name":"Accueil","item":"https:\/\/lasentinelle.dz\/"},{"@type":"ListItem","position":2,"name":"Position fran\u00e7aise sur le Sahara occidental: La r\u00e9ponse ferme et r\u00e9solue de Tebboune"}]},{"@type":"WebSite","@id":"https:\/\/lasentinelle.dz\/#website","url":"https:\/\/lasentinelle.dz\/","name":"La Sentinelle","description":"Quotidien national d&#039;information","publisher":{"@id":"https:\/\/lasentinelle.dz\/#organization"},"potentialAction":[{"@type":"SearchAction","target":{"@type":"EntryPoint","urlTemplate":"https:\/\/lasentinelle.dz\/?s={search_term_string}"},"query-input":{"@type":"PropertyValueSpecification","valueRequired":true,"valueName":"search_term_string"}}],"inLanguage":"fr-FR"},{"@type":"Organization","@id":"https:\/\/lasentinelle.dz\/#organization","name":"Quotidien La Sentinelle","url":"https:\/\/lasentinelle.dz\/","logo":{"@type":"ImageObject","inLanguage":"fr-FR","@id":"https:\/\/lasentinelle.dz\/#\/schema\/logo\/image\/","url":"https:\/\/lasentinelle.dz\/wp-content\/uploads\/2021\/09\/logo-sentinelleSLOGAN-1.png","contentUrl":"https:\/\/lasentinelle.dz\/wp-content\/uploads\/2021\/09\/logo-sentinelleSLOGAN-1.png","width":615,"height":142,"caption":"Quotidien La Sentinelle"},"image":{"@id":"https:\/\/lasentinelle.dz\/#\/schema\/logo\/image\/"},"sameAs":["https:\/\/www.facebook.com\/La-Sentinelle-104059864394773"]},{"@type":"Person","@id":"https:\/\/lasentinelle.dz\/#\/schema\/person\/d865044e22e70a75174ce8bcad3acfb3","name":"La Sentinelle","image":{"@type":"ImageObject","inLanguage":"fr-FR","@id":"https:\/\/secure.gravatar.com\/avatar\/57de8e5d4b15d43fb361a71fbb36338450fe67865b528a43dd10ef7c51a20392?s=96&d=mm&r=g","url":"https:\/\/secure.gravatar.com\/avatar\/57de8e5d4b15d43fb361a71fbb36338450fe67865b528a43dd10ef7c51a20392?s=96&d=mm&r=g","contentUrl":"https:\/\/secure.gravatar.com\/avatar\/57de8e5d4b15d43fb361a71fbb36338450fe67865b528a43dd10ef7c51a20392?s=96&d=mm&r=g","caption":"La Sentinelle"},"sameAs":["http:\/\/www.lasentinelle.dz"],"url":"https:\/\/lasentinelle.dz\/author\/redaction\/"}]}},"_links":{"self":[{"href":"https:\/\/lasentinelle.dz\/index.php\/wp-json\/wp\/v2\/posts\/55193","targetHints":{"allow":["GET"]}}],"collection":[{"href":"https:\/\/lasentinelle.dz\/index.php\/wp-json\/wp\/v2\/posts"}],"about":[{"href":"https:\/\/lasentinelle.dz\/index.php\/wp-json\/wp\/v2\/types\/post"}],"author":[{"embeddable":true,"href":"https:\/\/lasentinelle.dz\/index.php\/wp-json\/wp\/v2\/users\/3"}],"replies":[{"embeddable":true,"href":"https:\/\/lasentinelle.dz\/index.php\/wp-json\/wp\/v2\/comments?post=55193"}],"version-history":[{"count":1,"href":"https:\/\/lasentinelle.dz\/index.php\/wp-json\/wp\/v2\/posts\/55193\/revisions"}],"predecessor-version":[{"id":55194,"href":"https:\/\/lasentinelle.dz\/index.php\/wp-json\/wp\/v2\/posts\/55193\/revisions\/55194"}],"wp:featuredmedia":[{"embeddable":true,"href":"https:\/\/lasentinelle.dz\/index.php\/wp-json\/wp\/v2\/media\/54774"}],"wp:attachment":[{"href":"https:\/\/lasentinelle.dz\/index.php\/wp-json\/wp\/v2\/media?parent=55193"}],"wp:term":[{"taxonomy":"category","embeddable":true,"href":"https:\/\/lasentinelle.dz\/index.php\/wp-json\/wp\/v2\/categories?post=55193"},{"taxonomy":"post_tag","embeddable":true,"href":"https:\/\/lasentinelle.dz\/index.php\/wp-json\/wp\/v2\/tags?post=55193"}],"curies":[{"name":"wp","href":"https:\/\/api.w.org\/{rel}","templated":true}]}}