{"id":55202,"date":"2024-08-04T13:17:19","date_gmt":"2024-08-04T12:17:19","guid":{"rendered":"https:\/\/lasentinelle.dz\/?p=55202"},"modified":"2024-08-04T13:17:21","modified_gmt":"2024-08-04T12:17:21","slug":"jo-2024-le-cio-affiche-son-plein-soutien-a-imane-khelif","status":"publish","type":"post","link":"https:\/\/lasentinelle.dz\/index.php\/2024\/08\/04\/jo-2024-le-cio-affiche-son-plein-soutien-a-imane-khelif\/","title":{"rendered":"JO 2024 : Le CIO affiche son plein soutien \u00e0 Imane Khelif"},"content":{"rendered":"\n<p>Le Comit\u00e9 International Olympique (CIO) et de plusieurs instances internationales affichent un soutien sans faille \u00e0 notre championne en boxe Imane Khelif d&rsquo;un soutien sans faille.<\/p>\n\n\n\n<p>Lors d&rsquo;une conf\u00e9rence de presse tenue hier samedi, Thomas Bach, pr\u00e9sident du CIO, a fermement d\u00e9fendu Imane Khelif et la Ta\u00efwainaise Lin Yu-tin contre les accusations infond\u00e9es remettant en cause leur f\u00e9minit\u00e9. Il a d\u00e9clar\u00e9 sans ambigu\u00eft\u00e9 : \u00ab\u00a0Il ne s&rsquo;agit pas de cas de transidentit\u00e9 (&#8230;) Nous avons deux boxeuses qui sont n\u00e9es femmes, qui ont \u00e9t\u00e9 \u00e9lev\u00e9es comme des femmes, qui ont des passeports indiquant qu&rsquo;elles sont des femmes, et qui participent \u00e0 des comp\u00e9titions depuis des ann\u00e9es en tant que femmes\u00a0\u00bb. Le patron du CIO a d\u00e9nonc\u00e9 une forme d&rsquo;instrumentalisation de la pol\u00e9mique, pointant du doigt ceux qui pensent \u00ab\u00a0d\u00e9tenir la d\u00e9finition de ce qu&rsquo;est une femme\u00a0\u00bb. Il les a invit\u00e9s \u00e0 pr\u00e9senter \u00ab\u00a0leurs preuves scientifiques\u00a0\u00bb pour justifier leur \u00ab\u00a0nouvelle d\u00e9finition de ce qu&rsquo;est une femme\u00a0\u00bb. Thomas Bach a \u00e9galement soulign\u00e9 le refus du CIO de prendre part \u00e0 \u00ab\u00a0une forme de guerre culturelle, parfois politiquement instrumentalis\u00e9e\u00a0\u00bb, faisant r\u00e9f\u00e9rence aux campagnes haineuses sur les r\u00e9seaux sociaux visant Imane Khelif et la boxeuse ta\u00efwanaise Lin Yu-tin. Le Comit\u00e9 International Olympique a \u00e9mis un dernier avertissement aux contrevenants, leur ordonnant de supprimer toute publication portant atteinte \u00e0 la r\u00e9putation d&rsquo;Imane Khelif. Cette d\u00e9cision fait suite \u00e0 une plainte officielle d\u00e9pos\u00e9e par le Comit\u00e9 Olympique Alg\u00e9rien, d\u00e9non\u00e7ant une \u00ab\u00a0violation grave des r\u00e8gles d&rsquo;\u00e9thique sportive et une atteinte \u00e0 la Charte Olympique\u00a0\u00bb. Le Minist\u00e8re de la Jeunesse et des Sports a confirm\u00e9 cette d\u00e9cision du CIO et a ajout\u00e9 qu&rsquo;il \u00ab\u00a0se r\u00e9serve le droit de poursuites judiciaires contre quiconque ayant particip\u00e9 \u00e0 la campagne malveillante contre la championne Imane Khelif\u00a0\u00bb.<\/p>\n\n\n\n<p>L&rsquo;Organisation Mondiale de S\u00e9curit\u00e9 Anti Corruption et Criminalit\u00e9 (OMSAC) a exprim\u00e9 son \u00ab\u00a0indignation\u00a0\u00bb et sa \u00ab\u00a0profonde consternation\u00a0\u00bb face aux attaques \u00ab\u00a0scandaleuses et infond\u00e9es\u00a0\u00bb dirig\u00e9es contre Imane Khelif. L&rsquo;organisation a soulign\u00e9 que ce traitement inacceptable \u00ab\u00a0repr\u00e9sente une atteinte grave \u00e0 sa dignit\u00e9 en tant qu&rsquo;\u00eatre humain, en tant que femme et en tant que sportive\u00a0\u00bb. L&rsquo;OMSAC a d\u00e9cid\u00e9 d&rsquo;apporter un soutien total \u00e0 la boxeuse alg\u00e9rienne, saluant la position ferme du CIO. Elle a \u00e9galement annonc\u00e9 avoir saisi les instances judiciaires comp\u00e9tentes et le Haut Commissariat des Nations Unies aux droits de l&rsquo;homme pour s&rsquo;assurer que l&rsquo;affaire re\u00e7oive l&rsquo;attention internationale qu&rsquo;elle m\u00e9rite.<\/p>\n\n\n\n<p>Conform\u00e9ment \u00e0 ses statuts et \u00e0 ses missions officielles, notamment en mati\u00e8re de droits humains, l&rsquo;OMSAC a indiqu\u00e9 avoir \u00ab\u00a0saisi les instances judiciaires comp\u00e9tentes pour que justice soit rendue. Et il sera mis \u00e0 la disposition de la boxeuse alg\u00e9rienne tous les moyens humains et logistiques de notre d\u00e9partement juridique pour la soutenir dans cette \u00e9preuve\u00a0\u00bb. De plus, \u00ab\u00a0l&rsquo;OMSAC a saisi le Haut Commissariat des Nations Unies aux droits de l&rsquo;homme pour s&rsquo;assurer que cette affaire re\u00e7oive l&rsquo;attention internationale qu&rsquo;elle m\u00e9rite et que des mesures appropri\u00e9es soient prises\u00a0\u00bb, a ajout\u00e9 l&rsquo;organisation. En conclusion, l&rsquo;OMSAC a affich\u00e9 \u00ab\u00a0son ferme engagement \u00e0 d\u00e9fendre les droits et la dignit\u00e9 de tous les athl\u00e8tes, en particulier ceux qui sont injustement cibl\u00e9s\u00a0\u00bb. \u00ab\u00a0Nous exhortons la communaut\u00e9 internationale, les m\u00e9dias, et toutes les institutions concern\u00e9es \u00e0 se joindre \u00e0 nous pour condamner ces actes r\u00e9pr\u00e9hensibles et soutenir Imane Khelif dans cette \u00e9preuve.<\/p>\n\n\n\n<p>R.S.<\/p>\n","protected":false},"excerpt":{"rendered":"<p>Le Comit\u00e9 International Olympique (CIO) et de plusieurs instances internationales affichent un soutien sans faille \u00e0 notre championne en boxe<\/p>\n","protected":false},"author":3,"featured_media":55204,"comment_status":"open","ping_status":"closed","sticky":false,"template":"","format":"standard","meta":{"colormag_page_container_layout":"default_layout","colormag_page_sidebar_layout":"default_layout","om_disable_all_campaigns":false,"_monsterinsights_skip_tracking":false,"_monsterinsights_sitenote_active":false,"_monsterinsights_sitenote_note":"","_monsterinsights_sitenote_category":0,"footnotes":"","_wpscppro_dont_share_socialmedia":false,"_wpscppro_custom_social_share_image":0,"_facebook_share_type":"default","_twitter_share_type":"default","_linkedin_share_type":"default","_pinterest_share_type":"default","_linkedin_share_type_page":"","_instagram_share_type":"default","_medium_share_type":"","_threads_share_type":"","_google_business_share_type":"","_selected_social_profile":[],"_wpsp_enable_custom_social_template":false,"_wpsp_social_scheduling":{"enabled":false,"datetime":null,"platforms":[],"status":"template_only","dateOption":"today","timeOption":"now","customDays":"","customHours":"","customDate":"","customTime":"","schedulingType":"absolute"},"_wpsp_active_default_template":true},"categories":[33],"tags":[],"class_list":["post-55202","post","type-post","status-publish","format-standard","has-post-thumbnail","hentry","category-sports"],"aioseo_notices":[],"yoast_head":"<!-- This site is optimized with the Yoast SEO plugin v27.5 - https:\/\/yoast.com\/product\/yoast-seo-wordpress\/ -->\n<title>JO 2024 : Le CIO affiche son plein soutien \u00e0 Imane Khelif - La Sentinelle<\/title>\n<meta name=\"robots\" content=\"index, follow, max-snippet:-1, max-image-preview:large, max-video-preview:-1\" \/>\n<link rel=\"canonical\" href=\"https:\/\/lasentinelle.dz\/index.php\/2024\/08\/04\/jo-2024-le-cio-affiche-son-plein-soutien-a-imane-khelif\/\" \/>\n<meta property=\"og:locale\" content=\"fr_FR\" \/>\n<meta property=\"og:type\" content=\"article\" \/>\n<meta property=\"og:title\" content=\"JO 2024 : Le CIO affiche son plein soutien \u00e0 Imane Khelif - La Sentinelle\" \/>\n<meta property=\"og:description\" content=\"Le Comit\u00e9 International Olympique (CIO) et de plusieurs instances internationales affichent un soutien sans faille \u00e0 notre championne en boxe\" \/>\n<meta property=\"og:url\" content=\"https:\/\/lasentinelle.dz\/index.php\/2024\/08\/04\/jo-2024-le-cio-affiche-son-plein-soutien-a-imane-khelif\/\" \/>\n<meta property=\"og:site_name\" content=\"La Sentinelle\" \/>\n<meta property=\"article:publisher\" content=\"https:\/\/www.facebook.com\/La-Sentinelle-104059864394773\" \/>\n<meta property=\"article:published_time\" content=\"2024-08-04T12:17:19+00:00\" \/>\n<meta property=\"article:modified_time\" content=\"2024-08-04T12:17:21+00:00\" \/>\n<meta property=\"og:image\" content=\"https:\/\/lasentinelle.dz\/wp-content\/uploads\/2024\/08\/bach.jpg\" \/>\n\t<meta property=\"og:image:width\" content=\"1280\" \/>\n\t<meta property=\"og:image:height\" content=\"720\" \/>\n\t<meta property=\"og:image:type\" content=\"image\/jpeg\" \/>\n<meta name=\"author\" content=\"La Sentinelle\" \/>\n<meta name=\"twitter:card\" content=\"summary_large_image\" \/>\n<meta name=\"twitter:label1\" content=\"\u00c9crit par\" \/>\n\t<meta name=\"twitter:data1\" content=\"La Sentinelle\" \/>\n\t<meta name=\"twitter:label2\" content=\"Dur\u00e9e de lecture estim\u00e9e\" \/>\n\t<meta name=\"twitter:data2\" content=\"3 minutes\" \/>\n<script type=\"application\/ld+json\" class=\"yoast-schema-graph\">{\"@context\":\"https:\\\/\\\/schema.org\",\"@graph\":[{\"@type\":\"Article\",\"@id\":\"https:\\\/\\\/lasentinelle.dz\\\/index.php\\\/2024\\\/08\\\/04\\\/jo-2024-le-cio-affiche-son-plein-soutien-a-imane-khelif\\\/#article\",\"isPartOf\":{\"@id\":\"https:\\\/\\\/lasentinelle.dz\\\/index.php\\\/2024\\\/08\\\/04\\\/jo-2024-le-cio-affiche-son-plein-soutien-a-imane-khelif\\\/\"},\"author\":{\"name\":\"La Sentinelle\",\"@id\":\"https:\\\/\\\/lasentinelle.dz\\\/#\\\/schema\\\/person\\\/d865044e22e70a75174ce8bcad3acfb3\"},\"headline\":\"JO 2024 : Le CIO affiche son plein soutien \u00e0 Imane Khelif\",\"datePublished\":\"2024-08-04T12:17:19+00:00\",\"dateModified\":\"2024-08-04T12:17:21+00:00\",\"mainEntityOfPage\":{\"@id\":\"https:\\\/\\\/lasentinelle.dz\\\/index.php\\\/2024\\\/08\\\/04\\\/jo-2024-le-cio-affiche-son-plein-soutien-a-imane-khelif\\\/\"},\"wordCount\":612,\"commentCount\":0,\"publisher\":{\"@id\":\"https:\\\/\\\/lasentinelle.dz\\\/#organization\"},\"image\":{\"@id\":\"https:\\\/\\\/lasentinelle.dz\\\/index.php\\\/2024\\\/08\\\/04\\\/jo-2024-le-cio-affiche-son-plein-soutien-a-imane-khelif\\\/#primaryimage\"},\"thumbnailUrl\":\"https:\\\/\\\/lasentinelle.dz\\\/wp-content\\\/uploads\\\/2024\\\/08\\\/bach.jpg\",\"articleSection\":[\"Sports\"],\"inLanguage\":\"fr-FR\",\"potentialAction\":[{\"@type\":\"CommentAction\",\"name\":\"Comment\",\"target\":[\"https:\\\/\\\/lasentinelle.dz\\\/index.php\\\/2024\\\/08\\\/04\\\/jo-2024-le-cio-affiche-son-plein-soutien-a-imane-khelif\\\/#respond\"]}]},{\"@type\":\"WebPage\",\"@id\":\"https:\\\/\\\/lasentinelle.dz\\\/index.php\\\/2024\\\/08\\\/04\\\/jo-2024-le-cio-affiche-son-plein-soutien-a-imane-khelif\\\/\",\"url\":\"https:\\\/\\\/lasentinelle.dz\\\/index.php\\\/2024\\\/08\\\/04\\\/jo-2024-le-cio-affiche-son-plein-soutien-a-imane-khelif\\\/\",\"name\":\"JO 2024 : Le CIO affiche son plein soutien \u00e0 Imane Khelif - La Sentinelle\",\"isPartOf\":{\"@id\":\"https:\\\/\\\/lasentinelle.dz\\\/#website\"},\"primaryImageOfPage\":{\"@id\":\"https:\\\/\\\/lasentinelle.dz\\\/index.php\\\/2024\\\/08\\\/04\\\/jo-2024-le-cio-affiche-son-plein-soutien-a-imane-khelif\\\/#primaryimage\"},\"image\":{\"@id\":\"https:\\\/\\\/lasentinelle.dz\\\/index.php\\\/2024\\\/08\\\/04\\\/jo-2024-le-cio-affiche-son-plein-soutien-a-imane-khelif\\\/#primaryimage\"},\"thumbnailUrl\":\"https:\\\/\\\/lasentinelle.dz\\\/wp-content\\\/uploads\\\/2024\\\/08\\\/bach.jpg\",\"datePublished\":\"2024-08-04T12:17:19+00:00\",\"dateModified\":\"2024-08-04T12:17:21+00:00\",\"breadcrumb\":{\"@id\":\"https:\\\/\\\/lasentinelle.dz\\\/index.php\\\/2024\\\/08\\\/04\\\/jo-2024-le-cio-affiche-son-plein-soutien-a-imane-khelif\\\/#breadcrumb\"},\"inLanguage\":\"fr-FR\",\"potentialAction\":[{\"@type\":\"ReadAction\",\"target\":[\"https:\\\/\\\/lasentinelle.dz\\\/index.php\\\/2024\\\/08\\\/04\\\/jo-2024-le-cio-affiche-son-plein-soutien-a-imane-khelif\\\/\"]}]},{\"@type\":\"ImageObject\",\"inLanguage\":\"fr-FR\",\"@id\":\"https:\\\/\\\/lasentinelle.dz\\\/index.php\\\/2024\\\/08\\\/04\\\/jo-2024-le-cio-affiche-son-plein-soutien-a-imane-khelif\\\/#primaryimage\",\"url\":\"https:\\\/\\\/lasentinelle.dz\\\/wp-content\\\/uploads\\\/2024\\\/08\\\/bach.jpg\",\"contentUrl\":\"https:\\\/\\\/lasentinelle.dz\\\/wp-content\\\/uploads\\\/2024\\\/08\\\/bach.jpg\",\"width\":1280,\"height\":720},{\"@type\":\"BreadcrumbList\",\"@id\":\"https:\\\/\\\/lasentinelle.dz\\\/index.php\\\/2024\\\/08\\\/04\\\/jo-2024-le-cio-affiche-son-plein-soutien-a-imane-khelif\\\/#breadcrumb\",\"itemListElement\":[{\"@type\":\"ListItem\",\"position\":1,\"name\":\"Accueil\",\"item\":\"https:\\\/\\\/lasentinelle.dz\\\/\"},{\"@type\":\"ListItem\",\"position\":2,\"name\":\"JO 2024 : Le CIO affiche son plein soutien \u00e0 Imane Khelif\"}]},{\"@type\":\"WebSite\",\"@id\":\"https:\\\/\\\/lasentinelle.dz\\\/#website\",\"url\":\"https:\\\/\\\/lasentinelle.dz\\\/\",\"name\":\"La Sentinelle\",\"description\":\"Quotidien national d&#039;information\",\"publisher\":{\"@id\":\"https:\\\/\\\/lasentinelle.dz\\\/#organization\"},\"potentialAction\":[{\"@type\":\"SearchAction\",\"target\":{\"@type\":\"EntryPoint\",\"urlTemplate\":\"https:\\\/\\\/lasentinelle.dz\\\/?s={search_term_string}\"},\"query-input\":{\"@type\":\"PropertyValueSpecification\",\"valueRequired\":true,\"valueName\":\"search_term_string\"}}],\"inLanguage\":\"fr-FR\"},{\"@type\":\"Organization\",\"@id\":\"https:\\\/\\\/lasentinelle.dz\\\/#organization\",\"name\":\"Quotidien La Sentinelle\",\"url\":\"https:\\\/\\\/lasentinelle.dz\\\/\",\"logo\":{\"@type\":\"ImageObject\",\"inLanguage\":\"fr-FR\",\"@id\":\"https:\\\/\\\/lasentinelle.dz\\\/#\\\/schema\\\/logo\\\/image\\\/\",\"url\":\"https:\\\/\\\/lasentinelle.dz\\\/wp-content\\\/uploads\\\/2021\\\/09\\\/logo-sentinelleSLOGAN-1.png\",\"contentUrl\":\"https:\\\/\\\/lasentinelle.dz\\\/wp-content\\\/uploads\\\/2021\\\/09\\\/logo-sentinelleSLOGAN-1.png\",\"width\":615,\"height\":142,\"caption\":\"Quotidien La Sentinelle\"},\"image\":{\"@id\":\"https:\\\/\\\/lasentinelle.dz\\\/#\\\/schema\\\/logo\\\/image\\\/\"},\"sameAs\":[\"https:\\\/\\\/www.facebook.com\\\/La-Sentinelle-104059864394773\"]},{\"@type\":\"Person\",\"@id\":\"https:\\\/\\\/lasentinelle.dz\\\/#\\\/schema\\\/person\\\/d865044e22e70a75174ce8bcad3acfb3\",\"name\":\"La Sentinelle\",\"image\":{\"@type\":\"ImageObject\",\"inLanguage\":\"fr-FR\",\"@id\":\"https:\\\/\\\/secure.gravatar.com\\\/avatar\\\/57de8e5d4b15d43fb361a71fbb36338450fe67865b528a43dd10ef7c51a20392?s=96&d=mm&r=g\",\"url\":\"https:\\\/\\\/secure.gravatar.com\\\/avatar\\\/57de8e5d4b15d43fb361a71fbb36338450fe67865b528a43dd10ef7c51a20392?s=96&d=mm&r=g\",\"contentUrl\":\"https:\\\/\\\/secure.gravatar.com\\\/avatar\\\/57de8e5d4b15d43fb361a71fbb36338450fe67865b528a43dd10ef7c51a20392?s=96&d=mm&r=g\",\"caption\":\"La Sentinelle\"},\"sameAs\":[\"http:\\\/\\\/www.lasentinelle.dz\"],\"url\":\"https:\\\/\\\/lasentinelle.dz\\\/author\\\/redaction\\\/\"}]}<\/script>\n<!-- \/ Yoast SEO plugin. -->","yoast_head_json":{"title":"JO 2024 : Le CIO affiche son plein soutien \u00e0 Imane Khelif - La Sentinelle","robots":{"index":"index","follow":"follow","max-snippet":"max-snippet:-1","max-image-preview":"max-image-preview:large","max-video-preview":"max-video-preview:-1"},"canonical":"https:\/\/lasentinelle.dz\/index.php\/2024\/08\/04\/jo-2024-le-cio-affiche-son-plein-soutien-a-imane-khelif\/","og_locale":"fr_FR","og_type":"article","og_title":"JO 2024 : Le CIO affiche son plein soutien \u00e0 Imane Khelif - La Sentinelle","og_description":"Le Comit\u00e9 International Olympique (CIO) et de plusieurs instances internationales affichent un soutien sans faille \u00e0 notre championne en boxe","og_url":"https:\/\/lasentinelle.dz\/index.php\/2024\/08\/04\/jo-2024-le-cio-affiche-son-plein-soutien-a-imane-khelif\/","og_site_name":"La Sentinelle","article_publisher":"https:\/\/www.facebook.com\/La-Sentinelle-104059864394773","article_published_time":"2024-08-04T12:17:19+00:00","article_modified_time":"2024-08-04T12:17:21+00:00","og_image":[{"width":1280,"height":720,"url":"https:\/\/lasentinelle.dz\/wp-content\/uploads\/2024\/08\/bach.jpg","type":"image\/jpeg"}],"author":"La Sentinelle","twitter_card":"summary_large_image","twitter_misc":{"\u00c9crit par":"La Sentinelle","Dur\u00e9e de lecture estim\u00e9e":"3 minutes"},"schema":{"@context":"https:\/\/schema.org","@graph":[{"@type":"Article","@id":"https:\/\/lasentinelle.dz\/index.php\/2024\/08\/04\/jo-2024-le-cio-affiche-son-plein-soutien-a-imane-khelif\/#article","isPartOf":{"@id":"https:\/\/lasentinelle.dz\/index.php\/2024\/08\/04\/jo-2024-le-cio-affiche-son-plein-soutien-a-imane-khelif\/"},"author":{"name":"La Sentinelle","@id":"https:\/\/lasentinelle.dz\/#\/schema\/person\/d865044e22e70a75174ce8bcad3acfb3"},"headline":"JO 2024 : Le CIO affiche son plein soutien \u00e0 Imane Khelif","datePublished":"2024-08-04T12:17:19+00:00","dateModified":"2024-08-04T12:17:21+00:00","mainEntityOfPage":{"@id":"https:\/\/lasentinelle.dz\/index.php\/2024\/08\/04\/jo-2024-le-cio-affiche-son-plein-soutien-a-imane-khelif\/"},"wordCount":612,"commentCount":0,"publisher":{"@id":"https:\/\/lasentinelle.dz\/#organization"},"image":{"@id":"https:\/\/lasentinelle.dz\/index.php\/2024\/08\/04\/jo-2024-le-cio-affiche-son-plein-soutien-a-imane-khelif\/#primaryimage"},"thumbnailUrl":"https:\/\/lasentinelle.dz\/wp-content\/uploads\/2024\/08\/bach.jpg","articleSection":["Sports"],"inLanguage":"fr-FR","potentialAction":[{"@type":"CommentAction","name":"Comment","target":["https:\/\/lasentinelle.dz\/index.php\/2024\/08\/04\/jo-2024-le-cio-affiche-son-plein-soutien-a-imane-khelif\/#respond"]}]},{"@type":"WebPage","@id":"https:\/\/lasentinelle.dz\/index.php\/2024\/08\/04\/jo-2024-le-cio-affiche-son-plein-soutien-a-imane-khelif\/","url":"https:\/\/lasentinelle.dz\/index.php\/2024\/08\/04\/jo-2024-le-cio-affiche-son-plein-soutien-a-imane-khelif\/","name":"JO 2024 : Le CIO affiche son plein soutien \u00e0 Imane Khelif - La Sentinelle","isPartOf":{"@id":"https:\/\/lasentinelle.dz\/#website"},"primaryImageOfPage":{"@id":"https:\/\/lasentinelle.dz\/index.php\/2024\/08\/04\/jo-2024-le-cio-affiche-son-plein-soutien-a-imane-khelif\/#primaryimage"},"image":{"@id":"https:\/\/lasentinelle.dz\/index.php\/2024\/08\/04\/jo-2024-le-cio-affiche-son-plein-soutien-a-imane-khelif\/#primaryimage"},"thumbnailUrl":"https:\/\/lasentinelle.dz\/wp-content\/uploads\/2024\/08\/bach.jpg","datePublished":"2024-08-04T12:17:19+00:00","dateModified":"2024-08-04T12:17:21+00:00","breadcrumb":{"@id":"https:\/\/lasentinelle.dz\/index.php\/2024\/08\/04\/jo-2024-le-cio-affiche-son-plein-soutien-a-imane-khelif\/#breadcrumb"},"inLanguage":"fr-FR","potentialAction":[{"@type":"ReadAction","target":["https:\/\/lasentinelle.dz\/index.php\/2024\/08\/04\/jo-2024-le-cio-affiche-son-plein-soutien-a-imane-khelif\/"]}]},{"@type":"ImageObject","inLanguage":"fr-FR","@id":"https:\/\/lasentinelle.dz\/index.php\/2024\/08\/04\/jo-2024-le-cio-affiche-son-plein-soutien-a-imane-khelif\/#primaryimage","url":"https:\/\/lasentinelle.dz\/wp-content\/uploads\/2024\/08\/bach.jpg","contentUrl":"https:\/\/lasentinelle.dz\/wp-content\/uploads\/2024\/08\/bach.jpg","width":1280,"height":720},{"@type":"BreadcrumbList","@id":"https:\/\/lasentinelle.dz\/index.php\/2024\/08\/04\/jo-2024-le-cio-affiche-son-plein-soutien-a-imane-khelif\/#breadcrumb","itemListElement":[{"@type":"ListItem","position":1,"name":"Accueil","item":"https:\/\/lasentinelle.dz\/"},{"@type":"ListItem","position":2,"name":"JO 2024 : Le CIO affiche son plein soutien \u00e0 Imane Khelif"}]},{"@type":"WebSite","@id":"https:\/\/lasentinelle.dz\/#website","url":"https:\/\/lasentinelle.dz\/","name":"La Sentinelle","description":"Quotidien national d&#039;information","publisher":{"@id":"https:\/\/lasentinelle.dz\/#organization"},"potentialAction":[{"@type":"SearchAction","target":{"@type":"EntryPoint","urlTemplate":"https:\/\/lasentinelle.dz\/?s={search_term_string}"},"query-input":{"@type":"PropertyValueSpecification","valueRequired":true,"valueName":"search_term_string"}}],"inLanguage":"fr-FR"},{"@type":"Organization","@id":"https:\/\/lasentinelle.dz\/#organization","name":"Quotidien La Sentinelle","url":"https:\/\/lasentinelle.dz\/","logo":{"@type":"ImageObject","inLanguage":"fr-FR","@id":"https:\/\/lasentinelle.dz\/#\/schema\/logo\/image\/","url":"https:\/\/lasentinelle.dz\/wp-content\/uploads\/2021\/09\/logo-sentinelleSLOGAN-1.png","contentUrl":"https:\/\/lasentinelle.dz\/wp-content\/uploads\/2021\/09\/logo-sentinelleSLOGAN-1.png","width":615,"height":142,"caption":"Quotidien La Sentinelle"},"image":{"@id":"https:\/\/lasentinelle.dz\/#\/schema\/logo\/image\/"},"sameAs":["https:\/\/www.facebook.com\/La-Sentinelle-104059864394773"]},{"@type":"Person","@id":"https:\/\/lasentinelle.dz\/#\/schema\/person\/d865044e22e70a75174ce8bcad3acfb3","name":"La Sentinelle","image":{"@type":"ImageObject","inLanguage":"fr-FR","@id":"https:\/\/secure.gravatar.com\/avatar\/57de8e5d4b15d43fb361a71fbb36338450fe67865b528a43dd10ef7c51a20392?s=96&d=mm&r=g","url":"https:\/\/secure.gravatar.com\/avatar\/57de8e5d4b15d43fb361a71fbb36338450fe67865b528a43dd10ef7c51a20392?s=96&d=mm&r=g","contentUrl":"https:\/\/secure.gravatar.com\/avatar\/57de8e5d4b15d43fb361a71fbb36338450fe67865b528a43dd10ef7c51a20392?s=96&d=mm&r=g","caption":"La Sentinelle"},"sameAs":["http:\/\/www.lasentinelle.dz"],"url":"https:\/\/lasentinelle.dz\/author\/redaction\/"}]}},"_links":{"self":[{"href":"https:\/\/lasentinelle.dz\/index.php\/wp-json\/wp\/v2\/posts\/55202","targetHints":{"allow":["GET"]}}],"collection":[{"href":"https:\/\/lasentinelle.dz\/index.php\/wp-json\/wp\/v2\/posts"}],"about":[{"href":"https:\/\/lasentinelle.dz\/index.php\/wp-json\/wp\/v2\/types\/post"}],"author":[{"embeddable":true,"href":"https:\/\/lasentinelle.dz\/index.php\/wp-json\/wp\/v2\/users\/3"}],"replies":[{"embeddable":true,"href":"https:\/\/lasentinelle.dz\/index.php\/wp-json\/wp\/v2\/comments?post=55202"}],"version-history":[{"count":1,"href":"https:\/\/lasentinelle.dz\/index.php\/wp-json\/wp\/v2\/posts\/55202\/revisions"}],"predecessor-version":[{"id":55205,"href":"https:\/\/lasentinelle.dz\/index.php\/wp-json\/wp\/v2\/posts\/55202\/revisions\/55205"}],"wp:featuredmedia":[{"embeddable":true,"href":"https:\/\/lasentinelle.dz\/index.php\/wp-json\/wp\/v2\/media\/55204"}],"wp:attachment":[{"href":"https:\/\/lasentinelle.dz\/index.php\/wp-json\/wp\/v2\/media?parent=55202"}],"wp:term":[{"taxonomy":"category","embeddable":true,"href":"https:\/\/lasentinelle.dz\/index.php\/wp-json\/wp\/v2\/categories?post=55202"},{"taxonomy":"post_tag","embeddable":true,"href":"https:\/\/lasentinelle.dz\/index.php\/wp-json\/wp\/v2\/tags?post=55202"}],"curies":[{"name":"wp","href":"https:\/\/api.w.org\/{rel}","templated":true}]}}