{"id":55215,"date":"2024-08-04T13:21:41","date_gmt":"2024-08-04T12:21:41","guid":{"rendered":"https:\/\/lasentinelle.dz\/?p=55215"},"modified":"2024-08-04T13:21:41","modified_gmt":"2024-08-04T12:21:41","slug":"somalie-au-moins-32-morts-dans-un-attentat-a-mogadiscio","status":"publish","type":"post","link":"https:\/\/lasentinelle.dz\/index.php\/2024\/08\/04\/somalie-au-moins-32-morts-dans-un-attentat-a-mogadiscio\/","title":{"rendered":"Somalie: Au moins 32 morts dans un attentat \u00e0 Mogadiscio"},"content":{"rendered":"\n<p>Un attentat perp\u00e9tr\u00e9 vendredi soir sur la plage du Lido \u00e0 Mogadiscio a fait au moins 32 morts, ainsi que de nombreux bless\u00e9s, a annonc\u00e9 samedi la police somalienne.<\/p>\n\n\n\n<p>Au moins 32 personnes ont \u00e9t\u00e9 tu\u00e9es et de nombreuses autres bless\u00e9es, selon la police, dans un attentat suicide du groupe extr\u00e9miste shebab suivi de tirs d&rsquo;armes \u00e0 feu, vendredi soir sur une plage fr\u00e9quent\u00e9e de la capitale somalienne Mogadiscio. \u00ab\u00a0Plus de 32 civils ont \u00e9t\u00e9 tu\u00e9s dans cet attentat, et environ 63 autres ont \u00e9t\u00e9 bless\u00e9s, dont certains gri\u00e8vement\u00a0\u00bb, a d\u00e9clar\u00e9 samedi le porte-parole de la police Abdifatah Adan Hassan \u00e0 la presse, confirmant l&rsquo;un des attentats les plus meurtriers de ces derniers mois. La police et des t\u00e9moins ont pr\u00e9cis\u00e9 qu&rsquo;un kamikaze s&rsquo;\u00e9tait fait exploser vendredi soir sur la plage du Lido, fr\u00e9quent\u00e9e par des hommes d&rsquo;affaires et des fonctionnaires. Le quartier hupp\u00e9, avec ses h\u00f4tels et ses restaurants chics, a d\u00e9j\u00e0 \u00e9t\u00e9 la cible d&rsquo;attaques. Des assaillants ont ensuite ouvert le feu sur la plage, selon la m\u00eame source. &nbsp;Les h\u00f4pitaux ont lanc\u00e9 des appels \u00e0 donner du sang pour traiter les nombreux bless\u00e9s, selon les m\u00e9dias locaux.<\/p>\n\n\n\n<p>Le pr\u00e9sident de la Commission de l&rsquo;Union africaine (UA), Moussa Faki Mahamat, a exprim\u00e9 samedi sa \u00ab\u00a0consternation\u00a0\u00bb et sa \u00ab\u00a0ferme condamnation\u00a0\u00bb \u00e0 la suite de l&rsquo;attentat. \u00ab\u00a0Constern\u00e9 d&rsquo;apprendre l&rsquo;horrible attaque terroriste qui a vis\u00e9 des civils sur la plage du Lido \u00e0 Mogadiscio que je condamne dans les termes les plus fermes\u00a0\u00bb, a \u00e9crit M. Faki dans un message publi\u00e9 sur la plateforme X. \u00ab\u00a0Mes plus sinc\u00e8res condol\u00e9ances aux proches de ceux qui ont perdu la vie dans cette attaque impitoyable, en solidarit\u00e9 continue avec le peuple et le gouvernement f\u00e9d\u00e9ral de Somalie dans leur lutte contre le fl\u00e9au du terrorisme\u00a0\u00bb, a-t-il ajout\u00e9. &nbsp;Mi-juillet, neuf personnes avaient \u00e9t\u00e9 tu\u00e9es et 20 autres bless\u00e9es \u00e0 Mogadiscio dans l&rsquo;explosion d&rsquo;une voiture pi\u00e9g\u00e9e devant un caf\u00e9 bond\u00e9 lors de la retransmission de la finale de l&rsquo;Euro-2024, selon un bilan donn\u00e9 de sources s\u00e9curitaires. Les terroristes shebab ont perp\u00e9tr\u00e9 par le pass\u00e9 de nombreux attentats \u00e0 la bombe et autres attaques \u00e0 Mogadiscio et dans plusieurs r\u00e9gions de ce pays de la Corne de l&rsquo;Afrique. Bien qu&rsquo;ils aient \u00e9t\u00e9 chass\u00e9s de la capitale par les forces de l&rsquo;Union africaine (UA) en 2011, les shebab sont toujours tr\u00e8s pr\u00e9sents dans les zones rurales.<\/p>\n\n\n\n<p>R.I.<\/p>\n","protected":false},"excerpt":{"rendered":"<p>Un attentat perp\u00e9tr\u00e9 vendredi soir sur la plage du Lido \u00e0 Mogadiscio a fait au moins 32 morts, ainsi que<\/p>\n","protected":false},"author":3,"featured_media":55216,"comment_status":"open","ping_status":"closed","sticky":false,"template":"","format":"standard","meta":{"colormag_page_container_layout":"default_layout","colormag_page_sidebar_layout":"default_layout","om_disable_all_campaigns":false,"_monsterinsights_skip_tracking":false,"_monsterinsights_sitenote_active":false,"_monsterinsights_sitenote_note":"","_monsterinsights_sitenote_category":0,"footnotes":"","_wpscppro_dont_share_socialmedia":false,"_wpscppro_custom_social_share_image":0,"_facebook_share_type":"default","_twitter_share_type":"default","_linkedin_share_type":"default","_pinterest_share_type":"default","_linkedin_share_type_page":"","_instagram_share_type":"default","_medium_share_type":"","_threads_share_type":"","_google_business_share_type":"","_selected_social_profile":[],"_wpsp_enable_custom_social_template":false,"_wpsp_social_scheduling":{"enabled":false,"datetime":null,"platforms":[],"status":"template_only","dateOption":"today","timeOption":"now","customDays":"","customHours":"","customDate":"","customTime":"","schedulingType":"absolute"},"_wpsp_active_default_template":true},"categories":[37],"tags":[],"class_list":["post-55215","post","type-post","status-publish","format-standard","has-post-thumbnail","hentry","category-monde"],"aioseo_notices":[],"yoast_head":"<!-- This site is optimized with the Yoast SEO plugin v27.5 - https:\/\/yoast.com\/product\/yoast-seo-wordpress\/ -->\n<title>Somalie: Au moins 32 morts dans un attentat \u00e0 Mogadiscio - La Sentinelle<\/title>\n<meta name=\"robots\" content=\"index, follow, max-snippet:-1, max-image-preview:large, max-video-preview:-1\" \/>\n<link rel=\"canonical\" href=\"https:\/\/lasentinelle.dz\/index.php\/2024\/08\/04\/somalie-au-moins-32-morts-dans-un-attentat-a-mogadiscio\/\" \/>\n<meta property=\"og:locale\" content=\"fr_FR\" \/>\n<meta property=\"og:type\" content=\"article\" \/>\n<meta property=\"og:title\" content=\"Somalie: Au moins 32 morts dans un attentat \u00e0 Mogadiscio - La Sentinelle\" \/>\n<meta property=\"og:description\" content=\"Un attentat perp\u00e9tr\u00e9 vendredi soir sur la plage du Lido \u00e0 Mogadiscio a fait au moins 32 morts, ainsi que\" \/>\n<meta property=\"og:url\" content=\"https:\/\/lasentinelle.dz\/index.php\/2024\/08\/04\/somalie-au-moins-32-morts-dans-un-attentat-a-mogadiscio\/\" \/>\n<meta property=\"og:site_name\" content=\"La Sentinelle\" \/>\n<meta property=\"article:publisher\" content=\"https:\/\/www.facebook.com\/La-Sentinelle-104059864394773\" \/>\n<meta property=\"article:published_time\" content=\"2024-08-04T12:21:41+00:00\" \/>\n<meta property=\"og:image\" content=\"https:\/\/lasentinelle.dz\/wp-content\/uploads\/2024\/08\/attentat.webp\" \/>\n\t<meta property=\"og:image:width\" content=\"760\" \/>\n\t<meta property=\"og:image:height\" content=\"507\" \/>\n\t<meta property=\"og:image:type\" content=\"image\/webp\" \/>\n<meta name=\"author\" content=\"La Sentinelle\" \/>\n<meta name=\"twitter:card\" content=\"summary_large_image\" \/>\n<meta name=\"twitter:label1\" content=\"\u00c9crit par\" \/>\n\t<meta name=\"twitter:data1\" content=\"La Sentinelle\" \/>\n\t<meta name=\"twitter:label2\" content=\"Dur\u00e9e de lecture estim\u00e9e\" \/>\n\t<meta name=\"twitter:data2\" content=\"3 minutes\" \/>\n<script type=\"application\/ld+json\" class=\"yoast-schema-graph\">{\"@context\":\"https:\\\/\\\/schema.org\",\"@graph\":[{\"@type\":\"Article\",\"@id\":\"https:\\\/\\\/lasentinelle.dz\\\/index.php\\\/2024\\\/08\\\/04\\\/somalie-au-moins-32-morts-dans-un-attentat-a-mogadiscio\\\/#article\",\"isPartOf\":{\"@id\":\"https:\\\/\\\/lasentinelle.dz\\\/index.php\\\/2024\\\/08\\\/04\\\/somalie-au-moins-32-morts-dans-un-attentat-a-mogadiscio\\\/\"},\"author\":{\"name\":\"La Sentinelle\",\"@id\":\"https:\\\/\\\/lasentinelle.dz\\\/#\\\/schema\\\/person\\\/d865044e22e70a75174ce8bcad3acfb3\"},\"headline\":\"Somalie: Au moins 32 morts dans un attentat \u00e0 Mogadiscio\",\"datePublished\":\"2024-08-04T12:21:41+00:00\",\"mainEntityOfPage\":{\"@id\":\"https:\\\/\\\/lasentinelle.dz\\\/index.php\\\/2024\\\/08\\\/04\\\/somalie-au-moins-32-morts-dans-un-attentat-a-mogadiscio\\\/\"},\"wordCount\":438,\"commentCount\":0,\"publisher\":{\"@id\":\"https:\\\/\\\/lasentinelle.dz\\\/#organization\"},\"image\":{\"@id\":\"https:\\\/\\\/lasentinelle.dz\\\/index.php\\\/2024\\\/08\\\/04\\\/somalie-au-moins-32-morts-dans-un-attentat-a-mogadiscio\\\/#primaryimage\"},\"thumbnailUrl\":\"https:\\\/\\\/lasentinelle.dz\\\/wp-content\\\/uploads\\\/2024\\\/08\\\/attentat.webp\",\"articleSection\":[\"Monde\"],\"inLanguage\":\"fr-FR\",\"potentialAction\":[{\"@type\":\"CommentAction\",\"name\":\"Comment\",\"target\":[\"https:\\\/\\\/lasentinelle.dz\\\/index.php\\\/2024\\\/08\\\/04\\\/somalie-au-moins-32-morts-dans-un-attentat-a-mogadiscio\\\/#respond\"]}]},{\"@type\":\"WebPage\",\"@id\":\"https:\\\/\\\/lasentinelle.dz\\\/index.php\\\/2024\\\/08\\\/04\\\/somalie-au-moins-32-morts-dans-un-attentat-a-mogadiscio\\\/\",\"url\":\"https:\\\/\\\/lasentinelle.dz\\\/index.php\\\/2024\\\/08\\\/04\\\/somalie-au-moins-32-morts-dans-un-attentat-a-mogadiscio\\\/\",\"name\":\"Somalie: Au moins 32 morts dans un attentat \u00e0 Mogadiscio - La Sentinelle\",\"isPartOf\":{\"@id\":\"https:\\\/\\\/lasentinelle.dz\\\/#website\"},\"primaryImageOfPage\":{\"@id\":\"https:\\\/\\\/lasentinelle.dz\\\/index.php\\\/2024\\\/08\\\/04\\\/somalie-au-moins-32-morts-dans-un-attentat-a-mogadiscio\\\/#primaryimage\"},\"image\":{\"@id\":\"https:\\\/\\\/lasentinelle.dz\\\/index.php\\\/2024\\\/08\\\/04\\\/somalie-au-moins-32-morts-dans-un-attentat-a-mogadiscio\\\/#primaryimage\"},\"thumbnailUrl\":\"https:\\\/\\\/lasentinelle.dz\\\/wp-content\\\/uploads\\\/2024\\\/08\\\/attentat.webp\",\"datePublished\":\"2024-08-04T12:21:41+00:00\",\"breadcrumb\":{\"@id\":\"https:\\\/\\\/lasentinelle.dz\\\/index.php\\\/2024\\\/08\\\/04\\\/somalie-au-moins-32-morts-dans-un-attentat-a-mogadiscio\\\/#breadcrumb\"},\"inLanguage\":\"fr-FR\",\"potentialAction\":[{\"@type\":\"ReadAction\",\"target\":[\"https:\\\/\\\/lasentinelle.dz\\\/index.php\\\/2024\\\/08\\\/04\\\/somalie-au-moins-32-morts-dans-un-attentat-a-mogadiscio\\\/\"]}]},{\"@type\":\"ImageObject\",\"inLanguage\":\"fr-FR\",\"@id\":\"https:\\\/\\\/lasentinelle.dz\\\/index.php\\\/2024\\\/08\\\/04\\\/somalie-au-moins-32-morts-dans-un-attentat-a-mogadiscio\\\/#primaryimage\",\"url\":\"https:\\\/\\\/lasentinelle.dz\\\/wp-content\\\/uploads\\\/2024\\\/08\\\/attentat.webp\",\"contentUrl\":\"https:\\\/\\\/lasentinelle.dz\\\/wp-content\\\/uploads\\\/2024\\\/08\\\/attentat.webp\",\"width\":760,\"height\":507},{\"@type\":\"BreadcrumbList\",\"@id\":\"https:\\\/\\\/lasentinelle.dz\\\/index.php\\\/2024\\\/08\\\/04\\\/somalie-au-moins-32-morts-dans-un-attentat-a-mogadiscio\\\/#breadcrumb\",\"itemListElement\":[{\"@type\":\"ListItem\",\"position\":1,\"name\":\"Accueil\",\"item\":\"https:\\\/\\\/lasentinelle.dz\\\/\"},{\"@type\":\"ListItem\",\"position\":2,\"name\":\"Somalie: Au moins 32 morts dans un attentat \u00e0 Mogadiscio\"}]},{\"@type\":\"WebSite\",\"@id\":\"https:\\\/\\\/lasentinelle.dz\\\/#website\",\"url\":\"https:\\\/\\\/lasentinelle.dz\\\/\",\"name\":\"La Sentinelle\",\"description\":\"Quotidien national d&#039;information\",\"publisher\":{\"@id\":\"https:\\\/\\\/lasentinelle.dz\\\/#organization\"},\"potentialAction\":[{\"@type\":\"SearchAction\",\"target\":{\"@type\":\"EntryPoint\",\"urlTemplate\":\"https:\\\/\\\/lasentinelle.dz\\\/?s={search_term_string}\"},\"query-input\":{\"@type\":\"PropertyValueSpecification\",\"valueRequired\":true,\"valueName\":\"search_term_string\"}}],\"inLanguage\":\"fr-FR\"},{\"@type\":\"Organization\",\"@id\":\"https:\\\/\\\/lasentinelle.dz\\\/#organization\",\"name\":\"Quotidien La Sentinelle\",\"url\":\"https:\\\/\\\/lasentinelle.dz\\\/\",\"logo\":{\"@type\":\"ImageObject\",\"inLanguage\":\"fr-FR\",\"@id\":\"https:\\\/\\\/lasentinelle.dz\\\/#\\\/schema\\\/logo\\\/image\\\/\",\"url\":\"https:\\\/\\\/lasentinelle.dz\\\/wp-content\\\/uploads\\\/2021\\\/09\\\/logo-sentinelleSLOGAN-1.png\",\"contentUrl\":\"https:\\\/\\\/lasentinelle.dz\\\/wp-content\\\/uploads\\\/2021\\\/09\\\/logo-sentinelleSLOGAN-1.png\",\"width\":615,\"height\":142,\"caption\":\"Quotidien La Sentinelle\"},\"image\":{\"@id\":\"https:\\\/\\\/lasentinelle.dz\\\/#\\\/schema\\\/logo\\\/image\\\/\"},\"sameAs\":[\"https:\\\/\\\/www.facebook.com\\\/La-Sentinelle-104059864394773\"]},{\"@type\":\"Person\",\"@id\":\"https:\\\/\\\/lasentinelle.dz\\\/#\\\/schema\\\/person\\\/d865044e22e70a75174ce8bcad3acfb3\",\"name\":\"La Sentinelle\",\"image\":{\"@type\":\"ImageObject\",\"inLanguage\":\"fr-FR\",\"@id\":\"https:\\\/\\\/secure.gravatar.com\\\/avatar\\\/57de8e5d4b15d43fb361a71fbb36338450fe67865b528a43dd10ef7c51a20392?s=96&d=mm&r=g\",\"url\":\"https:\\\/\\\/secure.gravatar.com\\\/avatar\\\/57de8e5d4b15d43fb361a71fbb36338450fe67865b528a43dd10ef7c51a20392?s=96&d=mm&r=g\",\"contentUrl\":\"https:\\\/\\\/secure.gravatar.com\\\/avatar\\\/57de8e5d4b15d43fb361a71fbb36338450fe67865b528a43dd10ef7c51a20392?s=96&d=mm&r=g\",\"caption\":\"La Sentinelle\"},\"sameAs\":[\"http:\\\/\\\/www.lasentinelle.dz\"],\"url\":\"https:\\\/\\\/lasentinelle.dz\\\/author\\\/redaction\\\/\"}]}<\/script>\n<!-- \/ Yoast SEO plugin. -->","yoast_head_json":{"title":"Somalie: Au moins 32 morts dans un attentat \u00e0 Mogadiscio - La Sentinelle","robots":{"index":"index","follow":"follow","max-snippet":"max-snippet:-1","max-image-preview":"max-image-preview:large","max-video-preview":"max-video-preview:-1"},"canonical":"https:\/\/lasentinelle.dz\/index.php\/2024\/08\/04\/somalie-au-moins-32-morts-dans-un-attentat-a-mogadiscio\/","og_locale":"fr_FR","og_type":"article","og_title":"Somalie: Au moins 32 morts dans un attentat \u00e0 Mogadiscio - La Sentinelle","og_description":"Un attentat perp\u00e9tr\u00e9 vendredi soir sur la plage du Lido \u00e0 Mogadiscio a fait au moins 32 morts, ainsi que","og_url":"https:\/\/lasentinelle.dz\/index.php\/2024\/08\/04\/somalie-au-moins-32-morts-dans-un-attentat-a-mogadiscio\/","og_site_name":"La Sentinelle","article_publisher":"https:\/\/www.facebook.com\/La-Sentinelle-104059864394773","article_published_time":"2024-08-04T12:21:41+00:00","og_image":[{"width":760,"height":507,"url":"https:\/\/lasentinelle.dz\/wp-content\/uploads\/2024\/08\/attentat.webp","type":"image\/webp"}],"author":"La Sentinelle","twitter_card":"summary_large_image","twitter_misc":{"\u00c9crit par":"La Sentinelle","Dur\u00e9e de lecture estim\u00e9e":"3 minutes"},"schema":{"@context":"https:\/\/schema.org","@graph":[{"@type":"Article","@id":"https:\/\/lasentinelle.dz\/index.php\/2024\/08\/04\/somalie-au-moins-32-morts-dans-un-attentat-a-mogadiscio\/#article","isPartOf":{"@id":"https:\/\/lasentinelle.dz\/index.php\/2024\/08\/04\/somalie-au-moins-32-morts-dans-un-attentat-a-mogadiscio\/"},"author":{"name":"La Sentinelle","@id":"https:\/\/lasentinelle.dz\/#\/schema\/person\/d865044e22e70a75174ce8bcad3acfb3"},"headline":"Somalie: Au moins 32 morts dans un attentat \u00e0 Mogadiscio","datePublished":"2024-08-04T12:21:41+00:00","mainEntityOfPage":{"@id":"https:\/\/lasentinelle.dz\/index.php\/2024\/08\/04\/somalie-au-moins-32-morts-dans-un-attentat-a-mogadiscio\/"},"wordCount":438,"commentCount":0,"publisher":{"@id":"https:\/\/lasentinelle.dz\/#organization"},"image":{"@id":"https:\/\/lasentinelle.dz\/index.php\/2024\/08\/04\/somalie-au-moins-32-morts-dans-un-attentat-a-mogadiscio\/#primaryimage"},"thumbnailUrl":"https:\/\/lasentinelle.dz\/wp-content\/uploads\/2024\/08\/attentat.webp","articleSection":["Monde"],"inLanguage":"fr-FR","potentialAction":[{"@type":"CommentAction","name":"Comment","target":["https:\/\/lasentinelle.dz\/index.php\/2024\/08\/04\/somalie-au-moins-32-morts-dans-un-attentat-a-mogadiscio\/#respond"]}]},{"@type":"WebPage","@id":"https:\/\/lasentinelle.dz\/index.php\/2024\/08\/04\/somalie-au-moins-32-morts-dans-un-attentat-a-mogadiscio\/","url":"https:\/\/lasentinelle.dz\/index.php\/2024\/08\/04\/somalie-au-moins-32-morts-dans-un-attentat-a-mogadiscio\/","name":"Somalie: Au moins 32 morts dans un attentat \u00e0 Mogadiscio - La Sentinelle","isPartOf":{"@id":"https:\/\/lasentinelle.dz\/#website"},"primaryImageOfPage":{"@id":"https:\/\/lasentinelle.dz\/index.php\/2024\/08\/04\/somalie-au-moins-32-morts-dans-un-attentat-a-mogadiscio\/#primaryimage"},"image":{"@id":"https:\/\/lasentinelle.dz\/index.php\/2024\/08\/04\/somalie-au-moins-32-morts-dans-un-attentat-a-mogadiscio\/#primaryimage"},"thumbnailUrl":"https:\/\/lasentinelle.dz\/wp-content\/uploads\/2024\/08\/attentat.webp","datePublished":"2024-08-04T12:21:41+00:00","breadcrumb":{"@id":"https:\/\/lasentinelle.dz\/index.php\/2024\/08\/04\/somalie-au-moins-32-morts-dans-un-attentat-a-mogadiscio\/#breadcrumb"},"inLanguage":"fr-FR","potentialAction":[{"@type":"ReadAction","target":["https:\/\/lasentinelle.dz\/index.php\/2024\/08\/04\/somalie-au-moins-32-morts-dans-un-attentat-a-mogadiscio\/"]}]},{"@type":"ImageObject","inLanguage":"fr-FR","@id":"https:\/\/lasentinelle.dz\/index.php\/2024\/08\/04\/somalie-au-moins-32-morts-dans-un-attentat-a-mogadiscio\/#primaryimage","url":"https:\/\/lasentinelle.dz\/wp-content\/uploads\/2024\/08\/attentat.webp","contentUrl":"https:\/\/lasentinelle.dz\/wp-content\/uploads\/2024\/08\/attentat.webp","width":760,"height":507},{"@type":"BreadcrumbList","@id":"https:\/\/lasentinelle.dz\/index.php\/2024\/08\/04\/somalie-au-moins-32-morts-dans-un-attentat-a-mogadiscio\/#breadcrumb","itemListElement":[{"@type":"ListItem","position":1,"name":"Accueil","item":"https:\/\/lasentinelle.dz\/"},{"@type":"ListItem","position":2,"name":"Somalie: Au moins 32 morts dans un attentat \u00e0 Mogadiscio"}]},{"@type":"WebSite","@id":"https:\/\/lasentinelle.dz\/#website","url":"https:\/\/lasentinelle.dz\/","name":"La Sentinelle","description":"Quotidien national d&#039;information","publisher":{"@id":"https:\/\/lasentinelle.dz\/#organization"},"potentialAction":[{"@type":"SearchAction","target":{"@type":"EntryPoint","urlTemplate":"https:\/\/lasentinelle.dz\/?s={search_term_string}"},"query-input":{"@type":"PropertyValueSpecification","valueRequired":true,"valueName":"search_term_string"}}],"inLanguage":"fr-FR"},{"@type":"Organization","@id":"https:\/\/lasentinelle.dz\/#organization","name":"Quotidien La Sentinelle","url":"https:\/\/lasentinelle.dz\/","logo":{"@type":"ImageObject","inLanguage":"fr-FR","@id":"https:\/\/lasentinelle.dz\/#\/schema\/logo\/image\/","url":"https:\/\/lasentinelle.dz\/wp-content\/uploads\/2021\/09\/logo-sentinelleSLOGAN-1.png","contentUrl":"https:\/\/lasentinelle.dz\/wp-content\/uploads\/2021\/09\/logo-sentinelleSLOGAN-1.png","width":615,"height":142,"caption":"Quotidien La Sentinelle"},"image":{"@id":"https:\/\/lasentinelle.dz\/#\/schema\/logo\/image\/"},"sameAs":["https:\/\/www.facebook.com\/La-Sentinelle-104059864394773"]},{"@type":"Person","@id":"https:\/\/lasentinelle.dz\/#\/schema\/person\/d865044e22e70a75174ce8bcad3acfb3","name":"La Sentinelle","image":{"@type":"ImageObject","inLanguage":"fr-FR","@id":"https:\/\/secure.gravatar.com\/avatar\/57de8e5d4b15d43fb361a71fbb36338450fe67865b528a43dd10ef7c51a20392?s=96&d=mm&r=g","url":"https:\/\/secure.gravatar.com\/avatar\/57de8e5d4b15d43fb361a71fbb36338450fe67865b528a43dd10ef7c51a20392?s=96&d=mm&r=g","contentUrl":"https:\/\/secure.gravatar.com\/avatar\/57de8e5d4b15d43fb361a71fbb36338450fe67865b528a43dd10ef7c51a20392?s=96&d=mm&r=g","caption":"La Sentinelle"},"sameAs":["http:\/\/www.lasentinelle.dz"],"url":"https:\/\/lasentinelle.dz\/author\/redaction\/"}]}},"_links":{"self":[{"href":"https:\/\/lasentinelle.dz\/index.php\/wp-json\/wp\/v2\/posts\/55215","targetHints":{"allow":["GET"]}}],"collection":[{"href":"https:\/\/lasentinelle.dz\/index.php\/wp-json\/wp\/v2\/posts"}],"about":[{"href":"https:\/\/lasentinelle.dz\/index.php\/wp-json\/wp\/v2\/types\/post"}],"author":[{"embeddable":true,"href":"https:\/\/lasentinelle.dz\/index.php\/wp-json\/wp\/v2\/users\/3"}],"replies":[{"embeddable":true,"href":"https:\/\/lasentinelle.dz\/index.php\/wp-json\/wp\/v2\/comments?post=55215"}],"version-history":[{"count":1,"href":"https:\/\/lasentinelle.dz\/index.php\/wp-json\/wp\/v2\/posts\/55215\/revisions"}],"predecessor-version":[{"id":55217,"href":"https:\/\/lasentinelle.dz\/index.php\/wp-json\/wp\/v2\/posts\/55215\/revisions\/55217"}],"wp:featuredmedia":[{"embeddable":true,"href":"https:\/\/lasentinelle.dz\/index.php\/wp-json\/wp\/v2\/media\/55216"}],"wp:attachment":[{"href":"https:\/\/lasentinelle.dz\/index.php\/wp-json\/wp\/v2\/media?parent=55215"}],"wp:term":[{"taxonomy":"category","embeddable":true,"href":"https:\/\/lasentinelle.dz\/index.php\/wp-json\/wp\/v2\/categories?post=55215"},{"taxonomy":"post_tag","embeddable":true,"href":"https:\/\/lasentinelle.dz\/index.php\/wp-json\/wp\/v2\/tags?post=55215"}],"curies":[{"name":"wp","href":"https:\/\/api.w.org\/{rel}","templated":true}]}}