{"id":55245,"date":"2024-08-04T13:45:09","date_gmt":"2024-08-04T12:45:09","guid":{"rendered":"https:\/\/lasentinelle.dz\/?p=55245"},"modified":"2024-08-04T13:45:10","modified_gmt":"2024-08-04T12:45:10","slug":"le-debut-de-la-campagne-electorale-fixee-au-15-aout-les-candidats-a-lheure-des-preparatifs","status":"publish","type":"post","link":"https:\/\/lasentinelle.dz\/index.php\/2024\/08\/04\/le-debut-de-la-campagne-electorale-fixee-au-15-aout-les-candidats-a-lheure-des-preparatifs\/","title":{"rendered":"Le d\u00e9but de la campagne \u00e9lectorale fix\u00e9e au 15 ao\u00fbt: Les candidats \u00e0 l&rsquo;heure des pr\u00e9paratifs"},"content":{"rendered":"\n<p>\u00c0 l&rsquo;approche de l&rsquo;\u00e9lection pr\u00e9sidentielle alg\u00e9rienne du 7 septembre 2024, les trois candidats en lice intensifient leurs pr\u00e9paratifs alors que le coup d&rsquo;envoi officiel de la campagne a \u00e9t\u00e9 fix\u00e9 au 15 ao\u00fbt par l&rsquo;Autorit\u00e9 nationale ind\u00e9pendante des \u00e9lections (ANIE). Cette annonce marque le d\u00e9but d&rsquo;une p\u00e9riode cruciale pour les trois candidats.<\/p>\n\n\n\n<p>Le candidat Youcef Aouchiche, qui se pr\u00e9sent pour le Front des forces socialistes, la pr\u00e9paration a d\u00e9j\u00e0 franchi plusieurs. La semaine derni\u00e8re, le candidat a d\u00e9sign\u00e9 et install\u00e9 son directeur de campagne. Par ailleurs, le FFS a lanc\u00e9 il y a quelques semaines une consultation nationale concernant son programme \u00e9lectoral.<\/p>\n\n\n\n<p>Pour faciliter la participation de ses sympathisants, le FFS a mis en place un syst\u00e8me de coordination avec ses structures locales. Le parti invite les personnes souhaitant s&rsquo;impliquer \u00e0 prendre contact directement avec les sections ou f\u00e9d\u00e9rations les plus proches de chez eux, ou \u00e0 d\u00e9faut, avec les membres du directoire national de la campagne \u00e9lectorale. De son c\u00f4t\u00e9, Abdelali Hassani Cherif, son parti, le Mouvement de la soci\u00e9t\u00e9 pour la paix, a tenu le 2 ao\u00fbt la session ordinaire de son Conseil de la Choura \u00e0 Alger. Cette r\u00e9union a \u00e9t\u00e9 l&rsquo;occasion d&rsquo;\u00e9voquer en d\u00e9tail la participation du mouvement \u00e0 l&rsquo;\u00e9lection pr\u00e9sidentielle. Le pr\u00e9sident du MSP et candidat \u00e0 l&rsquo;\u00e9lection a soulign\u00e9 l&rsquo;importance de cette \u00e9ch\u00e9ance, la qualifiant d'\u00a0\u00bboccasion pour renforcer les approches fond\u00e9es sur la d\u00e9fense des libert\u00e9s, des valeurs et des constantes, outre la consolidation du processus de d\u00e9veloppement pour faire de l&rsquo;Alg\u00e9rie un pays pionnier\u00a0\u00bb, mettant ainsi en avant les grands axes de son programme \u00e9lectoral qu&rsquo;il devra encore d\u00e9voiler. Hassani Cherif a \u00e9galement insist\u00e9 sur le fait que la d\u00e9cision de participer \u00e0 l&rsquo;\u00e9lection avait \u00e9t\u00e9 prise \u00ab\u00a0sans aucune pression\u00a0\u00bb, r\u00e9affirmant ainsi la l\u00e9gitimit\u00e9 de sa candidature. Il a r\u00e9v\u00e9l\u00e9 que le Conseil national de la Choura avait \u0153uvr\u00e9 pour que le MSP ait un r\u00f4le \u00ab\u00a0influent et comp\u00e9titif\u00a0\u00bb dans cette \u00e9lection, pr\u00e9f\u00e9rant \u00ab\u00a0mener la bataille politique\u00a0\u00bb plut\u00f4t que de choisir l&rsquo;abstention.<\/p>\n\n\n\n<p>Parall\u00e8lement, le Mouvement El Bina, qui figure parmi les partis de la majorit\u00e9 et qui soutiennent la candidature du Pr\u00e9sident Abdelmadjid Tebboune lequel brigue un second mandat, a organis\u00e9 son universit\u00e9 d&rsquo;\u00e9t\u00e9 les 1er et 2 ao\u00fbt \u00e0 Alger. Plac\u00e9e sous le th\u00e8me \u00ab\u00a0L&rsquo;\u00e9lection pr\u00e9sidentielle et les exigences du parach\u00e8vement de l&rsquo;\u00e9dification de l&rsquo;Alg\u00e9rie nouvelle\u00a0\u00bb, cette rencontre a vu l&rsquo;organisation d&rsquo;une s\u00e9rie de conf\u00e9rences anim\u00e9es par les cadres du parti et des professeurs universitaires. Les discussions ont port\u00e9 sur plusieurs axes relatifs \u00e0 la prochaine pr\u00e9sidentielle, notamment \u00ab\u00a0la disposition \u00e9lectorale et les m\u00e9thodes d&rsquo;une mobilisation permanente\u00a0\u00bb et le \u00ab\u00a0m\u00e9canisme de renforcement de la coh\u00e9sion sociale \u00e0 la faveur de l&rsquo;expansion de l&rsquo;action d\u00e9mocratique\u00a0\u00bb. Une conf\u00e9rence intitul\u00e9e \u00ab\u00a0La pr\u00e9sidentielle en Alg\u00e9rie sur fond des mutations politiques et sociales\u00a0\u00bb a \u00e9galement \u00e9t\u00e9 programm\u00e9e, encadr\u00e9e par le vice-pr\u00e9sident du Mouvement El Bina, Ahmed Mohamed Khouna, et Ahmed Dan, un cadre du parti. Enfin, le RND a r\u00e9it\u00e9r\u00e9 hier, par la voix de son secr\u00e9taire g\u00e9n\u00e9ral, Mustapha Yahi son soutien au candidat ind\u00e9pendant Abdelmadjid Tebboune et a appel\u00e9 \u00e0 une forte participation des Alg\u00e9riens, \u00e0 ce scrutin, qualifiant cette participation de devoir national et \u00e9thique.<br>Notons qu&rsquo;en perspective du lancement de la campagne l&rsquo;ANIE a tenu \u00e0 faire, dans un communiqu\u00e9 un rappel d\u00e9taill\u00e9 du cadre r\u00e9glementaire \u00e0 respecter par les trois candidats ainsi que les r\u00e8gles encadrant le financement des campagnes. L&rsquo;Autorit\u00e9 a ainsi rappel\u00e9 que l&rsquo;ordonnance n\u00b021-01 du 10 mars 2021, portant loi organique relative au r\u00e9gime \u00e9lectoral, d\u00e9finit un ensemble de r\u00e8gles visant \u00e0 contr\u00f4ler rigoureusement les flux financiers durant la campagne. Chaque candidat est tenu de nommer un secr\u00e9taire financier et d&rsquo;ouvrir un compte bancaire unique d\u00e9di\u00e9 \u00e0 la campagne. Les sources de financement autoris\u00e9es sont clairement d\u00e9limit\u00e9es : contributions des partis politiques, fonds personnels du candidat, et dons des citoyens alg\u00e9riens plafonn\u00e9s \u00e0 600 000 dinars par personne. Le plafond des d\u00e9penses est fix\u00e9 \u00e0 120 millions de dinars pour le premier tour, et 140 millions pour le second. Tout d\u00e9passement doit \u00eatre rembours\u00e9 au Tr\u00e9sor public. Auparavant, l&rsquo;ANIE avait fix\u00e9 des r\u00e8gles strictes aux m\u00e9dias pour garantir une couverture m\u00e9diatique des candidats.<\/p>\n\n\n\n<p>Hocine Fadheli<\/p>\n","protected":false},"excerpt":{"rendered":"<p>\u00c0 l&rsquo;approche de l&rsquo;\u00e9lection pr\u00e9sidentielle alg\u00e9rienne du 7 septembre 2024, les trois candidats en lice intensifient leurs pr\u00e9paratifs alors que<\/p>\n","protected":false},"author":3,"featured_media":54908,"comment_status":"open","ping_status":"closed","sticky":false,"template":"","format":"standard","meta":{"colormag_page_container_layout":"default_layout","colormag_page_sidebar_layout":"default_layout","om_disable_all_campaigns":false,"_monsterinsights_skip_tracking":false,"_monsterinsights_sitenote_active":false,"_monsterinsights_sitenote_note":"","_monsterinsights_sitenote_category":0,"footnotes":"","_wpscppro_dont_share_socialmedia":false,"_wpscppro_custom_social_share_image":0,"_facebook_share_type":"default","_twitter_share_type":"default","_linkedin_share_type":"default","_pinterest_share_type":"default","_linkedin_share_type_page":"","_instagram_share_type":"default","_medium_share_type":"","_threads_share_type":"","_google_business_share_type":"","_selected_social_profile":[],"_wpsp_enable_custom_social_template":false,"_wpsp_social_scheduling":{"enabled":false,"datetime":null,"platforms":[],"status":"template_only","dateOption":"today","timeOption":"now","customDays":"","customHours":"","customDate":"","customTime":"","schedulingType":"absolute"},"_wpsp_active_default_template":true},"categories":[52,27],"tags":[],"class_list":["post-55245","post","type-post","status-publish","format-standard","has-post-thumbnail","hentry","category-a-la-une","category-actualite"],"aioseo_notices":[],"yoast_head":"<!-- This site is optimized with the Yoast SEO plugin v27.5 - https:\/\/yoast.com\/product\/yoast-seo-wordpress\/ -->\n<title>Le d\u00e9but de la campagne \u00e9lectorale fix\u00e9e au 15 ao\u00fbt: Les candidats \u00e0 l&rsquo;heure des pr\u00e9paratifs - La Sentinelle<\/title>\n<meta name=\"robots\" content=\"index, follow, max-snippet:-1, max-image-preview:large, max-video-preview:-1\" \/>\n<link rel=\"canonical\" href=\"https:\/\/lasentinelle.dz\/index.php\/2024\/08\/04\/le-debut-de-la-campagne-electorale-fixee-au-15-aout-les-candidats-a-lheure-des-preparatifs\/\" \/>\n<meta property=\"og:locale\" content=\"fr_FR\" \/>\n<meta property=\"og:type\" content=\"article\" \/>\n<meta property=\"og:title\" content=\"Le d\u00e9but de la campagne \u00e9lectorale fix\u00e9e au 15 ao\u00fbt: Les candidats \u00e0 l&rsquo;heure des pr\u00e9paratifs - La Sentinelle\" \/>\n<meta property=\"og:description\" content=\"\u00c0 l&rsquo;approche de l&rsquo;\u00e9lection pr\u00e9sidentielle alg\u00e9rienne du 7 septembre 2024, les trois candidats en lice intensifient leurs pr\u00e9paratifs alors que\" \/>\n<meta property=\"og:url\" content=\"https:\/\/lasentinelle.dz\/index.php\/2024\/08\/04\/le-debut-de-la-campagne-electorale-fixee-au-15-aout-les-candidats-a-lheure-des-preparatifs\/\" \/>\n<meta property=\"og:site_name\" content=\"La Sentinelle\" \/>\n<meta property=\"article:publisher\" content=\"https:\/\/www.facebook.com\/La-Sentinelle-104059864394773\" \/>\n<meta property=\"article:published_time\" content=\"2024-08-04T12:45:09+00:00\" \/>\n<meta property=\"article:modified_time\" content=\"2024-08-04T12:45:10+00:00\" \/>\n<meta property=\"og:image\" content=\"https:\/\/lasentinelle.dz\/wp-content\/uploads\/2024\/07\/candidats.jpeg\" \/>\n\t<meta property=\"og:image:width\" content=\"1701\" \/>\n\t<meta property=\"og:image:height\" content=\"1200\" \/>\n\t<meta property=\"og:image:type\" content=\"image\/jpeg\" \/>\n<meta name=\"author\" content=\"La Sentinelle\" \/>\n<meta name=\"twitter:card\" content=\"summary_large_image\" \/>\n<meta name=\"twitter:label1\" content=\"\u00c9crit par\" \/>\n\t<meta name=\"twitter:data1\" content=\"La Sentinelle\" \/>\n\t<meta name=\"twitter:label2\" content=\"Dur\u00e9e de lecture estim\u00e9e\" \/>\n\t<meta name=\"twitter:data2\" content=\"4 minutes\" \/>\n<script type=\"application\/ld+json\" class=\"yoast-schema-graph\">{\"@context\":\"https:\\\/\\\/schema.org\",\"@graph\":[{\"@type\":\"Article\",\"@id\":\"https:\\\/\\\/lasentinelle.dz\\\/index.php\\\/2024\\\/08\\\/04\\\/le-debut-de-la-campagne-electorale-fixee-au-15-aout-les-candidats-a-lheure-des-preparatifs\\\/#article\",\"isPartOf\":{\"@id\":\"https:\\\/\\\/lasentinelle.dz\\\/index.php\\\/2024\\\/08\\\/04\\\/le-debut-de-la-campagne-electorale-fixee-au-15-aout-les-candidats-a-lheure-des-preparatifs\\\/\"},\"author\":{\"name\":\"La Sentinelle\",\"@id\":\"https:\\\/\\\/lasentinelle.dz\\\/#\\\/schema\\\/person\\\/d865044e22e70a75174ce8bcad3acfb3\"},\"headline\":\"Le d\u00e9but de la campagne \u00e9lectorale fix\u00e9e au 15 ao\u00fbt: Les candidats \u00e0 l&rsquo;heure des pr\u00e9paratifs\",\"datePublished\":\"2024-08-04T12:45:09+00:00\",\"dateModified\":\"2024-08-04T12:45:10+00:00\",\"mainEntityOfPage\":{\"@id\":\"https:\\\/\\\/lasentinelle.dz\\\/index.php\\\/2024\\\/08\\\/04\\\/le-debut-de-la-campagne-electorale-fixee-au-15-aout-les-candidats-a-lheure-des-preparatifs\\\/\"},\"wordCount\":797,\"commentCount\":0,\"publisher\":{\"@id\":\"https:\\\/\\\/lasentinelle.dz\\\/#organization\"},\"image\":{\"@id\":\"https:\\\/\\\/lasentinelle.dz\\\/index.php\\\/2024\\\/08\\\/04\\\/le-debut-de-la-campagne-electorale-fixee-au-15-aout-les-candidats-a-lheure-des-preparatifs\\\/#primaryimage\"},\"thumbnailUrl\":\"https:\\\/\\\/lasentinelle.dz\\\/wp-content\\\/uploads\\\/2024\\\/07\\\/candidats.jpeg\",\"articleSection\":[\"\u00c0 la Une\",\"Actualit\u00e9\"],\"inLanguage\":\"fr-FR\",\"potentialAction\":[{\"@type\":\"CommentAction\",\"name\":\"Comment\",\"target\":[\"https:\\\/\\\/lasentinelle.dz\\\/index.php\\\/2024\\\/08\\\/04\\\/le-debut-de-la-campagne-electorale-fixee-au-15-aout-les-candidats-a-lheure-des-preparatifs\\\/#respond\"]}]},{\"@type\":\"WebPage\",\"@id\":\"https:\\\/\\\/lasentinelle.dz\\\/index.php\\\/2024\\\/08\\\/04\\\/le-debut-de-la-campagne-electorale-fixee-au-15-aout-les-candidats-a-lheure-des-preparatifs\\\/\",\"url\":\"https:\\\/\\\/lasentinelle.dz\\\/index.php\\\/2024\\\/08\\\/04\\\/le-debut-de-la-campagne-electorale-fixee-au-15-aout-les-candidats-a-lheure-des-preparatifs\\\/\",\"name\":\"Le d\u00e9but de la campagne \u00e9lectorale fix\u00e9e au 15 ao\u00fbt: Les candidats \u00e0 l&rsquo;heure des pr\u00e9paratifs - La Sentinelle\",\"isPartOf\":{\"@id\":\"https:\\\/\\\/lasentinelle.dz\\\/#website\"},\"primaryImageOfPage\":{\"@id\":\"https:\\\/\\\/lasentinelle.dz\\\/index.php\\\/2024\\\/08\\\/04\\\/le-debut-de-la-campagne-electorale-fixee-au-15-aout-les-candidats-a-lheure-des-preparatifs\\\/#primaryimage\"},\"image\":{\"@id\":\"https:\\\/\\\/lasentinelle.dz\\\/index.php\\\/2024\\\/08\\\/04\\\/le-debut-de-la-campagne-electorale-fixee-au-15-aout-les-candidats-a-lheure-des-preparatifs\\\/#primaryimage\"},\"thumbnailUrl\":\"https:\\\/\\\/lasentinelle.dz\\\/wp-content\\\/uploads\\\/2024\\\/07\\\/candidats.jpeg\",\"datePublished\":\"2024-08-04T12:45:09+00:00\",\"dateModified\":\"2024-08-04T12:45:10+00:00\",\"breadcrumb\":{\"@id\":\"https:\\\/\\\/lasentinelle.dz\\\/index.php\\\/2024\\\/08\\\/04\\\/le-debut-de-la-campagne-electorale-fixee-au-15-aout-les-candidats-a-lheure-des-preparatifs\\\/#breadcrumb\"},\"inLanguage\":\"fr-FR\",\"potentialAction\":[{\"@type\":\"ReadAction\",\"target\":[\"https:\\\/\\\/lasentinelle.dz\\\/index.php\\\/2024\\\/08\\\/04\\\/le-debut-de-la-campagne-electorale-fixee-au-15-aout-les-candidats-a-lheure-des-preparatifs\\\/\"]}]},{\"@type\":\"ImageObject\",\"inLanguage\":\"fr-FR\",\"@id\":\"https:\\\/\\\/lasentinelle.dz\\\/index.php\\\/2024\\\/08\\\/04\\\/le-debut-de-la-campagne-electorale-fixee-au-15-aout-les-candidats-a-lheure-des-preparatifs\\\/#primaryimage\",\"url\":\"https:\\\/\\\/lasentinelle.dz\\\/wp-content\\\/uploads\\\/2024\\\/07\\\/candidats.jpeg\",\"contentUrl\":\"https:\\\/\\\/lasentinelle.dz\\\/wp-content\\\/uploads\\\/2024\\\/07\\\/candidats.jpeg\",\"width\":1701,\"height\":1200},{\"@type\":\"BreadcrumbList\",\"@id\":\"https:\\\/\\\/lasentinelle.dz\\\/index.php\\\/2024\\\/08\\\/04\\\/le-debut-de-la-campagne-electorale-fixee-au-15-aout-les-candidats-a-lheure-des-preparatifs\\\/#breadcrumb\",\"itemListElement\":[{\"@type\":\"ListItem\",\"position\":1,\"name\":\"Accueil\",\"item\":\"https:\\\/\\\/lasentinelle.dz\\\/\"},{\"@type\":\"ListItem\",\"position\":2,\"name\":\"Le d\u00e9but de la campagne \u00e9lectorale fix\u00e9e au 15 ao\u00fbt: Les candidats \u00e0 l&rsquo;heure des pr\u00e9paratifs\"}]},{\"@type\":\"WebSite\",\"@id\":\"https:\\\/\\\/lasentinelle.dz\\\/#website\",\"url\":\"https:\\\/\\\/lasentinelle.dz\\\/\",\"name\":\"La Sentinelle\",\"description\":\"Quotidien national d&#039;information\",\"publisher\":{\"@id\":\"https:\\\/\\\/lasentinelle.dz\\\/#organization\"},\"potentialAction\":[{\"@type\":\"SearchAction\",\"target\":{\"@type\":\"EntryPoint\",\"urlTemplate\":\"https:\\\/\\\/lasentinelle.dz\\\/?s={search_term_string}\"},\"query-input\":{\"@type\":\"PropertyValueSpecification\",\"valueRequired\":true,\"valueName\":\"search_term_string\"}}],\"inLanguage\":\"fr-FR\"},{\"@type\":\"Organization\",\"@id\":\"https:\\\/\\\/lasentinelle.dz\\\/#organization\",\"name\":\"Quotidien La Sentinelle\",\"url\":\"https:\\\/\\\/lasentinelle.dz\\\/\",\"logo\":{\"@type\":\"ImageObject\",\"inLanguage\":\"fr-FR\",\"@id\":\"https:\\\/\\\/lasentinelle.dz\\\/#\\\/schema\\\/logo\\\/image\\\/\",\"url\":\"https:\\\/\\\/lasentinelle.dz\\\/wp-content\\\/uploads\\\/2021\\\/09\\\/logo-sentinelleSLOGAN-1.png\",\"contentUrl\":\"https:\\\/\\\/lasentinelle.dz\\\/wp-content\\\/uploads\\\/2021\\\/09\\\/logo-sentinelleSLOGAN-1.png\",\"width\":615,\"height\":142,\"caption\":\"Quotidien La Sentinelle\"},\"image\":{\"@id\":\"https:\\\/\\\/lasentinelle.dz\\\/#\\\/schema\\\/logo\\\/image\\\/\"},\"sameAs\":[\"https:\\\/\\\/www.facebook.com\\\/La-Sentinelle-104059864394773\"]},{\"@type\":\"Person\",\"@id\":\"https:\\\/\\\/lasentinelle.dz\\\/#\\\/schema\\\/person\\\/d865044e22e70a75174ce8bcad3acfb3\",\"name\":\"La Sentinelle\",\"image\":{\"@type\":\"ImageObject\",\"inLanguage\":\"fr-FR\",\"@id\":\"https:\\\/\\\/secure.gravatar.com\\\/avatar\\\/57de8e5d4b15d43fb361a71fbb36338450fe67865b528a43dd10ef7c51a20392?s=96&d=mm&r=g\",\"url\":\"https:\\\/\\\/secure.gravatar.com\\\/avatar\\\/57de8e5d4b15d43fb361a71fbb36338450fe67865b528a43dd10ef7c51a20392?s=96&d=mm&r=g\",\"contentUrl\":\"https:\\\/\\\/secure.gravatar.com\\\/avatar\\\/57de8e5d4b15d43fb361a71fbb36338450fe67865b528a43dd10ef7c51a20392?s=96&d=mm&r=g\",\"caption\":\"La Sentinelle\"},\"sameAs\":[\"http:\\\/\\\/www.lasentinelle.dz\"],\"url\":\"https:\\\/\\\/lasentinelle.dz\\\/author\\\/redaction\\\/\"}]}<\/script>\n<!-- \/ Yoast SEO plugin. -->","yoast_head_json":{"title":"Le d\u00e9but de la campagne \u00e9lectorale fix\u00e9e au 15 ao\u00fbt: Les candidats \u00e0 l&rsquo;heure des pr\u00e9paratifs - La Sentinelle","robots":{"index":"index","follow":"follow","max-snippet":"max-snippet:-1","max-image-preview":"max-image-preview:large","max-video-preview":"max-video-preview:-1"},"canonical":"https:\/\/lasentinelle.dz\/index.php\/2024\/08\/04\/le-debut-de-la-campagne-electorale-fixee-au-15-aout-les-candidats-a-lheure-des-preparatifs\/","og_locale":"fr_FR","og_type":"article","og_title":"Le d\u00e9but de la campagne \u00e9lectorale fix\u00e9e au 15 ao\u00fbt: Les candidats \u00e0 l&rsquo;heure des pr\u00e9paratifs - La Sentinelle","og_description":"\u00c0 l&rsquo;approche de l&rsquo;\u00e9lection pr\u00e9sidentielle alg\u00e9rienne du 7 septembre 2024, les trois candidats en lice intensifient leurs pr\u00e9paratifs alors que","og_url":"https:\/\/lasentinelle.dz\/index.php\/2024\/08\/04\/le-debut-de-la-campagne-electorale-fixee-au-15-aout-les-candidats-a-lheure-des-preparatifs\/","og_site_name":"La Sentinelle","article_publisher":"https:\/\/www.facebook.com\/La-Sentinelle-104059864394773","article_published_time":"2024-08-04T12:45:09+00:00","article_modified_time":"2024-08-04T12:45:10+00:00","og_image":[{"width":1701,"height":1200,"url":"https:\/\/lasentinelle.dz\/wp-content\/uploads\/2024\/07\/candidats.jpeg","type":"image\/jpeg"}],"author":"La Sentinelle","twitter_card":"summary_large_image","twitter_misc":{"\u00c9crit par":"La Sentinelle","Dur\u00e9e de lecture estim\u00e9e":"4 minutes"},"schema":{"@context":"https:\/\/schema.org","@graph":[{"@type":"Article","@id":"https:\/\/lasentinelle.dz\/index.php\/2024\/08\/04\/le-debut-de-la-campagne-electorale-fixee-au-15-aout-les-candidats-a-lheure-des-preparatifs\/#article","isPartOf":{"@id":"https:\/\/lasentinelle.dz\/index.php\/2024\/08\/04\/le-debut-de-la-campagne-electorale-fixee-au-15-aout-les-candidats-a-lheure-des-preparatifs\/"},"author":{"name":"La Sentinelle","@id":"https:\/\/lasentinelle.dz\/#\/schema\/person\/d865044e22e70a75174ce8bcad3acfb3"},"headline":"Le d\u00e9but de la campagne \u00e9lectorale fix\u00e9e au 15 ao\u00fbt: Les candidats \u00e0 l&rsquo;heure des pr\u00e9paratifs","datePublished":"2024-08-04T12:45:09+00:00","dateModified":"2024-08-04T12:45:10+00:00","mainEntityOfPage":{"@id":"https:\/\/lasentinelle.dz\/index.php\/2024\/08\/04\/le-debut-de-la-campagne-electorale-fixee-au-15-aout-les-candidats-a-lheure-des-preparatifs\/"},"wordCount":797,"commentCount":0,"publisher":{"@id":"https:\/\/lasentinelle.dz\/#organization"},"image":{"@id":"https:\/\/lasentinelle.dz\/index.php\/2024\/08\/04\/le-debut-de-la-campagne-electorale-fixee-au-15-aout-les-candidats-a-lheure-des-preparatifs\/#primaryimage"},"thumbnailUrl":"https:\/\/lasentinelle.dz\/wp-content\/uploads\/2024\/07\/candidats.jpeg","articleSection":["\u00c0 la Une","Actualit\u00e9"],"inLanguage":"fr-FR","potentialAction":[{"@type":"CommentAction","name":"Comment","target":["https:\/\/lasentinelle.dz\/index.php\/2024\/08\/04\/le-debut-de-la-campagne-electorale-fixee-au-15-aout-les-candidats-a-lheure-des-preparatifs\/#respond"]}]},{"@type":"WebPage","@id":"https:\/\/lasentinelle.dz\/index.php\/2024\/08\/04\/le-debut-de-la-campagne-electorale-fixee-au-15-aout-les-candidats-a-lheure-des-preparatifs\/","url":"https:\/\/lasentinelle.dz\/index.php\/2024\/08\/04\/le-debut-de-la-campagne-electorale-fixee-au-15-aout-les-candidats-a-lheure-des-preparatifs\/","name":"Le d\u00e9but de la campagne \u00e9lectorale fix\u00e9e au 15 ao\u00fbt: Les candidats \u00e0 l&rsquo;heure des pr\u00e9paratifs - La Sentinelle","isPartOf":{"@id":"https:\/\/lasentinelle.dz\/#website"},"primaryImageOfPage":{"@id":"https:\/\/lasentinelle.dz\/index.php\/2024\/08\/04\/le-debut-de-la-campagne-electorale-fixee-au-15-aout-les-candidats-a-lheure-des-preparatifs\/#primaryimage"},"image":{"@id":"https:\/\/lasentinelle.dz\/index.php\/2024\/08\/04\/le-debut-de-la-campagne-electorale-fixee-au-15-aout-les-candidats-a-lheure-des-preparatifs\/#primaryimage"},"thumbnailUrl":"https:\/\/lasentinelle.dz\/wp-content\/uploads\/2024\/07\/candidats.jpeg","datePublished":"2024-08-04T12:45:09+00:00","dateModified":"2024-08-04T12:45:10+00:00","breadcrumb":{"@id":"https:\/\/lasentinelle.dz\/index.php\/2024\/08\/04\/le-debut-de-la-campagne-electorale-fixee-au-15-aout-les-candidats-a-lheure-des-preparatifs\/#breadcrumb"},"inLanguage":"fr-FR","potentialAction":[{"@type":"ReadAction","target":["https:\/\/lasentinelle.dz\/index.php\/2024\/08\/04\/le-debut-de-la-campagne-electorale-fixee-au-15-aout-les-candidats-a-lheure-des-preparatifs\/"]}]},{"@type":"ImageObject","inLanguage":"fr-FR","@id":"https:\/\/lasentinelle.dz\/index.php\/2024\/08\/04\/le-debut-de-la-campagne-electorale-fixee-au-15-aout-les-candidats-a-lheure-des-preparatifs\/#primaryimage","url":"https:\/\/lasentinelle.dz\/wp-content\/uploads\/2024\/07\/candidats.jpeg","contentUrl":"https:\/\/lasentinelle.dz\/wp-content\/uploads\/2024\/07\/candidats.jpeg","width":1701,"height":1200},{"@type":"BreadcrumbList","@id":"https:\/\/lasentinelle.dz\/index.php\/2024\/08\/04\/le-debut-de-la-campagne-electorale-fixee-au-15-aout-les-candidats-a-lheure-des-preparatifs\/#breadcrumb","itemListElement":[{"@type":"ListItem","position":1,"name":"Accueil","item":"https:\/\/lasentinelle.dz\/"},{"@type":"ListItem","position":2,"name":"Le d\u00e9but de la campagne \u00e9lectorale fix\u00e9e au 15 ao\u00fbt: Les candidats \u00e0 l&rsquo;heure des pr\u00e9paratifs"}]},{"@type":"WebSite","@id":"https:\/\/lasentinelle.dz\/#website","url":"https:\/\/lasentinelle.dz\/","name":"La Sentinelle","description":"Quotidien national d&#039;information","publisher":{"@id":"https:\/\/lasentinelle.dz\/#organization"},"potentialAction":[{"@type":"SearchAction","target":{"@type":"EntryPoint","urlTemplate":"https:\/\/lasentinelle.dz\/?s={search_term_string}"},"query-input":{"@type":"PropertyValueSpecification","valueRequired":true,"valueName":"search_term_string"}}],"inLanguage":"fr-FR"},{"@type":"Organization","@id":"https:\/\/lasentinelle.dz\/#organization","name":"Quotidien La Sentinelle","url":"https:\/\/lasentinelle.dz\/","logo":{"@type":"ImageObject","inLanguage":"fr-FR","@id":"https:\/\/lasentinelle.dz\/#\/schema\/logo\/image\/","url":"https:\/\/lasentinelle.dz\/wp-content\/uploads\/2021\/09\/logo-sentinelleSLOGAN-1.png","contentUrl":"https:\/\/lasentinelle.dz\/wp-content\/uploads\/2021\/09\/logo-sentinelleSLOGAN-1.png","width":615,"height":142,"caption":"Quotidien La Sentinelle"},"image":{"@id":"https:\/\/lasentinelle.dz\/#\/schema\/logo\/image\/"},"sameAs":["https:\/\/www.facebook.com\/La-Sentinelle-104059864394773"]},{"@type":"Person","@id":"https:\/\/lasentinelle.dz\/#\/schema\/person\/d865044e22e70a75174ce8bcad3acfb3","name":"La Sentinelle","image":{"@type":"ImageObject","inLanguage":"fr-FR","@id":"https:\/\/secure.gravatar.com\/avatar\/57de8e5d4b15d43fb361a71fbb36338450fe67865b528a43dd10ef7c51a20392?s=96&d=mm&r=g","url":"https:\/\/secure.gravatar.com\/avatar\/57de8e5d4b15d43fb361a71fbb36338450fe67865b528a43dd10ef7c51a20392?s=96&d=mm&r=g","contentUrl":"https:\/\/secure.gravatar.com\/avatar\/57de8e5d4b15d43fb361a71fbb36338450fe67865b528a43dd10ef7c51a20392?s=96&d=mm&r=g","caption":"La Sentinelle"},"sameAs":["http:\/\/www.lasentinelle.dz"],"url":"https:\/\/lasentinelle.dz\/author\/redaction\/"}]}},"_links":{"self":[{"href":"https:\/\/lasentinelle.dz\/index.php\/wp-json\/wp\/v2\/posts\/55245","targetHints":{"allow":["GET"]}}],"collection":[{"href":"https:\/\/lasentinelle.dz\/index.php\/wp-json\/wp\/v2\/posts"}],"about":[{"href":"https:\/\/lasentinelle.dz\/index.php\/wp-json\/wp\/v2\/types\/post"}],"author":[{"embeddable":true,"href":"https:\/\/lasentinelle.dz\/index.php\/wp-json\/wp\/v2\/users\/3"}],"replies":[{"embeddable":true,"href":"https:\/\/lasentinelle.dz\/index.php\/wp-json\/wp\/v2\/comments?post=55245"}],"version-history":[{"count":2,"href":"https:\/\/lasentinelle.dz\/index.php\/wp-json\/wp\/v2\/posts\/55245\/revisions"}],"predecessor-version":[{"id":55247,"href":"https:\/\/lasentinelle.dz\/index.php\/wp-json\/wp\/v2\/posts\/55245\/revisions\/55247"}],"wp:featuredmedia":[{"embeddable":true,"href":"https:\/\/lasentinelle.dz\/index.php\/wp-json\/wp\/v2\/media\/54908"}],"wp:attachment":[{"href":"https:\/\/lasentinelle.dz\/index.php\/wp-json\/wp\/v2\/media?parent=55245"}],"wp:term":[{"taxonomy":"category","embeddable":true,"href":"https:\/\/lasentinelle.dz\/index.php\/wp-json\/wp\/v2\/categories?post=55245"},{"taxonomy":"post_tag","embeddable":true,"href":"https:\/\/lasentinelle.dz\/index.php\/wp-json\/wp\/v2\/tags?post=55245"}],"curies":[{"name":"wp","href":"https:\/\/api.w.org\/{rel}","templated":true}]}}