{"id":55264,"date":"2024-08-05T13:30:50","date_gmt":"2024-08-05T12:30:50","guid":{"rendered":"https:\/\/lasentinelle.dz\/?p=55264"},"modified":"2024-08-05T13:30:50","modified_gmt":"2024-08-05T12:30:50","slug":"le-patrimoine-algerien-revisite-a-travers-lobjectif","status":"publish","type":"post","link":"https:\/\/lasentinelle.dz\/index.php\/2024\/08\/05\/le-patrimoine-algerien-revisite-a-travers-lobjectif\/","title":{"rendered":"Le patrimoine alg\u00e9rien revisit\u00e9 \u00e0 travers l&rsquo;objectif"},"content":{"rendered":"\n<p>La galerie Hang&rsquo;Art \u00e0 Alger s&rsquo;est m\u00e9tamorphos\u00e9e en un \u00e9crin de lumi\u00e8re, accueillant une symphonie photographique sous l&rsquo;\u00e9gide po\u00e9tique : \u00ab\u00a0Invitation \u00e0 un voyage visuel o\u00f9 chaque image raconte une histoire \u00e9ternelle\u00a0\u00bb.<\/p>\n\n\n\n<p>Cette tapisserie visuelle, fruit de l&rsquo;alchimie cr\u00e9ative de Tinhinane Mehdi et Walid Mendi, deux magiciens de l&rsquo;image, a vu le jour samedi. Tout au long du mois d&rsquo;ao\u00fbt, tel un fleuve intarissable, l&rsquo;exposition d\u00e9versera son flot de 25 clich\u00e9s, autant de fen\u00eatres ouvertes sur l&rsquo;\u00e2me alg\u00e9rienne et le c\u0153ur battant du monde. Les murs de la galerie, transform\u00e9s en toile vivante, porteront ces t\u00e9moignages silencieux mais \u00e9loquents.<\/p>\n\n\n\n<p>Tinhinane Mehdi, gardienne de la m\u00e9moire visuelle, a d\u00e9voil\u00e9 que son objectif s&rsquo;est fait l&rsquo;\u00e9cho du patrimoine culturel alg\u00e9rien. Telle une conteuse des temps modernes, elle a captur\u00e9 l&rsquo;essence m\u00eame des traditions, en particulier \u00e0 travers le prisme des costumes f\u00e9minins. Cinq clich\u00e9s, tels des joyaux dans un \u00e9crin, immortalisent une femme drap\u00e9e dans le \u00ab\u00a0ha\u00efk\u00a0\u00bb traditionnel, au c\u0153ur de la Casbah d&rsquo;Alger, cette vieille dame aux mille secrets. Le \u00ab\u00a0koffa de dom\u00a0\u00bb et les ustensiles en cuivre, t\u00e9moins muets d&rsquo;un pass\u00e9 qui refuse de s&rsquo;\u00e9teindre, compl\u00e8tent ce tableau vivant.<\/p>\n\n\n\n<p>L&rsquo;exposition, tel un kal\u00e9idoscope temporel, fait \u00e9galement la part belle aux monuments historiques qui jalonnent le pays. De Timgad \u00e0 Batna, en passant par le Palais des Rais \u00e0 Alger, sans oublier une composition audacieuse mariant l&rsquo;Amiraut\u00e9 d&rsquo;Alger aux paysages d\u00e9sertiques de Hassi Messaoud, c&rsquo;est toute l&rsquo;Alg\u00e9rie qui se r\u00e9v\u00e8le dans sa diversit\u00e9 majestueuse. Dans un jeu subtil de lumi\u00e8res, les photographes ont baign\u00e9 le patrimoine alg\u00e9rien dans des teintes chaudes, comme pour raviver la flamme du souvenir ancestral. En contraste, les cit\u00e9s mondiales se sont vues par\u00e9es de couleurs froides, telle une projection futuriste teint\u00e9e d&rsquo;une touche artistique.<\/p>\n\n\n\n<p>L&rsquo;objectif des artistes, tel un oiseau migrateur, a aussi survol\u00e9 les m\u00e9tropoles du monde. New York, cette insomniaques aux mille feux, a livr\u00e9 ses secrets \u00e0 Tinhinane Mehdi. Les gratte-ciels, sentinelles de b\u00e9ton et d&rsquo;acier, l&rsquo;horloge g\u00e9ante au c\u0153ur de la ville, le m\u00e9tro grouillant de vie, et la foule, cette mar\u00e9e humaine incessante, ont tous \u00e9t\u00e9 captur\u00e9s dans leur fr\u00e9n\u00e9sie quotidienne. Paris, Lyon et Arles ont \u00e9galement c\u00e9d\u00e9 \u00e0 l&rsquo;appel de l&rsquo;objectif, d\u00e9voilant leurs charmes discrets.<\/p>\n\n\n\n<p>En guise de coda \u00e0 cette symphonie visuelle, Tinhinane Mehdi orchestrera un atelier le 19 ao\u00fbt, jour o\u00f9 le monde c\u00e9l\u00e8bre l&rsquo;art de la photographie. Tel un ma\u00eetre \u00e0 ses disciples, elle d\u00e9voilera les arcanes de cet art, de la capture \u00e0 la retouche, transformant chaque participant en un potentiel Prom\u00e9th\u00e9e de l&rsquo;image, capable de voler le feu de la cr\u00e9ation pour illuminer le monde.<\/p>\n\n\n\n<p>Mohamed Seghir<\/p>\n","protected":false},"excerpt":{"rendered":"<p>La galerie Hang&rsquo;Art \u00e0 Alger s&rsquo;est m\u00e9tamorphos\u00e9e en un \u00e9crin de lumi\u00e8re, accueillant une symphonie photographique sous l&rsquo;\u00e9gide po\u00e9tique :<\/p>\n","protected":false},"author":3,"featured_media":55265,"comment_status":"open","ping_status":"closed","sticky":false,"template":"","format":"standard","meta":{"colormag_page_container_layout":"default_layout","colormag_page_sidebar_layout":"default_layout","om_disable_all_campaigns":false,"_monsterinsights_skip_tracking":false,"_monsterinsights_sitenote_active":false,"_monsterinsights_sitenote_note":"","_monsterinsights_sitenote_category":0,"footnotes":"","_wpscppro_dont_share_socialmedia":false,"_wpscppro_custom_social_share_image":0,"_facebook_share_type":"default","_twitter_share_type":"default","_linkedin_share_type":"default","_pinterest_share_type":"default","_linkedin_share_type_page":"","_instagram_share_type":"default","_medium_share_type":"","_threads_share_type":"","_google_business_share_type":"","_selected_social_profile":[],"_wpsp_enable_custom_social_template":false,"_wpsp_social_scheduling":{"enabled":false,"datetime":null,"platforms":[],"status":"template_only","dateOption":"today","timeOption":"now","customDays":"","customHours":"","customDate":"","customTime":"","schedulingType":"absolute"},"_wpsp_active_default_template":true},"categories":[36],"tags":[],"class_list":["post-55264","post","type-post","status-publish","format-standard","has-post-thumbnail","hentry","category-culture"],"aioseo_notices":[],"yoast_head":"<!-- This site is optimized with the Yoast SEO plugin v27.5 - https:\/\/yoast.com\/product\/yoast-seo-wordpress\/ -->\n<title>Le patrimoine alg\u00e9rien revisit\u00e9 \u00e0 travers l&rsquo;objectif - La Sentinelle<\/title>\n<meta name=\"robots\" content=\"index, follow, max-snippet:-1, max-image-preview:large, max-video-preview:-1\" \/>\n<link rel=\"canonical\" href=\"https:\/\/lasentinelle.dz\/index.php\/2024\/08\/05\/le-patrimoine-algerien-revisite-a-travers-lobjectif\/\" \/>\n<meta property=\"og:locale\" content=\"fr_FR\" \/>\n<meta property=\"og:type\" content=\"article\" \/>\n<meta property=\"og:title\" content=\"Le patrimoine alg\u00e9rien revisit\u00e9 \u00e0 travers l&rsquo;objectif - La Sentinelle\" \/>\n<meta property=\"og:description\" content=\"La galerie Hang&rsquo;Art \u00e0 Alger s&rsquo;est m\u00e9tamorphos\u00e9e en un \u00e9crin de lumi\u00e8re, accueillant une symphonie photographique sous l&rsquo;\u00e9gide po\u00e9tique :\" \/>\n<meta property=\"og:url\" content=\"https:\/\/lasentinelle.dz\/index.php\/2024\/08\/05\/le-patrimoine-algerien-revisite-a-travers-lobjectif\/\" \/>\n<meta property=\"og:site_name\" content=\"La Sentinelle\" \/>\n<meta property=\"article:publisher\" content=\"https:\/\/www.facebook.com\/La-Sentinelle-104059864394773\" \/>\n<meta property=\"article:published_time\" content=\"2024-08-05T12:30:50+00:00\" \/>\n<meta property=\"og:image\" content=\"https:\/\/lasentinelle.dz\/wp-content\/uploads\/2024\/08\/photo.jpeg\" \/>\n\t<meta property=\"og:image:width\" content=\"275\" \/>\n\t<meta property=\"og:image:height\" content=\"183\" \/>\n\t<meta property=\"og:image:type\" content=\"image\/jpeg\" \/>\n<meta name=\"author\" content=\"La Sentinelle\" \/>\n<meta name=\"twitter:card\" content=\"summary_large_image\" \/>\n<meta name=\"twitter:label1\" content=\"\u00c9crit par\" \/>\n\t<meta name=\"twitter:data1\" content=\"La Sentinelle\" \/>\n\t<meta name=\"twitter:label2\" content=\"Dur\u00e9e de lecture estim\u00e9e\" \/>\n\t<meta name=\"twitter:data2\" content=\"3 minutes\" \/>\n<script type=\"application\/ld+json\" class=\"yoast-schema-graph\">{\"@context\":\"https:\\\/\\\/schema.org\",\"@graph\":[{\"@type\":\"Article\",\"@id\":\"https:\\\/\\\/lasentinelle.dz\\\/index.php\\\/2024\\\/08\\\/05\\\/le-patrimoine-algerien-revisite-a-travers-lobjectif\\\/#article\",\"isPartOf\":{\"@id\":\"https:\\\/\\\/lasentinelle.dz\\\/index.php\\\/2024\\\/08\\\/05\\\/le-patrimoine-algerien-revisite-a-travers-lobjectif\\\/\"},\"author\":{\"name\":\"La Sentinelle\",\"@id\":\"https:\\\/\\\/lasentinelle.dz\\\/#\\\/schema\\\/person\\\/d865044e22e70a75174ce8bcad3acfb3\"},\"headline\":\"Le patrimoine alg\u00e9rien revisit\u00e9 \u00e0 travers l&rsquo;objectif\",\"datePublished\":\"2024-08-05T12:30:50+00:00\",\"mainEntityOfPage\":{\"@id\":\"https:\\\/\\\/lasentinelle.dz\\\/index.php\\\/2024\\\/08\\\/05\\\/le-patrimoine-algerien-revisite-a-travers-lobjectif\\\/\"},\"wordCount\":508,\"commentCount\":0,\"publisher\":{\"@id\":\"https:\\\/\\\/lasentinelle.dz\\\/#organization\"},\"image\":{\"@id\":\"https:\\\/\\\/lasentinelle.dz\\\/index.php\\\/2024\\\/08\\\/05\\\/le-patrimoine-algerien-revisite-a-travers-lobjectif\\\/#primaryimage\"},\"thumbnailUrl\":\"https:\\\/\\\/lasentinelle.dz\\\/wp-content\\\/uploads\\\/2024\\\/08\\\/photo.jpeg\",\"articleSection\":[\"Culture\"],\"inLanguage\":\"fr-FR\",\"potentialAction\":[{\"@type\":\"CommentAction\",\"name\":\"Comment\",\"target\":[\"https:\\\/\\\/lasentinelle.dz\\\/index.php\\\/2024\\\/08\\\/05\\\/le-patrimoine-algerien-revisite-a-travers-lobjectif\\\/#respond\"]}]},{\"@type\":\"WebPage\",\"@id\":\"https:\\\/\\\/lasentinelle.dz\\\/index.php\\\/2024\\\/08\\\/05\\\/le-patrimoine-algerien-revisite-a-travers-lobjectif\\\/\",\"url\":\"https:\\\/\\\/lasentinelle.dz\\\/index.php\\\/2024\\\/08\\\/05\\\/le-patrimoine-algerien-revisite-a-travers-lobjectif\\\/\",\"name\":\"Le patrimoine alg\u00e9rien revisit\u00e9 \u00e0 travers l&rsquo;objectif - La Sentinelle\",\"isPartOf\":{\"@id\":\"https:\\\/\\\/lasentinelle.dz\\\/#website\"},\"primaryImageOfPage\":{\"@id\":\"https:\\\/\\\/lasentinelle.dz\\\/index.php\\\/2024\\\/08\\\/05\\\/le-patrimoine-algerien-revisite-a-travers-lobjectif\\\/#primaryimage\"},\"image\":{\"@id\":\"https:\\\/\\\/lasentinelle.dz\\\/index.php\\\/2024\\\/08\\\/05\\\/le-patrimoine-algerien-revisite-a-travers-lobjectif\\\/#primaryimage\"},\"thumbnailUrl\":\"https:\\\/\\\/lasentinelle.dz\\\/wp-content\\\/uploads\\\/2024\\\/08\\\/photo.jpeg\",\"datePublished\":\"2024-08-05T12:30:50+00:00\",\"breadcrumb\":{\"@id\":\"https:\\\/\\\/lasentinelle.dz\\\/index.php\\\/2024\\\/08\\\/05\\\/le-patrimoine-algerien-revisite-a-travers-lobjectif\\\/#breadcrumb\"},\"inLanguage\":\"fr-FR\",\"potentialAction\":[{\"@type\":\"ReadAction\",\"target\":[\"https:\\\/\\\/lasentinelle.dz\\\/index.php\\\/2024\\\/08\\\/05\\\/le-patrimoine-algerien-revisite-a-travers-lobjectif\\\/\"]}]},{\"@type\":\"ImageObject\",\"inLanguage\":\"fr-FR\",\"@id\":\"https:\\\/\\\/lasentinelle.dz\\\/index.php\\\/2024\\\/08\\\/05\\\/le-patrimoine-algerien-revisite-a-travers-lobjectif\\\/#primaryimage\",\"url\":\"https:\\\/\\\/lasentinelle.dz\\\/wp-content\\\/uploads\\\/2024\\\/08\\\/photo.jpeg\",\"contentUrl\":\"https:\\\/\\\/lasentinelle.dz\\\/wp-content\\\/uploads\\\/2024\\\/08\\\/photo.jpeg\",\"width\":275,\"height\":183},{\"@type\":\"BreadcrumbList\",\"@id\":\"https:\\\/\\\/lasentinelle.dz\\\/index.php\\\/2024\\\/08\\\/05\\\/le-patrimoine-algerien-revisite-a-travers-lobjectif\\\/#breadcrumb\",\"itemListElement\":[{\"@type\":\"ListItem\",\"position\":1,\"name\":\"Accueil\",\"item\":\"https:\\\/\\\/lasentinelle.dz\\\/\"},{\"@type\":\"ListItem\",\"position\":2,\"name\":\"Le patrimoine alg\u00e9rien revisit\u00e9 \u00e0 travers l&rsquo;objectif\"}]},{\"@type\":\"WebSite\",\"@id\":\"https:\\\/\\\/lasentinelle.dz\\\/#website\",\"url\":\"https:\\\/\\\/lasentinelle.dz\\\/\",\"name\":\"La Sentinelle\",\"description\":\"Quotidien national d&#039;information\",\"publisher\":{\"@id\":\"https:\\\/\\\/lasentinelle.dz\\\/#organization\"},\"potentialAction\":[{\"@type\":\"SearchAction\",\"target\":{\"@type\":\"EntryPoint\",\"urlTemplate\":\"https:\\\/\\\/lasentinelle.dz\\\/?s={search_term_string}\"},\"query-input\":{\"@type\":\"PropertyValueSpecification\",\"valueRequired\":true,\"valueName\":\"search_term_string\"}}],\"inLanguage\":\"fr-FR\"},{\"@type\":\"Organization\",\"@id\":\"https:\\\/\\\/lasentinelle.dz\\\/#organization\",\"name\":\"Quotidien La Sentinelle\",\"url\":\"https:\\\/\\\/lasentinelle.dz\\\/\",\"logo\":{\"@type\":\"ImageObject\",\"inLanguage\":\"fr-FR\",\"@id\":\"https:\\\/\\\/lasentinelle.dz\\\/#\\\/schema\\\/logo\\\/image\\\/\",\"url\":\"https:\\\/\\\/lasentinelle.dz\\\/wp-content\\\/uploads\\\/2021\\\/09\\\/logo-sentinelleSLOGAN-1.png\",\"contentUrl\":\"https:\\\/\\\/lasentinelle.dz\\\/wp-content\\\/uploads\\\/2021\\\/09\\\/logo-sentinelleSLOGAN-1.png\",\"width\":615,\"height\":142,\"caption\":\"Quotidien La Sentinelle\"},\"image\":{\"@id\":\"https:\\\/\\\/lasentinelle.dz\\\/#\\\/schema\\\/logo\\\/image\\\/\"},\"sameAs\":[\"https:\\\/\\\/www.facebook.com\\\/La-Sentinelle-104059864394773\"]},{\"@type\":\"Person\",\"@id\":\"https:\\\/\\\/lasentinelle.dz\\\/#\\\/schema\\\/person\\\/d865044e22e70a75174ce8bcad3acfb3\",\"name\":\"La Sentinelle\",\"image\":{\"@type\":\"ImageObject\",\"inLanguage\":\"fr-FR\",\"@id\":\"https:\\\/\\\/secure.gravatar.com\\\/avatar\\\/57de8e5d4b15d43fb361a71fbb36338450fe67865b528a43dd10ef7c51a20392?s=96&d=mm&r=g\",\"url\":\"https:\\\/\\\/secure.gravatar.com\\\/avatar\\\/57de8e5d4b15d43fb361a71fbb36338450fe67865b528a43dd10ef7c51a20392?s=96&d=mm&r=g\",\"contentUrl\":\"https:\\\/\\\/secure.gravatar.com\\\/avatar\\\/57de8e5d4b15d43fb361a71fbb36338450fe67865b528a43dd10ef7c51a20392?s=96&d=mm&r=g\",\"caption\":\"La Sentinelle\"},\"sameAs\":[\"http:\\\/\\\/www.lasentinelle.dz\"],\"url\":\"https:\\\/\\\/lasentinelle.dz\\\/author\\\/redaction\\\/\"}]}<\/script>\n<!-- \/ Yoast SEO plugin. -->","yoast_head_json":{"title":"Le patrimoine alg\u00e9rien revisit\u00e9 \u00e0 travers l&rsquo;objectif - La Sentinelle","robots":{"index":"index","follow":"follow","max-snippet":"max-snippet:-1","max-image-preview":"max-image-preview:large","max-video-preview":"max-video-preview:-1"},"canonical":"https:\/\/lasentinelle.dz\/index.php\/2024\/08\/05\/le-patrimoine-algerien-revisite-a-travers-lobjectif\/","og_locale":"fr_FR","og_type":"article","og_title":"Le patrimoine alg\u00e9rien revisit\u00e9 \u00e0 travers l&rsquo;objectif - La Sentinelle","og_description":"La galerie Hang&rsquo;Art \u00e0 Alger s&rsquo;est m\u00e9tamorphos\u00e9e en un \u00e9crin de lumi\u00e8re, accueillant une symphonie photographique sous l&rsquo;\u00e9gide po\u00e9tique :","og_url":"https:\/\/lasentinelle.dz\/index.php\/2024\/08\/05\/le-patrimoine-algerien-revisite-a-travers-lobjectif\/","og_site_name":"La Sentinelle","article_publisher":"https:\/\/www.facebook.com\/La-Sentinelle-104059864394773","article_published_time":"2024-08-05T12:30:50+00:00","og_image":[{"width":275,"height":183,"url":"https:\/\/lasentinelle.dz\/wp-content\/uploads\/2024\/08\/photo.jpeg","type":"image\/jpeg"}],"author":"La Sentinelle","twitter_card":"summary_large_image","twitter_misc":{"\u00c9crit par":"La Sentinelle","Dur\u00e9e de lecture estim\u00e9e":"3 minutes"},"schema":{"@context":"https:\/\/schema.org","@graph":[{"@type":"Article","@id":"https:\/\/lasentinelle.dz\/index.php\/2024\/08\/05\/le-patrimoine-algerien-revisite-a-travers-lobjectif\/#article","isPartOf":{"@id":"https:\/\/lasentinelle.dz\/index.php\/2024\/08\/05\/le-patrimoine-algerien-revisite-a-travers-lobjectif\/"},"author":{"name":"La Sentinelle","@id":"https:\/\/lasentinelle.dz\/#\/schema\/person\/d865044e22e70a75174ce8bcad3acfb3"},"headline":"Le patrimoine alg\u00e9rien revisit\u00e9 \u00e0 travers l&rsquo;objectif","datePublished":"2024-08-05T12:30:50+00:00","mainEntityOfPage":{"@id":"https:\/\/lasentinelle.dz\/index.php\/2024\/08\/05\/le-patrimoine-algerien-revisite-a-travers-lobjectif\/"},"wordCount":508,"commentCount":0,"publisher":{"@id":"https:\/\/lasentinelle.dz\/#organization"},"image":{"@id":"https:\/\/lasentinelle.dz\/index.php\/2024\/08\/05\/le-patrimoine-algerien-revisite-a-travers-lobjectif\/#primaryimage"},"thumbnailUrl":"https:\/\/lasentinelle.dz\/wp-content\/uploads\/2024\/08\/photo.jpeg","articleSection":["Culture"],"inLanguage":"fr-FR","potentialAction":[{"@type":"CommentAction","name":"Comment","target":["https:\/\/lasentinelle.dz\/index.php\/2024\/08\/05\/le-patrimoine-algerien-revisite-a-travers-lobjectif\/#respond"]}]},{"@type":"WebPage","@id":"https:\/\/lasentinelle.dz\/index.php\/2024\/08\/05\/le-patrimoine-algerien-revisite-a-travers-lobjectif\/","url":"https:\/\/lasentinelle.dz\/index.php\/2024\/08\/05\/le-patrimoine-algerien-revisite-a-travers-lobjectif\/","name":"Le patrimoine alg\u00e9rien revisit\u00e9 \u00e0 travers l&rsquo;objectif - La Sentinelle","isPartOf":{"@id":"https:\/\/lasentinelle.dz\/#website"},"primaryImageOfPage":{"@id":"https:\/\/lasentinelle.dz\/index.php\/2024\/08\/05\/le-patrimoine-algerien-revisite-a-travers-lobjectif\/#primaryimage"},"image":{"@id":"https:\/\/lasentinelle.dz\/index.php\/2024\/08\/05\/le-patrimoine-algerien-revisite-a-travers-lobjectif\/#primaryimage"},"thumbnailUrl":"https:\/\/lasentinelle.dz\/wp-content\/uploads\/2024\/08\/photo.jpeg","datePublished":"2024-08-05T12:30:50+00:00","breadcrumb":{"@id":"https:\/\/lasentinelle.dz\/index.php\/2024\/08\/05\/le-patrimoine-algerien-revisite-a-travers-lobjectif\/#breadcrumb"},"inLanguage":"fr-FR","potentialAction":[{"@type":"ReadAction","target":["https:\/\/lasentinelle.dz\/index.php\/2024\/08\/05\/le-patrimoine-algerien-revisite-a-travers-lobjectif\/"]}]},{"@type":"ImageObject","inLanguage":"fr-FR","@id":"https:\/\/lasentinelle.dz\/index.php\/2024\/08\/05\/le-patrimoine-algerien-revisite-a-travers-lobjectif\/#primaryimage","url":"https:\/\/lasentinelle.dz\/wp-content\/uploads\/2024\/08\/photo.jpeg","contentUrl":"https:\/\/lasentinelle.dz\/wp-content\/uploads\/2024\/08\/photo.jpeg","width":275,"height":183},{"@type":"BreadcrumbList","@id":"https:\/\/lasentinelle.dz\/index.php\/2024\/08\/05\/le-patrimoine-algerien-revisite-a-travers-lobjectif\/#breadcrumb","itemListElement":[{"@type":"ListItem","position":1,"name":"Accueil","item":"https:\/\/lasentinelle.dz\/"},{"@type":"ListItem","position":2,"name":"Le patrimoine alg\u00e9rien revisit\u00e9 \u00e0 travers l&rsquo;objectif"}]},{"@type":"WebSite","@id":"https:\/\/lasentinelle.dz\/#website","url":"https:\/\/lasentinelle.dz\/","name":"La Sentinelle","description":"Quotidien national d&#039;information","publisher":{"@id":"https:\/\/lasentinelle.dz\/#organization"},"potentialAction":[{"@type":"SearchAction","target":{"@type":"EntryPoint","urlTemplate":"https:\/\/lasentinelle.dz\/?s={search_term_string}"},"query-input":{"@type":"PropertyValueSpecification","valueRequired":true,"valueName":"search_term_string"}}],"inLanguage":"fr-FR"},{"@type":"Organization","@id":"https:\/\/lasentinelle.dz\/#organization","name":"Quotidien La Sentinelle","url":"https:\/\/lasentinelle.dz\/","logo":{"@type":"ImageObject","inLanguage":"fr-FR","@id":"https:\/\/lasentinelle.dz\/#\/schema\/logo\/image\/","url":"https:\/\/lasentinelle.dz\/wp-content\/uploads\/2021\/09\/logo-sentinelleSLOGAN-1.png","contentUrl":"https:\/\/lasentinelle.dz\/wp-content\/uploads\/2021\/09\/logo-sentinelleSLOGAN-1.png","width":615,"height":142,"caption":"Quotidien La Sentinelle"},"image":{"@id":"https:\/\/lasentinelle.dz\/#\/schema\/logo\/image\/"},"sameAs":["https:\/\/www.facebook.com\/La-Sentinelle-104059864394773"]},{"@type":"Person","@id":"https:\/\/lasentinelle.dz\/#\/schema\/person\/d865044e22e70a75174ce8bcad3acfb3","name":"La Sentinelle","image":{"@type":"ImageObject","inLanguage":"fr-FR","@id":"https:\/\/secure.gravatar.com\/avatar\/57de8e5d4b15d43fb361a71fbb36338450fe67865b528a43dd10ef7c51a20392?s=96&d=mm&r=g","url":"https:\/\/secure.gravatar.com\/avatar\/57de8e5d4b15d43fb361a71fbb36338450fe67865b528a43dd10ef7c51a20392?s=96&d=mm&r=g","contentUrl":"https:\/\/secure.gravatar.com\/avatar\/57de8e5d4b15d43fb361a71fbb36338450fe67865b528a43dd10ef7c51a20392?s=96&d=mm&r=g","caption":"La Sentinelle"},"sameAs":["http:\/\/www.lasentinelle.dz"],"url":"https:\/\/lasentinelle.dz\/author\/redaction\/"}]}},"_links":{"self":[{"href":"https:\/\/lasentinelle.dz\/index.php\/wp-json\/wp\/v2\/posts\/55264","targetHints":{"allow":["GET"]}}],"collection":[{"href":"https:\/\/lasentinelle.dz\/index.php\/wp-json\/wp\/v2\/posts"}],"about":[{"href":"https:\/\/lasentinelle.dz\/index.php\/wp-json\/wp\/v2\/types\/post"}],"author":[{"embeddable":true,"href":"https:\/\/lasentinelle.dz\/index.php\/wp-json\/wp\/v2\/users\/3"}],"replies":[{"embeddable":true,"href":"https:\/\/lasentinelle.dz\/index.php\/wp-json\/wp\/v2\/comments?post=55264"}],"version-history":[{"count":2,"href":"https:\/\/lasentinelle.dz\/index.php\/wp-json\/wp\/v2\/posts\/55264\/revisions"}],"predecessor-version":[{"id":55267,"href":"https:\/\/lasentinelle.dz\/index.php\/wp-json\/wp\/v2\/posts\/55264\/revisions\/55267"}],"wp:featuredmedia":[{"embeddable":true,"href":"https:\/\/lasentinelle.dz\/index.php\/wp-json\/wp\/v2\/media\/55265"}],"wp:attachment":[{"href":"https:\/\/lasentinelle.dz\/index.php\/wp-json\/wp\/v2\/media?parent=55264"}],"wp:term":[{"taxonomy":"category","embeddable":true,"href":"https:\/\/lasentinelle.dz\/index.php\/wp-json\/wp\/v2\/categories?post=55264"},{"taxonomy":"post_tag","embeddable":true,"href":"https:\/\/lasentinelle.dz\/index.php\/wp-json\/wp\/v2\/tags?post=55264"}],"curies":[{"name":"wp","href":"https:\/\/api.w.org\/{rel}","templated":true}]}}