{"id":55286,"date":"2024-08-05T13:48:59","date_gmt":"2024-08-05T12:48:59","guid":{"rendered":"https:\/\/lasentinelle.dz\/?p=55286"},"modified":"2024-08-05T13:49:00","modified_gmt":"2024-08-05T12:49:00","slug":"premiers-resultats-du-3e-rga-un-boom-dans-le-secteur-agricole","status":"publish","type":"post","link":"https:\/\/lasentinelle.dz\/index.php\/2024\/08\/05\/premiers-resultats-du-3e-rga-un-boom-dans-le-secteur-agricole\/","title":{"rendered":"Premiers r\u00e9sultats du 3e RGA: Un boom dans le secteur agricole"},"content":{"rendered":"\n<p>Le troisi\u00e8me Recensement g\u00e9n\u00e9ral de l&rsquo;agriculture (RGA) vient de livrer ses r\u00e9sultats pr\u00e9liminaires, r\u00e9v\u00e9lant une croissance spectaculaire du secteur agricole avec plus de 230.000 nouvelles exploitations depuis le dernier recensement de 2001. Cette expansion remarquable contribue \u00e0 permettre \u00e0 l&rsquo;Alg\u00e9rie de r\u00e9aliser son ambition d&rsquo;autosuffisance alimentaire. Mohamed Tifouri, directeur des syst\u00e8mes d&rsquo;information, des statistiques et de la prospective au minist\u00e8re de l&rsquo;Agriculture et du D\u00e9veloppement rural, attribue cette croissance au \u00ab\u00a0processus de mise en valeur des terres et \u00e0 l&rsquo;\u00e9mergence de nouvelles zones d&rsquo;activit\u00e9 agricole\u00a0\u00bb. Cette \u00e9volution t\u00e9moigne d&rsquo;une volont\u00e9 politique forte de diversifier l&rsquo;\u00e9conomie alg\u00e9rienne, longtemps d\u00e9pendante des hydrocarbures. Le RGA 2024, men\u00e9 sous le slogan \u00ab\u00a0Information fiable, d\u00e9veloppement durable\u00a0\u00bb, a mobilis\u00e9 des moyens consid\u00e9rables, dont l&rsquo;utilisation in\u00e9dite d&rsquo;outils technologiques et num\u00e9riques. Pr\u00e8s de 7.500 recenseurs, contr\u00f4leurs et superviseurs ont \u00e9t\u00e9 d\u00e9ploy\u00e9s sur le terrain, b\u00e9n\u00e9ficiant d&rsquo;une formation th\u00e9orique et pratique pouss\u00e9e. L&rsquo;introduction d&rsquo;une plateforme num\u00e9rique pour la collecte et l&rsquo;analyse des donn\u00e9es marque un tournant dans la gestion du secteur agricole a. Cette modernisation permettra de d\u00e9terminer avec pr\u00e9cision la superficie du foncier agricole, le nombre de cheptels, et d&rsquo;autres indicateurs cl\u00e9s. \u00ab\u00a0Les donn\u00e9es collect\u00e9es nous donneront une image r\u00e9elle de la structuration des exploitations agricoles, \u00e0 travers laquelle nous \u00e9laborerons des programmes de d\u00e9veloppement propres au secteur agricole\u00a0\u00bb, explique Tifouri. Cette approche data-driven ouvre la voie \u00e0 une agriculture de pr\u00e9cision, o\u00f9 les ressources peuvent \u00eatre allou\u00e9es de mani\u00e8re optimale en fonction des besoins sp\u00e9cifiques de chaque r\u00e9gion et type d&rsquo;exploitation. L&rsquo;importance accord\u00e9e \u00e0 ce recensement t\u00e9moigne du r\u00f4le strat\u00e9gique de l&rsquo;agriculture dans l&rsquo;\u00e9conomie alg\u00e9rienne. Deuxi\u00e8me contributeur au PIB apr\u00e8s les hydrocarbures, le secteur agricole est au c\u0153ur des ambitions de diversification \u00e9conomique du pays. La base de donn\u00e9es issue du RGA sera partag\u00e9e avec diff\u00e9rents secteurs, dans le cadre d&rsquo;une synergie intersectorielle visant \u00e0 renforcer la s\u00e9curit\u00e9 alimentaire du pays. Cette approche holistique pourrait permettre de mieux coordonner les politiques agricoles avec d&rsquo;autres domaines tels que l&rsquo;eau, l&rsquo;\u00e9nergie et les transports.<\/p>\n\n\n\n<p>Sabrina Aziouez<\/p>\n","protected":false},"excerpt":{"rendered":"<p>Le troisi\u00e8me Recensement g\u00e9n\u00e9ral de l&rsquo;agriculture (RGA) vient de livrer ses r\u00e9sultats pr\u00e9liminaires, r\u00e9v\u00e9lant une croissance spectaculaire du secteur agricole<\/p>\n","protected":false},"author":3,"featured_media":50973,"comment_status":"open","ping_status":"closed","sticky":false,"template":"","format":"standard","meta":{"colormag_page_container_layout":"default_layout","colormag_page_sidebar_layout":"default_layout","om_disable_all_campaigns":false,"_monsterinsights_skip_tracking":false,"_monsterinsights_sitenote_active":false,"_monsterinsights_sitenote_note":"","_monsterinsights_sitenote_category":0,"footnotes":"","_wpscppro_dont_share_socialmedia":false,"_wpscppro_custom_social_share_image":0,"_facebook_share_type":"default","_twitter_share_type":"default","_linkedin_share_type":"default","_pinterest_share_type":"default","_linkedin_share_type_page":"","_instagram_share_type":"default","_medium_share_type":"","_threads_share_type":"","_google_business_share_type":"","_selected_social_profile":[],"_wpsp_enable_custom_social_template":false,"_wpsp_social_scheduling":{"enabled":false,"datetime":null,"platforms":[],"status":"template_only","dateOption":"today","timeOption":"now","customDays":"","customHours":"","customDate":"","customTime":"","schedulingType":"absolute"},"_wpsp_active_default_template":true},"categories":[29],"tags":[],"class_list":["post-55286","post","type-post","status-publish","format-standard","has-post-thumbnail","hentry","category-economie"],"aioseo_notices":[],"yoast_head":"<!-- This site is optimized with the Yoast SEO plugin v27.5 - https:\/\/yoast.com\/product\/yoast-seo-wordpress\/ -->\n<title>Premiers r\u00e9sultats du 3e RGA: Un boom dans le secteur agricole - La Sentinelle<\/title>\n<meta name=\"robots\" content=\"index, follow, max-snippet:-1, max-image-preview:large, max-video-preview:-1\" \/>\n<link rel=\"canonical\" href=\"https:\/\/lasentinelle.dz\/index.php\/2024\/08\/05\/premiers-resultats-du-3e-rga-un-boom-dans-le-secteur-agricole\/\" \/>\n<meta property=\"og:locale\" content=\"fr_FR\" \/>\n<meta property=\"og:type\" content=\"article\" \/>\n<meta property=\"og:title\" content=\"Premiers r\u00e9sultats du 3e RGA: Un boom dans le secteur agricole - La Sentinelle\" \/>\n<meta property=\"og:description\" content=\"Le troisi\u00e8me Recensement g\u00e9n\u00e9ral de l&rsquo;agriculture (RGA) vient de livrer ses r\u00e9sultats pr\u00e9liminaires, r\u00e9v\u00e9lant une croissance spectaculaire du secteur agricole\" \/>\n<meta property=\"og:url\" content=\"https:\/\/lasentinelle.dz\/index.php\/2024\/08\/05\/premiers-resultats-du-3e-rga-un-boom-dans-le-secteur-agricole\/\" \/>\n<meta property=\"og:site_name\" content=\"La Sentinelle\" \/>\n<meta property=\"article:publisher\" content=\"https:\/\/www.facebook.com\/La-Sentinelle-104059864394773\" \/>\n<meta property=\"article:published_time\" content=\"2024-08-05T12:48:59+00:00\" \/>\n<meta property=\"article:modified_time\" content=\"2024-08-05T12:49:00+00:00\" \/>\n<meta property=\"og:image\" content=\"https:\/\/lasentinelle.dz\/wp-content\/uploads\/2024\/04\/agriculture2.webp\" \/>\n\t<meta property=\"og:image:width\" content=\"1280\" \/>\n\t<meta property=\"og:image:height\" content=\"853\" \/>\n\t<meta property=\"og:image:type\" content=\"image\/webp\" \/>\n<meta name=\"author\" content=\"La Sentinelle\" \/>\n<meta name=\"twitter:card\" content=\"summary_large_image\" \/>\n<meta name=\"twitter:label1\" content=\"\u00c9crit par\" \/>\n\t<meta name=\"twitter:data1\" content=\"La Sentinelle\" \/>\n\t<meta name=\"twitter:label2\" content=\"Dur\u00e9e de lecture estim\u00e9e\" \/>\n\t<meta name=\"twitter:data2\" content=\"2 minutes\" \/>\n<script type=\"application\/ld+json\" class=\"yoast-schema-graph\">{\"@context\":\"https:\\\/\\\/schema.org\",\"@graph\":[{\"@type\":\"Article\",\"@id\":\"https:\\\/\\\/lasentinelle.dz\\\/index.php\\\/2024\\\/08\\\/05\\\/premiers-resultats-du-3e-rga-un-boom-dans-le-secteur-agricole\\\/#article\",\"isPartOf\":{\"@id\":\"https:\\\/\\\/lasentinelle.dz\\\/index.php\\\/2024\\\/08\\\/05\\\/premiers-resultats-du-3e-rga-un-boom-dans-le-secteur-agricole\\\/\"},\"author\":{\"name\":\"La Sentinelle\",\"@id\":\"https:\\\/\\\/lasentinelle.dz\\\/#\\\/schema\\\/person\\\/d865044e22e70a75174ce8bcad3acfb3\"},\"headline\":\"Premiers r\u00e9sultats du 3e RGA: Un boom dans le secteur agricole\",\"datePublished\":\"2024-08-05T12:48:59+00:00\",\"dateModified\":\"2024-08-05T12:49:00+00:00\",\"mainEntityOfPage\":{\"@id\":\"https:\\\/\\\/lasentinelle.dz\\\/index.php\\\/2024\\\/08\\\/05\\\/premiers-resultats-du-3e-rga-un-boom-dans-le-secteur-agricole\\\/\"},\"wordCount\":405,\"commentCount\":0,\"publisher\":{\"@id\":\"https:\\\/\\\/lasentinelle.dz\\\/#organization\"},\"image\":{\"@id\":\"https:\\\/\\\/lasentinelle.dz\\\/index.php\\\/2024\\\/08\\\/05\\\/premiers-resultats-du-3e-rga-un-boom-dans-le-secteur-agricole\\\/#primaryimage\"},\"thumbnailUrl\":\"https:\\\/\\\/lasentinelle.dz\\\/wp-content\\\/uploads\\\/2024\\\/04\\\/agriculture2.webp\",\"articleSection\":[\"\u00c9conomie\"],\"inLanguage\":\"fr-FR\",\"potentialAction\":[{\"@type\":\"CommentAction\",\"name\":\"Comment\",\"target\":[\"https:\\\/\\\/lasentinelle.dz\\\/index.php\\\/2024\\\/08\\\/05\\\/premiers-resultats-du-3e-rga-un-boom-dans-le-secteur-agricole\\\/#respond\"]}]},{\"@type\":\"WebPage\",\"@id\":\"https:\\\/\\\/lasentinelle.dz\\\/index.php\\\/2024\\\/08\\\/05\\\/premiers-resultats-du-3e-rga-un-boom-dans-le-secteur-agricole\\\/\",\"url\":\"https:\\\/\\\/lasentinelle.dz\\\/index.php\\\/2024\\\/08\\\/05\\\/premiers-resultats-du-3e-rga-un-boom-dans-le-secteur-agricole\\\/\",\"name\":\"Premiers r\u00e9sultats du 3e RGA: Un boom dans le secteur agricole - La Sentinelle\",\"isPartOf\":{\"@id\":\"https:\\\/\\\/lasentinelle.dz\\\/#website\"},\"primaryImageOfPage\":{\"@id\":\"https:\\\/\\\/lasentinelle.dz\\\/index.php\\\/2024\\\/08\\\/05\\\/premiers-resultats-du-3e-rga-un-boom-dans-le-secteur-agricole\\\/#primaryimage\"},\"image\":{\"@id\":\"https:\\\/\\\/lasentinelle.dz\\\/index.php\\\/2024\\\/08\\\/05\\\/premiers-resultats-du-3e-rga-un-boom-dans-le-secteur-agricole\\\/#primaryimage\"},\"thumbnailUrl\":\"https:\\\/\\\/lasentinelle.dz\\\/wp-content\\\/uploads\\\/2024\\\/04\\\/agriculture2.webp\",\"datePublished\":\"2024-08-05T12:48:59+00:00\",\"dateModified\":\"2024-08-05T12:49:00+00:00\",\"breadcrumb\":{\"@id\":\"https:\\\/\\\/lasentinelle.dz\\\/index.php\\\/2024\\\/08\\\/05\\\/premiers-resultats-du-3e-rga-un-boom-dans-le-secteur-agricole\\\/#breadcrumb\"},\"inLanguage\":\"fr-FR\",\"potentialAction\":[{\"@type\":\"ReadAction\",\"target\":[\"https:\\\/\\\/lasentinelle.dz\\\/index.php\\\/2024\\\/08\\\/05\\\/premiers-resultats-du-3e-rga-un-boom-dans-le-secteur-agricole\\\/\"]}]},{\"@type\":\"ImageObject\",\"inLanguage\":\"fr-FR\",\"@id\":\"https:\\\/\\\/lasentinelle.dz\\\/index.php\\\/2024\\\/08\\\/05\\\/premiers-resultats-du-3e-rga-un-boom-dans-le-secteur-agricole\\\/#primaryimage\",\"url\":\"https:\\\/\\\/lasentinelle.dz\\\/wp-content\\\/uploads\\\/2024\\\/04\\\/agriculture2.webp\",\"contentUrl\":\"https:\\\/\\\/lasentinelle.dz\\\/wp-content\\\/uploads\\\/2024\\\/04\\\/agriculture2.webp\",\"width\":1280,\"height\":853},{\"@type\":\"BreadcrumbList\",\"@id\":\"https:\\\/\\\/lasentinelle.dz\\\/index.php\\\/2024\\\/08\\\/05\\\/premiers-resultats-du-3e-rga-un-boom-dans-le-secteur-agricole\\\/#breadcrumb\",\"itemListElement\":[{\"@type\":\"ListItem\",\"position\":1,\"name\":\"Accueil\",\"item\":\"https:\\\/\\\/lasentinelle.dz\\\/\"},{\"@type\":\"ListItem\",\"position\":2,\"name\":\"Premiers r\u00e9sultats du 3e RGA: Un boom dans le secteur agricole\"}]},{\"@type\":\"WebSite\",\"@id\":\"https:\\\/\\\/lasentinelle.dz\\\/#website\",\"url\":\"https:\\\/\\\/lasentinelle.dz\\\/\",\"name\":\"La Sentinelle\",\"description\":\"Quotidien national d&#039;information\",\"publisher\":{\"@id\":\"https:\\\/\\\/lasentinelle.dz\\\/#organization\"},\"potentialAction\":[{\"@type\":\"SearchAction\",\"target\":{\"@type\":\"EntryPoint\",\"urlTemplate\":\"https:\\\/\\\/lasentinelle.dz\\\/?s={search_term_string}\"},\"query-input\":{\"@type\":\"PropertyValueSpecification\",\"valueRequired\":true,\"valueName\":\"search_term_string\"}}],\"inLanguage\":\"fr-FR\"},{\"@type\":\"Organization\",\"@id\":\"https:\\\/\\\/lasentinelle.dz\\\/#organization\",\"name\":\"Quotidien La Sentinelle\",\"url\":\"https:\\\/\\\/lasentinelle.dz\\\/\",\"logo\":{\"@type\":\"ImageObject\",\"inLanguage\":\"fr-FR\",\"@id\":\"https:\\\/\\\/lasentinelle.dz\\\/#\\\/schema\\\/logo\\\/image\\\/\",\"url\":\"https:\\\/\\\/lasentinelle.dz\\\/wp-content\\\/uploads\\\/2021\\\/09\\\/logo-sentinelleSLOGAN-1.png\",\"contentUrl\":\"https:\\\/\\\/lasentinelle.dz\\\/wp-content\\\/uploads\\\/2021\\\/09\\\/logo-sentinelleSLOGAN-1.png\",\"width\":615,\"height\":142,\"caption\":\"Quotidien La Sentinelle\"},\"image\":{\"@id\":\"https:\\\/\\\/lasentinelle.dz\\\/#\\\/schema\\\/logo\\\/image\\\/\"},\"sameAs\":[\"https:\\\/\\\/www.facebook.com\\\/La-Sentinelle-104059864394773\"]},{\"@type\":\"Person\",\"@id\":\"https:\\\/\\\/lasentinelle.dz\\\/#\\\/schema\\\/person\\\/d865044e22e70a75174ce8bcad3acfb3\",\"name\":\"La Sentinelle\",\"image\":{\"@type\":\"ImageObject\",\"inLanguage\":\"fr-FR\",\"@id\":\"https:\\\/\\\/secure.gravatar.com\\\/avatar\\\/57de8e5d4b15d43fb361a71fbb36338450fe67865b528a43dd10ef7c51a20392?s=96&d=mm&r=g\",\"url\":\"https:\\\/\\\/secure.gravatar.com\\\/avatar\\\/57de8e5d4b15d43fb361a71fbb36338450fe67865b528a43dd10ef7c51a20392?s=96&d=mm&r=g\",\"contentUrl\":\"https:\\\/\\\/secure.gravatar.com\\\/avatar\\\/57de8e5d4b15d43fb361a71fbb36338450fe67865b528a43dd10ef7c51a20392?s=96&d=mm&r=g\",\"caption\":\"La Sentinelle\"},\"sameAs\":[\"http:\\\/\\\/www.lasentinelle.dz\"],\"url\":\"https:\\\/\\\/lasentinelle.dz\\\/author\\\/redaction\\\/\"}]}<\/script>\n<!-- \/ Yoast SEO plugin. -->","yoast_head_json":{"title":"Premiers r\u00e9sultats du 3e RGA: Un boom dans le secteur agricole - La Sentinelle","robots":{"index":"index","follow":"follow","max-snippet":"max-snippet:-1","max-image-preview":"max-image-preview:large","max-video-preview":"max-video-preview:-1"},"canonical":"https:\/\/lasentinelle.dz\/index.php\/2024\/08\/05\/premiers-resultats-du-3e-rga-un-boom-dans-le-secteur-agricole\/","og_locale":"fr_FR","og_type":"article","og_title":"Premiers r\u00e9sultats du 3e RGA: Un boom dans le secteur agricole - La Sentinelle","og_description":"Le troisi\u00e8me Recensement g\u00e9n\u00e9ral de l&rsquo;agriculture (RGA) vient de livrer ses r\u00e9sultats pr\u00e9liminaires, r\u00e9v\u00e9lant une croissance spectaculaire du secteur agricole","og_url":"https:\/\/lasentinelle.dz\/index.php\/2024\/08\/05\/premiers-resultats-du-3e-rga-un-boom-dans-le-secteur-agricole\/","og_site_name":"La Sentinelle","article_publisher":"https:\/\/www.facebook.com\/La-Sentinelle-104059864394773","article_published_time":"2024-08-05T12:48:59+00:00","article_modified_time":"2024-08-05T12:49:00+00:00","og_image":[{"width":1280,"height":853,"url":"https:\/\/lasentinelle.dz\/wp-content\/uploads\/2024\/04\/agriculture2.webp","type":"image\/webp"}],"author":"La Sentinelle","twitter_card":"summary_large_image","twitter_misc":{"\u00c9crit par":"La Sentinelle","Dur\u00e9e de lecture estim\u00e9e":"2 minutes"},"schema":{"@context":"https:\/\/schema.org","@graph":[{"@type":"Article","@id":"https:\/\/lasentinelle.dz\/index.php\/2024\/08\/05\/premiers-resultats-du-3e-rga-un-boom-dans-le-secteur-agricole\/#article","isPartOf":{"@id":"https:\/\/lasentinelle.dz\/index.php\/2024\/08\/05\/premiers-resultats-du-3e-rga-un-boom-dans-le-secteur-agricole\/"},"author":{"name":"La Sentinelle","@id":"https:\/\/lasentinelle.dz\/#\/schema\/person\/d865044e22e70a75174ce8bcad3acfb3"},"headline":"Premiers r\u00e9sultats du 3e RGA: Un boom dans le secteur agricole","datePublished":"2024-08-05T12:48:59+00:00","dateModified":"2024-08-05T12:49:00+00:00","mainEntityOfPage":{"@id":"https:\/\/lasentinelle.dz\/index.php\/2024\/08\/05\/premiers-resultats-du-3e-rga-un-boom-dans-le-secteur-agricole\/"},"wordCount":405,"commentCount":0,"publisher":{"@id":"https:\/\/lasentinelle.dz\/#organization"},"image":{"@id":"https:\/\/lasentinelle.dz\/index.php\/2024\/08\/05\/premiers-resultats-du-3e-rga-un-boom-dans-le-secteur-agricole\/#primaryimage"},"thumbnailUrl":"https:\/\/lasentinelle.dz\/wp-content\/uploads\/2024\/04\/agriculture2.webp","articleSection":["\u00c9conomie"],"inLanguage":"fr-FR","potentialAction":[{"@type":"CommentAction","name":"Comment","target":["https:\/\/lasentinelle.dz\/index.php\/2024\/08\/05\/premiers-resultats-du-3e-rga-un-boom-dans-le-secteur-agricole\/#respond"]}]},{"@type":"WebPage","@id":"https:\/\/lasentinelle.dz\/index.php\/2024\/08\/05\/premiers-resultats-du-3e-rga-un-boom-dans-le-secteur-agricole\/","url":"https:\/\/lasentinelle.dz\/index.php\/2024\/08\/05\/premiers-resultats-du-3e-rga-un-boom-dans-le-secteur-agricole\/","name":"Premiers r\u00e9sultats du 3e RGA: Un boom dans le secteur agricole - La Sentinelle","isPartOf":{"@id":"https:\/\/lasentinelle.dz\/#website"},"primaryImageOfPage":{"@id":"https:\/\/lasentinelle.dz\/index.php\/2024\/08\/05\/premiers-resultats-du-3e-rga-un-boom-dans-le-secteur-agricole\/#primaryimage"},"image":{"@id":"https:\/\/lasentinelle.dz\/index.php\/2024\/08\/05\/premiers-resultats-du-3e-rga-un-boom-dans-le-secteur-agricole\/#primaryimage"},"thumbnailUrl":"https:\/\/lasentinelle.dz\/wp-content\/uploads\/2024\/04\/agriculture2.webp","datePublished":"2024-08-05T12:48:59+00:00","dateModified":"2024-08-05T12:49:00+00:00","breadcrumb":{"@id":"https:\/\/lasentinelle.dz\/index.php\/2024\/08\/05\/premiers-resultats-du-3e-rga-un-boom-dans-le-secteur-agricole\/#breadcrumb"},"inLanguage":"fr-FR","potentialAction":[{"@type":"ReadAction","target":["https:\/\/lasentinelle.dz\/index.php\/2024\/08\/05\/premiers-resultats-du-3e-rga-un-boom-dans-le-secteur-agricole\/"]}]},{"@type":"ImageObject","inLanguage":"fr-FR","@id":"https:\/\/lasentinelle.dz\/index.php\/2024\/08\/05\/premiers-resultats-du-3e-rga-un-boom-dans-le-secteur-agricole\/#primaryimage","url":"https:\/\/lasentinelle.dz\/wp-content\/uploads\/2024\/04\/agriculture2.webp","contentUrl":"https:\/\/lasentinelle.dz\/wp-content\/uploads\/2024\/04\/agriculture2.webp","width":1280,"height":853},{"@type":"BreadcrumbList","@id":"https:\/\/lasentinelle.dz\/index.php\/2024\/08\/05\/premiers-resultats-du-3e-rga-un-boom-dans-le-secteur-agricole\/#breadcrumb","itemListElement":[{"@type":"ListItem","position":1,"name":"Accueil","item":"https:\/\/lasentinelle.dz\/"},{"@type":"ListItem","position":2,"name":"Premiers r\u00e9sultats du 3e RGA: Un boom dans le secteur agricole"}]},{"@type":"WebSite","@id":"https:\/\/lasentinelle.dz\/#website","url":"https:\/\/lasentinelle.dz\/","name":"La Sentinelle","description":"Quotidien national d&#039;information","publisher":{"@id":"https:\/\/lasentinelle.dz\/#organization"},"potentialAction":[{"@type":"SearchAction","target":{"@type":"EntryPoint","urlTemplate":"https:\/\/lasentinelle.dz\/?s={search_term_string}"},"query-input":{"@type":"PropertyValueSpecification","valueRequired":true,"valueName":"search_term_string"}}],"inLanguage":"fr-FR"},{"@type":"Organization","@id":"https:\/\/lasentinelle.dz\/#organization","name":"Quotidien La Sentinelle","url":"https:\/\/lasentinelle.dz\/","logo":{"@type":"ImageObject","inLanguage":"fr-FR","@id":"https:\/\/lasentinelle.dz\/#\/schema\/logo\/image\/","url":"https:\/\/lasentinelle.dz\/wp-content\/uploads\/2021\/09\/logo-sentinelleSLOGAN-1.png","contentUrl":"https:\/\/lasentinelle.dz\/wp-content\/uploads\/2021\/09\/logo-sentinelleSLOGAN-1.png","width":615,"height":142,"caption":"Quotidien La Sentinelle"},"image":{"@id":"https:\/\/lasentinelle.dz\/#\/schema\/logo\/image\/"},"sameAs":["https:\/\/www.facebook.com\/La-Sentinelle-104059864394773"]},{"@type":"Person","@id":"https:\/\/lasentinelle.dz\/#\/schema\/person\/d865044e22e70a75174ce8bcad3acfb3","name":"La Sentinelle","image":{"@type":"ImageObject","inLanguage":"fr-FR","@id":"https:\/\/secure.gravatar.com\/avatar\/57de8e5d4b15d43fb361a71fbb36338450fe67865b528a43dd10ef7c51a20392?s=96&d=mm&r=g","url":"https:\/\/secure.gravatar.com\/avatar\/57de8e5d4b15d43fb361a71fbb36338450fe67865b528a43dd10ef7c51a20392?s=96&d=mm&r=g","contentUrl":"https:\/\/secure.gravatar.com\/avatar\/57de8e5d4b15d43fb361a71fbb36338450fe67865b528a43dd10ef7c51a20392?s=96&d=mm&r=g","caption":"La Sentinelle"},"sameAs":["http:\/\/www.lasentinelle.dz"],"url":"https:\/\/lasentinelle.dz\/author\/redaction\/"}]}},"_links":{"self":[{"href":"https:\/\/lasentinelle.dz\/index.php\/wp-json\/wp\/v2\/posts\/55286","targetHints":{"allow":["GET"]}}],"collection":[{"href":"https:\/\/lasentinelle.dz\/index.php\/wp-json\/wp\/v2\/posts"}],"about":[{"href":"https:\/\/lasentinelle.dz\/index.php\/wp-json\/wp\/v2\/types\/post"}],"author":[{"embeddable":true,"href":"https:\/\/lasentinelle.dz\/index.php\/wp-json\/wp\/v2\/users\/3"}],"replies":[{"embeddable":true,"href":"https:\/\/lasentinelle.dz\/index.php\/wp-json\/wp\/v2\/comments?post=55286"}],"version-history":[{"count":1,"href":"https:\/\/lasentinelle.dz\/index.php\/wp-json\/wp\/v2\/posts\/55286\/revisions"}],"predecessor-version":[{"id":55287,"href":"https:\/\/lasentinelle.dz\/index.php\/wp-json\/wp\/v2\/posts\/55286\/revisions\/55287"}],"wp:featuredmedia":[{"embeddable":true,"href":"https:\/\/lasentinelle.dz\/index.php\/wp-json\/wp\/v2\/media\/50973"}],"wp:attachment":[{"href":"https:\/\/lasentinelle.dz\/index.php\/wp-json\/wp\/v2\/media?parent=55286"}],"wp:term":[{"taxonomy":"category","embeddable":true,"href":"https:\/\/lasentinelle.dz\/index.php\/wp-json\/wp\/v2\/categories?post=55286"},{"taxonomy":"post_tag","embeddable":true,"href":"https:\/\/lasentinelle.dz\/index.php\/wp-json\/wp\/v2\/tags?post=55286"}],"curies":[{"name":"wp","href":"https:\/\/api.w.org\/{rel}","templated":true}]}}