{"id":55297,"date":"2024-08-05T13:54:43","date_gmt":"2024-08-05T12:54:43","guid":{"rendered":"https:\/\/lasentinelle.dz\/?p=55297"},"modified":"2024-08-05T13:54:44","modified_gmt":"2024-08-05T12:54:44","slug":"teheran-promet-de-venger-haniyeh-washington-se-prepare-a-toute-eventualite-escalade-moyen-orient","status":"publish","type":"post","link":"https:\/\/lasentinelle.dz\/index.php\/2024\/08\/05\/teheran-promet-de-venger-haniyeh-washington-se-prepare-a-toute-eventualite-escalade-moyen-orient\/","title":{"rendered":"T\u00e9h\u00e9ran promet de venger Haniyeh, Washington se pr\u00e9pare \u00ab\u00a0\u00e0 toute \u00e9ventualit\u00e9\u00a0\u00bb: Escalade Moyen-Orient"},"content":{"rendered":"\n<p>La tension monte d&rsquo;un cran au Moyen-Orient, alors que les craintes de l&rsquo;extension de la guerre, men\u00e9e actuellement par l&rsquo;occupation sioniste contre Ghaza, au Liban grandissent. Plusieurs pays ont demand\u00e9 \u00e0 leurs ressortissants de quitter le pays des C\u00e8dres imm\u00e9diatement, au moment o\u00f9 les attaques isra\u00e9liennes se multiplient contre le Liban se multiplient et que les risques d&rsquo;implication d&rsquo;autre acteurs dans un conflits plus large s&rsquo;intensifient.<\/p>\n\n\n\n<p>La situation au Proche-Orient conna\u00eet une nouvelle escalade dramatique suite \u00e0 l&rsquo;assassinat d&rsquo;Ismail Haniyeh, chef du bureau politique du Hamas, par l&rsquo;arm\u00e9e id&rsquo;occupation \u00e0 T\u00e9h\u00e9ran. Un acte terroriste qui a \u00e9t\u00e9 men\u00e9 \u00e0 l&rsquo;aide d&rsquo;un projectile \u00e0 courte port\u00e9e dot\u00e9 d&rsquo;une ogive de 7 kg, selon le Corps des Gardiens de la R\u00e9volution islamique d&rsquo;Iran.<\/p>\n\n\n\n<p>En r\u00e9action, le ministre iranien des Affaires \u00e9trang\u00e8res par int\u00e9rim, Ali Bagheri Kani, a r\u00e9affirm\u00e9 la d\u00e9termination de T\u00e9h\u00e9ran \u00e0 riposter. \u00ab\u00a0Notre d\u00e9termination de r\u00e9pondre \u00e0 l&rsquo;attaque meurtri\u00e8re de l&rsquo;entit\u00e9 sioniste visant le chef du Mouvement de r\u00e9sistance palestinienne Hamas \u00e0 T\u00e9h\u00e9ran, est s\u00e9rieuse\u00a0\u00bb, a-t-il d\u00e9clar\u00e9 sur le r\u00e9seau social X. Il a appel\u00e9 les pays musulmans de la r\u00e9gion \u00e0 adopter une position unifi\u00e9e pour emp\u00eacher \u00ab\u00a0la poursuite du g\u00e9nocide sioniste \u00e0 Ghaza et l&rsquo;expansion de son agression dans la r\u00e9gion\u00a0\u00bb. Samedi, le Corps des Gardiens de la R\u00e9volution islamique d&rsquo;Iran (CGRI) avait annonc\u00e9 que l&rsquo;assassinat d&rsquo; Ismail Haniyeh, par l&rsquo;arm\u00e9e sioniste a \u00e9t\u00e9 commis \u00e0 l&rsquo;aide d&rsquo;un projectile \u00e0 courte port\u00e9e dot\u00e9 d&rsquo;une ogive. \u00ab\u00a0Selon des enqu\u00eates effectu\u00e9es, l&rsquo;op\u00e9ration terroriste contre le chef du bureau politique du mouvement Hamas a \u00e9t\u00e9 men\u00e9e \u00e0 l&rsquo;aide d&rsquo;un projectile \u00e0 courte port\u00e9e avec une ogive d&rsquo;environ 7 kilogramme, qui a provoqu\u00e9 une forte explosion\u00a0\u00bb, a indiqu\u00e9 le CGRI dans un communiqu\u00e9. \u00ab\u00a0Les tirs ont \u00e9t\u00e9 effectu\u00e9s depuis l&rsquo;ext\u00e9rieur du logement (o\u00f9 se trouvait) Haniyeh\u00a0\u00bb, a pr\u00e9cis\u00e9 le communiqu\u00e9. Face \u00e0 la perspective d&rsquo;une riposte iranienne \u00e0 cette nouvelle provocation isra\u00e9lienne, les \u00c9tats-Unis se pr\u00e9parent d\u00e9j\u00e0 \u00e0 prot\u00e9ger leur alli\u00e9 sioniste. Le Pentagone a annonc\u00e9 vendredi un renforcement de dispositif militaire au Moyen-Orient. D&rsquo;autres alli\u00e9s de l&rsquo;entit\u00e9 sioniste se pr\u00e9parent d&rsquo;ailleurs \u00e0 une \u00e9ventuelle escalade. L&rsquo;Italie a convoqu\u00e9 hier une r\u00e9union du G7 pour se pencher sur la situation au Moyen-Orient, tandis que Jon Finer, conseiller adjoint am\u00e9ricain \u00e0 la s\u00e9curit\u00e9 nationale a dit que Washington de pr\u00e9parait \u201c \u00e0 toutes les \u00e9ventualit\u00e9s\u201d. \u201cLe Pentagone d\u00e9ploie d\u2019importants moyens dans la r\u00e9gion pour se pr\u00e9parer \u00e0 une possible n\u00e9cessit\u00e9 renouvel\u00e9e de d\u00e9fendre Isra\u00ebl d\u2019une attaque\u201d, a ajout\u00e9 le conseiller sur la cha\u00eene am\u00e9ricaine ABC.<\/p>\n\n\n\n<p>C&rsquo;est dans ce contexte que les craintes d&rsquo;une extension du conflit au Liban o\u00f9 les \u00e9changes de tirs \u00e0 la fronti\u00e8re du Sud Liban entre le Hezbollah et les forces d&rsquo;occupation sioniste se sont intensifi\u00e9s. &nbsp;Face \u00e0 cette escalade, plusieurs pays ont appel\u00e9 leurs ressortissants \u00e0 quitter le Liban imm\u00e9diatement. La France, les \u00c9tats-Unis, le Royaume-Uni, la Su\u00e8de; l&rsquo;Italie et l&rsquo;Arabie saoudite ont tous \u00e9mis des avertissements, citant les \u00ab\u00a0risques d&rsquo;escalade militaire au Proche-Orient\u00a0\u00bb.<\/p>\n\n\n\n<p><strong>Le massacre se poursuit \u00e0 Ghaza<\/strong><\/p>\n\n\n\n<p>Cette escalade intervient alors que le g\u00e9nocide sioniste se poursuit \u00e0 Ghaza. &nbsp;Depuis le 7 octobre 2023, l&rsquo;agression isra\u00e9lienne a fait pr\u00e8s de 40 000 morts palestiniens, selon le minist\u00e8re de la Sant\u00e9 de Ghaza. Les derni\u00e8res 24 heures ont \u00e9t\u00e9 particuli\u00e8rement meurtri\u00e8res, avec plusieurs frappes isra\u00e9liennes ciblant des zones civiles.<\/p>\n\n\n\n<p>\u00c0 Ghaza, un bombardement des forces d&rsquo;occupation sioniste contre deux \u00e9coles, Al-Nasr et Hassan Salama, abritant des personnes d\u00e9plac\u00e9es, a fait au moins 30 morts, dont 80% seraient des enfants selon le porte-parole du service de d\u00e9fense civile palestinien, Mahmoud Basal. Cette attaque porte \u00e0 trois le nombre d&rsquo;\u00e9coles cibl\u00e9es en moins de 24 heures dans la ville de Ghaza. Une frappe a\u00e9rienne de l&rsquo;occupation a touch\u00e9 un campement install\u00e9 dans l&rsquo;enceinte de l&rsquo;h\u00f4pital Al Aqsa \u00e0 Deir al Balah, faisant au moins 5 morts et 18 bless\u00e9s. &nbsp;Le bilan humain de cette guerre ne cesse de s&rsquo;alourdir. Selon le minist\u00e8re de la Sant\u00e9 de Ghaza, le nombre total de victimes palestiniennes depuis le 7 octobre s&rsquo;\u00e9l\u00e8ve \u00e0 39 583 morts et 91 398 bless\u00e9s. Plus de 10 000 personnes seraient toujours port\u00e9es disparues, possiblement ensevelies sous les d\u00e9combres. &nbsp;La situation humanitaire est catastrophique, avec une famine qui menace particuli\u00e8rement les enfants. Les Palestiniens continuent malgr\u00e9 cette violence inou\u00efe \u00e0 r\u00e9sister. La r\u00e9sistance palestinienne arrive \u00e0 faire subir des pertes importantes \u00e0 l&rsquo;occupant. Selon les m\u00e9dias isra\u00e9liens, l&rsquo;arm\u00e9e d&rsquo;occupation sioniste aurait perdu environ 10 000 soldats, entre morts et bless\u00e9s, dans les combats \u00e0 Ghaza. Et d&rsquo;ajouter qu&rsquo;environ un millier de soldats sionistes rejoignent chaque mois le d\u00e9partement de r\u00e9adaptation du minist\u00e8re de la D\u00e9fense apr\u00e8s avoir \u00e9t\u00e9 bless\u00e9s pendant la guerre.<\/p>\n\n\n\n<p>Lyes Sa\u00efdi<\/p>\n","protected":false},"excerpt":{"rendered":"<p>La tension monte d&rsquo;un cran au Moyen-Orient, alors que les craintes de l&rsquo;extension de la guerre, men\u00e9e actuellement par l&rsquo;occupation<\/p>\n","protected":false},"author":3,"featured_media":55298,"comment_status":"open","ping_status":"closed","sticky":false,"template":"","format":"standard","meta":{"colormag_page_container_layout":"default_layout","colormag_page_sidebar_layout":"default_layout","om_disable_all_campaigns":false,"_monsterinsights_skip_tracking":false,"_monsterinsights_sitenote_active":false,"_monsterinsights_sitenote_note":"","_monsterinsights_sitenote_category":0,"footnotes":"","_wpscppro_dont_share_socialmedia":false,"_wpscppro_custom_social_share_image":0,"_facebook_share_type":"default","_twitter_share_type":"default","_linkedin_share_type":"default","_pinterest_share_type":"default","_linkedin_share_type_page":"","_instagram_share_type":"default","_medium_share_type":"","_threads_share_type":"","_google_business_share_type":"","_selected_social_profile":[],"_wpsp_enable_custom_social_template":false,"_wpsp_social_scheduling":{"enabled":false,"datetime":null,"platforms":[],"status":"template_only","dateOption":"today","timeOption":"now","customDays":"","customHours":"","customDate":"","customTime":"","schedulingType":"absolute"},"_wpsp_active_default_template":true},"categories":[52,27],"tags":[],"class_list":["post-55297","post","type-post","status-publish","format-standard","has-post-thumbnail","hentry","category-a-la-une","category-actualite"],"aioseo_notices":[],"yoast_head":"<!-- This site is optimized with the Yoast SEO plugin v27.5 - https:\/\/yoast.com\/product\/yoast-seo-wordpress\/ -->\n<title>T\u00e9h\u00e9ran promet de venger Haniyeh, Washington se pr\u00e9pare \u00ab\u00a0\u00e0 toute \u00e9ventualit\u00e9\u00a0\u00bb: Escalade Moyen-Orient - La Sentinelle<\/title>\n<meta name=\"robots\" content=\"index, follow, max-snippet:-1, max-image-preview:large, max-video-preview:-1\" \/>\n<link rel=\"canonical\" href=\"https:\/\/lasentinelle.dz\/index.php\/2024\/08\/05\/teheran-promet-de-venger-haniyeh-washington-se-prepare-a-toute-eventualite-escalade-moyen-orient\/\" \/>\n<meta property=\"og:locale\" content=\"fr_FR\" \/>\n<meta property=\"og:type\" content=\"article\" \/>\n<meta property=\"og:title\" content=\"T\u00e9h\u00e9ran promet de venger Haniyeh, Washington se pr\u00e9pare \u00ab\u00a0\u00e0 toute \u00e9ventualit\u00e9\u00a0\u00bb: Escalade Moyen-Orient - La Sentinelle\" \/>\n<meta property=\"og:description\" content=\"La tension monte d&rsquo;un cran au Moyen-Orient, alors que les craintes de l&rsquo;extension de la guerre, men\u00e9e actuellement par l&rsquo;occupation\" \/>\n<meta property=\"og:url\" content=\"https:\/\/lasentinelle.dz\/index.php\/2024\/08\/05\/teheran-promet-de-venger-haniyeh-washington-se-prepare-a-toute-eventualite-escalade-moyen-orient\/\" \/>\n<meta property=\"og:site_name\" content=\"La Sentinelle\" \/>\n<meta property=\"article:publisher\" content=\"https:\/\/www.facebook.com\/La-Sentinelle-104059864394773\" \/>\n<meta property=\"article:published_time\" content=\"2024-08-05T12:54:43+00:00\" \/>\n<meta property=\"article:modified_time\" content=\"2024-08-05T12:54:44+00:00\" \/>\n<meta property=\"og:image\" content=\"https:\/\/lasentinelle.dz\/wp-content\/uploads\/2024\/08\/liban.webp\" \/>\n\t<meta property=\"og:image:width\" content=\"1200\" \/>\n\t<meta property=\"og:image:height\" content=\"675\" \/>\n\t<meta property=\"og:image:type\" content=\"image\/webp\" \/>\n<meta name=\"author\" content=\"La Sentinelle\" \/>\n<meta name=\"twitter:card\" content=\"summary_large_image\" \/>\n<meta name=\"twitter:label1\" content=\"\u00c9crit par\" \/>\n\t<meta name=\"twitter:data1\" content=\"La Sentinelle\" \/>\n\t<meta name=\"twitter:label2\" content=\"Dur\u00e9e de lecture estim\u00e9e\" \/>\n\t<meta name=\"twitter:data2\" content=\"5 minutes\" \/>\n<script type=\"application\/ld+json\" class=\"yoast-schema-graph\">{\"@context\":\"https:\\\/\\\/schema.org\",\"@graph\":[{\"@type\":\"Article\",\"@id\":\"https:\\\/\\\/lasentinelle.dz\\\/index.php\\\/2024\\\/08\\\/05\\\/teheran-promet-de-venger-haniyeh-washington-se-prepare-a-toute-eventualite-escalade-moyen-orient\\\/#article\",\"isPartOf\":{\"@id\":\"https:\\\/\\\/lasentinelle.dz\\\/index.php\\\/2024\\\/08\\\/05\\\/teheran-promet-de-venger-haniyeh-washington-se-prepare-a-toute-eventualite-escalade-moyen-orient\\\/\"},\"author\":{\"name\":\"La Sentinelle\",\"@id\":\"https:\\\/\\\/lasentinelle.dz\\\/#\\\/schema\\\/person\\\/d865044e22e70a75174ce8bcad3acfb3\"},\"headline\":\"T\u00e9h\u00e9ran promet de venger Haniyeh, Washington se pr\u00e9pare \u00ab\u00a0\u00e0 toute \u00e9ventualit\u00e9\u00a0\u00bb: Escalade Moyen-Orient\",\"datePublished\":\"2024-08-05T12:54:43+00:00\",\"dateModified\":\"2024-08-05T12:54:44+00:00\",\"mainEntityOfPage\":{\"@id\":\"https:\\\/\\\/lasentinelle.dz\\\/index.php\\\/2024\\\/08\\\/05\\\/teheran-promet-de-venger-haniyeh-washington-se-prepare-a-toute-eventualite-escalade-moyen-orient\\\/\"},\"wordCount\":885,\"commentCount\":0,\"publisher\":{\"@id\":\"https:\\\/\\\/lasentinelle.dz\\\/#organization\"},\"image\":{\"@id\":\"https:\\\/\\\/lasentinelle.dz\\\/index.php\\\/2024\\\/08\\\/05\\\/teheran-promet-de-venger-haniyeh-washington-se-prepare-a-toute-eventualite-escalade-moyen-orient\\\/#primaryimage\"},\"thumbnailUrl\":\"https:\\\/\\\/lasentinelle.dz\\\/wp-content\\\/uploads\\\/2024\\\/08\\\/liban.webp\",\"articleSection\":[\"\u00c0 la Une\",\"Actualit\u00e9\"],\"inLanguage\":\"fr-FR\",\"potentialAction\":[{\"@type\":\"CommentAction\",\"name\":\"Comment\",\"target\":[\"https:\\\/\\\/lasentinelle.dz\\\/index.php\\\/2024\\\/08\\\/05\\\/teheran-promet-de-venger-haniyeh-washington-se-prepare-a-toute-eventualite-escalade-moyen-orient\\\/#respond\"]}]},{\"@type\":\"WebPage\",\"@id\":\"https:\\\/\\\/lasentinelle.dz\\\/index.php\\\/2024\\\/08\\\/05\\\/teheran-promet-de-venger-haniyeh-washington-se-prepare-a-toute-eventualite-escalade-moyen-orient\\\/\",\"url\":\"https:\\\/\\\/lasentinelle.dz\\\/index.php\\\/2024\\\/08\\\/05\\\/teheran-promet-de-venger-haniyeh-washington-se-prepare-a-toute-eventualite-escalade-moyen-orient\\\/\",\"name\":\"T\u00e9h\u00e9ran promet de venger Haniyeh, Washington se pr\u00e9pare \u00ab\u00a0\u00e0 toute \u00e9ventualit\u00e9\u00a0\u00bb: Escalade Moyen-Orient - La Sentinelle\",\"isPartOf\":{\"@id\":\"https:\\\/\\\/lasentinelle.dz\\\/#website\"},\"primaryImageOfPage\":{\"@id\":\"https:\\\/\\\/lasentinelle.dz\\\/index.php\\\/2024\\\/08\\\/05\\\/teheran-promet-de-venger-haniyeh-washington-se-prepare-a-toute-eventualite-escalade-moyen-orient\\\/#primaryimage\"},\"image\":{\"@id\":\"https:\\\/\\\/lasentinelle.dz\\\/index.php\\\/2024\\\/08\\\/05\\\/teheran-promet-de-venger-haniyeh-washington-se-prepare-a-toute-eventualite-escalade-moyen-orient\\\/#primaryimage\"},\"thumbnailUrl\":\"https:\\\/\\\/lasentinelle.dz\\\/wp-content\\\/uploads\\\/2024\\\/08\\\/liban.webp\",\"datePublished\":\"2024-08-05T12:54:43+00:00\",\"dateModified\":\"2024-08-05T12:54:44+00:00\",\"breadcrumb\":{\"@id\":\"https:\\\/\\\/lasentinelle.dz\\\/index.php\\\/2024\\\/08\\\/05\\\/teheran-promet-de-venger-haniyeh-washington-se-prepare-a-toute-eventualite-escalade-moyen-orient\\\/#breadcrumb\"},\"inLanguage\":\"fr-FR\",\"potentialAction\":[{\"@type\":\"ReadAction\",\"target\":[\"https:\\\/\\\/lasentinelle.dz\\\/index.php\\\/2024\\\/08\\\/05\\\/teheran-promet-de-venger-haniyeh-washington-se-prepare-a-toute-eventualite-escalade-moyen-orient\\\/\"]}]},{\"@type\":\"ImageObject\",\"inLanguage\":\"fr-FR\",\"@id\":\"https:\\\/\\\/lasentinelle.dz\\\/index.php\\\/2024\\\/08\\\/05\\\/teheran-promet-de-venger-haniyeh-washington-se-prepare-a-toute-eventualite-escalade-moyen-orient\\\/#primaryimage\",\"url\":\"https:\\\/\\\/lasentinelle.dz\\\/wp-content\\\/uploads\\\/2024\\\/08\\\/liban.webp\",\"contentUrl\":\"https:\\\/\\\/lasentinelle.dz\\\/wp-content\\\/uploads\\\/2024\\\/08\\\/liban.webp\",\"width\":1200,\"height\":675},{\"@type\":\"BreadcrumbList\",\"@id\":\"https:\\\/\\\/lasentinelle.dz\\\/index.php\\\/2024\\\/08\\\/05\\\/teheran-promet-de-venger-haniyeh-washington-se-prepare-a-toute-eventualite-escalade-moyen-orient\\\/#breadcrumb\",\"itemListElement\":[{\"@type\":\"ListItem\",\"position\":1,\"name\":\"Accueil\",\"item\":\"https:\\\/\\\/lasentinelle.dz\\\/\"},{\"@type\":\"ListItem\",\"position\":2,\"name\":\"T\u00e9h\u00e9ran promet de venger Haniyeh, Washington se pr\u00e9pare \u00ab\u00a0\u00e0 toute \u00e9ventualit\u00e9\u00a0\u00bb: Escalade Moyen-Orient\"}]},{\"@type\":\"WebSite\",\"@id\":\"https:\\\/\\\/lasentinelle.dz\\\/#website\",\"url\":\"https:\\\/\\\/lasentinelle.dz\\\/\",\"name\":\"La Sentinelle\",\"description\":\"Quotidien national d&#039;information\",\"publisher\":{\"@id\":\"https:\\\/\\\/lasentinelle.dz\\\/#organization\"},\"potentialAction\":[{\"@type\":\"SearchAction\",\"target\":{\"@type\":\"EntryPoint\",\"urlTemplate\":\"https:\\\/\\\/lasentinelle.dz\\\/?s={search_term_string}\"},\"query-input\":{\"@type\":\"PropertyValueSpecification\",\"valueRequired\":true,\"valueName\":\"search_term_string\"}}],\"inLanguage\":\"fr-FR\"},{\"@type\":\"Organization\",\"@id\":\"https:\\\/\\\/lasentinelle.dz\\\/#organization\",\"name\":\"Quotidien La Sentinelle\",\"url\":\"https:\\\/\\\/lasentinelle.dz\\\/\",\"logo\":{\"@type\":\"ImageObject\",\"inLanguage\":\"fr-FR\",\"@id\":\"https:\\\/\\\/lasentinelle.dz\\\/#\\\/schema\\\/logo\\\/image\\\/\",\"url\":\"https:\\\/\\\/lasentinelle.dz\\\/wp-content\\\/uploads\\\/2021\\\/09\\\/logo-sentinelleSLOGAN-1.png\",\"contentUrl\":\"https:\\\/\\\/lasentinelle.dz\\\/wp-content\\\/uploads\\\/2021\\\/09\\\/logo-sentinelleSLOGAN-1.png\",\"width\":615,\"height\":142,\"caption\":\"Quotidien La Sentinelle\"},\"image\":{\"@id\":\"https:\\\/\\\/lasentinelle.dz\\\/#\\\/schema\\\/logo\\\/image\\\/\"},\"sameAs\":[\"https:\\\/\\\/www.facebook.com\\\/La-Sentinelle-104059864394773\"]},{\"@type\":\"Person\",\"@id\":\"https:\\\/\\\/lasentinelle.dz\\\/#\\\/schema\\\/person\\\/d865044e22e70a75174ce8bcad3acfb3\",\"name\":\"La Sentinelle\",\"image\":{\"@type\":\"ImageObject\",\"inLanguage\":\"fr-FR\",\"@id\":\"https:\\\/\\\/secure.gravatar.com\\\/avatar\\\/57de8e5d4b15d43fb361a71fbb36338450fe67865b528a43dd10ef7c51a20392?s=96&d=mm&r=g\",\"url\":\"https:\\\/\\\/secure.gravatar.com\\\/avatar\\\/57de8e5d4b15d43fb361a71fbb36338450fe67865b528a43dd10ef7c51a20392?s=96&d=mm&r=g\",\"contentUrl\":\"https:\\\/\\\/secure.gravatar.com\\\/avatar\\\/57de8e5d4b15d43fb361a71fbb36338450fe67865b528a43dd10ef7c51a20392?s=96&d=mm&r=g\",\"caption\":\"La Sentinelle\"},\"sameAs\":[\"http:\\\/\\\/www.lasentinelle.dz\"],\"url\":\"https:\\\/\\\/lasentinelle.dz\\\/author\\\/redaction\\\/\"}]}<\/script>\n<!-- \/ Yoast SEO plugin. -->","yoast_head_json":{"title":"T\u00e9h\u00e9ran promet de venger Haniyeh, Washington se pr\u00e9pare \u00ab\u00a0\u00e0 toute \u00e9ventualit\u00e9\u00a0\u00bb: Escalade Moyen-Orient - La Sentinelle","robots":{"index":"index","follow":"follow","max-snippet":"max-snippet:-1","max-image-preview":"max-image-preview:large","max-video-preview":"max-video-preview:-1"},"canonical":"https:\/\/lasentinelle.dz\/index.php\/2024\/08\/05\/teheran-promet-de-venger-haniyeh-washington-se-prepare-a-toute-eventualite-escalade-moyen-orient\/","og_locale":"fr_FR","og_type":"article","og_title":"T\u00e9h\u00e9ran promet de venger Haniyeh, Washington se pr\u00e9pare \u00ab\u00a0\u00e0 toute \u00e9ventualit\u00e9\u00a0\u00bb: Escalade Moyen-Orient - La Sentinelle","og_description":"La tension monte d&rsquo;un cran au Moyen-Orient, alors que les craintes de l&rsquo;extension de la guerre, men\u00e9e actuellement par l&rsquo;occupation","og_url":"https:\/\/lasentinelle.dz\/index.php\/2024\/08\/05\/teheran-promet-de-venger-haniyeh-washington-se-prepare-a-toute-eventualite-escalade-moyen-orient\/","og_site_name":"La Sentinelle","article_publisher":"https:\/\/www.facebook.com\/La-Sentinelle-104059864394773","article_published_time":"2024-08-05T12:54:43+00:00","article_modified_time":"2024-08-05T12:54:44+00:00","og_image":[{"width":1200,"height":675,"url":"https:\/\/lasentinelle.dz\/wp-content\/uploads\/2024\/08\/liban.webp","type":"image\/webp"}],"author":"La Sentinelle","twitter_card":"summary_large_image","twitter_misc":{"\u00c9crit par":"La Sentinelle","Dur\u00e9e de lecture estim\u00e9e":"5 minutes"},"schema":{"@context":"https:\/\/schema.org","@graph":[{"@type":"Article","@id":"https:\/\/lasentinelle.dz\/index.php\/2024\/08\/05\/teheran-promet-de-venger-haniyeh-washington-se-prepare-a-toute-eventualite-escalade-moyen-orient\/#article","isPartOf":{"@id":"https:\/\/lasentinelle.dz\/index.php\/2024\/08\/05\/teheran-promet-de-venger-haniyeh-washington-se-prepare-a-toute-eventualite-escalade-moyen-orient\/"},"author":{"name":"La Sentinelle","@id":"https:\/\/lasentinelle.dz\/#\/schema\/person\/d865044e22e70a75174ce8bcad3acfb3"},"headline":"T\u00e9h\u00e9ran promet de venger Haniyeh, Washington se pr\u00e9pare \u00ab\u00a0\u00e0 toute \u00e9ventualit\u00e9\u00a0\u00bb: Escalade Moyen-Orient","datePublished":"2024-08-05T12:54:43+00:00","dateModified":"2024-08-05T12:54:44+00:00","mainEntityOfPage":{"@id":"https:\/\/lasentinelle.dz\/index.php\/2024\/08\/05\/teheran-promet-de-venger-haniyeh-washington-se-prepare-a-toute-eventualite-escalade-moyen-orient\/"},"wordCount":885,"commentCount":0,"publisher":{"@id":"https:\/\/lasentinelle.dz\/#organization"},"image":{"@id":"https:\/\/lasentinelle.dz\/index.php\/2024\/08\/05\/teheran-promet-de-venger-haniyeh-washington-se-prepare-a-toute-eventualite-escalade-moyen-orient\/#primaryimage"},"thumbnailUrl":"https:\/\/lasentinelle.dz\/wp-content\/uploads\/2024\/08\/liban.webp","articleSection":["\u00c0 la Une","Actualit\u00e9"],"inLanguage":"fr-FR","potentialAction":[{"@type":"CommentAction","name":"Comment","target":["https:\/\/lasentinelle.dz\/index.php\/2024\/08\/05\/teheran-promet-de-venger-haniyeh-washington-se-prepare-a-toute-eventualite-escalade-moyen-orient\/#respond"]}]},{"@type":"WebPage","@id":"https:\/\/lasentinelle.dz\/index.php\/2024\/08\/05\/teheran-promet-de-venger-haniyeh-washington-se-prepare-a-toute-eventualite-escalade-moyen-orient\/","url":"https:\/\/lasentinelle.dz\/index.php\/2024\/08\/05\/teheran-promet-de-venger-haniyeh-washington-se-prepare-a-toute-eventualite-escalade-moyen-orient\/","name":"T\u00e9h\u00e9ran promet de venger Haniyeh, Washington se pr\u00e9pare \u00ab\u00a0\u00e0 toute \u00e9ventualit\u00e9\u00a0\u00bb: Escalade Moyen-Orient - La Sentinelle","isPartOf":{"@id":"https:\/\/lasentinelle.dz\/#website"},"primaryImageOfPage":{"@id":"https:\/\/lasentinelle.dz\/index.php\/2024\/08\/05\/teheran-promet-de-venger-haniyeh-washington-se-prepare-a-toute-eventualite-escalade-moyen-orient\/#primaryimage"},"image":{"@id":"https:\/\/lasentinelle.dz\/index.php\/2024\/08\/05\/teheran-promet-de-venger-haniyeh-washington-se-prepare-a-toute-eventualite-escalade-moyen-orient\/#primaryimage"},"thumbnailUrl":"https:\/\/lasentinelle.dz\/wp-content\/uploads\/2024\/08\/liban.webp","datePublished":"2024-08-05T12:54:43+00:00","dateModified":"2024-08-05T12:54:44+00:00","breadcrumb":{"@id":"https:\/\/lasentinelle.dz\/index.php\/2024\/08\/05\/teheran-promet-de-venger-haniyeh-washington-se-prepare-a-toute-eventualite-escalade-moyen-orient\/#breadcrumb"},"inLanguage":"fr-FR","potentialAction":[{"@type":"ReadAction","target":["https:\/\/lasentinelle.dz\/index.php\/2024\/08\/05\/teheran-promet-de-venger-haniyeh-washington-se-prepare-a-toute-eventualite-escalade-moyen-orient\/"]}]},{"@type":"ImageObject","inLanguage":"fr-FR","@id":"https:\/\/lasentinelle.dz\/index.php\/2024\/08\/05\/teheran-promet-de-venger-haniyeh-washington-se-prepare-a-toute-eventualite-escalade-moyen-orient\/#primaryimage","url":"https:\/\/lasentinelle.dz\/wp-content\/uploads\/2024\/08\/liban.webp","contentUrl":"https:\/\/lasentinelle.dz\/wp-content\/uploads\/2024\/08\/liban.webp","width":1200,"height":675},{"@type":"BreadcrumbList","@id":"https:\/\/lasentinelle.dz\/index.php\/2024\/08\/05\/teheran-promet-de-venger-haniyeh-washington-se-prepare-a-toute-eventualite-escalade-moyen-orient\/#breadcrumb","itemListElement":[{"@type":"ListItem","position":1,"name":"Accueil","item":"https:\/\/lasentinelle.dz\/"},{"@type":"ListItem","position":2,"name":"T\u00e9h\u00e9ran promet de venger Haniyeh, Washington se pr\u00e9pare \u00ab\u00a0\u00e0 toute \u00e9ventualit\u00e9\u00a0\u00bb: Escalade Moyen-Orient"}]},{"@type":"WebSite","@id":"https:\/\/lasentinelle.dz\/#website","url":"https:\/\/lasentinelle.dz\/","name":"La Sentinelle","description":"Quotidien national d&#039;information","publisher":{"@id":"https:\/\/lasentinelle.dz\/#organization"},"potentialAction":[{"@type":"SearchAction","target":{"@type":"EntryPoint","urlTemplate":"https:\/\/lasentinelle.dz\/?s={search_term_string}"},"query-input":{"@type":"PropertyValueSpecification","valueRequired":true,"valueName":"search_term_string"}}],"inLanguage":"fr-FR"},{"@type":"Organization","@id":"https:\/\/lasentinelle.dz\/#organization","name":"Quotidien La Sentinelle","url":"https:\/\/lasentinelle.dz\/","logo":{"@type":"ImageObject","inLanguage":"fr-FR","@id":"https:\/\/lasentinelle.dz\/#\/schema\/logo\/image\/","url":"https:\/\/lasentinelle.dz\/wp-content\/uploads\/2021\/09\/logo-sentinelleSLOGAN-1.png","contentUrl":"https:\/\/lasentinelle.dz\/wp-content\/uploads\/2021\/09\/logo-sentinelleSLOGAN-1.png","width":615,"height":142,"caption":"Quotidien La Sentinelle"},"image":{"@id":"https:\/\/lasentinelle.dz\/#\/schema\/logo\/image\/"},"sameAs":["https:\/\/www.facebook.com\/La-Sentinelle-104059864394773"]},{"@type":"Person","@id":"https:\/\/lasentinelle.dz\/#\/schema\/person\/d865044e22e70a75174ce8bcad3acfb3","name":"La Sentinelle","image":{"@type":"ImageObject","inLanguage":"fr-FR","@id":"https:\/\/secure.gravatar.com\/avatar\/57de8e5d4b15d43fb361a71fbb36338450fe67865b528a43dd10ef7c51a20392?s=96&d=mm&r=g","url":"https:\/\/secure.gravatar.com\/avatar\/57de8e5d4b15d43fb361a71fbb36338450fe67865b528a43dd10ef7c51a20392?s=96&d=mm&r=g","contentUrl":"https:\/\/secure.gravatar.com\/avatar\/57de8e5d4b15d43fb361a71fbb36338450fe67865b528a43dd10ef7c51a20392?s=96&d=mm&r=g","caption":"La Sentinelle"},"sameAs":["http:\/\/www.lasentinelle.dz"],"url":"https:\/\/lasentinelle.dz\/author\/redaction\/"}]}},"_links":{"self":[{"href":"https:\/\/lasentinelle.dz\/index.php\/wp-json\/wp\/v2\/posts\/55297","targetHints":{"allow":["GET"]}}],"collection":[{"href":"https:\/\/lasentinelle.dz\/index.php\/wp-json\/wp\/v2\/posts"}],"about":[{"href":"https:\/\/lasentinelle.dz\/index.php\/wp-json\/wp\/v2\/types\/post"}],"author":[{"embeddable":true,"href":"https:\/\/lasentinelle.dz\/index.php\/wp-json\/wp\/v2\/users\/3"}],"replies":[{"embeddable":true,"href":"https:\/\/lasentinelle.dz\/index.php\/wp-json\/wp\/v2\/comments?post=55297"}],"version-history":[{"count":2,"href":"https:\/\/lasentinelle.dz\/index.php\/wp-json\/wp\/v2\/posts\/55297\/revisions"}],"predecessor-version":[{"id":55300,"href":"https:\/\/lasentinelle.dz\/index.php\/wp-json\/wp\/v2\/posts\/55297\/revisions\/55300"}],"wp:featuredmedia":[{"embeddable":true,"href":"https:\/\/lasentinelle.dz\/index.php\/wp-json\/wp\/v2\/media\/55298"}],"wp:attachment":[{"href":"https:\/\/lasentinelle.dz\/index.php\/wp-json\/wp\/v2\/media?parent=55297"}],"wp:term":[{"taxonomy":"category","embeddable":true,"href":"https:\/\/lasentinelle.dz\/index.php\/wp-json\/wp\/v2\/categories?post=55297"},{"taxonomy":"post_tag","embeddable":true,"href":"https:\/\/lasentinelle.dz\/index.php\/wp-json\/wp\/v2\/tags?post=55297"}],"curies":[{"name":"wp","href":"https:\/\/api.w.org\/{rel}","templated":true}]}}