{"id":55301,"date":"2024-08-05T13:55:54","date_gmt":"2024-08-05T12:55:54","guid":{"rendered":"https:\/\/lasentinelle.dz\/?p=55301"},"modified":"2024-08-05T13:55:54","modified_gmt":"2024-08-05T12:55:54","slug":"lile-saint-denis-ferme-le-stand-du-maroc-dans-lespace-culturel-station-afrique","status":"publish","type":"post","link":"https:\/\/lasentinelle.dz\/index.php\/2024\/08\/05\/lile-saint-denis-ferme-le-stand-du-maroc-dans-lespace-culturel-station-afrique\/","title":{"rendered":"L&rsquo;\u00eele-Saint-Denis ferme le stand du Maroc dans l&rsquo;espace culturel Station Afrique"},"content":{"rendered":"\n<p>La ville de L&rsquo;\u00cele-Saint-Denis a ferm\u00e9 le stand du Maroc dans Station Afrique, un lieu de c\u00e9l\u00e9bration durant les Jeux Olympiques et Paralympiques 2024, suite \u00e0 des propos politiques concernant le Sahara occidental. Lors d&rsquo;un concert le 3 ao\u00fbt, la chanteuse marocaine Saida Charaf a d\u00e9clar\u00e9 \u00e0 deux reprises que \u00ab\u00a0le Sahara occidental est marocain, merci pr\u00e9sident Macron\u00a0\u00bb, faisant r\u00e9f\u00e9rence au r\u00e9cent soutien de la France au plan d&rsquo;autonomie marocain pour le Sahara occidental. Ces d\u00e9clarations ont enfreint les r\u00e8gles de neutralit\u00e9 fix\u00e9es dans la convention sign\u00e9e par tous les pays participants. Le maire de L&rsquo;\u00cele-Saint-Denis a d\u00fb intervenir pendant le concert pour rappeler l&rsquo;esprit de neutralit\u00e9 de l&rsquo;\u00e9v\u00e9nement, mais a \u00e9t\u00e9 hu\u00e9 par une partie du public scandant \u00ab\u00a0le Sahara est marocain\u00a0\u00bb. Les repr\u00e9sentants officiels du Maroc pr\u00e9sents n&rsquo;ont pas r\u00e9agi, et aucune excuse n&rsquo;a \u00e9t\u00e9 formul\u00e9e dans les 36 heures suivantes. Face \u00e0 cette situation, la ville a d\u00e9cid\u00e9 de mettre fin \u00e0 la convention avec l&rsquo;ambassade du Maroc, soulignant l&rsquo;importance de maintenir la neutralit\u00e9 et l&rsquo;harmonie entre les participants. La municipalit\u00e9 a exprim\u00e9 ses regrets mais a justifi\u00e9 sa d\u00e9cision par la n\u00e9cessit\u00e9 de garantir l&rsquo;\u00e9galit\u00e9 et l&rsquo;\u00e9quit\u00e9 entre les pays. Cette controverse s&rsquo;inscrit dans un contexte plus large. La r\u00e9cente d\u00e9cision de la France de soutenir le plan d&rsquo;autonomie marocain pour le Sahara occidental a suscit\u00e9 de vives r\u00e9actions. La classe politique fran\u00e7aise s&rsquo;est indign\u00e9e, qualifiant cette position de \u00ab\u00a0grave\u00a0\u00bb, de \u00ab\u00a0trahison\u00a0\u00bb ou d'\u00a0\u00bberreur historique\u00a0\u00bb. L&rsquo;Alg\u00e9rie a \u00e9galement exprim\u00e9 sa \u00ab\u00a0profonde d\u00e9sapprobation\u00a0\u00bb, la jugeant \u00ab\u00a0inattendue, inopportune et contre-productive\u00a0\u00bb, et a rappel\u00e9 son ambassadeur en France.<\/p>\n\n\n\n<p>R.N.<\/p>\n","protected":false},"excerpt":{"rendered":"<p>La ville de L&rsquo;\u00cele-Saint-Denis a ferm\u00e9 le stand du Maroc dans Station Afrique, un lieu de c\u00e9l\u00e9bration durant les Jeux<\/p>\n","protected":false},"author":3,"featured_media":55302,"comment_status":"open","ping_status":"closed","sticky":false,"template":"","format":"standard","meta":{"colormag_page_container_layout":"default_layout","colormag_page_sidebar_layout":"default_layout","om_disable_all_campaigns":false,"_monsterinsights_skip_tracking":false,"_monsterinsights_sitenote_active":false,"_monsterinsights_sitenote_note":"","_monsterinsights_sitenote_category":0,"footnotes":"","_wpscppro_dont_share_socialmedia":false,"_wpscppro_custom_social_share_image":0,"_facebook_share_type":"default","_twitter_share_type":"default","_linkedin_share_type":"default","_pinterest_share_type":"default","_linkedin_share_type_page":"","_instagram_share_type":"default","_medium_share_type":"","_threads_share_type":"","_google_business_share_type":"","_selected_social_profile":[],"_wpsp_enable_custom_social_template":false,"_wpsp_social_scheduling":{"enabled":false,"datetime":null,"platforms":[],"status":"template_only","dateOption":"today","timeOption":"now","customDays":"","customHours":"","customDate":"","customTime":"","schedulingType":"absolute"},"_wpsp_active_default_template":true},"categories":[27],"tags":[],"class_list":["post-55301","post","type-post","status-publish","format-standard","has-post-thumbnail","hentry","category-actualite"],"aioseo_notices":[],"yoast_head":"<!-- This site is optimized with the Yoast SEO plugin v27.5 - https:\/\/yoast.com\/product\/yoast-seo-wordpress\/ -->\n<title>L&rsquo;\u00eele-Saint-Denis ferme le stand du Maroc dans l&rsquo;espace culturel Station Afrique - La Sentinelle<\/title>\n<meta name=\"robots\" content=\"index, follow, max-snippet:-1, max-image-preview:large, max-video-preview:-1\" \/>\n<link rel=\"canonical\" href=\"https:\/\/lasentinelle.dz\/index.php\/2024\/08\/05\/lile-saint-denis-ferme-le-stand-du-maroc-dans-lespace-culturel-station-afrique\/\" \/>\n<meta property=\"og:locale\" content=\"fr_FR\" \/>\n<meta property=\"og:type\" content=\"article\" \/>\n<meta property=\"og:title\" content=\"L&rsquo;\u00eele-Saint-Denis ferme le stand du Maroc dans l&rsquo;espace culturel Station Afrique - La Sentinelle\" \/>\n<meta property=\"og:description\" content=\"La ville de L&rsquo;\u00cele-Saint-Denis a ferm\u00e9 le stand du Maroc dans Station Afrique, un lieu de c\u00e9l\u00e9bration durant les Jeux\" \/>\n<meta property=\"og:url\" content=\"https:\/\/lasentinelle.dz\/index.php\/2024\/08\/05\/lile-saint-denis-ferme-le-stand-du-maroc-dans-lespace-culturel-station-afrique\/\" \/>\n<meta property=\"og:site_name\" content=\"La Sentinelle\" \/>\n<meta property=\"article:publisher\" content=\"https:\/\/www.facebook.com\/La-Sentinelle-104059864394773\" \/>\n<meta property=\"article:published_time\" content=\"2024-08-05T12:55:54+00:00\" \/>\n<meta property=\"og:image\" content=\"https:\/\/lasentinelle.dz\/wp-content\/uploads\/2024\/08\/station-Afrique.jpg\" \/>\n\t<meta property=\"og:image:width\" content=\"1200\" \/>\n\t<meta property=\"og:image:height\" content=\"675\" \/>\n\t<meta property=\"og:image:type\" content=\"image\/jpeg\" \/>\n<meta name=\"author\" content=\"La Sentinelle\" \/>\n<meta name=\"twitter:card\" content=\"summary_large_image\" \/>\n<meta name=\"twitter:label1\" content=\"\u00c9crit par\" \/>\n\t<meta name=\"twitter:data1\" content=\"La Sentinelle\" \/>\n\t<meta name=\"twitter:label2\" content=\"Dur\u00e9e de lecture estim\u00e9e\" \/>\n\t<meta name=\"twitter:data2\" content=\"2 minutes\" \/>\n<script type=\"application\/ld+json\" class=\"yoast-schema-graph\">{\"@context\":\"https:\\\/\\\/schema.org\",\"@graph\":[{\"@type\":\"Article\",\"@id\":\"https:\\\/\\\/lasentinelle.dz\\\/index.php\\\/2024\\\/08\\\/05\\\/lile-saint-denis-ferme-le-stand-du-maroc-dans-lespace-culturel-station-afrique\\\/#article\",\"isPartOf\":{\"@id\":\"https:\\\/\\\/lasentinelle.dz\\\/index.php\\\/2024\\\/08\\\/05\\\/lile-saint-denis-ferme-le-stand-du-maroc-dans-lespace-culturel-station-afrique\\\/\"},\"author\":{\"name\":\"La Sentinelle\",\"@id\":\"https:\\\/\\\/lasentinelle.dz\\\/#\\\/schema\\\/person\\\/d865044e22e70a75174ce8bcad3acfb3\"},\"headline\":\"L&rsquo;\u00eele-Saint-Denis ferme le stand du Maroc dans l&rsquo;espace culturel Station Afrique\",\"datePublished\":\"2024-08-05T12:55:54+00:00\",\"mainEntityOfPage\":{\"@id\":\"https:\\\/\\\/lasentinelle.dz\\\/index.php\\\/2024\\\/08\\\/05\\\/lile-saint-denis-ferme-le-stand-du-maroc-dans-lespace-culturel-station-afrique\\\/\"},\"wordCount\":314,\"commentCount\":0,\"publisher\":{\"@id\":\"https:\\\/\\\/lasentinelle.dz\\\/#organization\"},\"image\":{\"@id\":\"https:\\\/\\\/lasentinelle.dz\\\/index.php\\\/2024\\\/08\\\/05\\\/lile-saint-denis-ferme-le-stand-du-maroc-dans-lespace-culturel-station-afrique\\\/#primaryimage\"},\"thumbnailUrl\":\"https:\\\/\\\/lasentinelle.dz\\\/wp-content\\\/uploads\\\/2024\\\/08\\\/station-Afrique.jpg\",\"articleSection\":[\"Actualit\u00e9\"],\"inLanguage\":\"fr-FR\",\"potentialAction\":[{\"@type\":\"CommentAction\",\"name\":\"Comment\",\"target\":[\"https:\\\/\\\/lasentinelle.dz\\\/index.php\\\/2024\\\/08\\\/05\\\/lile-saint-denis-ferme-le-stand-du-maroc-dans-lespace-culturel-station-afrique\\\/#respond\"]}]},{\"@type\":\"WebPage\",\"@id\":\"https:\\\/\\\/lasentinelle.dz\\\/index.php\\\/2024\\\/08\\\/05\\\/lile-saint-denis-ferme-le-stand-du-maroc-dans-lespace-culturel-station-afrique\\\/\",\"url\":\"https:\\\/\\\/lasentinelle.dz\\\/index.php\\\/2024\\\/08\\\/05\\\/lile-saint-denis-ferme-le-stand-du-maroc-dans-lespace-culturel-station-afrique\\\/\",\"name\":\"L&rsquo;\u00eele-Saint-Denis ferme le stand du Maroc dans l&rsquo;espace culturel Station Afrique - La Sentinelle\",\"isPartOf\":{\"@id\":\"https:\\\/\\\/lasentinelle.dz\\\/#website\"},\"primaryImageOfPage\":{\"@id\":\"https:\\\/\\\/lasentinelle.dz\\\/index.php\\\/2024\\\/08\\\/05\\\/lile-saint-denis-ferme-le-stand-du-maroc-dans-lespace-culturel-station-afrique\\\/#primaryimage\"},\"image\":{\"@id\":\"https:\\\/\\\/lasentinelle.dz\\\/index.php\\\/2024\\\/08\\\/05\\\/lile-saint-denis-ferme-le-stand-du-maroc-dans-lespace-culturel-station-afrique\\\/#primaryimage\"},\"thumbnailUrl\":\"https:\\\/\\\/lasentinelle.dz\\\/wp-content\\\/uploads\\\/2024\\\/08\\\/station-Afrique.jpg\",\"datePublished\":\"2024-08-05T12:55:54+00:00\",\"breadcrumb\":{\"@id\":\"https:\\\/\\\/lasentinelle.dz\\\/index.php\\\/2024\\\/08\\\/05\\\/lile-saint-denis-ferme-le-stand-du-maroc-dans-lespace-culturel-station-afrique\\\/#breadcrumb\"},\"inLanguage\":\"fr-FR\",\"potentialAction\":[{\"@type\":\"ReadAction\",\"target\":[\"https:\\\/\\\/lasentinelle.dz\\\/index.php\\\/2024\\\/08\\\/05\\\/lile-saint-denis-ferme-le-stand-du-maroc-dans-lespace-culturel-station-afrique\\\/\"]}]},{\"@type\":\"ImageObject\",\"inLanguage\":\"fr-FR\",\"@id\":\"https:\\\/\\\/lasentinelle.dz\\\/index.php\\\/2024\\\/08\\\/05\\\/lile-saint-denis-ferme-le-stand-du-maroc-dans-lespace-culturel-station-afrique\\\/#primaryimage\",\"url\":\"https:\\\/\\\/lasentinelle.dz\\\/wp-content\\\/uploads\\\/2024\\\/08\\\/station-Afrique.jpg\",\"contentUrl\":\"https:\\\/\\\/lasentinelle.dz\\\/wp-content\\\/uploads\\\/2024\\\/08\\\/station-Afrique.jpg\",\"width\":1200,\"height\":675},{\"@type\":\"BreadcrumbList\",\"@id\":\"https:\\\/\\\/lasentinelle.dz\\\/index.php\\\/2024\\\/08\\\/05\\\/lile-saint-denis-ferme-le-stand-du-maroc-dans-lespace-culturel-station-afrique\\\/#breadcrumb\",\"itemListElement\":[{\"@type\":\"ListItem\",\"position\":1,\"name\":\"Accueil\",\"item\":\"https:\\\/\\\/lasentinelle.dz\\\/\"},{\"@type\":\"ListItem\",\"position\":2,\"name\":\"L&rsquo;\u00eele-Saint-Denis ferme le stand du Maroc dans l&rsquo;espace culturel Station Afrique\"}]},{\"@type\":\"WebSite\",\"@id\":\"https:\\\/\\\/lasentinelle.dz\\\/#website\",\"url\":\"https:\\\/\\\/lasentinelle.dz\\\/\",\"name\":\"La Sentinelle\",\"description\":\"Quotidien national d&#039;information\",\"publisher\":{\"@id\":\"https:\\\/\\\/lasentinelle.dz\\\/#organization\"},\"potentialAction\":[{\"@type\":\"SearchAction\",\"target\":{\"@type\":\"EntryPoint\",\"urlTemplate\":\"https:\\\/\\\/lasentinelle.dz\\\/?s={search_term_string}\"},\"query-input\":{\"@type\":\"PropertyValueSpecification\",\"valueRequired\":true,\"valueName\":\"search_term_string\"}}],\"inLanguage\":\"fr-FR\"},{\"@type\":\"Organization\",\"@id\":\"https:\\\/\\\/lasentinelle.dz\\\/#organization\",\"name\":\"Quotidien La Sentinelle\",\"url\":\"https:\\\/\\\/lasentinelle.dz\\\/\",\"logo\":{\"@type\":\"ImageObject\",\"inLanguage\":\"fr-FR\",\"@id\":\"https:\\\/\\\/lasentinelle.dz\\\/#\\\/schema\\\/logo\\\/image\\\/\",\"url\":\"https:\\\/\\\/lasentinelle.dz\\\/wp-content\\\/uploads\\\/2021\\\/09\\\/logo-sentinelleSLOGAN-1.png\",\"contentUrl\":\"https:\\\/\\\/lasentinelle.dz\\\/wp-content\\\/uploads\\\/2021\\\/09\\\/logo-sentinelleSLOGAN-1.png\",\"width\":615,\"height\":142,\"caption\":\"Quotidien La Sentinelle\"},\"image\":{\"@id\":\"https:\\\/\\\/lasentinelle.dz\\\/#\\\/schema\\\/logo\\\/image\\\/\"},\"sameAs\":[\"https:\\\/\\\/www.facebook.com\\\/La-Sentinelle-104059864394773\"]},{\"@type\":\"Person\",\"@id\":\"https:\\\/\\\/lasentinelle.dz\\\/#\\\/schema\\\/person\\\/d865044e22e70a75174ce8bcad3acfb3\",\"name\":\"La Sentinelle\",\"image\":{\"@type\":\"ImageObject\",\"inLanguage\":\"fr-FR\",\"@id\":\"https:\\\/\\\/secure.gravatar.com\\\/avatar\\\/57de8e5d4b15d43fb361a71fbb36338450fe67865b528a43dd10ef7c51a20392?s=96&d=mm&r=g\",\"url\":\"https:\\\/\\\/secure.gravatar.com\\\/avatar\\\/57de8e5d4b15d43fb361a71fbb36338450fe67865b528a43dd10ef7c51a20392?s=96&d=mm&r=g\",\"contentUrl\":\"https:\\\/\\\/secure.gravatar.com\\\/avatar\\\/57de8e5d4b15d43fb361a71fbb36338450fe67865b528a43dd10ef7c51a20392?s=96&d=mm&r=g\",\"caption\":\"La Sentinelle\"},\"sameAs\":[\"http:\\\/\\\/www.lasentinelle.dz\"],\"url\":\"https:\\\/\\\/lasentinelle.dz\\\/author\\\/redaction\\\/\"}]}<\/script>\n<!-- \/ Yoast SEO plugin. -->","yoast_head_json":{"title":"L&rsquo;\u00eele-Saint-Denis ferme le stand du Maroc dans l&rsquo;espace culturel Station Afrique - La Sentinelle","robots":{"index":"index","follow":"follow","max-snippet":"max-snippet:-1","max-image-preview":"max-image-preview:large","max-video-preview":"max-video-preview:-1"},"canonical":"https:\/\/lasentinelle.dz\/index.php\/2024\/08\/05\/lile-saint-denis-ferme-le-stand-du-maroc-dans-lespace-culturel-station-afrique\/","og_locale":"fr_FR","og_type":"article","og_title":"L&rsquo;\u00eele-Saint-Denis ferme le stand du Maroc dans l&rsquo;espace culturel Station Afrique - La Sentinelle","og_description":"La ville de L&rsquo;\u00cele-Saint-Denis a ferm\u00e9 le stand du Maroc dans Station Afrique, un lieu de c\u00e9l\u00e9bration durant les Jeux","og_url":"https:\/\/lasentinelle.dz\/index.php\/2024\/08\/05\/lile-saint-denis-ferme-le-stand-du-maroc-dans-lespace-culturel-station-afrique\/","og_site_name":"La Sentinelle","article_publisher":"https:\/\/www.facebook.com\/La-Sentinelle-104059864394773","article_published_time":"2024-08-05T12:55:54+00:00","og_image":[{"width":1200,"height":675,"url":"https:\/\/lasentinelle.dz\/wp-content\/uploads\/2024\/08\/station-Afrique.jpg","type":"image\/jpeg"}],"author":"La Sentinelle","twitter_card":"summary_large_image","twitter_misc":{"\u00c9crit par":"La Sentinelle","Dur\u00e9e de lecture estim\u00e9e":"2 minutes"},"schema":{"@context":"https:\/\/schema.org","@graph":[{"@type":"Article","@id":"https:\/\/lasentinelle.dz\/index.php\/2024\/08\/05\/lile-saint-denis-ferme-le-stand-du-maroc-dans-lespace-culturel-station-afrique\/#article","isPartOf":{"@id":"https:\/\/lasentinelle.dz\/index.php\/2024\/08\/05\/lile-saint-denis-ferme-le-stand-du-maroc-dans-lespace-culturel-station-afrique\/"},"author":{"name":"La Sentinelle","@id":"https:\/\/lasentinelle.dz\/#\/schema\/person\/d865044e22e70a75174ce8bcad3acfb3"},"headline":"L&rsquo;\u00eele-Saint-Denis ferme le stand du Maroc dans l&rsquo;espace culturel Station Afrique","datePublished":"2024-08-05T12:55:54+00:00","mainEntityOfPage":{"@id":"https:\/\/lasentinelle.dz\/index.php\/2024\/08\/05\/lile-saint-denis-ferme-le-stand-du-maroc-dans-lespace-culturel-station-afrique\/"},"wordCount":314,"commentCount":0,"publisher":{"@id":"https:\/\/lasentinelle.dz\/#organization"},"image":{"@id":"https:\/\/lasentinelle.dz\/index.php\/2024\/08\/05\/lile-saint-denis-ferme-le-stand-du-maroc-dans-lespace-culturel-station-afrique\/#primaryimage"},"thumbnailUrl":"https:\/\/lasentinelle.dz\/wp-content\/uploads\/2024\/08\/station-Afrique.jpg","articleSection":["Actualit\u00e9"],"inLanguage":"fr-FR","potentialAction":[{"@type":"CommentAction","name":"Comment","target":["https:\/\/lasentinelle.dz\/index.php\/2024\/08\/05\/lile-saint-denis-ferme-le-stand-du-maroc-dans-lespace-culturel-station-afrique\/#respond"]}]},{"@type":"WebPage","@id":"https:\/\/lasentinelle.dz\/index.php\/2024\/08\/05\/lile-saint-denis-ferme-le-stand-du-maroc-dans-lespace-culturel-station-afrique\/","url":"https:\/\/lasentinelle.dz\/index.php\/2024\/08\/05\/lile-saint-denis-ferme-le-stand-du-maroc-dans-lespace-culturel-station-afrique\/","name":"L&rsquo;\u00eele-Saint-Denis ferme le stand du Maroc dans l&rsquo;espace culturel Station Afrique - La Sentinelle","isPartOf":{"@id":"https:\/\/lasentinelle.dz\/#website"},"primaryImageOfPage":{"@id":"https:\/\/lasentinelle.dz\/index.php\/2024\/08\/05\/lile-saint-denis-ferme-le-stand-du-maroc-dans-lespace-culturel-station-afrique\/#primaryimage"},"image":{"@id":"https:\/\/lasentinelle.dz\/index.php\/2024\/08\/05\/lile-saint-denis-ferme-le-stand-du-maroc-dans-lespace-culturel-station-afrique\/#primaryimage"},"thumbnailUrl":"https:\/\/lasentinelle.dz\/wp-content\/uploads\/2024\/08\/station-Afrique.jpg","datePublished":"2024-08-05T12:55:54+00:00","breadcrumb":{"@id":"https:\/\/lasentinelle.dz\/index.php\/2024\/08\/05\/lile-saint-denis-ferme-le-stand-du-maroc-dans-lespace-culturel-station-afrique\/#breadcrumb"},"inLanguage":"fr-FR","potentialAction":[{"@type":"ReadAction","target":["https:\/\/lasentinelle.dz\/index.php\/2024\/08\/05\/lile-saint-denis-ferme-le-stand-du-maroc-dans-lespace-culturel-station-afrique\/"]}]},{"@type":"ImageObject","inLanguage":"fr-FR","@id":"https:\/\/lasentinelle.dz\/index.php\/2024\/08\/05\/lile-saint-denis-ferme-le-stand-du-maroc-dans-lespace-culturel-station-afrique\/#primaryimage","url":"https:\/\/lasentinelle.dz\/wp-content\/uploads\/2024\/08\/station-Afrique.jpg","contentUrl":"https:\/\/lasentinelle.dz\/wp-content\/uploads\/2024\/08\/station-Afrique.jpg","width":1200,"height":675},{"@type":"BreadcrumbList","@id":"https:\/\/lasentinelle.dz\/index.php\/2024\/08\/05\/lile-saint-denis-ferme-le-stand-du-maroc-dans-lespace-culturel-station-afrique\/#breadcrumb","itemListElement":[{"@type":"ListItem","position":1,"name":"Accueil","item":"https:\/\/lasentinelle.dz\/"},{"@type":"ListItem","position":2,"name":"L&rsquo;\u00eele-Saint-Denis ferme le stand du Maroc dans l&rsquo;espace culturel Station Afrique"}]},{"@type":"WebSite","@id":"https:\/\/lasentinelle.dz\/#website","url":"https:\/\/lasentinelle.dz\/","name":"La Sentinelle","description":"Quotidien national d&#039;information","publisher":{"@id":"https:\/\/lasentinelle.dz\/#organization"},"potentialAction":[{"@type":"SearchAction","target":{"@type":"EntryPoint","urlTemplate":"https:\/\/lasentinelle.dz\/?s={search_term_string}"},"query-input":{"@type":"PropertyValueSpecification","valueRequired":true,"valueName":"search_term_string"}}],"inLanguage":"fr-FR"},{"@type":"Organization","@id":"https:\/\/lasentinelle.dz\/#organization","name":"Quotidien La Sentinelle","url":"https:\/\/lasentinelle.dz\/","logo":{"@type":"ImageObject","inLanguage":"fr-FR","@id":"https:\/\/lasentinelle.dz\/#\/schema\/logo\/image\/","url":"https:\/\/lasentinelle.dz\/wp-content\/uploads\/2021\/09\/logo-sentinelleSLOGAN-1.png","contentUrl":"https:\/\/lasentinelle.dz\/wp-content\/uploads\/2021\/09\/logo-sentinelleSLOGAN-1.png","width":615,"height":142,"caption":"Quotidien La Sentinelle"},"image":{"@id":"https:\/\/lasentinelle.dz\/#\/schema\/logo\/image\/"},"sameAs":["https:\/\/www.facebook.com\/La-Sentinelle-104059864394773"]},{"@type":"Person","@id":"https:\/\/lasentinelle.dz\/#\/schema\/person\/d865044e22e70a75174ce8bcad3acfb3","name":"La Sentinelle","image":{"@type":"ImageObject","inLanguage":"fr-FR","@id":"https:\/\/secure.gravatar.com\/avatar\/57de8e5d4b15d43fb361a71fbb36338450fe67865b528a43dd10ef7c51a20392?s=96&d=mm&r=g","url":"https:\/\/secure.gravatar.com\/avatar\/57de8e5d4b15d43fb361a71fbb36338450fe67865b528a43dd10ef7c51a20392?s=96&d=mm&r=g","contentUrl":"https:\/\/secure.gravatar.com\/avatar\/57de8e5d4b15d43fb361a71fbb36338450fe67865b528a43dd10ef7c51a20392?s=96&d=mm&r=g","caption":"La Sentinelle"},"sameAs":["http:\/\/www.lasentinelle.dz"],"url":"https:\/\/lasentinelle.dz\/author\/redaction\/"}]}},"_links":{"self":[{"href":"https:\/\/lasentinelle.dz\/index.php\/wp-json\/wp\/v2\/posts\/55301","targetHints":{"allow":["GET"]}}],"collection":[{"href":"https:\/\/lasentinelle.dz\/index.php\/wp-json\/wp\/v2\/posts"}],"about":[{"href":"https:\/\/lasentinelle.dz\/index.php\/wp-json\/wp\/v2\/types\/post"}],"author":[{"embeddable":true,"href":"https:\/\/lasentinelle.dz\/index.php\/wp-json\/wp\/v2\/users\/3"}],"replies":[{"embeddable":true,"href":"https:\/\/lasentinelle.dz\/index.php\/wp-json\/wp\/v2\/comments?post=55301"}],"version-history":[{"count":2,"href":"https:\/\/lasentinelle.dz\/index.php\/wp-json\/wp\/v2\/posts\/55301\/revisions"}],"predecessor-version":[{"id":55304,"href":"https:\/\/lasentinelle.dz\/index.php\/wp-json\/wp\/v2\/posts\/55301\/revisions\/55304"}],"wp:featuredmedia":[{"embeddable":true,"href":"https:\/\/lasentinelle.dz\/index.php\/wp-json\/wp\/v2\/media\/55302"}],"wp:attachment":[{"href":"https:\/\/lasentinelle.dz\/index.php\/wp-json\/wp\/v2\/media?parent=55301"}],"wp:term":[{"taxonomy":"category","embeddable":true,"href":"https:\/\/lasentinelle.dz\/index.php\/wp-json\/wp\/v2\/categories?post=55301"},{"taxonomy":"post_tag","embeddable":true,"href":"https:\/\/lasentinelle.dz\/index.php\/wp-json\/wp\/v2\/tags?post=55301"}],"curies":[{"name":"wp","href":"https:\/\/api.w.org\/{rel}","templated":true}]}}