{"id":5533,"date":"2021-08-27T16:07:09","date_gmt":"2021-08-27T15:07:09","guid":{"rendered":"https:\/\/lasentinelle.dz\/?p=5533"},"modified":"2021-08-27T16:07:10","modified_gmt":"2021-08-27T15:07:10","slug":"coronavirus-plus-de-447-millions-de-morts","status":"publish","type":"post","link":"https:\/\/lasentinelle.dz\/index.php\/2021\/08\/27\/coronavirus-plus-de-447-millions-de-morts\/","title":{"rendered":"Coronavirus : Plus de 4,47 millions de morts"},"content":{"rendered":"\n<p>La pand\u00e9mie de Covid-19 a fait au moins 4.472.486 morts dans le monde depuis fin d\u00e9cembre 2019, selon un bilan \u00e9tabli vendredi 0 10H00 GMT par l&rsquo;AFP \u00e0 partir de sources officielles.Les Etats-Unis sont le pays le plus touch\u00e9 avec 633.564 d\u00e9c\u00e8s, devant le Br\u00e9sil (577.565), l&rsquo;Inde (436.861), le Mexique (256.287) et le P\u00e9rou (198.064).L&rsquo;Organisation mondiale de la sant\u00e9 (OMS) estime, en prenant en compte la surmortalit\u00e9 directement et indirectement li\u00e9e au Covid-19, que le bilan de la pand\u00e9mie pourrait \u00eatre deux \u00e0 trois fois plus \u00e9lev\u00e9 que celui qui est calcul\u00e9 \u00e0 partir des chiffres officiels.La Nouvelle-Z\u00e9lande a prolong\u00e9 vendredi son confinement national jusqu&rsquo;au 31 ao\u00fbt pour juguler la propagation de cas de Covid-19 li\u00e9s au variant Delta et cette mesure restera en vigueur plus longtemps \u00e0 Auckland, \u00e9picentre de l&rsquo;\u00e9pid\u00e9mie.<\/p>\n\n\n\n<p>Un cas de ce variant beaucoup plus contagieux a \u00e9t\u00e9 d\u00e9couvert \u00e0 Auckland, la grande ville de l&rsquo;\u00cele du Nord, la semaine derni\u00e8re, mettant fin \u00e0 six mois sans contamination d&rsquo;origine locale.Cette infection a donn\u00e9 naissance au plus grand foyer \u00e9pid\u00e9mique du pays depuis le d\u00e9but de la pand\u00e9mie, avec un total de 347 cas, dont 70 enregistr\u00e9s vendredi. Le confinement national, prolong\u00e9 jusqu&rsquo;au 31 ao\u00fbt, avait \u00e9t\u00e9 mis en place le 17 ao\u00fbt.La Premi\u00e8re ministre Jacinda Ardern a indiqu\u00e9 que des signes laissent pr\u00e9sager que l&rsquo;\u00e9pid\u00e9mie atteindra prochainement un pic si le confinement demeure en vigueur.\u00a0\u00bbNous devrions bient\u00f4t atteindre un plateau en termes de nombre de cas\u00a0\u00bb, a-t-elle d\u00e9clar\u00e9. \u00ab\u00a0Notre travail consiste \u00e0 continuer \u00e0 travailler dur afin d&rsquo;infl\u00e9chir, puis d&rsquo;aplanir, la courbe (des infections)\u00a0\u00bb<\/p>\n\n\n\n<p>Elle a affirm\u00e9 qu&rsquo;Auckland, o\u00f9 tous les cas, \u00e0 l&rsquo;exception de 14 ont \u00e9t\u00e9 recens\u00e9s, et la r\u00e9gion voisine de Northland, devront \u00eatre confin\u00e9s au mois deux semaines de plus.L&rsquo;archipel entend poursuivre sa strat\u00e9gie \u00ab\u00a0z\u00e9ro Covid\u00a0\u00bb, alors que la propagation du variant Delta, beaucoup plus contagieux, met \u00e0 mal l&rsquo;efficacit\u00e9 d&rsquo;une politique jusque-l\u00e0 couronn\u00e9e de succ\u00e8s.<\/p>\n\n\n\n<p>Mme Ardern a indiqu\u00e9 que des barrages de police seront \u00e9rig\u00e9s pour emp\u00eacher les d\u00e9placements entre Auckland, la province de Northland et le reste du pays.A ce jour, seules 26 personnes sont d\u00e9c\u00e9d\u00e9es du Covid-19 sur cinq millions d&rsquo;habitants, gr\u00e2ce \u00e0 une stricte fermeture des fronti\u00e8res ainsi que des confinements et une intense politique de tra\u00e7age d\u00e8s l&rsquo;apparition de nouveaux cas.<\/p>\n\n\n\n<p>A la faveur d&rsquo;une importante couverture vaccinale, les restrictions encore en place au Danemark contre le Covid-19 vont \u00eatre lev\u00e9es \u00e0 compter du 10 septembre, la maladie n&rsquo;\u00e9tant plus consid\u00e9r\u00e9e comme \u00ab\u00a0mena\u00e7ante pour la soci\u00e9t\u00e9\u00a0\u00bb a annonc\u00e9 vendredi le minist\u00e8re de la sant\u00e9.\u00a0\u00bbNous ne sommes pas sortis de l&rsquo;\u00e9pid\u00e9mie\u00a0\u00bb, a toutefois soulign\u00e9 le ministre, Magnus Heunicke, assurant que le gouvernement \u00ab\u00a0n&rsquo;h\u00e9sitera pas \u00e0 agir rapidement si la pand\u00e9mie menace \u00e0 nouveau les fonctions essentielles de la soci\u00e9t\u00e9\u00a0\u00bb.Le risque de d\u00e9velopper des caillots sanguins est beaucoup moins \u00e9lev\u00e9 apr\u00e8s s&rsquo;\u00eatre fait vacciner contre le Covid-19 qu&rsquo;en attrapant cette maladie, indique vendredi la plus large \u00e9tude \u00e0 ce jour sur les effets secondaires li\u00e9s au vaccin.Cette \u00e9tude britannique, publi\u00e9e dans le British Medical Journal (BMJ), a compar\u00e9 les donn\u00e9es m\u00e9dicales de 29 millions de personnes ayant re\u00e7u leur premi\u00e8re dose de Pfizer-BioNtech ou d&rsquo;Oxford-AstraZeneca entre d\u00e9cembre 2020 et avril 2021 avec celles de presque 2 millions de personnes test\u00e9es positives au coronavirus.<\/p>\n\n\n\n<p>R.I. avec AFP<\/p>\n","protected":false},"excerpt":{"rendered":"<p>La pand\u00e9mie de Covid-19 a fait au moins 4.472.486 morts dans le monde depuis fin d\u00e9cembre 2019, selon un bilan<\/p>\n","protected":false},"author":3,"featured_media":1501,"comment_status":"open","ping_status":"closed","sticky":false,"template":"","format":"standard","meta":{"colormag_page_container_layout":"default_layout","colormag_page_sidebar_layout":"default_layout","om_disable_all_campaigns":false,"_monsterinsights_skip_tracking":false,"_monsterinsights_sitenote_active":false,"_monsterinsights_sitenote_note":"","_monsterinsights_sitenote_category":0,"footnotes":"","_wpscppro_dont_share_socialmedia":false,"_wpscppro_custom_social_share_image":0,"_facebook_share_type":"","_twitter_share_type":"","_linkedin_share_type":"","_pinterest_share_type":"","_linkedin_share_type_page":"","_instagram_share_type":"","_medium_share_type":"","_threads_share_type":"","_google_business_share_type":"","_selected_social_profile":[],"_wpsp_enable_custom_social_template":false,"_wpsp_social_scheduling":{"enabled":false,"datetime":null,"platforms":[],"status":"template_only","dateOption":"today","timeOption":"now","customDays":"","customHours":"","customDate":"","customTime":"","schedulingType":"absolute"},"_wpsp_active_default_template":true},"categories":[37],"tags":[],"class_list":["post-5533","post","type-post","status-publish","format-standard","has-post-thumbnail","hentry","category-monde"],"aioseo_notices":[],"yoast_head":"<!-- This site is optimized with the Yoast SEO plugin v27.4 - https:\/\/yoast.com\/product\/yoast-seo-wordpress\/ -->\n<title>Coronavirus : Plus de 4,47 millions de morts - La Sentinelle<\/title>\n<meta name=\"robots\" content=\"index, follow, max-snippet:-1, max-image-preview:large, max-video-preview:-1\" \/>\n<link rel=\"canonical\" href=\"https:\/\/lasentinelle.dz\/index.php\/2021\/08\/27\/coronavirus-plus-de-447-millions-de-morts\/\" \/>\n<meta property=\"og:locale\" content=\"fr_FR\" \/>\n<meta property=\"og:type\" content=\"article\" \/>\n<meta property=\"og:title\" content=\"Coronavirus : Plus de 4,47 millions de morts - La Sentinelle\" \/>\n<meta property=\"og:description\" content=\"La pand\u00e9mie de Covid-19 a fait au moins 4.472.486 morts dans le monde depuis fin d\u00e9cembre 2019, selon un bilan\" \/>\n<meta property=\"og:url\" content=\"https:\/\/lasentinelle.dz\/index.php\/2021\/08\/27\/coronavirus-plus-de-447-millions-de-morts\/\" \/>\n<meta property=\"og:site_name\" content=\"La Sentinelle\" \/>\n<meta property=\"article:publisher\" content=\"https:\/\/www.facebook.com\/La-Sentinelle-104059864394773\" \/>\n<meta property=\"article:published_time\" content=\"2021-08-27T15:07:09+00:00\" \/>\n<meta property=\"article:modified_time\" content=\"2021-08-27T15:07:10+00:00\" \/>\n<meta property=\"og:image\" content=\"https:\/\/lasentinelle.dz\/wp-content\/uploads\/2021\/07\/coronavirus-contamination-algerie.png\" \/>\n\t<meta property=\"og:image:width\" content=\"1600\" \/>\n\t<meta property=\"og:image:height\" content=\"900\" \/>\n\t<meta property=\"og:image:type\" content=\"image\/png\" \/>\n<meta name=\"author\" content=\"La Sentinelle\" \/>\n<meta name=\"twitter:card\" content=\"summary_large_image\" \/>\n<meta name=\"twitter:label1\" content=\"\u00c9crit par\" \/>\n\t<meta name=\"twitter:data1\" content=\"La Sentinelle\" \/>\n\t<meta name=\"twitter:label2\" content=\"Dur\u00e9e de lecture estim\u00e9e\" \/>\n\t<meta name=\"twitter:data2\" content=\"3 minutes\" \/>\n<script type=\"application\/ld+json\" class=\"yoast-schema-graph\">{\"@context\":\"https:\\\/\\\/schema.org\",\"@graph\":[{\"@type\":\"Article\",\"@id\":\"https:\\\/\\\/lasentinelle.dz\\\/index.php\\\/2021\\\/08\\\/27\\\/coronavirus-plus-de-447-millions-de-morts\\\/#article\",\"isPartOf\":{\"@id\":\"https:\\\/\\\/lasentinelle.dz\\\/index.php\\\/2021\\\/08\\\/27\\\/coronavirus-plus-de-447-millions-de-morts\\\/\"},\"author\":{\"name\":\"La Sentinelle\",\"@id\":\"https:\\\/\\\/lasentinelle.dz\\\/#\\\/schema\\\/person\\\/d865044e22e70a75174ce8bcad3acfb3\"},\"headline\":\"Coronavirus : Plus de 4,47 millions de morts\",\"datePublished\":\"2021-08-27T15:07:09+00:00\",\"dateModified\":\"2021-08-27T15:07:10+00:00\",\"mainEntityOfPage\":{\"@id\":\"https:\\\/\\\/lasentinelle.dz\\\/index.php\\\/2021\\\/08\\\/27\\\/coronavirus-plus-de-447-millions-de-morts\\\/\"},\"wordCount\":609,\"commentCount\":0,\"publisher\":{\"@id\":\"https:\\\/\\\/lasentinelle.dz\\\/#organization\"},\"image\":{\"@id\":\"https:\\\/\\\/lasentinelle.dz\\\/index.php\\\/2021\\\/08\\\/27\\\/coronavirus-plus-de-447-millions-de-morts\\\/#primaryimage\"},\"thumbnailUrl\":\"https:\\\/\\\/lasentinelle.dz\\\/wp-content\\\/uploads\\\/2021\\\/07\\\/coronavirus-contamination-algerie.png\",\"articleSection\":[\"Monde\"],\"inLanguage\":\"fr-FR\",\"potentialAction\":[{\"@type\":\"CommentAction\",\"name\":\"Comment\",\"target\":[\"https:\\\/\\\/lasentinelle.dz\\\/index.php\\\/2021\\\/08\\\/27\\\/coronavirus-plus-de-447-millions-de-morts\\\/#respond\"]}]},{\"@type\":\"WebPage\",\"@id\":\"https:\\\/\\\/lasentinelle.dz\\\/index.php\\\/2021\\\/08\\\/27\\\/coronavirus-plus-de-447-millions-de-morts\\\/\",\"url\":\"https:\\\/\\\/lasentinelle.dz\\\/index.php\\\/2021\\\/08\\\/27\\\/coronavirus-plus-de-447-millions-de-morts\\\/\",\"name\":\"Coronavirus : Plus de 4,47 millions de morts - La Sentinelle\",\"isPartOf\":{\"@id\":\"https:\\\/\\\/lasentinelle.dz\\\/#website\"},\"primaryImageOfPage\":{\"@id\":\"https:\\\/\\\/lasentinelle.dz\\\/index.php\\\/2021\\\/08\\\/27\\\/coronavirus-plus-de-447-millions-de-morts\\\/#primaryimage\"},\"image\":{\"@id\":\"https:\\\/\\\/lasentinelle.dz\\\/index.php\\\/2021\\\/08\\\/27\\\/coronavirus-plus-de-447-millions-de-morts\\\/#primaryimage\"},\"thumbnailUrl\":\"https:\\\/\\\/lasentinelle.dz\\\/wp-content\\\/uploads\\\/2021\\\/07\\\/coronavirus-contamination-algerie.png\",\"datePublished\":\"2021-08-27T15:07:09+00:00\",\"dateModified\":\"2021-08-27T15:07:10+00:00\",\"breadcrumb\":{\"@id\":\"https:\\\/\\\/lasentinelle.dz\\\/index.php\\\/2021\\\/08\\\/27\\\/coronavirus-plus-de-447-millions-de-morts\\\/#breadcrumb\"},\"inLanguage\":\"fr-FR\",\"potentialAction\":[{\"@type\":\"ReadAction\",\"target\":[\"https:\\\/\\\/lasentinelle.dz\\\/index.php\\\/2021\\\/08\\\/27\\\/coronavirus-plus-de-447-millions-de-morts\\\/\"]}]},{\"@type\":\"ImageObject\",\"inLanguage\":\"fr-FR\",\"@id\":\"https:\\\/\\\/lasentinelle.dz\\\/index.php\\\/2021\\\/08\\\/27\\\/coronavirus-plus-de-447-millions-de-morts\\\/#primaryimage\",\"url\":\"https:\\\/\\\/lasentinelle.dz\\\/wp-content\\\/uploads\\\/2021\\\/07\\\/coronavirus-contamination-algerie.png\",\"contentUrl\":\"https:\\\/\\\/lasentinelle.dz\\\/wp-content\\\/uploads\\\/2021\\\/07\\\/coronavirus-contamination-algerie.png\",\"width\":1600,\"height\":900},{\"@type\":\"BreadcrumbList\",\"@id\":\"https:\\\/\\\/lasentinelle.dz\\\/index.php\\\/2021\\\/08\\\/27\\\/coronavirus-plus-de-447-millions-de-morts\\\/#breadcrumb\",\"itemListElement\":[{\"@type\":\"ListItem\",\"position\":1,\"name\":\"Accueil\",\"item\":\"https:\\\/\\\/lasentinelle.dz\\\/\"},{\"@type\":\"ListItem\",\"position\":2,\"name\":\"Coronavirus : Plus de 4,47 millions de morts\"}]},{\"@type\":\"WebSite\",\"@id\":\"https:\\\/\\\/lasentinelle.dz\\\/#website\",\"url\":\"https:\\\/\\\/lasentinelle.dz\\\/\",\"name\":\"La Sentinelle\",\"description\":\"Quotidien national d&#039;information\",\"publisher\":{\"@id\":\"https:\\\/\\\/lasentinelle.dz\\\/#organization\"},\"potentialAction\":[{\"@type\":\"SearchAction\",\"target\":{\"@type\":\"EntryPoint\",\"urlTemplate\":\"https:\\\/\\\/lasentinelle.dz\\\/?s={search_term_string}\"},\"query-input\":{\"@type\":\"PropertyValueSpecification\",\"valueRequired\":true,\"valueName\":\"search_term_string\"}}],\"inLanguage\":\"fr-FR\"},{\"@type\":\"Organization\",\"@id\":\"https:\\\/\\\/lasentinelle.dz\\\/#organization\",\"name\":\"Quotidien La Sentinelle\",\"url\":\"https:\\\/\\\/lasentinelle.dz\\\/\",\"logo\":{\"@type\":\"ImageObject\",\"inLanguage\":\"fr-FR\",\"@id\":\"https:\\\/\\\/lasentinelle.dz\\\/#\\\/schema\\\/logo\\\/image\\\/\",\"url\":\"https:\\\/\\\/lasentinelle.dz\\\/wp-content\\\/uploads\\\/2021\\\/09\\\/logo-sentinelleSLOGAN-1.png\",\"contentUrl\":\"https:\\\/\\\/lasentinelle.dz\\\/wp-content\\\/uploads\\\/2021\\\/09\\\/logo-sentinelleSLOGAN-1.png\",\"width\":615,\"height\":142,\"caption\":\"Quotidien La Sentinelle\"},\"image\":{\"@id\":\"https:\\\/\\\/lasentinelle.dz\\\/#\\\/schema\\\/logo\\\/image\\\/\"},\"sameAs\":[\"https:\\\/\\\/www.facebook.com\\\/La-Sentinelle-104059864394773\"]},{\"@type\":\"Person\",\"@id\":\"https:\\\/\\\/lasentinelle.dz\\\/#\\\/schema\\\/person\\\/d865044e22e70a75174ce8bcad3acfb3\",\"name\":\"La Sentinelle\",\"image\":{\"@type\":\"ImageObject\",\"inLanguage\":\"fr-FR\",\"@id\":\"https:\\\/\\\/secure.gravatar.com\\\/avatar\\\/57de8e5d4b15d43fb361a71fbb36338450fe67865b528a43dd10ef7c51a20392?s=96&d=mm&r=g\",\"url\":\"https:\\\/\\\/secure.gravatar.com\\\/avatar\\\/57de8e5d4b15d43fb361a71fbb36338450fe67865b528a43dd10ef7c51a20392?s=96&d=mm&r=g\",\"contentUrl\":\"https:\\\/\\\/secure.gravatar.com\\\/avatar\\\/57de8e5d4b15d43fb361a71fbb36338450fe67865b528a43dd10ef7c51a20392?s=96&d=mm&r=g\",\"caption\":\"La Sentinelle\"},\"sameAs\":[\"http:\\\/\\\/www.lasentinelle.dz\"],\"url\":\"https:\\\/\\\/lasentinelle.dz\\\/author\\\/redaction\\\/\"}]}<\/script>\n<!-- \/ Yoast SEO plugin. -->","yoast_head_json":{"title":"Coronavirus : Plus de 4,47 millions de morts - La Sentinelle","robots":{"index":"index","follow":"follow","max-snippet":"max-snippet:-1","max-image-preview":"max-image-preview:large","max-video-preview":"max-video-preview:-1"},"canonical":"https:\/\/lasentinelle.dz\/index.php\/2021\/08\/27\/coronavirus-plus-de-447-millions-de-morts\/","og_locale":"fr_FR","og_type":"article","og_title":"Coronavirus : Plus de 4,47 millions de morts - La Sentinelle","og_description":"La pand\u00e9mie de Covid-19 a fait au moins 4.472.486 morts dans le monde depuis fin d\u00e9cembre 2019, selon un bilan","og_url":"https:\/\/lasentinelle.dz\/index.php\/2021\/08\/27\/coronavirus-plus-de-447-millions-de-morts\/","og_site_name":"La Sentinelle","article_publisher":"https:\/\/www.facebook.com\/La-Sentinelle-104059864394773","article_published_time":"2021-08-27T15:07:09+00:00","article_modified_time":"2021-08-27T15:07:10+00:00","og_image":[{"width":1600,"height":900,"url":"https:\/\/lasentinelle.dz\/wp-content\/uploads\/2021\/07\/coronavirus-contamination-algerie.png","type":"image\/png"}],"author":"La Sentinelle","twitter_card":"summary_large_image","twitter_misc":{"\u00c9crit par":"La Sentinelle","Dur\u00e9e de lecture estim\u00e9e":"3 minutes"},"schema":{"@context":"https:\/\/schema.org","@graph":[{"@type":"Article","@id":"https:\/\/lasentinelle.dz\/index.php\/2021\/08\/27\/coronavirus-plus-de-447-millions-de-morts\/#article","isPartOf":{"@id":"https:\/\/lasentinelle.dz\/index.php\/2021\/08\/27\/coronavirus-plus-de-447-millions-de-morts\/"},"author":{"name":"La Sentinelle","@id":"https:\/\/lasentinelle.dz\/#\/schema\/person\/d865044e22e70a75174ce8bcad3acfb3"},"headline":"Coronavirus : Plus de 4,47 millions de morts","datePublished":"2021-08-27T15:07:09+00:00","dateModified":"2021-08-27T15:07:10+00:00","mainEntityOfPage":{"@id":"https:\/\/lasentinelle.dz\/index.php\/2021\/08\/27\/coronavirus-plus-de-447-millions-de-morts\/"},"wordCount":609,"commentCount":0,"publisher":{"@id":"https:\/\/lasentinelle.dz\/#organization"},"image":{"@id":"https:\/\/lasentinelle.dz\/index.php\/2021\/08\/27\/coronavirus-plus-de-447-millions-de-morts\/#primaryimage"},"thumbnailUrl":"https:\/\/lasentinelle.dz\/wp-content\/uploads\/2021\/07\/coronavirus-contamination-algerie.png","articleSection":["Monde"],"inLanguage":"fr-FR","potentialAction":[{"@type":"CommentAction","name":"Comment","target":["https:\/\/lasentinelle.dz\/index.php\/2021\/08\/27\/coronavirus-plus-de-447-millions-de-morts\/#respond"]}]},{"@type":"WebPage","@id":"https:\/\/lasentinelle.dz\/index.php\/2021\/08\/27\/coronavirus-plus-de-447-millions-de-morts\/","url":"https:\/\/lasentinelle.dz\/index.php\/2021\/08\/27\/coronavirus-plus-de-447-millions-de-morts\/","name":"Coronavirus : Plus de 4,47 millions de morts - La Sentinelle","isPartOf":{"@id":"https:\/\/lasentinelle.dz\/#website"},"primaryImageOfPage":{"@id":"https:\/\/lasentinelle.dz\/index.php\/2021\/08\/27\/coronavirus-plus-de-447-millions-de-morts\/#primaryimage"},"image":{"@id":"https:\/\/lasentinelle.dz\/index.php\/2021\/08\/27\/coronavirus-plus-de-447-millions-de-morts\/#primaryimage"},"thumbnailUrl":"https:\/\/lasentinelle.dz\/wp-content\/uploads\/2021\/07\/coronavirus-contamination-algerie.png","datePublished":"2021-08-27T15:07:09+00:00","dateModified":"2021-08-27T15:07:10+00:00","breadcrumb":{"@id":"https:\/\/lasentinelle.dz\/index.php\/2021\/08\/27\/coronavirus-plus-de-447-millions-de-morts\/#breadcrumb"},"inLanguage":"fr-FR","potentialAction":[{"@type":"ReadAction","target":["https:\/\/lasentinelle.dz\/index.php\/2021\/08\/27\/coronavirus-plus-de-447-millions-de-morts\/"]}]},{"@type":"ImageObject","inLanguage":"fr-FR","@id":"https:\/\/lasentinelle.dz\/index.php\/2021\/08\/27\/coronavirus-plus-de-447-millions-de-morts\/#primaryimage","url":"https:\/\/lasentinelle.dz\/wp-content\/uploads\/2021\/07\/coronavirus-contamination-algerie.png","contentUrl":"https:\/\/lasentinelle.dz\/wp-content\/uploads\/2021\/07\/coronavirus-contamination-algerie.png","width":1600,"height":900},{"@type":"BreadcrumbList","@id":"https:\/\/lasentinelle.dz\/index.php\/2021\/08\/27\/coronavirus-plus-de-447-millions-de-morts\/#breadcrumb","itemListElement":[{"@type":"ListItem","position":1,"name":"Accueil","item":"https:\/\/lasentinelle.dz\/"},{"@type":"ListItem","position":2,"name":"Coronavirus : Plus de 4,47 millions de morts"}]},{"@type":"WebSite","@id":"https:\/\/lasentinelle.dz\/#website","url":"https:\/\/lasentinelle.dz\/","name":"La Sentinelle","description":"Quotidien national d&#039;information","publisher":{"@id":"https:\/\/lasentinelle.dz\/#organization"},"potentialAction":[{"@type":"SearchAction","target":{"@type":"EntryPoint","urlTemplate":"https:\/\/lasentinelle.dz\/?s={search_term_string}"},"query-input":{"@type":"PropertyValueSpecification","valueRequired":true,"valueName":"search_term_string"}}],"inLanguage":"fr-FR"},{"@type":"Organization","@id":"https:\/\/lasentinelle.dz\/#organization","name":"Quotidien La Sentinelle","url":"https:\/\/lasentinelle.dz\/","logo":{"@type":"ImageObject","inLanguage":"fr-FR","@id":"https:\/\/lasentinelle.dz\/#\/schema\/logo\/image\/","url":"https:\/\/lasentinelle.dz\/wp-content\/uploads\/2021\/09\/logo-sentinelleSLOGAN-1.png","contentUrl":"https:\/\/lasentinelle.dz\/wp-content\/uploads\/2021\/09\/logo-sentinelleSLOGAN-1.png","width":615,"height":142,"caption":"Quotidien La Sentinelle"},"image":{"@id":"https:\/\/lasentinelle.dz\/#\/schema\/logo\/image\/"},"sameAs":["https:\/\/www.facebook.com\/La-Sentinelle-104059864394773"]},{"@type":"Person","@id":"https:\/\/lasentinelle.dz\/#\/schema\/person\/d865044e22e70a75174ce8bcad3acfb3","name":"La Sentinelle","image":{"@type":"ImageObject","inLanguage":"fr-FR","@id":"https:\/\/secure.gravatar.com\/avatar\/57de8e5d4b15d43fb361a71fbb36338450fe67865b528a43dd10ef7c51a20392?s=96&d=mm&r=g","url":"https:\/\/secure.gravatar.com\/avatar\/57de8e5d4b15d43fb361a71fbb36338450fe67865b528a43dd10ef7c51a20392?s=96&d=mm&r=g","contentUrl":"https:\/\/secure.gravatar.com\/avatar\/57de8e5d4b15d43fb361a71fbb36338450fe67865b528a43dd10ef7c51a20392?s=96&d=mm&r=g","caption":"La Sentinelle"},"sameAs":["http:\/\/www.lasentinelle.dz"],"url":"https:\/\/lasentinelle.dz\/author\/redaction\/"}]}},"_links":{"self":[{"href":"https:\/\/lasentinelle.dz\/index.php\/wp-json\/wp\/v2\/posts\/5533","targetHints":{"allow":["GET"]}}],"collection":[{"href":"https:\/\/lasentinelle.dz\/index.php\/wp-json\/wp\/v2\/posts"}],"about":[{"href":"https:\/\/lasentinelle.dz\/index.php\/wp-json\/wp\/v2\/types\/post"}],"author":[{"embeddable":true,"href":"https:\/\/lasentinelle.dz\/index.php\/wp-json\/wp\/v2\/users\/3"}],"replies":[{"embeddable":true,"href":"https:\/\/lasentinelle.dz\/index.php\/wp-json\/wp\/v2\/comments?post=5533"}],"version-history":[{"count":1,"href":"https:\/\/lasentinelle.dz\/index.php\/wp-json\/wp\/v2\/posts\/5533\/revisions"}],"predecessor-version":[{"id":5539,"href":"https:\/\/lasentinelle.dz\/index.php\/wp-json\/wp\/v2\/posts\/5533\/revisions\/5539"}],"wp:featuredmedia":[{"embeddable":true,"href":"https:\/\/lasentinelle.dz\/index.php\/wp-json\/wp\/v2\/media\/1501"}],"wp:attachment":[{"href":"https:\/\/lasentinelle.dz\/index.php\/wp-json\/wp\/v2\/media?parent=5533"}],"wp:term":[{"taxonomy":"category","embeddable":true,"href":"https:\/\/lasentinelle.dz\/index.php\/wp-json\/wp\/v2\/categories?post=5533"},{"taxonomy":"post_tag","embeddable":true,"href":"https:\/\/lasentinelle.dz\/index.php\/wp-json\/wp\/v2\/tags?post=5533"}],"curies":[{"name":"wp","href":"https:\/\/api.w.org\/{rel}","templated":true}]}}