{"id":55334,"date":"2024-08-06T13:18:39","date_gmt":"2024-08-06T12:18:39","guid":{"rendered":"https:\/\/lasentinelle.dz\/?p=55334"},"modified":"2024-08-06T13:18:40","modified_gmt":"2024-08-06T12:18:40","slug":"equipe-nationale-deux-nouvelles-recrues-pour-les-verts","status":"publish","type":"post","link":"https:\/\/lasentinelle.dz\/index.php\/2024\/08\/06\/equipe-nationale-deux-nouvelles-recrues-pour-les-verts\/","title":{"rendered":"\u00c9quipe nationale: Deux nouvelles recrues pour les Verts ?"},"content":{"rendered":"\n<p>L&rsquo;\u00e9quipe nationale de football s&rsquo;appr\u00eate \u00e0 accueillir deux nouvelles recrues prometteuses en septembre : Adil Aouchiche et Mohamed Farsi. Ces deux joueurs binationaux, aux parcours diff\u00e9rents mais compl\u00e9mentaires, pourraient apporter un souffle nouveau aux Fennecs.<\/p>\n\n\n\n<p>Le service multim\u00e9dia de la Radio alg\u00e9rienne a annonc\u00e9 hier que le s\u00e9lectionneur national Vladimir Petkovic s&rsquo;appr\u00eate \u00e0 accueillir deux nouvelles recrues dans son effectif. Adil Aouchiche, milieu de terrain de 22 ans \u00e9voluant \u00e0 Sunderland en Angleterre, a finalis\u00e9 les proc\u00e9dures de changement de nationalit\u00e9 sportive aupr\u00e8s de la FIFA, souligne la m\u00eame source. Form\u00e9 au Paris Saint-Germain et pass\u00e9 par les \u00e9quipes de jeunes fran\u00e7aises, il a choisi de repr\u00e9senter l&rsquo;Alg\u00e9rie au niveau international. Son talent et sa polyvalence en font un renfort de choix pour le milieu de terrain alg\u00e9rien. Mohamed Farsi, quant \u00e0 lui, est un lat\u00e9ral ou milieu droit de 24 ans jouant pour Columbus Crew en Major League Soccer (MLS) aux \u00c9tats-Unis. N\u00e9 au Qu\u00e9bec et ancien international espoir canadien, il a bri\u00e8vement \u00e9volu\u00e9 en Alg\u00e9rie avec l&rsquo;AS A\u00efn M&rsquo;lila en 2019\/2020, sans toutefois disputer de match officiel. Apr\u00e8s un passage r\u00e9ussi en Canadian Premier League, il s&rsquo;est impos\u00e9 en MLS, disputant 52 matchs et inscrivant 3 buts en deux saisons. Farsi est \u00e9galement en phase finale de changement de nationalit\u00e9 sportive, ayant soumis tous les documents n\u00e9cessaires \u00e0 la FIFA. Ces deux joueurs pourraient faire leurs d\u00e9buts avec les Verts d\u00e8s le prochain stage de septembre (du 2 au 10), sous r\u00e9serve de la d\u00e9cision du s\u00e9lectionneur national Vladimir Petkovic. L&rsquo;\u00e9quipe alg\u00e9rienne affrontera la Guin\u00e9e \u00e9quatoriale le 5 septembre \u00e0 Oran, puis le Liberia le 10 septembre \u00e0 Monrovia, dans le cadre des \u00e9liminatoires de la CAN 2025.<\/p>\n\n\n\n<p>L&rsquo;arriv\u00e9e d&rsquo;Aouchiche et Farsi pourrait pallier certaines lacunes de l&rsquo;effectif alg\u00e9rien. Leur polyvalence sera un atout majeur, notamment pour compenser les performances fluctuantes de certains milieux de terrain et l&rsquo;indisponibilit\u00e9 de joueurs comme Youcef Atal et Kevin Guitoun sur le flanc droit.<\/p>\n\n\n\n<p>Pour Farsi, le choix de repr\u00e9senter l&rsquo;Alg\u00e9rie est le fruit d&rsquo;une r\u00e9flexion profonde. \u00ab\u00a0L&rsquo;Alg\u00e9rie est mon choix num\u00e9ro un, c&rsquo;est mon choix de c\u0153ur que je voudrais repr\u00e9senter. \u00c7a a \u00e9t\u00e9 dur de trancher, \u00e7a a pris du temps\u00a0\u00bb, confiait-il en mars dernier. Sa rapidit\u00e9 et sa polyvalence pourraient faire de lui un \u00e9l\u00e9ment important de la s\u00e9lection alg\u00e9rienne dans les ann\u00e9es \u00e0 venir.<\/p>\n\n\n\n<p>Ces deux recrues s&rsquo;inscrivent dans une strat\u00e9gie de renforcement de l&rsquo;\u00e9quipe nationale alg\u00e9rienne, visant \u00e0 int\u00e9grer des talents binationaux prometteurs. Leur arriv\u00e9e pourrait insuffler une nouvelle dynamique aux Fennecs.<\/p>\n\n\n\n<p>L&rsquo;int\u00e9gration d&rsquo;Aouchiche et Farsi sera scrut\u00e9e de pr\u00e8s par les supporters alg\u00e9riens, qui esp\u00e8rent voir leur \u00e9quipe nationale retrouver les sommets du football africain. Leur adaptation au style de jeu et \u00e0 l&rsquo;ambiance de la s\u00e9lection sera cruciale pour leur r\u00e9ussite et celle de l&rsquo;\u00e9quipe.<\/p>\n\n\n\n<p><strong>R.S.<\/strong><\/p>\n","protected":false},"excerpt":{"rendered":"<p>L&rsquo;\u00e9quipe nationale de football s&rsquo;appr\u00eate \u00e0 accueillir deux nouvelles recrues prometteuses en septembre : Adil Aouchiche et Mohamed Farsi. Ces<\/p>\n","protected":false},"author":3,"featured_media":55335,"comment_status":"open","ping_status":"closed","sticky":false,"template":"","format":"standard","meta":{"colormag_page_container_layout":"default_layout","colormag_page_sidebar_layout":"default_layout","om_disable_all_campaigns":false,"_monsterinsights_skip_tracking":false,"_monsterinsights_sitenote_active":false,"_monsterinsights_sitenote_note":"","_monsterinsights_sitenote_category":0,"footnotes":"","_wpscppro_dont_share_socialmedia":false,"_wpscppro_custom_social_share_image":0,"_facebook_share_type":"default","_twitter_share_type":"default","_linkedin_share_type":"default","_pinterest_share_type":"default","_linkedin_share_type_page":"","_instagram_share_type":"default","_medium_share_type":"","_threads_share_type":"","_google_business_share_type":"","_selected_social_profile":[],"_wpsp_enable_custom_social_template":false,"_wpsp_social_scheduling":{"enabled":false,"datetime":null,"platforms":[],"status":"template_only","dateOption":"today","timeOption":"now","customDays":"","customHours":"","customDate":"","customTime":"","schedulingType":"absolute"},"_wpsp_active_default_template":true},"categories":[33],"tags":[],"class_list":["post-55334","post","type-post","status-publish","format-standard","has-post-thumbnail","hentry","category-sports"],"aioseo_notices":[],"yoast_head":"<!-- This site is optimized with the Yoast SEO plugin v27.5 - https:\/\/yoast.com\/product\/yoast-seo-wordpress\/ -->\n<title>\u00c9quipe nationale: Deux nouvelles recrues pour les Verts ? - La Sentinelle<\/title>\n<meta name=\"robots\" content=\"index, follow, max-snippet:-1, max-image-preview:large, max-video-preview:-1\" \/>\n<link rel=\"canonical\" href=\"https:\/\/lasentinelle.dz\/index.php\/2024\/08\/06\/equipe-nationale-deux-nouvelles-recrues-pour-les-verts\/\" \/>\n<meta property=\"og:locale\" content=\"fr_FR\" \/>\n<meta property=\"og:type\" content=\"article\" \/>\n<meta property=\"og:title\" content=\"\u00c9quipe nationale: Deux nouvelles recrues pour les Verts ? - La Sentinelle\" \/>\n<meta property=\"og:description\" content=\"L&rsquo;\u00e9quipe nationale de football s&rsquo;appr\u00eate \u00e0 accueillir deux nouvelles recrues prometteuses en septembre : Adil Aouchiche et Mohamed Farsi. Ces\" \/>\n<meta property=\"og:url\" content=\"https:\/\/lasentinelle.dz\/index.php\/2024\/08\/06\/equipe-nationale-deux-nouvelles-recrues-pour-les-verts\/\" \/>\n<meta property=\"og:site_name\" content=\"La Sentinelle\" \/>\n<meta property=\"article:publisher\" content=\"https:\/\/www.facebook.com\/La-Sentinelle-104059864394773\" \/>\n<meta property=\"article:published_time\" content=\"2024-08-06T12:18:39+00:00\" \/>\n<meta property=\"article:modified_time\" content=\"2024-08-06T12:18:40+00:00\" \/>\n<meta property=\"og:image\" content=\"https:\/\/lasentinelle.dz\/wp-content\/uploads\/2024\/08\/joueurs.webp\" \/>\n\t<meta property=\"og:image:width\" content=\"900\" \/>\n\t<meta property=\"og:image:height\" content=\"675\" \/>\n\t<meta property=\"og:image:type\" content=\"image\/webp\" \/>\n<meta name=\"author\" content=\"La Sentinelle\" \/>\n<meta name=\"twitter:card\" content=\"summary_large_image\" \/>\n<meta name=\"twitter:label1\" content=\"\u00c9crit par\" \/>\n\t<meta name=\"twitter:data1\" content=\"La Sentinelle\" \/>\n\t<meta name=\"twitter:label2\" content=\"Dur\u00e9e de lecture estim\u00e9e\" \/>\n\t<meta name=\"twitter:data2\" content=\"3 minutes\" \/>\n<script type=\"application\/ld+json\" class=\"yoast-schema-graph\">{\"@context\":\"https:\\\/\\\/schema.org\",\"@graph\":[{\"@type\":\"Article\",\"@id\":\"https:\\\/\\\/lasentinelle.dz\\\/index.php\\\/2024\\\/08\\\/06\\\/equipe-nationale-deux-nouvelles-recrues-pour-les-verts\\\/#article\",\"isPartOf\":{\"@id\":\"https:\\\/\\\/lasentinelle.dz\\\/index.php\\\/2024\\\/08\\\/06\\\/equipe-nationale-deux-nouvelles-recrues-pour-les-verts\\\/\"},\"author\":{\"name\":\"La Sentinelle\",\"@id\":\"https:\\\/\\\/lasentinelle.dz\\\/#\\\/schema\\\/person\\\/d865044e22e70a75174ce8bcad3acfb3\"},\"headline\":\"\u00c9quipe nationale: Deux nouvelles recrues pour les Verts ?\",\"datePublished\":\"2024-08-06T12:18:39+00:00\",\"dateModified\":\"2024-08-06T12:18:40+00:00\",\"mainEntityOfPage\":{\"@id\":\"https:\\\/\\\/lasentinelle.dz\\\/index.php\\\/2024\\\/08\\\/06\\\/equipe-nationale-deux-nouvelles-recrues-pour-les-verts\\\/\"},\"wordCount\":524,\"commentCount\":0,\"publisher\":{\"@id\":\"https:\\\/\\\/lasentinelle.dz\\\/#organization\"},\"image\":{\"@id\":\"https:\\\/\\\/lasentinelle.dz\\\/index.php\\\/2024\\\/08\\\/06\\\/equipe-nationale-deux-nouvelles-recrues-pour-les-verts\\\/#primaryimage\"},\"thumbnailUrl\":\"https:\\\/\\\/lasentinelle.dz\\\/wp-content\\\/uploads\\\/2024\\\/08\\\/joueurs.webp\",\"articleSection\":[\"Sports\"],\"inLanguage\":\"fr-FR\",\"potentialAction\":[{\"@type\":\"CommentAction\",\"name\":\"Comment\",\"target\":[\"https:\\\/\\\/lasentinelle.dz\\\/index.php\\\/2024\\\/08\\\/06\\\/equipe-nationale-deux-nouvelles-recrues-pour-les-verts\\\/#respond\"]}]},{\"@type\":\"WebPage\",\"@id\":\"https:\\\/\\\/lasentinelle.dz\\\/index.php\\\/2024\\\/08\\\/06\\\/equipe-nationale-deux-nouvelles-recrues-pour-les-verts\\\/\",\"url\":\"https:\\\/\\\/lasentinelle.dz\\\/index.php\\\/2024\\\/08\\\/06\\\/equipe-nationale-deux-nouvelles-recrues-pour-les-verts\\\/\",\"name\":\"\u00c9quipe nationale: Deux nouvelles recrues pour les Verts ? - La Sentinelle\",\"isPartOf\":{\"@id\":\"https:\\\/\\\/lasentinelle.dz\\\/#website\"},\"primaryImageOfPage\":{\"@id\":\"https:\\\/\\\/lasentinelle.dz\\\/index.php\\\/2024\\\/08\\\/06\\\/equipe-nationale-deux-nouvelles-recrues-pour-les-verts\\\/#primaryimage\"},\"image\":{\"@id\":\"https:\\\/\\\/lasentinelle.dz\\\/index.php\\\/2024\\\/08\\\/06\\\/equipe-nationale-deux-nouvelles-recrues-pour-les-verts\\\/#primaryimage\"},\"thumbnailUrl\":\"https:\\\/\\\/lasentinelle.dz\\\/wp-content\\\/uploads\\\/2024\\\/08\\\/joueurs.webp\",\"datePublished\":\"2024-08-06T12:18:39+00:00\",\"dateModified\":\"2024-08-06T12:18:40+00:00\",\"breadcrumb\":{\"@id\":\"https:\\\/\\\/lasentinelle.dz\\\/index.php\\\/2024\\\/08\\\/06\\\/equipe-nationale-deux-nouvelles-recrues-pour-les-verts\\\/#breadcrumb\"},\"inLanguage\":\"fr-FR\",\"potentialAction\":[{\"@type\":\"ReadAction\",\"target\":[\"https:\\\/\\\/lasentinelle.dz\\\/index.php\\\/2024\\\/08\\\/06\\\/equipe-nationale-deux-nouvelles-recrues-pour-les-verts\\\/\"]}]},{\"@type\":\"ImageObject\",\"inLanguage\":\"fr-FR\",\"@id\":\"https:\\\/\\\/lasentinelle.dz\\\/index.php\\\/2024\\\/08\\\/06\\\/equipe-nationale-deux-nouvelles-recrues-pour-les-verts\\\/#primaryimage\",\"url\":\"https:\\\/\\\/lasentinelle.dz\\\/wp-content\\\/uploads\\\/2024\\\/08\\\/joueurs.webp\",\"contentUrl\":\"https:\\\/\\\/lasentinelle.dz\\\/wp-content\\\/uploads\\\/2024\\\/08\\\/joueurs.webp\",\"width\":900,\"height\":675},{\"@type\":\"BreadcrumbList\",\"@id\":\"https:\\\/\\\/lasentinelle.dz\\\/index.php\\\/2024\\\/08\\\/06\\\/equipe-nationale-deux-nouvelles-recrues-pour-les-verts\\\/#breadcrumb\",\"itemListElement\":[{\"@type\":\"ListItem\",\"position\":1,\"name\":\"Accueil\",\"item\":\"https:\\\/\\\/lasentinelle.dz\\\/\"},{\"@type\":\"ListItem\",\"position\":2,\"name\":\"\u00c9quipe nationale: Deux nouvelles recrues pour les Verts ?\"}]},{\"@type\":\"WebSite\",\"@id\":\"https:\\\/\\\/lasentinelle.dz\\\/#website\",\"url\":\"https:\\\/\\\/lasentinelle.dz\\\/\",\"name\":\"La Sentinelle\",\"description\":\"Quotidien national d&#039;information\",\"publisher\":{\"@id\":\"https:\\\/\\\/lasentinelle.dz\\\/#organization\"},\"potentialAction\":[{\"@type\":\"SearchAction\",\"target\":{\"@type\":\"EntryPoint\",\"urlTemplate\":\"https:\\\/\\\/lasentinelle.dz\\\/?s={search_term_string}\"},\"query-input\":{\"@type\":\"PropertyValueSpecification\",\"valueRequired\":true,\"valueName\":\"search_term_string\"}}],\"inLanguage\":\"fr-FR\"},{\"@type\":\"Organization\",\"@id\":\"https:\\\/\\\/lasentinelle.dz\\\/#organization\",\"name\":\"Quotidien La Sentinelle\",\"url\":\"https:\\\/\\\/lasentinelle.dz\\\/\",\"logo\":{\"@type\":\"ImageObject\",\"inLanguage\":\"fr-FR\",\"@id\":\"https:\\\/\\\/lasentinelle.dz\\\/#\\\/schema\\\/logo\\\/image\\\/\",\"url\":\"https:\\\/\\\/lasentinelle.dz\\\/wp-content\\\/uploads\\\/2021\\\/09\\\/logo-sentinelleSLOGAN-1.png\",\"contentUrl\":\"https:\\\/\\\/lasentinelle.dz\\\/wp-content\\\/uploads\\\/2021\\\/09\\\/logo-sentinelleSLOGAN-1.png\",\"width\":615,\"height\":142,\"caption\":\"Quotidien La Sentinelle\"},\"image\":{\"@id\":\"https:\\\/\\\/lasentinelle.dz\\\/#\\\/schema\\\/logo\\\/image\\\/\"},\"sameAs\":[\"https:\\\/\\\/www.facebook.com\\\/La-Sentinelle-104059864394773\"]},{\"@type\":\"Person\",\"@id\":\"https:\\\/\\\/lasentinelle.dz\\\/#\\\/schema\\\/person\\\/d865044e22e70a75174ce8bcad3acfb3\",\"name\":\"La Sentinelle\",\"image\":{\"@type\":\"ImageObject\",\"inLanguage\":\"fr-FR\",\"@id\":\"https:\\\/\\\/secure.gravatar.com\\\/avatar\\\/57de8e5d4b15d43fb361a71fbb36338450fe67865b528a43dd10ef7c51a20392?s=96&d=mm&r=g\",\"url\":\"https:\\\/\\\/secure.gravatar.com\\\/avatar\\\/57de8e5d4b15d43fb361a71fbb36338450fe67865b528a43dd10ef7c51a20392?s=96&d=mm&r=g\",\"contentUrl\":\"https:\\\/\\\/secure.gravatar.com\\\/avatar\\\/57de8e5d4b15d43fb361a71fbb36338450fe67865b528a43dd10ef7c51a20392?s=96&d=mm&r=g\",\"caption\":\"La Sentinelle\"},\"sameAs\":[\"http:\\\/\\\/www.lasentinelle.dz\"],\"url\":\"https:\\\/\\\/lasentinelle.dz\\\/author\\\/redaction\\\/\"}]}<\/script>\n<!-- \/ Yoast SEO plugin. -->","yoast_head_json":{"title":"\u00c9quipe nationale: Deux nouvelles recrues pour les Verts ? - La Sentinelle","robots":{"index":"index","follow":"follow","max-snippet":"max-snippet:-1","max-image-preview":"max-image-preview:large","max-video-preview":"max-video-preview:-1"},"canonical":"https:\/\/lasentinelle.dz\/index.php\/2024\/08\/06\/equipe-nationale-deux-nouvelles-recrues-pour-les-verts\/","og_locale":"fr_FR","og_type":"article","og_title":"\u00c9quipe nationale: Deux nouvelles recrues pour les Verts ? - La Sentinelle","og_description":"L&rsquo;\u00e9quipe nationale de football s&rsquo;appr\u00eate \u00e0 accueillir deux nouvelles recrues prometteuses en septembre : Adil Aouchiche et Mohamed Farsi. Ces","og_url":"https:\/\/lasentinelle.dz\/index.php\/2024\/08\/06\/equipe-nationale-deux-nouvelles-recrues-pour-les-verts\/","og_site_name":"La Sentinelle","article_publisher":"https:\/\/www.facebook.com\/La-Sentinelle-104059864394773","article_published_time":"2024-08-06T12:18:39+00:00","article_modified_time":"2024-08-06T12:18:40+00:00","og_image":[{"width":900,"height":675,"url":"https:\/\/lasentinelle.dz\/wp-content\/uploads\/2024\/08\/joueurs.webp","type":"image\/webp"}],"author":"La Sentinelle","twitter_card":"summary_large_image","twitter_misc":{"\u00c9crit par":"La Sentinelle","Dur\u00e9e de lecture estim\u00e9e":"3 minutes"},"schema":{"@context":"https:\/\/schema.org","@graph":[{"@type":"Article","@id":"https:\/\/lasentinelle.dz\/index.php\/2024\/08\/06\/equipe-nationale-deux-nouvelles-recrues-pour-les-verts\/#article","isPartOf":{"@id":"https:\/\/lasentinelle.dz\/index.php\/2024\/08\/06\/equipe-nationale-deux-nouvelles-recrues-pour-les-verts\/"},"author":{"name":"La Sentinelle","@id":"https:\/\/lasentinelle.dz\/#\/schema\/person\/d865044e22e70a75174ce8bcad3acfb3"},"headline":"\u00c9quipe nationale: Deux nouvelles recrues pour les Verts ?","datePublished":"2024-08-06T12:18:39+00:00","dateModified":"2024-08-06T12:18:40+00:00","mainEntityOfPage":{"@id":"https:\/\/lasentinelle.dz\/index.php\/2024\/08\/06\/equipe-nationale-deux-nouvelles-recrues-pour-les-verts\/"},"wordCount":524,"commentCount":0,"publisher":{"@id":"https:\/\/lasentinelle.dz\/#organization"},"image":{"@id":"https:\/\/lasentinelle.dz\/index.php\/2024\/08\/06\/equipe-nationale-deux-nouvelles-recrues-pour-les-verts\/#primaryimage"},"thumbnailUrl":"https:\/\/lasentinelle.dz\/wp-content\/uploads\/2024\/08\/joueurs.webp","articleSection":["Sports"],"inLanguage":"fr-FR","potentialAction":[{"@type":"CommentAction","name":"Comment","target":["https:\/\/lasentinelle.dz\/index.php\/2024\/08\/06\/equipe-nationale-deux-nouvelles-recrues-pour-les-verts\/#respond"]}]},{"@type":"WebPage","@id":"https:\/\/lasentinelle.dz\/index.php\/2024\/08\/06\/equipe-nationale-deux-nouvelles-recrues-pour-les-verts\/","url":"https:\/\/lasentinelle.dz\/index.php\/2024\/08\/06\/equipe-nationale-deux-nouvelles-recrues-pour-les-verts\/","name":"\u00c9quipe nationale: Deux nouvelles recrues pour les Verts ? - La Sentinelle","isPartOf":{"@id":"https:\/\/lasentinelle.dz\/#website"},"primaryImageOfPage":{"@id":"https:\/\/lasentinelle.dz\/index.php\/2024\/08\/06\/equipe-nationale-deux-nouvelles-recrues-pour-les-verts\/#primaryimage"},"image":{"@id":"https:\/\/lasentinelle.dz\/index.php\/2024\/08\/06\/equipe-nationale-deux-nouvelles-recrues-pour-les-verts\/#primaryimage"},"thumbnailUrl":"https:\/\/lasentinelle.dz\/wp-content\/uploads\/2024\/08\/joueurs.webp","datePublished":"2024-08-06T12:18:39+00:00","dateModified":"2024-08-06T12:18:40+00:00","breadcrumb":{"@id":"https:\/\/lasentinelle.dz\/index.php\/2024\/08\/06\/equipe-nationale-deux-nouvelles-recrues-pour-les-verts\/#breadcrumb"},"inLanguage":"fr-FR","potentialAction":[{"@type":"ReadAction","target":["https:\/\/lasentinelle.dz\/index.php\/2024\/08\/06\/equipe-nationale-deux-nouvelles-recrues-pour-les-verts\/"]}]},{"@type":"ImageObject","inLanguage":"fr-FR","@id":"https:\/\/lasentinelle.dz\/index.php\/2024\/08\/06\/equipe-nationale-deux-nouvelles-recrues-pour-les-verts\/#primaryimage","url":"https:\/\/lasentinelle.dz\/wp-content\/uploads\/2024\/08\/joueurs.webp","contentUrl":"https:\/\/lasentinelle.dz\/wp-content\/uploads\/2024\/08\/joueurs.webp","width":900,"height":675},{"@type":"BreadcrumbList","@id":"https:\/\/lasentinelle.dz\/index.php\/2024\/08\/06\/equipe-nationale-deux-nouvelles-recrues-pour-les-verts\/#breadcrumb","itemListElement":[{"@type":"ListItem","position":1,"name":"Accueil","item":"https:\/\/lasentinelle.dz\/"},{"@type":"ListItem","position":2,"name":"\u00c9quipe nationale: Deux nouvelles recrues pour les Verts ?"}]},{"@type":"WebSite","@id":"https:\/\/lasentinelle.dz\/#website","url":"https:\/\/lasentinelle.dz\/","name":"La Sentinelle","description":"Quotidien national d&#039;information","publisher":{"@id":"https:\/\/lasentinelle.dz\/#organization"},"potentialAction":[{"@type":"SearchAction","target":{"@type":"EntryPoint","urlTemplate":"https:\/\/lasentinelle.dz\/?s={search_term_string}"},"query-input":{"@type":"PropertyValueSpecification","valueRequired":true,"valueName":"search_term_string"}}],"inLanguage":"fr-FR"},{"@type":"Organization","@id":"https:\/\/lasentinelle.dz\/#organization","name":"Quotidien La Sentinelle","url":"https:\/\/lasentinelle.dz\/","logo":{"@type":"ImageObject","inLanguage":"fr-FR","@id":"https:\/\/lasentinelle.dz\/#\/schema\/logo\/image\/","url":"https:\/\/lasentinelle.dz\/wp-content\/uploads\/2021\/09\/logo-sentinelleSLOGAN-1.png","contentUrl":"https:\/\/lasentinelle.dz\/wp-content\/uploads\/2021\/09\/logo-sentinelleSLOGAN-1.png","width":615,"height":142,"caption":"Quotidien La Sentinelle"},"image":{"@id":"https:\/\/lasentinelle.dz\/#\/schema\/logo\/image\/"},"sameAs":["https:\/\/www.facebook.com\/La-Sentinelle-104059864394773"]},{"@type":"Person","@id":"https:\/\/lasentinelle.dz\/#\/schema\/person\/d865044e22e70a75174ce8bcad3acfb3","name":"La Sentinelle","image":{"@type":"ImageObject","inLanguage":"fr-FR","@id":"https:\/\/secure.gravatar.com\/avatar\/57de8e5d4b15d43fb361a71fbb36338450fe67865b528a43dd10ef7c51a20392?s=96&d=mm&r=g","url":"https:\/\/secure.gravatar.com\/avatar\/57de8e5d4b15d43fb361a71fbb36338450fe67865b528a43dd10ef7c51a20392?s=96&d=mm&r=g","contentUrl":"https:\/\/secure.gravatar.com\/avatar\/57de8e5d4b15d43fb361a71fbb36338450fe67865b528a43dd10ef7c51a20392?s=96&d=mm&r=g","caption":"La Sentinelle"},"sameAs":["http:\/\/www.lasentinelle.dz"],"url":"https:\/\/lasentinelle.dz\/author\/redaction\/"}]}},"_links":{"self":[{"href":"https:\/\/lasentinelle.dz\/index.php\/wp-json\/wp\/v2\/posts\/55334","targetHints":{"allow":["GET"]}}],"collection":[{"href":"https:\/\/lasentinelle.dz\/index.php\/wp-json\/wp\/v2\/posts"}],"about":[{"href":"https:\/\/lasentinelle.dz\/index.php\/wp-json\/wp\/v2\/types\/post"}],"author":[{"embeddable":true,"href":"https:\/\/lasentinelle.dz\/index.php\/wp-json\/wp\/v2\/users\/3"}],"replies":[{"embeddable":true,"href":"https:\/\/lasentinelle.dz\/index.php\/wp-json\/wp\/v2\/comments?post=55334"}],"version-history":[{"count":1,"href":"https:\/\/lasentinelle.dz\/index.php\/wp-json\/wp\/v2\/posts\/55334\/revisions"}],"predecessor-version":[{"id":55336,"href":"https:\/\/lasentinelle.dz\/index.php\/wp-json\/wp\/v2\/posts\/55334\/revisions\/55336"}],"wp:featuredmedia":[{"embeddable":true,"href":"https:\/\/lasentinelle.dz\/index.php\/wp-json\/wp\/v2\/media\/55335"}],"wp:attachment":[{"href":"https:\/\/lasentinelle.dz\/index.php\/wp-json\/wp\/v2\/media?parent=55334"}],"wp:term":[{"taxonomy":"category","embeddable":true,"href":"https:\/\/lasentinelle.dz\/index.php\/wp-json\/wp\/v2\/categories?post=55334"},{"taxonomy":"post_tag","embeddable":true,"href":"https:\/\/lasentinelle.dz\/index.php\/wp-json\/wp\/v2\/tags?post=55334"}],"curies":[{"name":"wp","href":"https:\/\/api.w.org\/{rel}","templated":true}]}}