{"id":55389,"date":"2024-08-07T13:08:19","date_gmt":"2024-08-07T12:08:19","guid":{"rendered":"https:\/\/lasentinelle.dz\/?p=55389"},"modified":"2024-08-07T13:08:19","modified_gmt":"2024-08-07T12:08:19","slug":"niger-larmee-americaine-a-acheve-son-retrait","status":"publish","type":"post","link":"https:\/\/lasentinelle.dz\/index.php\/2024\/08\/07\/niger-larmee-americaine-a-acheve-son-retrait\/","title":{"rendered":"Niger: L\u2019arm\u00e9e am\u00e9ricaine a achev\u00e9 son retrait"},"content":{"rendered":"\n<p class=\"wp-block-paragraph\">L\u2019arm\u00e9e am\u00e9ricaine a ferm\u00e9 sa derni\u00e8re base au Niger, lundi, conform\u00e9ment aux exigences de Niamey. Apr\u00e8s le d\u00e9part de pr\u00e8s de 800&nbsp;soldats de la base de Niamey, au d\u00e9but de juillet, il ne restait dans le pays que quelque 200&nbsp;\u00e9l\u00e9ments am\u00e9ricains, log\u00e9s dans cette importante base situ\u00e9e \u00e0 Agadez (Nord). \u00ab&nbsp;Le retrait des forces et du mat\u00e9riel am\u00e9ricains de la base a\u00e9rienne&nbsp;201 \u00e0 Agadez est achev\u00e9&nbsp;\u00bb, a d\u00e9clar\u00e9 dans un communiqu\u00e9 le commandement militaire am\u00e9ricain pour l\u2019Afrique (Africom), qui ajoute que \u00ab&nbsp;la coordination se poursuivra entre les forces arm\u00e9es am\u00e9ricaines et nig\u00e9riennes au cours des prochaines semaines afin de s\u2019assurer que le retrait total s\u2019effectue comme pr\u00e9vu&nbsp;\u00bb. \u00ab&nbsp;Une vingtaine de personnes sont encore pr\u00e9sentes au Niger&nbsp;\u00bb, a d\u00e9clar\u00e9 lundi Sabrina Singh, porte-parole adjointe du Pentagone. Le personnel restant se trouve dans l\u2019ambassade des Etats-Unis, \u00e0 Niamey, pour \u00ab&nbsp;pr\u00e9parer la fin du retrait&nbsp;\u00bb, a-t-elle ajout\u00e9. \u00ab&nbsp;Ce retrait s\u2019est achev\u00e9 [lundi] par une c\u00e9r\u00e9monie de transfert des installations en pr\u00e9sence d\u2019officiels des deux pays&nbsp;\u00bb, a d\u00e9clar\u00e9 le chef d\u2019\u00e9tat-major de l\u2019arm\u00e9e de terre nig\u00e9rienne, le colonel-major Mamane Sani Kiaou. \u00ab&nbsp;Ce retrait ne signifie pas la fin de la coop\u00e9ration militaire entre les deux pays&nbsp;\u00bb, a-t-il poursuivi. Le retrait des troupes am\u00e9ricaines du Niger a d\u00e9but\u00e9 en mai, suite \u00e0 la d\u00e9nonciation par Niamey, en mars, de l\u2019accord de coop\u00e9ration militaire avec les Etats-Unis, jug\u00e9 \u00ab&nbsp;ill\u00e9gal&nbsp;\u00bb. A la fin de juillet, le g\u00e9n\u00e9ral de l\u2019Africom Kenneth Ekman avait annonc\u00e9 que les op\u00e9rations seraient achev\u00e9es au d\u00e9but d\u2019ao\u00fbt, en avance sur le calendrier qui visait un d\u00e9part au 15&nbsp;septembre. Le retrait de l\u2019arm\u00e9e am\u00e9ricaine s\u2019effectue par voie a\u00e9rienne, tandis que certains convois de militaires fran\u00e7ais avaient d\u00fb quitter le pays par voie terrestre jusqu\u2019au Tchad.<\/p>\n\n\n\n<p class=\"wp-block-paragraph\">R.I. avec agences<\/p>\n","protected":false},"excerpt":{"rendered":"<p>L\u2019arm\u00e9e am\u00e9ricaine a ferm\u00e9 sa derni\u00e8re base au Niger, lundi, conform\u00e9ment aux exigences de Niamey. Apr\u00e8s le d\u00e9part de pr\u00e8s<\/p>\n","protected":false},"author":3,"featured_media":54176,"comment_status":"open","ping_status":"closed","sticky":false,"template":"","format":"standard","meta":{"colormag_page_container_layout":"default_layout","colormag_page_sidebar_layout":"default_layout","om_disable_all_campaigns":false,"_monsterinsights_skip_tracking":false,"footnotes":"","_wpscppro_dont_share_socialmedia":false,"_wpscppro_custom_social_share_image":0,"_facebook_share_type":"default","_twitter_share_type":"default","_linkedin_share_type":"default","_pinterest_share_type":"default","_linkedin_share_type_page":"","_instagram_share_type":"default","_medium_share_type":"","_threads_share_type":"","_google_business_share_type":"","_bluesky_share_type":"","_mastodon_share_type":"","_selected_social_profile":[],"_wpsp_enable_custom_social_template":false,"_wpsp_social_scheduling":{"enabled":false,"datetime":null,"platforms":[],"status":"template_only","dateOption":"today","timeOption":"now","customDays":"","customHours":"","customDate":"","customTime":"","schedulingType":"absolute"},"_wpsp_active_default_template":true},"categories":[37],"tags":[],"class_list":["post-55389","post","type-post","status-publish","format-standard","has-post-thumbnail","hentry","category-monde"],"aioseo_notices":[],"aioseo_head":"\n\t\t<!-- All in One SEO 5.0.0.1 - aioseo.com -->\n\t<meta name=\"description\" content=\"L\u2019arm\u00e9e am\u00e9ricaine a ferm\u00e9 sa derni\u00e8re base au Niger, lundi, conform\u00e9ment aux exigences de Niamey. Apr\u00e8s le d\u00e9part de pr\u00e8s de 800 soldats de la base de Niamey, au d\u00e9but de juillet, il ne restait dans le pays que quelque 200 \u00e9l\u00e9ments am\u00e9ricains, log\u00e9s dans cette importante base situ\u00e9e \u00e0 Agadez (Nord). \u00ab Le retrait des forces et\" \/>\n\t<meta name=\"robots\" content=\"max-image-preview:large\" \/>\n\t<meta name=\"author\" content=\"La Sentinelle\"\/>\n\t<link rel=\"canonical\" href=\"https:\/\/lasentinelle.dz\/index.php\/2024\/08\/07\/niger-larmee-americaine-a-acheve-son-retrait\/\" \/>\n\t<meta name=\"generator\" content=\"All in One SEO (AIOSEO) 5.0.0.1\" \/>\n\t\t<meta property=\"og:locale\" content=\"fr_FR\" \/>\n\t\t<meta property=\"og:site_name\" content=\"La Sentinelle - Quotidien national d&#039;information\" \/>\n\t\t<meta property=\"og:type\" content=\"article\" \/>\n\t\t<meta property=\"og:title\" content=\"Niger: L\u2019arm\u00e9e am\u00e9ricaine a achev\u00e9 son retrait - La Sentinelle\" \/>\n\t\t<meta property=\"og:description\" content=\"L\u2019arm\u00e9e am\u00e9ricaine a ferm\u00e9 sa derni\u00e8re base au Niger, lundi, conform\u00e9ment aux exigences de Niamey. Apr\u00e8s le d\u00e9part de pr\u00e8s de 800 soldats de la base de Niamey, au d\u00e9but de juillet, il ne restait dans le pays que quelque 200 \u00e9l\u00e9ments am\u00e9ricains, log\u00e9s dans cette importante base situ\u00e9e \u00e0 Agadez (Nord). \u00ab Le retrait des forces et\" \/>\n\t\t<meta property=\"og:url\" content=\"https:\/\/lasentinelle.dz\/index.php\/2024\/08\/07\/niger-larmee-americaine-a-acheve-son-retrait\/\" \/>\n\t\t<meta property=\"og:image\" content=\"https:\/\/lasentinelle.dz\/wp-content\/uploads\/2021\/09\/cropped-la-sentinelle-earth-golden-anima-5.gif\" \/>\n\t\t<meta property=\"og:image:secure_url\" content=\"https:\/\/lasentinelle.dz\/wp-content\/uploads\/2021\/09\/cropped-la-sentinelle-earth-golden-anima-5.gif\" \/>\n\t\t<meta property=\"og:image:width\" content=\"450\" \/>\n\t\t<meta property=\"og:image:height\" content=\"213\" \/>\n\t\t<meta property=\"article:published_time\" content=\"2024-08-07T12:08:19+00:00\" \/>\n\t\t<meta property=\"article:modified_time\" content=\"2024-08-07T12:08:19+00:00\" \/>\n\t\t<meta property=\"article:publisher\" content=\"https:\/\/www.facebook.com\/azzedine.lasentinelle.1\" \/>\n\t\t<meta name=\"twitter:card\" content=\"summary_large_image\" \/>\n\t\t<meta name=\"twitter:title\" content=\"Niger: L\u2019arm\u00e9e am\u00e9ricaine a achev\u00e9 son retrait - La Sentinelle\" \/>\n\t\t<meta name=\"twitter:description\" content=\"L\u2019arm\u00e9e am\u00e9ricaine a ferm\u00e9 sa derni\u00e8re base au Niger, lundi, conform\u00e9ment aux exigences de Niamey. Apr\u00e8s le d\u00e9part de pr\u00e8s de 800 soldats de la base de Niamey, au d\u00e9but de juillet, il ne restait dans le pays que quelque 200 \u00e9l\u00e9ments am\u00e9ricains, log\u00e9s dans cette importante base situ\u00e9e \u00e0 Agadez (Nord). \u00ab Le retrait des forces et\" \/>\n\t\t<meta name=\"twitter:image\" content=\"https:\/\/lasentinelle.dz\/wp-content\/uploads\/2021\/09\/cropped-la-sentinelle-earth-golden-anima-5.gif\" \/>\n\t\t<script type=\"application\/ld+json\" class=\"aioseo-schema\">\n\t\t\t{\"@context\":\"https:\\\/\\\/schema.org\",\"@graph\":[{\"@type\":\"BlogPosting\",\"@id\":\"https:\\\/\\\/lasentinelle.dz\\\/index.php\\\/2024\\\/08\\\/07\\\/niger-larmee-americaine-a-acheve-son-retrait\\\/#blogposting\",\"name\":\"Niger: L\\u2019arm\\u00e9e am\\u00e9ricaine a achev\\u00e9 son retrait - La Sentinelle\",\"headline\":\"Niger: L\\u2019arm\\u00e9e am\\u00e9ricaine a achev\\u00e9 son retrait\",\"author\":{\"@id\":\"https:\\\/\\\/lasentinelle.dz\\\/author\\\/redaction\\\/#author\"},\"publisher\":{\"@id\":\"https:\\\/\\\/lasentinelle.dz\\\/#organization\"},\"image\":{\"@type\":\"ImageObject\",\"url\":\"https:\\\/\\\/lasentinelle.dz\\\/wp-content\\\/uploads\\\/2024\\\/07\\\/americains-niger.avif\",\"width\":1215,\"height\":810},\"datePublished\":\"2024-08-07T13:08:19+01:00\",\"dateModified\":\"2024-08-07T13:08:19+01:00\",\"inLanguage\":\"fr-FR\",\"mainEntityOfPage\":{\"@id\":\"https:\\\/\\\/lasentinelle.dz\\\/index.php\\\/2024\\\/08\\\/07\\\/niger-larmee-americaine-a-acheve-son-retrait\\\/#webpage\"},\"isPartOf\":{\"@id\":\"https:\\\/\\\/lasentinelle.dz\\\/index.php\\\/2024\\\/08\\\/07\\\/niger-larmee-americaine-a-acheve-son-retrait\\\/#webpage\"},\"articleSection\":\"Monde\"},{\"@type\":\"BreadcrumbList\",\"@id\":\"https:\\\/\\\/lasentinelle.dz\\\/index.php\\\/2024\\\/08\\\/07\\\/niger-larmee-americaine-a-acheve-son-retrait\\\/#breadcrumblist\",\"itemListElement\":[{\"@type\":\"ListItem\",\"@id\":\"https:\\\/\\\/lasentinelle.dz#listItem\",\"position\":1,\"name\":\"Home\",\"item\":\"https:\\\/\\\/lasentinelle.dz\",\"nextItem\":{\"@type\":\"ListItem\",\"@id\":\"https:\\\/\\\/lasentinelle.dz\\\/index.php\\\/category\\\/monde\\\/#listItem\",\"name\":\"Monde\"}},{\"@type\":\"ListItem\",\"@id\":\"https:\\\/\\\/lasentinelle.dz\\\/index.php\\\/category\\\/monde\\\/#listItem\",\"position\":2,\"name\":\"Monde\",\"item\":\"https:\\\/\\\/lasentinelle.dz\\\/index.php\\\/category\\\/monde\\\/\",\"nextItem\":{\"@type\":\"ListItem\",\"@id\":\"https:\\\/\\\/lasentinelle.dz\\\/index.php\\\/2024\\\/08\\\/07\\\/niger-larmee-americaine-a-acheve-son-retrait\\\/#listItem\",\"name\":\"Niger: L\\u2019arm\\u00e9e am\\u00e9ricaine a achev\\u00e9 son retrait\"},\"previousItem\":{\"@type\":\"ListItem\",\"@id\":\"https:\\\/\\\/lasentinelle.dz#listItem\",\"name\":\"Home\"}},{\"@type\":\"ListItem\",\"@id\":\"https:\\\/\\\/lasentinelle.dz\\\/index.php\\\/2024\\\/08\\\/07\\\/niger-larmee-americaine-a-acheve-son-retrait\\\/#listItem\",\"position\":3,\"name\":\"Niger: L\\u2019arm\\u00e9e am\\u00e9ricaine a achev\\u00e9 son retrait\",\"previousItem\":{\"@type\":\"ListItem\",\"@id\":\"https:\\\/\\\/lasentinelle.dz\\\/index.php\\\/category\\\/monde\\\/#listItem\",\"name\":\"Monde\"}}]},{\"@type\":\"Organization\",\"@id\":\"https:\\\/\\\/lasentinelle.dz\\\/#organization\",\"name\":\"La Sentinelle La Sentinelle\",\"description\":\"Quotidien national d'information\",\"url\":\"https:\\\/\\\/lasentinelle.dz\\\/\",\"logo\":{\"@type\":\"ImageObject\",\"url\":\"https:\\\/\\\/lasentinelle.dz\\\/wp-content\\\/uploads\\\/2021\\\/09\\\/cropped-la-sentinelle-earth-golden-anima-5.gif\",\"@id\":\"https:\\\/\\\/lasentinelle.dz\\\/index.php\\\/2024\\\/08\\\/07\\\/niger-larmee-americaine-a-acheve-son-retrait\\\/#organizationLogo\",\"width\":450,\"height\":213},\"image\":{\"@id\":\"https:\\\/\\\/lasentinelle.dz\\\/index.php\\\/2024\\\/08\\\/07\\\/niger-larmee-americaine-a-acheve-son-retrait\\\/#organizationLogo\"},\"sameAs\":[\"https:\\\/\\\/www.facebook.com\\\/azzedine.lasentinelle.1\"]},{\"@type\":\"Person\",\"@id\":\"https:\\\/\\\/lasentinelle.dz\\\/author\\\/redaction\\\/#author\",\"url\":\"https:\\\/\\\/lasentinelle.dz\\\/author\\\/redaction\\\/\",\"name\":\"La Sentinelle\",\"image\":{\"@type\":\"ImageObject\",\"@id\":\"https:\\\/\\\/lasentinelle.dz\\\/index.php\\\/2024\\\/08\\\/07\\\/niger-larmee-americaine-a-acheve-son-retrait\\\/#authorImage\",\"url\":\"https:\\\/\\\/secure.gravatar.com\\\/avatar\\\/57de8e5d4b15d43fb361a71fbb36338450fe67865b528a43dd10ef7c51a20392?s=96&d=mm&r=g\",\"width\":96,\"height\":96,\"caption\":\"La Sentinelle\"}},{\"@type\":\"WebPage\",\"@id\":\"https:\\\/\\\/lasentinelle.dz\\\/index.php\\\/2024\\\/08\\\/07\\\/niger-larmee-americaine-a-acheve-son-retrait\\\/#webpage\",\"url\":\"https:\\\/\\\/lasentinelle.dz\\\/index.php\\\/2024\\\/08\\\/07\\\/niger-larmee-americaine-a-acheve-son-retrait\\\/\",\"name\":\"Niger: L\\u2019arm\\u00e9e am\\u00e9ricaine a achev\\u00e9 son retrait - La Sentinelle\",\"description\":\"L\\u2019arm\\u00e9e am\\u00e9ricaine a ferm\\u00e9 sa derni\\u00e8re base au Niger, lundi, conform\\u00e9ment aux exigences de Niamey. Apr\\u00e8s le d\\u00e9part de pr\\u00e8s de 800 soldats de la base de Niamey, au d\\u00e9but de juillet, il ne restait dans le pays que quelque 200 \\u00e9l\\u00e9ments am\\u00e9ricains, log\\u00e9s dans cette importante base situ\\u00e9e \\u00e0 Agadez (Nord). \\u00ab Le retrait des forces et\",\"inLanguage\":\"fr-FR\",\"isPartOf\":{\"@id\":\"https:\\\/\\\/lasentinelle.dz\\\/#website\"},\"breadcrumb\":{\"@id\":\"https:\\\/\\\/lasentinelle.dz\\\/index.php\\\/2024\\\/08\\\/07\\\/niger-larmee-americaine-a-acheve-son-retrait\\\/#breadcrumblist\"},\"author\":{\"@id\":\"https:\\\/\\\/lasentinelle.dz\\\/author\\\/redaction\\\/#author\"},\"creator\":{\"@id\":\"https:\\\/\\\/lasentinelle.dz\\\/author\\\/redaction\\\/#author\"},\"image\":{\"@type\":\"ImageObject\",\"url\":\"https:\\\/\\\/lasentinelle.dz\\\/wp-content\\\/uploads\\\/2024\\\/07\\\/americains-niger.avif\",\"@id\":\"https:\\\/\\\/lasentinelle.dz\\\/index.php\\\/2024\\\/08\\\/07\\\/niger-larmee-americaine-a-acheve-son-retrait\\\/#mainImage\",\"width\":1215,\"height\":810},\"primaryImageOfPage\":{\"@id\":\"https:\\\/\\\/lasentinelle.dz\\\/index.php\\\/2024\\\/08\\\/07\\\/niger-larmee-americaine-a-acheve-son-retrait\\\/#mainImage\"},\"datePublished\":\"2024-08-07T13:08:19+01:00\",\"dateModified\":\"2024-08-07T13:08:19+01:00\"},{\"@type\":\"WebSite\",\"@id\":\"https:\\\/\\\/lasentinelle.dz\\\/#website\",\"url\":\"https:\\\/\\\/lasentinelle.dz\\\/\",\"name\":\"La Sentinelle\",\"description\":\"Quotidien national d'information\",\"inLanguage\":\"fr-FR\",\"publisher\":{\"@id\":\"https:\\\/\\\/lasentinelle.dz\\\/#organization\"}}]}\n\t\t<\/script>\n\t\t<!-- All in One SEO -->\n\n","aioseo_head_json":{"title":"Niger: L\u2019arm\u00e9e am\u00e9ricaine a achev\u00e9 son retrait - La Sentinelle","description":"L\u2019arm\u00e9e am\u00e9ricaine a ferm\u00e9 sa derni\u00e8re base au Niger, lundi, conform\u00e9ment aux exigences de Niamey. Apr\u00e8s le d\u00e9part de pr\u00e8s de 800 soldats de la base de Niamey, au d\u00e9but de juillet, il ne restait dans le pays que quelque 200 \u00e9l\u00e9ments am\u00e9ricains, log\u00e9s dans cette importante base situ\u00e9e \u00e0 Agadez (Nord). \u00ab Le retrait des forces et","canonical_url":"https:\/\/lasentinelle.dz\/index.php\/2024\/08\/07\/niger-larmee-americaine-a-acheve-son-retrait\/","robots":"max-image-preview:large","keywords":"","webmasterTools":{"miscellaneous":""},"schema":{"@context":"https:\/\/schema.org","@graph":[{"@type":"BlogPosting","@id":"https:\/\/lasentinelle.dz\/index.php\/2024\/08\/07\/niger-larmee-americaine-a-acheve-son-retrait\/#blogposting","name":"Niger: L\u2019arm\u00e9e am\u00e9ricaine a achev\u00e9 son retrait - La Sentinelle","headline":"Niger: L\u2019arm\u00e9e am\u00e9ricaine a achev\u00e9 son retrait","author":{"@id":"https:\/\/lasentinelle.dz\/author\/redaction\/#author"},"publisher":{"@id":"https:\/\/lasentinelle.dz\/#organization"},"image":{"@type":"ImageObject","url":"https:\/\/lasentinelle.dz\/wp-content\/uploads\/2024\/07\/americains-niger.avif","width":1215,"height":810},"datePublished":"2024-08-07T13:08:19+01:00","dateModified":"2024-08-07T13:08:19+01:00","inLanguage":"fr-FR","mainEntityOfPage":{"@id":"https:\/\/lasentinelle.dz\/index.php\/2024\/08\/07\/niger-larmee-americaine-a-acheve-son-retrait\/#webpage"},"isPartOf":{"@id":"https:\/\/lasentinelle.dz\/index.php\/2024\/08\/07\/niger-larmee-americaine-a-acheve-son-retrait\/#webpage"},"articleSection":"Monde"},{"@type":"BreadcrumbList","@id":"https:\/\/lasentinelle.dz\/index.php\/2024\/08\/07\/niger-larmee-americaine-a-acheve-son-retrait\/#breadcrumblist","itemListElement":[{"@type":"ListItem","@id":"https:\/\/lasentinelle.dz#listItem","position":1,"name":"Home","item":"https:\/\/lasentinelle.dz","nextItem":{"@type":"ListItem","@id":"https:\/\/lasentinelle.dz\/index.php\/category\/monde\/#listItem","name":"Monde"}},{"@type":"ListItem","@id":"https:\/\/lasentinelle.dz\/index.php\/category\/monde\/#listItem","position":2,"name":"Monde","item":"https:\/\/lasentinelle.dz\/index.php\/category\/monde\/","nextItem":{"@type":"ListItem","@id":"https:\/\/lasentinelle.dz\/index.php\/2024\/08\/07\/niger-larmee-americaine-a-acheve-son-retrait\/#listItem","name":"Niger: L\u2019arm\u00e9e am\u00e9ricaine a achev\u00e9 son retrait"},"previousItem":{"@type":"ListItem","@id":"https:\/\/lasentinelle.dz#listItem","name":"Home"}},{"@type":"ListItem","@id":"https:\/\/lasentinelle.dz\/index.php\/2024\/08\/07\/niger-larmee-americaine-a-acheve-son-retrait\/#listItem","position":3,"name":"Niger: L\u2019arm\u00e9e am\u00e9ricaine a achev\u00e9 son retrait","previousItem":{"@type":"ListItem","@id":"https:\/\/lasentinelle.dz\/index.php\/category\/monde\/#listItem","name":"Monde"}}]},{"@type":"Organization","@id":"https:\/\/lasentinelle.dz\/#organization","name":"La Sentinelle La Sentinelle","description":"Quotidien national d'information","url":"https:\/\/lasentinelle.dz\/","logo":{"@type":"ImageObject","url":"https:\/\/lasentinelle.dz\/wp-content\/uploads\/2021\/09\/cropped-la-sentinelle-earth-golden-anima-5.gif","@id":"https:\/\/lasentinelle.dz\/index.php\/2024\/08\/07\/niger-larmee-americaine-a-acheve-son-retrait\/#organizationLogo","width":450,"height":213},"image":{"@id":"https:\/\/lasentinelle.dz\/index.php\/2024\/08\/07\/niger-larmee-americaine-a-acheve-son-retrait\/#organizationLogo"},"sameAs":["https:\/\/www.facebook.com\/azzedine.lasentinelle.1"]},{"@type":"Person","@id":"https:\/\/lasentinelle.dz\/author\/redaction\/#author","url":"https:\/\/lasentinelle.dz\/author\/redaction\/","name":"La Sentinelle","image":{"@type":"ImageObject","@id":"https:\/\/lasentinelle.dz\/index.php\/2024\/08\/07\/niger-larmee-americaine-a-acheve-son-retrait\/#authorImage","url":"https:\/\/secure.gravatar.com\/avatar\/57de8e5d4b15d43fb361a71fbb36338450fe67865b528a43dd10ef7c51a20392?s=96&d=mm&r=g","width":96,"height":96,"caption":"La Sentinelle"}},{"@type":"WebPage","@id":"https:\/\/lasentinelle.dz\/index.php\/2024\/08\/07\/niger-larmee-americaine-a-acheve-son-retrait\/#webpage","url":"https:\/\/lasentinelle.dz\/index.php\/2024\/08\/07\/niger-larmee-americaine-a-acheve-son-retrait\/","name":"Niger: L\u2019arm\u00e9e am\u00e9ricaine a achev\u00e9 son retrait - La Sentinelle","description":"L\u2019arm\u00e9e am\u00e9ricaine a ferm\u00e9 sa derni\u00e8re base au Niger, lundi, conform\u00e9ment aux exigences de Niamey. Apr\u00e8s le d\u00e9part de pr\u00e8s de 800 soldats de la base de Niamey, au d\u00e9but de juillet, il ne restait dans le pays que quelque 200 \u00e9l\u00e9ments am\u00e9ricains, log\u00e9s dans cette importante base situ\u00e9e \u00e0 Agadez (Nord). \u00ab Le retrait des forces et","inLanguage":"fr-FR","isPartOf":{"@id":"https:\/\/lasentinelle.dz\/#website"},"breadcrumb":{"@id":"https:\/\/lasentinelle.dz\/index.php\/2024\/08\/07\/niger-larmee-americaine-a-acheve-son-retrait\/#breadcrumblist"},"author":{"@id":"https:\/\/lasentinelle.dz\/author\/redaction\/#author"},"creator":{"@id":"https:\/\/lasentinelle.dz\/author\/redaction\/#author"},"image":{"@type":"ImageObject","url":"https:\/\/lasentinelle.dz\/wp-content\/uploads\/2024\/07\/americains-niger.avif","@id":"https:\/\/lasentinelle.dz\/index.php\/2024\/08\/07\/niger-larmee-americaine-a-acheve-son-retrait\/#mainImage","width":1215,"height":810},"primaryImageOfPage":{"@id":"https:\/\/lasentinelle.dz\/index.php\/2024\/08\/07\/niger-larmee-americaine-a-acheve-son-retrait\/#mainImage"},"datePublished":"2024-08-07T13:08:19+01:00","dateModified":"2024-08-07T13:08:19+01:00"},{"@type":"WebSite","@id":"https:\/\/lasentinelle.dz\/#website","url":"https:\/\/lasentinelle.dz\/","name":"La Sentinelle","description":"Quotidien national d'information","inLanguage":"fr-FR","publisher":{"@id":"https:\/\/lasentinelle.dz\/#organization"}}]},"og:locale":"fr_FR","og:site_name":"La Sentinelle - Quotidien national d'information","og:type":"article","og:title":"Niger: L\u2019arm\u00e9e am\u00e9ricaine a achev\u00e9 son retrait - La Sentinelle","og:description":"L\u2019arm\u00e9e am\u00e9ricaine a ferm\u00e9 sa derni\u00e8re base au Niger, lundi, conform\u00e9ment aux exigences de Niamey. Apr\u00e8s le d\u00e9part de pr\u00e8s de 800 soldats de la base de Niamey, au d\u00e9but de juillet, il ne restait dans le pays que quelque 200 \u00e9l\u00e9ments am\u00e9ricains, log\u00e9s dans cette importante base situ\u00e9e \u00e0 Agadez (Nord). \u00ab Le retrait des forces et","og:url":"https:\/\/lasentinelle.dz\/index.php\/2024\/08\/07\/niger-larmee-americaine-a-acheve-son-retrait\/","og:image":"https:\/\/lasentinelle.dz\/wp-content\/uploads\/2021\/09\/cropped-la-sentinelle-earth-golden-anima-5.gif","og:image:secure_url":"https:\/\/lasentinelle.dz\/wp-content\/uploads\/2021\/09\/cropped-la-sentinelle-earth-golden-anima-5.gif","og:image:width":450,"og:image:height":213,"article:published_time":"2024-08-07T12:08:19+00:00","article:modified_time":"2024-08-07T12:08:19+00:00","article:publisher":"https:\/\/www.facebook.com\/azzedine.lasentinelle.1","twitter:card":"summary_large_image","twitter:title":"Niger: L\u2019arm\u00e9e am\u00e9ricaine a achev\u00e9 son retrait - La Sentinelle","twitter:description":"L\u2019arm\u00e9e am\u00e9ricaine a ferm\u00e9 sa derni\u00e8re base au Niger, lundi, conform\u00e9ment aux exigences de Niamey. Apr\u00e8s le d\u00e9part de pr\u00e8s de 800 soldats de la base de Niamey, au d\u00e9but de juillet, il ne restait dans le pays que quelque 200 \u00e9l\u00e9ments am\u00e9ricains, log\u00e9s dans cette importante base situ\u00e9e \u00e0 Agadez (Nord). \u00ab Le retrait des forces et","twitter:image":"https:\/\/lasentinelle.dz\/wp-content\/uploads\/2021\/09\/cropped-la-sentinelle-earth-golden-anima-5.gif"},"aioseo_meta_data":{"post_id":"55389","title":null,"description":null,"keywords":null,"keyphrases":null,"primary_term":null,"canonical_url":null,"og_title":null,"og_description":null,"og_object_type":"default","og_image_type":"default","og_image_url":null,"og_image_width":null,"og_image_height":null,"og_image_custom_url":null,"og_image_custom_fields":null,"og_video":null,"og_custom_url":null,"og_article_section":null,"og_article_tags":null,"twitter_use_og":false,"twitter_card":"default","twitter_image_type":"default","twitter_image_url":null,"twitter_image_custom_url":null,"twitter_image_custom_fields":null,"twitter_title":null,"twitter_description":null,"schema":{"blockGraphs":[],"customGraphs":[],"default":{"data":{"Article":[],"Course":[],"Dataset":[],"FAQPage":[],"Movie":[],"Person":[],"Product":[],"ProductReview":[],"Car":[],"Recipe":[],"Service":[],"SoftwareApplication":[],"WebPage":[]},"graphName":"","isEnabled":true},"graphs":[]},"schema_type":"default","schema_type_options":null,"pillar_content":false,"robots_default":true,"robots_noindex":false,"robots_noarchive":false,"robots_nosnippet":false,"robots_nofollow":false,"robots_noimageindex":false,"robots_noodp":false,"robots_notranslate":false,"robots_max_snippet":null,"robots_max_videopreview":null,"robots_max_imagepreview":"large","priority":null,"frequency":null,"local_seo":null,"breadcrumb_settings":null,"limit_modified_date":false,"ai":null,"created":"2026-05-09 16:40:07","updated":"2026-05-09 16:40:07","focus_keyword":null,"additional_keywords":null,"truseo_locale":null,"seo_analyzer_scan_date":null},"aioseo_breadcrumb":"<div class=\"aioseo-breadcrumbs\"><span class=\"aioseo-breadcrumb\">\n\t\t\t<a href=\"https:\/\/lasentinelle.dz\" title=\"Home\">Home<\/a>\n\t\t<\/span><span class=\"aioseo-breadcrumb-separator\">&raquo;<\/span><span class=\"aioseo-breadcrumb\">\n\t\t\t<a href=\"https:\/\/lasentinelle.dz\/index.php\/category\/monde\/\" title=\"Monde\">Monde<\/a>\n\t\t<\/span><span class=\"aioseo-breadcrumb-separator\">&raquo;<\/span><span class=\"aioseo-breadcrumb\">\n\t\t\tNiger: L\u2019arm\u00e9e am\u00e9ricaine a achev\u00e9 son retrait\n\t\t<\/span><\/div>","aioseo_breadcrumb_json":[{"label":"Home","link":"https:\/\/lasentinelle.dz"},{"label":"Monde","link":"https:\/\/lasentinelle.dz\/index.php\/category\/monde\/"},{"label":"Niger: L\u2019arm\u00e9e am\u00e9ricaine a achev\u00e9 son retrait","link":"https:\/\/lasentinelle.dz\/index.php\/2024\/08\/07\/niger-larmee-americaine-a-acheve-son-retrait\/"}],"yoast_head":"<!-- This site is optimized with the Yoast SEO plugin v28.3 - https:\/\/yoast.com\/product\/yoast-seo-wordpress\/ -->\n<title>Niger: L\u2019arm\u00e9e am\u00e9ricaine a achev\u00e9 son retrait - La Sentinelle<\/title>\n<meta name=\"robots\" content=\"index, follow, max-snippet:-1, max-image-preview:large, max-video-preview:-1\" \/>\n<link rel=\"canonical\" href=\"https:\/\/lasentinelle.dz\/index.php\/2024\/08\/07\/niger-larmee-americaine-a-acheve-son-retrait\/\" \/>\n<meta property=\"og:locale\" content=\"fr_FR\" \/>\n<meta property=\"og:type\" content=\"article\" \/>\n<meta property=\"og:title\" content=\"Niger: L\u2019arm\u00e9e am\u00e9ricaine a achev\u00e9 son retrait - La Sentinelle\" \/>\n<meta property=\"og:description\" content=\"L\u2019arm\u00e9e am\u00e9ricaine a ferm\u00e9 sa derni\u00e8re base au Niger, lundi, conform\u00e9ment aux exigences de Niamey. Apr\u00e8s le d\u00e9part de pr\u00e8s\" \/>\n<meta property=\"og:url\" content=\"https:\/\/lasentinelle.dz\/index.php\/2024\/08\/07\/niger-larmee-americaine-a-acheve-son-retrait\/\" \/>\n<meta property=\"og:site_name\" content=\"La Sentinelle\" \/>\n<meta property=\"article:publisher\" content=\"https:\/\/www.facebook.com\/La-Sentinelle-104059864394773\" \/>\n<meta property=\"article:published_time\" content=\"2024-08-07T12:08:19+00:00\" \/>\n<meta name=\"author\" content=\"La Sentinelle\" \/>\n<meta name=\"twitter:card\" content=\"summary_large_image\" \/>\n<meta name=\"twitter:label1\" content=\"\u00c9crit par\" \/>\n\t<meta name=\"twitter:data1\" content=\"La Sentinelle\" \/>\n\t<meta name=\"twitter:label2\" content=\"Dur\u00e9e de lecture estim\u00e9e\" \/>\n\t<meta name=\"twitter:data2\" content=\"2 minutes\" \/>\n<script type=\"application\/ld+json\" class=\"yoast-schema-graph\">{\"@context\":\"https:\\\/\\\/schema.org\",\"@graph\":[{\"@type\":\"Article\",\"@id\":\"https:\\\/\\\/lasentinelle.dz\\\/index.php\\\/2024\\\/08\\\/07\\\/niger-larmee-americaine-a-acheve-son-retrait\\\/#article\",\"isPartOf\":{\"@id\":\"https:\\\/\\\/lasentinelle.dz\\\/index.php\\\/2024\\\/08\\\/07\\\/niger-larmee-americaine-a-acheve-son-retrait\\\/\"},\"author\":{\"name\":\"La Sentinelle\",\"@id\":\"https:\\\/\\\/lasentinelle.dz\\\/#\\\/schema\\\/person\\\/d865044e22e70a75174ce8bcad3acfb3\"},\"headline\":\"Niger: L\u2019arm\u00e9e am\u00e9ricaine a achev\u00e9 son retrait\",\"datePublished\":\"2024-08-07T12:08:19+00:00\",\"mainEntityOfPage\":{\"@id\":\"https:\\\/\\\/lasentinelle.dz\\\/index.php\\\/2024\\\/08\\\/07\\\/niger-larmee-americaine-a-acheve-son-retrait\\\/\"},\"wordCount\":371,\"commentCount\":0,\"publisher\":{\"@id\":\"https:\\\/\\\/lasentinelle.dz\\\/#organization\"},\"image\":{\"@id\":\"https:\\\/\\\/lasentinelle.dz\\\/index.php\\\/2024\\\/08\\\/07\\\/niger-larmee-americaine-a-acheve-son-retrait\\\/#primaryimage\"},\"thumbnailUrl\":\"https:\\\/\\\/lasentinelle.dz\\\/wp-content\\\/uploads\\\/2024\\\/07\\\/americains-niger.avif\",\"articleSection\":[\"Monde\"],\"inLanguage\":\"fr-FR\",\"potentialAction\":[{\"@type\":\"CommentAction\",\"name\":\"Comment\",\"target\":[\"https:\\\/\\\/lasentinelle.dz\\\/index.php\\\/2024\\\/08\\\/07\\\/niger-larmee-americaine-a-acheve-son-retrait\\\/#respond\"]}]},{\"@type\":\"WebPage\",\"@id\":\"https:\\\/\\\/lasentinelle.dz\\\/index.php\\\/2024\\\/08\\\/07\\\/niger-larmee-americaine-a-acheve-son-retrait\\\/\",\"url\":\"https:\\\/\\\/lasentinelle.dz\\\/index.php\\\/2024\\\/08\\\/07\\\/niger-larmee-americaine-a-acheve-son-retrait\\\/\",\"name\":\"Niger: L\u2019arm\u00e9e am\u00e9ricaine a achev\u00e9 son retrait - La Sentinelle\",\"isPartOf\":{\"@id\":\"https:\\\/\\\/lasentinelle.dz\\\/#website\"},\"primaryImageOfPage\":{\"@id\":\"https:\\\/\\\/lasentinelle.dz\\\/index.php\\\/2024\\\/08\\\/07\\\/niger-larmee-americaine-a-acheve-son-retrait\\\/#primaryimage\"},\"image\":{\"@id\":\"https:\\\/\\\/lasentinelle.dz\\\/index.php\\\/2024\\\/08\\\/07\\\/niger-larmee-americaine-a-acheve-son-retrait\\\/#primaryimage\"},\"thumbnailUrl\":\"https:\\\/\\\/lasentinelle.dz\\\/wp-content\\\/uploads\\\/2024\\\/07\\\/americains-niger.avif\",\"datePublished\":\"2024-08-07T12:08:19+00:00\",\"breadcrumb\":{\"@id\":\"https:\\\/\\\/lasentinelle.dz\\\/index.php\\\/2024\\\/08\\\/07\\\/niger-larmee-americaine-a-acheve-son-retrait\\\/#breadcrumb\"},\"inLanguage\":\"fr-FR\",\"potentialAction\":[{\"@type\":\"ReadAction\",\"target\":[\"https:\\\/\\\/lasentinelle.dz\\\/index.php\\\/2024\\\/08\\\/07\\\/niger-larmee-americaine-a-acheve-son-retrait\\\/\"]}]},{\"@type\":\"ImageObject\",\"inLanguage\":\"fr-FR\",\"@id\":\"https:\\\/\\\/lasentinelle.dz\\\/index.php\\\/2024\\\/08\\\/07\\\/niger-larmee-americaine-a-acheve-son-retrait\\\/#primaryimage\",\"url\":\"https:\\\/\\\/lasentinelle.dz\\\/wp-content\\\/uploads\\\/2024\\\/07\\\/americains-niger.avif\",\"contentUrl\":\"https:\\\/\\\/lasentinelle.dz\\\/wp-content\\\/uploads\\\/2024\\\/07\\\/americains-niger.avif\",\"width\":1215,\"height\":810},{\"@type\":\"BreadcrumbList\",\"@id\":\"https:\\\/\\\/lasentinelle.dz\\\/index.php\\\/2024\\\/08\\\/07\\\/niger-larmee-americaine-a-acheve-son-retrait\\\/#breadcrumb\",\"itemListElement\":[{\"@type\":\"ListItem\",\"position\":1,\"name\":\"Accueil\",\"item\":\"https:\\\/\\\/lasentinelle.dz\\\/\"},{\"@type\":\"ListItem\",\"position\":2,\"name\":\"Niger: L\u2019arm\u00e9e am\u00e9ricaine a achev\u00e9 son retrait\"}]},{\"@type\":\"WebSite\",\"@id\":\"https:\\\/\\\/lasentinelle.dz\\\/#website\",\"url\":\"https:\\\/\\\/lasentinelle.dz\\\/\",\"name\":\"La Sentinelle\",\"description\":\"Quotidien national d&#039;information\",\"publisher\":{\"@id\":\"https:\\\/\\\/lasentinelle.dz\\\/#organization\"},\"potentialAction\":[{\"@type\":\"SearchAction\",\"target\":{\"@type\":\"EntryPoint\",\"urlTemplate\":\"https:\\\/\\\/lasentinelle.dz\\\/?s={search_term_string}\"},\"query-input\":{\"@type\":\"PropertyValueSpecification\",\"valueRequired\":true,\"valueName\":\"search_term_string\"}}],\"inLanguage\":\"fr-FR\"},{\"@type\":\"Organization\",\"@id\":\"https:\\\/\\\/lasentinelle.dz\\\/#organization\",\"name\":\"Quotidien La Sentinelle\",\"url\":\"https:\\\/\\\/lasentinelle.dz\\\/\",\"logo\":{\"@type\":\"ImageObject\",\"inLanguage\":\"fr-FR\",\"@id\":\"https:\\\/\\\/lasentinelle.dz\\\/#\\\/schema\\\/logo\\\/image\\\/\",\"url\":\"https:\\\/\\\/lasentinelle.dz\\\/wp-content\\\/uploads\\\/2021\\\/09\\\/logo-sentinelleSLOGAN-1.png\",\"contentUrl\":\"https:\\\/\\\/lasentinelle.dz\\\/wp-content\\\/uploads\\\/2021\\\/09\\\/logo-sentinelleSLOGAN-1.png\",\"width\":615,\"height\":142,\"caption\":\"Quotidien La Sentinelle\"},\"image\":{\"@id\":\"https:\\\/\\\/lasentinelle.dz\\\/#\\\/schema\\\/logo\\\/image\\\/\"},\"sameAs\":[\"https:\\\/\\\/www.facebook.com\\\/La-Sentinelle-104059864394773\"]},{\"@type\":\"Person\",\"@id\":\"https:\\\/\\\/lasentinelle.dz\\\/#\\\/schema\\\/person\\\/d865044e22e70a75174ce8bcad3acfb3\",\"name\":\"La Sentinelle\",\"image\":{\"@type\":\"ImageObject\",\"inLanguage\":\"fr-FR\",\"@id\":\"https:\\\/\\\/secure.gravatar.com\\\/avatar\\\/57de8e5d4b15d43fb361a71fbb36338450fe67865b528a43dd10ef7c51a20392?s=96&d=mm&r=g\",\"url\":\"https:\\\/\\\/secure.gravatar.com\\\/avatar\\\/57de8e5d4b15d43fb361a71fbb36338450fe67865b528a43dd10ef7c51a20392?s=96&d=mm&r=g\",\"contentUrl\":\"https:\\\/\\\/secure.gravatar.com\\\/avatar\\\/57de8e5d4b15d43fb361a71fbb36338450fe67865b528a43dd10ef7c51a20392?s=96&d=mm&r=g\",\"caption\":\"La Sentinelle\"},\"sameAs\":[\"http:\\\/\\\/www.lasentinelle.dz\"],\"url\":\"https:\\\/\\\/lasentinelle.dz\\\/author\\\/redaction\\\/\"}]}<\/script>\n<!-- \/ Yoast SEO plugin. -->","yoast_head_json":{"title":"Niger: L\u2019arm\u00e9e am\u00e9ricaine a achev\u00e9 son retrait - La Sentinelle","robots":{"index":"index","follow":"follow","max-snippet":"max-snippet:-1","max-image-preview":"max-image-preview:large","max-video-preview":"max-video-preview:-1"},"canonical":"https:\/\/lasentinelle.dz\/index.php\/2024\/08\/07\/niger-larmee-americaine-a-acheve-son-retrait\/","og_locale":"fr_FR","og_type":"article","og_title":"Niger: L\u2019arm\u00e9e am\u00e9ricaine a achev\u00e9 son retrait - La Sentinelle","og_description":"L\u2019arm\u00e9e am\u00e9ricaine a ferm\u00e9 sa derni\u00e8re base au Niger, lundi, conform\u00e9ment aux exigences de Niamey. Apr\u00e8s le d\u00e9part de pr\u00e8s","og_url":"https:\/\/lasentinelle.dz\/index.php\/2024\/08\/07\/niger-larmee-americaine-a-acheve-son-retrait\/","og_site_name":"La Sentinelle","article_publisher":"https:\/\/www.facebook.com\/La-Sentinelle-104059864394773","article_published_time":"2024-08-07T12:08:19+00:00","author":"La Sentinelle","twitter_card":"summary_large_image","twitter_misc":{"\u00c9crit par":"La Sentinelle","Dur\u00e9e de lecture estim\u00e9e":"2 minutes"},"schema":{"@context":"https:\/\/schema.org","@graph":[{"@type":"Article","@id":"https:\/\/lasentinelle.dz\/index.php\/2024\/08\/07\/niger-larmee-americaine-a-acheve-son-retrait\/#article","isPartOf":{"@id":"https:\/\/lasentinelle.dz\/index.php\/2024\/08\/07\/niger-larmee-americaine-a-acheve-son-retrait\/"},"author":{"name":"La Sentinelle","@id":"https:\/\/lasentinelle.dz\/#\/schema\/person\/d865044e22e70a75174ce8bcad3acfb3"},"headline":"Niger: L\u2019arm\u00e9e am\u00e9ricaine a achev\u00e9 son retrait","datePublished":"2024-08-07T12:08:19+00:00","mainEntityOfPage":{"@id":"https:\/\/lasentinelle.dz\/index.php\/2024\/08\/07\/niger-larmee-americaine-a-acheve-son-retrait\/"},"wordCount":371,"commentCount":0,"publisher":{"@id":"https:\/\/lasentinelle.dz\/#organization"},"image":{"@id":"https:\/\/lasentinelle.dz\/index.php\/2024\/08\/07\/niger-larmee-americaine-a-acheve-son-retrait\/#primaryimage"},"thumbnailUrl":"https:\/\/lasentinelle.dz\/wp-content\/uploads\/2024\/07\/americains-niger.avif","articleSection":["Monde"],"inLanguage":"fr-FR","potentialAction":[{"@type":"CommentAction","name":"Comment","target":["https:\/\/lasentinelle.dz\/index.php\/2024\/08\/07\/niger-larmee-americaine-a-acheve-son-retrait\/#respond"]}]},{"@type":"WebPage","@id":"https:\/\/lasentinelle.dz\/index.php\/2024\/08\/07\/niger-larmee-americaine-a-acheve-son-retrait\/","url":"https:\/\/lasentinelle.dz\/index.php\/2024\/08\/07\/niger-larmee-americaine-a-acheve-son-retrait\/","name":"Niger: L\u2019arm\u00e9e am\u00e9ricaine a achev\u00e9 son retrait - La Sentinelle","isPartOf":{"@id":"https:\/\/lasentinelle.dz\/#website"},"primaryImageOfPage":{"@id":"https:\/\/lasentinelle.dz\/index.php\/2024\/08\/07\/niger-larmee-americaine-a-acheve-son-retrait\/#primaryimage"},"image":{"@id":"https:\/\/lasentinelle.dz\/index.php\/2024\/08\/07\/niger-larmee-americaine-a-acheve-son-retrait\/#primaryimage"},"thumbnailUrl":"https:\/\/lasentinelle.dz\/wp-content\/uploads\/2024\/07\/americains-niger.avif","datePublished":"2024-08-07T12:08:19+00:00","breadcrumb":{"@id":"https:\/\/lasentinelle.dz\/index.php\/2024\/08\/07\/niger-larmee-americaine-a-acheve-son-retrait\/#breadcrumb"},"inLanguage":"fr-FR","potentialAction":[{"@type":"ReadAction","target":["https:\/\/lasentinelle.dz\/index.php\/2024\/08\/07\/niger-larmee-americaine-a-acheve-son-retrait\/"]}]},{"@type":"ImageObject","inLanguage":"fr-FR","@id":"https:\/\/lasentinelle.dz\/index.php\/2024\/08\/07\/niger-larmee-americaine-a-acheve-son-retrait\/#primaryimage","url":"https:\/\/lasentinelle.dz\/wp-content\/uploads\/2024\/07\/americains-niger.avif","contentUrl":"https:\/\/lasentinelle.dz\/wp-content\/uploads\/2024\/07\/americains-niger.avif","width":1215,"height":810},{"@type":"BreadcrumbList","@id":"https:\/\/lasentinelle.dz\/index.php\/2024\/08\/07\/niger-larmee-americaine-a-acheve-son-retrait\/#breadcrumb","itemListElement":[{"@type":"ListItem","position":1,"name":"Accueil","item":"https:\/\/lasentinelle.dz\/"},{"@type":"ListItem","position":2,"name":"Niger: L\u2019arm\u00e9e am\u00e9ricaine a achev\u00e9 son retrait"}]},{"@type":"WebSite","@id":"https:\/\/lasentinelle.dz\/#website","url":"https:\/\/lasentinelle.dz\/","name":"La Sentinelle","description":"Quotidien national d&#039;information","publisher":{"@id":"https:\/\/lasentinelle.dz\/#organization"},"potentialAction":[{"@type":"SearchAction","target":{"@type":"EntryPoint","urlTemplate":"https:\/\/lasentinelle.dz\/?s={search_term_string}"},"query-input":{"@type":"PropertyValueSpecification","valueRequired":true,"valueName":"search_term_string"}}],"inLanguage":"fr-FR"},{"@type":"Organization","@id":"https:\/\/lasentinelle.dz\/#organization","name":"Quotidien La Sentinelle","url":"https:\/\/lasentinelle.dz\/","logo":{"@type":"ImageObject","inLanguage":"fr-FR","@id":"https:\/\/lasentinelle.dz\/#\/schema\/logo\/image\/","url":"https:\/\/lasentinelle.dz\/wp-content\/uploads\/2021\/09\/logo-sentinelleSLOGAN-1.png","contentUrl":"https:\/\/lasentinelle.dz\/wp-content\/uploads\/2021\/09\/logo-sentinelleSLOGAN-1.png","width":615,"height":142,"caption":"Quotidien La Sentinelle"},"image":{"@id":"https:\/\/lasentinelle.dz\/#\/schema\/logo\/image\/"},"sameAs":["https:\/\/www.facebook.com\/La-Sentinelle-104059864394773"]},{"@type":"Person","@id":"https:\/\/lasentinelle.dz\/#\/schema\/person\/d865044e22e70a75174ce8bcad3acfb3","name":"La Sentinelle","image":{"@type":"ImageObject","inLanguage":"fr-FR","@id":"https:\/\/secure.gravatar.com\/avatar\/57de8e5d4b15d43fb361a71fbb36338450fe67865b528a43dd10ef7c51a20392?s=96&d=mm&r=g","url":"https:\/\/secure.gravatar.com\/avatar\/57de8e5d4b15d43fb361a71fbb36338450fe67865b528a43dd10ef7c51a20392?s=96&d=mm&r=g","contentUrl":"https:\/\/secure.gravatar.com\/avatar\/57de8e5d4b15d43fb361a71fbb36338450fe67865b528a43dd10ef7c51a20392?s=96&d=mm&r=g","caption":"La Sentinelle"},"sameAs":["http:\/\/www.lasentinelle.dz"],"url":"https:\/\/lasentinelle.dz\/author\/redaction\/"}]}},"_links":{"self":[{"href":"https:\/\/lasentinelle.dz\/index.php\/wp-json\/wp\/v2\/posts\/55389","targetHints":{"allow":["GET"]}}],"collection":[{"href":"https:\/\/lasentinelle.dz\/index.php\/wp-json\/wp\/v2\/posts"}],"about":[{"href":"https:\/\/lasentinelle.dz\/index.php\/wp-json\/wp\/v2\/types\/post"}],"author":[{"embeddable":true,"href":"https:\/\/lasentinelle.dz\/index.php\/wp-json\/wp\/v2\/users\/3"}],"replies":[{"embeddable":true,"href":"https:\/\/lasentinelle.dz\/index.php\/wp-json\/wp\/v2\/comments?post=55389"}],"version-history":[{"count":1,"href":"https:\/\/lasentinelle.dz\/index.php\/wp-json\/wp\/v2\/posts\/55389\/revisions"}],"predecessor-version":[{"id":55390,"href":"https:\/\/lasentinelle.dz\/index.php\/wp-json\/wp\/v2\/posts\/55389\/revisions\/55390"}],"wp:featuredmedia":[{"embeddable":true,"href":"https:\/\/lasentinelle.dz\/index.php\/wp-json\/wp\/v2\/media\/54176"}],"wp:attachment":[{"href":"https:\/\/lasentinelle.dz\/index.php\/wp-json\/wp\/v2\/media?parent=55389"}],"wp:term":[{"taxonomy":"category","embeddable":true,"href":"https:\/\/lasentinelle.dz\/index.php\/wp-json\/wp\/v2\/categories?post=55389"},{"taxonomy":"post_tag","embeddable":true,"href":"https:\/\/lasentinelle.dz\/index.php\/wp-json\/wp\/v2\/tags?post=55389"}],"curies":[{"name":"wp","href":"https:\/\/api.w.org\/{rel}","templated":true}]}}