{"id":55419,"date":"2024-08-07T13:23:40","date_gmt":"2024-08-07T12:23:40","guid":{"rendered":"https:\/\/lasentinelle.dz\/?p=55419"},"modified":"2024-08-07T13:23:41","modified_gmt":"2024-08-07T12:23:41","slug":"arkab-en-visite-de-travail-au-niger-la-reprise-des-activites-de-sonatrach-au-coeur-des-discussions","status":"publish","type":"post","link":"https:\/\/lasentinelle.dz\/index.php\/2024\/08\/07\/arkab-en-visite-de-travail-au-niger-la-reprise-des-activites-de-sonatrach-au-coeur-des-discussions\/","title":{"rendered":"Arkab en visite de travail au Niger : La reprise des activit\u00e9s de Sonatrach au c\u0153ur des discussions"},"content":{"rendered":"\n<p>La reprise des activit\u00e9s du groupe Sonatrach au Niger o\u00f9 il d\u00e9tient deux permis d\u2019exploration et de recherche d\u2019hydrocarbures sera \u00e9voqu\u00e9e lors des discussions entre responsables alg\u00e9riens et nig\u00e9riens.<\/p>\n\n\n\n<p>Le ministre de l\u2019\u00c9nergie et des Mines, Mohamed Arkab effectue, depuis hier, une visite de travail au Niger, accompagn\u00e9 d\u2019une d\u00e9l\u00e9gation importante compos\u00e9e du PDG du groupe Sonatrach, Rachid Hachichi et des cadres du minist\u00e8re, selon un communiqu\u00e9 du minist\u00e8re.<\/p>\n\n\n\n<p>Cette visite intervient, selon ce communiqu\u00e9, \u00e0 l\u2019invitation du ministre du p\u00e9trole du Niger, Mamane Mustapha Barki et elle sera ponctu\u00e9e par la tenue de plusieurs rencontres et r\u00e9unions \u00e0 Niamey avec les responsables du gouvernement de la R\u00e9publique du Niger dont le ministre du p\u00e9trole. &nbsp;Selon la m\u00eame source, cette visite de travail est une occasion d\u2019examiner les voies et moyens de renforcer davantage la coop\u00e9ration bilat\u00e9rale et son d\u00e9veloppement notamment dans le secteur de l\u2019\u00e9nergie, soulignant au passage qu\u2019il s\u2019agit de la reprise des activit\u00e9s du groupe Sonatrach au Niger o\u00f9 il d\u00e9tient deux permis d\u2019exploration et de recherche d\u2019hydrocarbures et ce dans le cadre de sa strat\u00e9gie de d\u00e9veloppement de ses activit\u00e9s dans le march\u00e9 \u00e9nerg\u00e9tique international notamment en Afrique.<\/p>\n\n\n\n<p>Un march\u00e9 qui offre, selon les sp\u00e9cialistes, des opportunit\u00e9s importantes au groupe Sonatrach principalement en mati\u00e8re d\u2019exportation du gaz naturel et d\u2019\u00e9lectricit\u00e9 vers les pays africains en g\u00e9n\u00e9ral et les pays de la r\u00e9gion sah\u00e9lo-saharienne en particulier.<\/p>\n\n\n\n<p>Cette visite est une bonne occasion pour les deux parties d\u2019examiner les opportunit\u00e9s de d\u00e9velopper la coop\u00e9ration notamment en mati\u00e8re d\u2019exportation de l\u2019\u00e9lectricit\u00e9 vers la Niger ou la demande dans les zones rurales demeure tr\u00e8s importante, alors que l\u2019Alg\u00e9rie dispose d\u2019atouts importants pour r\u00e9pondre aux besoins en mati\u00e8re d\u2019\u00e9lectricit\u00e9 du march\u00e9 nig\u00e9rien \u00e0 travers la dorsale Nord-Sud projet\u00e9e peut assurer le transport de l\u2019\u00e9lectricit\u00e9 vers le Niger.<\/p>\n\n\n\n<p>A cela s\u2019ajoute, un exc\u00e9dent consid\u00e9rable de la production de l\u2019\u00e9lectricit\u00e9, estim\u00e9e actuellement \u00e0 27&nbsp;000 m\u00e9ga watts et une pr\u00e9vision de production de 45&nbsp;000 m\u00e9ga watts d\u2019ici 2030 sachant que la consommation nationale d\u2019\u00e9lectricit\u00e9 est \u00e9valu\u00e9e \u00e0 19&nbsp;000 m\u00e9ga watts.<\/p>\n\n\n\n<p>Par ailleurs, le ministre de l\u2019\u00c9nergie et des Mines pourrait, \u00e9galement, aborder le dossier du gazoduc Alger-Niger-Nig\u00e9ria dont les travaux de r\u00e9alisation ont \u00e9t\u00e9 finalis\u00e9s du moins jusqu\u2019\u00e0 la fronti\u00e8re nig\u00e9rienne en attendant la finalisation du tron\u00e7on restant sachant que ce projet strat\u00e9gique aussi bien les pays du Sahel que pour l&rsquo;Europe, dans la mesure o\u00f9 il permettra de consolider la cr\u00e9ation d&rsquo;un hub \u00e9nerg\u00e9tique en M\u00e9diterran\u00e9e reliant l&rsquo;Afrique subsaharienne au sud de l&rsquo;Europe.<\/p>\n\n\n\n<p><strong>Hakim <\/strong><strong>Aomar<\/strong><\/p>\n\n\n\n<p><strong>Arkab re\u00e7oit le vice-pr\u00e9sident de l&rsquo;entreprise multinationale SLB<\/strong><\/p>\n\n\n\n<p>Le ministre de l&rsquo;Energie et des Mines, Mohamed Arkab, a re\u00e7u, lundi \u00e0 Alger, le vice-pr\u00e9sident de l&rsquo;entreprise multinationale SLB (Ex-Schlumberger), Abdellah Merad, avec lequel il a pass\u00e9 en revue les opportunit\u00e9s de coop\u00e9ration et de partenariat futur dans divers domaines, a indiqu\u00e9 un communiqu\u00e9 du minist\u00e8re. L&rsquo;audience s&rsquo;est d\u00e9roul\u00e9e au si\u00e8ge du minist\u00e8re, en pr\u00e9sence du pr\u00e9sident de l&rsquo;Agence nationale pour la valorisation des ressources en hydrocarbures (Alnaft), et de cadres repr\u00e9sentant les deux parties, ajoute le communiqu\u00e9. A cette occasion, les deux parties ont examin\u00e9 les domaines de coop\u00e9ration et de partenariat entre Sonatrach et Alnaft d&rsquo;une part et \u00ab\u00a0SLB\u00a0\u00bb d&rsquo;autre part, notamment dans le domaine des hydrocarbures, ainsi que les perspectives de leur promotion, pr\u00e9cise la m\u00eame source. Ils ont \u00e9galement pass\u00e9 en revue les opportunit\u00e9s de coop\u00e9ration et de partenariat futur en mati\u00e8re d&rsquo;exploration et de d\u00e9veloppement technologique des gisements de p\u00e9trole et de gaz, de services p\u00e9troliers, de solutions num\u00e9riques et de technologies modernes dans l&rsquo;industrie du p\u00e9trole et du gaz en Alg\u00e9rie, outre la formation de la ressource humaine dans ces domaines, lit-on dans le communiqu\u00e9. Par ailleurs, les deux parties ont \u00e9voqu\u00e9 \u00ab\u00a0les opportunit\u00e9s de coop\u00e9ration et d&rsquo;investissement en mati\u00e8re de r\u00e9duction des \u00e9missions de gaz et de l&#8217;empreinte carbone, de l&rsquo;am\u00e9lioration de l&rsquo;efficacit\u00e9 dans le domaine de l&rsquo;industrie du p\u00e9trole et du gaz, et des \u00e9nergies nouvelles et renouvelables, \u00e0 l&rsquo;instar du d\u00e9veloppement de l&rsquo;hydrog\u00e8ne\u00a0\u00bb, conclut le communiqu\u00e9.<\/p>\n","protected":false},"excerpt":{"rendered":"<p>La reprise des activit\u00e9s du groupe Sonatrach au Niger o\u00f9 il d\u00e9tient deux permis d\u2019exploration et de recherche d\u2019hydrocarbures sera<\/p>\n","protected":false},"author":3,"featured_media":33165,"comment_status":"open","ping_status":"closed","sticky":false,"template":"","format":"standard","meta":{"colormag_page_container_layout":"default_layout","colormag_page_sidebar_layout":"default_layout","om_disable_all_campaigns":false,"_monsterinsights_skip_tracking":false,"_monsterinsights_sitenote_active":false,"_monsterinsights_sitenote_note":"","_monsterinsights_sitenote_category":0,"footnotes":"","_wpscppro_dont_share_socialmedia":false,"_wpscppro_custom_social_share_image":0,"_facebook_share_type":"default","_twitter_share_type":"default","_linkedin_share_type":"default","_pinterest_share_type":"default","_linkedin_share_type_page":"","_instagram_share_type":"default","_medium_share_type":"","_threads_share_type":"","_google_business_share_type":"","_selected_social_profile":[],"_wpsp_enable_custom_social_template":false,"_wpsp_social_scheduling":{"enabled":false,"datetime":null,"platforms":[],"status":"template_only","dateOption":"today","timeOption":"now","customDays":"","customHours":"","customDate":"","customTime":"","schedulingType":"absolute"},"_wpsp_active_default_template":true},"categories":[52,29],"tags":[],"class_list":["post-55419","post","type-post","status-publish","format-standard","has-post-thumbnail","hentry","category-a-la-une","category-economie"],"aioseo_notices":[],"yoast_head":"<!-- This site is optimized with the Yoast SEO plugin v27.5 - https:\/\/yoast.com\/product\/yoast-seo-wordpress\/ -->\n<title>Arkab en visite de travail au Niger : La reprise des activit\u00e9s de Sonatrach au c\u0153ur des discussions - La Sentinelle<\/title>\n<meta name=\"robots\" content=\"index, follow, max-snippet:-1, max-image-preview:large, max-video-preview:-1\" \/>\n<link rel=\"canonical\" href=\"https:\/\/lasentinelle.dz\/index.php\/2024\/08\/07\/arkab-en-visite-de-travail-au-niger-la-reprise-des-activites-de-sonatrach-au-coeur-des-discussions\/\" \/>\n<meta property=\"og:locale\" content=\"fr_FR\" \/>\n<meta property=\"og:type\" content=\"article\" \/>\n<meta property=\"og:title\" content=\"Arkab en visite de travail au Niger : La reprise des activit\u00e9s de Sonatrach au c\u0153ur des discussions - La Sentinelle\" \/>\n<meta property=\"og:description\" content=\"La reprise des activit\u00e9s du groupe Sonatrach au Niger o\u00f9 il d\u00e9tient deux permis d\u2019exploration et de recherche d\u2019hydrocarbures sera\" \/>\n<meta property=\"og:url\" content=\"https:\/\/lasentinelle.dz\/index.php\/2024\/08\/07\/arkab-en-visite-de-travail-au-niger-la-reprise-des-activites-de-sonatrach-au-coeur-des-discussions\/\" \/>\n<meta property=\"og:site_name\" content=\"La Sentinelle\" \/>\n<meta property=\"article:publisher\" content=\"https:\/\/www.facebook.com\/La-Sentinelle-104059864394773\" \/>\n<meta property=\"article:published_time\" content=\"2024-08-07T12:23:40+00:00\" \/>\n<meta property=\"article:modified_time\" content=\"2024-08-07T12:23:41+00:00\" \/>\n<meta property=\"og:image\" content=\"https:\/\/lasentinelle.dz\/wp-content\/uploads\/2022\/12\/Sonatrach-1.png\" \/>\n\t<meta property=\"og:image:width\" content=\"1349\" \/>\n\t<meta property=\"og:image:height\" content=\"900\" \/>\n\t<meta property=\"og:image:type\" content=\"image\/png\" \/>\n<meta name=\"author\" content=\"La Sentinelle\" \/>\n<meta name=\"twitter:card\" content=\"summary_large_image\" \/>\n<meta name=\"twitter:label1\" content=\"\u00c9crit par\" \/>\n\t<meta name=\"twitter:data1\" content=\"La Sentinelle\" \/>\n\t<meta name=\"twitter:label2\" content=\"Dur\u00e9e de lecture estim\u00e9e\" \/>\n\t<meta name=\"twitter:data2\" content=\"4 minutes\" \/>\n<script type=\"application\/ld+json\" class=\"yoast-schema-graph\">{\"@context\":\"https:\\\/\\\/schema.org\",\"@graph\":[{\"@type\":\"Article\",\"@id\":\"https:\\\/\\\/lasentinelle.dz\\\/index.php\\\/2024\\\/08\\\/07\\\/arkab-en-visite-de-travail-au-niger-la-reprise-des-activites-de-sonatrach-au-coeur-des-discussions\\\/#article\",\"isPartOf\":{\"@id\":\"https:\\\/\\\/lasentinelle.dz\\\/index.php\\\/2024\\\/08\\\/07\\\/arkab-en-visite-de-travail-au-niger-la-reprise-des-activites-de-sonatrach-au-coeur-des-discussions\\\/\"},\"author\":{\"name\":\"La Sentinelle\",\"@id\":\"https:\\\/\\\/lasentinelle.dz\\\/#\\\/schema\\\/person\\\/d865044e22e70a75174ce8bcad3acfb3\"},\"headline\":\"Arkab en visite de travail au Niger : La reprise des activit\u00e9s de Sonatrach au c\u0153ur des discussions\",\"datePublished\":\"2024-08-07T12:23:40+00:00\",\"dateModified\":\"2024-08-07T12:23:41+00:00\",\"mainEntityOfPage\":{\"@id\":\"https:\\\/\\\/lasentinelle.dz\\\/index.php\\\/2024\\\/08\\\/07\\\/arkab-en-visite-de-travail-au-niger-la-reprise-des-activites-de-sonatrach-au-coeur-des-discussions\\\/\"},\"wordCount\":809,\"commentCount\":0,\"publisher\":{\"@id\":\"https:\\\/\\\/lasentinelle.dz\\\/#organization\"},\"image\":{\"@id\":\"https:\\\/\\\/lasentinelle.dz\\\/index.php\\\/2024\\\/08\\\/07\\\/arkab-en-visite-de-travail-au-niger-la-reprise-des-activites-de-sonatrach-au-coeur-des-discussions\\\/#primaryimage\"},\"thumbnailUrl\":\"https:\\\/\\\/lasentinelle.dz\\\/wp-content\\\/uploads\\\/2022\\\/12\\\/Sonatrach-1.png\",\"articleSection\":[\"\u00c0 la Une\",\"\u00c9conomie\"],\"inLanguage\":\"fr-FR\",\"potentialAction\":[{\"@type\":\"CommentAction\",\"name\":\"Comment\",\"target\":[\"https:\\\/\\\/lasentinelle.dz\\\/index.php\\\/2024\\\/08\\\/07\\\/arkab-en-visite-de-travail-au-niger-la-reprise-des-activites-de-sonatrach-au-coeur-des-discussions\\\/#respond\"]}]},{\"@type\":\"WebPage\",\"@id\":\"https:\\\/\\\/lasentinelle.dz\\\/index.php\\\/2024\\\/08\\\/07\\\/arkab-en-visite-de-travail-au-niger-la-reprise-des-activites-de-sonatrach-au-coeur-des-discussions\\\/\",\"url\":\"https:\\\/\\\/lasentinelle.dz\\\/index.php\\\/2024\\\/08\\\/07\\\/arkab-en-visite-de-travail-au-niger-la-reprise-des-activites-de-sonatrach-au-coeur-des-discussions\\\/\",\"name\":\"Arkab en visite de travail au Niger : La reprise des activit\u00e9s de Sonatrach au c\u0153ur des discussions - La Sentinelle\",\"isPartOf\":{\"@id\":\"https:\\\/\\\/lasentinelle.dz\\\/#website\"},\"primaryImageOfPage\":{\"@id\":\"https:\\\/\\\/lasentinelle.dz\\\/index.php\\\/2024\\\/08\\\/07\\\/arkab-en-visite-de-travail-au-niger-la-reprise-des-activites-de-sonatrach-au-coeur-des-discussions\\\/#primaryimage\"},\"image\":{\"@id\":\"https:\\\/\\\/lasentinelle.dz\\\/index.php\\\/2024\\\/08\\\/07\\\/arkab-en-visite-de-travail-au-niger-la-reprise-des-activites-de-sonatrach-au-coeur-des-discussions\\\/#primaryimage\"},\"thumbnailUrl\":\"https:\\\/\\\/lasentinelle.dz\\\/wp-content\\\/uploads\\\/2022\\\/12\\\/Sonatrach-1.png\",\"datePublished\":\"2024-08-07T12:23:40+00:00\",\"dateModified\":\"2024-08-07T12:23:41+00:00\",\"breadcrumb\":{\"@id\":\"https:\\\/\\\/lasentinelle.dz\\\/index.php\\\/2024\\\/08\\\/07\\\/arkab-en-visite-de-travail-au-niger-la-reprise-des-activites-de-sonatrach-au-coeur-des-discussions\\\/#breadcrumb\"},\"inLanguage\":\"fr-FR\",\"potentialAction\":[{\"@type\":\"ReadAction\",\"target\":[\"https:\\\/\\\/lasentinelle.dz\\\/index.php\\\/2024\\\/08\\\/07\\\/arkab-en-visite-de-travail-au-niger-la-reprise-des-activites-de-sonatrach-au-coeur-des-discussions\\\/\"]}]},{\"@type\":\"ImageObject\",\"inLanguage\":\"fr-FR\",\"@id\":\"https:\\\/\\\/lasentinelle.dz\\\/index.php\\\/2024\\\/08\\\/07\\\/arkab-en-visite-de-travail-au-niger-la-reprise-des-activites-de-sonatrach-au-coeur-des-discussions\\\/#primaryimage\",\"url\":\"https:\\\/\\\/lasentinelle.dz\\\/wp-content\\\/uploads\\\/2022\\\/12\\\/Sonatrach-1.png\",\"contentUrl\":\"https:\\\/\\\/lasentinelle.dz\\\/wp-content\\\/uploads\\\/2022\\\/12\\\/Sonatrach-1.png\",\"width\":1349,\"height\":900},{\"@type\":\"BreadcrumbList\",\"@id\":\"https:\\\/\\\/lasentinelle.dz\\\/index.php\\\/2024\\\/08\\\/07\\\/arkab-en-visite-de-travail-au-niger-la-reprise-des-activites-de-sonatrach-au-coeur-des-discussions\\\/#breadcrumb\",\"itemListElement\":[{\"@type\":\"ListItem\",\"position\":1,\"name\":\"Accueil\",\"item\":\"https:\\\/\\\/lasentinelle.dz\\\/\"},{\"@type\":\"ListItem\",\"position\":2,\"name\":\"Arkab en visite de travail au Niger : La reprise des activit\u00e9s de Sonatrach au c\u0153ur des discussions\"}]},{\"@type\":\"WebSite\",\"@id\":\"https:\\\/\\\/lasentinelle.dz\\\/#website\",\"url\":\"https:\\\/\\\/lasentinelle.dz\\\/\",\"name\":\"La Sentinelle\",\"description\":\"Quotidien national d&#039;information\",\"publisher\":{\"@id\":\"https:\\\/\\\/lasentinelle.dz\\\/#organization\"},\"potentialAction\":[{\"@type\":\"SearchAction\",\"target\":{\"@type\":\"EntryPoint\",\"urlTemplate\":\"https:\\\/\\\/lasentinelle.dz\\\/?s={search_term_string}\"},\"query-input\":{\"@type\":\"PropertyValueSpecification\",\"valueRequired\":true,\"valueName\":\"search_term_string\"}}],\"inLanguage\":\"fr-FR\"},{\"@type\":\"Organization\",\"@id\":\"https:\\\/\\\/lasentinelle.dz\\\/#organization\",\"name\":\"Quotidien La Sentinelle\",\"url\":\"https:\\\/\\\/lasentinelle.dz\\\/\",\"logo\":{\"@type\":\"ImageObject\",\"inLanguage\":\"fr-FR\",\"@id\":\"https:\\\/\\\/lasentinelle.dz\\\/#\\\/schema\\\/logo\\\/image\\\/\",\"url\":\"https:\\\/\\\/lasentinelle.dz\\\/wp-content\\\/uploads\\\/2021\\\/09\\\/logo-sentinelleSLOGAN-1.png\",\"contentUrl\":\"https:\\\/\\\/lasentinelle.dz\\\/wp-content\\\/uploads\\\/2021\\\/09\\\/logo-sentinelleSLOGAN-1.png\",\"width\":615,\"height\":142,\"caption\":\"Quotidien La Sentinelle\"},\"image\":{\"@id\":\"https:\\\/\\\/lasentinelle.dz\\\/#\\\/schema\\\/logo\\\/image\\\/\"},\"sameAs\":[\"https:\\\/\\\/www.facebook.com\\\/La-Sentinelle-104059864394773\"]},{\"@type\":\"Person\",\"@id\":\"https:\\\/\\\/lasentinelle.dz\\\/#\\\/schema\\\/person\\\/d865044e22e70a75174ce8bcad3acfb3\",\"name\":\"La Sentinelle\",\"image\":{\"@type\":\"ImageObject\",\"inLanguage\":\"fr-FR\",\"@id\":\"https:\\\/\\\/secure.gravatar.com\\\/avatar\\\/57de8e5d4b15d43fb361a71fbb36338450fe67865b528a43dd10ef7c51a20392?s=96&d=mm&r=g\",\"url\":\"https:\\\/\\\/secure.gravatar.com\\\/avatar\\\/57de8e5d4b15d43fb361a71fbb36338450fe67865b528a43dd10ef7c51a20392?s=96&d=mm&r=g\",\"contentUrl\":\"https:\\\/\\\/secure.gravatar.com\\\/avatar\\\/57de8e5d4b15d43fb361a71fbb36338450fe67865b528a43dd10ef7c51a20392?s=96&d=mm&r=g\",\"caption\":\"La Sentinelle\"},\"sameAs\":[\"http:\\\/\\\/www.lasentinelle.dz\"],\"url\":\"https:\\\/\\\/lasentinelle.dz\\\/author\\\/redaction\\\/\"}]}<\/script>\n<!-- \/ Yoast SEO plugin. -->","yoast_head_json":{"title":"Arkab en visite de travail au Niger : La reprise des activit\u00e9s de Sonatrach au c\u0153ur des discussions - La Sentinelle","robots":{"index":"index","follow":"follow","max-snippet":"max-snippet:-1","max-image-preview":"max-image-preview:large","max-video-preview":"max-video-preview:-1"},"canonical":"https:\/\/lasentinelle.dz\/index.php\/2024\/08\/07\/arkab-en-visite-de-travail-au-niger-la-reprise-des-activites-de-sonatrach-au-coeur-des-discussions\/","og_locale":"fr_FR","og_type":"article","og_title":"Arkab en visite de travail au Niger : La reprise des activit\u00e9s de Sonatrach au c\u0153ur des discussions - La Sentinelle","og_description":"La reprise des activit\u00e9s du groupe Sonatrach au Niger o\u00f9 il d\u00e9tient deux permis d\u2019exploration et de recherche d\u2019hydrocarbures sera","og_url":"https:\/\/lasentinelle.dz\/index.php\/2024\/08\/07\/arkab-en-visite-de-travail-au-niger-la-reprise-des-activites-de-sonatrach-au-coeur-des-discussions\/","og_site_name":"La Sentinelle","article_publisher":"https:\/\/www.facebook.com\/La-Sentinelle-104059864394773","article_published_time":"2024-08-07T12:23:40+00:00","article_modified_time":"2024-08-07T12:23:41+00:00","og_image":[{"width":1349,"height":900,"url":"https:\/\/lasentinelle.dz\/wp-content\/uploads\/2022\/12\/Sonatrach-1.png","type":"image\/png"}],"author":"La Sentinelle","twitter_card":"summary_large_image","twitter_misc":{"\u00c9crit par":"La Sentinelle","Dur\u00e9e de lecture estim\u00e9e":"4 minutes"},"schema":{"@context":"https:\/\/schema.org","@graph":[{"@type":"Article","@id":"https:\/\/lasentinelle.dz\/index.php\/2024\/08\/07\/arkab-en-visite-de-travail-au-niger-la-reprise-des-activites-de-sonatrach-au-coeur-des-discussions\/#article","isPartOf":{"@id":"https:\/\/lasentinelle.dz\/index.php\/2024\/08\/07\/arkab-en-visite-de-travail-au-niger-la-reprise-des-activites-de-sonatrach-au-coeur-des-discussions\/"},"author":{"name":"La Sentinelle","@id":"https:\/\/lasentinelle.dz\/#\/schema\/person\/d865044e22e70a75174ce8bcad3acfb3"},"headline":"Arkab en visite de travail au Niger : La reprise des activit\u00e9s de Sonatrach au c\u0153ur des discussions","datePublished":"2024-08-07T12:23:40+00:00","dateModified":"2024-08-07T12:23:41+00:00","mainEntityOfPage":{"@id":"https:\/\/lasentinelle.dz\/index.php\/2024\/08\/07\/arkab-en-visite-de-travail-au-niger-la-reprise-des-activites-de-sonatrach-au-coeur-des-discussions\/"},"wordCount":809,"commentCount":0,"publisher":{"@id":"https:\/\/lasentinelle.dz\/#organization"},"image":{"@id":"https:\/\/lasentinelle.dz\/index.php\/2024\/08\/07\/arkab-en-visite-de-travail-au-niger-la-reprise-des-activites-de-sonatrach-au-coeur-des-discussions\/#primaryimage"},"thumbnailUrl":"https:\/\/lasentinelle.dz\/wp-content\/uploads\/2022\/12\/Sonatrach-1.png","articleSection":["\u00c0 la Une","\u00c9conomie"],"inLanguage":"fr-FR","potentialAction":[{"@type":"CommentAction","name":"Comment","target":["https:\/\/lasentinelle.dz\/index.php\/2024\/08\/07\/arkab-en-visite-de-travail-au-niger-la-reprise-des-activites-de-sonatrach-au-coeur-des-discussions\/#respond"]}]},{"@type":"WebPage","@id":"https:\/\/lasentinelle.dz\/index.php\/2024\/08\/07\/arkab-en-visite-de-travail-au-niger-la-reprise-des-activites-de-sonatrach-au-coeur-des-discussions\/","url":"https:\/\/lasentinelle.dz\/index.php\/2024\/08\/07\/arkab-en-visite-de-travail-au-niger-la-reprise-des-activites-de-sonatrach-au-coeur-des-discussions\/","name":"Arkab en visite de travail au Niger : La reprise des activit\u00e9s de Sonatrach au c\u0153ur des discussions - La Sentinelle","isPartOf":{"@id":"https:\/\/lasentinelle.dz\/#website"},"primaryImageOfPage":{"@id":"https:\/\/lasentinelle.dz\/index.php\/2024\/08\/07\/arkab-en-visite-de-travail-au-niger-la-reprise-des-activites-de-sonatrach-au-coeur-des-discussions\/#primaryimage"},"image":{"@id":"https:\/\/lasentinelle.dz\/index.php\/2024\/08\/07\/arkab-en-visite-de-travail-au-niger-la-reprise-des-activites-de-sonatrach-au-coeur-des-discussions\/#primaryimage"},"thumbnailUrl":"https:\/\/lasentinelle.dz\/wp-content\/uploads\/2022\/12\/Sonatrach-1.png","datePublished":"2024-08-07T12:23:40+00:00","dateModified":"2024-08-07T12:23:41+00:00","breadcrumb":{"@id":"https:\/\/lasentinelle.dz\/index.php\/2024\/08\/07\/arkab-en-visite-de-travail-au-niger-la-reprise-des-activites-de-sonatrach-au-coeur-des-discussions\/#breadcrumb"},"inLanguage":"fr-FR","potentialAction":[{"@type":"ReadAction","target":["https:\/\/lasentinelle.dz\/index.php\/2024\/08\/07\/arkab-en-visite-de-travail-au-niger-la-reprise-des-activites-de-sonatrach-au-coeur-des-discussions\/"]}]},{"@type":"ImageObject","inLanguage":"fr-FR","@id":"https:\/\/lasentinelle.dz\/index.php\/2024\/08\/07\/arkab-en-visite-de-travail-au-niger-la-reprise-des-activites-de-sonatrach-au-coeur-des-discussions\/#primaryimage","url":"https:\/\/lasentinelle.dz\/wp-content\/uploads\/2022\/12\/Sonatrach-1.png","contentUrl":"https:\/\/lasentinelle.dz\/wp-content\/uploads\/2022\/12\/Sonatrach-1.png","width":1349,"height":900},{"@type":"BreadcrumbList","@id":"https:\/\/lasentinelle.dz\/index.php\/2024\/08\/07\/arkab-en-visite-de-travail-au-niger-la-reprise-des-activites-de-sonatrach-au-coeur-des-discussions\/#breadcrumb","itemListElement":[{"@type":"ListItem","position":1,"name":"Accueil","item":"https:\/\/lasentinelle.dz\/"},{"@type":"ListItem","position":2,"name":"Arkab en visite de travail au Niger : La reprise des activit\u00e9s de Sonatrach au c\u0153ur des discussions"}]},{"@type":"WebSite","@id":"https:\/\/lasentinelle.dz\/#website","url":"https:\/\/lasentinelle.dz\/","name":"La Sentinelle","description":"Quotidien national d&#039;information","publisher":{"@id":"https:\/\/lasentinelle.dz\/#organization"},"potentialAction":[{"@type":"SearchAction","target":{"@type":"EntryPoint","urlTemplate":"https:\/\/lasentinelle.dz\/?s={search_term_string}"},"query-input":{"@type":"PropertyValueSpecification","valueRequired":true,"valueName":"search_term_string"}}],"inLanguage":"fr-FR"},{"@type":"Organization","@id":"https:\/\/lasentinelle.dz\/#organization","name":"Quotidien La Sentinelle","url":"https:\/\/lasentinelle.dz\/","logo":{"@type":"ImageObject","inLanguage":"fr-FR","@id":"https:\/\/lasentinelle.dz\/#\/schema\/logo\/image\/","url":"https:\/\/lasentinelle.dz\/wp-content\/uploads\/2021\/09\/logo-sentinelleSLOGAN-1.png","contentUrl":"https:\/\/lasentinelle.dz\/wp-content\/uploads\/2021\/09\/logo-sentinelleSLOGAN-1.png","width":615,"height":142,"caption":"Quotidien La Sentinelle"},"image":{"@id":"https:\/\/lasentinelle.dz\/#\/schema\/logo\/image\/"},"sameAs":["https:\/\/www.facebook.com\/La-Sentinelle-104059864394773"]},{"@type":"Person","@id":"https:\/\/lasentinelle.dz\/#\/schema\/person\/d865044e22e70a75174ce8bcad3acfb3","name":"La Sentinelle","image":{"@type":"ImageObject","inLanguage":"fr-FR","@id":"https:\/\/secure.gravatar.com\/avatar\/57de8e5d4b15d43fb361a71fbb36338450fe67865b528a43dd10ef7c51a20392?s=96&d=mm&r=g","url":"https:\/\/secure.gravatar.com\/avatar\/57de8e5d4b15d43fb361a71fbb36338450fe67865b528a43dd10ef7c51a20392?s=96&d=mm&r=g","contentUrl":"https:\/\/secure.gravatar.com\/avatar\/57de8e5d4b15d43fb361a71fbb36338450fe67865b528a43dd10ef7c51a20392?s=96&d=mm&r=g","caption":"La Sentinelle"},"sameAs":["http:\/\/www.lasentinelle.dz"],"url":"https:\/\/lasentinelle.dz\/author\/redaction\/"}]}},"_links":{"self":[{"href":"https:\/\/lasentinelle.dz\/index.php\/wp-json\/wp\/v2\/posts\/55419","targetHints":{"allow":["GET"]}}],"collection":[{"href":"https:\/\/lasentinelle.dz\/index.php\/wp-json\/wp\/v2\/posts"}],"about":[{"href":"https:\/\/lasentinelle.dz\/index.php\/wp-json\/wp\/v2\/types\/post"}],"author":[{"embeddable":true,"href":"https:\/\/lasentinelle.dz\/index.php\/wp-json\/wp\/v2\/users\/3"}],"replies":[{"embeddable":true,"href":"https:\/\/lasentinelle.dz\/index.php\/wp-json\/wp\/v2\/comments?post=55419"}],"version-history":[{"count":1,"href":"https:\/\/lasentinelle.dz\/index.php\/wp-json\/wp\/v2\/posts\/55419\/revisions"}],"predecessor-version":[{"id":55420,"href":"https:\/\/lasentinelle.dz\/index.php\/wp-json\/wp\/v2\/posts\/55419\/revisions\/55420"}],"wp:featuredmedia":[{"embeddable":true,"href":"https:\/\/lasentinelle.dz\/index.php\/wp-json\/wp\/v2\/media\/33165"}],"wp:attachment":[{"href":"https:\/\/lasentinelle.dz\/index.php\/wp-json\/wp\/v2\/media?parent=55419"}],"wp:term":[{"taxonomy":"category","embeddable":true,"href":"https:\/\/lasentinelle.dz\/index.php\/wp-json\/wp\/v2\/categories?post=55419"},{"taxonomy":"post_tag","embeddable":true,"href":"https:\/\/lasentinelle.dz\/index.php\/wp-json\/wp\/v2\/tags?post=55419"}],"curies":[{"name":"wp","href":"https:\/\/api.w.org\/{rel}","templated":true}]}}