{"id":55421,"date":"2024-08-07T13:24:52","date_gmt":"2024-08-07T12:24:52","guid":{"rendered":"https:\/\/lasentinelle.dz\/?p=55421"},"modified":"2024-08-07T13:24:53","modified_gmt":"2024-08-07T12:24:53","slug":"bendjama-souligne-le-besoin-urgent-dun-acces-humanitaire-sans-entrave-au-soudan","status":"publish","type":"post","link":"https:\/\/lasentinelle.dz\/index.php\/2024\/08\/07\/bendjama-souligne-le-besoin-urgent-dun-acces-humanitaire-sans-entrave-au-soudan\/","title":{"rendered":"Bendjama\u00a0souligne le \u00ab\u00a0besoin urgent d&rsquo;un acc\u00e8s humanitaire sans entrave\u00a0\u00bb au Soudan"},"content":{"rendered":"\n<p>Le repr\u00e9sentant permanent de l&rsquo;Alg\u00e9rie aupr\u00e8s des Nations unies, l&rsquo;ambassadeur Amar Bendjama a soulign\u00e9 mardi le \u00ab\u00a0besoin urgent d&rsquo;un acc\u00e8s humanitaire sans entrave\u00a0\u00bb au Soudan, r\u00e9it\u00e9rant son appel \u00e0 la communaut\u00e9 internationale pour qu&rsquo;elle \u00ab\u00a0redouble d&rsquo;efforts\u00a0\u00bb afin d'\u00a0\u00bbam\u00e9liorer le financement humanitaire et renforcer la r\u00e9ponse r\u00e9gionale\u00a0\u00bb \u00e0 la situation humanitaire \u00ab\u00a0catastrophique\u00a0\u00bb qui pr\u00e9vaut dans ce pays. Dans une d\u00e9claration devant les membres du Conseil de s\u00e9curit\u00e9 de l&rsquo;ONU sur la situation humanitaire au Soudan, lue au nom du groupe A3+, M. Bendjama a mis l&rsquo;accent sur \u00ab\u00a0le besoin urgent d&rsquo;un acc\u00e8s humanitaire sans entrave\u00a0\u00bb, affirmant que \u00ab\u00a0toutes les parties doivent jouer leur r\u00f4le pour faciliter l&rsquo;acheminement de l&rsquo;aide humanitaire essentielle au-del\u00e0 des fronti\u00e8res et des lignes de conflit\u00a0\u00bb. Il a estim\u00e9, \u00e0 ce titre, que \u00ab\u00a0de multiples points d&rsquo;acc\u00e8s transfrontaliers sont plus que jamais n\u00e9cessaires pour \u00e9viter une nouvelle catastrophe humanitaire\u00a0\u00bb. \u00ab\u00a0Nous encourageons \u00e9galement les efforts collectifs et la coop\u00e9ration soutenue du gouvernement soudanais pour d\u00e9ployer tous les moyens n\u00e9cessaires pour garantir que l&rsquo;aide vitale parvienne aux personnes prises au pi\u00e8ge dans les zones de conflit\u00a0\u00bb, a-t-il ajout\u00e9. A cet \u00e9gard, il a fait remarquer que plus de 25 millions de personnes au Soudan sont confront\u00e9es \u00e0 une ins\u00e9curit\u00e9 alimentaire aigu\u00eb, et des centaines de milliers de personnes sont confront\u00e9es \u00e0 deux seules r\u00e9alit\u00e9s sinistres : la guerre et la famine. De plus, a-t-il poursuivi, les projections pour les prochains mois concernant les moyens de subsistance, les flux commerciaux, l&rsquo;acc\u00e8s humanitaire et les \u00e9pid\u00e9mies sont \u00ab\u00a0alarmantes\u00a0\u00bb. Pour le repr\u00e9sentant permanent de l&rsquo;Alg\u00e9rie aupr\u00e8s des Nations unies, \u00ab\u00a0l&rsquo;acc\u00e8s humanitaire doit aller de pair avec des ressources accrues et un financement ad\u00e9quat pour all\u00e9ger les souffrances du peuple soudanais\u00a0\u00bb, d\u00e9plorant que \u00ab\u00a0le Plan de r\u00e9ponse humanitaire pour le Soudan restait dot\u00e9 de moins de 35 % de ressources\u00a0\u00bb et que \u00ab\u00a0la situation du Plan r\u00e9gional de r\u00e9ponse aux r\u00e9fugi\u00e9s soit similaire\u00a0\u00bb. \u00ab\u00a0Nous r\u00e9it\u00e9rons donc notre appel \u00e0 la communaut\u00e9 internationale pour qu&rsquo;elle redouble d&rsquo;efforts pour am\u00e9liorer le financement humanitaire et renforcer la r\u00e9ponse r\u00e9gionale, en particulier dans les pays voisins, afin de soutenir ceux qui parviennent \u00e0 \u00e9chapper au conflit\u00a0\u00bb, a-t-il insist\u00e9. Se disant \u00ab\u00a0gravement pr\u00e9occup\u00e9\u00a0\u00bb par le si\u00e8ge impos\u00e9 par les Forces de soutien rapide (FSR) sur la ville d&rsquo;El-Fasher et les affrontements meurtriers dans les villages environnants, M. Bendjama a appel\u00e9 les parties bellig\u00e9rantes \u00e0 \u00ab\u00a0donner la priorit\u00e9 au peuple soudanais\u00a0\u00bb et a r\u00e9it\u00e9r\u00e9 son appel \u00e0 \u00ab\u00a0un cessez-le-feu humanitaire pour permettre une \u00e9vacuation en toute s\u00e9curit\u00e9 vers des zones s\u00fbres\u00a0\u00bb. Il a salu\u00e9, dans ce contexte, les efforts de m\u00e9diation en cours, notamment les r\u00e9cents pourparlers de Gen\u00e8ve convoqu\u00e9s par l&rsquo;Envoy\u00e9 personnel du Secr\u00e9taire g\u00e9n\u00e9ral, appelant les parties \u00e0 \u00ab\u00a0y participer de bonne foi\u00a0\u00bb. M. Bendjama a apport\u00e9, \u00e0 ce propos, son plein soutien aux efforts de m\u00e9diation y compris ceux de l&rsquo;Union africaine et de l&rsquo;IGAD pour apporter la paix et la stabilit\u00e9 au Soudan. \u00ab\u00a0Nous saisissons \u00e9galement cette occasion pour souligner la n\u00e9cessit\u00e9 d&rsquo;efforts coordonn\u00e9s, en s&rsquo;appuyant sur les initiatives de m\u00e9diation existantes et futures, en \u00e9vitant les cloisonnements et les actions dupliqu\u00e9es\u00a0\u00bb, a-t-il encore ajout\u00e9, qualifiant la r\u00e9cente m\u00e9diation de Djibouti d'\u00a0\u00bbun autre pas dans la bonne direction\u00a0\u00bb. D\u00e9non\u00e7ant les \u00ab\u00a0ing\u00e9rences ext\u00e9rieures, qui alimentent la crise et entravent les progr\u00e8s vers la paix\u00a0\u00bb, le repr\u00e9sentant permanent de l&rsquo;Alg\u00e9rie aupr\u00e8s des Nations unies a soulign\u00e9 l&rsquo;importance que ces ing\u00e9rences soient \u00ab\u00a0publiquement et fermement condamn\u00e9es\u00a0\u00bb. Il a jug\u00e9 \u00ab\u00a0crucial\u00a0\u00bb que la communaut\u00e9 internationale s&rsquo;unisse pour mettre fin aux souffrances indescriptibles du peuple soudanais et lui permettre de vivre en paix et en s\u00e9curit\u00e9. \u00ab\u00a0Nous ne pouvons pas rester les bras crois\u00e9s alors qu&rsquo;une nation enti\u00e8re est au bord de l&rsquo;effondrement\u00a0\u00bb, a-t-il d\u00e9clar\u00e9, soutenant qu'\u00a0\u00bbil est temps d&rsquo;agir\u00a0\u00bb. \u00ab\u00a0Chaque instant de retard co\u00fbte des vies pr\u00e9cieuses\u00a0\u00bb, a-t-il averti. APS<\/p>\n","protected":false},"excerpt":{"rendered":"<p>Le repr\u00e9sentant permanent de l&rsquo;Alg\u00e9rie aupr\u00e8s des Nations unies, l&rsquo;ambassadeur Amar Bendjama a soulign\u00e9 mardi le \u00ab\u00a0besoin urgent d&rsquo;un acc\u00e8s<\/p>\n","protected":false},"author":3,"featured_media":48688,"comment_status":"open","ping_status":"closed","sticky":false,"template":"","format":"standard","meta":{"colormag_page_container_layout":"default_layout","colormag_page_sidebar_layout":"default_layout","om_disable_all_campaigns":false,"_monsterinsights_skip_tracking":false,"_monsterinsights_sitenote_active":false,"_monsterinsights_sitenote_note":"","_monsterinsights_sitenote_category":0,"footnotes":"","_wpscppro_dont_share_socialmedia":false,"_wpscppro_custom_social_share_image":0,"_facebook_share_type":"default","_twitter_share_type":"default","_linkedin_share_type":"default","_pinterest_share_type":"default","_linkedin_share_type_page":"","_instagram_share_type":"default","_medium_share_type":"","_threads_share_type":"","_google_business_share_type":"","_selected_social_profile":[],"_wpsp_enable_custom_social_template":false,"_wpsp_social_scheduling":{"enabled":false,"datetime":null,"platforms":[],"status":"template_only","dateOption":"today","timeOption":"now","customDays":"","customHours":"","customDate":"","customTime":"","schedulingType":"absolute"},"_wpsp_active_default_template":true},"categories":[27],"tags":[],"class_list":["post-55421","post","type-post","status-publish","format-standard","has-post-thumbnail","hentry","category-actualite"],"aioseo_notices":[],"yoast_head":"<!-- This site is optimized with the Yoast SEO plugin v27.5 - https:\/\/yoast.com\/product\/yoast-seo-wordpress\/ -->\n<title>Bendjama\u00a0souligne le \u00ab\u00a0besoin urgent d&rsquo;un acc\u00e8s humanitaire sans entrave\u00a0\u00bb au Soudan - La Sentinelle<\/title>\n<meta name=\"robots\" content=\"index, follow, max-snippet:-1, max-image-preview:large, max-video-preview:-1\" \/>\n<link rel=\"canonical\" href=\"https:\/\/lasentinelle.dz\/index.php\/2024\/08\/07\/bendjama-souligne-le-besoin-urgent-dun-acces-humanitaire-sans-entrave-au-soudan\/\" \/>\n<meta property=\"og:locale\" content=\"fr_FR\" \/>\n<meta property=\"og:type\" content=\"article\" \/>\n<meta property=\"og:title\" content=\"Bendjama\u00a0souligne le \u00ab\u00a0besoin urgent d&rsquo;un acc\u00e8s humanitaire sans entrave\u00a0\u00bb au Soudan - La Sentinelle\" \/>\n<meta property=\"og:description\" content=\"Le repr\u00e9sentant permanent de l&rsquo;Alg\u00e9rie aupr\u00e8s des Nations unies, l&rsquo;ambassadeur Amar Bendjama a soulign\u00e9 mardi le \u00ab\u00a0besoin urgent d&rsquo;un acc\u00e8s\" \/>\n<meta property=\"og:url\" content=\"https:\/\/lasentinelle.dz\/index.php\/2024\/08\/07\/bendjama-souligne-le-besoin-urgent-dun-acces-humanitaire-sans-entrave-au-soudan\/\" \/>\n<meta property=\"og:site_name\" content=\"La Sentinelle\" \/>\n<meta property=\"article:publisher\" content=\"https:\/\/www.facebook.com\/La-Sentinelle-104059864394773\" \/>\n<meta property=\"article:published_time\" content=\"2024-08-07T12:24:52+00:00\" \/>\n<meta property=\"article:modified_time\" content=\"2024-08-07T12:24:53+00:00\" \/>\n<meta property=\"og:image\" content=\"https:\/\/lasentinelle.dz\/wp-content\/uploads\/2024\/01\/amar-Bendjama.jpeg\" \/>\n\t<meta property=\"og:image:width\" content=\"745\" \/>\n\t<meta property=\"og:image:height\" content=\"470\" \/>\n\t<meta property=\"og:image:type\" content=\"image\/jpeg\" \/>\n<meta name=\"author\" content=\"La Sentinelle\" \/>\n<meta name=\"twitter:card\" content=\"summary_large_image\" \/>\n<meta name=\"twitter:label1\" content=\"\u00c9crit par\" \/>\n\t<meta name=\"twitter:data1\" content=\"La Sentinelle\" \/>\n\t<meta name=\"twitter:label2\" content=\"Dur\u00e9e de lecture estim\u00e9e\" \/>\n\t<meta name=\"twitter:data2\" content=\"4 minutes\" \/>\n<script type=\"application\/ld+json\" class=\"yoast-schema-graph\">{\"@context\":\"https:\\\/\\\/schema.org\",\"@graph\":[{\"@type\":\"Article\",\"@id\":\"https:\\\/\\\/lasentinelle.dz\\\/index.php\\\/2024\\\/08\\\/07\\\/bendjama-souligne-le-besoin-urgent-dun-acces-humanitaire-sans-entrave-au-soudan\\\/#article\",\"isPartOf\":{\"@id\":\"https:\\\/\\\/lasentinelle.dz\\\/index.php\\\/2024\\\/08\\\/07\\\/bendjama-souligne-le-besoin-urgent-dun-acces-humanitaire-sans-entrave-au-soudan\\\/\"},\"author\":{\"name\":\"La Sentinelle\",\"@id\":\"https:\\\/\\\/lasentinelle.dz\\\/#\\\/schema\\\/person\\\/d865044e22e70a75174ce8bcad3acfb3\"},\"headline\":\"Bendjama\u00a0souligne le \u00ab\u00a0besoin urgent d&rsquo;un acc\u00e8s humanitaire sans entrave\u00a0\u00bb au Soudan\",\"datePublished\":\"2024-08-07T12:24:52+00:00\",\"dateModified\":\"2024-08-07T12:24:53+00:00\",\"mainEntityOfPage\":{\"@id\":\"https:\\\/\\\/lasentinelle.dz\\\/index.php\\\/2024\\\/08\\\/07\\\/bendjama-souligne-le-besoin-urgent-dun-acces-humanitaire-sans-entrave-au-soudan\\\/\"},\"wordCount\":734,\"commentCount\":0,\"publisher\":{\"@id\":\"https:\\\/\\\/lasentinelle.dz\\\/#organization\"},\"image\":{\"@id\":\"https:\\\/\\\/lasentinelle.dz\\\/index.php\\\/2024\\\/08\\\/07\\\/bendjama-souligne-le-besoin-urgent-dun-acces-humanitaire-sans-entrave-au-soudan\\\/#primaryimage\"},\"thumbnailUrl\":\"https:\\\/\\\/lasentinelle.dz\\\/wp-content\\\/uploads\\\/2024\\\/01\\\/amar-Bendjama.jpeg\",\"articleSection\":[\"Actualit\u00e9\"],\"inLanguage\":\"fr-FR\",\"potentialAction\":[{\"@type\":\"CommentAction\",\"name\":\"Comment\",\"target\":[\"https:\\\/\\\/lasentinelle.dz\\\/index.php\\\/2024\\\/08\\\/07\\\/bendjama-souligne-le-besoin-urgent-dun-acces-humanitaire-sans-entrave-au-soudan\\\/#respond\"]}]},{\"@type\":\"WebPage\",\"@id\":\"https:\\\/\\\/lasentinelle.dz\\\/index.php\\\/2024\\\/08\\\/07\\\/bendjama-souligne-le-besoin-urgent-dun-acces-humanitaire-sans-entrave-au-soudan\\\/\",\"url\":\"https:\\\/\\\/lasentinelle.dz\\\/index.php\\\/2024\\\/08\\\/07\\\/bendjama-souligne-le-besoin-urgent-dun-acces-humanitaire-sans-entrave-au-soudan\\\/\",\"name\":\"Bendjama\u00a0souligne le \u00ab\u00a0besoin urgent d&rsquo;un acc\u00e8s humanitaire sans entrave\u00a0\u00bb au Soudan - La Sentinelle\",\"isPartOf\":{\"@id\":\"https:\\\/\\\/lasentinelle.dz\\\/#website\"},\"primaryImageOfPage\":{\"@id\":\"https:\\\/\\\/lasentinelle.dz\\\/index.php\\\/2024\\\/08\\\/07\\\/bendjama-souligne-le-besoin-urgent-dun-acces-humanitaire-sans-entrave-au-soudan\\\/#primaryimage\"},\"image\":{\"@id\":\"https:\\\/\\\/lasentinelle.dz\\\/index.php\\\/2024\\\/08\\\/07\\\/bendjama-souligne-le-besoin-urgent-dun-acces-humanitaire-sans-entrave-au-soudan\\\/#primaryimage\"},\"thumbnailUrl\":\"https:\\\/\\\/lasentinelle.dz\\\/wp-content\\\/uploads\\\/2024\\\/01\\\/amar-Bendjama.jpeg\",\"datePublished\":\"2024-08-07T12:24:52+00:00\",\"dateModified\":\"2024-08-07T12:24:53+00:00\",\"breadcrumb\":{\"@id\":\"https:\\\/\\\/lasentinelle.dz\\\/index.php\\\/2024\\\/08\\\/07\\\/bendjama-souligne-le-besoin-urgent-dun-acces-humanitaire-sans-entrave-au-soudan\\\/#breadcrumb\"},\"inLanguage\":\"fr-FR\",\"potentialAction\":[{\"@type\":\"ReadAction\",\"target\":[\"https:\\\/\\\/lasentinelle.dz\\\/index.php\\\/2024\\\/08\\\/07\\\/bendjama-souligne-le-besoin-urgent-dun-acces-humanitaire-sans-entrave-au-soudan\\\/\"]}]},{\"@type\":\"ImageObject\",\"inLanguage\":\"fr-FR\",\"@id\":\"https:\\\/\\\/lasentinelle.dz\\\/index.php\\\/2024\\\/08\\\/07\\\/bendjama-souligne-le-besoin-urgent-dun-acces-humanitaire-sans-entrave-au-soudan\\\/#primaryimage\",\"url\":\"https:\\\/\\\/lasentinelle.dz\\\/wp-content\\\/uploads\\\/2024\\\/01\\\/amar-Bendjama.jpeg\",\"contentUrl\":\"https:\\\/\\\/lasentinelle.dz\\\/wp-content\\\/uploads\\\/2024\\\/01\\\/amar-Bendjama.jpeg\",\"width\":745,\"height\":470},{\"@type\":\"BreadcrumbList\",\"@id\":\"https:\\\/\\\/lasentinelle.dz\\\/index.php\\\/2024\\\/08\\\/07\\\/bendjama-souligne-le-besoin-urgent-dun-acces-humanitaire-sans-entrave-au-soudan\\\/#breadcrumb\",\"itemListElement\":[{\"@type\":\"ListItem\",\"position\":1,\"name\":\"Accueil\",\"item\":\"https:\\\/\\\/lasentinelle.dz\\\/\"},{\"@type\":\"ListItem\",\"position\":2,\"name\":\"Bendjama\u00a0souligne le \u00ab\u00a0besoin urgent d&rsquo;un acc\u00e8s humanitaire sans entrave\u00a0\u00bb au Soudan\"}]},{\"@type\":\"WebSite\",\"@id\":\"https:\\\/\\\/lasentinelle.dz\\\/#website\",\"url\":\"https:\\\/\\\/lasentinelle.dz\\\/\",\"name\":\"La Sentinelle\",\"description\":\"Quotidien national d&#039;information\",\"publisher\":{\"@id\":\"https:\\\/\\\/lasentinelle.dz\\\/#organization\"},\"potentialAction\":[{\"@type\":\"SearchAction\",\"target\":{\"@type\":\"EntryPoint\",\"urlTemplate\":\"https:\\\/\\\/lasentinelle.dz\\\/?s={search_term_string}\"},\"query-input\":{\"@type\":\"PropertyValueSpecification\",\"valueRequired\":true,\"valueName\":\"search_term_string\"}}],\"inLanguage\":\"fr-FR\"},{\"@type\":\"Organization\",\"@id\":\"https:\\\/\\\/lasentinelle.dz\\\/#organization\",\"name\":\"Quotidien La Sentinelle\",\"url\":\"https:\\\/\\\/lasentinelle.dz\\\/\",\"logo\":{\"@type\":\"ImageObject\",\"inLanguage\":\"fr-FR\",\"@id\":\"https:\\\/\\\/lasentinelle.dz\\\/#\\\/schema\\\/logo\\\/image\\\/\",\"url\":\"https:\\\/\\\/lasentinelle.dz\\\/wp-content\\\/uploads\\\/2021\\\/09\\\/logo-sentinelleSLOGAN-1.png\",\"contentUrl\":\"https:\\\/\\\/lasentinelle.dz\\\/wp-content\\\/uploads\\\/2021\\\/09\\\/logo-sentinelleSLOGAN-1.png\",\"width\":615,\"height\":142,\"caption\":\"Quotidien La Sentinelle\"},\"image\":{\"@id\":\"https:\\\/\\\/lasentinelle.dz\\\/#\\\/schema\\\/logo\\\/image\\\/\"},\"sameAs\":[\"https:\\\/\\\/www.facebook.com\\\/La-Sentinelle-104059864394773\"]},{\"@type\":\"Person\",\"@id\":\"https:\\\/\\\/lasentinelle.dz\\\/#\\\/schema\\\/person\\\/d865044e22e70a75174ce8bcad3acfb3\",\"name\":\"La Sentinelle\",\"image\":{\"@type\":\"ImageObject\",\"inLanguage\":\"fr-FR\",\"@id\":\"https:\\\/\\\/secure.gravatar.com\\\/avatar\\\/57de8e5d4b15d43fb361a71fbb36338450fe67865b528a43dd10ef7c51a20392?s=96&d=mm&r=g\",\"url\":\"https:\\\/\\\/secure.gravatar.com\\\/avatar\\\/57de8e5d4b15d43fb361a71fbb36338450fe67865b528a43dd10ef7c51a20392?s=96&d=mm&r=g\",\"contentUrl\":\"https:\\\/\\\/secure.gravatar.com\\\/avatar\\\/57de8e5d4b15d43fb361a71fbb36338450fe67865b528a43dd10ef7c51a20392?s=96&d=mm&r=g\",\"caption\":\"La Sentinelle\"},\"sameAs\":[\"http:\\\/\\\/www.lasentinelle.dz\"],\"url\":\"https:\\\/\\\/lasentinelle.dz\\\/author\\\/redaction\\\/\"}]}<\/script>\n<!-- \/ Yoast SEO plugin. -->","yoast_head_json":{"title":"Bendjama\u00a0souligne le \u00ab\u00a0besoin urgent d&rsquo;un acc\u00e8s humanitaire sans entrave\u00a0\u00bb au Soudan - La Sentinelle","robots":{"index":"index","follow":"follow","max-snippet":"max-snippet:-1","max-image-preview":"max-image-preview:large","max-video-preview":"max-video-preview:-1"},"canonical":"https:\/\/lasentinelle.dz\/index.php\/2024\/08\/07\/bendjama-souligne-le-besoin-urgent-dun-acces-humanitaire-sans-entrave-au-soudan\/","og_locale":"fr_FR","og_type":"article","og_title":"Bendjama\u00a0souligne le \u00ab\u00a0besoin urgent d&rsquo;un acc\u00e8s humanitaire sans entrave\u00a0\u00bb au Soudan - La Sentinelle","og_description":"Le repr\u00e9sentant permanent de l&rsquo;Alg\u00e9rie aupr\u00e8s des Nations unies, l&rsquo;ambassadeur Amar Bendjama a soulign\u00e9 mardi le \u00ab\u00a0besoin urgent d&rsquo;un acc\u00e8s","og_url":"https:\/\/lasentinelle.dz\/index.php\/2024\/08\/07\/bendjama-souligne-le-besoin-urgent-dun-acces-humanitaire-sans-entrave-au-soudan\/","og_site_name":"La Sentinelle","article_publisher":"https:\/\/www.facebook.com\/La-Sentinelle-104059864394773","article_published_time":"2024-08-07T12:24:52+00:00","article_modified_time":"2024-08-07T12:24:53+00:00","og_image":[{"width":745,"height":470,"url":"https:\/\/lasentinelle.dz\/wp-content\/uploads\/2024\/01\/amar-Bendjama.jpeg","type":"image\/jpeg"}],"author":"La Sentinelle","twitter_card":"summary_large_image","twitter_misc":{"\u00c9crit par":"La Sentinelle","Dur\u00e9e de lecture estim\u00e9e":"4 minutes"},"schema":{"@context":"https:\/\/schema.org","@graph":[{"@type":"Article","@id":"https:\/\/lasentinelle.dz\/index.php\/2024\/08\/07\/bendjama-souligne-le-besoin-urgent-dun-acces-humanitaire-sans-entrave-au-soudan\/#article","isPartOf":{"@id":"https:\/\/lasentinelle.dz\/index.php\/2024\/08\/07\/bendjama-souligne-le-besoin-urgent-dun-acces-humanitaire-sans-entrave-au-soudan\/"},"author":{"name":"La Sentinelle","@id":"https:\/\/lasentinelle.dz\/#\/schema\/person\/d865044e22e70a75174ce8bcad3acfb3"},"headline":"Bendjama\u00a0souligne le \u00ab\u00a0besoin urgent d&rsquo;un acc\u00e8s humanitaire sans entrave\u00a0\u00bb au Soudan","datePublished":"2024-08-07T12:24:52+00:00","dateModified":"2024-08-07T12:24:53+00:00","mainEntityOfPage":{"@id":"https:\/\/lasentinelle.dz\/index.php\/2024\/08\/07\/bendjama-souligne-le-besoin-urgent-dun-acces-humanitaire-sans-entrave-au-soudan\/"},"wordCount":734,"commentCount":0,"publisher":{"@id":"https:\/\/lasentinelle.dz\/#organization"},"image":{"@id":"https:\/\/lasentinelle.dz\/index.php\/2024\/08\/07\/bendjama-souligne-le-besoin-urgent-dun-acces-humanitaire-sans-entrave-au-soudan\/#primaryimage"},"thumbnailUrl":"https:\/\/lasentinelle.dz\/wp-content\/uploads\/2024\/01\/amar-Bendjama.jpeg","articleSection":["Actualit\u00e9"],"inLanguage":"fr-FR","potentialAction":[{"@type":"CommentAction","name":"Comment","target":["https:\/\/lasentinelle.dz\/index.php\/2024\/08\/07\/bendjama-souligne-le-besoin-urgent-dun-acces-humanitaire-sans-entrave-au-soudan\/#respond"]}]},{"@type":"WebPage","@id":"https:\/\/lasentinelle.dz\/index.php\/2024\/08\/07\/bendjama-souligne-le-besoin-urgent-dun-acces-humanitaire-sans-entrave-au-soudan\/","url":"https:\/\/lasentinelle.dz\/index.php\/2024\/08\/07\/bendjama-souligne-le-besoin-urgent-dun-acces-humanitaire-sans-entrave-au-soudan\/","name":"Bendjama\u00a0souligne le \u00ab\u00a0besoin urgent d&rsquo;un acc\u00e8s humanitaire sans entrave\u00a0\u00bb au Soudan - La Sentinelle","isPartOf":{"@id":"https:\/\/lasentinelle.dz\/#website"},"primaryImageOfPage":{"@id":"https:\/\/lasentinelle.dz\/index.php\/2024\/08\/07\/bendjama-souligne-le-besoin-urgent-dun-acces-humanitaire-sans-entrave-au-soudan\/#primaryimage"},"image":{"@id":"https:\/\/lasentinelle.dz\/index.php\/2024\/08\/07\/bendjama-souligne-le-besoin-urgent-dun-acces-humanitaire-sans-entrave-au-soudan\/#primaryimage"},"thumbnailUrl":"https:\/\/lasentinelle.dz\/wp-content\/uploads\/2024\/01\/amar-Bendjama.jpeg","datePublished":"2024-08-07T12:24:52+00:00","dateModified":"2024-08-07T12:24:53+00:00","breadcrumb":{"@id":"https:\/\/lasentinelle.dz\/index.php\/2024\/08\/07\/bendjama-souligne-le-besoin-urgent-dun-acces-humanitaire-sans-entrave-au-soudan\/#breadcrumb"},"inLanguage":"fr-FR","potentialAction":[{"@type":"ReadAction","target":["https:\/\/lasentinelle.dz\/index.php\/2024\/08\/07\/bendjama-souligne-le-besoin-urgent-dun-acces-humanitaire-sans-entrave-au-soudan\/"]}]},{"@type":"ImageObject","inLanguage":"fr-FR","@id":"https:\/\/lasentinelle.dz\/index.php\/2024\/08\/07\/bendjama-souligne-le-besoin-urgent-dun-acces-humanitaire-sans-entrave-au-soudan\/#primaryimage","url":"https:\/\/lasentinelle.dz\/wp-content\/uploads\/2024\/01\/amar-Bendjama.jpeg","contentUrl":"https:\/\/lasentinelle.dz\/wp-content\/uploads\/2024\/01\/amar-Bendjama.jpeg","width":745,"height":470},{"@type":"BreadcrumbList","@id":"https:\/\/lasentinelle.dz\/index.php\/2024\/08\/07\/bendjama-souligne-le-besoin-urgent-dun-acces-humanitaire-sans-entrave-au-soudan\/#breadcrumb","itemListElement":[{"@type":"ListItem","position":1,"name":"Accueil","item":"https:\/\/lasentinelle.dz\/"},{"@type":"ListItem","position":2,"name":"Bendjama\u00a0souligne le \u00ab\u00a0besoin urgent d&rsquo;un acc\u00e8s humanitaire sans entrave\u00a0\u00bb au Soudan"}]},{"@type":"WebSite","@id":"https:\/\/lasentinelle.dz\/#website","url":"https:\/\/lasentinelle.dz\/","name":"La Sentinelle","description":"Quotidien national d&#039;information","publisher":{"@id":"https:\/\/lasentinelle.dz\/#organization"},"potentialAction":[{"@type":"SearchAction","target":{"@type":"EntryPoint","urlTemplate":"https:\/\/lasentinelle.dz\/?s={search_term_string}"},"query-input":{"@type":"PropertyValueSpecification","valueRequired":true,"valueName":"search_term_string"}}],"inLanguage":"fr-FR"},{"@type":"Organization","@id":"https:\/\/lasentinelle.dz\/#organization","name":"Quotidien La Sentinelle","url":"https:\/\/lasentinelle.dz\/","logo":{"@type":"ImageObject","inLanguage":"fr-FR","@id":"https:\/\/lasentinelle.dz\/#\/schema\/logo\/image\/","url":"https:\/\/lasentinelle.dz\/wp-content\/uploads\/2021\/09\/logo-sentinelleSLOGAN-1.png","contentUrl":"https:\/\/lasentinelle.dz\/wp-content\/uploads\/2021\/09\/logo-sentinelleSLOGAN-1.png","width":615,"height":142,"caption":"Quotidien La Sentinelle"},"image":{"@id":"https:\/\/lasentinelle.dz\/#\/schema\/logo\/image\/"},"sameAs":["https:\/\/www.facebook.com\/La-Sentinelle-104059864394773"]},{"@type":"Person","@id":"https:\/\/lasentinelle.dz\/#\/schema\/person\/d865044e22e70a75174ce8bcad3acfb3","name":"La Sentinelle","image":{"@type":"ImageObject","inLanguage":"fr-FR","@id":"https:\/\/secure.gravatar.com\/avatar\/57de8e5d4b15d43fb361a71fbb36338450fe67865b528a43dd10ef7c51a20392?s=96&d=mm&r=g","url":"https:\/\/secure.gravatar.com\/avatar\/57de8e5d4b15d43fb361a71fbb36338450fe67865b528a43dd10ef7c51a20392?s=96&d=mm&r=g","contentUrl":"https:\/\/secure.gravatar.com\/avatar\/57de8e5d4b15d43fb361a71fbb36338450fe67865b528a43dd10ef7c51a20392?s=96&d=mm&r=g","caption":"La Sentinelle"},"sameAs":["http:\/\/www.lasentinelle.dz"],"url":"https:\/\/lasentinelle.dz\/author\/redaction\/"}]}},"_links":{"self":[{"href":"https:\/\/lasentinelle.dz\/index.php\/wp-json\/wp\/v2\/posts\/55421","targetHints":{"allow":["GET"]}}],"collection":[{"href":"https:\/\/lasentinelle.dz\/index.php\/wp-json\/wp\/v2\/posts"}],"about":[{"href":"https:\/\/lasentinelle.dz\/index.php\/wp-json\/wp\/v2\/types\/post"}],"author":[{"embeddable":true,"href":"https:\/\/lasentinelle.dz\/index.php\/wp-json\/wp\/v2\/users\/3"}],"replies":[{"embeddable":true,"href":"https:\/\/lasentinelle.dz\/index.php\/wp-json\/wp\/v2\/comments?post=55421"}],"version-history":[{"count":2,"href":"https:\/\/lasentinelle.dz\/index.php\/wp-json\/wp\/v2\/posts\/55421\/revisions"}],"predecessor-version":[{"id":55423,"href":"https:\/\/lasentinelle.dz\/index.php\/wp-json\/wp\/v2\/posts\/55421\/revisions\/55423"}],"wp:featuredmedia":[{"embeddable":true,"href":"https:\/\/lasentinelle.dz\/index.php\/wp-json\/wp\/v2\/media\/48688"}],"wp:attachment":[{"href":"https:\/\/lasentinelle.dz\/index.php\/wp-json\/wp\/v2\/media?parent=55421"}],"wp:term":[{"taxonomy":"category","embeddable":true,"href":"https:\/\/lasentinelle.dz\/index.php\/wp-json\/wp\/v2\/categories?post=55421"},{"taxonomy":"post_tag","embeddable":true,"href":"https:\/\/lasentinelle.dz\/index.php\/wp-json\/wp\/v2\/tags?post=55421"}],"curies":[{"name":"wp","href":"https:\/\/api.w.org\/{rel}","templated":true}]}}