{"id":55426,"date":"2024-08-07T13:26:33","date_gmt":"2024-08-07T12:26:33","guid":{"rendered":"https:\/\/lasentinelle.dz\/?p=55426"},"modified":"2024-08-07T13:26:34","modified_gmt":"2024-08-07T12:26:34","slug":"moyen-orient-aux-portes-dun-conflit-regional","status":"publish","type":"post","link":"https:\/\/lasentinelle.dz\/index.php\/2024\/08\/07\/moyen-orient-aux-portes-dun-conflit-regional\/","title":{"rendered":"Moyen-Orient : Aux portes d&rsquo;un conflit r\u00e9gional ?"},"content":{"rendered":"\n<p>Le Moyen-Orient se trouve aujourd&rsquo;hui au bord d&rsquo;un pr\u00e9cipice. L&rsquo;assassinat par l&rsquo;entit\u00e9 sionisted&rsquo;Isma\u00efl Haniyeh, chef du bureau politique du Hamas, \u00e0 T\u00e9h\u00e9ran le 31 juillet 2024, suivi de pr\u00e8s par l&rsquo;\u00e9limination de Fouad Chokr, chef militaire du Hezbollah, pr\u00e8s de Beyrouth le lendemain, ont propuls\u00e9 la r\u00e9gion dans une spirale de tensions sans pr\u00e9c\u00e9dent.<\/p>\n\n\n\n<p>Ces deux frappes ont eu l&rsquo;effet d&rsquo;une tra\u00een\u00e9e de poudre dans un environnement d\u00e9j\u00e0 hautement inflammable. L&rsquo;agression g\u00e9nocidaire contre la Bande de Ghaza qui se poursuit depuis dix mois a mis la r\u00e9gion sous tensions, alors que les multiples provocations de l&rsquo;entit\u00e9 sioniste contre l&rsquo;Iran, dans le seul objectif d&rsquo;entrainer T\u00e9h\u00e9ran et Washington dans un conflit de grande ampleur ont transform\u00e9 la r\u00e9gion en poudri\u00e8re. Ces assassinats ont franchi une nouvelle ligne rouge, mena\u00e7ant d&#8217;embraser l&rsquo;ensemble de la r\u00e9gion.<\/p>\n\n\n\n<p>La r\u00e9action du Hezbollah ne s&rsquo;est pas fait attendre. Son leader charismatique, Hassan Nasrallah, a promis une riposte \u00ab\u00a0quelles qu&rsquo;en soient les cons\u00e9quences\u00a0\u00bb. Cette d\u00e9claration, loin d&rsquo;\u00eatre une simple rh\u00e9torique, laisse pr\u00e9sager une action militaire imminente. Le ton est donn\u00e9 : le Hezbollah pourrait agir seul ou dans le cadre d&rsquo;une r\u00e9ponse coordonn\u00e9e avec l&rsquo;Iran et d&rsquo;autres alli\u00e9s r\u00e9gionaux.<\/p>\n\n\n\n<p>Tout en affirmant ne pas chercher \u00e0 \u00e9tendre le conflit, T\u00e9h\u00e9ran promet que l&rsquo;entit\u00e9 sioniste \u00ab\u00a0recevra une r\u00e9ponse \u00e0 ses crimes\u00a0\u00bb. Cette<\/p>\n\n\n\n<p>Le risque d&rsquo;escalade d\u00e9passe largement le cadre du conflit isra\u00e9lo-palestinien. Le Liban, d\u00e9j\u00e0 th\u00e9\u00e2tre d&rsquo;attaques quotidiennes de l&rsquo;entit\u00e9 sioniste, pourrait se retrouver en premi\u00e8re ligne d&rsquo;un conflit \u00e9largi. Les frappes de l&rsquo;occupation isra\u00e9lienne r\u00e9centes dans le sud du pays, faisant plusieurs victimes, ont encore aggrav\u00e9 la situation.<\/p>\n\n\n\n<p>L&rsquo;Irak n&rsquo;est pas en reste. Des tirs de roquettes contre une base abritant des troupes am\u00e9ricaines soulignent le risque d&rsquo;implication de groupes arm\u00e9s pro-iraniens dans d&rsquo;autres pays de la r\u00e9gion. Face \u00e0 cette situation alarmante, la communaut\u00e9 internationale s&rsquo;est mobilis\u00e9e. Le chef des droits de l&rsquo;homme de l&rsquo;ONU, Volker T\u00fcrk, a appel\u00e9, lundi, \u00e0 \u00ab\u00a0agir d&rsquo;urgence\u00a0\u00bb pour \u00e9viter un conflit \u00ab\u00a0plus large\u00a0\u00bb au Moyen-Orient, face aux craintes d&rsquo;une escalade militaire dans la r\u00e9gion. \u00ab\u00a0Je suis profond\u00e9ment pr\u00e9occup\u00e9 par le risque croissant d&rsquo;un conflit plus large au Moyen-Orient et j&rsquo;exhorte toutes les parties, ainsi que les Etats ayant une influence, \u00e0 agir d&rsquo;urgence pour d\u00e9samorcer ce qui est devenu une situation tr\u00e8s pr\u00e9caire\u00a0\u00bb, a d\u00e9clar\u00e9 dans un communiqu\u00e9, Volker T\u00fcrk, Haut-Commissaire de l&rsquo;ONU aux droits de l&rsquo;homme. \u00ab\u00a0Tout, et je dis bien tout, doit \u00eatre fait pour \u00e9viter que cette situation ne s&rsquo;enlise davantage dans un ab\u00eeme qui n&rsquo;aura que des cons\u00e9quences encore plus terribles pour les civils\u00a0\u00bb, a insist\u00e9 M. T\u00fcrk, relevant que les droits de l&rsquo;homme &#8211; et en premier lieu la protection des civils &#8211; doivent \u00eatre la priorit\u00e9 absolue. D&rsquo;autant qu&rsquo;au cours des dix derniers mois, \u00ab\u00a0des civils &#8211; principalement des femmes et des enfants &#8211; ont d\u00e9j\u00e0 endur\u00e9 des douleurs et des souffrances insupportables \u00e0 cause des bombes et des armes \u00e0 feu\u00a0\u00bb, a-t-il ajout\u00e9.<\/p>\n\n\n\n<p>L&rsquo;Organisation de la coop\u00e9ration islamique (OCI) pr\u00e9voit une r\u00e9union d&rsquo;urgence pour discuter de la situation.<\/p>\n\n\n\n<p>Notons que le mouvement de r\u00e9sistance palestinien Hamas palestinien a annonc\u00e9 mardi avoir nomm\u00e9 son actuel num\u00e9ro un dans la bande de Ghaza, Yahya Sinwar, comme chef \u00e0 la suite de l&rsquo;assassinat de son chef du bureau politique Isma\u00efl Haniyeh la semaine derni\u00e8re.<\/p>\n\n\n\n<p>Lyes Sa\u00efdi<\/p>\n","protected":false},"excerpt":{"rendered":"<p>Le Moyen-Orient se trouve aujourd&rsquo;hui au bord d&rsquo;un pr\u00e9cipice. L&rsquo;assassinat par l&rsquo;entit\u00e9 sionisted&rsquo;Isma\u00efl Haniyeh, chef du bureau politique du Hamas,<\/p>\n","protected":false},"author":3,"featured_media":55427,"comment_status":"open","ping_status":"closed","sticky":false,"template":"","format":"standard","meta":{"colormag_page_container_layout":"default_layout","colormag_page_sidebar_layout":"default_layout","om_disable_all_campaigns":false,"_monsterinsights_skip_tracking":false,"_monsterinsights_sitenote_active":false,"_monsterinsights_sitenote_note":"","_monsterinsights_sitenote_category":0,"footnotes":"","_wpscppro_dont_share_socialmedia":false,"_wpscppro_custom_social_share_image":0,"_facebook_share_type":"default","_twitter_share_type":"default","_linkedin_share_type":"default","_pinterest_share_type":"default","_linkedin_share_type_page":"","_instagram_share_type":"default","_medium_share_type":"","_threads_share_type":"","_google_business_share_type":"","_selected_social_profile":[],"_wpsp_enable_custom_social_template":false,"_wpsp_social_scheduling":{"enabled":false,"datetime":null,"platforms":[],"status":"template_only","dateOption":"today","timeOption":"now","customDays":"","customHours":"","customDate":"","customTime":"","schedulingType":"absolute"},"_wpsp_active_default_template":true},"categories":[27],"tags":[],"class_list":["post-55426","post","type-post","status-publish","format-standard","has-post-thumbnail","hentry","category-actualite"],"aioseo_notices":[],"yoast_head":"<!-- This site is optimized with the Yoast SEO plugin v27.5 - https:\/\/yoast.com\/product\/yoast-seo-wordpress\/ -->\n<title>Moyen-Orient : Aux portes d&rsquo;un conflit r\u00e9gional ? - La Sentinelle<\/title>\n<meta name=\"robots\" content=\"index, follow, max-snippet:-1, max-image-preview:large, max-video-preview:-1\" \/>\n<link rel=\"canonical\" href=\"https:\/\/lasentinelle.dz\/index.php\/2024\/08\/07\/moyen-orient-aux-portes-dun-conflit-regional\/\" \/>\n<meta property=\"og:locale\" content=\"fr_FR\" \/>\n<meta property=\"og:type\" content=\"article\" \/>\n<meta property=\"og:title\" content=\"Moyen-Orient : Aux portes d&rsquo;un conflit r\u00e9gional ? - La Sentinelle\" \/>\n<meta property=\"og:description\" content=\"Le Moyen-Orient se trouve aujourd&rsquo;hui au bord d&rsquo;un pr\u00e9cipice. L&rsquo;assassinat par l&rsquo;entit\u00e9 sionisted&rsquo;Isma\u00efl Haniyeh, chef du bureau politique du Hamas,\" \/>\n<meta property=\"og:url\" content=\"https:\/\/lasentinelle.dz\/index.php\/2024\/08\/07\/moyen-orient-aux-portes-dun-conflit-regional\/\" \/>\n<meta property=\"og:site_name\" content=\"La Sentinelle\" \/>\n<meta property=\"article:publisher\" content=\"https:\/\/www.facebook.com\/La-Sentinelle-104059864394773\" \/>\n<meta property=\"article:published_time\" content=\"2024-08-07T12:26:33+00:00\" \/>\n<meta property=\"article:modified_time\" content=\"2024-08-07T12:26:34+00:00\" \/>\n<meta property=\"og:image\" content=\"https:\/\/lasentinelle.dz\/wp-content\/uploads\/2024\/08\/liban-1.webp\" \/>\n\t<meta property=\"og:image:width\" content=\"760\" \/>\n\t<meta property=\"og:image:height\" content=\"507\" \/>\n\t<meta property=\"og:image:type\" content=\"image\/webp\" \/>\n<meta name=\"author\" content=\"La Sentinelle\" \/>\n<meta name=\"twitter:card\" content=\"summary_large_image\" \/>\n<meta name=\"twitter:label1\" content=\"\u00c9crit par\" \/>\n\t<meta name=\"twitter:data1\" content=\"La Sentinelle\" \/>\n\t<meta name=\"twitter:label2\" content=\"Dur\u00e9e de lecture estim\u00e9e\" \/>\n\t<meta name=\"twitter:data2\" content=\"3 minutes\" \/>\n<script type=\"application\/ld+json\" class=\"yoast-schema-graph\">{\"@context\":\"https:\\\/\\\/schema.org\",\"@graph\":[{\"@type\":\"Article\",\"@id\":\"https:\\\/\\\/lasentinelle.dz\\\/index.php\\\/2024\\\/08\\\/07\\\/moyen-orient-aux-portes-dun-conflit-regional\\\/#article\",\"isPartOf\":{\"@id\":\"https:\\\/\\\/lasentinelle.dz\\\/index.php\\\/2024\\\/08\\\/07\\\/moyen-orient-aux-portes-dun-conflit-regional\\\/\"},\"author\":{\"name\":\"La Sentinelle\",\"@id\":\"https:\\\/\\\/lasentinelle.dz\\\/#\\\/schema\\\/person\\\/d865044e22e70a75174ce8bcad3acfb3\"},\"headline\":\"Moyen-Orient : Aux portes d&rsquo;un conflit r\u00e9gional ?\",\"datePublished\":\"2024-08-07T12:26:33+00:00\",\"dateModified\":\"2024-08-07T12:26:34+00:00\",\"mainEntityOfPage\":{\"@id\":\"https:\\\/\\\/lasentinelle.dz\\\/index.php\\\/2024\\\/08\\\/07\\\/moyen-orient-aux-portes-dun-conflit-regional\\\/\"},\"wordCount\":649,\"commentCount\":0,\"publisher\":{\"@id\":\"https:\\\/\\\/lasentinelle.dz\\\/#organization\"},\"image\":{\"@id\":\"https:\\\/\\\/lasentinelle.dz\\\/index.php\\\/2024\\\/08\\\/07\\\/moyen-orient-aux-portes-dun-conflit-regional\\\/#primaryimage\"},\"thumbnailUrl\":\"https:\\\/\\\/lasentinelle.dz\\\/wp-content\\\/uploads\\\/2024\\\/08\\\/liban-1.webp\",\"articleSection\":[\"Actualit\u00e9\"],\"inLanguage\":\"fr-FR\",\"potentialAction\":[{\"@type\":\"CommentAction\",\"name\":\"Comment\",\"target\":[\"https:\\\/\\\/lasentinelle.dz\\\/index.php\\\/2024\\\/08\\\/07\\\/moyen-orient-aux-portes-dun-conflit-regional\\\/#respond\"]}]},{\"@type\":\"WebPage\",\"@id\":\"https:\\\/\\\/lasentinelle.dz\\\/index.php\\\/2024\\\/08\\\/07\\\/moyen-orient-aux-portes-dun-conflit-regional\\\/\",\"url\":\"https:\\\/\\\/lasentinelle.dz\\\/index.php\\\/2024\\\/08\\\/07\\\/moyen-orient-aux-portes-dun-conflit-regional\\\/\",\"name\":\"Moyen-Orient : Aux portes d&rsquo;un conflit r\u00e9gional ? - La Sentinelle\",\"isPartOf\":{\"@id\":\"https:\\\/\\\/lasentinelle.dz\\\/#website\"},\"primaryImageOfPage\":{\"@id\":\"https:\\\/\\\/lasentinelle.dz\\\/index.php\\\/2024\\\/08\\\/07\\\/moyen-orient-aux-portes-dun-conflit-regional\\\/#primaryimage\"},\"image\":{\"@id\":\"https:\\\/\\\/lasentinelle.dz\\\/index.php\\\/2024\\\/08\\\/07\\\/moyen-orient-aux-portes-dun-conflit-regional\\\/#primaryimage\"},\"thumbnailUrl\":\"https:\\\/\\\/lasentinelle.dz\\\/wp-content\\\/uploads\\\/2024\\\/08\\\/liban-1.webp\",\"datePublished\":\"2024-08-07T12:26:33+00:00\",\"dateModified\":\"2024-08-07T12:26:34+00:00\",\"breadcrumb\":{\"@id\":\"https:\\\/\\\/lasentinelle.dz\\\/index.php\\\/2024\\\/08\\\/07\\\/moyen-orient-aux-portes-dun-conflit-regional\\\/#breadcrumb\"},\"inLanguage\":\"fr-FR\",\"potentialAction\":[{\"@type\":\"ReadAction\",\"target\":[\"https:\\\/\\\/lasentinelle.dz\\\/index.php\\\/2024\\\/08\\\/07\\\/moyen-orient-aux-portes-dun-conflit-regional\\\/\"]}]},{\"@type\":\"ImageObject\",\"inLanguage\":\"fr-FR\",\"@id\":\"https:\\\/\\\/lasentinelle.dz\\\/index.php\\\/2024\\\/08\\\/07\\\/moyen-orient-aux-portes-dun-conflit-regional\\\/#primaryimage\",\"url\":\"https:\\\/\\\/lasentinelle.dz\\\/wp-content\\\/uploads\\\/2024\\\/08\\\/liban-1.webp\",\"contentUrl\":\"https:\\\/\\\/lasentinelle.dz\\\/wp-content\\\/uploads\\\/2024\\\/08\\\/liban-1.webp\",\"width\":760,\"height\":507},{\"@type\":\"BreadcrumbList\",\"@id\":\"https:\\\/\\\/lasentinelle.dz\\\/index.php\\\/2024\\\/08\\\/07\\\/moyen-orient-aux-portes-dun-conflit-regional\\\/#breadcrumb\",\"itemListElement\":[{\"@type\":\"ListItem\",\"position\":1,\"name\":\"Accueil\",\"item\":\"https:\\\/\\\/lasentinelle.dz\\\/\"},{\"@type\":\"ListItem\",\"position\":2,\"name\":\"Moyen-Orient : Aux portes d&rsquo;un conflit r\u00e9gional ?\"}]},{\"@type\":\"WebSite\",\"@id\":\"https:\\\/\\\/lasentinelle.dz\\\/#website\",\"url\":\"https:\\\/\\\/lasentinelle.dz\\\/\",\"name\":\"La Sentinelle\",\"description\":\"Quotidien national d&#039;information\",\"publisher\":{\"@id\":\"https:\\\/\\\/lasentinelle.dz\\\/#organization\"},\"potentialAction\":[{\"@type\":\"SearchAction\",\"target\":{\"@type\":\"EntryPoint\",\"urlTemplate\":\"https:\\\/\\\/lasentinelle.dz\\\/?s={search_term_string}\"},\"query-input\":{\"@type\":\"PropertyValueSpecification\",\"valueRequired\":true,\"valueName\":\"search_term_string\"}}],\"inLanguage\":\"fr-FR\"},{\"@type\":\"Organization\",\"@id\":\"https:\\\/\\\/lasentinelle.dz\\\/#organization\",\"name\":\"Quotidien La Sentinelle\",\"url\":\"https:\\\/\\\/lasentinelle.dz\\\/\",\"logo\":{\"@type\":\"ImageObject\",\"inLanguage\":\"fr-FR\",\"@id\":\"https:\\\/\\\/lasentinelle.dz\\\/#\\\/schema\\\/logo\\\/image\\\/\",\"url\":\"https:\\\/\\\/lasentinelle.dz\\\/wp-content\\\/uploads\\\/2021\\\/09\\\/logo-sentinelleSLOGAN-1.png\",\"contentUrl\":\"https:\\\/\\\/lasentinelle.dz\\\/wp-content\\\/uploads\\\/2021\\\/09\\\/logo-sentinelleSLOGAN-1.png\",\"width\":615,\"height\":142,\"caption\":\"Quotidien La Sentinelle\"},\"image\":{\"@id\":\"https:\\\/\\\/lasentinelle.dz\\\/#\\\/schema\\\/logo\\\/image\\\/\"},\"sameAs\":[\"https:\\\/\\\/www.facebook.com\\\/La-Sentinelle-104059864394773\"]},{\"@type\":\"Person\",\"@id\":\"https:\\\/\\\/lasentinelle.dz\\\/#\\\/schema\\\/person\\\/d865044e22e70a75174ce8bcad3acfb3\",\"name\":\"La Sentinelle\",\"image\":{\"@type\":\"ImageObject\",\"inLanguage\":\"fr-FR\",\"@id\":\"https:\\\/\\\/secure.gravatar.com\\\/avatar\\\/57de8e5d4b15d43fb361a71fbb36338450fe67865b528a43dd10ef7c51a20392?s=96&d=mm&r=g\",\"url\":\"https:\\\/\\\/secure.gravatar.com\\\/avatar\\\/57de8e5d4b15d43fb361a71fbb36338450fe67865b528a43dd10ef7c51a20392?s=96&d=mm&r=g\",\"contentUrl\":\"https:\\\/\\\/secure.gravatar.com\\\/avatar\\\/57de8e5d4b15d43fb361a71fbb36338450fe67865b528a43dd10ef7c51a20392?s=96&d=mm&r=g\",\"caption\":\"La Sentinelle\"},\"sameAs\":[\"http:\\\/\\\/www.lasentinelle.dz\"],\"url\":\"https:\\\/\\\/lasentinelle.dz\\\/author\\\/redaction\\\/\"}]}<\/script>\n<!-- \/ Yoast SEO plugin. -->","yoast_head_json":{"title":"Moyen-Orient : Aux portes d&rsquo;un conflit r\u00e9gional ? - La Sentinelle","robots":{"index":"index","follow":"follow","max-snippet":"max-snippet:-1","max-image-preview":"max-image-preview:large","max-video-preview":"max-video-preview:-1"},"canonical":"https:\/\/lasentinelle.dz\/index.php\/2024\/08\/07\/moyen-orient-aux-portes-dun-conflit-regional\/","og_locale":"fr_FR","og_type":"article","og_title":"Moyen-Orient : Aux portes d&rsquo;un conflit r\u00e9gional ? - La Sentinelle","og_description":"Le Moyen-Orient se trouve aujourd&rsquo;hui au bord d&rsquo;un pr\u00e9cipice. L&rsquo;assassinat par l&rsquo;entit\u00e9 sionisted&rsquo;Isma\u00efl Haniyeh, chef du bureau politique du Hamas,","og_url":"https:\/\/lasentinelle.dz\/index.php\/2024\/08\/07\/moyen-orient-aux-portes-dun-conflit-regional\/","og_site_name":"La Sentinelle","article_publisher":"https:\/\/www.facebook.com\/La-Sentinelle-104059864394773","article_published_time":"2024-08-07T12:26:33+00:00","article_modified_time":"2024-08-07T12:26:34+00:00","og_image":[{"width":760,"height":507,"url":"https:\/\/lasentinelle.dz\/wp-content\/uploads\/2024\/08\/liban-1.webp","type":"image\/webp"}],"author":"La Sentinelle","twitter_card":"summary_large_image","twitter_misc":{"\u00c9crit par":"La Sentinelle","Dur\u00e9e de lecture estim\u00e9e":"3 minutes"},"schema":{"@context":"https:\/\/schema.org","@graph":[{"@type":"Article","@id":"https:\/\/lasentinelle.dz\/index.php\/2024\/08\/07\/moyen-orient-aux-portes-dun-conflit-regional\/#article","isPartOf":{"@id":"https:\/\/lasentinelle.dz\/index.php\/2024\/08\/07\/moyen-orient-aux-portes-dun-conflit-regional\/"},"author":{"name":"La Sentinelle","@id":"https:\/\/lasentinelle.dz\/#\/schema\/person\/d865044e22e70a75174ce8bcad3acfb3"},"headline":"Moyen-Orient : Aux portes d&rsquo;un conflit r\u00e9gional ?","datePublished":"2024-08-07T12:26:33+00:00","dateModified":"2024-08-07T12:26:34+00:00","mainEntityOfPage":{"@id":"https:\/\/lasentinelle.dz\/index.php\/2024\/08\/07\/moyen-orient-aux-portes-dun-conflit-regional\/"},"wordCount":649,"commentCount":0,"publisher":{"@id":"https:\/\/lasentinelle.dz\/#organization"},"image":{"@id":"https:\/\/lasentinelle.dz\/index.php\/2024\/08\/07\/moyen-orient-aux-portes-dun-conflit-regional\/#primaryimage"},"thumbnailUrl":"https:\/\/lasentinelle.dz\/wp-content\/uploads\/2024\/08\/liban-1.webp","articleSection":["Actualit\u00e9"],"inLanguage":"fr-FR","potentialAction":[{"@type":"CommentAction","name":"Comment","target":["https:\/\/lasentinelle.dz\/index.php\/2024\/08\/07\/moyen-orient-aux-portes-dun-conflit-regional\/#respond"]}]},{"@type":"WebPage","@id":"https:\/\/lasentinelle.dz\/index.php\/2024\/08\/07\/moyen-orient-aux-portes-dun-conflit-regional\/","url":"https:\/\/lasentinelle.dz\/index.php\/2024\/08\/07\/moyen-orient-aux-portes-dun-conflit-regional\/","name":"Moyen-Orient : Aux portes d&rsquo;un conflit r\u00e9gional ? - La Sentinelle","isPartOf":{"@id":"https:\/\/lasentinelle.dz\/#website"},"primaryImageOfPage":{"@id":"https:\/\/lasentinelle.dz\/index.php\/2024\/08\/07\/moyen-orient-aux-portes-dun-conflit-regional\/#primaryimage"},"image":{"@id":"https:\/\/lasentinelle.dz\/index.php\/2024\/08\/07\/moyen-orient-aux-portes-dun-conflit-regional\/#primaryimage"},"thumbnailUrl":"https:\/\/lasentinelle.dz\/wp-content\/uploads\/2024\/08\/liban-1.webp","datePublished":"2024-08-07T12:26:33+00:00","dateModified":"2024-08-07T12:26:34+00:00","breadcrumb":{"@id":"https:\/\/lasentinelle.dz\/index.php\/2024\/08\/07\/moyen-orient-aux-portes-dun-conflit-regional\/#breadcrumb"},"inLanguage":"fr-FR","potentialAction":[{"@type":"ReadAction","target":["https:\/\/lasentinelle.dz\/index.php\/2024\/08\/07\/moyen-orient-aux-portes-dun-conflit-regional\/"]}]},{"@type":"ImageObject","inLanguage":"fr-FR","@id":"https:\/\/lasentinelle.dz\/index.php\/2024\/08\/07\/moyen-orient-aux-portes-dun-conflit-regional\/#primaryimage","url":"https:\/\/lasentinelle.dz\/wp-content\/uploads\/2024\/08\/liban-1.webp","contentUrl":"https:\/\/lasentinelle.dz\/wp-content\/uploads\/2024\/08\/liban-1.webp","width":760,"height":507},{"@type":"BreadcrumbList","@id":"https:\/\/lasentinelle.dz\/index.php\/2024\/08\/07\/moyen-orient-aux-portes-dun-conflit-regional\/#breadcrumb","itemListElement":[{"@type":"ListItem","position":1,"name":"Accueil","item":"https:\/\/lasentinelle.dz\/"},{"@type":"ListItem","position":2,"name":"Moyen-Orient : Aux portes d&rsquo;un conflit r\u00e9gional ?"}]},{"@type":"WebSite","@id":"https:\/\/lasentinelle.dz\/#website","url":"https:\/\/lasentinelle.dz\/","name":"La Sentinelle","description":"Quotidien national d&#039;information","publisher":{"@id":"https:\/\/lasentinelle.dz\/#organization"},"potentialAction":[{"@type":"SearchAction","target":{"@type":"EntryPoint","urlTemplate":"https:\/\/lasentinelle.dz\/?s={search_term_string}"},"query-input":{"@type":"PropertyValueSpecification","valueRequired":true,"valueName":"search_term_string"}}],"inLanguage":"fr-FR"},{"@type":"Organization","@id":"https:\/\/lasentinelle.dz\/#organization","name":"Quotidien La Sentinelle","url":"https:\/\/lasentinelle.dz\/","logo":{"@type":"ImageObject","inLanguage":"fr-FR","@id":"https:\/\/lasentinelle.dz\/#\/schema\/logo\/image\/","url":"https:\/\/lasentinelle.dz\/wp-content\/uploads\/2021\/09\/logo-sentinelleSLOGAN-1.png","contentUrl":"https:\/\/lasentinelle.dz\/wp-content\/uploads\/2021\/09\/logo-sentinelleSLOGAN-1.png","width":615,"height":142,"caption":"Quotidien La Sentinelle"},"image":{"@id":"https:\/\/lasentinelle.dz\/#\/schema\/logo\/image\/"},"sameAs":["https:\/\/www.facebook.com\/La-Sentinelle-104059864394773"]},{"@type":"Person","@id":"https:\/\/lasentinelle.dz\/#\/schema\/person\/d865044e22e70a75174ce8bcad3acfb3","name":"La Sentinelle","image":{"@type":"ImageObject","inLanguage":"fr-FR","@id":"https:\/\/secure.gravatar.com\/avatar\/57de8e5d4b15d43fb361a71fbb36338450fe67865b528a43dd10ef7c51a20392?s=96&d=mm&r=g","url":"https:\/\/secure.gravatar.com\/avatar\/57de8e5d4b15d43fb361a71fbb36338450fe67865b528a43dd10ef7c51a20392?s=96&d=mm&r=g","contentUrl":"https:\/\/secure.gravatar.com\/avatar\/57de8e5d4b15d43fb361a71fbb36338450fe67865b528a43dd10ef7c51a20392?s=96&d=mm&r=g","caption":"La Sentinelle"},"sameAs":["http:\/\/www.lasentinelle.dz"],"url":"https:\/\/lasentinelle.dz\/author\/redaction\/"}]}},"_links":{"self":[{"href":"https:\/\/lasentinelle.dz\/index.php\/wp-json\/wp\/v2\/posts\/55426","targetHints":{"allow":["GET"]}}],"collection":[{"href":"https:\/\/lasentinelle.dz\/index.php\/wp-json\/wp\/v2\/posts"}],"about":[{"href":"https:\/\/lasentinelle.dz\/index.php\/wp-json\/wp\/v2\/types\/post"}],"author":[{"embeddable":true,"href":"https:\/\/lasentinelle.dz\/index.php\/wp-json\/wp\/v2\/users\/3"}],"replies":[{"embeddable":true,"href":"https:\/\/lasentinelle.dz\/index.php\/wp-json\/wp\/v2\/comments?post=55426"}],"version-history":[{"count":2,"href":"https:\/\/lasentinelle.dz\/index.php\/wp-json\/wp\/v2\/posts\/55426\/revisions"}],"predecessor-version":[{"id":55429,"href":"https:\/\/lasentinelle.dz\/index.php\/wp-json\/wp\/v2\/posts\/55426\/revisions\/55429"}],"wp:featuredmedia":[{"embeddable":true,"href":"https:\/\/lasentinelle.dz\/index.php\/wp-json\/wp\/v2\/media\/55427"}],"wp:attachment":[{"href":"https:\/\/lasentinelle.dz\/index.php\/wp-json\/wp\/v2\/media?parent=55426"}],"wp:term":[{"taxonomy":"category","embeddable":true,"href":"https:\/\/lasentinelle.dz\/index.php\/wp-json\/wp\/v2\/categories?post=55426"},{"taxonomy":"post_tag","embeddable":true,"href":"https:\/\/lasentinelle.dz\/index.php\/wp-json\/wp\/v2\/tags?post=55426"}],"curies":[{"name":"wp","href":"https:\/\/api.w.org\/{rel}","templated":true}]}}