{"id":55439,"date":"2024-08-07T13:32:37","date_gmt":"2024-08-07T12:32:37","guid":{"rendered":"https:\/\/lasentinelle.dz\/?p=55439"},"modified":"2024-08-07T13:32:38","modified_gmt":"2024-08-07T12:32:38","slug":"education-nationale-les-fruits-de-la-reforme","status":"publish","type":"post","link":"https:\/\/lasentinelle.dz\/index.php\/2024\/08\/07\/education-nationale-les-fruits-de-la-reforme\/","title":{"rendered":"\u00c9ducation nationale : les fruits de la r\u00e9forme"},"content":{"rendered":"\n<p>Le pr\u00e9sident de la R\u00e9publique, M. Abdelmadjid Tebboune, a pr\u00e9sid\u00e9, hier au Palais du Peuple (Alger), la c\u00e9r\u00e9monie de distinction des meilleurs laur\u00e9ats du Baccalaur\u00e9at et du Brevet d&rsquo;enseignement moyen (session juin 2024), \u00e0 qui il a remis des m\u00e9dailles, des cadeaux et des r\u00e9compenses financi\u00e8res. Cette c\u00e9r\u00e9monie a \u00e9t\u00e9 l&rsquo;occasion de c\u00e9l\u00e9brer non seulement les performances exceptionnelles des \u00e9l\u00e8ves, mais aussi les progr\u00e8s remarquables du syst\u00e8me \u00e9ducatif alg\u00e9rien.<\/p>\n\n\n\n<p>La c\u00e9r\u00e9monie de distinction des meilleurs laur\u00e9ats du Baccalaur\u00e9at et du Brevet d&rsquo;enseignement moyen (BEM) de la session 2024, pr\u00e9sid\u00e9e par le Pr\u00e9sident de la R\u00e9publique Abdelmadjid Tebboune, a permis de mettre en lumi\u00e8re les avanc\u00e9es significatives r\u00e9alis\u00e9es dans le secteur de l&rsquo;\u00e9ducation dans notre pays. Cette c\u00e9r\u00e9monie, qui s&rsquo;est d\u00e9roul\u00e9e au Palais du Peuple \u00e0 Alger, a \u00e9t\u00e9 l&rsquo;occasion de c\u00e9l\u00e9brer non seulement les performances exceptionnelles des \u00e9l\u00e8ves, mais aussi les progr\u00e8s remarquables du syst\u00e8me \u00e9ducatif alg\u00e9rien.<\/p>\n\n\n\n<p>Le ministre de l&rsquo;Education nationale, Abdelhakim Belaabed, a ainsi soulign\u00e9 dans son allocution l&rsquo;am\u00e9lioration historique des r\u00e9sultats des examens scolaires cette ann\u00e9e. Il a d\u00e9clar\u00e9 que \u00ab\u00a0les r\u00e9sultats de la session 2024 sont les meilleurs depuis l&rsquo;ind\u00e9pendance, quantitativement et qualitativement\u00a0\u00bb. Le ministre s&rsquo;est \u00e9galement f\u00e9licit\u00e9 de \u00ab\u00a0l&rsquo;am\u00e9lioration historique\u00a0\u00bb des r\u00e9sultats des examens scolaires cette ann\u00e9e, faisant remarquer que \u00ab\u00a0les r\u00e9sultats de la session 2024 sont les meilleurs depuis l&rsquo;ind\u00e9pendance, quantitativement et qualitativement\u00a0\u00bb. M. Belaabed a en outre salu\u00e9 \u00ab\u00a0les r\u00e9alisations strat\u00e9giques et historiques accomplies dans le secteur de l&rsquo;Education, notamment dans les domaines p\u00e9dagogique et \u00e9ducatif, ainsi que dans le volet socioprofessionnel\u00a0\u00bb, soulignant que \u00ab\u00a0ce qui a \u00e9t\u00e9 r\u00e9alis\u00e9 en peu de temps l&rsquo;a \u00e9t\u00e9 gr\u00e2ce au programme du pr\u00e9sident de la R\u00e9publique, qui a mis \u00e0 disposition les moyens et mis en place les m\u00e9canismes permettant d&rsquo;am\u00e9liorer les performances\u00a0\u00bb.<\/p>\n\n\n\n<p>Le meilleur bachelier au niveau national, Mohamed Amine Mokrane, a obtenu une moyenne impressionnante de 19,62 en fili\u00e8re Math\u00e9matiques. La deuxi\u00e8me meilleure bacheli\u00e8re Rahab Maria Ines du Lyc\u00e9e Colonel Lotfi (wilaya d&rsquo;Oran) a obtenu une moyenne de 19,54 (fili\u00e8re Sciences exp\u00e9rimentales), et la troisi\u00e8me meilleure laur\u00e9ate du Baccalaur\u00e9at Oulem Wissal du Lyc\u00e9e Fr\u00e8res-Achi (wilaya de Khenchela), qui a obtenu une moyenne de 19,52 (fili\u00e8re Sciences exp\u00e9rimentales). Le pr\u00e9sident de la R\u00e9publique a \u00e9galement distingu\u00e9 le bachelier Kellouche Djedid Ryad de l&rsquo;Ecole des Cadets de la Nation Chahid Hamdani-Adda, dit Si Othmane (wilaya d&rsquo;Oran), qui a obtenu une moyenne de 19,10 (fili\u00e8re Math\u00e9matiques). Dans la cat\u00e9gorie des personnes aux besoins sp\u00e9cifiques, la bacheli\u00e8re Hadjer Chergui (wilaya de Batna) qui a obtenu une moyenne de 17,87 (fili\u00e8re Sciences exp\u00e9rimentales), la bacheli\u00e8re Lachlah Alaa (wilaya d&rsquo;El Oued) qui a obtenu une moyenne de 17,69 et le bachelier Chems Eddine Aribi (wilaya de M\u00e9d\u00e9a) qui a obtenu une moyenne de 16,63 (fili\u00e8re Lettres et Philosophie) ont aussi \u00e9t\u00e9 distingu\u00e9s par le pr\u00e9sident de la R\u00e9publique.<\/p>\n\n\n\n<p>&nbsp;Pour le BEM, la meilleure laur\u00e9ate, Zeghrar Lyna, a atteint une moyenne exceptionnelle de 19,94. Khitous Hadil du CEM Daoudi-Salah de Ras El A\u00efoun (wilaya de Batna), a obtenu une moyenne de 19,92, et Chahd Nour El Houda Zaoui du CEM Colonel El Haou\u00e8s (wilaya de M&rsquo;Sila), qui a obtenu une moyenne de 19,87. Le pr\u00e9sident de la R\u00e9publique a \u00e9galement honor\u00e9 les meilleurs laur\u00e9ats du BEM dans la cat\u00e9gorie des personnes aux besoins sp\u00e9cifiques, \u00e0 savoir Doua Touhami (wilaya de S\u00e9tif) qui a obtenu une moyenne de 18,08 , Brahim Ben Ahmed (wilaya de Mila) qui a obtenu une moyenne de 17,89 et Mohamed Amer (wilaya d&rsquo;Alger) qui a obtenu une moyenne de 17,54.<\/p>\n\n\n\n<p>Un fait marquant de cette c\u00e9r\u00e9monie a \u00e9t\u00e9 la distinction de Derrache Chemseddine Abdelali, qui a non seulement obtenu son Baccalaur\u00e9at avec une moyenne de 18,05 et la mention Excellent, mais a \u00e9galement offert \u00e0 l&rsquo;Alg\u00e9rie sa premi\u00e8re m\u00e9daille d&rsquo;or aux 65e Olympiades internationales de math\u00e9matiques. Cette r\u00e9ussite internationale t\u00e9moigne de la qualit\u00e9 de l&rsquo;enseignement des math\u00e9matiques en Alg\u00e9rie et de son potentiel \u00e0 former des talents de classe mondiale.<\/p>\n\n\n\n<p>Les laur\u00e9ats distingu\u00e9s ont exprim\u00e9 leur fiert\u00e9 et leur gratitude envers le soutien du Pr\u00e9sident de la R\u00e9publique. Ils ont manifest\u00e9 leur volont\u00e9 de poursuivre leurs \u00e9tudes dans des domaines strat\u00e9giques pour contribuer au d\u00e9veloppement et \u00e0 la prosp\u00e9rit\u00e9 de l&rsquo;Alg\u00e9rie. A cet \u00e9gard, le bachelier Derrache Chemseddine Abdelali, m\u00e9daill\u00e9 d&rsquo;or aux 65e Olympiades internationales de math\u00e9matiques, s&rsquo;est r\u00e9joui du soutien et des encouragements du pr\u00e9sident de la R\u00e9publique, \u00e0 qui il a remis sa m\u00e9daille au nom de tous les \u00e9l\u00e8ves de l&rsquo;Alg\u00e9rie en reconnaissance, a-t-il dit, de \u00ab\u00a0l&rsquo;int\u00e9r\u00eat particulier qu&rsquo;il porte \u00e0 l&rsquo;Ecole\u00a0\u00bb et de \u00ab\u00a0son engagement \u00e0 encourager les prodiges\u00a0\u00bb. Il a indiqu\u00e9 qu&rsquo;il souhaitait poursuivre ses \u00e9tudes \u00e0 l&rsquo;Ecole nationale sup\u00e9rieure de math\u00e9matiques eu \u00e9gard aux \u00ab\u00a0perspectives prometteuses qu&rsquo;elle offre\u00a0\u00bb. Le premier laur\u00e9at du Baccalaur\u00e9at, Mohamed Amine Mokrane, et la premi\u00e8re laur\u00e9ate du BEM, Zeghrar Lyna, se sont dits fiers de cette distinction, qui les incite \u00e0 \u00ab\u00a0poursuivre leur qu\u00eate de savoirs et de nouvelles comp\u00e9tences \u00e0 m\u00eame de leur permettre de servir l&rsquo;Alg\u00e9rie dans des domaines scientifiques vitaux et de pointe\u00a0\u00bb. De son c\u00f4t\u00e9, le premier laur\u00e9at de l&rsquo;Ecole des Cadets de la Nation, Kellouche Djedid Ryad, a mis en avant les r\u00e9sultats positifs enregistr\u00e9s tous les ans par les Cadets de l&rsquo;Arm\u00e9e nationale populaire (ANP), souhaitant continuer \u00e0 servir le pays et \u00e0 d\u00e9fendre ses int\u00e9r\u00eats sup\u00e9rieurs au sein de l&rsquo;institution militaire, qui, a-t-il dit, \u00ab\u00a0prot\u00e8ge ses enfants et les forme \u00e0 la d\u00e9fense du pays sur tous les fronts\u00a0\u00bb.<\/p>\n\n\n\n<p>Cette c\u00e9r\u00e9monie de distinction a ainsi mis en lumi\u00e8re les progr\u00e8s significatifs r\u00e9alis\u00e9s dans le secteur de l&rsquo;\u00e9ducation en Alg\u00e9rie. Elle t\u00e9moigne de l&rsquo;engagement du gouvernement \u00e0 investir dans le capital humain du pays, \u00e0 promouvoir l&rsquo;excellence acad\u00e9mique et \u00e0 pr\u00e9parer la jeunesse alg\u00e9rienne aux d\u00e9fis du futur.<\/p>\n\n\n\n<p>Chokri Hafed<\/p>\n","protected":false},"excerpt":{"rendered":"<p>Le pr\u00e9sident de la R\u00e9publique, M. Abdelmadjid Tebboune, a pr\u00e9sid\u00e9, hier au Palais du Peuple (Alger), la c\u00e9r\u00e9monie de distinction<\/p>\n","protected":false},"author":3,"featured_media":55440,"comment_status":"open","ping_status":"closed","sticky":false,"template":"","format":"standard","meta":{"colormag_page_container_layout":"default_layout","colormag_page_sidebar_layout":"default_layout","om_disable_all_campaigns":false,"_monsterinsights_skip_tracking":false,"_monsterinsights_sitenote_active":false,"_monsterinsights_sitenote_note":"","_monsterinsights_sitenote_category":0,"footnotes":"","_wpscppro_dont_share_socialmedia":false,"_wpscppro_custom_social_share_image":0,"_facebook_share_type":"default","_twitter_share_type":"default","_linkedin_share_type":"default","_pinterest_share_type":"default","_linkedin_share_type_page":"","_instagram_share_type":"default","_medium_share_type":"","_threads_share_type":"","_google_business_share_type":"","_selected_social_profile":[],"_wpsp_enable_custom_social_template":false,"_wpsp_social_scheduling":{"enabled":false,"datetime":null,"platforms":[],"status":"template_only","dateOption":"today","timeOption":"now","customDays":"","customHours":"","customDate":"","customTime":"","schedulingType":"absolute"},"_wpsp_active_default_template":true},"categories":[52,27],"tags":[],"class_list":["post-55439","post","type-post","status-publish","format-standard","has-post-thumbnail","hentry","category-a-la-une","category-actualite"],"aioseo_notices":[],"yoast_head":"<!-- This site is optimized with the Yoast SEO plugin v27.5 - https:\/\/yoast.com\/product\/yoast-seo-wordpress\/ -->\n<title>\u00c9ducation nationale : les fruits de la r\u00e9forme - La Sentinelle<\/title>\n<meta name=\"robots\" content=\"index, follow, max-snippet:-1, max-image-preview:large, max-video-preview:-1\" \/>\n<link rel=\"canonical\" href=\"https:\/\/lasentinelle.dz\/index.php\/2024\/08\/07\/education-nationale-les-fruits-de-la-reforme\/\" \/>\n<meta property=\"og:locale\" content=\"fr_FR\" \/>\n<meta property=\"og:type\" content=\"article\" \/>\n<meta property=\"og:title\" content=\"\u00c9ducation nationale : les fruits de la r\u00e9forme - La Sentinelle\" \/>\n<meta property=\"og:description\" content=\"Le pr\u00e9sident de la R\u00e9publique, M. Abdelmadjid Tebboune, a pr\u00e9sid\u00e9, hier au Palais du Peuple (Alger), la c\u00e9r\u00e9monie de distinction\" \/>\n<meta property=\"og:url\" content=\"https:\/\/lasentinelle.dz\/index.php\/2024\/08\/07\/education-nationale-les-fruits-de-la-reforme\/\" \/>\n<meta property=\"og:site_name\" content=\"La Sentinelle\" \/>\n<meta property=\"article:publisher\" content=\"https:\/\/www.facebook.com\/La-Sentinelle-104059864394773\" \/>\n<meta property=\"article:published_time\" content=\"2024-08-07T12:32:37+00:00\" \/>\n<meta property=\"article:modified_time\" content=\"2024-08-07T12:32:38+00:00\" \/>\n<meta property=\"og:image\" content=\"https:\/\/lasentinelle.dz\/wp-content\/uploads\/2024\/08\/tebboune-laureats.jpg\" \/>\n\t<meta property=\"og:image:width\" content=\"1280\" \/>\n\t<meta property=\"og:image:height\" content=\"832\" \/>\n\t<meta property=\"og:image:type\" content=\"image\/jpeg\" \/>\n<meta name=\"author\" content=\"La Sentinelle\" \/>\n<meta name=\"twitter:card\" content=\"summary_large_image\" \/>\n<meta name=\"twitter:label1\" content=\"\u00c9crit par\" \/>\n\t<meta name=\"twitter:data1\" content=\"La Sentinelle\" \/>\n\t<meta name=\"twitter:label2\" content=\"Dur\u00e9e de lecture estim\u00e9e\" \/>\n\t<meta name=\"twitter:data2\" content=\"6 minutes\" \/>\n<script type=\"application\/ld+json\" class=\"yoast-schema-graph\">{\"@context\":\"https:\\\/\\\/schema.org\",\"@graph\":[{\"@type\":\"Article\",\"@id\":\"https:\\\/\\\/lasentinelle.dz\\\/index.php\\\/2024\\\/08\\\/07\\\/education-nationale-les-fruits-de-la-reforme\\\/#article\",\"isPartOf\":{\"@id\":\"https:\\\/\\\/lasentinelle.dz\\\/index.php\\\/2024\\\/08\\\/07\\\/education-nationale-les-fruits-de-la-reforme\\\/\"},\"author\":{\"name\":\"La Sentinelle\",\"@id\":\"https:\\\/\\\/lasentinelle.dz\\\/#\\\/schema\\\/person\\\/d865044e22e70a75174ce8bcad3acfb3\"},\"headline\":\"\u00c9ducation nationale : les fruits de la r\u00e9forme\",\"datePublished\":\"2024-08-07T12:32:37+00:00\",\"dateModified\":\"2024-08-07T12:32:38+00:00\",\"mainEntityOfPage\":{\"@id\":\"https:\\\/\\\/lasentinelle.dz\\\/index.php\\\/2024\\\/08\\\/07\\\/education-nationale-les-fruits-de-la-reforme\\\/\"},\"wordCount\":1113,\"commentCount\":0,\"publisher\":{\"@id\":\"https:\\\/\\\/lasentinelle.dz\\\/#organization\"},\"image\":{\"@id\":\"https:\\\/\\\/lasentinelle.dz\\\/index.php\\\/2024\\\/08\\\/07\\\/education-nationale-les-fruits-de-la-reforme\\\/#primaryimage\"},\"thumbnailUrl\":\"https:\\\/\\\/lasentinelle.dz\\\/wp-content\\\/uploads\\\/2024\\\/08\\\/tebboune-laureats.jpg\",\"articleSection\":[\"\u00c0 la Une\",\"Actualit\u00e9\"],\"inLanguage\":\"fr-FR\",\"potentialAction\":[{\"@type\":\"CommentAction\",\"name\":\"Comment\",\"target\":[\"https:\\\/\\\/lasentinelle.dz\\\/index.php\\\/2024\\\/08\\\/07\\\/education-nationale-les-fruits-de-la-reforme\\\/#respond\"]}]},{\"@type\":\"WebPage\",\"@id\":\"https:\\\/\\\/lasentinelle.dz\\\/index.php\\\/2024\\\/08\\\/07\\\/education-nationale-les-fruits-de-la-reforme\\\/\",\"url\":\"https:\\\/\\\/lasentinelle.dz\\\/index.php\\\/2024\\\/08\\\/07\\\/education-nationale-les-fruits-de-la-reforme\\\/\",\"name\":\"\u00c9ducation nationale : les fruits de la r\u00e9forme - La Sentinelle\",\"isPartOf\":{\"@id\":\"https:\\\/\\\/lasentinelle.dz\\\/#website\"},\"primaryImageOfPage\":{\"@id\":\"https:\\\/\\\/lasentinelle.dz\\\/index.php\\\/2024\\\/08\\\/07\\\/education-nationale-les-fruits-de-la-reforme\\\/#primaryimage\"},\"image\":{\"@id\":\"https:\\\/\\\/lasentinelle.dz\\\/index.php\\\/2024\\\/08\\\/07\\\/education-nationale-les-fruits-de-la-reforme\\\/#primaryimage\"},\"thumbnailUrl\":\"https:\\\/\\\/lasentinelle.dz\\\/wp-content\\\/uploads\\\/2024\\\/08\\\/tebboune-laureats.jpg\",\"datePublished\":\"2024-08-07T12:32:37+00:00\",\"dateModified\":\"2024-08-07T12:32:38+00:00\",\"breadcrumb\":{\"@id\":\"https:\\\/\\\/lasentinelle.dz\\\/index.php\\\/2024\\\/08\\\/07\\\/education-nationale-les-fruits-de-la-reforme\\\/#breadcrumb\"},\"inLanguage\":\"fr-FR\",\"potentialAction\":[{\"@type\":\"ReadAction\",\"target\":[\"https:\\\/\\\/lasentinelle.dz\\\/index.php\\\/2024\\\/08\\\/07\\\/education-nationale-les-fruits-de-la-reforme\\\/\"]}]},{\"@type\":\"ImageObject\",\"inLanguage\":\"fr-FR\",\"@id\":\"https:\\\/\\\/lasentinelle.dz\\\/index.php\\\/2024\\\/08\\\/07\\\/education-nationale-les-fruits-de-la-reforme\\\/#primaryimage\",\"url\":\"https:\\\/\\\/lasentinelle.dz\\\/wp-content\\\/uploads\\\/2024\\\/08\\\/tebboune-laureats.jpg\",\"contentUrl\":\"https:\\\/\\\/lasentinelle.dz\\\/wp-content\\\/uploads\\\/2024\\\/08\\\/tebboune-laureats.jpg\",\"width\":1280,\"height\":832},{\"@type\":\"BreadcrumbList\",\"@id\":\"https:\\\/\\\/lasentinelle.dz\\\/index.php\\\/2024\\\/08\\\/07\\\/education-nationale-les-fruits-de-la-reforme\\\/#breadcrumb\",\"itemListElement\":[{\"@type\":\"ListItem\",\"position\":1,\"name\":\"Accueil\",\"item\":\"https:\\\/\\\/lasentinelle.dz\\\/\"},{\"@type\":\"ListItem\",\"position\":2,\"name\":\"\u00c9ducation nationale : les fruits de la r\u00e9forme\"}]},{\"@type\":\"WebSite\",\"@id\":\"https:\\\/\\\/lasentinelle.dz\\\/#website\",\"url\":\"https:\\\/\\\/lasentinelle.dz\\\/\",\"name\":\"La Sentinelle\",\"description\":\"Quotidien national d&#039;information\",\"publisher\":{\"@id\":\"https:\\\/\\\/lasentinelle.dz\\\/#organization\"},\"potentialAction\":[{\"@type\":\"SearchAction\",\"target\":{\"@type\":\"EntryPoint\",\"urlTemplate\":\"https:\\\/\\\/lasentinelle.dz\\\/?s={search_term_string}\"},\"query-input\":{\"@type\":\"PropertyValueSpecification\",\"valueRequired\":true,\"valueName\":\"search_term_string\"}}],\"inLanguage\":\"fr-FR\"},{\"@type\":\"Organization\",\"@id\":\"https:\\\/\\\/lasentinelle.dz\\\/#organization\",\"name\":\"Quotidien La Sentinelle\",\"url\":\"https:\\\/\\\/lasentinelle.dz\\\/\",\"logo\":{\"@type\":\"ImageObject\",\"inLanguage\":\"fr-FR\",\"@id\":\"https:\\\/\\\/lasentinelle.dz\\\/#\\\/schema\\\/logo\\\/image\\\/\",\"url\":\"https:\\\/\\\/lasentinelle.dz\\\/wp-content\\\/uploads\\\/2021\\\/09\\\/logo-sentinelleSLOGAN-1.png\",\"contentUrl\":\"https:\\\/\\\/lasentinelle.dz\\\/wp-content\\\/uploads\\\/2021\\\/09\\\/logo-sentinelleSLOGAN-1.png\",\"width\":615,\"height\":142,\"caption\":\"Quotidien La Sentinelle\"},\"image\":{\"@id\":\"https:\\\/\\\/lasentinelle.dz\\\/#\\\/schema\\\/logo\\\/image\\\/\"},\"sameAs\":[\"https:\\\/\\\/www.facebook.com\\\/La-Sentinelle-104059864394773\"]},{\"@type\":\"Person\",\"@id\":\"https:\\\/\\\/lasentinelle.dz\\\/#\\\/schema\\\/person\\\/d865044e22e70a75174ce8bcad3acfb3\",\"name\":\"La Sentinelle\",\"image\":{\"@type\":\"ImageObject\",\"inLanguage\":\"fr-FR\",\"@id\":\"https:\\\/\\\/secure.gravatar.com\\\/avatar\\\/57de8e5d4b15d43fb361a71fbb36338450fe67865b528a43dd10ef7c51a20392?s=96&d=mm&r=g\",\"url\":\"https:\\\/\\\/secure.gravatar.com\\\/avatar\\\/57de8e5d4b15d43fb361a71fbb36338450fe67865b528a43dd10ef7c51a20392?s=96&d=mm&r=g\",\"contentUrl\":\"https:\\\/\\\/secure.gravatar.com\\\/avatar\\\/57de8e5d4b15d43fb361a71fbb36338450fe67865b528a43dd10ef7c51a20392?s=96&d=mm&r=g\",\"caption\":\"La Sentinelle\"},\"sameAs\":[\"http:\\\/\\\/www.lasentinelle.dz\"],\"url\":\"https:\\\/\\\/lasentinelle.dz\\\/author\\\/redaction\\\/\"}]}<\/script>\n<!-- \/ Yoast SEO plugin. -->","yoast_head_json":{"title":"\u00c9ducation nationale : les fruits de la r\u00e9forme - La Sentinelle","robots":{"index":"index","follow":"follow","max-snippet":"max-snippet:-1","max-image-preview":"max-image-preview:large","max-video-preview":"max-video-preview:-1"},"canonical":"https:\/\/lasentinelle.dz\/index.php\/2024\/08\/07\/education-nationale-les-fruits-de-la-reforme\/","og_locale":"fr_FR","og_type":"article","og_title":"\u00c9ducation nationale : les fruits de la r\u00e9forme - La Sentinelle","og_description":"Le pr\u00e9sident de la R\u00e9publique, M. Abdelmadjid Tebboune, a pr\u00e9sid\u00e9, hier au Palais du Peuple (Alger), la c\u00e9r\u00e9monie de distinction","og_url":"https:\/\/lasentinelle.dz\/index.php\/2024\/08\/07\/education-nationale-les-fruits-de-la-reforme\/","og_site_name":"La Sentinelle","article_publisher":"https:\/\/www.facebook.com\/La-Sentinelle-104059864394773","article_published_time":"2024-08-07T12:32:37+00:00","article_modified_time":"2024-08-07T12:32:38+00:00","og_image":[{"width":1280,"height":832,"url":"https:\/\/lasentinelle.dz\/wp-content\/uploads\/2024\/08\/tebboune-laureats.jpg","type":"image\/jpeg"}],"author":"La Sentinelle","twitter_card":"summary_large_image","twitter_misc":{"\u00c9crit par":"La Sentinelle","Dur\u00e9e de lecture estim\u00e9e":"6 minutes"},"schema":{"@context":"https:\/\/schema.org","@graph":[{"@type":"Article","@id":"https:\/\/lasentinelle.dz\/index.php\/2024\/08\/07\/education-nationale-les-fruits-de-la-reforme\/#article","isPartOf":{"@id":"https:\/\/lasentinelle.dz\/index.php\/2024\/08\/07\/education-nationale-les-fruits-de-la-reforme\/"},"author":{"name":"La Sentinelle","@id":"https:\/\/lasentinelle.dz\/#\/schema\/person\/d865044e22e70a75174ce8bcad3acfb3"},"headline":"\u00c9ducation nationale : les fruits de la r\u00e9forme","datePublished":"2024-08-07T12:32:37+00:00","dateModified":"2024-08-07T12:32:38+00:00","mainEntityOfPage":{"@id":"https:\/\/lasentinelle.dz\/index.php\/2024\/08\/07\/education-nationale-les-fruits-de-la-reforme\/"},"wordCount":1113,"commentCount":0,"publisher":{"@id":"https:\/\/lasentinelle.dz\/#organization"},"image":{"@id":"https:\/\/lasentinelle.dz\/index.php\/2024\/08\/07\/education-nationale-les-fruits-de-la-reforme\/#primaryimage"},"thumbnailUrl":"https:\/\/lasentinelle.dz\/wp-content\/uploads\/2024\/08\/tebboune-laureats.jpg","articleSection":["\u00c0 la Une","Actualit\u00e9"],"inLanguage":"fr-FR","potentialAction":[{"@type":"CommentAction","name":"Comment","target":["https:\/\/lasentinelle.dz\/index.php\/2024\/08\/07\/education-nationale-les-fruits-de-la-reforme\/#respond"]}]},{"@type":"WebPage","@id":"https:\/\/lasentinelle.dz\/index.php\/2024\/08\/07\/education-nationale-les-fruits-de-la-reforme\/","url":"https:\/\/lasentinelle.dz\/index.php\/2024\/08\/07\/education-nationale-les-fruits-de-la-reforme\/","name":"\u00c9ducation nationale : les fruits de la r\u00e9forme - La Sentinelle","isPartOf":{"@id":"https:\/\/lasentinelle.dz\/#website"},"primaryImageOfPage":{"@id":"https:\/\/lasentinelle.dz\/index.php\/2024\/08\/07\/education-nationale-les-fruits-de-la-reforme\/#primaryimage"},"image":{"@id":"https:\/\/lasentinelle.dz\/index.php\/2024\/08\/07\/education-nationale-les-fruits-de-la-reforme\/#primaryimage"},"thumbnailUrl":"https:\/\/lasentinelle.dz\/wp-content\/uploads\/2024\/08\/tebboune-laureats.jpg","datePublished":"2024-08-07T12:32:37+00:00","dateModified":"2024-08-07T12:32:38+00:00","breadcrumb":{"@id":"https:\/\/lasentinelle.dz\/index.php\/2024\/08\/07\/education-nationale-les-fruits-de-la-reforme\/#breadcrumb"},"inLanguage":"fr-FR","potentialAction":[{"@type":"ReadAction","target":["https:\/\/lasentinelle.dz\/index.php\/2024\/08\/07\/education-nationale-les-fruits-de-la-reforme\/"]}]},{"@type":"ImageObject","inLanguage":"fr-FR","@id":"https:\/\/lasentinelle.dz\/index.php\/2024\/08\/07\/education-nationale-les-fruits-de-la-reforme\/#primaryimage","url":"https:\/\/lasentinelle.dz\/wp-content\/uploads\/2024\/08\/tebboune-laureats.jpg","contentUrl":"https:\/\/lasentinelle.dz\/wp-content\/uploads\/2024\/08\/tebboune-laureats.jpg","width":1280,"height":832},{"@type":"BreadcrumbList","@id":"https:\/\/lasentinelle.dz\/index.php\/2024\/08\/07\/education-nationale-les-fruits-de-la-reforme\/#breadcrumb","itemListElement":[{"@type":"ListItem","position":1,"name":"Accueil","item":"https:\/\/lasentinelle.dz\/"},{"@type":"ListItem","position":2,"name":"\u00c9ducation nationale : les fruits de la r\u00e9forme"}]},{"@type":"WebSite","@id":"https:\/\/lasentinelle.dz\/#website","url":"https:\/\/lasentinelle.dz\/","name":"La Sentinelle","description":"Quotidien national d&#039;information","publisher":{"@id":"https:\/\/lasentinelle.dz\/#organization"},"potentialAction":[{"@type":"SearchAction","target":{"@type":"EntryPoint","urlTemplate":"https:\/\/lasentinelle.dz\/?s={search_term_string}"},"query-input":{"@type":"PropertyValueSpecification","valueRequired":true,"valueName":"search_term_string"}}],"inLanguage":"fr-FR"},{"@type":"Organization","@id":"https:\/\/lasentinelle.dz\/#organization","name":"Quotidien La Sentinelle","url":"https:\/\/lasentinelle.dz\/","logo":{"@type":"ImageObject","inLanguage":"fr-FR","@id":"https:\/\/lasentinelle.dz\/#\/schema\/logo\/image\/","url":"https:\/\/lasentinelle.dz\/wp-content\/uploads\/2021\/09\/logo-sentinelleSLOGAN-1.png","contentUrl":"https:\/\/lasentinelle.dz\/wp-content\/uploads\/2021\/09\/logo-sentinelleSLOGAN-1.png","width":615,"height":142,"caption":"Quotidien La Sentinelle"},"image":{"@id":"https:\/\/lasentinelle.dz\/#\/schema\/logo\/image\/"},"sameAs":["https:\/\/www.facebook.com\/La-Sentinelle-104059864394773"]},{"@type":"Person","@id":"https:\/\/lasentinelle.dz\/#\/schema\/person\/d865044e22e70a75174ce8bcad3acfb3","name":"La Sentinelle","image":{"@type":"ImageObject","inLanguage":"fr-FR","@id":"https:\/\/secure.gravatar.com\/avatar\/57de8e5d4b15d43fb361a71fbb36338450fe67865b528a43dd10ef7c51a20392?s=96&d=mm&r=g","url":"https:\/\/secure.gravatar.com\/avatar\/57de8e5d4b15d43fb361a71fbb36338450fe67865b528a43dd10ef7c51a20392?s=96&d=mm&r=g","contentUrl":"https:\/\/secure.gravatar.com\/avatar\/57de8e5d4b15d43fb361a71fbb36338450fe67865b528a43dd10ef7c51a20392?s=96&d=mm&r=g","caption":"La Sentinelle"},"sameAs":["http:\/\/www.lasentinelle.dz"],"url":"https:\/\/lasentinelle.dz\/author\/redaction\/"}]}},"_links":{"self":[{"href":"https:\/\/lasentinelle.dz\/index.php\/wp-json\/wp\/v2\/posts\/55439","targetHints":{"allow":["GET"]}}],"collection":[{"href":"https:\/\/lasentinelle.dz\/index.php\/wp-json\/wp\/v2\/posts"}],"about":[{"href":"https:\/\/lasentinelle.dz\/index.php\/wp-json\/wp\/v2\/types\/post"}],"author":[{"embeddable":true,"href":"https:\/\/lasentinelle.dz\/index.php\/wp-json\/wp\/v2\/users\/3"}],"replies":[{"embeddable":true,"href":"https:\/\/lasentinelle.dz\/index.php\/wp-json\/wp\/v2\/comments?post=55439"}],"version-history":[{"count":1,"href":"https:\/\/lasentinelle.dz\/index.php\/wp-json\/wp\/v2\/posts\/55439\/revisions"}],"predecessor-version":[{"id":55441,"href":"https:\/\/lasentinelle.dz\/index.php\/wp-json\/wp\/v2\/posts\/55439\/revisions\/55441"}],"wp:featuredmedia":[{"embeddable":true,"href":"https:\/\/lasentinelle.dz\/index.php\/wp-json\/wp\/v2\/media\/55440"}],"wp:attachment":[{"href":"https:\/\/lasentinelle.dz\/index.php\/wp-json\/wp\/v2\/media?parent=55439"}],"wp:term":[{"taxonomy":"category","embeddable":true,"href":"https:\/\/lasentinelle.dz\/index.php\/wp-json\/wp\/v2\/categories?post=55439"},{"taxonomy":"post_tag","embeddable":true,"href":"https:\/\/lasentinelle.dz\/index.php\/wp-json\/wp\/v2\/tags?post=55439"}],"curies":[{"name":"wp","href":"https:\/\/api.w.org\/{rel}","templated":true}]}}