{"id":55460,"date":"2024-08-08T13:03:07","date_gmt":"2024-08-08T12:03:07","guid":{"rendered":"https:\/\/lasentinelle.dz\/?p=55460"},"modified":"2024-08-08T13:03:07","modified_gmt":"2024-08-08T12:03:07","slug":"annaba-la-ville-victime-de-lincivisme-de-ses-habitants","status":"publish","type":"post","link":"https:\/\/lasentinelle.dz\/index.php\/2024\/08\/08\/annaba-la-ville-victime-de-lincivisme-de-ses-habitants\/","title":{"rendered":"Annaba: La ville victime de l\u2019incivisme de ses habitants"},"content":{"rendered":"\n<p>B\u00f4ne la coquette, pourtant r\u00e9put\u00e9e pour son attrait touristique, est victime de l\u2019incivisme et de l&rsquo;indiff\u00e9rence de ses habitants.&nbsp;La ville est envahie par les ordures et les immondices. Ce manque d&rsquo;hygi\u00e8ne est particuli\u00e8rement visible durant la saison estivale et met en lumi\u00e8re des d\u00e9faillances multiples dans la gestion des d\u00e9chets et l\u2019entretien des espaces publics. Au c\u0153ur de cette probl\u00e9matique appara\u00eet l\u2019incivisme criard des habitants, dont les comportements sont \u00e0 l\u2019origine de la d\u00e9gradation de l\u2019environnement et du cadre de vie. En d\u00e9pit des moyens importants d\u00e9ploy\u00e9s par les services communaux, d\u00e9di\u00e9s \u00e0 la collecte des d\u00e9chets et au nettoyage des rues, la salet\u00e9 reste visible, notamment dans les arri\u00e8res rues et quartiers de la ville. Face \u00e0 cette situation, des mesures urgentes s\u2019imposent. En plus, il faut pallier aux insuffisances des services municipaux, en mati\u00e8re d\u2019\u00e9quipements pour le ramassage des ordures qui pullulent dans tous les coins et recoins de la ville. Cependant, les d\u00e9fis ne se limitent pas aux seuls aspects logistiques. Le comportement de certains commer\u00e7ants, notamment au niveau de l\u2019embl\u00e9matique rue Gambetta le march\u00e9 couvert et Souk El Hattab,est en grande partie \u00e0 l\u2019origine de la d\u00e9gradation de a situation au niveau du centre-ville o\u00f9, des tas de d\u00e9chets sont abandonn\u00e9s sur les trottoirs, causant un d\u00e9sagr\u00e9ment consid\u00e9rable aux habitants et aux estivants. Le constat est d\u2019autant plus pr\u00e9occupant qu\u2019il est fait en plein c\u0153ur de la saison estivale et touristique. L\u2019incivisme des habitants et des commer\u00e7ants, qui sortent leurs d\u00e9chets apr\u00e8s le passage des camions de collecte, n\u00e9cessite une d\u00e9cision ferme de la part des autorit\u00e9s. Le probl\u00e8me de propret\u00e9 s\u2019\u00e9tend au-del\u00e0 de la du centre-ville, premi\u00e8re vitrine de \u00ab\u00a0Bouna\u00a0\u00bb l\u2019antique. M\u00eame la corniche n&rsquo;est pas \u00e9pargn\u00e9e. La situation est d\u2019autant plus alarmante qu\u2019elle se d\u00e9roule dans la totale impunit\u00e9, sans que des mesures appropri\u00e9es ne soient prises. Ainsi, les espaces embl\u00e9matiques de la ville sont en proie aux ordures. L\u2019impact de cette crise de propret\u00e9 sur le tourisme est consid\u00e9rable. Les vacanciers sont accueillis dans des conditions peu engageantes : mobilier urbain d\u00e9grad\u00e9, accueil m\u00e9diocre, et comportements parfois inappropri\u00e9s sur les plages. Il est imp\u00e9ratif que les autorit\u00e9s locales prennent conscience de l\u2019urgence de la situation et mettent en place des mesures concr\u00e8tes et efficaces.<\/p>\n\n\n\n<p><strong>Sofia Chahine<\/strong><\/p>\n","protected":false},"excerpt":{"rendered":"<p>B\u00f4ne la coquette, pourtant r\u00e9put\u00e9e pour son attrait touristique, est victime de l\u2019incivisme et de l&rsquo;indiff\u00e9rence de ses habitants.&nbsp;La ville<\/p>\n","protected":false},"author":6,"featured_media":19575,"comment_status":"open","ping_status":"closed","sticky":false,"template":"","format":"standard","meta":{"colormag_page_container_layout":"default_layout","colormag_page_sidebar_layout":"default_layout","om_disable_all_campaigns":false,"_monsterinsights_skip_tracking":false,"_monsterinsights_sitenote_active":false,"_monsterinsights_sitenote_note":"","_monsterinsights_sitenote_category":0,"footnotes":"","_wpscppro_dont_share_socialmedia":false,"_wpscppro_custom_social_share_image":0,"_facebook_share_type":"default","_twitter_share_type":"default","_linkedin_share_type":"default","_pinterest_share_type":"default","_linkedin_share_type_page":"","_instagram_share_type":"default","_medium_share_type":"","_threads_share_type":"","_google_business_share_type":"","_selected_social_profile":[],"_wpsp_enable_custom_social_template":false,"_wpsp_social_scheduling":{"enabled":false,"datetime":null,"platforms":[],"status":"template_only","dateOption":"today","timeOption":"now","customDays":"","customHours":"","customDate":"","customTime":"","schedulingType":"absolute"},"_wpsp_active_default_template":true},"categories":[31],"tags":[],"class_list":["post-55460","post","type-post","status-publish","format-standard","has-post-thumbnail","hentry","category-regions"],"aioseo_notices":[],"yoast_head":"<!-- This site is optimized with the Yoast SEO plugin v27.5 - https:\/\/yoast.com\/product\/yoast-seo-wordpress\/ -->\n<title>Annaba: La ville victime de l\u2019incivisme de ses habitants - La Sentinelle<\/title>\n<meta name=\"robots\" content=\"index, follow, max-snippet:-1, max-image-preview:large, max-video-preview:-1\" \/>\n<link rel=\"canonical\" href=\"https:\/\/lasentinelle.dz\/index.php\/2024\/08\/08\/annaba-la-ville-victime-de-lincivisme-de-ses-habitants\/\" \/>\n<meta property=\"og:locale\" content=\"fr_FR\" \/>\n<meta property=\"og:type\" content=\"article\" \/>\n<meta property=\"og:title\" content=\"Annaba: La ville victime de l\u2019incivisme de ses habitants - La Sentinelle\" \/>\n<meta property=\"og:description\" content=\"B\u00f4ne la coquette, pourtant r\u00e9put\u00e9e pour son attrait touristique, est victime de l\u2019incivisme et de l&rsquo;indiff\u00e9rence de ses habitants.&nbsp;La ville\" \/>\n<meta property=\"og:url\" content=\"https:\/\/lasentinelle.dz\/index.php\/2024\/08\/08\/annaba-la-ville-victime-de-lincivisme-de-ses-habitants\/\" \/>\n<meta property=\"og:site_name\" content=\"La Sentinelle\" \/>\n<meta property=\"article:publisher\" content=\"https:\/\/www.facebook.com\/La-Sentinelle-104059864394773\" \/>\n<meta property=\"article:published_time\" content=\"2024-08-08T12:03:07+00:00\" \/>\n<meta property=\"og:image\" content=\"https:\/\/lasentinelle.dz\/wp-content\/uploads\/2022\/04\/annaba.jpeg\" \/>\n\t<meta property=\"og:image:width\" content=\"600\" \/>\n\t<meta property=\"og:image:height\" content=\"600\" \/>\n\t<meta property=\"og:image:type\" content=\"image\/jpeg\" \/>\n<meta name=\"author\" content=\"admin\" \/>\n<meta name=\"twitter:card\" content=\"summary_large_image\" \/>\n<meta name=\"twitter:label1\" content=\"\u00c9crit par\" \/>\n\t<meta name=\"twitter:data1\" content=\"admin\" \/>\n\t<meta name=\"twitter:label2\" content=\"Dur\u00e9e de lecture estim\u00e9e\" \/>\n\t<meta name=\"twitter:data2\" content=\"3 minutes\" \/>\n<script type=\"application\/ld+json\" class=\"yoast-schema-graph\">{\"@context\":\"https:\\\/\\\/schema.org\",\"@graph\":[{\"@type\":\"Article\",\"@id\":\"https:\\\/\\\/lasentinelle.dz\\\/index.php\\\/2024\\\/08\\\/08\\\/annaba-la-ville-victime-de-lincivisme-de-ses-habitants\\\/#article\",\"isPartOf\":{\"@id\":\"https:\\\/\\\/lasentinelle.dz\\\/index.php\\\/2024\\\/08\\\/08\\\/annaba-la-ville-victime-de-lincivisme-de-ses-habitants\\\/\"},\"author\":{\"name\":\"admin\",\"@id\":\"https:\\\/\\\/lasentinelle.dz\\\/#\\\/schema\\\/person\\\/729ee0024f24e0b8c5ec17232f8e8b41\"},\"headline\":\"Annaba: La ville victime de l\u2019incivisme de ses habitants\",\"datePublished\":\"2024-08-08T12:03:07+00:00\",\"mainEntityOfPage\":{\"@id\":\"https:\\\/\\\/lasentinelle.dz\\\/index.php\\\/2024\\\/08\\\/08\\\/annaba-la-ville-victime-de-lincivisme-de-ses-habitants\\\/\"},\"wordCount\":454,\"commentCount\":0,\"publisher\":{\"@id\":\"https:\\\/\\\/lasentinelle.dz\\\/#organization\"},\"image\":{\"@id\":\"https:\\\/\\\/lasentinelle.dz\\\/index.php\\\/2024\\\/08\\\/08\\\/annaba-la-ville-victime-de-lincivisme-de-ses-habitants\\\/#primaryimage\"},\"thumbnailUrl\":\"https:\\\/\\\/lasentinelle.dz\\\/wp-content\\\/uploads\\\/2022\\\/04\\\/annaba.jpeg\",\"articleSection\":[\"R\u00e9gions\"],\"inLanguage\":\"fr-FR\",\"potentialAction\":[{\"@type\":\"CommentAction\",\"name\":\"Comment\",\"target\":[\"https:\\\/\\\/lasentinelle.dz\\\/index.php\\\/2024\\\/08\\\/08\\\/annaba-la-ville-victime-de-lincivisme-de-ses-habitants\\\/#respond\"]}]},{\"@type\":\"WebPage\",\"@id\":\"https:\\\/\\\/lasentinelle.dz\\\/index.php\\\/2024\\\/08\\\/08\\\/annaba-la-ville-victime-de-lincivisme-de-ses-habitants\\\/\",\"url\":\"https:\\\/\\\/lasentinelle.dz\\\/index.php\\\/2024\\\/08\\\/08\\\/annaba-la-ville-victime-de-lincivisme-de-ses-habitants\\\/\",\"name\":\"Annaba: La ville victime de l\u2019incivisme de ses habitants - La Sentinelle\",\"isPartOf\":{\"@id\":\"https:\\\/\\\/lasentinelle.dz\\\/#website\"},\"primaryImageOfPage\":{\"@id\":\"https:\\\/\\\/lasentinelle.dz\\\/index.php\\\/2024\\\/08\\\/08\\\/annaba-la-ville-victime-de-lincivisme-de-ses-habitants\\\/#primaryimage\"},\"image\":{\"@id\":\"https:\\\/\\\/lasentinelle.dz\\\/index.php\\\/2024\\\/08\\\/08\\\/annaba-la-ville-victime-de-lincivisme-de-ses-habitants\\\/#primaryimage\"},\"thumbnailUrl\":\"https:\\\/\\\/lasentinelle.dz\\\/wp-content\\\/uploads\\\/2022\\\/04\\\/annaba.jpeg\",\"datePublished\":\"2024-08-08T12:03:07+00:00\",\"breadcrumb\":{\"@id\":\"https:\\\/\\\/lasentinelle.dz\\\/index.php\\\/2024\\\/08\\\/08\\\/annaba-la-ville-victime-de-lincivisme-de-ses-habitants\\\/#breadcrumb\"},\"inLanguage\":\"fr-FR\",\"potentialAction\":[{\"@type\":\"ReadAction\",\"target\":[\"https:\\\/\\\/lasentinelle.dz\\\/index.php\\\/2024\\\/08\\\/08\\\/annaba-la-ville-victime-de-lincivisme-de-ses-habitants\\\/\"]}]},{\"@type\":\"ImageObject\",\"inLanguage\":\"fr-FR\",\"@id\":\"https:\\\/\\\/lasentinelle.dz\\\/index.php\\\/2024\\\/08\\\/08\\\/annaba-la-ville-victime-de-lincivisme-de-ses-habitants\\\/#primaryimage\",\"url\":\"https:\\\/\\\/lasentinelle.dz\\\/wp-content\\\/uploads\\\/2022\\\/04\\\/annaba.jpeg\",\"contentUrl\":\"https:\\\/\\\/lasentinelle.dz\\\/wp-content\\\/uploads\\\/2022\\\/04\\\/annaba.jpeg\",\"width\":600,\"height\":600},{\"@type\":\"BreadcrumbList\",\"@id\":\"https:\\\/\\\/lasentinelle.dz\\\/index.php\\\/2024\\\/08\\\/08\\\/annaba-la-ville-victime-de-lincivisme-de-ses-habitants\\\/#breadcrumb\",\"itemListElement\":[{\"@type\":\"ListItem\",\"position\":1,\"name\":\"Accueil\",\"item\":\"https:\\\/\\\/lasentinelle.dz\\\/\"},{\"@type\":\"ListItem\",\"position\":2,\"name\":\"Annaba: La ville victime de l\u2019incivisme de ses habitants\"}]},{\"@type\":\"WebSite\",\"@id\":\"https:\\\/\\\/lasentinelle.dz\\\/#website\",\"url\":\"https:\\\/\\\/lasentinelle.dz\\\/\",\"name\":\"La Sentinelle\",\"description\":\"Quotidien national d&#039;information\",\"publisher\":{\"@id\":\"https:\\\/\\\/lasentinelle.dz\\\/#organization\"},\"potentialAction\":[{\"@type\":\"SearchAction\",\"target\":{\"@type\":\"EntryPoint\",\"urlTemplate\":\"https:\\\/\\\/lasentinelle.dz\\\/?s={search_term_string}\"},\"query-input\":{\"@type\":\"PropertyValueSpecification\",\"valueRequired\":true,\"valueName\":\"search_term_string\"}}],\"inLanguage\":\"fr-FR\"},{\"@type\":\"Organization\",\"@id\":\"https:\\\/\\\/lasentinelle.dz\\\/#organization\",\"name\":\"Quotidien La Sentinelle\",\"url\":\"https:\\\/\\\/lasentinelle.dz\\\/\",\"logo\":{\"@type\":\"ImageObject\",\"inLanguage\":\"fr-FR\",\"@id\":\"https:\\\/\\\/lasentinelle.dz\\\/#\\\/schema\\\/logo\\\/image\\\/\",\"url\":\"https:\\\/\\\/lasentinelle.dz\\\/wp-content\\\/uploads\\\/2021\\\/09\\\/logo-sentinelleSLOGAN-1.png\",\"contentUrl\":\"https:\\\/\\\/lasentinelle.dz\\\/wp-content\\\/uploads\\\/2021\\\/09\\\/logo-sentinelleSLOGAN-1.png\",\"width\":615,\"height\":142,\"caption\":\"Quotidien La Sentinelle\"},\"image\":{\"@id\":\"https:\\\/\\\/lasentinelle.dz\\\/#\\\/schema\\\/logo\\\/image\\\/\"},\"sameAs\":[\"https:\\\/\\\/www.facebook.com\\\/La-Sentinelle-104059864394773\"]},{\"@type\":\"Person\",\"@id\":\"https:\\\/\\\/lasentinelle.dz\\\/#\\\/schema\\\/person\\\/729ee0024f24e0b8c5ec17232f8e8b41\",\"name\":\"admin\",\"image\":{\"@type\":\"ImageObject\",\"inLanguage\":\"fr-FR\",\"@id\":\"https:\\\/\\\/secure.gravatar.com\\\/avatar\\\/4c81fed838786e9b53f540bf46533e750f5d292099ae3b66cfc6fb1982e29df7?s=96&d=mm&r=g\",\"url\":\"https:\\\/\\\/secure.gravatar.com\\\/avatar\\\/4c81fed838786e9b53f540bf46533e750f5d292099ae3b66cfc6fb1982e29df7?s=96&d=mm&r=g\",\"contentUrl\":\"https:\\\/\\\/secure.gravatar.com\\\/avatar\\\/4c81fed838786e9b53f540bf46533e750f5d292099ae3b66cfc6fb1982e29df7?s=96&d=mm&r=g\",\"caption\":\"admin\"},\"description\":\"admin\",\"url\":\"https:\\\/\\\/lasentinelle.dz\\\/author\\\/admin\\\/\"}]}<\/script>\n<!-- \/ Yoast SEO plugin. -->","yoast_head_json":{"title":"Annaba: La ville victime de l\u2019incivisme de ses habitants - La Sentinelle","robots":{"index":"index","follow":"follow","max-snippet":"max-snippet:-1","max-image-preview":"max-image-preview:large","max-video-preview":"max-video-preview:-1"},"canonical":"https:\/\/lasentinelle.dz\/index.php\/2024\/08\/08\/annaba-la-ville-victime-de-lincivisme-de-ses-habitants\/","og_locale":"fr_FR","og_type":"article","og_title":"Annaba: La ville victime de l\u2019incivisme de ses habitants - La Sentinelle","og_description":"B\u00f4ne la coquette, pourtant r\u00e9put\u00e9e pour son attrait touristique, est victime de l\u2019incivisme et de l&rsquo;indiff\u00e9rence de ses habitants.&nbsp;La ville","og_url":"https:\/\/lasentinelle.dz\/index.php\/2024\/08\/08\/annaba-la-ville-victime-de-lincivisme-de-ses-habitants\/","og_site_name":"La Sentinelle","article_publisher":"https:\/\/www.facebook.com\/La-Sentinelle-104059864394773","article_published_time":"2024-08-08T12:03:07+00:00","og_image":[{"width":600,"height":600,"url":"https:\/\/lasentinelle.dz\/wp-content\/uploads\/2022\/04\/annaba.jpeg","type":"image\/jpeg"}],"author":"admin","twitter_card":"summary_large_image","twitter_misc":{"\u00c9crit par":"admin","Dur\u00e9e de lecture estim\u00e9e":"3 minutes"},"schema":{"@context":"https:\/\/schema.org","@graph":[{"@type":"Article","@id":"https:\/\/lasentinelle.dz\/index.php\/2024\/08\/08\/annaba-la-ville-victime-de-lincivisme-de-ses-habitants\/#article","isPartOf":{"@id":"https:\/\/lasentinelle.dz\/index.php\/2024\/08\/08\/annaba-la-ville-victime-de-lincivisme-de-ses-habitants\/"},"author":{"name":"admin","@id":"https:\/\/lasentinelle.dz\/#\/schema\/person\/729ee0024f24e0b8c5ec17232f8e8b41"},"headline":"Annaba: La ville victime de l\u2019incivisme de ses habitants","datePublished":"2024-08-08T12:03:07+00:00","mainEntityOfPage":{"@id":"https:\/\/lasentinelle.dz\/index.php\/2024\/08\/08\/annaba-la-ville-victime-de-lincivisme-de-ses-habitants\/"},"wordCount":454,"commentCount":0,"publisher":{"@id":"https:\/\/lasentinelle.dz\/#organization"},"image":{"@id":"https:\/\/lasentinelle.dz\/index.php\/2024\/08\/08\/annaba-la-ville-victime-de-lincivisme-de-ses-habitants\/#primaryimage"},"thumbnailUrl":"https:\/\/lasentinelle.dz\/wp-content\/uploads\/2022\/04\/annaba.jpeg","articleSection":["R\u00e9gions"],"inLanguage":"fr-FR","potentialAction":[{"@type":"CommentAction","name":"Comment","target":["https:\/\/lasentinelle.dz\/index.php\/2024\/08\/08\/annaba-la-ville-victime-de-lincivisme-de-ses-habitants\/#respond"]}]},{"@type":"WebPage","@id":"https:\/\/lasentinelle.dz\/index.php\/2024\/08\/08\/annaba-la-ville-victime-de-lincivisme-de-ses-habitants\/","url":"https:\/\/lasentinelle.dz\/index.php\/2024\/08\/08\/annaba-la-ville-victime-de-lincivisme-de-ses-habitants\/","name":"Annaba: La ville victime de l\u2019incivisme de ses habitants - La Sentinelle","isPartOf":{"@id":"https:\/\/lasentinelle.dz\/#website"},"primaryImageOfPage":{"@id":"https:\/\/lasentinelle.dz\/index.php\/2024\/08\/08\/annaba-la-ville-victime-de-lincivisme-de-ses-habitants\/#primaryimage"},"image":{"@id":"https:\/\/lasentinelle.dz\/index.php\/2024\/08\/08\/annaba-la-ville-victime-de-lincivisme-de-ses-habitants\/#primaryimage"},"thumbnailUrl":"https:\/\/lasentinelle.dz\/wp-content\/uploads\/2022\/04\/annaba.jpeg","datePublished":"2024-08-08T12:03:07+00:00","breadcrumb":{"@id":"https:\/\/lasentinelle.dz\/index.php\/2024\/08\/08\/annaba-la-ville-victime-de-lincivisme-de-ses-habitants\/#breadcrumb"},"inLanguage":"fr-FR","potentialAction":[{"@type":"ReadAction","target":["https:\/\/lasentinelle.dz\/index.php\/2024\/08\/08\/annaba-la-ville-victime-de-lincivisme-de-ses-habitants\/"]}]},{"@type":"ImageObject","inLanguage":"fr-FR","@id":"https:\/\/lasentinelle.dz\/index.php\/2024\/08\/08\/annaba-la-ville-victime-de-lincivisme-de-ses-habitants\/#primaryimage","url":"https:\/\/lasentinelle.dz\/wp-content\/uploads\/2022\/04\/annaba.jpeg","contentUrl":"https:\/\/lasentinelle.dz\/wp-content\/uploads\/2022\/04\/annaba.jpeg","width":600,"height":600},{"@type":"BreadcrumbList","@id":"https:\/\/lasentinelle.dz\/index.php\/2024\/08\/08\/annaba-la-ville-victime-de-lincivisme-de-ses-habitants\/#breadcrumb","itemListElement":[{"@type":"ListItem","position":1,"name":"Accueil","item":"https:\/\/lasentinelle.dz\/"},{"@type":"ListItem","position":2,"name":"Annaba: La ville victime de l\u2019incivisme de ses habitants"}]},{"@type":"WebSite","@id":"https:\/\/lasentinelle.dz\/#website","url":"https:\/\/lasentinelle.dz\/","name":"La Sentinelle","description":"Quotidien national d&#039;information","publisher":{"@id":"https:\/\/lasentinelle.dz\/#organization"},"potentialAction":[{"@type":"SearchAction","target":{"@type":"EntryPoint","urlTemplate":"https:\/\/lasentinelle.dz\/?s={search_term_string}"},"query-input":{"@type":"PropertyValueSpecification","valueRequired":true,"valueName":"search_term_string"}}],"inLanguage":"fr-FR"},{"@type":"Organization","@id":"https:\/\/lasentinelle.dz\/#organization","name":"Quotidien La Sentinelle","url":"https:\/\/lasentinelle.dz\/","logo":{"@type":"ImageObject","inLanguage":"fr-FR","@id":"https:\/\/lasentinelle.dz\/#\/schema\/logo\/image\/","url":"https:\/\/lasentinelle.dz\/wp-content\/uploads\/2021\/09\/logo-sentinelleSLOGAN-1.png","contentUrl":"https:\/\/lasentinelle.dz\/wp-content\/uploads\/2021\/09\/logo-sentinelleSLOGAN-1.png","width":615,"height":142,"caption":"Quotidien La Sentinelle"},"image":{"@id":"https:\/\/lasentinelle.dz\/#\/schema\/logo\/image\/"},"sameAs":["https:\/\/www.facebook.com\/La-Sentinelle-104059864394773"]},{"@type":"Person","@id":"https:\/\/lasentinelle.dz\/#\/schema\/person\/729ee0024f24e0b8c5ec17232f8e8b41","name":"admin","image":{"@type":"ImageObject","inLanguage":"fr-FR","@id":"https:\/\/secure.gravatar.com\/avatar\/4c81fed838786e9b53f540bf46533e750f5d292099ae3b66cfc6fb1982e29df7?s=96&d=mm&r=g","url":"https:\/\/secure.gravatar.com\/avatar\/4c81fed838786e9b53f540bf46533e750f5d292099ae3b66cfc6fb1982e29df7?s=96&d=mm&r=g","contentUrl":"https:\/\/secure.gravatar.com\/avatar\/4c81fed838786e9b53f540bf46533e750f5d292099ae3b66cfc6fb1982e29df7?s=96&d=mm&r=g","caption":"admin"},"description":"admin","url":"https:\/\/lasentinelle.dz\/author\/admin\/"}]}},"_links":{"self":[{"href":"https:\/\/lasentinelle.dz\/index.php\/wp-json\/wp\/v2\/posts\/55460","targetHints":{"allow":["GET"]}}],"collection":[{"href":"https:\/\/lasentinelle.dz\/index.php\/wp-json\/wp\/v2\/posts"}],"about":[{"href":"https:\/\/lasentinelle.dz\/index.php\/wp-json\/wp\/v2\/types\/post"}],"author":[{"embeddable":true,"href":"https:\/\/lasentinelle.dz\/index.php\/wp-json\/wp\/v2\/users\/6"}],"replies":[{"embeddable":true,"href":"https:\/\/lasentinelle.dz\/index.php\/wp-json\/wp\/v2\/comments?post=55460"}],"version-history":[{"count":1,"href":"https:\/\/lasentinelle.dz\/index.php\/wp-json\/wp\/v2\/posts\/55460\/revisions"}],"predecessor-version":[{"id":55461,"href":"https:\/\/lasentinelle.dz\/index.php\/wp-json\/wp\/v2\/posts\/55460\/revisions\/55461"}],"wp:featuredmedia":[{"embeddable":true,"href":"https:\/\/lasentinelle.dz\/index.php\/wp-json\/wp\/v2\/media\/19575"}],"wp:attachment":[{"href":"https:\/\/lasentinelle.dz\/index.php\/wp-json\/wp\/v2\/media?parent=55460"}],"wp:term":[{"taxonomy":"category","embeddable":true,"href":"https:\/\/lasentinelle.dz\/index.php\/wp-json\/wp\/v2\/categories?post=55460"},{"taxonomy":"post_tag","embeddable":true,"href":"https:\/\/lasentinelle.dz\/index.php\/wp-json\/wp\/v2\/tags?post=55460"}],"curies":[{"name":"wp","href":"https:\/\/api.w.org\/{rel}","templated":true}]}}