{"id":55511,"date":"2024-08-11T14:01:22","date_gmt":"2024-08-11T13:01:22","guid":{"rendered":"https:\/\/lasentinelle.dz\/?p=55511"},"modified":"2024-08-11T14:01:23","modified_gmt":"2024-08-11T13:01:23","slug":"visite-de-la-ministre-de-la-culture-et-des-arts-a-in-salah-projet-dinventaire-des-biens-culturels-immateriels","status":"publish","type":"post","link":"https:\/\/lasentinelle.dz\/index.php\/2024\/08\/11\/visite-de-la-ministre-de-la-culture-et-des-arts-a-in-salah-projet-dinventaire-des-biens-culturels-immateriels\/","title":{"rendered":"Visite de la ministre de la Culture et des Arts \u00e0 In Salah: Projet d&rsquo;inventaire des biens culturels immat\u00e9riels"},"content":{"rendered":"\n<p>Les pouvoirs publics d\u00e9montrent une forte volont\u00e9 de prot\u00e9ger et valoriser le riche patrimoine culturel du pays, avec un accent particulier mis sur les r\u00e9gions du Sud. La r\u00e9cente visite de la ministre de la Culture et des Arts, Soraya Mouloudji, dans la wilaya d&rsquo;In Salah, illustre parfaitement cette d\u00e9marche.<\/p>\n\n\n\n<p>Au c\u0153ur de cette initiative se trouve le projet d&rsquo;inventaire des biens culturels immat\u00e9riels dont b\u00e9n\u00e9ficiera In Salah. Cette jeune wilaya, reconnue pour sa richesse historique et culturelle, verra \u00e9galement la mise en place d&rsquo;un inventaire &nbsp;Pr\u00e9sidant la c\u00e9r\u00e9monie d&rsquo;inauguration du si\u00e8ge du d\u00e9partement r\u00e9gional relevant de l&rsquo;Office national du parc culturel de l&rsquo;Ahaggar dans le cadre de la visite de travail et d&rsquo;inspection effectu\u00e9e dans cette ville, la ministre a pr\u00e9cis\u00e9 que \u00ab\u00a0la jeune wilaya d&rsquo;In Salah b\u00e9n\u00e9ficiera d&rsquo;un projet important relatif \u00e0 l&rsquo;inventaire des biens culturels immat\u00e9riels dont regorge la r\u00e9gion\u00a0\u00bb, \u00e9voquant un autre projet aussi important, celui de l&rsquo;inventaire num\u00e9rique, qui figure parmi les projets destin\u00e9s aux cinq Parcs culturels au niveau national, y compris dans la wilaya d&rsquo;In Salah.<\/p>\n\n\n\n<p>num\u00e9rique, s&rsquo;inscrivant dans un effort national concernant les cinq Parcs culturels du pays.<\/p>\n\n\n\n<p>La protection du patrimoine b\u00e2ti n&rsquo;est pas en reste. La ministre a annonc\u00e9 la r\u00e9habilitation prochaine de la Casbah historique de Badjouda, situ\u00e9e au c\u0153ur d&rsquo;In Salah, avec des travaux pr\u00e9vus pour l&rsquo;ann\u00e9e prochaine. Ce site sera ensuite class\u00e9 au patrimoine culturel national. D&rsquo;autres sites historiques, tels que la Casbah des Almoravides, la Casbah \u00ab\u00a0Ksar El-Arab\u00a0\u00bb, la Casbah d&rsquo;Ouled Hnini et la Zaouia el maa, sont en cours d&rsquo;inscription sur la liste suppl\u00e9mentaire d&rsquo;inventaire, en vue de leur future classification au patrimoine national.<\/p>\n\n\n\n<p>L&rsquo;engagement des autorit\u00e9s se manifeste \u00e9galement par la cr\u00e9ation d&rsquo;infrastructures culturelles. L&rsquo;inauguration d&rsquo;une antenne de l&rsquo;Office national du Parc culturel de l&rsquo;Ahaggar \u00e0 In Salah en est un exemple concret. Cette structure servira de mus\u00e9e d\u00e9di\u00e9 au patrimoine culturel mat\u00e9riel et immat\u00e9riel de la r\u00e9gion.<\/p>\n\n\n\n<p>La pr\u00e9servation du patrimoine immat\u00e9riel n&rsquo;est pas n\u00e9glig\u00e9e. La ministre a annonc\u00e9 la cr\u00e9ation du festival local de \u00ab\u00a0Berzana\u00a0\u00bb pour valoriser ce patrimoine culturel unique. De plus, un effort particulier est fait pour la conservation des manuscrits, avec l&rsquo;annonce de la num\u00e9risation de 700 manuscrits appartenant \u00e0 des familles locales pr\u00e9vue pour 2024.<\/p>\n\n\n\n<p>Enfin, la collaboration entre institutions est encourag\u00e9e, comme en t\u00e9moigne la signature d&rsquo;une convention entre le Centre national de recherches pr\u00e9historiques, anthropologiques et historiques et l&rsquo;Office national du parc culturel de l&rsquo;Ahaggar. Cette coop\u00e9ration vise \u00e0 renforcer l&rsquo;\u00e9change d&rsquo;expertises et la sensibilisation \u00e0 l&rsquo;importance de la sauvegarde du patrimoine culturel traditionnel.<\/p>\n\n\n\n<p>Ces initiatives d\u00e9montrent clairement l&rsquo;engagement des autorit\u00e9s alg\u00e9riennes \u00e0 pr\u00e9server, valoriser et transmettre aux g\u00e9n\u00e9rations futures le riche patrimoine culturel du Sud du pays, reconnaissant son importance pour l&rsquo;identit\u00e9 nationale et son potentiel pour le d\u00e9veloppement local. Auparavant, la ministre de la Culture et des Arts a pr\u00e9sid\u00e9 une rencontre avec les artistes de la r\u00e9gion, lors de laquelle elle a honor\u00e9 plusieurs d&rsquo;entre eux pour leurs contributions au domaine culturel dans la wilaya d&rsquo;In Salah, et a remis des cartes d&rsquo;artiste \u00e0 quelques-uns. Des \u00e9crivains et po\u00e8tes ont \u00e9galement \u00e9t\u00e9 distingu\u00e9s \u00e0 cette occasion. Accompagn\u00e9e de plusieurs figures artistiques connues sur la sc\u00e8ne culturelle nationale, Mme Mouloudji a achev\u00e9 sa visite de deux jours dans la wilaya d&rsquo;In Salah par l&rsquo;inspection du site naturel du Bois P\u00e9trifi\u00e9 dans la commune d&rsquo;Inguer et de la \u00ab\u00a0Casbah historique de Badjouda\u00a0\u00bb o\u00f9 elle a \u00e9cout\u00e9 des explications exhaustives sur les deux sites arch\u00e9ologiques. La ministre a exprim\u00e9, en outre, son admiration de ces deux sites et r\u00e9affirm\u00e9 son appui total aux efforts de leur pr\u00e9servation en tant que patrimoine national.<\/p>\n\n\n\n<p>R.C.<\/p>\n","protected":false},"excerpt":{"rendered":"<p>Les pouvoirs publics d\u00e9montrent une forte volont\u00e9 de prot\u00e9ger et valoriser le riche patrimoine culturel du pays, avec un accent<\/p>\n","protected":false},"author":3,"featured_media":55512,"comment_status":"open","ping_status":"closed","sticky":false,"template":"","format":"standard","meta":{"colormag_page_container_layout":"default_layout","colormag_page_sidebar_layout":"default_layout","om_disable_all_campaigns":false,"_monsterinsights_skip_tracking":false,"_monsterinsights_sitenote_active":false,"_monsterinsights_sitenote_note":"","_monsterinsights_sitenote_category":0,"footnotes":"","_wpscppro_dont_share_socialmedia":false,"_wpscppro_custom_social_share_image":0,"_facebook_share_type":"default","_twitter_share_type":"default","_linkedin_share_type":"default","_pinterest_share_type":"default","_linkedin_share_type_page":"","_instagram_share_type":"default","_medium_share_type":"","_threads_share_type":"","_google_business_share_type":"","_selected_social_profile":[],"_wpsp_enable_custom_social_template":false,"_wpsp_social_scheduling":{"enabled":false,"datetime":null,"platforms":[],"status":"template_only","dateOption":"today","timeOption":"now","customDays":"","customHours":"","customDate":"","customTime":"","schedulingType":"absolute"},"_wpsp_active_default_template":true},"categories":[36],"tags":[],"class_list":["post-55511","post","type-post","status-publish","format-standard","has-post-thumbnail","hentry","category-culture"],"aioseo_notices":[],"yoast_head":"<!-- This site is optimized with the Yoast SEO plugin v27.5 - https:\/\/yoast.com\/product\/yoast-seo-wordpress\/ -->\n<title>Visite de la ministre de la Culture et des Arts \u00e0 In Salah: Projet d&rsquo;inventaire des biens culturels immat\u00e9riels - La Sentinelle<\/title>\n<meta name=\"robots\" content=\"index, follow, max-snippet:-1, max-image-preview:large, max-video-preview:-1\" \/>\n<link rel=\"canonical\" href=\"https:\/\/lasentinelle.dz\/index.php\/2024\/08\/11\/visite-de-la-ministre-de-la-culture-et-des-arts-a-in-salah-projet-dinventaire-des-biens-culturels-immateriels\/\" \/>\n<meta property=\"og:locale\" content=\"fr_FR\" \/>\n<meta property=\"og:type\" content=\"article\" \/>\n<meta property=\"og:title\" content=\"Visite de la ministre de la Culture et des Arts \u00e0 In Salah: Projet d&rsquo;inventaire des biens culturels immat\u00e9riels - La Sentinelle\" \/>\n<meta property=\"og:description\" content=\"Les pouvoirs publics d\u00e9montrent une forte volont\u00e9 de prot\u00e9ger et valoriser le riche patrimoine culturel du pays, avec un accent\" \/>\n<meta property=\"og:url\" content=\"https:\/\/lasentinelle.dz\/index.php\/2024\/08\/11\/visite-de-la-ministre-de-la-culture-et-des-arts-a-in-salah-projet-dinventaire-des-biens-culturels-immateriels\/\" \/>\n<meta property=\"og:site_name\" content=\"La Sentinelle\" \/>\n<meta property=\"article:publisher\" content=\"https:\/\/www.facebook.com\/La-Sentinelle-104059864394773\" \/>\n<meta property=\"article:published_time\" content=\"2024-08-11T13:01:22+00:00\" \/>\n<meta property=\"article:modified_time\" content=\"2024-08-11T13:01:23+00:00\" \/>\n<meta property=\"og:image\" content=\"https:\/\/lasentinelle.dz\/wp-content\/uploads\/2024\/08\/casbah-badoudja.jpg\" \/>\n\t<meta property=\"og:image:width\" content=\"1440\" \/>\n\t<meta property=\"og:image:height\" content=\"1080\" \/>\n\t<meta property=\"og:image:type\" content=\"image\/jpeg\" \/>\n<meta name=\"author\" content=\"La Sentinelle\" \/>\n<meta name=\"twitter:card\" content=\"summary_large_image\" \/>\n<meta name=\"twitter:label1\" content=\"\u00c9crit par\" \/>\n\t<meta name=\"twitter:data1\" content=\"La Sentinelle\" \/>\n\t<meta name=\"twitter:label2\" content=\"Dur\u00e9e de lecture estim\u00e9e\" \/>\n\t<meta name=\"twitter:data2\" content=\"4 minutes\" \/>\n<script type=\"application\/ld+json\" class=\"yoast-schema-graph\">{\"@context\":\"https:\\\/\\\/schema.org\",\"@graph\":[{\"@type\":\"Article\",\"@id\":\"https:\\\/\\\/lasentinelle.dz\\\/index.php\\\/2024\\\/08\\\/11\\\/visite-de-la-ministre-de-la-culture-et-des-arts-a-in-salah-projet-dinventaire-des-biens-culturels-immateriels\\\/#article\",\"isPartOf\":{\"@id\":\"https:\\\/\\\/lasentinelle.dz\\\/index.php\\\/2024\\\/08\\\/11\\\/visite-de-la-ministre-de-la-culture-et-des-arts-a-in-salah-projet-dinventaire-des-biens-culturels-immateriels\\\/\"},\"author\":{\"name\":\"La Sentinelle\",\"@id\":\"https:\\\/\\\/lasentinelle.dz\\\/#\\\/schema\\\/person\\\/d865044e22e70a75174ce8bcad3acfb3\"},\"headline\":\"Visite de la ministre de la Culture et des Arts \u00e0 In Salah: Projet d&rsquo;inventaire des biens culturels immat\u00e9riels\",\"datePublished\":\"2024-08-11T13:01:22+00:00\",\"dateModified\":\"2024-08-11T13:01:23+00:00\",\"mainEntityOfPage\":{\"@id\":\"https:\\\/\\\/lasentinelle.dz\\\/index.php\\\/2024\\\/08\\\/11\\\/visite-de-la-ministre-de-la-culture-et-des-arts-a-in-salah-projet-dinventaire-des-biens-culturels-immateriels\\\/\"},\"wordCount\":718,\"commentCount\":0,\"publisher\":{\"@id\":\"https:\\\/\\\/lasentinelle.dz\\\/#organization\"},\"image\":{\"@id\":\"https:\\\/\\\/lasentinelle.dz\\\/index.php\\\/2024\\\/08\\\/11\\\/visite-de-la-ministre-de-la-culture-et-des-arts-a-in-salah-projet-dinventaire-des-biens-culturels-immateriels\\\/#primaryimage\"},\"thumbnailUrl\":\"https:\\\/\\\/lasentinelle.dz\\\/wp-content\\\/uploads\\\/2024\\\/08\\\/casbah-badoudja.jpg\",\"articleSection\":[\"Culture\"],\"inLanguage\":\"fr-FR\",\"potentialAction\":[{\"@type\":\"CommentAction\",\"name\":\"Comment\",\"target\":[\"https:\\\/\\\/lasentinelle.dz\\\/index.php\\\/2024\\\/08\\\/11\\\/visite-de-la-ministre-de-la-culture-et-des-arts-a-in-salah-projet-dinventaire-des-biens-culturels-immateriels\\\/#respond\"]}]},{\"@type\":\"WebPage\",\"@id\":\"https:\\\/\\\/lasentinelle.dz\\\/index.php\\\/2024\\\/08\\\/11\\\/visite-de-la-ministre-de-la-culture-et-des-arts-a-in-salah-projet-dinventaire-des-biens-culturels-immateriels\\\/\",\"url\":\"https:\\\/\\\/lasentinelle.dz\\\/index.php\\\/2024\\\/08\\\/11\\\/visite-de-la-ministre-de-la-culture-et-des-arts-a-in-salah-projet-dinventaire-des-biens-culturels-immateriels\\\/\",\"name\":\"Visite de la ministre de la Culture et des Arts \u00e0 In Salah: Projet d&rsquo;inventaire des biens culturels immat\u00e9riels - La Sentinelle\",\"isPartOf\":{\"@id\":\"https:\\\/\\\/lasentinelle.dz\\\/#website\"},\"primaryImageOfPage\":{\"@id\":\"https:\\\/\\\/lasentinelle.dz\\\/index.php\\\/2024\\\/08\\\/11\\\/visite-de-la-ministre-de-la-culture-et-des-arts-a-in-salah-projet-dinventaire-des-biens-culturels-immateriels\\\/#primaryimage\"},\"image\":{\"@id\":\"https:\\\/\\\/lasentinelle.dz\\\/index.php\\\/2024\\\/08\\\/11\\\/visite-de-la-ministre-de-la-culture-et-des-arts-a-in-salah-projet-dinventaire-des-biens-culturels-immateriels\\\/#primaryimage\"},\"thumbnailUrl\":\"https:\\\/\\\/lasentinelle.dz\\\/wp-content\\\/uploads\\\/2024\\\/08\\\/casbah-badoudja.jpg\",\"datePublished\":\"2024-08-11T13:01:22+00:00\",\"dateModified\":\"2024-08-11T13:01:23+00:00\",\"breadcrumb\":{\"@id\":\"https:\\\/\\\/lasentinelle.dz\\\/index.php\\\/2024\\\/08\\\/11\\\/visite-de-la-ministre-de-la-culture-et-des-arts-a-in-salah-projet-dinventaire-des-biens-culturels-immateriels\\\/#breadcrumb\"},\"inLanguage\":\"fr-FR\",\"potentialAction\":[{\"@type\":\"ReadAction\",\"target\":[\"https:\\\/\\\/lasentinelle.dz\\\/index.php\\\/2024\\\/08\\\/11\\\/visite-de-la-ministre-de-la-culture-et-des-arts-a-in-salah-projet-dinventaire-des-biens-culturels-immateriels\\\/\"]}]},{\"@type\":\"ImageObject\",\"inLanguage\":\"fr-FR\",\"@id\":\"https:\\\/\\\/lasentinelle.dz\\\/index.php\\\/2024\\\/08\\\/11\\\/visite-de-la-ministre-de-la-culture-et-des-arts-a-in-salah-projet-dinventaire-des-biens-culturels-immateriels\\\/#primaryimage\",\"url\":\"https:\\\/\\\/lasentinelle.dz\\\/wp-content\\\/uploads\\\/2024\\\/08\\\/casbah-badoudja.jpg\",\"contentUrl\":\"https:\\\/\\\/lasentinelle.dz\\\/wp-content\\\/uploads\\\/2024\\\/08\\\/casbah-badoudja.jpg\",\"width\":1440,\"height\":1080},{\"@type\":\"BreadcrumbList\",\"@id\":\"https:\\\/\\\/lasentinelle.dz\\\/index.php\\\/2024\\\/08\\\/11\\\/visite-de-la-ministre-de-la-culture-et-des-arts-a-in-salah-projet-dinventaire-des-biens-culturels-immateriels\\\/#breadcrumb\",\"itemListElement\":[{\"@type\":\"ListItem\",\"position\":1,\"name\":\"Accueil\",\"item\":\"https:\\\/\\\/lasentinelle.dz\\\/\"},{\"@type\":\"ListItem\",\"position\":2,\"name\":\"Visite de la ministre de la Culture et des Arts \u00e0 In Salah: Projet d&rsquo;inventaire des biens culturels immat\u00e9riels\"}]},{\"@type\":\"WebSite\",\"@id\":\"https:\\\/\\\/lasentinelle.dz\\\/#website\",\"url\":\"https:\\\/\\\/lasentinelle.dz\\\/\",\"name\":\"La Sentinelle\",\"description\":\"Quotidien national d&#039;information\",\"publisher\":{\"@id\":\"https:\\\/\\\/lasentinelle.dz\\\/#organization\"},\"potentialAction\":[{\"@type\":\"SearchAction\",\"target\":{\"@type\":\"EntryPoint\",\"urlTemplate\":\"https:\\\/\\\/lasentinelle.dz\\\/?s={search_term_string}\"},\"query-input\":{\"@type\":\"PropertyValueSpecification\",\"valueRequired\":true,\"valueName\":\"search_term_string\"}}],\"inLanguage\":\"fr-FR\"},{\"@type\":\"Organization\",\"@id\":\"https:\\\/\\\/lasentinelle.dz\\\/#organization\",\"name\":\"Quotidien La Sentinelle\",\"url\":\"https:\\\/\\\/lasentinelle.dz\\\/\",\"logo\":{\"@type\":\"ImageObject\",\"inLanguage\":\"fr-FR\",\"@id\":\"https:\\\/\\\/lasentinelle.dz\\\/#\\\/schema\\\/logo\\\/image\\\/\",\"url\":\"https:\\\/\\\/lasentinelle.dz\\\/wp-content\\\/uploads\\\/2021\\\/09\\\/logo-sentinelleSLOGAN-1.png\",\"contentUrl\":\"https:\\\/\\\/lasentinelle.dz\\\/wp-content\\\/uploads\\\/2021\\\/09\\\/logo-sentinelleSLOGAN-1.png\",\"width\":615,\"height\":142,\"caption\":\"Quotidien La Sentinelle\"},\"image\":{\"@id\":\"https:\\\/\\\/lasentinelle.dz\\\/#\\\/schema\\\/logo\\\/image\\\/\"},\"sameAs\":[\"https:\\\/\\\/www.facebook.com\\\/La-Sentinelle-104059864394773\"]},{\"@type\":\"Person\",\"@id\":\"https:\\\/\\\/lasentinelle.dz\\\/#\\\/schema\\\/person\\\/d865044e22e70a75174ce8bcad3acfb3\",\"name\":\"La Sentinelle\",\"image\":{\"@type\":\"ImageObject\",\"inLanguage\":\"fr-FR\",\"@id\":\"https:\\\/\\\/secure.gravatar.com\\\/avatar\\\/57de8e5d4b15d43fb361a71fbb36338450fe67865b528a43dd10ef7c51a20392?s=96&d=mm&r=g\",\"url\":\"https:\\\/\\\/secure.gravatar.com\\\/avatar\\\/57de8e5d4b15d43fb361a71fbb36338450fe67865b528a43dd10ef7c51a20392?s=96&d=mm&r=g\",\"contentUrl\":\"https:\\\/\\\/secure.gravatar.com\\\/avatar\\\/57de8e5d4b15d43fb361a71fbb36338450fe67865b528a43dd10ef7c51a20392?s=96&d=mm&r=g\",\"caption\":\"La Sentinelle\"},\"sameAs\":[\"http:\\\/\\\/www.lasentinelle.dz\"],\"url\":\"https:\\\/\\\/lasentinelle.dz\\\/author\\\/redaction\\\/\"}]}<\/script>\n<!-- \/ Yoast SEO plugin. -->","yoast_head_json":{"title":"Visite de la ministre de la Culture et des Arts \u00e0 In Salah: Projet d&rsquo;inventaire des biens culturels immat\u00e9riels - La Sentinelle","robots":{"index":"index","follow":"follow","max-snippet":"max-snippet:-1","max-image-preview":"max-image-preview:large","max-video-preview":"max-video-preview:-1"},"canonical":"https:\/\/lasentinelle.dz\/index.php\/2024\/08\/11\/visite-de-la-ministre-de-la-culture-et-des-arts-a-in-salah-projet-dinventaire-des-biens-culturels-immateriels\/","og_locale":"fr_FR","og_type":"article","og_title":"Visite de la ministre de la Culture et des Arts \u00e0 In Salah: Projet d&rsquo;inventaire des biens culturels immat\u00e9riels - La Sentinelle","og_description":"Les pouvoirs publics d\u00e9montrent une forte volont\u00e9 de prot\u00e9ger et valoriser le riche patrimoine culturel du pays, avec un accent","og_url":"https:\/\/lasentinelle.dz\/index.php\/2024\/08\/11\/visite-de-la-ministre-de-la-culture-et-des-arts-a-in-salah-projet-dinventaire-des-biens-culturels-immateriels\/","og_site_name":"La Sentinelle","article_publisher":"https:\/\/www.facebook.com\/La-Sentinelle-104059864394773","article_published_time":"2024-08-11T13:01:22+00:00","article_modified_time":"2024-08-11T13:01:23+00:00","og_image":[{"width":1440,"height":1080,"url":"https:\/\/lasentinelle.dz\/wp-content\/uploads\/2024\/08\/casbah-badoudja.jpg","type":"image\/jpeg"}],"author":"La Sentinelle","twitter_card":"summary_large_image","twitter_misc":{"\u00c9crit par":"La Sentinelle","Dur\u00e9e de lecture estim\u00e9e":"4 minutes"},"schema":{"@context":"https:\/\/schema.org","@graph":[{"@type":"Article","@id":"https:\/\/lasentinelle.dz\/index.php\/2024\/08\/11\/visite-de-la-ministre-de-la-culture-et-des-arts-a-in-salah-projet-dinventaire-des-biens-culturels-immateriels\/#article","isPartOf":{"@id":"https:\/\/lasentinelle.dz\/index.php\/2024\/08\/11\/visite-de-la-ministre-de-la-culture-et-des-arts-a-in-salah-projet-dinventaire-des-biens-culturels-immateriels\/"},"author":{"name":"La Sentinelle","@id":"https:\/\/lasentinelle.dz\/#\/schema\/person\/d865044e22e70a75174ce8bcad3acfb3"},"headline":"Visite de la ministre de la Culture et des Arts \u00e0 In Salah: Projet d&rsquo;inventaire des biens culturels immat\u00e9riels","datePublished":"2024-08-11T13:01:22+00:00","dateModified":"2024-08-11T13:01:23+00:00","mainEntityOfPage":{"@id":"https:\/\/lasentinelle.dz\/index.php\/2024\/08\/11\/visite-de-la-ministre-de-la-culture-et-des-arts-a-in-salah-projet-dinventaire-des-biens-culturels-immateriels\/"},"wordCount":718,"commentCount":0,"publisher":{"@id":"https:\/\/lasentinelle.dz\/#organization"},"image":{"@id":"https:\/\/lasentinelle.dz\/index.php\/2024\/08\/11\/visite-de-la-ministre-de-la-culture-et-des-arts-a-in-salah-projet-dinventaire-des-biens-culturels-immateriels\/#primaryimage"},"thumbnailUrl":"https:\/\/lasentinelle.dz\/wp-content\/uploads\/2024\/08\/casbah-badoudja.jpg","articleSection":["Culture"],"inLanguage":"fr-FR","potentialAction":[{"@type":"CommentAction","name":"Comment","target":["https:\/\/lasentinelle.dz\/index.php\/2024\/08\/11\/visite-de-la-ministre-de-la-culture-et-des-arts-a-in-salah-projet-dinventaire-des-biens-culturels-immateriels\/#respond"]}]},{"@type":"WebPage","@id":"https:\/\/lasentinelle.dz\/index.php\/2024\/08\/11\/visite-de-la-ministre-de-la-culture-et-des-arts-a-in-salah-projet-dinventaire-des-biens-culturels-immateriels\/","url":"https:\/\/lasentinelle.dz\/index.php\/2024\/08\/11\/visite-de-la-ministre-de-la-culture-et-des-arts-a-in-salah-projet-dinventaire-des-biens-culturels-immateriels\/","name":"Visite de la ministre de la Culture et des Arts \u00e0 In Salah: Projet d&rsquo;inventaire des biens culturels immat\u00e9riels - La Sentinelle","isPartOf":{"@id":"https:\/\/lasentinelle.dz\/#website"},"primaryImageOfPage":{"@id":"https:\/\/lasentinelle.dz\/index.php\/2024\/08\/11\/visite-de-la-ministre-de-la-culture-et-des-arts-a-in-salah-projet-dinventaire-des-biens-culturels-immateriels\/#primaryimage"},"image":{"@id":"https:\/\/lasentinelle.dz\/index.php\/2024\/08\/11\/visite-de-la-ministre-de-la-culture-et-des-arts-a-in-salah-projet-dinventaire-des-biens-culturels-immateriels\/#primaryimage"},"thumbnailUrl":"https:\/\/lasentinelle.dz\/wp-content\/uploads\/2024\/08\/casbah-badoudja.jpg","datePublished":"2024-08-11T13:01:22+00:00","dateModified":"2024-08-11T13:01:23+00:00","breadcrumb":{"@id":"https:\/\/lasentinelle.dz\/index.php\/2024\/08\/11\/visite-de-la-ministre-de-la-culture-et-des-arts-a-in-salah-projet-dinventaire-des-biens-culturels-immateriels\/#breadcrumb"},"inLanguage":"fr-FR","potentialAction":[{"@type":"ReadAction","target":["https:\/\/lasentinelle.dz\/index.php\/2024\/08\/11\/visite-de-la-ministre-de-la-culture-et-des-arts-a-in-salah-projet-dinventaire-des-biens-culturels-immateriels\/"]}]},{"@type":"ImageObject","inLanguage":"fr-FR","@id":"https:\/\/lasentinelle.dz\/index.php\/2024\/08\/11\/visite-de-la-ministre-de-la-culture-et-des-arts-a-in-salah-projet-dinventaire-des-biens-culturels-immateriels\/#primaryimage","url":"https:\/\/lasentinelle.dz\/wp-content\/uploads\/2024\/08\/casbah-badoudja.jpg","contentUrl":"https:\/\/lasentinelle.dz\/wp-content\/uploads\/2024\/08\/casbah-badoudja.jpg","width":1440,"height":1080},{"@type":"BreadcrumbList","@id":"https:\/\/lasentinelle.dz\/index.php\/2024\/08\/11\/visite-de-la-ministre-de-la-culture-et-des-arts-a-in-salah-projet-dinventaire-des-biens-culturels-immateriels\/#breadcrumb","itemListElement":[{"@type":"ListItem","position":1,"name":"Accueil","item":"https:\/\/lasentinelle.dz\/"},{"@type":"ListItem","position":2,"name":"Visite de la ministre de la Culture et des Arts \u00e0 In Salah: Projet d&rsquo;inventaire des biens culturels immat\u00e9riels"}]},{"@type":"WebSite","@id":"https:\/\/lasentinelle.dz\/#website","url":"https:\/\/lasentinelle.dz\/","name":"La Sentinelle","description":"Quotidien national d&#039;information","publisher":{"@id":"https:\/\/lasentinelle.dz\/#organization"},"potentialAction":[{"@type":"SearchAction","target":{"@type":"EntryPoint","urlTemplate":"https:\/\/lasentinelle.dz\/?s={search_term_string}"},"query-input":{"@type":"PropertyValueSpecification","valueRequired":true,"valueName":"search_term_string"}}],"inLanguage":"fr-FR"},{"@type":"Organization","@id":"https:\/\/lasentinelle.dz\/#organization","name":"Quotidien La Sentinelle","url":"https:\/\/lasentinelle.dz\/","logo":{"@type":"ImageObject","inLanguage":"fr-FR","@id":"https:\/\/lasentinelle.dz\/#\/schema\/logo\/image\/","url":"https:\/\/lasentinelle.dz\/wp-content\/uploads\/2021\/09\/logo-sentinelleSLOGAN-1.png","contentUrl":"https:\/\/lasentinelle.dz\/wp-content\/uploads\/2021\/09\/logo-sentinelleSLOGAN-1.png","width":615,"height":142,"caption":"Quotidien La Sentinelle"},"image":{"@id":"https:\/\/lasentinelle.dz\/#\/schema\/logo\/image\/"},"sameAs":["https:\/\/www.facebook.com\/La-Sentinelle-104059864394773"]},{"@type":"Person","@id":"https:\/\/lasentinelle.dz\/#\/schema\/person\/d865044e22e70a75174ce8bcad3acfb3","name":"La Sentinelle","image":{"@type":"ImageObject","inLanguage":"fr-FR","@id":"https:\/\/secure.gravatar.com\/avatar\/57de8e5d4b15d43fb361a71fbb36338450fe67865b528a43dd10ef7c51a20392?s=96&d=mm&r=g","url":"https:\/\/secure.gravatar.com\/avatar\/57de8e5d4b15d43fb361a71fbb36338450fe67865b528a43dd10ef7c51a20392?s=96&d=mm&r=g","contentUrl":"https:\/\/secure.gravatar.com\/avatar\/57de8e5d4b15d43fb361a71fbb36338450fe67865b528a43dd10ef7c51a20392?s=96&d=mm&r=g","caption":"La Sentinelle"},"sameAs":["http:\/\/www.lasentinelle.dz"],"url":"https:\/\/lasentinelle.dz\/author\/redaction\/"}]}},"_links":{"self":[{"href":"https:\/\/lasentinelle.dz\/index.php\/wp-json\/wp\/v2\/posts\/55511","targetHints":{"allow":["GET"]}}],"collection":[{"href":"https:\/\/lasentinelle.dz\/index.php\/wp-json\/wp\/v2\/posts"}],"about":[{"href":"https:\/\/lasentinelle.dz\/index.php\/wp-json\/wp\/v2\/types\/post"}],"author":[{"embeddable":true,"href":"https:\/\/lasentinelle.dz\/index.php\/wp-json\/wp\/v2\/users\/3"}],"replies":[{"embeddable":true,"href":"https:\/\/lasentinelle.dz\/index.php\/wp-json\/wp\/v2\/comments?post=55511"}],"version-history":[{"count":2,"href":"https:\/\/lasentinelle.dz\/index.php\/wp-json\/wp\/v2\/posts\/55511\/revisions"}],"predecessor-version":[{"id":55514,"href":"https:\/\/lasentinelle.dz\/index.php\/wp-json\/wp\/v2\/posts\/55511\/revisions\/55514"}],"wp:featuredmedia":[{"embeddable":true,"href":"https:\/\/lasentinelle.dz\/index.php\/wp-json\/wp\/v2\/media\/55512"}],"wp:attachment":[{"href":"https:\/\/lasentinelle.dz\/index.php\/wp-json\/wp\/v2\/media?parent=55511"}],"wp:term":[{"taxonomy":"category","embeddable":true,"href":"https:\/\/lasentinelle.dz\/index.php\/wp-json\/wp\/v2\/categories?post=55511"},{"taxonomy":"post_tag","embeddable":true,"href":"https:\/\/lasentinelle.dz\/index.php\/wp-json\/wp\/v2\/tags?post=55511"}],"curies":[{"name":"wp","href":"https:\/\/api.w.org\/{rel}","templated":true}]}}