{"id":55552,"date":"2024-08-11T14:27:56","date_gmt":"2024-08-11T13:27:56","guid":{"rendered":"https:\/\/lasentinelle.dz\/?p=55552"},"modified":"2024-08-11T14:27:58","modified_gmt":"2024-08-11T13:27:58","slug":"lalgerie-appelle-les-parties-libyennes-a-la-sagesse-et-a-la-retenue","status":"publish","type":"post","link":"https:\/\/lasentinelle.dz\/index.php\/2024\/08\/11\/lalgerie-appelle-les-parties-libyennes-a-la-sagesse-et-a-la-retenue\/","title":{"rendered":"L\u2019Alg\u00e9rie appelle les parties libyennes \u00e0 la \u00ab\u00a0sagesse\u00a0\u00bb et \u00e0 la \u00ab\u00a0retenue\u00a0\u00bb"},"content":{"rendered":"\n<p>L\u2019Alg\u00e9rie partage \u00ab\u00a0enti\u00e8rement\u00a0\u00bb les pr\u00e9occupations exprim\u00e9es par les Nations unies quant \u00e0 la r\u00e9cente mobilisation des forces dans diverses r\u00e9gions de la Libye, appelant les parties libyennes \u00e0 \u00ab\u00a0la sagesse et \u00e0 la retenue\u00a0\u00bb, indique samedi un communiqu\u00e9 du minist\u00e8re des Affaires \u00e9trang\u00e8res et de la Communaut\u00e9 nationale \u00e0 l&rsquo;\u00e9tranger. \u00ab\u00a0L\u2019Alg\u00e9rie partage enti\u00e8rement les pr\u00e9occupations exprim\u00e9es par les Nations unies quant \u00e0 la r\u00e9cente mobilisation des forces dans diverses r\u00e9gions de la Libye et tout particuli\u00e8rement en direction de ses r\u00e9gions m\u00e9ridionales et occidentales\u00a0\u00bb, soutient le communiqu\u00e9 du minist\u00e8re. \u00ab\u00a0Face au nombre, \u00e0 la diversit\u00e9 et \u00e0 la complexit\u00e9 des obstacles auxquels se heurte encore la recherche d\u2019un r\u00e8glement pacifique \u00e0 la grave crise que vit ce pays fr\u00e8re, la cessation des affrontements fratricides est un acquis pr\u00e9cieux qu\u2019il faut pr\u00e9server \u00e0 tout prix\u00a0\u00bb, poursuit la m\u00eame source. \u00ab\u00a0En cons\u00e9quence, l\u2019Alg\u00e9rie appelle toutes les parties libyennes \u00e0 la sagesse et \u00e0 la retenue pour \u00e9pargner \u00e0 leur pays et \u00e0 leur peuple les retomb\u00e9es tragiques d\u2019une reprise des affrontements dont les premi\u00e8res victimes sont toutes d\u00e9sign\u00e9es : la solution pacifique de la crise, la r\u00e9conciliation inter-libyenne, la r\u00e9unification des institutions et en particulier les institutions s\u00e9curitaires, l\u2019arr\u00eat des ing\u00e9rences \u00e9trang\u00e8res et l\u2019av\u00e8nement d\u2019une nouvelle \u00e8re de s\u00e9curit\u00e9, de stabilit\u00e9 et de prosp\u00e9rit\u00e9 en Libye\u00a0\u00bb, assure le minist\u00e8re des Affaires \u00e9trang\u00e8res.<\/p>\n\n\n\n<p>APS<\/p>\n","protected":false},"excerpt":{"rendered":"<p>L\u2019Alg\u00e9rie partage \u00ab\u00a0enti\u00e8rement\u00a0\u00bb les pr\u00e9occupations exprim\u00e9es par les Nations unies quant \u00e0 la r\u00e9cente mobilisation des forces dans diverses r\u00e9gions<\/p>\n","protected":false},"author":3,"featured_media":17988,"comment_status":"open","ping_status":"closed","sticky":false,"template":"","format":"standard","meta":{"colormag_page_container_layout":"default_layout","colormag_page_sidebar_layout":"default_layout","om_disable_all_campaigns":false,"_monsterinsights_skip_tracking":false,"_monsterinsights_sitenote_active":false,"_monsterinsights_sitenote_note":"","_monsterinsights_sitenote_category":0,"footnotes":"","_wpscppro_dont_share_socialmedia":false,"_wpscppro_custom_social_share_image":0,"_facebook_share_type":"default","_twitter_share_type":"default","_linkedin_share_type":"default","_pinterest_share_type":"default","_linkedin_share_type_page":"","_instagram_share_type":"default","_medium_share_type":"","_threads_share_type":"","_google_business_share_type":"","_selected_social_profile":[],"_wpsp_enable_custom_social_template":false,"_wpsp_social_scheduling":{"enabled":false,"datetime":null,"platforms":[],"status":"template_only","dateOption":"today","timeOption":"now","customDays":"","customHours":"","customDate":"","customTime":"","schedulingType":"absolute"},"_wpsp_active_default_template":true},"categories":[27],"tags":[],"class_list":["post-55552","post","type-post","status-publish","format-standard","has-post-thumbnail","hentry","category-actualite"],"aioseo_notices":[],"yoast_head":"<!-- This site is optimized with the Yoast SEO plugin v27.4 - https:\/\/yoast.com\/product\/yoast-seo-wordpress\/ -->\n<title>L\u2019Alg\u00e9rie appelle les parties libyennes \u00e0 la \u00ab\u00a0sagesse\u00a0\u00bb et \u00e0 la \u00ab\u00a0retenue\u00a0\u00bb - La Sentinelle<\/title>\n<meta name=\"robots\" content=\"index, follow, max-snippet:-1, max-image-preview:large, max-video-preview:-1\" \/>\n<link rel=\"canonical\" href=\"https:\/\/lasentinelle.dz\/index.php\/2024\/08\/11\/lalgerie-appelle-les-parties-libyennes-a-la-sagesse-et-a-la-retenue\/\" \/>\n<meta property=\"og:locale\" content=\"fr_FR\" \/>\n<meta property=\"og:type\" content=\"article\" \/>\n<meta property=\"og:title\" content=\"L\u2019Alg\u00e9rie appelle les parties libyennes \u00e0 la \u00ab\u00a0sagesse\u00a0\u00bb et \u00e0 la \u00ab\u00a0retenue\u00a0\u00bb - La Sentinelle\" \/>\n<meta property=\"og:description\" content=\"L\u2019Alg\u00e9rie partage \u00ab\u00a0enti\u00e8rement\u00a0\u00bb les pr\u00e9occupations exprim\u00e9es par les Nations unies quant \u00e0 la r\u00e9cente mobilisation des forces dans diverses r\u00e9gions\" \/>\n<meta property=\"og:url\" content=\"https:\/\/lasentinelle.dz\/index.php\/2024\/08\/11\/lalgerie-appelle-les-parties-libyennes-a-la-sagesse-et-a-la-retenue\/\" \/>\n<meta property=\"og:site_name\" content=\"La Sentinelle\" \/>\n<meta property=\"article:publisher\" content=\"https:\/\/www.facebook.com\/La-Sentinelle-104059864394773\" \/>\n<meta property=\"article:published_time\" content=\"2024-08-11T13:27:56+00:00\" \/>\n<meta property=\"article:modified_time\" content=\"2024-08-11T13:27:58+00:00\" \/>\n<meta property=\"og:image\" content=\"https:\/\/lasentinelle.dz\/wp-content\/uploads\/2022\/03\/MAE.png\" \/>\n\t<meta property=\"og:image:width\" content=\"1354\" \/>\n\t<meta property=\"og:image:height\" content=\"900\" \/>\n\t<meta property=\"og:image:type\" content=\"image\/png\" \/>\n<meta name=\"author\" content=\"La Sentinelle\" \/>\n<meta name=\"twitter:card\" content=\"summary_large_image\" \/>\n<meta name=\"twitter:label1\" content=\"\u00c9crit par\" \/>\n\t<meta name=\"twitter:data1\" content=\"La Sentinelle\" \/>\n\t<meta name=\"twitter:label2\" content=\"Dur\u00e9e de lecture estim\u00e9e\" \/>\n\t<meta name=\"twitter:data2\" content=\"2 minutes\" \/>\n<script type=\"application\/ld+json\" class=\"yoast-schema-graph\">{\"@context\":\"https:\\\/\\\/schema.org\",\"@graph\":[{\"@type\":\"Article\",\"@id\":\"https:\\\/\\\/lasentinelle.dz\\\/index.php\\\/2024\\\/08\\\/11\\\/lalgerie-appelle-les-parties-libyennes-a-la-sagesse-et-a-la-retenue\\\/#article\",\"isPartOf\":{\"@id\":\"https:\\\/\\\/lasentinelle.dz\\\/index.php\\\/2024\\\/08\\\/11\\\/lalgerie-appelle-les-parties-libyennes-a-la-sagesse-et-a-la-retenue\\\/\"},\"author\":{\"name\":\"La Sentinelle\",\"@id\":\"https:\\\/\\\/lasentinelle.dz\\\/#\\\/schema\\\/person\\\/d865044e22e70a75174ce8bcad3acfb3\"},\"headline\":\"L\u2019Alg\u00e9rie appelle les parties libyennes \u00e0 la \u00ab\u00a0sagesse\u00a0\u00bb et \u00e0 la \u00ab\u00a0retenue\u00a0\u00bb\",\"datePublished\":\"2024-08-11T13:27:56+00:00\",\"dateModified\":\"2024-08-11T13:27:58+00:00\",\"mainEntityOfPage\":{\"@id\":\"https:\\\/\\\/lasentinelle.dz\\\/index.php\\\/2024\\\/08\\\/11\\\/lalgerie-appelle-les-parties-libyennes-a-la-sagesse-et-a-la-retenue\\\/\"},\"wordCount\":269,\"commentCount\":0,\"publisher\":{\"@id\":\"https:\\\/\\\/lasentinelle.dz\\\/#organization\"},\"image\":{\"@id\":\"https:\\\/\\\/lasentinelle.dz\\\/index.php\\\/2024\\\/08\\\/11\\\/lalgerie-appelle-les-parties-libyennes-a-la-sagesse-et-a-la-retenue\\\/#primaryimage\"},\"thumbnailUrl\":\"https:\\\/\\\/lasentinelle.dz\\\/wp-content\\\/uploads\\\/2022\\\/03\\\/MAE.png\",\"articleSection\":[\"Actualit\u00e9\"],\"inLanguage\":\"fr-FR\",\"potentialAction\":[{\"@type\":\"CommentAction\",\"name\":\"Comment\",\"target\":[\"https:\\\/\\\/lasentinelle.dz\\\/index.php\\\/2024\\\/08\\\/11\\\/lalgerie-appelle-les-parties-libyennes-a-la-sagesse-et-a-la-retenue\\\/#respond\"]}]},{\"@type\":\"WebPage\",\"@id\":\"https:\\\/\\\/lasentinelle.dz\\\/index.php\\\/2024\\\/08\\\/11\\\/lalgerie-appelle-les-parties-libyennes-a-la-sagesse-et-a-la-retenue\\\/\",\"url\":\"https:\\\/\\\/lasentinelle.dz\\\/index.php\\\/2024\\\/08\\\/11\\\/lalgerie-appelle-les-parties-libyennes-a-la-sagesse-et-a-la-retenue\\\/\",\"name\":\"L\u2019Alg\u00e9rie appelle les parties libyennes \u00e0 la \u00ab\u00a0sagesse\u00a0\u00bb et \u00e0 la \u00ab\u00a0retenue\u00a0\u00bb - La Sentinelle\",\"isPartOf\":{\"@id\":\"https:\\\/\\\/lasentinelle.dz\\\/#website\"},\"primaryImageOfPage\":{\"@id\":\"https:\\\/\\\/lasentinelle.dz\\\/index.php\\\/2024\\\/08\\\/11\\\/lalgerie-appelle-les-parties-libyennes-a-la-sagesse-et-a-la-retenue\\\/#primaryimage\"},\"image\":{\"@id\":\"https:\\\/\\\/lasentinelle.dz\\\/index.php\\\/2024\\\/08\\\/11\\\/lalgerie-appelle-les-parties-libyennes-a-la-sagesse-et-a-la-retenue\\\/#primaryimage\"},\"thumbnailUrl\":\"https:\\\/\\\/lasentinelle.dz\\\/wp-content\\\/uploads\\\/2022\\\/03\\\/MAE.png\",\"datePublished\":\"2024-08-11T13:27:56+00:00\",\"dateModified\":\"2024-08-11T13:27:58+00:00\",\"breadcrumb\":{\"@id\":\"https:\\\/\\\/lasentinelle.dz\\\/index.php\\\/2024\\\/08\\\/11\\\/lalgerie-appelle-les-parties-libyennes-a-la-sagesse-et-a-la-retenue\\\/#breadcrumb\"},\"inLanguage\":\"fr-FR\",\"potentialAction\":[{\"@type\":\"ReadAction\",\"target\":[\"https:\\\/\\\/lasentinelle.dz\\\/index.php\\\/2024\\\/08\\\/11\\\/lalgerie-appelle-les-parties-libyennes-a-la-sagesse-et-a-la-retenue\\\/\"]}]},{\"@type\":\"ImageObject\",\"inLanguage\":\"fr-FR\",\"@id\":\"https:\\\/\\\/lasentinelle.dz\\\/index.php\\\/2024\\\/08\\\/11\\\/lalgerie-appelle-les-parties-libyennes-a-la-sagesse-et-a-la-retenue\\\/#primaryimage\",\"url\":\"https:\\\/\\\/lasentinelle.dz\\\/wp-content\\\/uploads\\\/2022\\\/03\\\/MAE.png\",\"contentUrl\":\"https:\\\/\\\/lasentinelle.dz\\\/wp-content\\\/uploads\\\/2022\\\/03\\\/MAE.png\",\"width\":1354,\"height\":900},{\"@type\":\"BreadcrumbList\",\"@id\":\"https:\\\/\\\/lasentinelle.dz\\\/index.php\\\/2024\\\/08\\\/11\\\/lalgerie-appelle-les-parties-libyennes-a-la-sagesse-et-a-la-retenue\\\/#breadcrumb\",\"itemListElement\":[{\"@type\":\"ListItem\",\"position\":1,\"name\":\"Accueil\",\"item\":\"https:\\\/\\\/lasentinelle.dz\\\/\"},{\"@type\":\"ListItem\",\"position\":2,\"name\":\"L\u2019Alg\u00e9rie appelle les parties libyennes \u00e0 la \u00ab\u00a0sagesse\u00a0\u00bb et \u00e0 la \u00ab\u00a0retenue\u00a0\u00bb\"}]},{\"@type\":\"WebSite\",\"@id\":\"https:\\\/\\\/lasentinelle.dz\\\/#website\",\"url\":\"https:\\\/\\\/lasentinelle.dz\\\/\",\"name\":\"La Sentinelle\",\"description\":\"Quotidien national d&#039;information\",\"publisher\":{\"@id\":\"https:\\\/\\\/lasentinelle.dz\\\/#organization\"},\"potentialAction\":[{\"@type\":\"SearchAction\",\"target\":{\"@type\":\"EntryPoint\",\"urlTemplate\":\"https:\\\/\\\/lasentinelle.dz\\\/?s={search_term_string}\"},\"query-input\":{\"@type\":\"PropertyValueSpecification\",\"valueRequired\":true,\"valueName\":\"search_term_string\"}}],\"inLanguage\":\"fr-FR\"},{\"@type\":\"Organization\",\"@id\":\"https:\\\/\\\/lasentinelle.dz\\\/#organization\",\"name\":\"Quotidien La Sentinelle\",\"url\":\"https:\\\/\\\/lasentinelle.dz\\\/\",\"logo\":{\"@type\":\"ImageObject\",\"inLanguage\":\"fr-FR\",\"@id\":\"https:\\\/\\\/lasentinelle.dz\\\/#\\\/schema\\\/logo\\\/image\\\/\",\"url\":\"https:\\\/\\\/lasentinelle.dz\\\/wp-content\\\/uploads\\\/2021\\\/09\\\/logo-sentinelleSLOGAN-1.png\",\"contentUrl\":\"https:\\\/\\\/lasentinelle.dz\\\/wp-content\\\/uploads\\\/2021\\\/09\\\/logo-sentinelleSLOGAN-1.png\",\"width\":615,\"height\":142,\"caption\":\"Quotidien La Sentinelle\"},\"image\":{\"@id\":\"https:\\\/\\\/lasentinelle.dz\\\/#\\\/schema\\\/logo\\\/image\\\/\"},\"sameAs\":[\"https:\\\/\\\/www.facebook.com\\\/La-Sentinelle-104059864394773\"]},{\"@type\":\"Person\",\"@id\":\"https:\\\/\\\/lasentinelle.dz\\\/#\\\/schema\\\/person\\\/d865044e22e70a75174ce8bcad3acfb3\",\"name\":\"La Sentinelle\",\"image\":{\"@type\":\"ImageObject\",\"inLanguage\":\"fr-FR\",\"@id\":\"https:\\\/\\\/secure.gravatar.com\\\/avatar\\\/57de8e5d4b15d43fb361a71fbb36338450fe67865b528a43dd10ef7c51a20392?s=96&d=mm&r=g\",\"url\":\"https:\\\/\\\/secure.gravatar.com\\\/avatar\\\/57de8e5d4b15d43fb361a71fbb36338450fe67865b528a43dd10ef7c51a20392?s=96&d=mm&r=g\",\"contentUrl\":\"https:\\\/\\\/secure.gravatar.com\\\/avatar\\\/57de8e5d4b15d43fb361a71fbb36338450fe67865b528a43dd10ef7c51a20392?s=96&d=mm&r=g\",\"caption\":\"La Sentinelle\"},\"sameAs\":[\"http:\\\/\\\/www.lasentinelle.dz\"],\"url\":\"https:\\\/\\\/lasentinelle.dz\\\/author\\\/redaction\\\/\"}]}<\/script>\n<!-- \/ Yoast SEO plugin. -->","yoast_head_json":{"title":"L\u2019Alg\u00e9rie appelle les parties libyennes \u00e0 la \u00ab\u00a0sagesse\u00a0\u00bb et \u00e0 la \u00ab\u00a0retenue\u00a0\u00bb - La Sentinelle","robots":{"index":"index","follow":"follow","max-snippet":"max-snippet:-1","max-image-preview":"max-image-preview:large","max-video-preview":"max-video-preview:-1"},"canonical":"https:\/\/lasentinelle.dz\/index.php\/2024\/08\/11\/lalgerie-appelle-les-parties-libyennes-a-la-sagesse-et-a-la-retenue\/","og_locale":"fr_FR","og_type":"article","og_title":"L\u2019Alg\u00e9rie appelle les parties libyennes \u00e0 la \u00ab\u00a0sagesse\u00a0\u00bb et \u00e0 la \u00ab\u00a0retenue\u00a0\u00bb - La Sentinelle","og_description":"L\u2019Alg\u00e9rie partage \u00ab\u00a0enti\u00e8rement\u00a0\u00bb les pr\u00e9occupations exprim\u00e9es par les Nations unies quant \u00e0 la r\u00e9cente mobilisation des forces dans diverses r\u00e9gions","og_url":"https:\/\/lasentinelle.dz\/index.php\/2024\/08\/11\/lalgerie-appelle-les-parties-libyennes-a-la-sagesse-et-a-la-retenue\/","og_site_name":"La Sentinelle","article_publisher":"https:\/\/www.facebook.com\/La-Sentinelle-104059864394773","article_published_time":"2024-08-11T13:27:56+00:00","article_modified_time":"2024-08-11T13:27:58+00:00","og_image":[{"width":1354,"height":900,"url":"https:\/\/lasentinelle.dz\/wp-content\/uploads\/2022\/03\/MAE.png","type":"image\/png"}],"author":"La Sentinelle","twitter_card":"summary_large_image","twitter_misc":{"\u00c9crit par":"La Sentinelle","Dur\u00e9e de lecture estim\u00e9e":"2 minutes"},"schema":{"@context":"https:\/\/schema.org","@graph":[{"@type":"Article","@id":"https:\/\/lasentinelle.dz\/index.php\/2024\/08\/11\/lalgerie-appelle-les-parties-libyennes-a-la-sagesse-et-a-la-retenue\/#article","isPartOf":{"@id":"https:\/\/lasentinelle.dz\/index.php\/2024\/08\/11\/lalgerie-appelle-les-parties-libyennes-a-la-sagesse-et-a-la-retenue\/"},"author":{"name":"La Sentinelle","@id":"https:\/\/lasentinelle.dz\/#\/schema\/person\/d865044e22e70a75174ce8bcad3acfb3"},"headline":"L\u2019Alg\u00e9rie appelle les parties libyennes \u00e0 la \u00ab\u00a0sagesse\u00a0\u00bb et \u00e0 la \u00ab\u00a0retenue\u00a0\u00bb","datePublished":"2024-08-11T13:27:56+00:00","dateModified":"2024-08-11T13:27:58+00:00","mainEntityOfPage":{"@id":"https:\/\/lasentinelle.dz\/index.php\/2024\/08\/11\/lalgerie-appelle-les-parties-libyennes-a-la-sagesse-et-a-la-retenue\/"},"wordCount":269,"commentCount":0,"publisher":{"@id":"https:\/\/lasentinelle.dz\/#organization"},"image":{"@id":"https:\/\/lasentinelle.dz\/index.php\/2024\/08\/11\/lalgerie-appelle-les-parties-libyennes-a-la-sagesse-et-a-la-retenue\/#primaryimage"},"thumbnailUrl":"https:\/\/lasentinelle.dz\/wp-content\/uploads\/2022\/03\/MAE.png","articleSection":["Actualit\u00e9"],"inLanguage":"fr-FR","potentialAction":[{"@type":"CommentAction","name":"Comment","target":["https:\/\/lasentinelle.dz\/index.php\/2024\/08\/11\/lalgerie-appelle-les-parties-libyennes-a-la-sagesse-et-a-la-retenue\/#respond"]}]},{"@type":"WebPage","@id":"https:\/\/lasentinelle.dz\/index.php\/2024\/08\/11\/lalgerie-appelle-les-parties-libyennes-a-la-sagesse-et-a-la-retenue\/","url":"https:\/\/lasentinelle.dz\/index.php\/2024\/08\/11\/lalgerie-appelle-les-parties-libyennes-a-la-sagesse-et-a-la-retenue\/","name":"L\u2019Alg\u00e9rie appelle les parties libyennes \u00e0 la \u00ab\u00a0sagesse\u00a0\u00bb et \u00e0 la \u00ab\u00a0retenue\u00a0\u00bb - La Sentinelle","isPartOf":{"@id":"https:\/\/lasentinelle.dz\/#website"},"primaryImageOfPage":{"@id":"https:\/\/lasentinelle.dz\/index.php\/2024\/08\/11\/lalgerie-appelle-les-parties-libyennes-a-la-sagesse-et-a-la-retenue\/#primaryimage"},"image":{"@id":"https:\/\/lasentinelle.dz\/index.php\/2024\/08\/11\/lalgerie-appelle-les-parties-libyennes-a-la-sagesse-et-a-la-retenue\/#primaryimage"},"thumbnailUrl":"https:\/\/lasentinelle.dz\/wp-content\/uploads\/2022\/03\/MAE.png","datePublished":"2024-08-11T13:27:56+00:00","dateModified":"2024-08-11T13:27:58+00:00","breadcrumb":{"@id":"https:\/\/lasentinelle.dz\/index.php\/2024\/08\/11\/lalgerie-appelle-les-parties-libyennes-a-la-sagesse-et-a-la-retenue\/#breadcrumb"},"inLanguage":"fr-FR","potentialAction":[{"@type":"ReadAction","target":["https:\/\/lasentinelle.dz\/index.php\/2024\/08\/11\/lalgerie-appelle-les-parties-libyennes-a-la-sagesse-et-a-la-retenue\/"]}]},{"@type":"ImageObject","inLanguage":"fr-FR","@id":"https:\/\/lasentinelle.dz\/index.php\/2024\/08\/11\/lalgerie-appelle-les-parties-libyennes-a-la-sagesse-et-a-la-retenue\/#primaryimage","url":"https:\/\/lasentinelle.dz\/wp-content\/uploads\/2022\/03\/MAE.png","contentUrl":"https:\/\/lasentinelle.dz\/wp-content\/uploads\/2022\/03\/MAE.png","width":1354,"height":900},{"@type":"BreadcrumbList","@id":"https:\/\/lasentinelle.dz\/index.php\/2024\/08\/11\/lalgerie-appelle-les-parties-libyennes-a-la-sagesse-et-a-la-retenue\/#breadcrumb","itemListElement":[{"@type":"ListItem","position":1,"name":"Accueil","item":"https:\/\/lasentinelle.dz\/"},{"@type":"ListItem","position":2,"name":"L\u2019Alg\u00e9rie appelle les parties libyennes \u00e0 la \u00ab\u00a0sagesse\u00a0\u00bb et \u00e0 la \u00ab\u00a0retenue\u00a0\u00bb"}]},{"@type":"WebSite","@id":"https:\/\/lasentinelle.dz\/#website","url":"https:\/\/lasentinelle.dz\/","name":"La Sentinelle","description":"Quotidien national d&#039;information","publisher":{"@id":"https:\/\/lasentinelle.dz\/#organization"},"potentialAction":[{"@type":"SearchAction","target":{"@type":"EntryPoint","urlTemplate":"https:\/\/lasentinelle.dz\/?s={search_term_string}"},"query-input":{"@type":"PropertyValueSpecification","valueRequired":true,"valueName":"search_term_string"}}],"inLanguage":"fr-FR"},{"@type":"Organization","@id":"https:\/\/lasentinelle.dz\/#organization","name":"Quotidien La Sentinelle","url":"https:\/\/lasentinelle.dz\/","logo":{"@type":"ImageObject","inLanguage":"fr-FR","@id":"https:\/\/lasentinelle.dz\/#\/schema\/logo\/image\/","url":"https:\/\/lasentinelle.dz\/wp-content\/uploads\/2021\/09\/logo-sentinelleSLOGAN-1.png","contentUrl":"https:\/\/lasentinelle.dz\/wp-content\/uploads\/2021\/09\/logo-sentinelleSLOGAN-1.png","width":615,"height":142,"caption":"Quotidien La Sentinelle"},"image":{"@id":"https:\/\/lasentinelle.dz\/#\/schema\/logo\/image\/"},"sameAs":["https:\/\/www.facebook.com\/La-Sentinelle-104059864394773"]},{"@type":"Person","@id":"https:\/\/lasentinelle.dz\/#\/schema\/person\/d865044e22e70a75174ce8bcad3acfb3","name":"La Sentinelle","image":{"@type":"ImageObject","inLanguage":"fr-FR","@id":"https:\/\/secure.gravatar.com\/avatar\/57de8e5d4b15d43fb361a71fbb36338450fe67865b528a43dd10ef7c51a20392?s=96&d=mm&r=g","url":"https:\/\/secure.gravatar.com\/avatar\/57de8e5d4b15d43fb361a71fbb36338450fe67865b528a43dd10ef7c51a20392?s=96&d=mm&r=g","contentUrl":"https:\/\/secure.gravatar.com\/avatar\/57de8e5d4b15d43fb361a71fbb36338450fe67865b528a43dd10ef7c51a20392?s=96&d=mm&r=g","caption":"La Sentinelle"},"sameAs":["http:\/\/www.lasentinelle.dz"],"url":"https:\/\/lasentinelle.dz\/author\/redaction\/"}]}},"_links":{"self":[{"href":"https:\/\/lasentinelle.dz\/index.php\/wp-json\/wp\/v2\/posts\/55552","targetHints":{"allow":["GET"]}}],"collection":[{"href":"https:\/\/lasentinelle.dz\/index.php\/wp-json\/wp\/v2\/posts"}],"about":[{"href":"https:\/\/lasentinelle.dz\/index.php\/wp-json\/wp\/v2\/types\/post"}],"author":[{"embeddable":true,"href":"https:\/\/lasentinelle.dz\/index.php\/wp-json\/wp\/v2\/users\/3"}],"replies":[{"embeddable":true,"href":"https:\/\/lasentinelle.dz\/index.php\/wp-json\/wp\/v2\/comments?post=55552"}],"version-history":[{"count":2,"href":"https:\/\/lasentinelle.dz\/index.php\/wp-json\/wp\/v2\/posts\/55552\/revisions"}],"predecessor-version":[{"id":55554,"href":"https:\/\/lasentinelle.dz\/index.php\/wp-json\/wp\/v2\/posts\/55552\/revisions\/55554"}],"wp:featuredmedia":[{"embeddable":true,"href":"https:\/\/lasentinelle.dz\/index.php\/wp-json\/wp\/v2\/media\/17988"}],"wp:attachment":[{"href":"https:\/\/lasentinelle.dz\/index.php\/wp-json\/wp\/v2\/media?parent=55552"}],"wp:term":[{"taxonomy":"category","embeddable":true,"href":"https:\/\/lasentinelle.dz\/index.php\/wp-json\/wp\/v2\/categories?post=55552"},{"taxonomy":"post_tag","embeddable":true,"href":"https:\/\/lasentinelle.dz\/index.php\/wp-json\/wp\/v2\/tags?post=55552"}],"curies":[{"name":"wp","href":"https:\/\/api.w.org\/{rel}","templated":true}]}}