{"id":55564,"date":"2024-08-11T13:48:00","date_gmt":"2024-08-11T12:48:00","guid":{"rendered":"https:\/\/lasentinelle.dz\/?p=55564"},"modified":"2024-08-11T14:50:24","modified_gmt":"2024-08-11T13:50:24","slug":"le-caaid-lance-linitiative-roya","status":"publish","type":"post","link":"https:\/\/lasentinelle.dz\/index.php\/2024\/08\/11\/le-caaid-lance-linitiative-roya\/","title":{"rendered":"Le CAAID lance l&rsquo;initiative \u00ab\u00a0Roya\u00a0\u00bb"},"content":{"rendered":"\n<p>Le Centre arabo-africain d&rsquo;investissement et de d\u00e9veloppement (CAAID) a annonc\u00e9, samedi \u00e0 Alger, le lancement d&rsquo;une nouvelle initiative \u00ab\u00a0Roya\u00a0\u00bb (Vision), visant \u00e0 formuler des propositions \u00e0 moyen et long termes pour une \u00e9conomie durable et forte. L&rsquo;initiative est conduite par un conseil compos\u00e9 de six membres et 36 commissions th\u00e9matiques qui veillent, chaque semaine, \u00e0 lancer un d\u00e9bat sur les moyens de d\u00e9velopper un secteur \u00e9conomique donn\u00e9, en sollicitant des chaines cr\u00e9\u00e9es sp\u00e9cialement \u00e0 cet effet via les r\u00e9seaux sociaux (WhatsApp, Telegram, Facebook, LinkedIn), l&rsquo;objectif \u00e9tant d&rsquo;obtenir des propositions \u00e9crites, a d\u00e9clar\u00e9 \u00e0 l&rsquo;APS le pr\u00e9sident du CAAID, Amine Boutalbi, en marge d&rsquo;une rencontre consacr\u00e9e \u00e0 la pr\u00e9sentation de l&rsquo;initiative. Tous les op\u00e9rateurs \u00e9conomiques, experts, porteurs de projets et acteurs de la soci\u00e9t\u00e9 civile peuvent contribuer \u00e0 l&rsquo;\u00e9laboration de ces propositions, avant leur soumission pour examen \u00e0 des commissions ad hoc dans le cadre de conf\u00e9rences, dont les recommandations seront communiqu\u00e9es aux instances consultatives et aux minist\u00e8res, pr\u00e9cise le m\u00eame responsable. Les d\u00e9bats seront ax\u00e9s essentiellement autour du \u00ab\u00a0d\u00e9veloppement des diff\u00e9rents secteurs d&rsquo;activit\u00e9 \u00e9conomique et d&rsquo;investissement dans les jeunes et les porteurs de projets, le renforcement de l&rsquo;innovation, la relance du r\u00f4le de la communaut\u00e9 nationale \u00e0 l&rsquo;\u00e9tranger, outre le soutien de l&rsquo;\u00e9conomie verte, de l&rsquo;\u00e9nergie renouvelable et l&rsquo;autonomisation de la femme\u00a0\u00bb, a-t-il ajout\u00e9. Il s&rsquo;agit \u00e9galement \u00ab\u00a0du renforcement de la recherche scientifique et de la contribution \u00e0 la cr\u00e9ation d&rsquo;un cadre juridique et diplomatique favorisant l&rsquo;attractivit\u00e9 des investissements\u00a0\u00bb, selon les explications fournies. Les d\u00e9bats auront \u00e9galement une dimension locale, les jeunes et acteurs de la soci\u00e9t\u00e9 civile, issus des diff\u00e9rentes wilayas \u00e9tant invit\u00e9s \u00e0 y participer pour tenter d&rsquo;apporter des solutions \u00e0 leurs probl\u00e8mes. Dans son allocution, M. Boutalbi a pr\u00e9cis\u00e9 que 150 membres se sont inscrits \u00e0 l&rsquo;initiative depuis son ouverture il y a une semaine, en sus de 300 op\u00e9rateurs \u00e9conomiques d\u00e9sirant y adh\u00e9rer, qualifiant cette initiative d&rsquo;outil \u00ab\u00a0pour transformer les d\u00e9fis en opportunit\u00e9s, et pour construire des m\u00e9canismes de coop\u00e9ration efficaces entre tous les acteurs de la soci\u00e9t\u00e9, y compris le Gouvernement, le secteur priv\u00e9, le secteur public et la soci\u00e9t\u00e9 civile\u00a0\u00bb. Plac\u00e9e sous le slogan \u00ab\u00a0Construisons un avenir meilleur\u00a0\u00bb, cette initiative aspire \u00e0 \u00ab\u00a0r\u00e9aliser une \u00e9conomie alg\u00e9rienne diversifi\u00e9e et durable, en mesure de faire face aux d\u00e9fis mondiaux d&rsquo;ici 2040, au moyen de laquelle l&rsquo;Alg\u00e9rie deviendra un pays leader dans les domaines de la technologie, de l&rsquo;innovation, et de l&rsquo;\u00e9conomie verte, afin de r\u00e9aliser la s\u00e9curit\u00e9 alimentaire, \u00e9nerg\u00e9tique, hydrique et environnementale\u00a0\u00bb, a indiqu\u00e9 le m\u00eame responsable. Pour sa part, le coordinateur de l&rsquo;initiative, Abdelhakim Hadjou, a pr\u00e9cis\u00e9 que l&rsquo;objectif de cette initiative est de \u00ab\u00a0d\u00e9terminer les obstacles rencontr\u00e9s par chaque secteur \u00e9conomique et de coordonner entre ces secteurs pour en assurer le d\u00e9veloppement au m\u00eame rythme par l&rsquo;ouverture de canaux de communication entre les acteurs de chaque domaine\u00a0\u00bb. Selon lui, cette initiative devrait \u00ab\u00a0nous offrir une vision ext\u00e9rieure globale et claire de ce qui se passe dans notre \u00e9conomie, avec la possibilit\u00e9 de b\u00e9n\u00e9ficier progressivement des avanc\u00e9es enregistr\u00e9es dans les pays les plus d\u00e9velopp\u00e9s\u00a0\u00bb. La rencontre a vu la participation du directeur g\u00e9n\u00e9ral de l&rsquo;Agence alg\u00e9rienne de promotion de l&rsquo;investissement (AAPI), Omar Rekkache, ainsi que des repr\u00e9sentants de l&rsquo;Observatoire national de la soci\u00e9t\u00e9 civile, de l&rsquo;Institut national d\u2019\u00e9tudes de strat\u00e9gie globale (INESG), de parlementaires, d&rsquo;experts, de chercheurs, de cadres et d&rsquo;acteurs \u00e9conomiques.<\/p>\n\n\n\n<p>APS<\/p>\n","protected":false},"excerpt":{"rendered":"<p>Le Centre arabo-africain d&rsquo;investissement et de d\u00e9veloppement (CAAID) a annonc\u00e9, samedi \u00e0 Alger, le lancement d&rsquo;une nouvelle initiative \u00ab\u00a0Roya\u00a0\u00bb (Vision),<\/p>\n","protected":false},"author":3,"featured_media":55565,"comment_status":"open","ping_status":"closed","sticky":false,"template":"","format":"standard","meta":{"colormag_page_container_layout":"default_layout","colormag_page_sidebar_layout":"default_layout","om_disable_all_campaigns":false,"_monsterinsights_skip_tracking":false,"_monsterinsights_sitenote_active":false,"_monsterinsights_sitenote_note":"","_monsterinsights_sitenote_category":0,"footnotes":"","_wpscppro_dont_share_socialmedia":false,"_wpscppro_custom_social_share_image":0,"_facebook_share_type":"default","_twitter_share_type":"default","_linkedin_share_type":"default","_pinterest_share_type":"default","_linkedin_share_type_page":"","_instagram_share_type":"default","_medium_share_type":"","_threads_share_type":"","_google_business_share_type":"","_selected_social_profile":[],"_wpsp_enable_custom_social_template":false,"_wpsp_social_scheduling":{"enabled":false,"datetime":null,"platforms":[],"status":"template_only","dateOption":"today","timeOption":"now","customDays":"","customHours":"","customDate":"","customTime":"","schedulingType":"absolute"},"_wpsp_active_default_template":true},"categories":[29],"tags":[],"class_list":["post-55564","post","type-post","status-publish","format-standard","has-post-thumbnail","hentry","category-economie"],"aioseo_notices":[],"yoast_head":"<!-- This site is optimized with the Yoast SEO plugin v27.5 - https:\/\/yoast.com\/product\/yoast-seo-wordpress\/ -->\n<title>Le CAAID lance l&rsquo;initiative \u00ab\u00a0Roya\u00a0\u00bb - La Sentinelle<\/title>\n<meta name=\"robots\" content=\"index, follow, max-snippet:-1, max-image-preview:large, max-video-preview:-1\" \/>\n<link rel=\"canonical\" href=\"https:\/\/lasentinelle.dz\/index.php\/2024\/08\/11\/le-caaid-lance-linitiative-roya\/\" \/>\n<meta property=\"og:locale\" content=\"fr_FR\" \/>\n<meta property=\"og:type\" content=\"article\" \/>\n<meta property=\"og:title\" content=\"Le CAAID lance l&rsquo;initiative \u00ab\u00a0Roya\u00a0\u00bb - La Sentinelle\" \/>\n<meta property=\"og:description\" content=\"Le Centre arabo-africain d&rsquo;investissement et de d\u00e9veloppement (CAAID) a annonc\u00e9, samedi \u00e0 Alger, le lancement d&rsquo;une nouvelle initiative \u00ab\u00a0Roya\u00a0\u00bb (Vision),\" \/>\n<meta property=\"og:url\" content=\"https:\/\/lasentinelle.dz\/index.php\/2024\/08\/11\/le-caaid-lance-linitiative-roya\/\" \/>\n<meta property=\"og:site_name\" content=\"La Sentinelle\" \/>\n<meta property=\"article:publisher\" content=\"https:\/\/www.facebook.com\/La-Sentinelle-104059864394773\" \/>\n<meta property=\"article:published_time\" content=\"2024-08-11T12:48:00+00:00\" \/>\n<meta property=\"article:modified_time\" content=\"2024-08-11T13:50:24+00:00\" \/>\n<meta property=\"og:image\" content=\"https:\/\/lasentinelle.dz\/wp-content\/uploads\/2024\/08\/CAAID.png\" \/>\n\t<meta property=\"og:image:width\" content=\"275\" \/>\n\t<meta property=\"og:image:height\" content=\"183\" \/>\n\t<meta property=\"og:image:type\" content=\"image\/png\" \/>\n<meta name=\"author\" content=\"La Sentinelle\" \/>\n<meta name=\"twitter:card\" content=\"summary_large_image\" \/>\n<meta name=\"twitter:label1\" content=\"\u00c9crit par\" \/>\n\t<meta name=\"twitter:data1\" content=\"La Sentinelle\" \/>\n\t<meta name=\"twitter:label2\" content=\"Dur\u00e9e de lecture estim\u00e9e\" \/>\n\t<meta name=\"twitter:data2\" content=\"4 minutes\" \/>\n<script type=\"application\/ld+json\" class=\"yoast-schema-graph\">{\"@context\":\"https:\\\/\\\/schema.org\",\"@graph\":[{\"@type\":\"Article\",\"@id\":\"https:\\\/\\\/lasentinelle.dz\\\/index.php\\\/2024\\\/08\\\/11\\\/le-caaid-lance-linitiative-roya\\\/#article\",\"isPartOf\":{\"@id\":\"https:\\\/\\\/lasentinelle.dz\\\/index.php\\\/2024\\\/08\\\/11\\\/le-caaid-lance-linitiative-roya\\\/\"},\"author\":{\"name\":\"La Sentinelle\",\"@id\":\"https:\\\/\\\/lasentinelle.dz\\\/#\\\/schema\\\/person\\\/d865044e22e70a75174ce8bcad3acfb3\"},\"headline\":\"Le CAAID lance l&rsquo;initiative \u00ab\u00a0Roya\u00a0\u00bb\",\"datePublished\":\"2024-08-11T12:48:00+00:00\",\"dateModified\":\"2024-08-11T13:50:24+00:00\",\"mainEntityOfPage\":{\"@id\":\"https:\\\/\\\/lasentinelle.dz\\\/index.php\\\/2024\\\/08\\\/11\\\/le-caaid-lance-linitiative-roya\\\/\"},\"wordCount\":639,\"commentCount\":0,\"publisher\":{\"@id\":\"https:\\\/\\\/lasentinelle.dz\\\/#organization\"},\"image\":{\"@id\":\"https:\\\/\\\/lasentinelle.dz\\\/index.php\\\/2024\\\/08\\\/11\\\/le-caaid-lance-linitiative-roya\\\/#primaryimage\"},\"thumbnailUrl\":\"https:\\\/\\\/lasentinelle.dz\\\/wp-content\\\/uploads\\\/2024\\\/08\\\/CAAID.png\",\"articleSection\":[\"\u00c9conomie\"],\"inLanguage\":\"fr-FR\",\"potentialAction\":[{\"@type\":\"CommentAction\",\"name\":\"Comment\",\"target\":[\"https:\\\/\\\/lasentinelle.dz\\\/index.php\\\/2024\\\/08\\\/11\\\/le-caaid-lance-linitiative-roya\\\/#respond\"]}]},{\"@type\":\"WebPage\",\"@id\":\"https:\\\/\\\/lasentinelle.dz\\\/index.php\\\/2024\\\/08\\\/11\\\/le-caaid-lance-linitiative-roya\\\/\",\"url\":\"https:\\\/\\\/lasentinelle.dz\\\/index.php\\\/2024\\\/08\\\/11\\\/le-caaid-lance-linitiative-roya\\\/\",\"name\":\"Le CAAID lance l&rsquo;initiative \u00ab\u00a0Roya\u00a0\u00bb - La Sentinelle\",\"isPartOf\":{\"@id\":\"https:\\\/\\\/lasentinelle.dz\\\/#website\"},\"primaryImageOfPage\":{\"@id\":\"https:\\\/\\\/lasentinelle.dz\\\/index.php\\\/2024\\\/08\\\/11\\\/le-caaid-lance-linitiative-roya\\\/#primaryimage\"},\"image\":{\"@id\":\"https:\\\/\\\/lasentinelle.dz\\\/index.php\\\/2024\\\/08\\\/11\\\/le-caaid-lance-linitiative-roya\\\/#primaryimage\"},\"thumbnailUrl\":\"https:\\\/\\\/lasentinelle.dz\\\/wp-content\\\/uploads\\\/2024\\\/08\\\/CAAID.png\",\"datePublished\":\"2024-08-11T12:48:00+00:00\",\"dateModified\":\"2024-08-11T13:50:24+00:00\",\"breadcrumb\":{\"@id\":\"https:\\\/\\\/lasentinelle.dz\\\/index.php\\\/2024\\\/08\\\/11\\\/le-caaid-lance-linitiative-roya\\\/#breadcrumb\"},\"inLanguage\":\"fr-FR\",\"potentialAction\":[{\"@type\":\"ReadAction\",\"target\":[\"https:\\\/\\\/lasentinelle.dz\\\/index.php\\\/2024\\\/08\\\/11\\\/le-caaid-lance-linitiative-roya\\\/\"]}]},{\"@type\":\"ImageObject\",\"inLanguage\":\"fr-FR\",\"@id\":\"https:\\\/\\\/lasentinelle.dz\\\/index.php\\\/2024\\\/08\\\/11\\\/le-caaid-lance-linitiative-roya\\\/#primaryimage\",\"url\":\"https:\\\/\\\/lasentinelle.dz\\\/wp-content\\\/uploads\\\/2024\\\/08\\\/CAAID.png\",\"contentUrl\":\"https:\\\/\\\/lasentinelle.dz\\\/wp-content\\\/uploads\\\/2024\\\/08\\\/CAAID.png\",\"width\":275,\"height\":183},{\"@type\":\"BreadcrumbList\",\"@id\":\"https:\\\/\\\/lasentinelle.dz\\\/index.php\\\/2024\\\/08\\\/11\\\/le-caaid-lance-linitiative-roya\\\/#breadcrumb\",\"itemListElement\":[{\"@type\":\"ListItem\",\"position\":1,\"name\":\"Accueil\",\"item\":\"https:\\\/\\\/lasentinelle.dz\\\/\"},{\"@type\":\"ListItem\",\"position\":2,\"name\":\"Le CAAID lance l&rsquo;initiative \u00ab\u00a0Roya\u00a0\u00bb\"}]},{\"@type\":\"WebSite\",\"@id\":\"https:\\\/\\\/lasentinelle.dz\\\/#website\",\"url\":\"https:\\\/\\\/lasentinelle.dz\\\/\",\"name\":\"La Sentinelle\",\"description\":\"Quotidien national d&#039;information\",\"publisher\":{\"@id\":\"https:\\\/\\\/lasentinelle.dz\\\/#organization\"},\"potentialAction\":[{\"@type\":\"SearchAction\",\"target\":{\"@type\":\"EntryPoint\",\"urlTemplate\":\"https:\\\/\\\/lasentinelle.dz\\\/?s={search_term_string}\"},\"query-input\":{\"@type\":\"PropertyValueSpecification\",\"valueRequired\":true,\"valueName\":\"search_term_string\"}}],\"inLanguage\":\"fr-FR\"},{\"@type\":\"Organization\",\"@id\":\"https:\\\/\\\/lasentinelle.dz\\\/#organization\",\"name\":\"Quotidien La Sentinelle\",\"url\":\"https:\\\/\\\/lasentinelle.dz\\\/\",\"logo\":{\"@type\":\"ImageObject\",\"inLanguage\":\"fr-FR\",\"@id\":\"https:\\\/\\\/lasentinelle.dz\\\/#\\\/schema\\\/logo\\\/image\\\/\",\"url\":\"https:\\\/\\\/lasentinelle.dz\\\/wp-content\\\/uploads\\\/2021\\\/09\\\/logo-sentinelleSLOGAN-1.png\",\"contentUrl\":\"https:\\\/\\\/lasentinelle.dz\\\/wp-content\\\/uploads\\\/2021\\\/09\\\/logo-sentinelleSLOGAN-1.png\",\"width\":615,\"height\":142,\"caption\":\"Quotidien La Sentinelle\"},\"image\":{\"@id\":\"https:\\\/\\\/lasentinelle.dz\\\/#\\\/schema\\\/logo\\\/image\\\/\"},\"sameAs\":[\"https:\\\/\\\/www.facebook.com\\\/La-Sentinelle-104059864394773\"]},{\"@type\":\"Person\",\"@id\":\"https:\\\/\\\/lasentinelle.dz\\\/#\\\/schema\\\/person\\\/d865044e22e70a75174ce8bcad3acfb3\",\"name\":\"La Sentinelle\",\"image\":{\"@type\":\"ImageObject\",\"inLanguage\":\"fr-FR\",\"@id\":\"https:\\\/\\\/secure.gravatar.com\\\/avatar\\\/57de8e5d4b15d43fb361a71fbb36338450fe67865b528a43dd10ef7c51a20392?s=96&d=mm&r=g\",\"url\":\"https:\\\/\\\/secure.gravatar.com\\\/avatar\\\/57de8e5d4b15d43fb361a71fbb36338450fe67865b528a43dd10ef7c51a20392?s=96&d=mm&r=g\",\"contentUrl\":\"https:\\\/\\\/secure.gravatar.com\\\/avatar\\\/57de8e5d4b15d43fb361a71fbb36338450fe67865b528a43dd10ef7c51a20392?s=96&d=mm&r=g\",\"caption\":\"La Sentinelle\"},\"sameAs\":[\"http:\\\/\\\/www.lasentinelle.dz\"],\"url\":\"https:\\\/\\\/lasentinelle.dz\\\/author\\\/redaction\\\/\"}]}<\/script>\n<!-- \/ Yoast SEO plugin. -->","yoast_head_json":{"title":"Le CAAID lance l&rsquo;initiative \u00ab\u00a0Roya\u00a0\u00bb - La Sentinelle","robots":{"index":"index","follow":"follow","max-snippet":"max-snippet:-1","max-image-preview":"max-image-preview:large","max-video-preview":"max-video-preview:-1"},"canonical":"https:\/\/lasentinelle.dz\/index.php\/2024\/08\/11\/le-caaid-lance-linitiative-roya\/","og_locale":"fr_FR","og_type":"article","og_title":"Le CAAID lance l&rsquo;initiative \u00ab\u00a0Roya\u00a0\u00bb - La Sentinelle","og_description":"Le Centre arabo-africain d&rsquo;investissement et de d\u00e9veloppement (CAAID) a annonc\u00e9, samedi \u00e0 Alger, le lancement d&rsquo;une nouvelle initiative \u00ab\u00a0Roya\u00a0\u00bb (Vision),","og_url":"https:\/\/lasentinelle.dz\/index.php\/2024\/08\/11\/le-caaid-lance-linitiative-roya\/","og_site_name":"La Sentinelle","article_publisher":"https:\/\/www.facebook.com\/La-Sentinelle-104059864394773","article_published_time":"2024-08-11T12:48:00+00:00","article_modified_time":"2024-08-11T13:50:24+00:00","og_image":[{"width":275,"height":183,"url":"https:\/\/lasentinelle.dz\/wp-content\/uploads\/2024\/08\/CAAID.png","type":"image\/png"}],"author":"La Sentinelle","twitter_card":"summary_large_image","twitter_misc":{"\u00c9crit par":"La Sentinelle","Dur\u00e9e de lecture estim\u00e9e":"4 minutes"},"schema":{"@context":"https:\/\/schema.org","@graph":[{"@type":"Article","@id":"https:\/\/lasentinelle.dz\/index.php\/2024\/08\/11\/le-caaid-lance-linitiative-roya\/#article","isPartOf":{"@id":"https:\/\/lasentinelle.dz\/index.php\/2024\/08\/11\/le-caaid-lance-linitiative-roya\/"},"author":{"name":"La Sentinelle","@id":"https:\/\/lasentinelle.dz\/#\/schema\/person\/d865044e22e70a75174ce8bcad3acfb3"},"headline":"Le CAAID lance l&rsquo;initiative \u00ab\u00a0Roya\u00a0\u00bb","datePublished":"2024-08-11T12:48:00+00:00","dateModified":"2024-08-11T13:50:24+00:00","mainEntityOfPage":{"@id":"https:\/\/lasentinelle.dz\/index.php\/2024\/08\/11\/le-caaid-lance-linitiative-roya\/"},"wordCount":639,"commentCount":0,"publisher":{"@id":"https:\/\/lasentinelle.dz\/#organization"},"image":{"@id":"https:\/\/lasentinelle.dz\/index.php\/2024\/08\/11\/le-caaid-lance-linitiative-roya\/#primaryimage"},"thumbnailUrl":"https:\/\/lasentinelle.dz\/wp-content\/uploads\/2024\/08\/CAAID.png","articleSection":["\u00c9conomie"],"inLanguage":"fr-FR","potentialAction":[{"@type":"CommentAction","name":"Comment","target":["https:\/\/lasentinelle.dz\/index.php\/2024\/08\/11\/le-caaid-lance-linitiative-roya\/#respond"]}]},{"@type":"WebPage","@id":"https:\/\/lasentinelle.dz\/index.php\/2024\/08\/11\/le-caaid-lance-linitiative-roya\/","url":"https:\/\/lasentinelle.dz\/index.php\/2024\/08\/11\/le-caaid-lance-linitiative-roya\/","name":"Le CAAID lance l&rsquo;initiative \u00ab\u00a0Roya\u00a0\u00bb - La Sentinelle","isPartOf":{"@id":"https:\/\/lasentinelle.dz\/#website"},"primaryImageOfPage":{"@id":"https:\/\/lasentinelle.dz\/index.php\/2024\/08\/11\/le-caaid-lance-linitiative-roya\/#primaryimage"},"image":{"@id":"https:\/\/lasentinelle.dz\/index.php\/2024\/08\/11\/le-caaid-lance-linitiative-roya\/#primaryimage"},"thumbnailUrl":"https:\/\/lasentinelle.dz\/wp-content\/uploads\/2024\/08\/CAAID.png","datePublished":"2024-08-11T12:48:00+00:00","dateModified":"2024-08-11T13:50:24+00:00","breadcrumb":{"@id":"https:\/\/lasentinelle.dz\/index.php\/2024\/08\/11\/le-caaid-lance-linitiative-roya\/#breadcrumb"},"inLanguage":"fr-FR","potentialAction":[{"@type":"ReadAction","target":["https:\/\/lasentinelle.dz\/index.php\/2024\/08\/11\/le-caaid-lance-linitiative-roya\/"]}]},{"@type":"ImageObject","inLanguage":"fr-FR","@id":"https:\/\/lasentinelle.dz\/index.php\/2024\/08\/11\/le-caaid-lance-linitiative-roya\/#primaryimage","url":"https:\/\/lasentinelle.dz\/wp-content\/uploads\/2024\/08\/CAAID.png","contentUrl":"https:\/\/lasentinelle.dz\/wp-content\/uploads\/2024\/08\/CAAID.png","width":275,"height":183},{"@type":"BreadcrumbList","@id":"https:\/\/lasentinelle.dz\/index.php\/2024\/08\/11\/le-caaid-lance-linitiative-roya\/#breadcrumb","itemListElement":[{"@type":"ListItem","position":1,"name":"Accueil","item":"https:\/\/lasentinelle.dz\/"},{"@type":"ListItem","position":2,"name":"Le CAAID lance l&rsquo;initiative \u00ab\u00a0Roya\u00a0\u00bb"}]},{"@type":"WebSite","@id":"https:\/\/lasentinelle.dz\/#website","url":"https:\/\/lasentinelle.dz\/","name":"La Sentinelle","description":"Quotidien national d&#039;information","publisher":{"@id":"https:\/\/lasentinelle.dz\/#organization"},"potentialAction":[{"@type":"SearchAction","target":{"@type":"EntryPoint","urlTemplate":"https:\/\/lasentinelle.dz\/?s={search_term_string}"},"query-input":{"@type":"PropertyValueSpecification","valueRequired":true,"valueName":"search_term_string"}}],"inLanguage":"fr-FR"},{"@type":"Organization","@id":"https:\/\/lasentinelle.dz\/#organization","name":"Quotidien La Sentinelle","url":"https:\/\/lasentinelle.dz\/","logo":{"@type":"ImageObject","inLanguage":"fr-FR","@id":"https:\/\/lasentinelle.dz\/#\/schema\/logo\/image\/","url":"https:\/\/lasentinelle.dz\/wp-content\/uploads\/2021\/09\/logo-sentinelleSLOGAN-1.png","contentUrl":"https:\/\/lasentinelle.dz\/wp-content\/uploads\/2021\/09\/logo-sentinelleSLOGAN-1.png","width":615,"height":142,"caption":"Quotidien La Sentinelle"},"image":{"@id":"https:\/\/lasentinelle.dz\/#\/schema\/logo\/image\/"},"sameAs":["https:\/\/www.facebook.com\/La-Sentinelle-104059864394773"]},{"@type":"Person","@id":"https:\/\/lasentinelle.dz\/#\/schema\/person\/d865044e22e70a75174ce8bcad3acfb3","name":"La Sentinelle","image":{"@type":"ImageObject","inLanguage":"fr-FR","@id":"https:\/\/secure.gravatar.com\/avatar\/57de8e5d4b15d43fb361a71fbb36338450fe67865b528a43dd10ef7c51a20392?s=96&d=mm&r=g","url":"https:\/\/secure.gravatar.com\/avatar\/57de8e5d4b15d43fb361a71fbb36338450fe67865b528a43dd10ef7c51a20392?s=96&d=mm&r=g","contentUrl":"https:\/\/secure.gravatar.com\/avatar\/57de8e5d4b15d43fb361a71fbb36338450fe67865b528a43dd10ef7c51a20392?s=96&d=mm&r=g","caption":"La Sentinelle"},"sameAs":["http:\/\/www.lasentinelle.dz"],"url":"https:\/\/lasentinelle.dz\/author\/redaction\/"}]}},"_links":{"self":[{"href":"https:\/\/lasentinelle.dz\/index.php\/wp-json\/wp\/v2\/posts\/55564","targetHints":{"allow":["GET"]}}],"collection":[{"href":"https:\/\/lasentinelle.dz\/index.php\/wp-json\/wp\/v2\/posts"}],"about":[{"href":"https:\/\/lasentinelle.dz\/index.php\/wp-json\/wp\/v2\/types\/post"}],"author":[{"embeddable":true,"href":"https:\/\/lasentinelle.dz\/index.php\/wp-json\/wp\/v2\/users\/3"}],"replies":[{"embeddable":true,"href":"https:\/\/lasentinelle.dz\/index.php\/wp-json\/wp\/v2\/comments?post=55564"}],"version-history":[{"count":2,"href":"https:\/\/lasentinelle.dz\/index.php\/wp-json\/wp\/v2\/posts\/55564\/revisions"}],"predecessor-version":[{"id":55567,"href":"https:\/\/lasentinelle.dz\/index.php\/wp-json\/wp\/v2\/posts\/55564\/revisions\/55567"}],"wp:featuredmedia":[{"embeddable":true,"href":"https:\/\/lasentinelle.dz\/index.php\/wp-json\/wp\/v2\/media\/55565"}],"wp:attachment":[{"href":"https:\/\/lasentinelle.dz\/index.php\/wp-json\/wp\/v2\/media?parent=55564"}],"wp:term":[{"taxonomy":"category","embeddable":true,"href":"https:\/\/lasentinelle.dz\/index.php\/wp-json\/wp\/v2\/categories?post=55564"},{"taxonomy":"post_tag","embeddable":true,"href":"https:\/\/lasentinelle.dz\/index.php\/wp-json\/wp\/v2\/tags?post=55564"}],"curies":[{"name":"wp","href":"https:\/\/api.w.org\/{rel}","templated":true}]}}