{"id":55614,"date":"2024-08-13T14:26:57","date_gmt":"2024-08-13T13:26:57","guid":{"rendered":"https:\/\/lasentinelle.dz\/?p=55614"},"modified":"2024-08-13T14:26:59","modified_gmt":"2024-08-13T13:26:59","slug":"lutte-contre-les-incendies-une-situation-maitrisee","status":"publish","type":"post","link":"https:\/\/lasentinelle.dz\/index.php\/2024\/08\/13\/lutte-contre-les-incendies-une-situation-maitrisee\/","title":{"rendered":"Lutte contre les incendies : Une situation ma\u00eetris\u00e9e"},"content":{"rendered":"\n<p>La situation des incendies qui se sont d\u00e9clar\u00e9s depuis vendredi dans plusieurs wilayas du nord du pays est largement sous contr\u00f4le. Les services de la Protection civile font \u00e9tat d&rsquo;une am\u00e9lioration significative, fruit d&rsquo;une mobilisation exceptionnelle des moyens humains et mat\u00e9riels d\u00e9ploy\u00e9s par l&rsquo;\u00c9tat.<\/p>\n\n\n\n<p>La wilaya de Tizi-Ouzou, particuli\u00e8rement touch\u00e9e, illustre l&rsquo;efficacit\u00e9 de cette r\u00e9ponse. Le commandant Kamel Bouchakor, charg\u00e9 de communication de la direction de wilaya de la Protection civile, affirme que \u00ab\u00a0quasiment l&rsquo;ensemble des incendies sont, pour l&rsquo;heure, ma\u00eetris\u00e9s\u00a0\u00bb. Il souligne qu&rsquo;aucune perte humaine n&rsquo;est \u00e0 d\u00e9plorer, \u00ab\u00a0gr\u00e2ce \u00e0 la mobilisation de tous les moyens, humains et mat\u00e9riels, de la protection civile\u00a0\u00bb. Un dispositif impressionnant a \u00e9t\u00e9 mis en place dans cette wilaya : 184 v\u00e9hicules d&rsquo;intervention, 7 avions, et 826 agents de la protection civile. Des renforts sont venus des wilayas voisines, notamment Naama, El Bayadh, et de l&rsquo;Unit\u00e9 d&rsquo;instruction et d&rsquo;intervention d&rsquo;El Hamiz (Alger). Le d\u00e9tachement r\u00e9gional de lutte contre les feux de for\u00eats de Blida a \u00e9galement \u00e9t\u00e9 mobilis\u00e9.<\/p>\n\n\n\n<p>La conservation des for\u00eats de Tizi-Ouzou, par la voix de son responsable Youcef Ould Mohamed, confirme que \u00ab\u00a0la situation est ma\u00eetris\u00e9e\u00a0\u00bb. Le secteur forestier a d\u00e9ploy\u00e9 l&rsquo;ensemble de ses moyens, renforc\u00e9s par des brigades venues de Bouira, Boumerdes, El Bayadh, Bechar, Adrar et Timimoune. Si plusieurs foyers restent sous surveillance, notamment dans la r\u00e9gion de Beni Douala, les autorit\u00e9s maintiennent leur vigilance. \u00ab\u00a0Nous avons organis\u00e9 nos moyens de lutte de fa\u00e7on \u00e0 intervenir rapidement en cas de reprise de feu \u00e0 partir des fumerons\u00a0\u00bb, pr\u00e9cise le commandant Bouchakor.<\/p>\n\n\n\n<p>Dans les autres wilayas touch\u00e9es, la situation \u00e9volue favorablement. \u00c0 B\u00e9ja\u00efa, deux incendies de for\u00eat sont en cours d&rsquo;extinction. \u00c0 S\u00e9tif, les \u00e9quipes luttent contre des feux de broussailles dans les villages de Tazmourt et Thanrin. La wilaya de Jijel fait face \u00e0 un incendie de for\u00eat \u00e0 Mechta, tandis qu&rsquo;\u00e0 El Tarf, deux foyers sont en cours d&rsquo;extinction \u00e0 Tehouani Tamechta El Fheiss et au village de Mohamed El Tayeb. Le bilan quotidien de la Protection civile a &nbsp;indiqu\u00e9 hier que le dispositif de lutte contre les incendies de for\u00eat, maquis et r\u00e9colte \u00e0 proc\u00e9d\u00e9 \u00e0 l&rsquo;extinction de 22 incendies \u00e0 travers plusieurs wilayas du pays, soulignant que l&rsquo;intervention rapide des secours a permis l&rsquo;extinction de ces incendies et \u00e9viter leur propagation, ainsi que la pr\u00e9servation d&rsquo;importants couverts v\u00e9g\u00e9taux et r\u00e9coltes.<\/p>\n\n\n\n<p>Cette r\u00e9ponse efficace s&rsquo;inscrit dans une strat\u00e9gie nationale de lutte contre les incendies, mise en place par les autorit\u00e9s. La pr\u00e9sence sur le terrain du directeur g\u00e9n\u00e9ral des for\u00eats, Djamel Touahria, et du directeur g\u00e9n\u00e9ral de la protection civile, le colonel Boualem Boughlaf, t\u00e9moigne de l&rsquo;importance accord\u00e9e \u00e0 cette situation. Les deux responsables ont donn\u00e9 des instructions claires : renforcer les moyens de lutte par l&rsquo;appui d&rsquo;autres wilayas et donner la priorit\u00e9 \u00e0 la protection des personnes et des habitations. Cette approche a permis de limiter consid\u00e9rablement les d\u00e9g\u00e2ts humains et mat\u00e9riels. La mobilisation ne s&rsquo;est pas limit\u00e9e aux services de l&rsquo;\u00c9tat. Le Croissant rouge alg\u00e9rien et des centaines de citoyens se sont joints aux efforts, illustrant une solidarit\u00e9 nationale face \u00e0 cette \u00e9preuve. Les derniers incendies ont \u00e9galement mis en lumi\u00e8re l&rsquo;efficacit\u00e9 des moyens a\u00e9riens, notamment les avions AT-802, dans la lutte contre les incendies de grande ampleur.<\/p>\n\n\n\n<p>Alors que la vigilance reste de mise, notamment en raison des conditions climatiques d\u00e9favorables (forte chaleur et vent), cette mobilisation sans pr\u00e9c\u00e9dent d\u00e9montre la capacit\u00e9 de r\u00e9action de l&rsquo;Alg\u00e9rie face aux d\u00e9fis environnementaux. Elle souligne \u00e9galement l&rsquo;importance d&rsquo;une coordination efficace entre les diff\u00e9rents services de l&rsquo;\u00c9tat et la soci\u00e9t\u00e9 civile dans la gestion des crises. Les autorit\u00e9s appellent n\u00e9anmoins \u00e0 la prudence et au respect des consignes de s\u00e9curit\u00e9, rappelant que la lutte contre les incendies est l&rsquo;affaire de tous. La pr\u00e9servation du patrimoine forestier national demeure une priorit\u00e9, n\u00e9cessitant une vigilance constante et une responsabilit\u00e9 partag\u00e9e.<\/p>\n\n\n\n<p><strong>Chokri Hafed<\/strong><\/p>\n","protected":false},"excerpt":{"rendered":"<p>La situation des incendies qui se sont d\u00e9clar\u00e9s depuis vendredi dans plusieurs wilayas du nord du pays est largement sous<\/p>\n","protected":false},"author":6,"featured_media":42834,"comment_status":"open","ping_status":"closed","sticky":false,"template":"","format":"standard","meta":{"colormag_page_container_layout":"default_layout","colormag_page_sidebar_layout":"default_layout","om_disable_all_campaigns":false,"_monsterinsights_skip_tracking":false,"_monsterinsights_sitenote_active":false,"_monsterinsights_sitenote_note":"","_monsterinsights_sitenote_category":0,"footnotes":"","_wpscppro_dont_share_socialmedia":false,"_wpscppro_custom_social_share_image":0,"_facebook_share_type":"default","_twitter_share_type":"default","_linkedin_share_type":"default","_pinterest_share_type":"default","_linkedin_share_type_page":"","_instagram_share_type":"default","_medium_share_type":"","_threads_share_type":"","_google_business_share_type":"","_selected_social_profile":[],"_wpsp_enable_custom_social_template":false,"_wpsp_social_scheduling":{"enabled":false,"datetime":null,"platforms":[],"status":"template_only","dateOption":"today","timeOption":"now","customDays":"","customHours":"","customDate":"","customTime":"","schedulingType":"absolute"},"_wpsp_active_default_template":true},"categories":[52,27],"tags":[],"class_list":["post-55614","post","type-post","status-publish","format-standard","has-post-thumbnail","hentry","category-a-la-une","category-actualite"],"aioseo_notices":[],"yoast_head":"<!-- This site is optimized with the Yoast SEO plugin v27.5 - https:\/\/yoast.com\/product\/yoast-seo-wordpress\/ -->\n<title>Lutte contre les incendies : Une situation ma\u00eetris\u00e9e - La Sentinelle<\/title>\n<meta name=\"robots\" content=\"index, follow, max-snippet:-1, max-image-preview:large, max-video-preview:-1\" \/>\n<link rel=\"canonical\" href=\"https:\/\/lasentinelle.dz\/index.php\/2024\/08\/13\/lutte-contre-les-incendies-une-situation-maitrisee\/\" \/>\n<meta property=\"og:locale\" content=\"fr_FR\" \/>\n<meta property=\"og:type\" content=\"article\" \/>\n<meta property=\"og:title\" content=\"Lutte contre les incendies : Une situation ma\u00eetris\u00e9e - La Sentinelle\" \/>\n<meta property=\"og:description\" content=\"La situation des incendies qui se sont d\u00e9clar\u00e9s depuis vendredi dans plusieurs wilayas du nord du pays est largement sous\" \/>\n<meta property=\"og:url\" content=\"https:\/\/lasentinelle.dz\/index.php\/2024\/08\/13\/lutte-contre-les-incendies-une-situation-maitrisee\/\" \/>\n<meta property=\"og:site_name\" content=\"La Sentinelle\" \/>\n<meta property=\"article:publisher\" content=\"https:\/\/www.facebook.com\/La-Sentinelle-104059864394773\" \/>\n<meta property=\"article:published_time\" content=\"2024-08-13T13:26:57+00:00\" \/>\n<meta property=\"article:modified_time\" content=\"2024-08-13T13:26:59+00:00\" \/>\n<meta property=\"og:image\" content=\"https:\/\/lasentinelle.dz\/wp-content\/uploads\/2023\/06\/feux.jpeg\" \/>\n\t<meta property=\"og:image:width\" content=\"864\" \/>\n\t<meta property=\"og:image:height\" content=\"486\" \/>\n\t<meta property=\"og:image:type\" content=\"image\/jpeg\" \/>\n<meta name=\"author\" content=\"admin\" \/>\n<meta name=\"twitter:card\" content=\"summary_large_image\" \/>\n<meta name=\"twitter:label1\" content=\"\u00c9crit par\" \/>\n\t<meta name=\"twitter:data1\" content=\"admin\" \/>\n\t<meta name=\"twitter:label2\" content=\"Dur\u00e9e de lecture estim\u00e9e\" \/>\n\t<meta name=\"twitter:data2\" content=\"4 minutes\" \/>\n<script type=\"application\/ld+json\" class=\"yoast-schema-graph\">{\"@context\":\"https:\\\/\\\/schema.org\",\"@graph\":[{\"@type\":\"Article\",\"@id\":\"https:\\\/\\\/lasentinelle.dz\\\/index.php\\\/2024\\\/08\\\/13\\\/lutte-contre-les-incendies-une-situation-maitrisee\\\/#article\",\"isPartOf\":{\"@id\":\"https:\\\/\\\/lasentinelle.dz\\\/index.php\\\/2024\\\/08\\\/13\\\/lutte-contre-les-incendies-une-situation-maitrisee\\\/\"},\"author\":{\"name\":\"admin\",\"@id\":\"https:\\\/\\\/lasentinelle.dz\\\/#\\\/schema\\\/person\\\/729ee0024f24e0b8c5ec17232f8e8b41\"},\"headline\":\"Lutte contre les incendies : Une situation ma\u00eetris\u00e9e\",\"datePublished\":\"2024-08-13T13:26:57+00:00\",\"dateModified\":\"2024-08-13T13:26:59+00:00\",\"mainEntityOfPage\":{\"@id\":\"https:\\\/\\\/lasentinelle.dz\\\/index.php\\\/2024\\\/08\\\/13\\\/lutte-contre-les-incendies-une-situation-maitrisee\\\/\"},\"wordCount\":727,\"commentCount\":0,\"publisher\":{\"@id\":\"https:\\\/\\\/lasentinelle.dz\\\/#organization\"},\"image\":{\"@id\":\"https:\\\/\\\/lasentinelle.dz\\\/index.php\\\/2024\\\/08\\\/13\\\/lutte-contre-les-incendies-une-situation-maitrisee\\\/#primaryimage\"},\"thumbnailUrl\":\"https:\\\/\\\/lasentinelle.dz\\\/wp-content\\\/uploads\\\/2023\\\/06\\\/feux.jpeg\",\"articleSection\":[\"\u00c0 la Une\",\"Actualit\u00e9\"],\"inLanguage\":\"fr-FR\",\"potentialAction\":[{\"@type\":\"CommentAction\",\"name\":\"Comment\",\"target\":[\"https:\\\/\\\/lasentinelle.dz\\\/index.php\\\/2024\\\/08\\\/13\\\/lutte-contre-les-incendies-une-situation-maitrisee\\\/#respond\"]}]},{\"@type\":\"WebPage\",\"@id\":\"https:\\\/\\\/lasentinelle.dz\\\/index.php\\\/2024\\\/08\\\/13\\\/lutte-contre-les-incendies-une-situation-maitrisee\\\/\",\"url\":\"https:\\\/\\\/lasentinelle.dz\\\/index.php\\\/2024\\\/08\\\/13\\\/lutte-contre-les-incendies-une-situation-maitrisee\\\/\",\"name\":\"Lutte contre les incendies : Une situation ma\u00eetris\u00e9e - La Sentinelle\",\"isPartOf\":{\"@id\":\"https:\\\/\\\/lasentinelle.dz\\\/#website\"},\"primaryImageOfPage\":{\"@id\":\"https:\\\/\\\/lasentinelle.dz\\\/index.php\\\/2024\\\/08\\\/13\\\/lutte-contre-les-incendies-une-situation-maitrisee\\\/#primaryimage\"},\"image\":{\"@id\":\"https:\\\/\\\/lasentinelle.dz\\\/index.php\\\/2024\\\/08\\\/13\\\/lutte-contre-les-incendies-une-situation-maitrisee\\\/#primaryimage\"},\"thumbnailUrl\":\"https:\\\/\\\/lasentinelle.dz\\\/wp-content\\\/uploads\\\/2023\\\/06\\\/feux.jpeg\",\"datePublished\":\"2024-08-13T13:26:57+00:00\",\"dateModified\":\"2024-08-13T13:26:59+00:00\",\"breadcrumb\":{\"@id\":\"https:\\\/\\\/lasentinelle.dz\\\/index.php\\\/2024\\\/08\\\/13\\\/lutte-contre-les-incendies-une-situation-maitrisee\\\/#breadcrumb\"},\"inLanguage\":\"fr-FR\",\"potentialAction\":[{\"@type\":\"ReadAction\",\"target\":[\"https:\\\/\\\/lasentinelle.dz\\\/index.php\\\/2024\\\/08\\\/13\\\/lutte-contre-les-incendies-une-situation-maitrisee\\\/\"]}]},{\"@type\":\"ImageObject\",\"inLanguage\":\"fr-FR\",\"@id\":\"https:\\\/\\\/lasentinelle.dz\\\/index.php\\\/2024\\\/08\\\/13\\\/lutte-contre-les-incendies-une-situation-maitrisee\\\/#primaryimage\",\"url\":\"https:\\\/\\\/lasentinelle.dz\\\/wp-content\\\/uploads\\\/2023\\\/06\\\/feux.jpeg\",\"contentUrl\":\"https:\\\/\\\/lasentinelle.dz\\\/wp-content\\\/uploads\\\/2023\\\/06\\\/feux.jpeg\",\"width\":864,\"height\":486},{\"@type\":\"BreadcrumbList\",\"@id\":\"https:\\\/\\\/lasentinelle.dz\\\/index.php\\\/2024\\\/08\\\/13\\\/lutte-contre-les-incendies-une-situation-maitrisee\\\/#breadcrumb\",\"itemListElement\":[{\"@type\":\"ListItem\",\"position\":1,\"name\":\"Accueil\",\"item\":\"https:\\\/\\\/lasentinelle.dz\\\/\"},{\"@type\":\"ListItem\",\"position\":2,\"name\":\"Lutte contre les incendies : Une situation ma\u00eetris\u00e9e\"}]},{\"@type\":\"WebSite\",\"@id\":\"https:\\\/\\\/lasentinelle.dz\\\/#website\",\"url\":\"https:\\\/\\\/lasentinelle.dz\\\/\",\"name\":\"La Sentinelle\",\"description\":\"Quotidien national d&#039;information\",\"publisher\":{\"@id\":\"https:\\\/\\\/lasentinelle.dz\\\/#organization\"},\"potentialAction\":[{\"@type\":\"SearchAction\",\"target\":{\"@type\":\"EntryPoint\",\"urlTemplate\":\"https:\\\/\\\/lasentinelle.dz\\\/?s={search_term_string}\"},\"query-input\":{\"@type\":\"PropertyValueSpecification\",\"valueRequired\":true,\"valueName\":\"search_term_string\"}}],\"inLanguage\":\"fr-FR\"},{\"@type\":\"Organization\",\"@id\":\"https:\\\/\\\/lasentinelle.dz\\\/#organization\",\"name\":\"Quotidien La Sentinelle\",\"url\":\"https:\\\/\\\/lasentinelle.dz\\\/\",\"logo\":{\"@type\":\"ImageObject\",\"inLanguage\":\"fr-FR\",\"@id\":\"https:\\\/\\\/lasentinelle.dz\\\/#\\\/schema\\\/logo\\\/image\\\/\",\"url\":\"https:\\\/\\\/lasentinelle.dz\\\/wp-content\\\/uploads\\\/2021\\\/09\\\/logo-sentinelleSLOGAN-1.png\",\"contentUrl\":\"https:\\\/\\\/lasentinelle.dz\\\/wp-content\\\/uploads\\\/2021\\\/09\\\/logo-sentinelleSLOGAN-1.png\",\"width\":615,\"height\":142,\"caption\":\"Quotidien La Sentinelle\"},\"image\":{\"@id\":\"https:\\\/\\\/lasentinelle.dz\\\/#\\\/schema\\\/logo\\\/image\\\/\"},\"sameAs\":[\"https:\\\/\\\/www.facebook.com\\\/La-Sentinelle-104059864394773\"]},{\"@type\":\"Person\",\"@id\":\"https:\\\/\\\/lasentinelle.dz\\\/#\\\/schema\\\/person\\\/729ee0024f24e0b8c5ec17232f8e8b41\",\"name\":\"admin\",\"image\":{\"@type\":\"ImageObject\",\"inLanguage\":\"fr-FR\",\"@id\":\"https:\\\/\\\/secure.gravatar.com\\\/avatar\\\/4c81fed838786e9b53f540bf46533e750f5d292099ae3b66cfc6fb1982e29df7?s=96&d=mm&r=g\",\"url\":\"https:\\\/\\\/secure.gravatar.com\\\/avatar\\\/4c81fed838786e9b53f540bf46533e750f5d292099ae3b66cfc6fb1982e29df7?s=96&d=mm&r=g\",\"contentUrl\":\"https:\\\/\\\/secure.gravatar.com\\\/avatar\\\/4c81fed838786e9b53f540bf46533e750f5d292099ae3b66cfc6fb1982e29df7?s=96&d=mm&r=g\",\"caption\":\"admin\"},\"description\":\"admin\",\"url\":\"https:\\\/\\\/lasentinelle.dz\\\/author\\\/admin\\\/\"}]}<\/script>\n<!-- \/ Yoast SEO plugin. -->","yoast_head_json":{"title":"Lutte contre les incendies : Une situation ma\u00eetris\u00e9e - La Sentinelle","robots":{"index":"index","follow":"follow","max-snippet":"max-snippet:-1","max-image-preview":"max-image-preview:large","max-video-preview":"max-video-preview:-1"},"canonical":"https:\/\/lasentinelle.dz\/index.php\/2024\/08\/13\/lutte-contre-les-incendies-une-situation-maitrisee\/","og_locale":"fr_FR","og_type":"article","og_title":"Lutte contre les incendies : Une situation ma\u00eetris\u00e9e - La Sentinelle","og_description":"La situation des incendies qui se sont d\u00e9clar\u00e9s depuis vendredi dans plusieurs wilayas du nord du pays est largement sous","og_url":"https:\/\/lasentinelle.dz\/index.php\/2024\/08\/13\/lutte-contre-les-incendies-une-situation-maitrisee\/","og_site_name":"La Sentinelle","article_publisher":"https:\/\/www.facebook.com\/La-Sentinelle-104059864394773","article_published_time":"2024-08-13T13:26:57+00:00","article_modified_time":"2024-08-13T13:26:59+00:00","og_image":[{"width":864,"height":486,"url":"https:\/\/lasentinelle.dz\/wp-content\/uploads\/2023\/06\/feux.jpeg","type":"image\/jpeg"}],"author":"admin","twitter_card":"summary_large_image","twitter_misc":{"\u00c9crit par":"admin","Dur\u00e9e de lecture estim\u00e9e":"4 minutes"},"schema":{"@context":"https:\/\/schema.org","@graph":[{"@type":"Article","@id":"https:\/\/lasentinelle.dz\/index.php\/2024\/08\/13\/lutte-contre-les-incendies-une-situation-maitrisee\/#article","isPartOf":{"@id":"https:\/\/lasentinelle.dz\/index.php\/2024\/08\/13\/lutte-contre-les-incendies-une-situation-maitrisee\/"},"author":{"name":"admin","@id":"https:\/\/lasentinelle.dz\/#\/schema\/person\/729ee0024f24e0b8c5ec17232f8e8b41"},"headline":"Lutte contre les incendies : Une situation ma\u00eetris\u00e9e","datePublished":"2024-08-13T13:26:57+00:00","dateModified":"2024-08-13T13:26:59+00:00","mainEntityOfPage":{"@id":"https:\/\/lasentinelle.dz\/index.php\/2024\/08\/13\/lutte-contre-les-incendies-une-situation-maitrisee\/"},"wordCount":727,"commentCount":0,"publisher":{"@id":"https:\/\/lasentinelle.dz\/#organization"},"image":{"@id":"https:\/\/lasentinelle.dz\/index.php\/2024\/08\/13\/lutte-contre-les-incendies-une-situation-maitrisee\/#primaryimage"},"thumbnailUrl":"https:\/\/lasentinelle.dz\/wp-content\/uploads\/2023\/06\/feux.jpeg","articleSection":["\u00c0 la Une","Actualit\u00e9"],"inLanguage":"fr-FR","potentialAction":[{"@type":"CommentAction","name":"Comment","target":["https:\/\/lasentinelle.dz\/index.php\/2024\/08\/13\/lutte-contre-les-incendies-une-situation-maitrisee\/#respond"]}]},{"@type":"WebPage","@id":"https:\/\/lasentinelle.dz\/index.php\/2024\/08\/13\/lutte-contre-les-incendies-une-situation-maitrisee\/","url":"https:\/\/lasentinelle.dz\/index.php\/2024\/08\/13\/lutte-contre-les-incendies-une-situation-maitrisee\/","name":"Lutte contre les incendies : Une situation ma\u00eetris\u00e9e - La Sentinelle","isPartOf":{"@id":"https:\/\/lasentinelle.dz\/#website"},"primaryImageOfPage":{"@id":"https:\/\/lasentinelle.dz\/index.php\/2024\/08\/13\/lutte-contre-les-incendies-une-situation-maitrisee\/#primaryimage"},"image":{"@id":"https:\/\/lasentinelle.dz\/index.php\/2024\/08\/13\/lutte-contre-les-incendies-une-situation-maitrisee\/#primaryimage"},"thumbnailUrl":"https:\/\/lasentinelle.dz\/wp-content\/uploads\/2023\/06\/feux.jpeg","datePublished":"2024-08-13T13:26:57+00:00","dateModified":"2024-08-13T13:26:59+00:00","breadcrumb":{"@id":"https:\/\/lasentinelle.dz\/index.php\/2024\/08\/13\/lutte-contre-les-incendies-une-situation-maitrisee\/#breadcrumb"},"inLanguage":"fr-FR","potentialAction":[{"@type":"ReadAction","target":["https:\/\/lasentinelle.dz\/index.php\/2024\/08\/13\/lutte-contre-les-incendies-une-situation-maitrisee\/"]}]},{"@type":"ImageObject","inLanguage":"fr-FR","@id":"https:\/\/lasentinelle.dz\/index.php\/2024\/08\/13\/lutte-contre-les-incendies-une-situation-maitrisee\/#primaryimage","url":"https:\/\/lasentinelle.dz\/wp-content\/uploads\/2023\/06\/feux.jpeg","contentUrl":"https:\/\/lasentinelle.dz\/wp-content\/uploads\/2023\/06\/feux.jpeg","width":864,"height":486},{"@type":"BreadcrumbList","@id":"https:\/\/lasentinelle.dz\/index.php\/2024\/08\/13\/lutte-contre-les-incendies-une-situation-maitrisee\/#breadcrumb","itemListElement":[{"@type":"ListItem","position":1,"name":"Accueil","item":"https:\/\/lasentinelle.dz\/"},{"@type":"ListItem","position":2,"name":"Lutte contre les incendies : Une situation ma\u00eetris\u00e9e"}]},{"@type":"WebSite","@id":"https:\/\/lasentinelle.dz\/#website","url":"https:\/\/lasentinelle.dz\/","name":"La Sentinelle","description":"Quotidien national d&#039;information","publisher":{"@id":"https:\/\/lasentinelle.dz\/#organization"},"potentialAction":[{"@type":"SearchAction","target":{"@type":"EntryPoint","urlTemplate":"https:\/\/lasentinelle.dz\/?s={search_term_string}"},"query-input":{"@type":"PropertyValueSpecification","valueRequired":true,"valueName":"search_term_string"}}],"inLanguage":"fr-FR"},{"@type":"Organization","@id":"https:\/\/lasentinelle.dz\/#organization","name":"Quotidien La Sentinelle","url":"https:\/\/lasentinelle.dz\/","logo":{"@type":"ImageObject","inLanguage":"fr-FR","@id":"https:\/\/lasentinelle.dz\/#\/schema\/logo\/image\/","url":"https:\/\/lasentinelle.dz\/wp-content\/uploads\/2021\/09\/logo-sentinelleSLOGAN-1.png","contentUrl":"https:\/\/lasentinelle.dz\/wp-content\/uploads\/2021\/09\/logo-sentinelleSLOGAN-1.png","width":615,"height":142,"caption":"Quotidien La Sentinelle"},"image":{"@id":"https:\/\/lasentinelle.dz\/#\/schema\/logo\/image\/"},"sameAs":["https:\/\/www.facebook.com\/La-Sentinelle-104059864394773"]},{"@type":"Person","@id":"https:\/\/lasentinelle.dz\/#\/schema\/person\/729ee0024f24e0b8c5ec17232f8e8b41","name":"admin","image":{"@type":"ImageObject","inLanguage":"fr-FR","@id":"https:\/\/secure.gravatar.com\/avatar\/4c81fed838786e9b53f540bf46533e750f5d292099ae3b66cfc6fb1982e29df7?s=96&d=mm&r=g","url":"https:\/\/secure.gravatar.com\/avatar\/4c81fed838786e9b53f540bf46533e750f5d292099ae3b66cfc6fb1982e29df7?s=96&d=mm&r=g","contentUrl":"https:\/\/secure.gravatar.com\/avatar\/4c81fed838786e9b53f540bf46533e750f5d292099ae3b66cfc6fb1982e29df7?s=96&d=mm&r=g","caption":"admin"},"description":"admin","url":"https:\/\/lasentinelle.dz\/author\/admin\/"}]}},"_links":{"self":[{"href":"https:\/\/lasentinelle.dz\/index.php\/wp-json\/wp\/v2\/posts\/55614","targetHints":{"allow":["GET"]}}],"collection":[{"href":"https:\/\/lasentinelle.dz\/index.php\/wp-json\/wp\/v2\/posts"}],"about":[{"href":"https:\/\/lasentinelle.dz\/index.php\/wp-json\/wp\/v2\/types\/post"}],"author":[{"embeddable":true,"href":"https:\/\/lasentinelle.dz\/index.php\/wp-json\/wp\/v2\/users\/6"}],"replies":[{"embeddable":true,"href":"https:\/\/lasentinelle.dz\/index.php\/wp-json\/wp\/v2\/comments?post=55614"}],"version-history":[{"count":1,"href":"https:\/\/lasentinelle.dz\/index.php\/wp-json\/wp\/v2\/posts\/55614\/revisions"}],"predecessor-version":[{"id":55615,"href":"https:\/\/lasentinelle.dz\/index.php\/wp-json\/wp\/v2\/posts\/55614\/revisions\/55615"}],"wp:featuredmedia":[{"embeddable":true,"href":"https:\/\/lasentinelle.dz\/index.php\/wp-json\/wp\/v2\/media\/42834"}],"wp:attachment":[{"href":"https:\/\/lasentinelle.dz\/index.php\/wp-json\/wp\/v2\/media?parent=55614"}],"wp:term":[{"taxonomy":"category","embeddable":true,"href":"https:\/\/lasentinelle.dz\/index.php\/wp-json\/wp\/v2\/categories?post=55614"},{"taxonomy":"post_tag","embeddable":true,"href":"https:\/\/lasentinelle.dz\/index.php\/wp-json\/wp\/v2\/tags?post=55614"}],"curies":[{"name":"wp","href":"https:\/\/api.w.org\/{rel}","templated":true}]}}