{"id":5562,"date":"2021-08-28T00:01:00","date_gmt":"2021-08-27T23:01:00","guid":{"rendered":"https:\/\/lasentinelle.dz\/?p=5562"},"modified":"2021-08-27T17:58:22","modified_gmt":"2021-08-27T16:58:22","slug":"onu-lalgerie-appelle-le-comite-des-24-a-proteger-les-sahraouis","status":"publish","type":"post","link":"https:\/\/lasentinelle.dz\/index.php\/2021\/08\/28\/onu-lalgerie-appelle-le-comite-des-24-a-proteger-les-sahraouis\/","title":{"rendered":"ONU : L&rsquo;Alg\u00e9rie appelle le Comit\u00e9 des 24 \u00e0 prot\u00e9ger les Sahraouis"},"content":{"rendered":"\n<p>De graves violations sont commises contre le peuple sahraoui, a affirm\u00e9 jeudi l&rsquo;ambassadeur d&rsquo;Alg\u00e9rie aux Nations unies, Sofiane Mimouni, appelant le Comit\u00e9 sp\u00e9cial de d\u00e9colonisation de l&rsquo;ONU \u00e0 intervenir pour prot\u00e9ger la population dans les territoires occup\u00e9s.L&rsquo;Alg\u00e9rie appelle le comit\u00e9 \u00e0 \u00ab\u00a0utiliser tous les outils dont il dispose, y compris les visites sur terrain, pour assurer la protection des droits politiques, \u00e9conomiques, sociaux et culturels du peuple du Sahara occidental, en particulier dans le contexte de la pand\u00e9mie de COVID-19 et pour soutenir la r\u00e9ussite du processus de d\u00e9colonisation\u00a0\u00bb, a d\u00e9clar\u00e9 Sofiane Mimouni lors de son intervention au s\u00e9minaire r\u00e9gional du Comit\u00e9 sp\u00e9cial de la d\u00e9colonisation, organis\u00e9 en R\u00e9publique dominicaine.\u00a0\u00bbLa question du Sahara occidental est \u00e0 l&rsquo;ordre du jour du Comit\u00e9 (sp\u00e9cial de la d\u00e9colonisation) depuis son inscription \u00e0 l&rsquo;ordre du jour de l&rsquo;Assembl\u00e9e g\u00e9n\u00e9rale, il y a 58 ans. Malheureusement, l&rsquo;ONU, comme cet auguste comit\u00e9, a enregistr\u00e9 tr\u00e8s peu d&rsquo;avanc\u00e9es en ce qui concerne le processus li\u00e9 \u00e0 la tenue d&rsquo;un r\u00e9f\u00e9rendum libre pour permettre au peuple de ce territoire non autonome d&rsquo;exercer son droit \u00e0 l&rsquo;autod\u00e9termination\u00a0\u00bb.\u00a0\u00bbCe processus s&rsquo;est heurt\u00e9 \u00e0 de multiples obstacles et \u00e0 une volont\u00e9 manifeste de l&rsquo;\u00e9carter de l&rsquo;objectif qui lui avait \u00e9t\u00e9 fix\u00e9. Ces d\u00e9cennies d&rsquo;inaction ont conduit \u00e0 la d\u00e9t\u00e9rioration significative de la situation sur le terrain avec la rupture du cessez-le-feu, la reprise des hostilit\u00e9s, l&rsquo;absence de perspective pour le processus de paix et la vacance du poste d&rsquo;Envoy\u00e9 personnel (du secr\u00e9taire g\u00e9n\u00e9ral de l&rsquo;ONU) depuis plus de deux ans\u00a0\u00bb, d\u00e9plore le repr\u00e9sentant d&rsquo;Alg\u00e9rie \u00e0 l&rsquo;ONU.<\/p>\n\n\n\n<p>\u00ab\u00a0La situation actuelle au Sahara occidental est un autre chapitre de la politique perturbatrice adopt\u00e9e par l&rsquo;Etat occupant, qui vise \u00e0 entraver toutes les initiatives et opportunit\u00e9s \u00e0 m\u00eame d&rsquo;assurer une solution juste et d\u00e9finitive \u00e0 la question du Sahara occidental.Elle a commenc\u00e9 avec le plan de r\u00e8glement ONU-OUA, formellement accept\u00e9 en 1991 par le Royaume du Maroc et le Front Polisario, et avalis\u00e9 par le Conseil de s\u00e9curit\u00e9 de l&rsquo;ONU, qui pr\u00e9voyait l&rsquo;organisation par les Nations unies d&rsquo;un r\u00e9f\u00e9rendum, au Sahara occidental, libre de toutes contraintes administratives ou militaires. Il a \u00e9t\u00e9 suivi par des d\u00e9cennies d&rsquo;initiatives et de n\u00e9gociations qui se sont toutes termin\u00e9es de la m\u00eame mani\u00e8re : l&rsquo;\u00e9chec\u00a0\u00bb, ajoute-t-il.\u00a0\u00bbMalheureusement, et m\u00eame au milieu de la pand\u00e9mie mondiale, cette politique n&rsquo;a pas chang\u00e9, elle s&rsquo;est plut\u00f4t intensifi\u00e9e, soumettant le peuple sahraoui \u00e0 de graves violations de ses droits humains et politiques, tandis que ses ressources naturelles sont pill\u00e9es\u00a0\u00bb, poursuit l&rsquo;ambassadeur.\u00a0\u00bbCette longue histoire d&rsquo;\u00e9chec du processus de paix au Sahara Occidental pourrait se r\u00e9sumer par le fait que depuis son lancement des \u00e9l\u00e9ments tr\u00e8s cruciaux manquaient de la part de la m\u00eame partie au conflit, \u00e0 savoir \u00ab\u00a0la bonne foi et la volont\u00e9 politique\u00a0\u00bb sans lesquelles aucune initiative ne peut r\u00e9ussir\u00a0\u00bb, pr\u00e9cise-t-il.En d\u00e9pit de \u00ab\u00a0l&rsquo;adversit\u00e9\u00a0\u00bb, de la \u00ab\u00a0d\u00e9formation de la v\u00e9rit\u00e9\u00a0\u00bb, le peuple sahraoui reste \u00ab\u00a0ouvert \u00e0 une collaboration avec les Nations unies, pour assurer la d\u00e9colonisation de sa terre \u00e0 travers la tenue d&rsquo;un r\u00e9f\u00e9rendum libre et cr\u00e9dible sous les auspices des Nations unies\u00a0\u00bb, signale le diplomate.\u00a0\u00bbIl est du devoir historique, politique et juridique de ce comit\u00e9 de veiller \u00e0 ce que la foi du peuple sahraoui dans la l\u00e9galit\u00e9 internationale et le processus de paix des Nations Unies ne soit pas perdue\u00a0\u00bb, insiste M. Mimouni.<\/p>\n\n\n\n<p>\u00ab\u00a0L&rsquo;Alg\u00e9rie continuera \u00e0 soutenir les efforts du secr\u00e9taire g\u00e9n\u00e9ral des Nations unies et de l&rsquo;Union africaine pour reprendre les n\u00e9gociations directes entre le Royaume du Maroc et le Front Polisario en vue d&rsquo;aboutir \u00e0 une issue positive garantissant au peuple sahraoui le libre exercice de son droit inali\u00e9nable \u00e0 l&rsquo;autod\u00e9termination\u00a0\u00bb.\u00a0\u00bbL&rsquo;Alg\u00e9rie continuera \u00e0 assurer son soutien au peuple du Sahara Occidental, et \u00e0 ceux des territoires non autonomes comme dict\u00e9 par le devoir de solidarit\u00e9 envers les peuples et les pays coloniaux\u00a0\u00bb, a conclu l&rsquo;ambassadeur.<\/p>\n\n\n\n<p>APS<\/p>\n","protected":false},"excerpt":{"rendered":"<p>De graves violations sont commises contre le peuple sahraoui, a affirm\u00e9 jeudi l&rsquo;ambassadeur d&rsquo;Alg\u00e9rie aux Nations unies, Sofiane Mimouni, appelant<\/p>\n","protected":false},"author":3,"featured_media":5577,"comment_status":"open","ping_status":"closed","sticky":false,"template":"","format":"standard","meta":{"colormag_page_container_layout":"default_layout","colormag_page_sidebar_layout":"default_layout","om_disable_all_campaigns":false,"_monsterinsights_skip_tracking":false,"_monsterinsights_sitenote_active":false,"_monsterinsights_sitenote_note":"","_monsterinsights_sitenote_category":0,"footnotes":"","_wpscppro_dont_share_socialmedia":false,"_wpscppro_custom_social_share_image":0,"_facebook_share_type":"","_twitter_share_type":"","_linkedin_share_type":"","_pinterest_share_type":"","_linkedin_share_type_page":"","_instagram_share_type":"","_medium_share_type":"","_threads_share_type":"","_google_business_share_type":"","_selected_social_profile":[],"_wpsp_enable_custom_social_template":false,"_wpsp_social_scheduling":{"enabled":false,"datetime":null,"platforms":[],"status":"template_only","dateOption":"today","timeOption":"now","customDays":"","customHours":"","customDate":"","customTime":"","schedulingType":"absolute"},"_wpsp_active_default_template":true},"categories":[27],"tags":[],"class_list":["post-5562","post","type-post","status-publish","format-standard","has-post-thumbnail","hentry","category-actualite"],"aioseo_notices":[],"yoast_head":"<!-- This site is optimized with the Yoast SEO plugin v27.5 - https:\/\/yoast.com\/product\/yoast-seo-wordpress\/ -->\n<title>ONU : L&#039;Alg\u00e9rie appelle le Comit\u00e9 des 24 \u00e0 prot\u00e9ger les Sahraouis - La Sentinelle<\/title>\n<meta name=\"robots\" content=\"index, follow, max-snippet:-1, max-image-preview:large, max-video-preview:-1\" \/>\n<link rel=\"canonical\" href=\"https:\/\/lasentinelle.dz\/index.php\/2021\/08\/28\/onu-lalgerie-appelle-le-comite-des-24-a-proteger-les-sahraouis\/\" \/>\n<meta property=\"og:locale\" content=\"fr_FR\" \/>\n<meta property=\"og:type\" content=\"article\" \/>\n<meta property=\"og:title\" content=\"ONU : L&#039;Alg\u00e9rie appelle le Comit\u00e9 des 24 \u00e0 prot\u00e9ger les Sahraouis - La Sentinelle\" \/>\n<meta property=\"og:description\" content=\"De graves violations sont commises contre le peuple sahraoui, a affirm\u00e9 jeudi l&rsquo;ambassadeur d&rsquo;Alg\u00e9rie aux Nations unies, Sofiane Mimouni, appelant\" \/>\n<meta property=\"og:url\" content=\"https:\/\/lasentinelle.dz\/index.php\/2021\/08\/28\/onu-lalgerie-appelle-le-comite-des-24-a-proteger-les-sahraouis\/\" \/>\n<meta property=\"og:site_name\" content=\"La Sentinelle\" \/>\n<meta property=\"article:publisher\" content=\"https:\/\/www.facebook.com\/La-Sentinelle-104059864394773\" \/>\n<meta property=\"article:published_time\" content=\"2021-08-27T23:01:00+00:00\" \/>\n<meta property=\"og:image\" content=\"https:\/\/lasentinelle.dz\/wp-content\/uploads\/2021\/08\/image_2021-08-27_175813.png\" \/>\n\t<meta property=\"og:image:width\" content=\"580\" \/>\n\t<meta property=\"og:image:height\" content=\"350\" \/>\n\t<meta property=\"og:image:type\" content=\"image\/png\" \/>\n<meta name=\"author\" content=\"La Sentinelle\" \/>\n<meta name=\"twitter:card\" content=\"summary_large_image\" \/>\n<meta name=\"twitter:label1\" content=\"\u00c9crit par\" \/>\n\t<meta name=\"twitter:data1\" content=\"La Sentinelle\" \/>\n\t<meta name=\"twitter:label2\" content=\"Dur\u00e9e de lecture estim\u00e9e\" \/>\n\t<meta name=\"twitter:data2\" content=\"3 minutes\" \/>\n<script type=\"application\/ld+json\" class=\"yoast-schema-graph\">{\"@context\":\"https:\\\/\\\/schema.org\",\"@graph\":[{\"@type\":\"Article\",\"@id\":\"https:\\\/\\\/lasentinelle.dz\\\/index.php\\\/2021\\\/08\\\/28\\\/onu-lalgerie-appelle-le-comite-des-24-a-proteger-les-sahraouis\\\/#article\",\"isPartOf\":{\"@id\":\"https:\\\/\\\/lasentinelle.dz\\\/index.php\\\/2021\\\/08\\\/28\\\/onu-lalgerie-appelle-le-comite-des-24-a-proteger-les-sahraouis\\\/\"},\"author\":{\"name\":\"La Sentinelle\",\"@id\":\"https:\\\/\\\/lasentinelle.dz\\\/#\\\/schema\\\/person\\\/d865044e22e70a75174ce8bcad3acfb3\"},\"headline\":\"ONU : L&rsquo;Alg\u00e9rie appelle le Comit\u00e9 des 24 \u00e0 prot\u00e9ger les Sahraouis\",\"datePublished\":\"2021-08-27T23:01:00+00:00\",\"mainEntityOfPage\":{\"@id\":\"https:\\\/\\\/lasentinelle.dz\\\/index.php\\\/2021\\\/08\\\/28\\\/onu-lalgerie-appelle-le-comite-des-24-a-proteger-les-sahraouis\\\/\"},\"wordCount\":739,\"commentCount\":0,\"publisher\":{\"@id\":\"https:\\\/\\\/lasentinelle.dz\\\/#organization\"},\"image\":{\"@id\":\"https:\\\/\\\/lasentinelle.dz\\\/index.php\\\/2021\\\/08\\\/28\\\/onu-lalgerie-appelle-le-comite-des-24-a-proteger-les-sahraouis\\\/#primaryimage\"},\"thumbnailUrl\":\"https:\\\/\\\/lasentinelle.dz\\\/wp-content\\\/uploads\\\/2021\\\/08\\\/image_2021-08-27_175813.png\",\"articleSection\":[\"Actualit\u00e9\"],\"inLanguage\":\"fr-FR\",\"potentialAction\":[{\"@type\":\"CommentAction\",\"name\":\"Comment\",\"target\":[\"https:\\\/\\\/lasentinelle.dz\\\/index.php\\\/2021\\\/08\\\/28\\\/onu-lalgerie-appelle-le-comite-des-24-a-proteger-les-sahraouis\\\/#respond\"]}]},{\"@type\":\"WebPage\",\"@id\":\"https:\\\/\\\/lasentinelle.dz\\\/index.php\\\/2021\\\/08\\\/28\\\/onu-lalgerie-appelle-le-comite-des-24-a-proteger-les-sahraouis\\\/\",\"url\":\"https:\\\/\\\/lasentinelle.dz\\\/index.php\\\/2021\\\/08\\\/28\\\/onu-lalgerie-appelle-le-comite-des-24-a-proteger-les-sahraouis\\\/\",\"name\":\"ONU : L'Alg\u00e9rie appelle le Comit\u00e9 des 24 \u00e0 prot\u00e9ger les Sahraouis - La Sentinelle\",\"isPartOf\":{\"@id\":\"https:\\\/\\\/lasentinelle.dz\\\/#website\"},\"primaryImageOfPage\":{\"@id\":\"https:\\\/\\\/lasentinelle.dz\\\/index.php\\\/2021\\\/08\\\/28\\\/onu-lalgerie-appelle-le-comite-des-24-a-proteger-les-sahraouis\\\/#primaryimage\"},\"image\":{\"@id\":\"https:\\\/\\\/lasentinelle.dz\\\/index.php\\\/2021\\\/08\\\/28\\\/onu-lalgerie-appelle-le-comite-des-24-a-proteger-les-sahraouis\\\/#primaryimage\"},\"thumbnailUrl\":\"https:\\\/\\\/lasentinelle.dz\\\/wp-content\\\/uploads\\\/2021\\\/08\\\/image_2021-08-27_175813.png\",\"datePublished\":\"2021-08-27T23:01:00+00:00\",\"breadcrumb\":{\"@id\":\"https:\\\/\\\/lasentinelle.dz\\\/index.php\\\/2021\\\/08\\\/28\\\/onu-lalgerie-appelle-le-comite-des-24-a-proteger-les-sahraouis\\\/#breadcrumb\"},\"inLanguage\":\"fr-FR\",\"potentialAction\":[{\"@type\":\"ReadAction\",\"target\":[\"https:\\\/\\\/lasentinelle.dz\\\/index.php\\\/2021\\\/08\\\/28\\\/onu-lalgerie-appelle-le-comite-des-24-a-proteger-les-sahraouis\\\/\"]}]},{\"@type\":\"ImageObject\",\"inLanguage\":\"fr-FR\",\"@id\":\"https:\\\/\\\/lasentinelle.dz\\\/index.php\\\/2021\\\/08\\\/28\\\/onu-lalgerie-appelle-le-comite-des-24-a-proteger-les-sahraouis\\\/#primaryimage\",\"url\":\"https:\\\/\\\/lasentinelle.dz\\\/wp-content\\\/uploads\\\/2021\\\/08\\\/image_2021-08-27_175813.png\",\"contentUrl\":\"https:\\\/\\\/lasentinelle.dz\\\/wp-content\\\/uploads\\\/2021\\\/08\\\/image_2021-08-27_175813.png\",\"width\":580,\"height\":350},{\"@type\":\"BreadcrumbList\",\"@id\":\"https:\\\/\\\/lasentinelle.dz\\\/index.php\\\/2021\\\/08\\\/28\\\/onu-lalgerie-appelle-le-comite-des-24-a-proteger-les-sahraouis\\\/#breadcrumb\",\"itemListElement\":[{\"@type\":\"ListItem\",\"position\":1,\"name\":\"Accueil\",\"item\":\"https:\\\/\\\/lasentinelle.dz\\\/\"},{\"@type\":\"ListItem\",\"position\":2,\"name\":\"ONU : L&rsquo;Alg\u00e9rie appelle le Comit\u00e9 des 24 \u00e0 prot\u00e9ger les Sahraouis\"}]},{\"@type\":\"WebSite\",\"@id\":\"https:\\\/\\\/lasentinelle.dz\\\/#website\",\"url\":\"https:\\\/\\\/lasentinelle.dz\\\/\",\"name\":\"La Sentinelle\",\"description\":\"Quotidien national d&#039;information\",\"publisher\":{\"@id\":\"https:\\\/\\\/lasentinelle.dz\\\/#organization\"},\"potentialAction\":[{\"@type\":\"SearchAction\",\"target\":{\"@type\":\"EntryPoint\",\"urlTemplate\":\"https:\\\/\\\/lasentinelle.dz\\\/?s={search_term_string}\"},\"query-input\":{\"@type\":\"PropertyValueSpecification\",\"valueRequired\":true,\"valueName\":\"search_term_string\"}}],\"inLanguage\":\"fr-FR\"},{\"@type\":\"Organization\",\"@id\":\"https:\\\/\\\/lasentinelle.dz\\\/#organization\",\"name\":\"Quotidien La Sentinelle\",\"url\":\"https:\\\/\\\/lasentinelle.dz\\\/\",\"logo\":{\"@type\":\"ImageObject\",\"inLanguage\":\"fr-FR\",\"@id\":\"https:\\\/\\\/lasentinelle.dz\\\/#\\\/schema\\\/logo\\\/image\\\/\",\"url\":\"https:\\\/\\\/lasentinelle.dz\\\/wp-content\\\/uploads\\\/2021\\\/09\\\/logo-sentinelleSLOGAN-1.png\",\"contentUrl\":\"https:\\\/\\\/lasentinelle.dz\\\/wp-content\\\/uploads\\\/2021\\\/09\\\/logo-sentinelleSLOGAN-1.png\",\"width\":615,\"height\":142,\"caption\":\"Quotidien La Sentinelle\"},\"image\":{\"@id\":\"https:\\\/\\\/lasentinelle.dz\\\/#\\\/schema\\\/logo\\\/image\\\/\"},\"sameAs\":[\"https:\\\/\\\/www.facebook.com\\\/La-Sentinelle-104059864394773\"]},{\"@type\":\"Person\",\"@id\":\"https:\\\/\\\/lasentinelle.dz\\\/#\\\/schema\\\/person\\\/d865044e22e70a75174ce8bcad3acfb3\",\"name\":\"La Sentinelle\",\"image\":{\"@type\":\"ImageObject\",\"inLanguage\":\"fr-FR\",\"@id\":\"https:\\\/\\\/secure.gravatar.com\\\/avatar\\\/57de8e5d4b15d43fb361a71fbb36338450fe67865b528a43dd10ef7c51a20392?s=96&d=mm&r=g\",\"url\":\"https:\\\/\\\/secure.gravatar.com\\\/avatar\\\/57de8e5d4b15d43fb361a71fbb36338450fe67865b528a43dd10ef7c51a20392?s=96&d=mm&r=g\",\"contentUrl\":\"https:\\\/\\\/secure.gravatar.com\\\/avatar\\\/57de8e5d4b15d43fb361a71fbb36338450fe67865b528a43dd10ef7c51a20392?s=96&d=mm&r=g\",\"caption\":\"La Sentinelle\"},\"sameAs\":[\"http:\\\/\\\/www.lasentinelle.dz\"],\"url\":\"https:\\\/\\\/lasentinelle.dz\\\/author\\\/redaction\\\/\"}]}<\/script>\n<!-- \/ Yoast SEO plugin. -->","yoast_head_json":{"title":"ONU : L'Alg\u00e9rie appelle le Comit\u00e9 des 24 \u00e0 prot\u00e9ger les Sahraouis - La Sentinelle","robots":{"index":"index","follow":"follow","max-snippet":"max-snippet:-1","max-image-preview":"max-image-preview:large","max-video-preview":"max-video-preview:-1"},"canonical":"https:\/\/lasentinelle.dz\/index.php\/2021\/08\/28\/onu-lalgerie-appelle-le-comite-des-24-a-proteger-les-sahraouis\/","og_locale":"fr_FR","og_type":"article","og_title":"ONU : L'Alg\u00e9rie appelle le Comit\u00e9 des 24 \u00e0 prot\u00e9ger les Sahraouis - La Sentinelle","og_description":"De graves violations sont commises contre le peuple sahraoui, a affirm\u00e9 jeudi l&rsquo;ambassadeur d&rsquo;Alg\u00e9rie aux Nations unies, Sofiane Mimouni, appelant","og_url":"https:\/\/lasentinelle.dz\/index.php\/2021\/08\/28\/onu-lalgerie-appelle-le-comite-des-24-a-proteger-les-sahraouis\/","og_site_name":"La Sentinelle","article_publisher":"https:\/\/www.facebook.com\/La-Sentinelle-104059864394773","article_published_time":"2021-08-27T23:01:00+00:00","og_image":[{"width":580,"height":350,"url":"https:\/\/lasentinelle.dz\/wp-content\/uploads\/2021\/08\/image_2021-08-27_175813.png","type":"image\/png"}],"author":"La Sentinelle","twitter_card":"summary_large_image","twitter_misc":{"\u00c9crit par":"La Sentinelle","Dur\u00e9e de lecture estim\u00e9e":"3 minutes"},"schema":{"@context":"https:\/\/schema.org","@graph":[{"@type":"Article","@id":"https:\/\/lasentinelle.dz\/index.php\/2021\/08\/28\/onu-lalgerie-appelle-le-comite-des-24-a-proteger-les-sahraouis\/#article","isPartOf":{"@id":"https:\/\/lasentinelle.dz\/index.php\/2021\/08\/28\/onu-lalgerie-appelle-le-comite-des-24-a-proteger-les-sahraouis\/"},"author":{"name":"La Sentinelle","@id":"https:\/\/lasentinelle.dz\/#\/schema\/person\/d865044e22e70a75174ce8bcad3acfb3"},"headline":"ONU : L&rsquo;Alg\u00e9rie appelle le Comit\u00e9 des 24 \u00e0 prot\u00e9ger les Sahraouis","datePublished":"2021-08-27T23:01:00+00:00","mainEntityOfPage":{"@id":"https:\/\/lasentinelle.dz\/index.php\/2021\/08\/28\/onu-lalgerie-appelle-le-comite-des-24-a-proteger-les-sahraouis\/"},"wordCount":739,"commentCount":0,"publisher":{"@id":"https:\/\/lasentinelle.dz\/#organization"},"image":{"@id":"https:\/\/lasentinelle.dz\/index.php\/2021\/08\/28\/onu-lalgerie-appelle-le-comite-des-24-a-proteger-les-sahraouis\/#primaryimage"},"thumbnailUrl":"https:\/\/lasentinelle.dz\/wp-content\/uploads\/2021\/08\/image_2021-08-27_175813.png","articleSection":["Actualit\u00e9"],"inLanguage":"fr-FR","potentialAction":[{"@type":"CommentAction","name":"Comment","target":["https:\/\/lasentinelle.dz\/index.php\/2021\/08\/28\/onu-lalgerie-appelle-le-comite-des-24-a-proteger-les-sahraouis\/#respond"]}]},{"@type":"WebPage","@id":"https:\/\/lasentinelle.dz\/index.php\/2021\/08\/28\/onu-lalgerie-appelle-le-comite-des-24-a-proteger-les-sahraouis\/","url":"https:\/\/lasentinelle.dz\/index.php\/2021\/08\/28\/onu-lalgerie-appelle-le-comite-des-24-a-proteger-les-sahraouis\/","name":"ONU : L'Alg\u00e9rie appelle le Comit\u00e9 des 24 \u00e0 prot\u00e9ger les Sahraouis - La Sentinelle","isPartOf":{"@id":"https:\/\/lasentinelle.dz\/#website"},"primaryImageOfPage":{"@id":"https:\/\/lasentinelle.dz\/index.php\/2021\/08\/28\/onu-lalgerie-appelle-le-comite-des-24-a-proteger-les-sahraouis\/#primaryimage"},"image":{"@id":"https:\/\/lasentinelle.dz\/index.php\/2021\/08\/28\/onu-lalgerie-appelle-le-comite-des-24-a-proteger-les-sahraouis\/#primaryimage"},"thumbnailUrl":"https:\/\/lasentinelle.dz\/wp-content\/uploads\/2021\/08\/image_2021-08-27_175813.png","datePublished":"2021-08-27T23:01:00+00:00","breadcrumb":{"@id":"https:\/\/lasentinelle.dz\/index.php\/2021\/08\/28\/onu-lalgerie-appelle-le-comite-des-24-a-proteger-les-sahraouis\/#breadcrumb"},"inLanguage":"fr-FR","potentialAction":[{"@type":"ReadAction","target":["https:\/\/lasentinelle.dz\/index.php\/2021\/08\/28\/onu-lalgerie-appelle-le-comite-des-24-a-proteger-les-sahraouis\/"]}]},{"@type":"ImageObject","inLanguage":"fr-FR","@id":"https:\/\/lasentinelle.dz\/index.php\/2021\/08\/28\/onu-lalgerie-appelle-le-comite-des-24-a-proteger-les-sahraouis\/#primaryimage","url":"https:\/\/lasentinelle.dz\/wp-content\/uploads\/2021\/08\/image_2021-08-27_175813.png","contentUrl":"https:\/\/lasentinelle.dz\/wp-content\/uploads\/2021\/08\/image_2021-08-27_175813.png","width":580,"height":350},{"@type":"BreadcrumbList","@id":"https:\/\/lasentinelle.dz\/index.php\/2021\/08\/28\/onu-lalgerie-appelle-le-comite-des-24-a-proteger-les-sahraouis\/#breadcrumb","itemListElement":[{"@type":"ListItem","position":1,"name":"Accueil","item":"https:\/\/lasentinelle.dz\/"},{"@type":"ListItem","position":2,"name":"ONU : L&rsquo;Alg\u00e9rie appelle le Comit\u00e9 des 24 \u00e0 prot\u00e9ger les Sahraouis"}]},{"@type":"WebSite","@id":"https:\/\/lasentinelle.dz\/#website","url":"https:\/\/lasentinelle.dz\/","name":"La Sentinelle","description":"Quotidien national d&#039;information","publisher":{"@id":"https:\/\/lasentinelle.dz\/#organization"},"potentialAction":[{"@type":"SearchAction","target":{"@type":"EntryPoint","urlTemplate":"https:\/\/lasentinelle.dz\/?s={search_term_string}"},"query-input":{"@type":"PropertyValueSpecification","valueRequired":true,"valueName":"search_term_string"}}],"inLanguage":"fr-FR"},{"@type":"Organization","@id":"https:\/\/lasentinelle.dz\/#organization","name":"Quotidien La Sentinelle","url":"https:\/\/lasentinelle.dz\/","logo":{"@type":"ImageObject","inLanguage":"fr-FR","@id":"https:\/\/lasentinelle.dz\/#\/schema\/logo\/image\/","url":"https:\/\/lasentinelle.dz\/wp-content\/uploads\/2021\/09\/logo-sentinelleSLOGAN-1.png","contentUrl":"https:\/\/lasentinelle.dz\/wp-content\/uploads\/2021\/09\/logo-sentinelleSLOGAN-1.png","width":615,"height":142,"caption":"Quotidien La Sentinelle"},"image":{"@id":"https:\/\/lasentinelle.dz\/#\/schema\/logo\/image\/"},"sameAs":["https:\/\/www.facebook.com\/La-Sentinelle-104059864394773"]},{"@type":"Person","@id":"https:\/\/lasentinelle.dz\/#\/schema\/person\/d865044e22e70a75174ce8bcad3acfb3","name":"La Sentinelle","image":{"@type":"ImageObject","inLanguage":"fr-FR","@id":"https:\/\/secure.gravatar.com\/avatar\/57de8e5d4b15d43fb361a71fbb36338450fe67865b528a43dd10ef7c51a20392?s=96&d=mm&r=g","url":"https:\/\/secure.gravatar.com\/avatar\/57de8e5d4b15d43fb361a71fbb36338450fe67865b528a43dd10ef7c51a20392?s=96&d=mm&r=g","contentUrl":"https:\/\/secure.gravatar.com\/avatar\/57de8e5d4b15d43fb361a71fbb36338450fe67865b528a43dd10ef7c51a20392?s=96&d=mm&r=g","caption":"La Sentinelle"},"sameAs":["http:\/\/www.lasentinelle.dz"],"url":"https:\/\/lasentinelle.dz\/author\/redaction\/"}]}},"_links":{"self":[{"href":"https:\/\/lasentinelle.dz\/index.php\/wp-json\/wp\/v2\/posts\/5562","targetHints":{"allow":["GET"]}}],"collection":[{"href":"https:\/\/lasentinelle.dz\/index.php\/wp-json\/wp\/v2\/posts"}],"about":[{"href":"https:\/\/lasentinelle.dz\/index.php\/wp-json\/wp\/v2\/types\/post"}],"author":[{"embeddable":true,"href":"https:\/\/lasentinelle.dz\/index.php\/wp-json\/wp\/v2\/users\/3"}],"replies":[{"embeddable":true,"href":"https:\/\/lasentinelle.dz\/index.php\/wp-json\/wp\/v2\/comments?post=5562"}],"version-history":[{"count":1,"href":"https:\/\/lasentinelle.dz\/index.php\/wp-json\/wp\/v2\/posts\/5562\/revisions"}],"predecessor-version":[{"id":5578,"href":"https:\/\/lasentinelle.dz\/index.php\/wp-json\/wp\/v2\/posts\/5562\/revisions\/5578"}],"wp:featuredmedia":[{"embeddable":true,"href":"https:\/\/lasentinelle.dz\/index.php\/wp-json\/wp\/v2\/media\/5577"}],"wp:attachment":[{"href":"https:\/\/lasentinelle.dz\/index.php\/wp-json\/wp\/v2\/media?parent=5562"}],"wp:term":[{"taxonomy":"category","embeddable":true,"href":"https:\/\/lasentinelle.dz\/index.php\/wp-json\/wp\/v2\/categories?post=5562"},{"taxonomy":"post_tag","embeddable":true,"href":"https:\/\/lasentinelle.dz\/index.php\/wp-json\/wp\/v2\/tags?post=5562"}],"curies":[{"name":"wp","href":"https:\/\/api.w.org\/{rel}","templated":true}]}}