{"id":55634,"date":"2024-08-12T14:39:00","date_gmt":"2024-08-12T13:39:00","guid":{"rendered":"https:\/\/lasentinelle.dz\/?p=55634"},"modified":"2024-08-13T14:40:15","modified_gmt":"2024-08-13T13:40:15","slug":"incendies-a-tizi-ouzou-et-bejaia-mobilisation-generale","status":"publish","type":"post","link":"https:\/\/lasentinelle.dz\/index.php\/2024\/08\/12\/incendies-a-tizi-ouzou-et-bejaia-mobilisation-generale\/","title":{"rendered":"Incendies \u00e0 Tizi-Ouzou et B\u00e9ja\u00efa: Mobilisation g\u00e9n\u00e9rale"},"content":{"rendered":"\n<p>Alors que plusieurs wilayas font face \u00e0 une vague d&rsquo;incendies de for\u00eat, les autorit\u00e9s multiplient les efforts pour lutter contre les flammes. Le week-end a \u00e9t\u00e9 particuli\u00e8rement intense, avec de nombreux foyers signal\u00e9s notamment dans les r\u00e9gions de Tizi-Ouzou, Beja\u00efa et M\u00e9d\u00e9a. \u00c0 Tizi-Ouzou, la situation est pr\u00e9occupante depuis vendredi, avec plusieurs incendies d\u00e9clar\u00e9s dans la partie centre-est de la wilaya. Les communes d&rsquo;Ait Mahmoud et de Larba\u00e2 Nath Irathen ont \u00e9t\u00e9 particuli\u00e8rement touch\u00e9es. Face \u00e0 cette menace, le directeur g\u00e9n\u00e9ral des for\u00eats, Djamel Touahria, s&rsquo;est rendu sur place hier matin pour superviser les op\u00e9rations de lutte. M. Touahria s&rsquo;est rendu notamment aux villages de Larbaa Nath Irathen touch\u00e9s par les incendies des 9 et 10 ao\u00fbt, rapporte le m\u00eame document soulignant qu&rsquo;un renfort en camions de lutte contre les feux de for\u00eats (CCFL) venant des wilayas de Bouira et Boumerdes, a \u00e9t\u00e9 envoy\u00e9 \u00e0 Tizi Ouzou. La Protection civile est \u00e9galement fortement mobilis\u00e9e. Son directeur g\u00e9n\u00e9ral, le colonel Boualem Boughlaf, \u00e9tait pr\u00e9sent samedi soir \u00e0 Tizi-Ouzou pour suivre les op\u00e9rations. Il a ordonn\u00e9 le renforcement des interventions a\u00e9riennes et terrestres, avec une priorit\u00e9 donn\u00e9e \u00e0 la protection des personnes et des habitations. D&rsquo;importants moyens ont \u00e9t\u00e9 d\u00e9ploy\u00e9s, incluant des unit\u00e9s au sol, des colonnes mobiles et des avions bombardiers d&rsquo;eau. D&rsquo;importants moyens humains et mat\u00e9riels ont \u00e9t\u00e9 mobilis\u00e9s par la Protection civile, le secteur des for\u00eats et les collectivit\u00e9s locales, en plus de la mobilisation du Croissant rouge alg\u00e9rien et de nombreux citoyens pour les \u00e9teindre. Samedi, la Protection civile avait annonc\u00e9, dans un communiqu\u00e9 que, selon une situation des op\u00e9rations de lutte contre les feux de for\u00eat arr\u00eat\u00e9e \u00e0 19 h 30, l&rsquo;incendie de Takhoukht \u00e0 Ait Mahmoud et celui de Oued Aissi dans la commune de Tizi-Ouzou ont \u00e9t\u00e9 \u00e9teints. Entre autres moyens mobilis\u00e9s dans ces op\u00e9rations, ceux des unit\u00e9s secondaires, de l&rsquo;unit\u00e9 principale de Tizi-Ouzou et de la colonne mobile de lutte contre les feux de for\u00eats. Ces moyens ont \u00e9t\u00e9 appuy\u00e9s par 6 avions bombardiers d&rsquo;eau AT 802 et un avion BE 200. En outre, les colonnes mobiles de l&rsquo;Unit\u00e9 d&rsquo;instruction et d&rsquo;intervention d&rsquo;El Hamiz (Alger) et de la wilaya d&rsquo;El Bayadh qui se trouvaient dans la wilaya de Bouira ainsi que celle de la wilaya de Na\u00e2ma qui se trouvait \u00e0 Tizi-Ouzou, en plus du d\u00e9tachement r\u00e9gional de la wilaya de Blida, sont aussi mobilis\u00e9es.<\/p>\n\n\n\n<p>La wilaya de Beja\u00efa n&rsquo;est pas \u00e9pargn\u00e9e, avec un important incendie signal\u00e9 dans la for\u00eat d&rsquo;Adekar. Le colonel Boughlaf s&rsquo;y est rendu hier pour \u00e9valuer la situation et a donn\u00e9 des instructions pour renforcer le dispositif d&rsquo;intervention.<\/p>\n\n\n\n<p>\u00c0 M\u00e9d\u00e9a, la Protection civile fait \u00e9tat de plus de 40 incendies circonscrits entre le 4 et le 10 ao\u00fbt. Le plus important s&rsquo;est d\u00e9clar\u00e9 vendredi soir dans le massif forestier d&rsquo;El-Ghrous, n\u00e9cessitant l&rsquo;intervention de la colonne mobile et des \u00e9quipes de la Conservation des for\u00eats.<\/p>\n\n\n\n<p>La mobilisation est g\u00e9n\u00e9rale, impliquant la Protection civile, le secteur forestier, les collectivit\u00e9s locales, le Croissant rouge alg\u00e9rien, ainsi que de nombreux citoyens volontaires. Les autorit\u00e9s soulignent l&rsquo;importance de la rapidit\u00e9 d&rsquo;intervention pour prot\u00e9ger les zones habit\u00e9es et limiter la propagation des flammes.<\/p>\n\n\n\n<p><strong>Chokri Hafed<\/strong><\/p>\n","protected":false},"excerpt":{"rendered":"<p>Alors que plusieurs wilayas font face \u00e0 une vague d&rsquo;incendies de for\u00eat, les autorit\u00e9s multiplient les efforts pour lutter contre<\/p>\n","protected":false},"author":6,"featured_media":40979,"comment_status":"open","ping_status":"closed","sticky":false,"template":"","format":"standard","meta":{"colormag_page_container_layout":"default_layout","colormag_page_sidebar_layout":"default_layout","om_disable_all_campaigns":false,"_monsterinsights_skip_tracking":false,"_monsterinsights_sitenote_active":false,"_monsterinsights_sitenote_note":"","_monsterinsights_sitenote_category":0,"footnotes":"","_wpscppro_dont_share_socialmedia":false,"_wpscppro_custom_social_share_image":0,"_facebook_share_type":"default","_twitter_share_type":"default","_linkedin_share_type":"default","_pinterest_share_type":"default","_linkedin_share_type_page":"","_instagram_share_type":"default","_medium_share_type":"","_threads_share_type":"","_google_business_share_type":"","_selected_social_profile":[],"_wpsp_enable_custom_social_template":false,"_wpsp_social_scheduling":{"enabled":false,"datetime":null,"platforms":[],"status":"template_only","dateOption":"today","timeOption":"now","customDays":"","customHours":"","customDate":"","customTime":"","schedulingType":"absolute"},"_wpsp_active_default_template":true},"categories":[52,27],"tags":[],"class_list":["post-55634","post","type-post","status-publish","format-standard","has-post-thumbnail","hentry","category-a-la-une","category-actualite"],"aioseo_notices":[],"yoast_head":"<!-- This site is optimized with the Yoast SEO plugin v27.5 - https:\/\/yoast.com\/product\/yoast-seo-wordpress\/ -->\n<title>Incendies \u00e0 Tizi-Ouzou et B\u00e9ja\u00efa: Mobilisation g\u00e9n\u00e9rale - La Sentinelle<\/title>\n<meta name=\"robots\" content=\"index, follow, max-snippet:-1, max-image-preview:large, max-video-preview:-1\" \/>\n<link rel=\"canonical\" href=\"https:\/\/lasentinelle.dz\/index.php\/2024\/08\/12\/incendies-a-tizi-ouzou-et-bejaia-mobilisation-generale\/\" \/>\n<meta property=\"og:locale\" content=\"fr_FR\" \/>\n<meta property=\"og:type\" content=\"article\" \/>\n<meta property=\"og:title\" content=\"Incendies \u00e0 Tizi-Ouzou et B\u00e9ja\u00efa: Mobilisation g\u00e9n\u00e9rale - La Sentinelle\" \/>\n<meta property=\"og:description\" content=\"Alors que plusieurs wilayas font face \u00e0 une vague d&rsquo;incendies de for\u00eat, les autorit\u00e9s multiplient les efforts pour lutter contre\" \/>\n<meta property=\"og:url\" content=\"https:\/\/lasentinelle.dz\/index.php\/2024\/08\/12\/incendies-a-tizi-ouzou-et-bejaia-mobilisation-generale\/\" \/>\n<meta property=\"og:site_name\" content=\"La Sentinelle\" \/>\n<meta property=\"article:publisher\" content=\"https:\/\/www.facebook.com\/La-Sentinelle-104059864394773\" \/>\n<meta property=\"article:published_time\" content=\"2024-08-12T13:39:00+00:00\" \/>\n<meta property=\"article:modified_time\" content=\"2024-08-13T13:40:15+00:00\" \/>\n<meta property=\"og:image\" content=\"https:\/\/lasentinelle.dz\/wp-content\/uploads\/2023\/05\/incendies-.png\" \/>\n\t<meta property=\"og:image:width\" content=\"1200\" \/>\n\t<meta property=\"og:image:height\" content=\"900\" \/>\n\t<meta property=\"og:image:type\" content=\"image\/png\" \/>\n<meta name=\"author\" content=\"admin\" \/>\n<meta name=\"twitter:card\" content=\"summary_large_image\" \/>\n<meta name=\"twitter:label1\" content=\"\u00c9crit par\" \/>\n\t<meta name=\"twitter:data1\" content=\"admin\" \/>\n\t<meta name=\"twitter:label2\" content=\"Dur\u00e9e de lecture estim\u00e9e\" \/>\n\t<meta name=\"twitter:data2\" content=\"3 minutes\" \/>\n<script type=\"application\/ld+json\" class=\"yoast-schema-graph\">{\"@context\":\"https:\\\/\\\/schema.org\",\"@graph\":[{\"@type\":\"Article\",\"@id\":\"https:\\\/\\\/lasentinelle.dz\\\/index.php\\\/2024\\\/08\\\/12\\\/incendies-a-tizi-ouzou-et-bejaia-mobilisation-generale\\\/#article\",\"isPartOf\":{\"@id\":\"https:\\\/\\\/lasentinelle.dz\\\/index.php\\\/2024\\\/08\\\/12\\\/incendies-a-tizi-ouzou-et-bejaia-mobilisation-generale\\\/\"},\"author\":{\"name\":\"admin\",\"@id\":\"https:\\\/\\\/lasentinelle.dz\\\/#\\\/schema\\\/person\\\/729ee0024f24e0b8c5ec17232f8e8b41\"},\"headline\":\"Incendies \u00e0 Tizi-Ouzou et B\u00e9ja\u00efa: Mobilisation g\u00e9n\u00e9rale\",\"datePublished\":\"2024-08-12T13:39:00+00:00\",\"dateModified\":\"2024-08-13T13:40:15+00:00\",\"mainEntityOfPage\":{\"@id\":\"https:\\\/\\\/lasentinelle.dz\\\/index.php\\\/2024\\\/08\\\/12\\\/incendies-a-tizi-ouzou-et-bejaia-mobilisation-generale\\\/\"},\"wordCount\":599,\"commentCount\":0,\"publisher\":{\"@id\":\"https:\\\/\\\/lasentinelle.dz\\\/#organization\"},\"image\":{\"@id\":\"https:\\\/\\\/lasentinelle.dz\\\/index.php\\\/2024\\\/08\\\/12\\\/incendies-a-tizi-ouzou-et-bejaia-mobilisation-generale\\\/#primaryimage\"},\"thumbnailUrl\":\"https:\\\/\\\/lasentinelle.dz\\\/wp-content\\\/uploads\\\/2023\\\/05\\\/incendies-.png\",\"articleSection\":[\"\u00c0 la Une\",\"Actualit\u00e9\"],\"inLanguage\":\"fr-FR\",\"potentialAction\":[{\"@type\":\"CommentAction\",\"name\":\"Comment\",\"target\":[\"https:\\\/\\\/lasentinelle.dz\\\/index.php\\\/2024\\\/08\\\/12\\\/incendies-a-tizi-ouzou-et-bejaia-mobilisation-generale\\\/#respond\"]}]},{\"@type\":\"WebPage\",\"@id\":\"https:\\\/\\\/lasentinelle.dz\\\/index.php\\\/2024\\\/08\\\/12\\\/incendies-a-tizi-ouzou-et-bejaia-mobilisation-generale\\\/\",\"url\":\"https:\\\/\\\/lasentinelle.dz\\\/index.php\\\/2024\\\/08\\\/12\\\/incendies-a-tizi-ouzou-et-bejaia-mobilisation-generale\\\/\",\"name\":\"Incendies \u00e0 Tizi-Ouzou et B\u00e9ja\u00efa: Mobilisation g\u00e9n\u00e9rale - La Sentinelle\",\"isPartOf\":{\"@id\":\"https:\\\/\\\/lasentinelle.dz\\\/#website\"},\"primaryImageOfPage\":{\"@id\":\"https:\\\/\\\/lasentinelle.dz\\\/index.php\\\/2024\\\/08\\\/12\\\/incendies-a-tizi-ouzou-et-bejaia-mobilisation-generale\\\/#primaryimage\"},\"image\":{\"@id\":\"https:\\\/\\\/lasentinelle.dz\\\/index.php\\\/2024\\\/08\\\/12\\\/incendies-a-tizi-ouzou-et-bejaia-mobilisation-generale\\\/#primaryimage\"},\"thumbnailUrl\":\"https:\\\/\\\/lasentinelle.dz\\\/wp-content\\\/uploads\\\/2023\\\/05\\\/incendies-.png\",\"datePublished\":\"2024-08-12T13:39:00+00:00\",\"dateModified\":\"2024-08-13T13:40:15+00:00\",\"breadcrumb\":{\"@id\":\"https:\\\/\\\/lasentinelle.dz\\\/index.php\\\/2024\\\/08\\\/12\\\/incendies-a-tizi-ouzou-et-bejaia-mobilisation-generale\\\/#breadcrumb\"},\"inLanguage\":\"fr-FR\",\"potentialAction\":[{\"@type\":\"ReadAction\",\"target\":[\"https:\\\/\\\/lasentinelle.dz\\\/index.php\\\/2024\\\/08\\\/12\\\/incendies-a-tizi-ouzou-et-bejaia-mobilisation-generale\\\/\"]}]},{\"@type\":\"ImageObject\",\"inLanguage\":\"fr-FR\",\"@id\":\"https:\\\/\\\/lasentinelle.dz\\\/index.php\\\/2024\\\/08\\\/12\\\/incendies-a-tizi-ouzou-et-bejaia-mobilisation-generale\\\/#primaryimage\",\"url\":\"https:\\\/\\\/lasentinelle.dz\\\/wp-content\\\/uploads\\\/2023\\\/05\\\/incendies-.png\",\"contentUrl\":\"https:\\\/\\\/lasentinelle.dz\\\/wp-content\\\/uploads\\\/2023\\\/05\\\/incendies-.png\",\"width\":1200,\"height\":900},{\"@type\":\"BreadcrumbList\",\"@id\":\"https:\\\/\\\/lasentinelle.dz\\\/index.php\\\/2024\\\/08\\\/12\\\/incendies-a-tizi-ouzou-et-bejaia-mobilisation-generale\\\/#breadcrumb\",\"itemListElement\":[{\"@type\":\"ListItem\",\"position\":1,\"name\":\"Accueil\",\"item\":\"https:\\\/\\\/lasentinelle.dz\\\/\"},{\"@type\":\"ListItem\",\"position\":2,\"name\":\"Incendies \u00e0 Tizi-Ouzou et B\u00e9ja\u00efa: Mobilisation g\u00e9n\u00e9rale\"}]},{\"@type\":\"WebSite\",\"@id\":\"https:\\\/\\\/lasentinelle.dz\\\/#website\",\"url\":\"https:\\\/\\\/lasentinelle.dz\\\/\",\"name\":\"La Sentinelle\",\"description\":\"Quotidien national d&#039;information\",\"publisher\":{\"@id\":\"https:\\\/\\\/lasentinelle.dz\\\/#organization\"},\"potentialAction\":[{\"@type\":\"SearchAction\",\"target\":{\"@type\":\"EntryPoint\",\"urlTemplate\":\"https:\\\/\\\/lasentinelle.dz\\\/?s={search_term_string}\"},\"query-input\":{\"@type\":\"PropertyValueSpecification\",\"valueRequired\":true,\"valueName\":\"search_term_string\"}}],\"inLanguage\":\"fr-FR\"},{\"@type\":\"Organization\",\"@id\":\"https:\\\/\\\/lasentinelle.dz\\\/#organization\",\"name\":\"Quotidien La Sentinelle\",\"url\":\"https:\\\/\\\/lasentinelle.dz\\\/\",\"logo\":{\"@type\":\"ImageObject\",\"inLanguage\":\"fr-FR\",\"@id\":\"https:\\\/\\\/lasentinelle.dz\\\/#\\\/schema\\\/logo\\\/image\\\/\",\"url\":\"https:\\\/\\\/lasentinelle.dz\\\/wp-content\\\/uploads\\\/2021\\\/09\\\/logo-sentinelleSLOGAN-1.png\",\"contentUrl\":\"https:\\\/\\\/lasentinelle.dz\\\/wp-content\\\/uploads\\\/2021\\\/09\\\/logo-sentinelleSLOGAN-1.png\",\"width\":615,\"height\":142,\"caption\":\"Quotidien La Sentinelle\"},\"image\":{\"@id\":\"https:\\\/\\\/lasentinelle.dz\\\/#\\\/schema\\\/logo\\\/image\\\/\"},\"sameAs\":[\"https:\\\/\\\/www.facebook.com\\\/La-Sentinelle-104059864394773\"]},{\"@type\":\"Person\",\"@id\":\"https:\\\/\\\/lasentinelle.dz\\\/#\\\/schema\\\/person\\\/729ee0024f24e0b8c5ec17232f8e8b41\",\"name\":\"admin\",\"image\":{\"@type\":\"ImageObject\",\"inLanguage\":\"fr-FR\",\"@id\":\"https:\\\/\\\/secure.gravatar.com\\\/avatar\\\/4c81fed838786e9b53f540bf46533e750f5d292099ae3b66cfc6fb1982e29df7?s=96&d=mm&r=g\",\"url\":\"https:\\\/\\\/secure.gravatar.com\\\/avatar\\\/4c81fed838786e9b53f540bf46533e750f5d292099ae3b66cfc6fb1982e29df7?s=96&d=mm&r=g\",\"contentUrl\":\"https:\\\/\\\/secure.gravatar.com\\\/avatar\\\/4c81fed838786e9b53f540bf46533e750f5d292099ae3b66cfc6fb1982e29df7?s=96&d=mm&r=g\",\"caption\":\"admin\"},\"description\":\"admin\",\"url\":\"https:\\\/\\\/lasentinelle.dz\\\/author\\\/admin\\\/\"}]}<\/script>\n<!-- \/ Yoast SEO plugin. -->","yoast_head_json":{"title":"Incendies \u00e0 Tizi-Ouzou et B\u00e9ja\u00efa: Mobilisation g\u00e9n\u00e9rale - La Sentinelle","robots":{"index":"index","follow":"follow","max-snippet":"max-snippet:-1","max-image-preview":"max-image-preview:large","max-video-preview":"max-video-preview:-1"},"canonical":"https:\/\/lasentinelle.dz\/index.php\/2024\/08\/12\/incendies-a-tizi-ouzou-et-bejaia-mobilisation-generale\/","og_locale":"fr_FR","og_type":"article","og_title":"Incendies \u00e0 Tizi-Ouzou et B\u00e9ja\u00efa: Mobilisation g\u00e9n\u00e9rale - La Sentinelle","og_description":"Alors que plusieurs wilayas font face \u00e0 une vague d&rsquo;incendies de for\u00eat, les autorit\u00e9s multiplient les efforts pour lutter contre","og_url":"https:\/\/lasentinelle.dz\/index.php\/2024\/08\/12\/incendies-a-tizi-ouzou-et-bejaia-mobilisation-generale\/","og_site_name":"La Sentinelle","article_publisher":"https:\/\/www.facebook.com\/La-Sentinelle-104059864394773","article_published_time":"2024-08-12T13:39:00+00:00","article_modified_time":"2024-08-13T13:40:15+00:00","og_image":[{"width":1200,"height":900,"url":"https:\/\/lasentinelle.dz\/wp-content\/uploads\/2023\/05\/incendies-.png","type":"image\/png"}],"author":"admin","twitter_card":"summary_large_image","twitter_misc":{"\u00c9crit par":"admin","Dur\u00e9e de lecture estim\u00e9e":"3 minutes"},"schema":{"@context":"https:\/\/schema.org","@graph":[{"@type":"Article","@id":"https:\/\/lasentinelle.dz\/index.php\/2024\/08\/12\/incendies-a-tizi-ouzou-et-bejaia-mobilisation-generale\/#article","isPartOf":{"@id":"https:\/\/lasentinelle.dz\/index.php\/2024\/08\/12\/incendies-a-tizi-ouzou-et-bejaia-mobilisation-generale\/"},"author":{"name":"admin","@id":"https:\/\/lasentinelle.dz\/#\/schema\/person\/729ee0024f24e0b8c5ec17232f8e8b41"},"headline":"Incendies \u00e0 Tizi-Ouzou et B\u00e9ja\u00efa: Mobilisation g\u00e9n\u00e9rale","datePublished":"2024-08-12T13:39:00+00:00","dateModified":"2024-08-13T13:40:15+00:00","mainEntityOfPage":{"@id":"https:\/\/lasentinelle.dz\/index.php\/2024\/08\/12\/incendies-a-tizi-ouzou-et-bejaia-mobilisation-generale\/"},"wordCount":599,"commentCount":0,"publisher":{"@id":"https:\/\/lasentinelle.dz\/#organization"},"image":{"@id":"https:\/\/lasentinelle.dz\/index.php\/2024\/08\/12\/incendies-a-tizi-ouzou-et-bejaia-mobilisation-generale\/#primaryimage"},"thumbnailUrl":"https:\/\/lasentinelle.dz\/wp-content\/uploads\/2023\/05\/incendies-.png","articleSection":["\u00c0 la Une","Actualit\u00e9"],"inLanguage":"fr-FR","potentialAction":[{"@type":"CommentAction","name":"Comment","target":["https:\/\/lasentinelle.dz\/index.php\/2024\/08\/12\/incendies-a-tizi-ouzou-et-bejaia-mobilisation-generale\/#respond"]}]},{"@type":"WebPage","@id":"https:\/\/lasentinelle.dz\/index.php\/2024\/08\/12\/incendies-a-tizi-ouzou-et-bejaia-mobilisation-generale\/","url":"https:\/\/lasentinelle.dz\/index.php\/2024\/08\/12\/incendies-a-tizi-ouzou-et-bejaia-mobilisation-generale\/","name":"Incendies \u00e0 Tizi-Ouzou et B\u00e9ja\u00efa: Mobilisation g\u00e9n\u00e9rale - La Sentinelle","isPartOf":{"@id":"https:\/\/lasentinelle.dz\/#website"},"primaryImageOfPage":{"@id":"https:\/\/lasentinelle.dz\/index.php\/2024\/08\/12\/incendies-a-tizi-ouzou-et-bejaia-mobilisation-generale\/#primaryimage"},"image":{"@id":"https:\/\/lasentinelle.dz\/index.php\/2024\/08\/12\/incendies-a-tizi-ouzou-et-bejaia-mobilisation-generale\/#primaryimage"},"thumbnailUrl":"https:\/\/lasentinelle.dz\/wp-content\/uploads\/2023\/05\/incendies-.png","datePublished":"2024-08-12T13:39:00+00:00","dateModified":"2024-08-13T13:40:15+00:00","breadcrumb":{"@id":"https:\/\/lasentinelle.dz\/index.php\/2024\/08\/12\/incendies-a-tizi-ouzou-et-bejaia-mobilisation-generale\/#breadcrumb"},"inLanguage":"fr-FR","potentialAction":[{"@type":"ReadAction","target":["https:\/\/lasentinelle.dz\/index.php\/2024\/08\/12\/incendies-a-tizi-ouzou-et-bejaia-mobilisation-generale\/"]}]},{"@type":"ImageObject","inLanguage":"fr-FR","@id":"https:\/\/lasentinelle.dz\/index.php\/2024\/08\/12\/incendies-a-tizi-ouzou-et-bejaia-mobilisation-generale\/#primaryimage","url":"https:\/\/lasentinelle.dz\/wp-content\/uploads\/2023\/05\/incendies-.png","contentUrl":"https:\/\/lasentinelle.dz\/wp-content\/uploads\/2023\/05\/incendies-.png","width":1200,"height":900},{"@type":"BreadcrumbList","@id":"https:\/\/lasentinelle.dz\/index.php\/2024\/08\/12\/incendies-a-tizi-ouzou-et-bejaia-mobilisation-generale\/#breadcrumb","itemListElement":[{"@type":"ListItem","position":1,"name":"Accueil","item":"https:\/\/lasentinelle.dz\/"},{"@type":"ListItem","position":2,"name":"Incendies \u00e0 Tizi-Ouzou et B\u00e9ja\u00efa: Mobilisation g\u00e9n\u00e9rale"}]},{"@type":"WebSite","@id":"https:\/\/lasentinelle.dz\/#website","url":"https:\/\/lasentinelle.dz\/","name":"La Sentinelle","description":"Quotidien national d&#039;information","publisher":{"@id":"https:\/\/lasentinelle.dz\/#organization"},"potentialAction":[{"@type":"SearchAction","target":{"@type":"EntryPoint","urlTemplate":"https:\/\/lasentinelle.dz\/?s={search_term_string}"},"query-input":{"@type":"PropertyValueSpecification","valueRequired":true,"valueName":"search_term_string"}}],"inLanguage":"fr-FR"},{"@type":"Organization","@id":"https:\/\/lasentinelle.dz\/#organization","name":"Quotidien La Sentinelle","url":"https:\/\/lasentinelle.dz\/","logo":{"@type":"ImageObject","inLanguage":"fr-FR","@id":"https:\/\/lasentinelle.dz\/#\/schema\/logo\/image\/","url":"https:\/\/lasentinelle.dz\/wp-content\/uploads\/2021\/09\/logo-sentinelleSLOGAN-1.png","contentUrl":"https:\/\/lasentinelle.dz\/wp-content\/uploads\/2021\/09\/logo-sentinelleSLOGAN-1.png","width":615,"height":142,"caption":"Quotidien La Sentinelle"},"image":{"@id":"https:\/\/lasentinelle.dz\/#\/schema\/logo\/image\/"},"sameAs":["https:\/\/www.facebook.com\/La-Sentinelle-104059864394773"]},{"@type":"Person","@id":"https:\/\/lasentinelle.dz\/#\/schema\/person\/729ee0024f24e0b8c5ec17232f8e8b41","name":"admin","image":{"@type":"ImageObject","inLanguage":"fr-FR","@id":"https:\/\/secure.gravatar.com\/avatar\/4c81fed838786e9b53f540bf46533e750f5d292099ae3b66cfc6fb1982e29df7?s=96&d=mm&r=g","url":"https:\/\/secure.gravatar.com\/avatar\/4c81fed838786e9b53f540bf46533e750f5d292099ae3b66cfc6fb1982e29df7?s=96&d=mm&r=g","contentUrl":"https:\/\/secure.gravatar.com\/avatar\/4c81fed838786e9b53f540bf46533e750f5d292099ae3b66cfc6fb1982e29df7?s=96&d=mm&r=g","caption":"admin"},"description":"admin","url":"https:\/\/lasentinelle.dz\/author\/admin\/"}]}},"_links":{"self":[{"href":"https:\/\/lasentinelle.dz\/index.php\/wp-json\/wp\/v2\/posts\/55634","targetHints":{"allow":["GET"]}}],"collection":[{"href":"https:\/\/lasentinelle.dz\/index.php\/wp-json\/wp\/v2\/posts"}],"about":[{"href":"https:\/\/lasentinelle.dz\/index.php\/wp-json\/wp\/v2\/types\/post"}],"author":[{"embeddable":true,"href":"https:\/\/lasentinelle.dz\/index.php\/wp-json\/wp\/v2\/users\/6"}],"replies":[{"embeddable":true,"href":"https:\/\/lasentinelle.dz\/index.php\/wp-json\/wp\/v2\/comments?post=55634"}],"version-history":[{"count":1,"href":"https:\/\/lasentinelle.dz\/index.php\/wp-json\/wp\/v2\/posts\/55634\/revisions"}],"predecessor-version":[{"id":55635,"href":"https:\/\/lasentinelle.dz\/index.php\/wp-json\/wp\/v2\/posts\/55634\/revisions\/55635"}],"wp:featuredmedia":[{"embeddable":true,"href":"https:\/\/lasentinelle.dz\/index.php\/wp-json\/wp\/v2\/media\/40979"}],"wp:attachment":[{"href":"https:\/\/lasentinelle.dz\/index.php\/wp-json\/wp\/v2\/media?parent=55634"}],"wp:term":[{"taxonomy":"category","embeddable":true,"href":"https:\/\/lasentinelle.dz\/index.php\/wp-json\/wp\/v2\/categories?post=55634"},{"taxonomy":"post_tag","embeddable":true,"href":"https:\/\/lasentinelle.dz\/index.php\/wp-json\/wp\/v2\/tags?post=55634"}],"curies":[{"name":"wp","href":"https:\/\/api.w.org\/{rel}","templated":true}]}}