{"id":55646,"date":"2024-08-12T14:47:00","date_gmt":"2024-08-12T13:47:00","guid":{"rendered":"https:\/\/lasentinelle.dz\/?p=55646"},"modified":"2024-08-13T14:48:12","modified_gmt":"2024-08-13T13:48:12","slug":"le-crb-frappe-fort-mahious-de-retour-au-bercail","status":"publish","type":"post","link":"https:\/\/lasentinelle.dz\/index.php\/2024\/08\/12\/le-crb-frappe-fort-mahious-de-retour-au-bercail\/","title":{"rendered":"Le CRB frappe fort : Mahious de retour au bercail"},"content":{"rendered":"\n<p>Le mercato estival 2024 en Ligue 1 Mobilis s&rsquo;enflamme ! Le retour fracassant d&rsquo;Aymen Mahious au CR Belouizdad met le feu aux poudres dans un march\u00e9 des transferts d\u00e9j\u00e0 bouillonnant.<\/p>\n\n\n\n<p>Le CRB a frapp\u00e9 un grand coup en rapatriant Aymen Mahious. L&rsquo;attaquant de feu, qui a fait trembler les filets suisses avec Yverdon (10 buts en 27 matches), est de retour au pays. \u00c0 26 ans, le meilleur buteur du CHAN-2022 d\u00e9barque en pr\u00eat avec option d&rsquo;achat. Une arriv\u00e9e qui sent la poudre pour les Belouizdadis, bien d\u00e9cid\u00e9s \u00e0 faire parler la poudre en Ligue des Champions. Mahious (26 ans), meilleur buteur du dernier Championnat d&rsquo;Afrique des nations CHAN-2022, avait rejoint le club suisse le mois d&rsquo;octobre 2023 pour un contrat de trois ans.<\/p>\n\n\n\n<p>Pendant ce temps, les Rouge et Noir ne ch\u00f4ment pas ! L&rsquo;USM Alger encha\u00eene les recrues comme des perles. Imadeddine Azzi, le roc d\u00e9fensif d&rsquo;Al-Kadhima, vient renforcer l&rsquo;arri\u00e8re-garde. Houssam-Eddine Ghacha et Lyes Chetti apportent leur touche technique, tandis que le Nig\u00e9rian Wale Musa Ali et Glody Likonza promettent de dynamiter le milieu de terrain. Sans oublier K\u00e9vin Mondeko pour verrouiller la d\u00e9fense. Un recrutement XXL qui fait saliver les supporters usmistes !<\/p>\n\n\n\n<p>Le nouveau promu en Ligue 1 de football, l\u2019ES Mostaganem a connu, ce week-end, l\u2019arriv\u00e9e de trois nouveaux joueurs \u00e0 savoir Boualem Mesmoudi, Aziz Benabdi et Benali Benamar, tout en enregistrant trois d\u00e9parts, a-t-on appris, dimanche, aupr\u00e8s de la direction de cette formation de l\u2019Ouest du pays. Les deux premiers nomm\u00e9s arrivent en provenance de l\u2019ES Ben Aknoun, qui a quitt\u00e9 le championnat de l\u2019\u00e9lite \u00e0 l\u2019issue de l\u2019exercice pass\u00e9, alors que le troisi\u00e8me \u00e9voluait \u00e0 la JS Saoura. Les trois recrues ont rejoint leurs nouveaux co\u00e9quipiers \u00e0 Tikjda (Bouira) o\u00f9 l\u2019\u00e9quipe effectue son premier stage d\u2019intersaison qui tire \u00e0 sa fin et qui sera suivi par un autre en Tunisie, pr\u00e9cise-t-on. Concernant les joueurs ayant quitt\u00e9 le navire, il s\u2019agit de Bourahla et Amaouche, arriv\u00e9s cet \u00e9t\u00e9 seulement \u00e0 l\u2019ESM, ainsi que Salhi, qui a renouvel\u00e9 son contrat, il y a quelques semaines, avant de le r\u00e9silier pour opter, samedi, au profit de l\u2019US Biskra (Ligue 1), souligne-t-on de m\u00eame source. En tout et pour tout, l\u2019effectif de l\u2019Esp\u00e9rance compte d\u00e9sormais 16 nouveaux joueurs, au moment o\u00f9 la direction du club, en coordination avec le staff technique, s\u2019appr\u00eate \u00e0 arr\u00eater la liste des 27 \u00e9l\u00e9ments appel\u00e9s \u00e0 d\u00e9fendre les couleurs de l\u2019ESM, la saison prochaine, dont le coup d\u2019envoi sera donn\u00e9 le 14 septembre. Outre Mesmoudi, Benabdi et Benali, le club a s\u2019est attach\u00e9 aussi les services de: Gasmi et Bouhalfaya (SKAF Miliana), Temimi et Lezoul (MC Oran), Alaouchiche et Addadi (ASO Chlef), Aoudjane (ES Ben Aknoun), Meddah (USM Khenchela), Siam, Tamer et Zeghnoun, (US Biskra), Hitala et Zeghad (ES S\u00e9tif) et Belkhadem (CR Belouizdad). Pour rappel, l\u2019\u00e9quipe sera dirig\u00e9e par un nouvel entraineur, en la personne de Cherif Hadjar, qui succ\u00e8de \u00e0 R\u00e9da Bendriss devenu le nouveau coach de l\u2019ES S\u00e9tif, un autre pensionnaire de l\u2019\u00e9lite.<\/p>\n\n\n\n<p>&nbsp;Avec ces mouvements, la Ligue 1 Mobilis s&rsquo;annonce explosive ! Le MC Alger, champion en titre, va devoir batailler ferme pour conserver sa couronne. Le retour au pays de joueurs du calibre de Mahious prouve que le championnat national a de quoi faire envie.<\/p>\n\n\n\n<p>La saison 2024-2025 s&rsquo;annonce palpitante, avec des \u00e9quipes survitamin\u00e9es pr\u00eates \u00e0 en d\u00e9coudre. Le CRB et l&rsquo;USMA ont frapp\u00e9 fort, mais la riposte des autres cadors ne devrait pas tarder. Une chose est s\u00fbre : les gardiens de but vont avoir du travail !<\/p>\n\n\n\n<p>R.S.<\/p>\n","protected":false},"excerpt":{"rendered":"<p>Le mercato estival 2024 en Ligue 1 Mobilis s&rsquo;enflamme ! Le retour fracassant d&rsquo;Aymen Mahious au CR Belouizdad met le<\/p>\n","protected":false},"author":6,"featured_media":55647,"comment_status":"open","ping_status":"closed","sticky":false,"template":"","format":"standard","meta":{"colormag_page_container_layout":"default_layout","colormag_page_sidebar_layout":"default_layout","om_disable_all_campaigns":false,"_monsterinsights_skip_tracking":false,"_monsterinsights_sitenote_active":false,"_monsterinsights_sitenote_note":"","_monsterinsights_sitenote_category":0,"footnotes":"","_wpscppro_dont_share_socialmedia":false,"_wpscppro_custom_social_share_image":0,"_facebook_share_type":"default","_twitter_share_type":"default","_linkedin_share_type":"default","_pinterest_share_type":"default","_linkedin_share_type_page":"","_instagram_share_type":"default","_medium_share_type":"","_threads_share_type":"","_google_business_share_type":"","_selected_social_profile":[],"_wpsp_enable_custom_social_template":false,"_wpsp_social_scheduling":{"enabled":false,"datetime":null,"platforms":[],"status":"template_only","dateOption":"today","timeOption":"now","customDays":"","customHours":"","customDate":"","customTime":"","schedulingType":"absolute"},"_wpsp_active_default_template":true},"categories":[33],"tags":[],"class_list":["post-55646","post","type-post","status-publish","format-standard","has-post-thumbnail","hentry","category-sports"],"aioseo_notices":[],"yoast_head":"<!-- This site is optimized with the Yoast SEO plugin v27.5 - https:\/\/yoast.com\/product\/yoast-seo-wordpress\/ -->\n<title>Le CRB frappe fort : Mahious de retour au bercail - La Sentinelle<\/title>\n<meta name=\"robots\" content=\"index, follow, max-snippet:-1, max-image-preview:large, max-video-preview:-1\" \/>\n<link rel=\"canonical\" href=\"https:\/\/lasentinelle.dz\/index.php\/2024\/08\/12\/le-crb-frappe-fort-mahious-de-retour-au-bercail\/\" \/>\n<meta property=\"og:locale\" content=\"fr_FR\" \/>\n<meta property=\"og:type\" content=\"article\" \/>\n<meta property=\"og:title\" content=\"Le CRB frappe fort : Mahious de retour au bercail - La Sentinelle\" \/>\n<meta property=\"og:description\" content=\"Le mercato estival 2024 en Ligue 1 Mobilis s&rsquo;enflamme ! Le retour fracassant d&rsquo;Aymen Mahious au CR Belouizdad met le\" \/>\n<meta property=\"og:url\" content=\"https:\/\/lasentinelle.dz\/index.php\/2024\/08\/12\/le-crb-frappe-fort-mahious-de-retour-au-bercail\/\" \/>\n<meta property=\"og:site_name\" content=\"La Sentinelle\" \/>\n<meta property=\"article:publisher\" content=\"https:\/\/www.facebook.com\/La-Sentinelle-104059864394773\" \/>\n<meta property=\"article:published_time\" content=\"2024-08-12T13:47:00+00:00\" \/>\n<meta property=\"article:modified_time\" content=\"2024-08-13T13:48:12+00:00\" \/>\n<meta property=\"og:image\" content=\"https:\/\/lasentinelle.dz\/wp-content\/uploads\/2024\/08\/Mahious-CRB.jpg\" \/>\n\t<meta property=\"og:image:width\" content=\"1280\" \/>\n\t<meta property=\"og:image:height\" content=\"720\" \/>\n\t<meta property=\"og:image:type\" content=\"image\/jpeg\" \/>\n<meta name=\"author\" content=\"admin\" \/>\n<meta name=\"twitter:card\" content=\"summary_large_image\" \/>\n<meta name=\"twitter:label1\" content=\"\u00c9crit par\" \/>\n\t<meta name=\"twitter:data1\" content=\"admin\" \/>\n\t<meta name=\"twitter:label2\" content=\"Dur\u00e9e de lecture estim\u00e9e\" \/>\n\t<meta name=\"twitter:data2\" content=\"4 minutes\" \/>\n<script type=\"application\/ld+json\" class=\"yoast-schema-graph\">{\"@context\":\"https:\\\/\\\/schema.org\",\"@graph\":[{\"@type\":\"Article\",\"@id\":\"https:\\\/\\\/lasentinelle.dz\\\/index.php\\\/2024\\\/08\\\/12\\\/le-crb-frappe-fort-mahious-de-retour-au-bercail\\\/#article\",\"isPartOf\":{\"@id\":\"https:\\\/\\\/lasentinelle.dz\\\/index.php\\\/2024\\\/08\\\/12\\\/le-crb-frappe-fort-mahious-de-retour-au-bercail\\\/\"},\"author\":{\"name\":\"admin\",\"@id\":\"https:\\\/\\\/lasentinelle.dz\\\/#\\\/schema\\\/person\\\/729ee0024f24e0b8c5ec17232f8e8b41\"},\"headline\":\"Le CRB frappe fort : Mahious de retour au bercail\",\"datePublished\":\"2024-08-12T13:47:00+00:00\",\"dateModified\":\"2024-08-13T13:48:12+00:00\",\"mainEntityOfPage\":{\"@id\":\"https:\\\/\\\/lasentinelle.dz\\\/index.php\\\/2024\\\/08\\\/12\\\/le-crb-frappe-fort-mahious-de-retour-au-bercail\\\/\"},\"wordCount\":635,\"commentCount\":0,\"publisher\":{\"@id\":\"https:\\\/\\\/lasentinelle.dz\\\/#organization\"},\"image\":{\"@id\":\"https:\\\/\\\/lasentinelle.dz\\\/index.php\\\/2024\\\/08\\\/12\\\/le-crb-frappe-fort-mahious-de-retour-au-bercail\\\/#primaryimage\"},\"thumbnailUrl\":\"https:\\\/\\\/lasentinelle.dz\\\/wp-content\\\/uploads\\\/2024\\\/08\\\/Mahious-CRB.jpg\",\"articleSection\":[\"Sports\"],\"inLanguage\":\"fr-FR\",\"potentialAction\":[{\"@type\":\"CommentAction\",\"name\":\"Comment\",\"target\":[\"https:\\\/\\\/lasentinelle.dz\\\/index.php\\\/2024\\\/08\\\/12\\\/le-crb-frappe-fort-mahious-de-retour-au-bercail\\\/#respond\"]}]},{\"@type\":\"WebPage\",\"@id\":\"https:\\\/\\\/lasentinelle.dz\\\/index.php\\\/2024\\\/08\\\/12\\\/le-crb-frappe-fort-mahious-de-retour-au-bercail\\\/\",\"url\":\"https:\\\/\\\/lasentinelle.dz\\\/index.php\\\/2024\\\/08\\\/12\\\/le-crb-frappe-fort-mahious-de-retour-au-bercail\\\/\",\"name\":\"Le CRB frappe fort : Mahious de retour au bercail - La Sentinelle\",\"isPartOf\":{\"@id\":\"https:\\\/\\\/lasentinelle.dz\\\/#website\"},\"primaryImageOfPage\":{\"@id\":\"https:\\\/\\\/lasentinelle.dz\\\/index.php\\\/2024\\\/08\\\/12\\\/le-crb-frappe-fort-mahious-de-retour-au-bercail\\\/#primaryimage\"},\"image\":{\"@id\":\"https:\\\/\\\/lasentinelle.dz\\\/index.php\\\/2024\\\/08\\\/12\\\/le-crb-frappe-fort-mahious-de-retour-au-bercail\\\/#primaryimage\"},\"thumbnailUrl\":\"https:\\\/\\\/lasentinelle.dz\\\/wp-content\\\/uploads\\\/2024\\\/08\\\/Mahious-CRB.jpg\",\"datePublished\":\"2024-08-12T13:47:00+00:00\",\"dateModified\":\"2024-08-13T13:48:12+00:00\",\"breadcrumb\":{\"@id\":\"https:\\\/\\\/lasentinelle.dz\\\/index.php\\\/2024\\\/08\\\/12\\\/le-crb-frappe-fort-mahious-de-retour-au-bercail\\\/#breadcrumb\"},\"inLanguage\":\"fr-FR\",\"potentialAction\":[{\"@type\":\"ReadAction\",\"target\":[\"https:\\\/\\\/lasentinelle.dz\\\/index.php\\\/2024\\\/08\\\/12\\\/le-crb-frappe-fort-mahious-de-retour-au-bercail\\\/\"]}]},{\"@type\":\"ImageObject\",\"inLanguage\":\"fr-FR\",\"@id\":\"https:\\\/\\\/lasentinelle.dz\\\/index.php\\\/2024\\\/08\\\/12\\\/le-crb-frappe-fort-mahious-de-retour-au-bercail\\\/#primaryimage\",\"url\":\"https:\\\/\\\/lasentinelle.dz\\\/wp-content\\\/uploads\\\/2024\\\/08\\\/Mahious-CRB.jpg\",\"contentUrl\":\"https:\\\/\\\/lasentinelle.dz\\\/wp-content\\\/uploads\\\/2024\\\/08\\\/Mahious-CRB.jpg\",\"width\":1280,\"height\":720},{\"@type\":\"BreadcrumbList\",\"@id\":\"https:\\\/\\\/lasentinelle.dz\\\/index.php\\\/2024\\\/08\\\/12\\\/le-crb-frappe-fort-mahious-de-retour-au-bercail\\\/#breadcrumb\",\"itemListElement\":[{\"@type\":\"ListItem\",\"position\":1,\"name\":\"Accueil\",\"item\":\"https:\\\/\\\/lasentinelle.dz\\\/\"},{\"@type\":\"ListItem\",\"position\":2,\"name\":\"Le CRB frappe fort : Mahious de retour au bercail\"}]},{\"@type\":\"WebSite\",\"@id\":\"https:\\\/\\\/lasentinelle.dz\\\/#website\",\"url\":\"https:\\\/\\\/lasentinelle.dz\\\/\",\"name\":\"La Sentinelle\",\"description\":\"Quotidien national d&#039;information\",\"publisher\":{\"@id\":\"https:\\\/\\\/lasentinelle.dz\\\/#organization\"},\"potentialAction\":[{\"@type\":\"SearchAction\",\"target\":{\"@type\":\"EntryPoint\",\"urlTemplate\":\"https:\\\/\\\/lasentinelle.dz\\\/?s={search_term_string}\"},\"query-input\":{\"@type\":\"PropertyValueSpecification\",\"valueRequired\":true,\"valueName\":\"search_term_string\"}}],\"inLanguage\":\"fr-FR\"},{\"@type\":\"Organization\",\"@id\":\"https:\\\/\\\/lasentinelle.dz\\\/#organization\",\"name\":\"Quotidien La Sentinelle\",\"url\":\"https:\\\/\\\/lasentinelle.dz\\\/\",\"logo\":{\"@type\":\"ImageObject\",\"inLanguage\":\"fr-FR\",\"@id\":\"https:\\\/\\\/lasentinelle.dz\\\/#\\\/schema\\\/logo\\\/image\\\/\",\"url\":\"https:\\\/\\\/lasentinelle.dz\\\/wp-content\\\/uploads\\\/2021\\\/09\\\/logo-sentinelleSLOGAN-1.png\",\"contentUrl\":\"https:\\\/\\\/lasentinelle.dz\\\/wp-content\\\/uploads\\\/2021\\\/09\\\/logo-sentinelleSLOGAN-1.png\",\"width\":615,\"height\":142,\"caption\":\"Quotidien La Sentinelle\"},\"image\":{\"@id\":\"https:\\\/\\\/lasentinelle.dz\\\/#\\\/schema\\\/logo\\\/image\\\/\"},\"sameAs\":[\"https:\\\/\\\/www.facebook.com\\\/La-Sentinelle-104059864394773\"]},{\"@type\":\"Person\",\"@id\":\"https:\\\/\\\/lasentinelle.dz\\\/#\\\/schema\\\/person\\\/729ee0024f24e0b8c5ec17232f8e8b41\",\"name\":\"admin\",\"image\":{\"@type\":\"ImageObject\",\"inLanguage\":\"fr-FR\",\"@id\":\"https:\\\/\\\/secure.gravatar.com\\\/avatar\\\/4c81fed838786e9b53f540bf46533e750f5d292099ae3b66cfc6fb1982e29df7?s=96&d=mm&r=g\",\"url\":\"https:\\\/\\\/secure.gravatar.com\\\/avatar\\\/4c81fed838786e9b53f540bf46533e750f5d292099ae3b66cfc6fb1982e29df7?s=96&d=mm&r=g\",\"contentUrl\":\"https:\\\/\\\/secure.gravatar.com\\\/avatar\\\/4c81fed838786e9b53f540bf46533e750f5d292099ae3b66cfc6fb1982e29df7?s=96&d=mm&r=g\",\"caption\":\"admin\"},\"description\":\"admin\",\"url\":\"https:\\\/\\\/lasentinelle.dz\\\/author\\\/admin\\\/\"}]}<\/script>\n<!-- \/ Yoast SEO plugin. -->","yoast_head_json":{"title":"Le CRB frappe fort : Mahious de retour au bercail - La Sentinelle","robots":{"index":"index","follow":"follow","max-snippet":"max-snippet:-1","max-image-preview":"max-image-preview:large","max-video-preview":"max-video-preview:-1"},"canonical":"https:\/\/lasentinelle.dz\/index.php\/2024\/08\/12\/le-crb-frappe-fort-mahious-de-retour-au-bercail\/","og_locale":"fr_FR","og_type":"article","og_title":"Le CRB frappe fort : Mahious de retour au bercail - La Sentinelle","og_description":"Le mercato estival 2024 en Ligue 1 Mobilis s&rsquo;enflamme ! Le retour fracassant d&rsquo;Aymen Mahious au CR Belouizdad met le","og_url":"https:\/\/lasentinelle.dz\/index.php\/2024\/08\/12\/le-crb-frappe-fort-mahious-de-retour-au-bercail\/","og_site_name":"La Sentinelle","article_publisher":"https:\/\/www.facebook.com\/La-Sentinelle-104059864394773","article_published_time":"2024-08-12T13:47:00+00:00","article_modified_time":"2024-08-13T13:48:12+00:00","og_image":[{"width":1280,"height":720,"url":"https:\/\/lasentinelle.dz\/wp-content\/uploads\/2024\/08\/Mahious-CRB.jpg","type":"image\/jpeg"}],"author":"admin","twitter_card":"summary_large_image","twitter_misc":{"\u00c9crit par":"admin","Dur\u00e9e de lecture estim\u00e9e":"4 minutes"},"schema":{"@context":"https:\/\/schema.org","@graph":[{"@type":"Article","@id":"https:\/\/lasentinelle.dz\/index.php\/2024\/08\/12\/le-crb-frappe-fort-mahious-de-retour-au-bercail\/#article","isPartOf":{"@id":"https:\/\/lasentinelle.dz\/index.php\/2024\/08\/12\/le-crb-frappe-fort-mahious-de-retour-au-bercail\/"},"author":{"name":"admin","@id":"https:\/\/lasentinelle.dz\/#\/schema\/person\/729ee0024f24e0b8c5ec17232f8e8b41"},"headline":"Le CRB frappe fort : Mahious de retour au bercail","datePublished":"2024-08-12T13:47:00+00:00","dateModified":"2024-08-13T13:48:12+00:00","mainEntityOfPage":{"@id":"https:\/\/lasentinelle.dz\/index.php\/2024\/08\/12\/le-crb-frappe-fort-mahious-de-retour-au-bercail\/"},"wordCount":635,"commentCount":0,"publisher":{"@id":"https:\/\/lasentinelle.dz\/#organization"},"image":{"@id":"https:\/\/lasentinelle.dz\/index.php\/2024\/08\/12\/le-crb-frappe-fort-mahious-de-retour-au-bercail\/#primaryimage"},"thumbnailUrl":"https:\/\/lasentinelle.dz\/wp-content\/uploads\/2024\/08\/Mahious-CRB.jpg","articleSection":["Sports"],"inLanguage":"fr-FR","potentialAction":[{"@type":"CommentAction","name":"Comment","target":["https:\/\/lasentinelle.dz\/index.php\/2024\/08\/12\/le-crb-frappe-fort-mahious-de-retour-au-bercail\/#respond"]}]},{"@type":"WebPage","@id":"https:\/\/lasentinelle.dz\/index.php\/2024\/08\/12\/le-crb-frappe-fort-mahious-de-retour-au-bercail\/","url":"https:\/\/lasentinelle.dz\/index.php\/2024\/08\/12\/le-crb-frappe-fort-mahious-de-retour-au-bercail\/","name":"Le CRB frappe fort : Mahious de retour au bercail - La Sentinelle","isPartOf":{"@id":"https:\/\/lasentinelle.dz\/#website"},"primaryImageOfPage":{"@id":"https:\/\/lasentinelle.dz\/index.php\/2024\/08\/12\/le-crb-frappe-fort-mahious-de-retour-au-bercail\/#primaryimage"},"image":{"@id":"https:\/\/lasentinelle.dz\/index.php\/2024\/08\/12\/le-crb-frappe-fort-mahious-de-retour-au-bercail\/#primaryimage"},"thumbnailUrl":"https:\/\/lasentinelle.dz\/wp-content\/uploads\/2024\/08\/Mahious-CRB.jpg","datePublished":"2024-08-12T13:47:00+00:00","dateModified":"2024-08-13T13:48:12+00:00","breadcrumb":{"@id":"https:\/\/lasentinelle.dz\/index.php\/2024\/08\/12\/le-crb-frappe-fort-mahious-de-retour-au-bercail\/#breadcrumb"},"inLanguage":"fr-FR","potentialAction":[{"@type":"ReadAction","target":["https:\/\/lasentinelle.dz\/index.php\/2024\/08\/12\/le-crb-frappe-fort-mahious-de-retour-au-bercail\/"]}]},{"@type":"ImageObject","inLanguage":"fr-FR","@id":"https:\/\/lasentinelle.dz\/index.php\/2024\/08\/12\/le-crb-frappe-fort-mahious-de-retour-au-bercail\/#primaryimage","url":"https:\/\/lasentinelle.dz\/wp-content\/uploads\/2024\/08\/Mahious-CRB.jpg","contentUrl":"https:\/\/lasentinelle.dz\/wp-content\/uploads\/2024\/08\/Mahious-CRB.jpg","width":1280,"height":720},{"@type":"BreadcrumbList","@id":"https:\/\/lasentinelle.dz\/index.php\/2024\/08\/12\/le-crb-frappe-fort-mahious-de-retour-au-bercail\/#breadcrumb","itemListElement":[{"@type":"ListItem","position":1,"name":"Accueil","item":"https:\/\/lasentinelle.dz\/"},{"@type":"ListItem","position":2,"name":"Le CRB frappe fort : Mahious de retour au bercail"}]},{"@type":"WebSite","@id":"https:\/\/lasentinelle.dz\/#website","url":"https:\/\/lasentinelle.dz\/","name":"La Sentinelle","description":"Quotidien national d&#039;information","publisher":{"@id":"https:\/\/lasentinelle.dz\/#organization"},"potentialAction":[{"@type":"SearchAction","target":{"@type":"EntryPoint","urlTemplate":"https:\/\/lasentinelle.dz\/?s={search_term_string}"},"query-input":{"@type":"PropertyValueSpecification","valueRequired":true,"valueName":"search_term_string"}}],"inLanguage":"fr-FR"},{"@type":"Organization","@id":"https:\/\/lasentinelle.dz\/#organization","name":"Quotidien La Sentinelle","url":"https:\/\/lasentinelle.dz\/","logo":{"@type":"ImageObject","inLanguage":"fr-FR","@id":"https:\/\/lasentinelle.dz\/#\/schema\/logo\/image\/","url":"https:\/\/lasentinelle.dz\/wp-content\/uploads\/2021\/09\/logo-sentinelleSLOGAN-1.png","contentUrl":"https:\/\/lasentinelle.dz\/wp-content\/uploads\/2021\/09\/logo-sentinelleSLOGAN-1.png","width":615,"height":142,"caption":"Quotidien La Sentinelle"},"image":{"@id":"https:\/\/lasentinelle.dz\/#\/schema\/logo\/image\/"},"sameAs":["https:\/\/www.facebook.com\/La-Sentinelle-104059864394773"]},{"@type":"Person","@id":"https:\/\/lasentinelle.dz\/#\/schema\/person\/729ee0024f24e0b8c5ec17232f8e8b41","name":"admin","image":{"@type":"ImageObject","inLanguage":"fr-FR","@id":"https:\/\/secure.gravatar.com\/avatar\/4c81fed838786e9b53f540bf46533e750f5d292099ae3b66cfc6fb1982e29df7?s=96&d=mm&r=g","url":"https:\/\/secure.gravatar.com\/avatar\/4c81fed838786e9b53f540bf46533e750f5d292099ae3b66cfc6fb1982e29df7?s=96&d=mm&r=g","contentUrl":"https:\/\/secure.gravatar.com\/avatar\/4c81fed838786e9b53f540bf46533e750f5d292099ae3b66cfc6fb1982e29df7?s=96&d=mm&r=g","caption":"admin"},"description":"admin","url":"https:\/\/lasentinelle.dz\/author\/admin\/"}]}},"_links":{"self":[{"href":"https:\/\/lasentinelle.dz\/index.php\/wp-json\/wp\/v2\/posts\/55646","targetHints":{"allow":["GET"]}}],"collection":[{"href":"https:\/\/lasentinelle.dz\/index.php\/wp-json\/wp\/v2\/posts"}],"about":[{"href":"https:\/\/lasentinelle.dz\/index.php\/wp-json\/wp\/v2\/types\/post"}],"author":[{"embeddable":true,"href":"https:\/\/lasentinelle.dz\/index.php\/wp-json\/wp\/v2\/users\/6"}],"replies":[{"embeddable":true,"href":"https:\/\/lasentinelle.dz\/index.php\/wp-json\/wp\/v2\/comments?post=55646"}],"version-history":[{"count":1,"href":"https:\/\/lasentinelle.dz\/index.php\/wp-json\/wp\/v2\/posts\/55646\/revisions"}],"predecessor-version":[{"id":55648,"href":"https:\/\/lasentinelle.dz\/index.php\/wp-json\/wp\/v2\/posts\/55646\/revisions\/55648"}],"wp:featuredmedia":[{"embeddable":true,"href":"https:\/\/lasentinelle.dz\/index.php\/wp-json\/wp\/v2\/media\/55647"}],"wp:attachment":[{"href":"https:\/\/lasentinelle.dz\/index.php\/wp-json\/wp\/v2\/media?parent=55646"}],"wp:term":[{"taxonomy":"category","embeddable":true,"href":"https:\/\/lasentinelle.dz\/index.php\/wp-json\/wp\/v2\/categories?post=55646"},{"taxonomy":"post_tag","embeddable":true,"href":"https:\/\/lasentinelle.dz\/index.php\/wp-json\/wp\/v2\/tags?post=55646"}],"curies":[{"name":"wp","href":"https:\/\/api.w.org\/{rel}","templated":true}]}}