{"id":55662,"date":"2024-08-12T14:57:08","date_gmt":"2024-08-12T13:57:08","guid":{"rendered":"https:\/\/lasentinelle.dz\/?p=55662"},"modified":"2024-08-13T14:58:14","modified_gmt":"2024-08-13T13:58:14","slug":"face-a-lescalade-des-violences-sionistes-en-palestine-occupee-lurgence-dune-action-internationale","status":"publish","type":"post","link":"https:\/\/lasentinelle.dz\/index.php\/2024\/08\/12\/face-a-lescalade-des-violences-sionistes-en-palestine-occupee-lurgence-dune-action-internationale\/","title":{"rendered":"Face \u00e0 l&rsquo;escalade des violences sionistes en Palestine occup\u00e9e : L&rsquo;urgence d&rsquo;une action internationale"},"content":{"rendered":"\n<p>Alors que l&rsquo;agression sioniste contre la bande de Ghaza entre dans son dixi\u00e8me mois, la situation humanitaire ne cesse de s&rsquo;aggraver, tandis que les violations du droit international se multiplient tant \u00e0 Ghaza qu&rsquo;en Cisjordanie occup\u00e9e. Face \u00e0 cette trag\u00e9die qui se d\u00e9roule sous les yeux de la communaut\u00e9 internationale, les appels \u00e0 une intervention urgente se font de plus en plus pressants.<\/p>\n\n\n\n<p>Depuis le d\u00e9but de l&rsquo;agression g\u00e9nocidaire le 7 octobre dernier, le bilan des victimes palestiniennes ne cesse de s&rsquo;alourdir. Selon les derni\u00e8res donn\u00e9es du minist\u00e8re palestinien de la Sant\u00e9, on d\u00e9nombre d\u00e9sormais 39 790 martyrs, dont une majorit\u00e9 de femmes et d&rsquo;enfants. \u00c0 ce terrible d\u00e9compte s&rsquo;ajoutent plus de 91 700 bless\u00e9s, sans compter les milliers de personnes encore ensevelies sous les d\u00e9combres.<\/p>\n\n\n\n<p>Le secteur de la sant\u00e9, particuli\u00e8rement vis\u00e9, paie un lourd tribut. Environ 500 membres du personnel soignant sont tomb\u00e9s en martyrs et des centaines d&rsquo;autres ont \u00e9t\u00e9 bless\u00e9s. L&rsquo;occupant sioniste a \u00e9galement proc\u00e9d\u00e9 \u00e0 l&rsquo;arrestation de 310 professionnels de sant\u00e9 et \u00e0 la destruction de 130 ambulances dans la bande de Gaza. En Cisjordanie, les \u00e9tablissements de sant\u00e9 et leur personnel ont subi plus de 340 attaques.<\/p>\n\n\n\n<p>Ces chiffres alarmants t\u00e9moignent d&rsquo;une strat\u00e9gie d\u00e9lib\u00e9r\u00e9e visant \u00e0 priver la population palestinienne de l&rsquo;acc\u00e8s aux soins les plus \u00e9l\u00e9mentaires, en violation flagrante du droit international humanitaire.<\/p>\n\n\n\n<p>Au-del\u00e0 du secteur m\u00e9dical, l&rsquo;ensemble des infrastructures civiles est pris pour cible par l&rsquo;arm\u00e9e d&rsquo;occupation. Les \u00e9coles, cens\u00e9es offrir un refuge aux populations d\u00e9plac\u00e9es, sont r\u00e9guli\u00e8rement bombard\u00e9es. Samedi, une nouvelle attaque contre l&rsquo;\u00e9cole Al-Tabaeen dans le quartier d&rsquo;Al-Daraj \u00e0 Ghaza a fait plus de 100 martyrs, principalement des femmes et des enfants. Ce type d&rsquo;attaque n&rsquo;est malheureusement pas isol\u00e9. Au cours des dix derniers jours, pas moins de sept \u00e9coles abritant des personnes d\u00e9plac\u00e9es ont \u00e9t\u00e9 bombard\u00e9es par l&rsquo;arm\u00e9e sioniste \u00e0 Gaza. Ces frappes d\u00e9lib\u00e9r\u00e9es contre des civils constituent des crimes de guerre caract\u00e9ris\u00e9s, comme le soulignent de nombreux experts en droit international.<\/p>\n\n\n\n<p>Les cons\u00e9quences de cette agression sont catastrophiques pour la population. Plus de 1,7 million de personnes ont \u00e9t\u00e9 d\u00e9plac\u00e9es de force, contraintes de vivre dans des conditions sanitaires d\u00e9plorables. Plus de 75 000 Palestiniens ont \u00e9t\u00e9 d\u00e9plac\u00e9s dans le sud-ouest de la bande de Gaza au cours des derniers jours, a d\u00e9clar\u00e9 dimanche le chef de l&rsquo;agence des Nations unies pour les r\u00e9fugi\u00e9s palestiniens (UNRWA). \u00ab\u00a0Au cours des d\u00e9cennies, les civils palestiniens ont \u00e9t\u00e9 pris dans des guerres et des conflits, bien trop souvent\u00a0\u00bb, a d\u00e9clar\u00e9 Philippe Lazzarini, commissaire g\u00e9n\u00e9ral de l&rsquo;UNRWA. Hier, des centaines de Palestiniens fuyaient des quartiers de Khan Youn\u00e8s, dans le sud de Gaza, o\u00f9 l&rsquo;arm\u00e9e d&rsquo;occupation pr\u00e9voit de nouvelles attaques.&nbsp; Le manque d&rsquo;acc\u00e8s \u00e0 l&rsquo;eau potable et l&rsquo;absence d&rsquo;infrastructures d&rsquo;assainissement ad\u00e9quates font craindre une catastrophe de sant\u00e9 publique majeure.<\/p>\n\n\n\n<p>La p\u00e9nurie de m\u00e9dicaments, de mat\u00e9riel m\u00e9dical et de personnel soignant complique drastiquement la prise en charge des bless\u00e9s et des malades. Le minist\u00e8re palestinien de la Sant\u00e9 tire la sonnette d&rsquo;alarme face \u00e0 la recrudescence des maladies \u00e9vitables et \u00e0 l&rsquo;augmentation des d\u00e9c\u00e8s pr\u00e9matur\u00e9s qui en r\u00e9sulte.<\/p>\n\n\n\n<p>La situation en Cisjordanie occup\u00e9e ne cesse de se d\u00e9grader. Les attaques de colons contre les Palestiniens et leurs biens se multiplient, faisant 620 martyrs et environ 5 400 bless\u00e9s depuis octobre 2023.<\/p>\n\n\n\n<p>Face \u00e0 cette escalade, le minist\u00e8re palestinien des Affaires \u00e9trang\u00e8res a lanc\u00e9 un appel urgent \u00e0 la communaut\u00e9 internationale pour qu&rsquo;elle intervienne et mette fin aux crimes des colons. Il exige notamment que les associations d&rsquo;implantations soient inscrites sur les listes d&rsquo;organisations terroristes et que leurs membres soient poursuivis pour crimes de guerre.<\/p>\n\n\n\n<p>L&rsquo;un des aspects les plus pr\u00e9occupants de cette crise est l&rsquo;impunit\u00e9 dont jouit l&rsquo;entit\u00e9 sioniste malgr\u00e9 ses violations r\u00e9p\u00e9t\u00e9es du droit international. Comme le souligne Madjid Bouden, pr\u00e9sident de l&rsquo;Association des avocats en droit international de Paris, le droit international interdit formellement le ciblage des \u00e9coles, des h\u00f4pitaux et de toute infrastructure civile.<\/p>\n\n\n\n<p>La Cour internationale de Justice (CIJ) a d&rsquo;ailleurs rappel\u00e9, dans son avis consultatif du 19 juillet, que l&rsquo;entit\u00e9 sioniste assume l&rsquo;enti\u00e8re responsabilit\u00e9 de ce qui se passe en Palestine en vertu du droit international. Cependant, l&rsquo;absence de m\u00e9canismes contraignants pour faire appliquer ces d\u00e9cisions permet \u00e0 l&rsquo;occupant de poursuivre ses exactions en toute impunit\u00e9.<\/p>\n\n\n\n<p>Face \u00e0 cette situation dramatique, les appels \u00e0 une intervention internationale se multiplient. Tor Wennesland, Coordonnateur sp\u00e9cial des Nations Unies pour le processus de paix au Moyen-Orient, a d\u00e9clar\u00e9 que \u00ab\u00a0les civils continuent de subir le poids de la guerre au milieu de la terreur, des d\u00e9placements et de souffrances sans fin\u00a0\u00bb, soulignant qu&rsquo;il \u00e9tait \u00ab\u00a0grand temps de mettre fin \u00e0 ce cauchemar\u00a0\u00bb.<\/p>\n\n\n\n<p>L&rsquo;UNICEF a \u00e9galement appel\u00e9 \u00e0 la protection imm\u00e9diate des \u00e9coles et des refuges \u00e0 Gaza, rappelant que \u00ab\u00a0la violence contre les enfants doit cesser\u00a0\u00bb.<\/p>\n\n\n\n<p>Les experts en droit international, quant \u00e0 eux, insistent sur la n\u00e9cessit\u00e9 d&rsquo;une action urgente du Conseil de s\u00e9curit\u00e9 de l&rsquo;ONU en vertu du Chapitre VII de la Charte des Nations Unies. Ils pr\u00e9conisent \u00e9galement l&rsquo;arr\u00eat imm\u00e9diat de tout soutien militaire \u00e0 l&rsquo;entit\u00e9 sioniste et la mise en place de sanctions pour contraindre l&rsquo;occupant \u00e0 respecter le droit international.<\/p>\n\n\n\n<p>L&rsquo;incapacit\u00e9 de la communaut\u00e9 internationale \u00e0 faire cesser ces crimes soul\u00e8ve de s\u00e9rieuses questions quant \u00e0 la cr\u00e9dibilit\u00e9 du syst\u00e8me juridique international. Comme le souligne l&rsquo;expert Ayman Salama, \u00ab\u00a0la poursuite de l&rsquo;impunit\u00e9 de l&rsquo;entit\u00e9 sioniste pour ses crimes remet s\u00e9rieusement en question la cr\u00e9dibilit\u00e9 du syst\u00e8me juridique international\u00a0\u00bb.<\/p>\n\n\n\n<p>Il est donc imp\u00e9ratif que la communaut\u00e9 internationale prenne ses responsabilit\u00e9s et agisse de mani\u00e8re d\u00e9cisive pour mettre un terme \u00e0 cette trag\u00e9die. Cela passe non seulement par l&rsquo;arr\u00eat imm\u00e9diat des hostilit\u00e9s et la lev\u00e9e du blocus de Ghaza, mais aussi par la mise en place de m\u00e9canismes efficaces pour garantir le respect du droit international et la protection des populations civiles.<\/p>\n\n\n\n<p>L&rsquo;heure n&rsquo;est plus aux condamnations de fa\u00e7ade, mais \u00e0 une action concr\u00e8te et coordonn\u00e9e de la communaut\u00e9 internationale. Il en va de la cr\u00e9dibilit\u00e9 du droit international, mais surtout de la survie de millions de Palestiniens pris au pi\u00e8ge d&rsquo;un conflit qui n&rsquo;a que trop dur\u00e9.<\/p>\n\n\n\n<p>Lyes Sa\u00efdi<\/p>\n","protected":false},"excerpt":{"rendered":"<p>Alors que l&rsquo;agression sioniste contre la bande de Ghaza entre dans son dixi\u00e8me mois, la situation humanitaire ne cesse de<\/p>\n","protected":false},"author":6,"featured_media":55663,"comment_status":"open","ping_status":"closed","sticky":false,"template":"","format":"standard","meta":{"colormag_page_container_layout":"default_layout","colormag_page_sidebar_layout":"default_layout","om_disable_all_campaigns":false,"_monsterinsights_skip_tracking":false,"_monsterinsights_sitenote_active":false,"_monsterinsights_sitenote_note":"","_monsterinsights_sitenote_category":0,"footnotes":"","_wpscppro_dont_share_socialmedia":false,"_wpscppro_custom_social_share_image":0,"_facebook_share_type":"default","_twitter_share_type":"default","_linkedin_share_type":"default","_pinterest_share_type":"default","_linkedin_share_type_page":"","_instagram_share_type":"default","_medium_share_type":"","_threads_share_type":"","_google_business_share_type":"","_selected_social_profile":[],"_wpsp_enable_custom_social_template":false,"_wpsp_social_scheduling":{"enabled":false,"datetime":null,"platforms":[],"status":"template_only","dateOption":"today","timeOption":"now","customDays":"","customHours":"","customDate":"","customTime":"","schedulingType":"absolute"},"_wpsp_active_default_template":true},"categories":[27],"tags":[],"class_list":["post-55662","post","type-post","status-publish","format-standard","has-post-thumbnail","hentry","category-actualite"],"aioseo_notices":[],"yoast_head":"<!-- This site is optimized with the Yoast SEO plugin v27.5 - https:\/\/yoast.com\/product\/yoast-seo-wordpress\/ -->\n<title>Face \u00e0 l&rsquo;escalade des violences sionistes en Palestine occup\u00e9e : L&rsquo;urgence d&rsquo;une action internationale - La Sentinelle<\/title>\n<meta name=\"robots\" content=\"index, follow, max-snippet:-1, max-image-preview:large, max-video-preview:-1\" \/>\n<link rel=\"canonical\" href=\"https:\/\/lasentinelle.dz\/index.php\/2024\/08\/12\/face-a-lescalade-des-violences-sionistes-en-palestine-occupee-lurgence-dune-action-internationale\/\" \/>\n<meta property=\"og:locale\" content=\"fr_FR\" \/>\n<meta property=\"og:type\" content=\"article\" \/>\n<meta property=\"og:title\" content=\"Face \u00e0 l&rsquo;escalade des violences sionistes en Palestine occup\u00e9e : L&rsquo;urgence d&rsquo;une action internationale - La Sentinelle\" \/>\n<meta property=\"og:description\" content=\"Alors que l&rsquo;agression sioniste contre la bande de Ghaza entre dans son dixi\u00e8me mois, la situation humanitaire ne cesse de\" \/>\n<meta property=\"og:url\" content=\"https:\/\/lasentinelle.dz\/index.php\/2024\/08\/12\/face-a-lescalade-des-violences-sionistes-en-palestine-occupee-lurgence-dune-action-internationale\/\" \/>\n<meta property=\"og:site_name\" content=\"La Sentinelle\" \/>\n<meta property=\"article:publisher\" content=\"https:\/\/www.facebook.com\/La-Sentinelle-104059864394773\" \/>\n<meta property=\"article:published_time\" content=\"2024-08-12T13:57:08+00:00\" \/>\n<meta property=\"article:modified_time\" content=\"2024-08-13T13:58:14+00:00\" \/>\n<meta property=\"og:image\" content=\"https:\/\/lasentinelle.dz\/wp-content\/uploads\/2024\/08\/palestinens.webp\" \/>\n\t<meta property=\"og:image:width\" content=\"760\" \/>\n\t<meta property=\"og:image:height\" content=\"507\" \/>\n\t<meta property=\"og:image:type\" content=\"image\/webp\" \/>\n<meta name=\"author\" content=\"admin\" \/>\n<meta name=\"twitter:card\" content=\"summary_large_image\" \/>\n<meta name=\"twitter:label1\" content=\"\u00c9crit par\" \/>\n\t<meta name=\"twitter:data1\" content=\"admin\" \/>\n\t<meta name=\"twitter:label2\" content=\"Dur\u00e9e de lecture estim\u00e9e\" \/>\n\t<meta name=\"twitter:data2\" content=\"6 minutes\" \/>\n<script type=\"application\/ld+json\" class=\"yoast-schema-graph\">{\"@context\":\"https:\\\/\\\/schema.org\",\"@graph\":[{\"@type\":\"Article\",\"@id\":\"https:\\\/\\\/lasentinelle.dz\\\/index.php\\\/2024\\\/08\\\/12\\\/face-a-lescalade-des-violences-sionistes-en-palestine-occupee-lurgence-dune-action-internationale\\\/#article\",\"isPartOf\":{\"@id\":\"https:\\\/\\\/lasentinelle.dz\\\/index.php\\\/2024\\\/08\\\/12\\\/face-a-lescalade-des-violences-sionistes-en-palestine-occupee-lurgence-dune-action-internationale\\\/\"},\"author\":{\"name\":\"admin\",\"@id\":\"https:\\\/\\\/lasentinelle.dz\\\/#\\\/schema\\\/person\\\/729ee0024f24e0b8c5ec17232f8e8b41\"},\"headline\":\"Face \u00e0 l&rsquo;escalade des violences sionistes en Palestine occup\u00e9e : L&rsquo;urgence d&rsquo;une action internationale\",\"datePublished\":\"2024-08-12T13:57:08+00:00\",\"dateModified\":\"2024-08-13T13:58:14+00:00\",\"mainEntityOfPage\":{\"@id\":\"https:\\\/\\\/lasentinelle.dz\\\/index.php\\\/2024\\\/08\\\/12\\\/face-a-lescalade-des-violences-sionistes-en-palestine-occupee-lurgence-dune-action-internationale\\\/\"},\"wordCount\":1153,\"commentCount\":0,\"publisher\":{\"@id\":\"https:\\\/\\\/lasentinelle.dz\\\/#organization\"},\"image\":{\"@id\":\"https:\\\/\\\/lasentinelle.dz\\\/index.php\\\/2024\\\/08\\\/12\\\/face-a-lescalade-des-violences-sionistes-en-palestine-occupee-lurgence-dune-action-internationale\\\/#primaryimage\"},\"thumbnailUrl\":\"https:\\\/\\\/lasentinelle.dz\\\/wp-content\\\/uploads\\\/2024\\\/08\\\/palestinens.webp\",\"articleSection\":[\"Actualit\u00e9\"],\"inLanguage\":\"fr-FR\",\"potentialAction\":[{\"@type\":\"CommentAction\",\"name\":\"Comment\",\"target\":[\"https:\\\/\\\/lasentinelle.dz\\\/index.php\\\/2024\\\/08\\\/12\\\/face-a-lescalade-des-violences-sionistes-en-palestine-occupee-lurgence-dune-action-internationale\\\/#respond\"]}]},{\"@type\":\"WebPage\",\"@id\":\"https:\\\/\\\/lasentinelle.dz\\\/index.php\\\/2024\\\/08\\\/12\\\/face-a-lescalade-des-violences-sionistes-en-palestine-occupee-lurgence-dune-action-internationale\\\/\",\"url\":\"https:\\\/\\\/lasentinelle.dz\\\/index.php\\\/2024\\\/08\\\/12\\\/face-a-lescalade-des-violences-sionistes-en-palestine-occupee-lurgence-dune-action-internationale\\\/\",\"name\":\"Face \u00e0 l&rsquo;escalade des violences sionistes en Palestine occup\u00e9e : L&rsquo;urgence d&rsquo;une action internationale - La Sentinelle\",\"isPartOf\":{\"@id\":\"https:\\\/\\\/lasentinelle.dz\\\/#website\"},\"primaryImageOfPage\":{\"@id\":\"https:\\\/\\\/lasentinelle.dz\\\/index.php\\\/2024\\\/08\\\/12\\\/face-a-lescalade-des-violences-sionistes-en-palestine-occupee-lurgence-dune-action-internationale\\\/#primaryimage\"},\"image\":{\"@id\":\"https:\\\/\\\/lasentinelle.dz\\\/index.php\\\/2024\\\/08\\\/12\\\/face-a-lescalade-des-violences-sionistes-en-palestine-occupee-lurgence-dune-action-internationale\\\/#primaryimage\"},\"thumbnailUrl\":\"https:\\\/\\\/lasentinelle.dz\\\/wp-content\\\/uploads\\\/2024\\\/08\\\/palestinens.webp\",\"datePublished\":\"2024-08-12T13:57:08+00:00\",\"dateModified\":\"2024-08-13T13:58:14+00:00\",\"breadcrumb\":{\"@id\":\"https:\\\/\\\/lasentinelle.dz\\\/index.php\\\/2024\\\/08\\\/12\\\/face-a-lescalade-des-violences-sionistes-en-palestine-occupee-lurgence-dune-action-internationale\\\/#breadcrumb\"},\"inLanguage\":\"fr-FR\",\"potentialAction\":[{\"@type\":\"ReadAction\",\"target\":[\"https:\\\/\\\/lasentinelle.dz\\\/index.php\\\/2024\\\/08\\\/12\\\/face-a-lescalade-des-violences-sionistes-en-palestine-occupee-lurgence-dune-action-internationale\\\/\"]}]},{\"@type\":\"ImageObject\",\"inLanguage\":\"fr-FR\",\"@id\":\"https:\\\/\\\/lasentinelle.dz\\\/index.php\\\/2024\\\/08\\\/12\\\/face-a-lescalade-des-violences-sionistes-en-palestine-occupee-lurgence-dune-action-internationale\\\/#primaryimage\",\"url\":\"https:\\\/\\\/lasentinelle.dz\\\/wp-content\\\/uploads\\\/2024\\\/08\\\/palestinens.webp\",\"contentUrl\":\"https:\\\/\\\/lasentinelle.dz\\\/wp-content\\\/uploads\\\/2024\\\/08\\\/palestinens.webp\",\"width\":760,\"height\":507},{\"@type\":\"BreadcrumbList\",\"@id\":\"https:\\\/\\\/lasentinelle.dz\\\/index.php\\\/2024\\\/08\\\/12\\\/face-a-lescalade-des-violences-sionistes-en-palestine-occupee-lurgence-dune-action-internationale\\\/#breadcrumb\",\"itemListElement\":[{\"@type\":\"ListItem\",\"position\":1,\"name\":\"Accueil\",\"item\":\"https:\\\/\\\/lasentinelle.dz\\\/\"},{\"@type\":\"ListItem\",\"position\":2,\"name\":\"Face \u00e0 l&rsquo;escalade des violences sionistes en Palestine occup\u00e9e : L&rsquo;urgence d&rsquo;une action internationale\"}]},{\"@type\":\"WebSite\",\"@id\":\"https:\\\/\\\/lasentinelle.dz\\\/#website\",\"url\":\"https:\\\/\\\/lasentinelle.dz\\\/\",\"name\":\"La Sentinelle\",\"description\":\"Quotidien national d&#039;information\",\"publisher\":{\"@id\":\"https:\\\/\\\/lasentinelle.dz\\\/#organization\"},\"potentialAction\":[{\"@type\":\"SearchAction\",\"target\":{\"@type\":\"EntryPoint\",\"urlTemplate\":\"https:\\\/\\\/lasentinelle.dz\\\/?s={search_term_string}\"},\"query-input\":{\"@type\":\"PropertyValueSpecification\",\"valueRequired\":true,\"valueName\":\"search_term_string\"}}],\"inLanguage\":\"fr-FR\"},{\"@type\":\"Organization\",\"@id\":\"https:\\\/\\\/lasentinelle.dz\\\/#organization\",\"name\":\"Quotidien La Sentinelle\",\"url\":\"https:\\\/\\\/lasentinelle.dz\\\/\",\"logo\":{\"@type\":\"ImageObject\",\"inLanguage\":\"fr-FR\",\"@id\":\"https:\\\/\\\/lasentinelle.dz\\\/#\\\/schema\\\/logo\\\/image\\\/\",\"url\":\"https:\\\/\\\/lasentinelle.dz\\\/wp-content\\\/uploads\\\/2021\\\/09\\\/logo-sentinelleSLOGAN-1.png\",\"contentUrl\":\"https:\\\/\\\/lasentinelle.dz\\\/wp-content\\\/uploads\\\/2021\\\/09\\\/logo-sentinelleSLOGAN-1.png\",\"width\":615,\"height\":142,\"caption\":\"Quotidien La Sentinelle\"},\"image\":{\"@id\":\"https:\\\/\\\/lasentinelle.dz\\\/#\\\/schema\\\/logo\\\/image\\\/\"},\"sameAs\":[\"https:\\\/\\\/www.facebook.com\\\/La-Sentinelle-104059864394773\"]},{\"@type\":\"Person\",\"@id\":\"https:\\\/\\\/lasentinelle.dz\\\/#\\\/schema\\\/person\\\/729ee0024f24e0b8c5ec17232f8e8b41\",\"name\":\"admin\",\"image\":{\"@type\":\"ImageObject\",\"inLanguage\":\"fr-FR\",\"@id\":\"https:\\\/\\\/secure.gravatar.com\\\/avatar\\\/4c81fed838786e9b53f540bf46533e750f5d292099ae3b66cfc6fb1982e29df7?s=96&d=mm&r=g\",\"url\":\"https:\\\/\\\/secure.gravatar.com\\\/avatar\\\/4c81fed838786e9b53f540bf46533e750f5d292099ae3b66cfc6fb1982e29df7?s=96&d=mm&r=g\",\"contentUrl\":\"https:\\\/\\\/secure.gravatar.com\\\/avatar\\\/4c81fed838786e9b53f540bf46533e750f5d292099ae3b66cfc6fb1982e29df7?s=96&d=mm&r=g\",\"caption\":\"admin\"},\"description\":\"admin\",\"url\":\"https:\\\/\\\/lasentinelle.dz\\\/author\\\/admin\\\/\"}]}<\/script>\n<!-- \/ Yoast SEO plugin. -->","yoast_head_json":{"title":"Face \u00e0 l&rsquo;escalade des violences sionistes en Palestine occup\u00e9e : L&rsquo;urgence d&rsquo;une action internationale - La Sentinelle","robots":{"index":"index","follow":"follow","max-snippet":"max-snippet:-1","max-image-preview":"max-image-preview:large","max-video-preview":"max-video-preview:-1"},"canonical":"https:\/\/lasentinelle.dz\/index.php\/2024\/08\/12\/face-a-lescalade-des-violences-sionistes-en-palestine-occupee-lurgence-dune-action-internationale\/","og_locale":"fr_FR","og_type":"article","og_title":"Face \u00e0 l&rsquo;escalade des violences sionistes en Palestine occup\u00e9e : L&rsquo;urgence d&rsquo;une action internationale - La Sentinelle","og_description":"Alors que l&rsquo;agression sioniste contre la bande de Ghaza entre dans son dixi\u00e8me mois, la situation humanitaire ne cesse de","og_url":"https:\/\/lasentinelle.dz\/index.php\/2024\/08\/12\/face-a-lescalade-des-violences-sionistes-en-palestine-occupee-lurgence-dune-action-internationale\/","og_site_name":"La Sentinelle","article_publisher":"https:\/\/www.facebook.com\/La-Sentinelle-104059864394773","article_published_time":"2024-08-12T13:57:08+00:00","article_modified_time":"2024-08-13T13:58:14+00:00","og_image":[{"width":760,"height":507,"url":"https:\/\/lasentinelle.dz\/wp-content\/uploads\/2024\/08\/palestinens.webp","type":"image\/webp"}],"author":"admin","twitter_card":"summary_large_image","twitter_misc":{"\u00c9crit par":"admin","Dur\u00e9e de lecture estim\u00e9e":"6 minutes"},"schema":{"@context":"https:\/\/schema.org","@graph":[{"@type":"Article","@id":"https:\/\/lasentinelle.dz\/index.php\/2024\/08\/12\/face-a-lescalade-des-violences-sionistes-en-palestine-occupee-lurgence-dune-action-internationale\/#article","isPartOf":{"@id":"https:\/\/lasentinelle.dz\/index.php\/2024\/08\/12\/face-a-lescalade-des-violences-sionistes-en-palestine-occupee-lurgence-dune-action-internationale\/"},"author":{"name":"admin","@id":"https:\/\/lasentinelle.dz\/#\/schema\/person\/729ee0024f24e0b8c5ec17232f8e8b41"},"headline":"Face \u00e0 l&rsquo;escalade des violences sionistes en Palestine occup\u00e9e : L&rsquo;urgence d&rsquo;une action internationale","datePublished":"2024-08-12T13:57:08+00:00","dateModified":"2024-08-13T13:58:14+00:00","mainEntityOfPage":{"@id":"https:\/\/lasentinelle.dz\/index.php\/2024\/08\/12\/face-a-lescalade-des-violences-sionistes-en-palestine-occupee-lurgence-dune-action-internationale\/"},"wordCount":1153,"commentCount":0,"publisher":{"@id":"https:\/\/lasentinelle.dz\/#organization"},"image":{"@id":"https:\/\/lasentinelle.dz\/index.php\/2024\/08\/12\/face-a-lescalade-des-violences-sionistes-en-palestine-occupee-lurgence-dune-action-internationale\/#primaryimage"},"thumbnailUrl":"https:\/\/lasentinelle.dz\/wp-content\/uploads\/2024\/08\/palestinens.webp","articleSection":["Actualit\u00e9"],"inLanguage":"fr-FR","potentialAction":[{"@type":"CommentAction","name":"Comment","target":["https:\/\/lasentinelle.dz\/index.php\/2024\/08\/12\/face-a-lescalade-des-violences-sionistes-en-palestine-occupee-lurgence-dune-action-internationale\/#respond"]}]},{"@type":"WebPage","@id":"https:\/\/lasentinelle.dz\/index.php\/2024\/08\/12\/face-a-lescalade-des-violences-sionistes-en-palestine-occupee-lurgence-dune-action-internationale\/","url":"https:\/\/lasentinelle.dz\/index.php\/2024\/08\/12\/face-a-lescalade-des-violences-sionistes-en-palestine-occupee-lurgence-dune-action-internationale\/","name":"Face \u00e0 l&rsquo;escalade des violences sionistes en Palestine occup\u00e9e : L&rsquo;urgence d&rsquo;une action internationale - La Sentinelle","isPartOf":{"@id":"https:\/\/lasentinelle.dz\/#website"},"primaryImageOfPage":{"@id":"https:\/\/lasentinelle.dz\/index.php\/2024\/08\/12\/face-a-lescalade-des-violences-sionistes-en-palestine-occupee-lurgence-dune-action-internationale\/#primaryimage"},"image":{"@id":"https:\/\/lasentinelle.dz\/index.php\/2024\/08\/12\/face-a-lescalade-des-violences-sionistes-en-palestine-occupee-lurgence-dune-action-internationale\/#primaryimage"},"thumbnailUrl":"https:\/\/lasentinelle.dz\/wp-content\/uploads\/2024\/08\/palestinens.webp","datePublished":"2024-08-12T13:57:08+00:00","dateModified":"2024-08-13T13:58:14+00:00","breadcrumb":{"@id":"https:\/\/lasentinelle.dz\/index.php\/2024\/08\/12\/face-a-lescalade-des-violences-sionistes-en-palestine-occupee-lurgence-dune-action-internationale\/#breadcrumb"},"inLanguage":"fr-FR","potentialAction":[{"@type":"ReadAction","target":["https:\/\/lasentinelle.dz\/index.php\/2024\/08\/12\/face-a-lescalade-des-violences-sionistes-en-palestine-occupee-lurgence-dune-action-internationale\/"]}]},{"@type":"ImageObject","inLanguage":"fr-FR","@id":"https:\/\/lasentinelle.dz\/index.php\/2024\/08\/12\/face-a-lescalade-des-violences-sionistes-en-palestine-occupee-lurgence-dune-action-internationale\/#primaryimage","url":"https:\/\/lasentinelle.dz\/wp-content\/uploads\/2024\/08\/palestinens.webp","contentUrl":"https:\/\/lasentinelle.dz\/wp-content\/uploads\/2024\/08\/palestinens.webp","width":760,"height":507},{"@type":"BreadcrumbList","@id":"https:\/\/lasentinelle.dz\/index.php\/2024\/08\/12\/face-a-lescalade-des-violences-sionistes-en-palestine-occupee-lurgence-dune-action-internationale\/#breadcrumb","itemListElement":[{"@type":"ListItem","position":1,"name":"Accueil","item":"https:\/\/lasentinelle.dz\/"},{"@type":"ListItem","position":2,"name":"Face \u00e0 l&rsquo;escalade des violences sionistes en Palestine occup\u00e9e : L&rsquo;urgence d&rsquo;une action internationale"}]},{"@type":"WebSite","@id":"https:\/\/lasentinelle.dz\/#website","url":"https:\/\/lasentinelle.dz\/","name":"La Sentinelle","description":"Quotidien national d&#039;information","publisher":{"@id":"https:\/\/lasentinelle.dz\/#organization"},"potentialAction":[{"@type":"SearchAction","target":{"@type":"EntryPoint","urlTemplate":"https:\/\/lasentinelle.dz\/?s={search_term_string}"},"query-input":{"@type":"PropertyValueSpecification","valueRequired":true,"valueName":"search_term_string"}}],"inLanguage":"fr-FR"},{"@type":"Organization","@id":"https:\/\/lasentinelle.dz\/#organization","name":"Quotidien La Sentinelle","url":"https:\/\/lasentinelle.dz\/","logo":{"@type":"ImageObject","inLanguage":"fr-FR","@id":"https:\/\/lasentinelle.dz\/#\/schema\/logo\/image\/","url":"https:\/\/lasentinelle.dz\/wp-content\/uploads\/2021\/09\/logo-sentinelleSLOGAN-1.png","contentUrl":"https:\/\/lasentinelle.dz\/wp-content\/uploads\/2021\/09\/logo-sentinelleSLOGAN-1.png","width":615,"height":142,"caption":"Quotidien La Sentinelle"},"image":{"@id":"https:\/\/lasentinelle.dz\/#\/schema\/logo\/image\/"},"sameAs":["https:\/\/www.facebook.com\/La-Sentinelle-104059864394773"]},{"@type":"Person","@id":"https:\/\/lasentinelle.dz\/#\/schema\/person\/729ee0024f24e0b8c5ec17232f8e8b41","name":"admin","image":{"@type":"ImageObject","inLanguage":"fr-FR","@id":"https:\/\/secure.gravatar.com\/avatar\/4c81fed838786e9b53f540bf46533e750f5d292099ae3b66cfc6fb1982e29df7?s=96&d=mm&r=g","url":"https:\/\/secure.gravatar.com\/avatar\/4c81fed838786e9b53f540bf46533e750f5d292099ae3b66cfc6fb1982e29df7?s=96&d=mm&r=g","contentUrl":"https:\/\/secure.gravatar.com\/avatar\/4c81fed838786e9b53f540bf46533e750f5d292099ae3b66cfc6fb1982e29df7?s=96&d=mm&r=g","caption":"admin"},"description":"admin","url":"https:\/\/lasentinelle.dz\/author\/admin\/"}]}},"_links":{"self":[{"href":"https:\/\/lasentinelle.dz\/index.php\/wp-json\/wp\/v2\/posts\/55662","targetHints":{"allow":["GET"]}}],"collection":[{"href":"https:\/\/lasentinelle.dz\/index.php\/wp-json\/wp\/v2\/posts"}],"about":[{"href":"https:\/\/lasentinelle.dz\/index.php\/wp-json\/wp\/v2\/types\/post"}],"author":[{"embeddable":true,"href":"https:\/\/lasentinelle.dz\/index.php\/wp-json\/wp\/v2\/users\/6"}],"replies":[{"embeddable":true,"href":"https:\/\/lasentinelle.dz\/index.php\/wp-json\/wp\/v2\/comments?post=55662"}],"version-history":[{"count":2,"href":"https:\/\/lasentinelle.dz\/index.php\/wp-json\/wp\/v2\/posts\/55662\/revisions"}],"predecessor-version":[{"id":55665,"href":"https:\/\/lasentinelle.dz\/index.php\/wp-json\/wp\/v2\/posts\/55662\/revisions\/55665"}],"wp:featuredmedia":[{"embeddable":true,"href":"https:\/\/lasentinelle.dz\/index.php\/wp-json\/wp\/v2\/media\/55663"}],"wp:attachment":[{"href":"https:\/\/lasentinelle.dz\/index.php\/wp-json\/wp\/v2\/media?parent=55662"}],"wp:term":[{"taxonomy":"category","embeddable":true,"href":"https:\/\/lasentinelle.dz\/index.php\/wp-json\/wp\/v2\/categories?post=55662"},{"taxonomy":"post_tag","embeddable":true,"href":"https:\/\/lasentinelle.dz\/index.php\/wp-json\/wp\/v2\/tags?post=55662"}],"curies":[{"name":"wp","href":"https:\/\/api.w.org\/{rel}","templated":true}]}}