{"id":55687,"date":"2024-08-14T13:22:07","date_gmt":"2024-08-14T12:22:07","guid":{"rendered":"https:\/\/lasentinelle.dz\/?p=55687"},"modified":"2024-08-14T13:22:09","modified_gmt":"2024-08-14T12:22:09","slug":"lutte-contre-les-feux-de-foret-la-protection-civile-demontre-sa-maitrise","status":"publish","type":"post","link":"https:\/\/lasentinelle.dz\/index.php\/2024\/08\/14\/lutte-contre-les-feux-de-foret-la-protection-civile-demontre-sa-maitrise\/","title":{"rendered":"Lutte contre les feux de for\u00eat: La Protection civile d\u00e9montre sa ma\u00eetrise"},"content":{"rendered":"\n<p>Les r\u00e9cents incendies qui ont touch\u00e9 les wilayas de Tizi-Ouzou et Bejaia ont mis en lumi\u00e8re l&rsquo;efficacit\u00e9 et le professionnalisme de la Protection civile. Face \u00e0 des conditions particuli\u00e8rement difficiles, les \u00e9quipes ont fait preuve d&rsquo;une remarquable capacit\u00e9 d&rsquo;analyse et d&rsquo;adaptation, permettant de ma\u00eetriser rapidement la situation sans d\u00e9plorer de pertes humaines. \u00c0 Tizi-Ouzou, malgr\u00e9 un terrain montagneux et dens\u00e9ment bois\u00e9, les feux de Larbaa n&rsquo;Ath Irathen et de Beni Douala ont \u00e9t\u00e9 \u00e9teints en un temps record. Le commandant Nassim Bernaoui, sous-directeur de l&rsquo;information \u00e0 la direction g\u00e9n\u00e9rale de la Protection civile, souligne l&rsquo;importance de la pr\u00e9paration et de la formation continue des agents. \u00ab\u00a0La pr\u00e9paration des \u00e9l\u00e9ments se fait de mani\u00e8re permanente, ce qui fait qu&rsquo;ils sont, \u00e0 chaque instant, pr\u00eats \u00e0 intervenir\u00a0\u00bb, explique-t-il \u00e0 l&rsquo;APS. La rapidit\u00e9 d&rsquo;intervention a \u00e9t\u00e9 cruciale. D\u00e8s le signalement des incendies, l&rsquo;\u00e9valuation de l&rsquo;ampleur des feux et des besoins en moyens de lutte \u00e9tait d\u00e9j\u00e0 effectu\u00e9e. \u00ab\u00a0Nous sommes habitu\u00e9s \u00e0 r\u00e9pondre rapidement aux alertes en sortant en moins d\u2019une minute apr\u00e8s l\u2019appel, et aussi \u00e0 r\u00e9pondre aux besoins\u00a0\u00bb, a ajout\u00e9 Bernaoui, soulignant qu\u2019en plus, les \u00e9l\u00e9ments de la protection civile sur le terrain \u00ab\u00a0savent s\u2019adapter aux changements de situation durant l\u2019intervention\u00a0\u00bb. A ce propos, il a relev\u00e9 que ses coll\u00e8gues \u00e0 Tizi-Ouzou sont des \u00ab\u00a0chevronn\u00e9s\u00a0\u00bb et ont \u00ab\u00a0rapidement \u00e9valu\u00e9 la situation et demand\u00e9 le renfort qui a \u00e9t\u00e9 aussit\u00f4t mobilis\u00e9, puisque la nuit m\u00eame (vendredi) les moyens \u00e9taient install\u00e9s\u00a0\u00bb. Les renforts ont \u00e9t\u00e9 mobilis\u00e9s dans la nuit m\u00eame, avec un positionnement strat\u00e9gique des engins de lutte et de ravitaillement La num\u00e9risation du secteur, effective depuis plus de quatre ans, a jou\u00e9 un r\u00f4le majeur dans l&rsquo;am\u00e9lioration de l&rsquo;efficacit\u00e9 des interventions. \u00ab\u00a0La gestion op\u00e9rationnelle est num\u00e9ris\u00e9e et nous avons des plateformes d\u00e9di\u00e9es \u00e0 la gestion des risques quotidiens et d&rsquo;autres sp\u00e9ciales de gestion des catastrophes comme les feux de for\u00eats, ce qui rend la prise de d\u00e9cision plus rapide et plus efficace\u00a0\u00bb, pr\u00e9cise le commandant Bernaoui Le travail d&rsquo;anticipation a \u00e9galement port\u00e9 ses fruits, avec le positionnement pr\u00e9ventif de colonnes mobiles et d&rsquo;avions bombardiers d&rsquo;eau dans des zones strat\u00e9giques, permettant une intervention rapide dans les r\u00e9gions les plus vuln\u00e9rables. \u00c0 Bejaia, la situation a \u00e9galement \u00e9t\u00e9 ma\u00eetris\u00e9e avec succ\u00e8s. Dalila Benani, directrice de la Conservation des for\u00eats, a confirm\u00e9 que la majorit\u00e9 des feux ont \u00e9t\u00e9 \u00e9teints, et que les derniers foyers sont en voie d&rsquo;extinction. L&rsquo;intervention combin\u00e9e de la Protection civile, des forestiers, de la gendarmerie nationale, des \u00e9lus locaux et des citoyens a permis d&rsquo;\u00e9viter tout drame humain.<\/p>\n\n\n\n<p><strong>Chokri Hafed<\/strong><\/p>\n","protected":false},"excerpt":{"rendered":"<p>Les r\u00e9cents incendies qui ont touch\u00e9 les wilayas de Tizi-Ouzou et Bejaia ont mis en lumi\u00e8re l&rsquo;efficacit\u00e9 et le professionnalisme<\/p>\n","protected":false},"author":6,"featured_media":23666,"comment_status":"open","ping_status":"closed","sticky":false,"template":"","format":"standard","meta":{"colormag_page_container_layout":"default_layout","colormag_page_sidebar_layout":"default_layout","om_disable_all_campaigns":false,"_monsterinsights_skip_tracking":false,"_monsterinsights_sitenote_active":false,"_monsterinsights_sitenote_note":"","_monsterinsights_sitenote_category":0,"footnotes":"","_wpscppro_dont_share_socialmedia":false,"_wpscppro_custom_social_share_image":0,"_facebook_share_type":"default","_twitter_share_type":"default","_linkedin_share_type":"default","_pinterest_share_type":"default","_linkedin_share_type_page":"","_instagram_share_type":"default","_medium_share_type":"","_threads_share_type":"","_google_business_share_type":"","_selected_social_profile":[],"_wpsp_enable_custom_social_template":false,"_wpsp_social_scheduling":{"enabled":false,"datetime":null,"platforms":[],"status":"template_only","dateOption":"today","timeOption":"now","customDays":"","customHours":"","customDate":"","customTime":"","schedulingType":"absolute"},"_wpsp_active_default_template":true},"categories":[52,27],"tags":[],"class_list":["post-55687","post","type-post","status-publish","format-standard","has-post-thumbnail","hentry","category-a-la-une","category-actualite"],"aioseo_notices":[],"yoast_head":"<!-- This site is optimized with the Yoast SEO plugin v27.5 - https:\/\/yoast.com\/product\/yoast-seo-wordpress\/ -->\n<title>Lutte contre les feux de for\u00eat: La Protection civile d\u00e9montre sa ma\u00eetrise - La Sentinelle<\/title>\n<meta name=\"robots\" content=\"index, follow, max-snippet:-1, max-image-preview:large, max-video-preview:-1\" \/>\n<link rel=\"canonical\" href=\"https:\/\/lasentinelle.dz\/index.php\/2024\/08\/14\/lutte-contre-les-feux-de-foret-la-protection-civile-demontre-sa-maitrise\/\" \/>\n<meta property=\"og:locale\" content=\"fr_FR\" \/>\n<meta property=\"og:type\" content=\"article\" \/>\n<meta property=\"og:title\" content=\"Lutte contre les feux de for\u00eat: La Protection civile d\u00e9montre sa ma\u00eetrise - La Sentinelle\" \/>\n<meta property=\"og:description\" content=\"Les r\u00e9cents incendies qui ont touch\u00e9 les wilayas de Tizi-Ouzou et Bejaia ont mis en lumi\u00e8re l&rsquo;efficacit\u00e9 et le professionnalisme\" \/>\n<meta property=\"og:url\" content=\"https:\/\/lasentinelle.dz\/index.php\/2024\/08\/14\/lutte-contre-les-feux-de-foret-la-protection-civile-demontre-sa-maitrise\/\" \/>\n<meta property=\"og:site_name\" content=\"La Sentinelle\" \/>\n<meta property=\"article:publisher\" content=\"https:\/\/www.facebook.com\/La-Sentinelle-104059864394773\" \/>\n<meta property=\"article:published_time\" content=\"2024-08-14T12:22:07+00:00\" \/>\n<meta property=\"article:modified_time\" content=\"2024-08-14T12:22:09+00:00\" \/>\n<meta property=\"og:image\" content=\"https:\/\/lasentinelle.dz\/wp-content\/uploads\/2022\/07\/feux-1024x630.png\" \/>\n\t<meta property=\"og:image:width\" content=\"1024\" \/>\n\t<meta property=\"og:image:height\" content=\"630\" \/>\n\t<meta property=\"og:image:type\" content=\"image\/png\" \/>\n<meta name=\"author\" content=\"admin\" \/>\n<meta name=\"twitter:card\" content=\"summary_large_image\" \/>\n<meta name=\"twitter:label1\" content=\"\u00c9crit par\" \/>\n\t<meta name=\"twitter:data1\" content=\"admin\" \/>\n\t<meta name=\"twitter:label2\" content=\"Dur\u00e9e de lecture estim\u00e9e\" \/>\n\t<meta name=\"twitter:data2\" content=\"3 minutes\" \/>\n<script type=\"application\/ld+json\" class=\"yoast-schema-graph\">{\"@context\":\"https:\\\/\\\/schema.org\",\"@graph\":[{\"@type\":\"Article\",\"@id\":\"https:\\\/\\\/lasentinelle.dz\\\/index.php\\\/2024\\\/08\\\/14\\\/lutte-contre-les-feux-de-foret-la-protection-civile-demontre-sa-maitrise\\\/#article\",\"isPartOf\":{\"@id\":\"https:\\\/\\\/lasentinelle.dz\\\/index.php\\\/2024\\\/08\\\/14\\\/lutte-contre-les-feux-de-foret-la-protection-civile-demontre-sa-maitrise\\\/\"},\"author\":{\"name\":\"admin\",\"@id\":\"https:\\\/\\\/lasentinelle.dz\\\/#\\\/schema\\\/person\\\/729ee0024f24e0b8c5ec17232f8e8b41\"},\"headline\":\"Lutte contre les feux de for\u00eat: La Protection civile d\u00e9montre sa ma\u00eetrise\",\"datePublished\":\"2024-08-14T12:22:07+00:00\",\"dateModified\":\"2024-08-14T12:22:09+00:00\",\"mainEntityOfPage\":{\"@id\":\"https:\\\/\\\/lasentinelle.dz\\\/index.php\\\/2024\\\/08\\\/14\\\/lutte-contre-les-feux-de-foret-la-protection-civile-demontre-sa-maitrise\\\/\"},\"wordCount\":499,\"commentCount\":0,\"publisher\":{\"@id\":\"https:\\\/\\\/lasentinelle.dz\\\/#organization\"},\"image\":{\"@id\":\"https:\\\/\\\/lasentinelle.dz\\\/index.php\\\/2024\\\/08\\\/14\\\/lutte-contre-les-feux-de-foret-la-protection-civile-demontre-sa-maitrise\\\/#primaryimage\"},\"thumbnailUrl\":\"https:\\\/\\\/lasentinelle.dz\\\/wp-content\\\/uploads\\\/2022\\\/07\\\/feux.png\",\"articleSection\":[\"\u00c0 la Une\",\"Actualit\u00e9\"],\"inLanguage\":\"fr-FR\",\"potentialAction\":[{\"@type\":\"CommentAction\",\"name\":\"Comment\",\"target\":[\"https:\\\/\\\/lasentinelle.dz\\\/index.php\\\/2024\\\/08\\\/14\\\/lutte-contre-les-feux-de-foret-la-protection-civile-demontre-sa-maitrise\\\/#respond\"]}]},{\"@type\":\"WebPage\",\"@id\":\"https:\\\/\\\/lasentinelle.dz\\\/index.php\\\/2024\\\/08\\\/14\\\/lutte-contre-les-feux-de-foret-la-protection-civile-demontre-sa-maitrise\\\/\",\"url\":\"https:\\\/\\\/lasentinelle.dz\\\/index.php\\\/2024\\\/08\\\/14\\\/lutte-contre-les-feux-de-foret-la-protection-civile-demontre-sa-maitrise\\\/\",\"name\":\"Lutte contre les feux de for\u00eat: La Protection civile d\u00e9montre sa ma\u00eetrise - La Sentinelle\",\"isPartOf\":{\"@id\":\"https:\\\/\\\/lasentinelle.dz\\\/#website\"},\"primaryImageOfPage\":{\"@id\":\"https:\\\/\\\/lasentinelle.dz\\\/index.php\\\/2024\\\/08\\\/14\\\/lutte-contre-les-feux-de-foret-la-protection-civile-demontre-sa-maitrise\\\/#primaryimage\"},\"image\":{\"@id\":\"https:\\\/\\\/lasentinelle.dz\\\/index.php\\\/2024\\\/08\\\/14\\\/lutte-contre-les-feux-de-foret-la-protection-civile-demontre-sa-maitrise\\\/#primaryimage\"},\"thumbnailUrl\":\"https:\\\/\\\/lasentinelle.dz\\\/wp-content\\\/uploads\\\/2022\\\/07\\\/feux.png\",\"datePublished\":\"2024-08-14T12:22:07+00:00\",\"dateModified\":\"2024-08-14T12:22:09+00:00\",\"breadcrumb\":{\"@id\":\"https:\\\/\\\/lasentinelle.dz\\\/index.php\\\/2024\\\/08\\\/14\\\/lutte-contre-les-feux-de-foret-la-protection-civile-demontre-sa-maitrise\\\/#breadcrumb\"},\"inLanguage\":\"fr-FR\",\"potentialAction\":[{\"@type\":\"ReadAction\",\"target\":[\"https:\\\/\\\/lasentinelle.dz\\\/index.php\\\/2024\\\/08\\\/14\\\/lutte-contre-les-feux-de-foret-la-protection-civile-demontre-sa-maitrise\\\/\"]}]},{\"@type\":\"ImageObject\",\"inLanguage\":\"fr-FR\",\"@id\":\"https:\\\/\\\/lasentinelle.dz\\\/index.php\\\/2024\\\/08\\\/14\\\/lutte-contre-les-feux-de-foret-la-protection-civile-demontre-sa-maitrise\\\/#primaryimage\",\"url\":\"https:\\\/\\\/lasentinelle.dz\\\/wp-content\\\/uploads\\\/2022\\\/07\\\/feux.png\",\"contentUrl\":\"https:\\\/\\\/lasentinelle.dz\\\/wp-content\\\/uploads\\\/2022\\\/07\\\/feux.png\",\"width\":1464,\"height\":900},{\"@type\":\"BreadcrumbList\",\"@id\":\"https:\\\/\\\/lasentinelle.dz\\\/index.php\\\/2024\\\/08\\\/14\\\/lutte-contre-les-feux-de-foret-la-protection-civile-demontre-sa-maitrise\\\/#breadcrumb\",\"itemListElement\":[{\"@type\":\"ListItem\",\"position\":1,\"name\":\"Accueil\",\"item\":\"https:\\\/\\\/lasentinelle.dz\\\/\"},{\"@type\":\"ListItem\",\"position\":2,\"name\":\"Lutte contre les feux de for\u00eat: La Protection civile d\u00e9montre sa ma\u00eetrise\"}]},{\"@type\":\"WebSite\",\"@id\":\"https:\\\/\\\/lasentinelle.dz\\\/#website\",\"url\":\"https:\\\/\\\/lasentinelle.dz\\\/\",\"name\":\"La Sentinelle\",\"description\":\"Quotidien national d&#039;information\",\"publisher\":{\"@id\":\"https:\\\/\\\/lasentinelle.dz\\\/#organization\"},\"potentialAction\":[{\"@type\":\"SearchAction\",\"target\":{\"@type\":\"EntryPoint\",\"urlTemplate\":\"https:\\\/\\\/lasentinelle.dz\\\/?s={search_term_string}\"},\"query-input\":{\"@type\":\"PropertyValueSpecification\",\"valueRequired\":true,\"valueName\":\"search_term_string\"}}],\"inLanguage\":\"fr-FR\"},{\"@type\":\"Organization\",\"@id\":\"https:\\\/\\\/lasentinelle.dz\\\/#organization\",\"name\":\"Quotidien La Sentinelle\",\"url\":\"https:\\\/\\\/lasentinelle.dz\\\/\",\"logo\":{\"@type\":\"ImageObject\",\"inLanguage\":\"fr-FR\",\"@id\":\"https:\\\/\\\/lasentinelle.dz\\\/#\\\/schema\\\/logo\\\/image\\\/\",\"url\":\"https:\\\/\\\/lasentinelle.dz\\\/wp-content\\\/uploads\\\/2021\\\/09\\\/logo-sentinelleSLOGAN-1.png\",\"contentUrl\":\"https:\\\/\\\/lasentinelle.dz\\\/wp-content\\\/uploads\\\/2021\\\/09\\\/logo-sentinelleSLOGAN-1.png\",\"width\":615,\"height\":142,\"caption\":\"Quotidien La Sentinelle\"},\"image\":{\"@id\":\"https:\\\/\\\/lasentinelle.dz\\\/#\\\/schema\\\/logo\\\/image\\\/\"},\"sameAs\":[\"https:\\\/\\\/www.facebook.com\\\/La-Sentinelle-104059864394773\"]},{\"@type\":\"Person\",\"@id\":\"https:\\\/\\\/lasentinelle.dz\\\/#\\\/schema\\\/person\\\/729ee0024f24e0b8c5ec17232f8e8b41\",\"name\":\"admin\",\"image\":{\"@type\":\"ImageObject\",\"inLanguage\":\"fr-FR\",\"@id\":\"https:\\\/\\\/secure.gravatar.com\\\/avatar\\\/4c81fed838786e9b53f540bf46533e750f5d292099ae3b66cfc6fb1982e29df7?s=96&d=mm&r=g\",\"url\":\"https:\\\/\\\/secure.gravatar.com\\\/avatar\\\/4c81fed838786e9b53f540bf46533e750f5d292099ae3b66cfc6fb1982e29df7?s=96&d=mm&r=g\",\"contentUrl\":\"https:\\\/\\\/secure.gravatar.com\\\/avatar\\\/4c81fed838786e9b53f540bf46533e750f5d292099ae3b66cfc6fb1982e29df7?s=96&d=mm&r=g\",\"caption\":\"admin\"},\"description\":\"admin\",\"url\":\"https:\\\/\\\/lasentinelle.dz\\\/author\\\/admin\\\/\"}]}<\/script>\n<!-- \/ Yoast SEO plugin. -->","yoast_head_json":{"title":"Lutte contre les feux de for\u00eat: La Protection civile d\u00e9montre sa ma\u00eetrise - La Sentinelle","robots":{"index":"index","follow":"follow","max-snippet":"max-snippet:-1","max-image-preview":"max-image-preview:large","max-video-preview":"max-video-preview:-1"},"canonical":"https:\/\/lasentinelle.dz\/index.php\/2024\/08\/14\/lutte-contre-les-feux-de-foret-la-protection-civile-demontre-sa-maitrise\/","og_locale":"fr_FR","og_type":"article","og_title":"Lutte contre les feux de for\u00eat: La Protection civile d\u00e9montre sa ma\u00eetrise - La Sentinelle","og_description":"Les r\u00e9cents incendies qui ont touch\u00e9 les wilayas de Tizi-Ouzou et Bejaia ont mis en lumi\u00e8re l&rsquo;efficacit\u00e9 et le professionnalisme","og_url":"https:\/\/lasentinelle.dz\/index.php\/2024\/08\/14\/lutte-contre-les-feux-de-foret-la-protection-civile-demontre-sa-maitrise\/","og_site_name":"La Sentinelle","article_publisher":"https:\/\/www.facebook.com\/La-Sentinelle-104059864394773","article_published_time":"2024-08-14T12:22:07+00:00","article_modified_time":"2024-08-14T12:22:09+00:00","og_image":[{"width":1024,"height":630,"url":"https:\/\/lasentinelle.dz\/wp-content\/uploads\/2022\/07\/feux-1024x630.png","type":"image\/png"}],"author":"admin","twitter_card":"summary_large_image","twitter_misc":{"\u00c9crit par":"admin","Dur\u00e9e de lecture estim\u00e9e":"3 minutes"},"schema":{"@context":"https:\/\/schema.org","@graph":[{"@type":"Article","@id":"https:\/\/lasentinelle.dz\/index.php\/2024\/08\/14\/lutte-contre-les-feux-de-foret-la-protection-civile-demontre-sa-maitrise\/#article","isPartOf":{"@id":"https:\/\/lasentinelle.dz\/index.php\/2024\/08\/14\/lutte-contre-les-feux-de-foret-la-protection-civile-demontre-sa-maitrise\/"},"author":{"name":"admin","@id":"https:\/\/lasentinelle.dz\/#\/schema\/person\/729ee0024f24e0b8c5ec17232f8e8b41"},"headline":"Lutte contre les feux de for\u00eat: La Protection civile d\u00e9montre sa ma\u00eetrise","datePublished":"2024-08-14T12:22:07+00:00","dateModified":"2024-08-14T12:22:09+00:00","mainEntityOfPage":{"@id":"https:\/\/lasentinelle.dz\/index.php\/2024\/08\/14\/lutte-contre-les-feux-de-foret-la-protection-civile-demontre-sa-maitrise\/"},"wordCount":499,"commentCount":0,"publisher":{"@id":"https:\/\/lasentinelle.dz\/#organization"},"image":{"@id":"https:\/\/lasentinelle.dz\/index.php\/2024\/08\/14\/lutte-contre-les-feux-de-foret-la-protection-civile-demontre-sa-maitrise\/#primaryimage"},"thumbnailUrl":"https:\/\/lasentinelle.dz\/wp-content\/uploads\/2022\/07\/feux.png","articleSection":["\u00c0 la Une","Actualit\u00e9"],"inLanguage":"fr-FR","potentialAction":[{"@type":"CommentAction","name":"Comment","target":["https:\/\/lasentinelle.dz\/index.php\/2024\/08\/14\/lutte-contre-les-feux-de-foret-la-protection-civile-demontre-sa-maitrise\/#respond"]}]},{"@type":"WebPage","@id":"https:\/\/lasentinelle.dz\/index.php\/2024\/08\/14\/lutte-contre-les-feux-de-foret-la-protection-civile-demontre-sa-maitrise\/","url":"https:\/\/lasentinelle.dz\/index.php\/2024\/08\/14\/lutte-contre-les-feux-de-foret-la-protection-civile-demontre-sa-maitrise\/","name":"Lutte contre les feux de for\u00eat: La Protection civile d\u00e9montre sa ma\u00eetrise - La Sentinelle","isPartOf":{"@id":"https:\/\/lasentinelle.dz\/#website"},"primaryImageOfPage":{"@id":"https:\/\/lasentinelle.dz\/index.php\/2024\/08\/14\/lutte-contre-les-feux-de-foret-la-protection-civile-demontre-sa-maitrise\/#primaryimage"},"image":{"@id":"https:\/\/lasentinelle.dz\/index.php\/2024\/08\/14\/lutte-contre-les-feux-de-foret-la-protection-civile-demontre-sa-maitrise\/#primaryimage"},"thumbnailUrl":"https:\/\/lasentinelle.dz\/wp-content\/uploads\/2022\/07\/feux.png","datePublished":"2024-08-14T12:22:07+00:00","dateModified":"2024-08-14T12:22:09+00:00","breadcrumb":{"@id":"https:\/\/lasentinelle.dz\/index.php\/2024\/08\/14\/lutte-contre-les-feux-de-foret-la-protection-civile-demontre-sa-maitrise\/#breadcrumb"},"inLanguage":"fr-FR","potentialAction":[{"@type":"ReadAction","target":["https:\/\/lasentinelle.dz\/index.php\/2024\/08\/14\/lutte-contre-les-feux-de-foret-la-protection-civile-demontre-sa-maitrise\/"]}]},{"@type":"ImageObject","inLanguage":"fr-FR","@id":"https:\/\/lasentinelle.dz\/index.php\/2024\/08\/14\/lutte-contre-les-feux-de-foret-la-protection-civile-demontre-sa-maitrise\/#primaryimage","url":"https:\/\/lasentinelle.dz\/wp-content\/uploads\/2022\/07\/feux.png","contentUrl":"https:\/\/lasentinelle.dz\/wp-content\/uploads\/2022\/07\/feux.png","width":1464,"height":900},{"@type":"BreadcrumbList","@id":"https:\/\/lasentinelle.dz\/index.php\/2024\/08\/14\/lutte-contre-les-feux-de-foret-la-protection-civile-demontre-sa-maitrise\/#breadcrumb","itemListElement":[{"@type":"ListItem","position":1,"name":"Accueil","item":"https:\/\/lasentinelle.dz\/"},{"@type":"ListItem","position":2,"name":"Lutte contre les feux de for\u00eat: La Protection civile d\u00e9montre sa ma\u00eetrise"}]},{"@type":"WebSite","@id":"https:\/\/lasentinelle.dz\/#website","url":"https:\/\/lasentinelle.dz\/","name":"La Sentinelle","description":"Quotidien national d&#039;information","publisher":{"@id":"https:\/\/lasentinelle.dz\/#organization"},"potentialAction":[{"@type":"SearchAction","target":{"@type":"EntryPoint","urlTemplate":"https:\/\/lasentinelle.dz\/?s={search_term_string}"},"query-input":{"@type":"PropertyValueSpecification","valueRequired":true,"valueName":"search_term_string"}}],"inLanguage":"fr-FR"},{"@type":"Organization","@id":"https:\/\/lasentinelle.dz\/#organization","name":"Quotidien La Sentinelle","url":"https:\/\/lasentinelle.dz\/","logo":{"@type":"ImageObject","inLanguage":"fr-FR","@id":"https:\/\/lasentinelle.dz\/#\/schema\/logo\/image\/","url":"https:\/\/lasentinelle.dz\/wp-content\/uploads\/2021\/09\/logo-sentinelleSLOGAN-1.png","contentUrl":"https:\/\/lasentinelle.dz\/wp-content\/uploads\/2021\/09\/logo-sentinelleSLOGAN-1.png","width":615,"height":142,"caption":"Quotidien La Sentinelle"},"image":{"@id":"https:\/\/lasentinelle.dz\/#\/schema\/logo\/image\/"},"sameAs":["https:\/\/www.facebook.com\/La-Sentinelle-104059864394773"]},{"@type":"Person","@id":"https:\/\/lasentinelle.dz\/#\/schema\/person\/729ee0024f24e0b8c5ec17232f8e8b41","name":"admin","image":{"@type":"ImageObject","inLanguage":"fr-FR","@id":"https:\/\/secure.gravatar.com\/avatar\/4c81fed838786e9b53f540bf46533e750f5d292099ae3b66cfc6fb1982e29df7?s=96&d=mm&r=g","url":"https:\/\/secure.gravatar.com\/avatar\/4c81fed838786e9b53f540bf46533e750f5d292099ae3b66cfc6fb1982e29df7?s=96&d=mm&r=g","contentUrl":"https:\/\/secure.gravatar.com\/avatar\/4c81fed838786e9b53f540bf46533e750f5d292099ae3b66cfc6fb1982e29df7?s=96&d=mm&r=g","caption":"admin"},"description":"admin","url":"https:\/\/lasentinelle.dz\/author\/admin\/"}]}},"_links":{"self":[{"href":"https:\/\/lasentinelle.dz\/index.php\/wp-json\/wp\/v2\/posts\/55687","targetHints":{"allow":["GET"]}}],"collection":[{"href":"https:\/\/lasentinelle.dz\/index.php\/wp-json\/wp\/v2\/posts"}],"about":[{"href":"https:\/\/lasentinelle.dz\/index.php\/wp-json\/wp\/v2\/types\/post"}],"author":[{"embeddable":true,"href":"https:\/\/lasentinelle.dz\/index.php\/wp-json\/wp\/v2\/users\/6"}],"replies":[{"embeddable":true,"href":"https:\/\/lasentinelle.dz\/index.php\/wp-json\/wp\/v2\/comments?post=55687"}],"version-history":[{"count":1,"href":"https:\/\/lasentinelle.dz\/index.php\/wp-json\/wp\/v2\/posts\/55687\/revisions"}],"predecessor-version":[{"id":55688,"href":"https:\/\/lasentinelle.dz\/index.php\/wp-json\/wp\/v2\/posts\/55687\/revisions\/55688"}],"wp:featuredmedia":[{"embeddable":true,"href":"https:\/\/lasentinelle.dz\/index.php\/wp-json\/wp\/v2\/media\/23666"}],"wp:attachment":[{"href":"https:\/\/lasentinelle.dz\/index.php\/wp-json\/wp\/v2\/media?parent=55687"}],"wp:term":[{"taxonomy":"category","embeddable":true,"href":"https:\/\/lasentinelle.dz\/index.php\/wp-json\/wp\/v2\/categories?post=55687"},{"taxonomy":"post_tag","embeddable":true,"href":"https:\/\/lasentinelle.dz\/index.php\/wp-json\/wp\/v2\/tags?post=55687"}],"curies":[{"name":"wp","href":"https:\/\/api.w.org\/{rel}","templated":true}]}}