{"id":5570,"date":"2021-08-28T00:02:00","date_gmt":"2021-08-27T23:02:00","guid":{"rendered":"https:\/\/lasentinelle.dz\/?p=5570"},"modified":"2021-08-27T19:17:43","modified_gmt":"2021-08-27T18:17:43","slug":"assassinat-de-djamel-bensmail-mandat-darret-international-contre-ferhat-mhenni","status":"publish","type":"post","link":"https:\/\/lasentinelle.dz\/index.php\/2021\/08\/28\/assassinat-de-djamel-bensmail-mandat-darret-international-contre-ferhat-mhenni\/","title":{"rendered":"Assassinat de Djamel Bensmail : Mandat d\u2019arr\u00eat international contre Ferhat M\u2019Henni"},"content":{"rendered":"\n<p>Depuis jeudi, le responsable du MAK est sous le coup d\u2019un mandat d\u2019arr\u00eat international, \u00e9mis&nbsp; par la Justice. &nbsp;Ferhat M\u2019Henni ainsi que d\u2019autres personnes sont poursuivis dans le cadre de l\u2019affaire li\u00e9e \u00e0 l\u2019assassinat du jeune Djamel Bensmail.<\/p>\n\n\n\n<p>En effet, lors d\u2019une conf\u00e9rence de presse qu\u2019il a anim\u00e9e jeudi pass\u00e9, le procureur de la R\u00e9publique pr\u00e8s la Cour d\u2019Alger, a annonc\u00e9 l\u2019\u00e9mission d\u2019un mandat d\u2019arr\u00eat international \u00e0 l\u2019encontre de Ferhat M\u2019henni et d\u2019autres membres du MAK accus\u00e9s d\u2019avoir commandit\u00e9 l\u2019assassinat du jeune artiste de Miliana.Lors de son intervention au si\u00e8ge de la Cour d\u2019Alger, le procureur de la R\u00e9publique, Sid Ahmed Merad, avait \u00e9galement donn\u00e9 des d\u00e9tails concernant ce crime perp\u00e9tr\u00e9 le 11ao\u00fbt, indiquant que \u00ab vingt neuf individus concern\u00e9s par ce mandat d\u2019arr\u00eat, \u00e9taient encore en fuite \u00bb, souhaitant que les pays qui les accueillent coop\u00e8rent pour les extrader dans les plus brefs d\u00e9lais.Selon ce magistrat \u00ab les investigations sur l\u2019assassinat de Djamel Bensmail, \u00e0 Larb\u00e2a Nait Irathen avaient confirm\u00e9 l\u2019implication d\u2019\u00e9l\u00e9ments \u00e9tablis \u00e0 l\u2019\u00e9tranger et une planification pr\u00e9m\u00e9dit\u00e9e par le mouvement terroriste (MAK) pour cr\u00e9er un climat de terreur et d\u2019instabilit\u00e9 \u00bb.<\/p>\n\n\n\n<p>Le procureur de la R\u00e9publique pr\u00e8s la Cour d\u2019Alger a affirm\u00e9 que \u00ab les investigations ont abouti \u00e0 plusieurs donn\u00e9es importantes confirmant l\u2019existence d\u2019une planification pr\u00e9m\u00e9dit\u00e9e et l\u2019implication d\u2019\u00e9l\u00e9ments \u00e9tablis \u00e0 l\u2019\u00e9tranger dans ce crime, outre la propagande autour de celui-ci pour cr\u00e9er un climat de terreur et d\u2019instabilit\u00e9 et provoquer les citoyens \u00bb.<\/p>\n\n\n\n<p>Il avait aussi ajout\u00e9 au sujet de ces investigations que ces derni\u00e8res avaient \u00e9tabli \u00ab l\u2019existence de plusieurs contacts et versements d\u2019argent \u00bb, qualifiant de \u00ab graves les faits \u00e9tablis et confirm\u00e9s \u00bb, que la justice Alg\u00e9rienne retient contre les 29 individus en fuite, dont Ferhat M\u2019Henni.<\/p>\n\n\n\n<p>Sur les 88 individus arr\u00eat\u00e9s dans le cadre de l\u2019enqu\u00eate sur l\u2019assassinat du jeune Djamel Bensmail, 83 d\u2019entre eux ont \u00e9t\u00e9 plac\u00e9s en d\u00e9tention provisoire en attendant leur comparution devant le juge. Le procureur de la R\u00e9publique pr\u00e8s la Cour d\u2019Alger, d\u00e9voilera quelques d\u00e9tails concernant l\u2019\u00e2ge et l\u2019appartenance politique de ces individus, parmi lesquels figurent un jeune mineur, trois femmes et 24 personnes appartenant \u00ab au mouvement terroriste MAK \u00bb, pr\u00e9cisant que quatre d\u2019entre-eux avaient \u00e9t\u00e9 plac\u00e9s sous contr\u00f4le judiciaire.<\/p>\n\n\n\n<p>Le magistrat indique aussi que \u00ab les investigations se poursuivent \u00bb et sont men\u00e9es par la section de lutte contre le terrorisme et le crime organis\u00e9 pr\u00e8s le tribunal de Sidi M\u2019Hamed, \u00e0 travers l\u2019exploitation de tous les appareils \u00ab crypt\u00e9s et m\u00e9canismes de coop\u00e9ration judiciaire internationale apr\u00e8s que l\u2019implication d\u2019\u00e9l\u00e9ments \u00e9tablis \u00e0 l\u2019\u00e9tranger a \u00e9t\u00e9 \u00e9tabli \u00bb.Il a \u00e9galement rappel\u00e9 au cours de son intervention face aux m\u00e9dias, que les feux de for\u00eats qui ont ravag\u00e9 plusieurs r\u00e9gions du pays, \u00ab font l\u2019objet d\u2019enqu\u00eates judiciaires approfondies \u00bb, lesquels incendies \u00e9taient&nbsp; tout aussi \u00ab pr\u00e9m\u00e9dit\u00e9s \u00bb.<\/p>\n\n\n\n<p>Le procureur de la R\u00e9publique pr\u00e8s la Cour d\u2019Algera, par la suite, \u00e9voqu\u00e9 les circonstances dans lesquelles a \u00e9t\u00e9 tu\u00e9 le jeune artiste&nbsp; de Miliana&nbsp; rappelant qu\u2019 \u00ab il&nbsp; \u00e9tait un citoyen parmi tant d\u2019autres venus de plusieurs wilayas pour aider \u00e0 \u00e9teindre les flammes \u00e0 Tizi-Ouzou o\u00f9 il a \u00e9t\u00e9 agress\u00e9 apr\u00e8s avoir \u00e9t\u00e9 accus\u00e9 \u00e0 tort de pyromanie \u00bb. Il pr\u00e9cise que \u00ab les services de s\u00e9curit\u00e9 sont intervenus \u00e0 temps, mais ne pouvaient le prot\u00e9ger des criminels en furie qui l\u2019ont arrach\u00e9 des mains des policiers en usant de violence et de force, puis l\u2019ont lynch\u00e9 et tu\u00e9 de la mani\u00e8re la plus barbare qui soit et sont all\u00e9s jusqu\u2019\u00e0 filmer leur forfait \u00bb.Il expliquera dans le m\u00eame sillage que \u00ab les policiers ont utilis\u00e9 la force et tous les moyens dont ils disposaient pour prot\u00e9ger la victime et certains policiers ont m\u00eame \u00e9t\u00e9 bless\u00e9 \u00bb.<\/p>\n\n\n\n<p>A une question pos\u00e9e quant au traitement r\u00e9serv\u00e9 aux suspects plac\u00e9s en d\u00e9tention provisoire, Sid Ahmed Merad tenait \u00e0 assurer que \u00ab les personnes impliqu\u00e9es dans ce crime et qui sont plac\u00e9es sous mandat de d\u00e9p\u00f4t seront trait\u00e9es comme les autres d\u00e9tenus \u00bb, indiquant que beaucoup d\u2019entre-elles \u00ab ont \u00e9t\u00e9 pr\u00e9sent\u00e9es devant le procureur de la R\u00e9publique, en pr\u00e9sence de leurs avocats \u00bb, pr\u00e9cisant \u00e0 ce sujet que \u00ab le syst\u00e8me judiciaire en Alg\u00e9rie respecte les droits de l\u2019Homme \u00bb. Et d\u2019ajouter que \u00ab l\u2019organisation p\u00e9nitenci\u00e8re en Alg\u00e9rie est devenue un mod\u00e8le pour plusieurs pays \u00bb.<\/p>\n\n\n\n<p>Pour rappel, les autorit\u00e9s du pays ont en mai dernier, classifi\u00e9 le MAK et le mouvement Rachad comme deux&nbsp; organisations terroristes. Lors d\u2019une conf\u00e9rence de presse tenue mardi et au cours de laquelle il avait annonc\u00e9 la rupture des relations diplomatiques avec le Maroc, le ministre des Affaires \u00e9trang\u00e8res et de la Communaut\u00e9 nationale \u00e0 l\u2019\u00e9tranger,RamtaneLamamraavaitaffirm\u00e9 que l\u2019Alg\u00e9rie envisage de lancer des proc\u00e9dures judiciaires contre les \u00e9l\u00e9ments du MAK et ceux de Rachad au m\u00eame titre que contre tous ceux appelant \u00e0 partir de l\u2019\u00e9tranger \u00e0 des actes pouvant toucher \u00e0 l\u2019unit\u00e9 nationale et l\u2019int\u00e9grit\u00e9 territoriale du pays, afin de les extrader.<\/p>\n\n\n\n<p><strong>Boubekeur Amrani<\/strong><\/p>\n","protected":false},"excerpt":{"rendered":"<p>Depuis jeudi, le responsable du MAK est sous le coup d\u2019un mandat d\u2019arr\u00eat international, \u00e9mis&nbsp; par la Justice. &nbsp;Ferhat M\u2019Henni<\/p>\n","protected":false},"author":3,"featured_media":5574,"comment_status":"open","ping_status":"closed","sticky":false,"template":"","format":"standard","meta":{"colormag_page_container_layout":"default_layout","colormag_page_sidebar_layout":"default_layout","om_disable_all_campaigns":false,"_monsterinsights_skip_tracking":false,"_monsterinsights_sitenote_active":false,"_monsterinsights_sitenote_note":"","_monsterinsights_sitenote_category":0,"footnotes":"","_wpscppro_dont_share_socialmedia":false,"_wpscppro_custom_social_share_image":0,"_facebook_share_type":"","_twitter_share_type":"","_linkedin_share_type":"","_pinterest_share_type":"","_linkedin_share_type_page":"","_instagram_share_type":"","_medium_share_type":"","_threads_share_type":"","_google_business_share_type":"","_selected_social_profile":[],"_wpsp_enable_custom_social_template":false,"_wpsp_social_scheduling":{"enabled":false,"datetime":null,"platforms":[],"status":"template_only","dateOption":"today","timeOption":"now","customDays":"","customHours":"","customDate":"","customTime":"","schedulingType":"absolute"},"_wpsp_active_default_template":true},"categories":[52,27],"tags":[],"class_list":["post-5570","post","type-post","status-publish","format-standard","has-post-thumbnail","hentry","category-a-la-une","category-actualite"],"aioseo_notices":[],"yoast_head":"<!-- This site is optimized with the Yoast SEO plugin v27.5 - https:\/\/yoast.com\/product\/yoast-seo-wordpress\/ -->\n<title>Assassinat de Djamel Bensmail : Mandat d\u2019arr\u00eat international contre Ferhat M\u2019Henni - La Sentinelle<\/title>\n<meta name=\"robots\" content=\"index, follow, max-snippet:-1, max-image-preview:large, max-video-preview:-1\" \/>\n<link rel=\"canonical\" href=\"https:\/\/lasentinelle.dz\/index.php\/2021\/08\/28\/assassinat-de-djamel-bensmail-mandat-darret-international-contre-ferhat-mhenni\/\" \/>\n<meta property=\"og:locale\" content=\"fr_FR\" \/>\n<meta property=\"og:type\" content=\"article\" \/>\n<meta property=\"og:title\" content=\"Assassinat de Djamel Bensmail : Mandat d\u2019arr\u00eat international contre Ferhat M\u2019Henni - La Sentinelle\" \/>\n<meta property=\"og:description\" content=\"Depuis jeudi, le responsable du MAK est sous le coup d\u2019un mandat d\u2019arr\u00eat international, \u00e9mis&nbsp; par la Justice. &nbsp;Ferhat M\u2019Henni\" \/>\n<meta property=\"og:url\" content=\"https:\/\/lasentinelle.dz\/index.php\/2021\/08\/28\/assassinat-de-djamel-bensmail-mandat-darret-international-contre-ferhat-mhenni\/\" \/>\n<meta property=\"og:site_name\" content=\"La Sentinelle\" \/>\n<meta property=\"article:publisher\" content=\"https:\/\/www.facebook.com\/La-Sentinelle-104059864394773\" \/>\n<meta property=\"article:published_time\" content=\"2021-08-27T23:02:00+00:00\" \/>\n<meta property=\"og:image\" content=\"https:\/\/lasentinelle.dz\/wp-content\/uploads\/2021\/08\/image_2021-08-27_175218.png\" \/>\n\t<meta property=\"og:image:width\" content=\"500\" \/>\n\t<meta property=\"og:image:height\" content=\"320\" \/>\n\t<meta property=\"og:image:type\" content=\"image\/png\" \/>\n<meta name=\"author\" content=\"La Sentinelle\" \/>\n<meta name=\"twitter:card\" content=\"summary_large_image\" \/>\n<meta name=\"twitter:label1\" content=\"\u00c9crit par\" \/>\n\t<meta name=\"twitter:data1\" content=\"La Sentinelle\" \/>\n\t<meta name=\"twitter:label2\" content=\"Dur\u00e9e de lecture estim\u00e9e\" \/>\n\t<meta name=\"twitter:data2\" content=\"4 minutes\" \/>\n<script type=\"application\/ld+json\" class=\"yoast-schema-graph\">{\"@context\":\"https:\\\/\\\/schema.org\",\"@graph\":[{\"@type\":\"Article\",\"@id\":\"https:\\\/\\\/lasentinelle.dz\\\/index.php\\\/2021\\\/08\\\/28\\\/assassinat-de-djamel-bensmail-mandat-darret-international-contre-ferhat-mhenni\\\/#article\",\"isPartOf\":{\"@id\":\"https:\\\/\\\/lasentinelle.dz\\\/index.php\\\/2021\\\/08\\\/28\\\/assassinat-de-djamel-bensmail-mandat-darret-international-contre-ferhat-mhenni\\\/\"},\"author\":{\"name\":\"La Sentinelle\",\"@id\":\"https:\\\/\\\/lasentinelle.dz\\\/#\\\/schema\\\/person\\\/d865044e22e70a75174ce8bcad3acfb3\"},\"headline\":\"Assassinat de Djamel Bensmail : Mandat d\u2019arr\u00eat international contre Ferhat M\u2019Henni\",\"datePublished\":\"2021-08-27T23:02:00+00:00\",\"mainEntityOfPage\":{\"@id\":\"https:\\\/\\\/lasentinelle.dz\\\/index.php\\\/2021\\\/08\\\/28\\\/assassinat-de-djamel-bensmail-mandat-darret-international-contre-ferhat-mhenni\\\/\"},\"wordCount\":941,\"commentCount\":0,\"publisher\":{\"@id\":\"https:\\\/\\\/lasentinelle.dz\\\/#organization\"},\"image\":{\"@id\":\"https:\\\/\\\/lasentinelle.dz\\\/index.php\\\/2021\\\/08\\\/28\\\/assassinat-de-djamel-bensmail-mandat-darret-international-contre-ferhat-mhenni\\\/#primaryimage\"},\"thumbnailUrl\":\"https:\\\/\\\/lasentinelle.dz\\\/wp-content\\\/uploads\\\/2021\\\/08\\\/image_2021-08-27_175218.png\",\"articleSection\":[\"\u00c0 la Une\",\"Actualit\u00e9\"],\"inLanguage\":\"fr-FR\",\"potentialAction\":[{\"@type\":\"CommentAction\",\"name\":\"Comment\",\"target\":[\"https:\\\/\\\/lasentinelle.dz\\\/index.php\\\/2021\\\/08\\\/28\\\/assassinat-de-djamel-bensmail-mandat-darret-international-contre-ferhat-mhenni\\\/#respond\"]}]},{\"@type\":\"WebPage\",\"@id\":\"https:\\\/\\\/lasentinelle.dz\\\/index.php\\\/2021\\\/08\\\/28\\\/assassinat-de-djamel-bensmail-mandat-darret-international-contre-ferhat-mhenni\\\/\",\"url\":\"https:\\\/\\\/lasentinelle.dz\\\/index.php\\\/2021\\\/08\\\/28\\\/assassinat-de-djamel-bensmail-mandat-darret-international-contre-ferhat-mhenni\\\/\",\"name\":\"Assassinat de Djamel Bensmail : Mandat d\u2019arr\u00eat international contre Ferhat M\u2019Henni - La Sentinelle\",\"isPartOf\":{\"@id\":\"https:\\\/\\\/lasentinelle.dz\\\/#website\"},\"primaryImageOfPage\":{\"@id\":\"https:\\\/\\\/lasentinelle.dz\\\/index.php\\\/2021\\\/08\\\/28\\\/assassinat-de-djamel-bensmail-mandat-darret-international-contre-ferhat-mhenni\\\/#primaryimage\"},\"image\":{\"@id\":\"https:\\\/\\\/lasentinelle.dz\\\/index.php\\\/2021\\\/08\\\/28\\\/assassinat-de-djamel-bensmail-mandat-darret-international-contre-ferhat-mhenni\\\/#primaryimage\"},\"thumbnailUrl\":\"https:\\\/\\\/lasentinelle.dz\\\/wp-content\\\/uploads\\\/2021\\\/08\\\/image_2021-08-27_175218.png\",\"datePublished\":\"2021-08-27T23:02:00+00:00\",\"breadcrumb\":{\"@id\":\"https:\\\/\\\/lasentinelle.dz\\\/index.php\\\/2021\\\/08\\\/28\\\/assassinat-de-djamel-bensmail-mandat-darret-international-contre-ferhat-mhenni\\\/#breadcrumb\"},\"inLanguage\":\"fr-FR\",\"potentialAction\":[{\"@type\":\"ReadAction\",\"target\":[\"https:\\\/\\\/lasentinelle.dz\\\/index.php\\\/2021\\\/08\\\/28\\\/assassinat-de-djamel-bensmail-mandat-darret-international-contre-ferhat-mhenni\\\/\"]}]},{\"@type\":\"ImageObject\",\"inLanguage\":\"fr-FR\",\"@id\":\"https:\\\/\\\/lasentinelle.dz\\\/index.php\\\/2021\\\/08\\\/28\\\/assassinat-de-djamel-bensmail-mandat-darret-international-contre-ferhat-mhenni\\\/#primaryimage\",\"url\":\"https:\\\/\\\/lasentinelle.dz\\\/wp-content\\\/uploads\\\/2021\\\/08\\\/image_2021-08-27_175218.png\",\"contentUrl\":\"https:\\\/\\\/lasentinelle.dz\\\/wp-content\\\/uploads\\\/2021\\\/08\\\/image_2021-08-27_175218.png\",\"width\":500,\"height\":320},{\"@type\":\"BreadcrumbList\",\"@id\":\"https:\\\/\\\/lasentinelle.dz\\\/index.php\\\/2021\\\/08\\\/28\\\/assassinat-de-djamel-bensmail-mandat-darret-international-contre-ferhat-mhenni\\\/#breadcrumb\",\"itemListElement\":[{\"@type\":\"ListItem\",\"position\":1,\"name\":\"Accueil\",\"item\":\"https:\\\/\\\/lasentinelle.dz\\\/\"},{\"@type\":\"ListItem\",\"position\":2,\"name\":\"Assassinat de Djamel Bensmail : Mandat d\u2019arr\u00eat international contre Ferhat M\u2019Henni\"}]},{\"@type\":\"WebSite\",\"@id\":\"https:\\\/\\\/lasentinelle.dz\\\/#website\",\"url\":\"https:\\\/\\\/lasentinelle.dz\\\/\",\"name\":\"La Sentinelle\",\"description\":\"Quotidien national d&#039;information\",\"publisher\":{\"@id\":\"https:\\\/\\\/lasentinelle.dz\\\/#organization\"},\"potentialAction\":[{\"@type\":\"SearchAction\",\"target\":{\"@type\":\"EntryPoint\",\"urlTemplate\":\"https:\\\/\\\/lasentinelle.dz\\\/?s={search_term_string}\"},\"query-input\":{\"@type\":\"PropertyValueSpecification\",\"valueRequired\":true,\"valueName\":\"search_term_string\"}}],\"inLanguage\":\"fr-FR\"},{\"@type\":\"Organization\",\"@id\":\"https:\\\/\\\/lasentinelle.dz\\\/#organization\",\"name\":\"Quotidien La Sentinelle\",\"url\":\"https:\\\/\\\/lasentinelle.dz\\\/\",\"logo\":{\"@type\":\"ImageObject\",\"inLanguage\":\"fr-FR\",\"@id\":\"https:\\\/\\\/lasentinelle.dz\\\/#\\\/schema\\\/logo\\\/image\\\/\",\"url\":\"https:\\\/\\\/lasentinelle.dz\\\/wp-content\\\/uploads\\\/2021\\\/09\\\/logo-sentinelleSLOGAN-1.png\",\"contentUrl\":\"https:\\\/\\\/lasentinelle.dz\\\/wp-content\\\/uploads\\\/2021\\\/09\\\/logo-sentinelleSLOGAN-1.png\",\"width\":615,\"height\":142,\"caption\":\"Quotidien La Sentinelle\"},\"image\":{\"@id\":\"https:\\\/\\\/lasentinelle.dz\\\/#\\\/schema\\\/logo\\\/image\\\/\"},\"sameAs\":[\"https:\\\/\\\/www.facebook.com\\\/La-Sentinelle-104059864394773\"]},{\"@type\":\"Person\",\"@id\":\"https:\\\/\\\/lasentinelle.dz\\\/#\\\/schema\\\/person\\\/d865044e22e70a75174ce8bcad3acfb3\",\"name\":\"La Sentinelle\",\"image\":{\"@type\":\"ImageObject\",\"inLanguage\":\"fr-FR\",\"@id\":\"https:\\\/\\\/secure.gravatar.com\\\/avatar\\\/57de8e5d4b15d43fb361a71fbb36338450fe67865b528a43dd10ef7c51a20392?s=96&d=mm&r=g\",\"url\":\"https:\\\/\\\/secure.gravatar.com\\\/avatar\\\/57de8e5d4b15d43fb361a71fbb36338450fe67865b528a43dd10ef7c51a20392?s=96&d=mm&r=g\",\"contentUrl\":\"https:\\\/\\\/secure.gravatar.com\\\/avatar\\\/57de8e5d4b15d43fb361a71fbb36338450fe67865b528a43dd10ef7c51a20392?s=96&d=mm&r=g\",\"caption\":\"La Sentinelle\"},\"sameAs\":[\"http:\\\/\\\/www.lasentinelle.dz\"],\"url\":\"https:\\\/\\\/lasentinelle.dz\\\/author\\\/redaction\\\/\"}]}<\/script>\n<!-- \/ Yoast SEO plugin. -->","yoast_head_json":{"title":"Assassinat de Djamel Bensmail : Mandat d\u2019arr\u00eat international contre Ferhat M\u2019Henni - La Sentinelle","robots":{"index":"index","follow":"follow","max-snippet":"max-snippet:-1","max-image-preview":"max-image-preview:large","max-video-preview":"max-video-preview:-1"},"canonical":"https:\/\/lasentinelle.dz\/index.php\/2021\/08\/28\/assassinat-de-djamel-bensmail-mandat-darret-international-contre-ferhat-mhenni\/","og_locale":"fr_FR","og_type":"article","og_title":"Assassinat de Djamel Bensmail : Mandat d\u2019arr\u00eat international contre Ferhat M\u2019Henni - La Sentinelle","og_description":"Depuis jeudi, le responsable du MAK est sous le coup d\u2019un mandat d\u2019arr\u00eat international, \u00e9mis&nbsp; par la Justice. &nbsp;Ferhat M\u2019Henni","og_url":"https:\/\/lasentinelle.dz\/index.php\/2021\/08\/28\/assassinat-de-djamel-bensmail-mandat-darret-international-contre-ferhat-mhenni\/","og_site_name":"La Sentinelle","article_publisher":"https:\/\/www.facebook.com\/La-Sentinelle-104059864394773","article_published_time":"2021-08-27T23:02:00+00:00","og_image":[{"width":500,"height":320,"url":"https:\/\/lasentinelle.dz\/wp-content\/uploads\/2021\/08\/image_2021-08-27_175218.png","type":"image\/png"}],"author":"La Sentinelle","twitter_card":"summary_large_image","twitter_misc":{"\u00c9crit par":"La Sentinelle","Dur\u00e9e de lecture estim\u00e9e":"4 minutes"},"schema":{"@context":"https:\/\/schema.org","@graph":[{"@type":"Article","@id":"https:\/\/lasentinelle.dz\/index.php\/2021\/08\/28\/assassinat-de-djamel-bensmail-mandat-darret-international-contre-ferhat-mhenni\/#article","isPartOf":{"@id":"https:\/\/lasentinelle.dz\/index.php\/2021\/08\/28\/assassinat-de-djamel-bensmail-mandat-darret-international-contre-ferhat-mhenni\/"},"author":{"name":"La Sentinelle","@id":"https:\/\/lasentinelle.dz\/#\/schema\/person\/d865044e22e70a75174ce8bcad3acfb3"},"headline":"Assassinat de Djamel Bensmail : Mandat d\u2019arr\u00eat international contre Ferhat M\u2019Henni","datePublished":"2021-08-27T23:02:00+00:00","mainEntityOfPage":{"@id":"https:\/\/lasentinelle.dz\/index.php\/2021\/08\/28\/assassinat-de-djamel-bensmail-mandat-darret-international-contre-ferhat-mhenni\/"},"wordCount":941,"commentCount":0,"publisher":{"@id":"https:\/\/lasentinelle.dz\/#organization"},"image":{"@id":"https:\/\/lasentinelle.dz\/index.php\/2021\/08\/28\/assassinat-de-djamel-bensmail-mandat-darret-international-contre-ferhat-mhenni\/#primaryimage"},"thumbnailUrl":"https:\/\/lasentinelle.dz\/wp-content\/uploads\/2021\/08\/image_2021-08-27_175218.png","articleSection":["\u00c0 la Une","Actualit\u00e9"],"inLanguage":"fr-FR","potentialAction":[{"@type":"CommentAction","name":"Comment","target":["https:\/\/lasentinelle.dz\/index.php\/2021\/08\/28\/assassinat-de-djamel-bensmail-mandat-darret-international-contre-ferhat-mhenni\/#respond"]}]},{"@type":"WebPage","@id":"https:\/\/lasentinelle.dz\/index.php\/2021\/08\/28\/assassinat-de-djamel-bensmail-mandat-darret-international-contre-ferhat-mhenni\/","url":"https:\/\/lasentinelle.dz\/index.php\/2021\/08\/28\/assassinat-de-djamel-bensmail-mandat-darret-international-contre-ferhat-mhenni\/","name":"Assassinat de Djamel Bensmail : Mandat d\u2019arr\u00eat international contre Ferhat M\u2019Henni - La Sentinelle","isPartOf":{"@id":"https:\/\/lasentinelle.dz\/#website"},"primaryImageOfPage":{"@id":"https:\/\/lasentinelle.dz\/index.php\/2021\/08\/28\/assassinat-de-djamel-bensmail-mandat-darret-international-contre-ferhat-mhenni\/#primaryimage"},"image":{"@id":"https:\/\/lasentinelle.dz\/index.php\/2021\/08\/28\/assassinat-de-djamel-bensmail-mandat-darret-international-contre-ferhat-mhenni\/#primaryimage"},"thumbnailUrl":"https:\/\/lasentinelle.dz\/wp-content\/uploads\/2021\/08\/image_2021-08-27_175218.png","datePublished":"2021-08-27T23:02:00+00:00","breadcrumb":{"@id":"https:\/\/lasentinelle.dz\/index.php\/2021\/08\/28\/assassinat-de-djamel-bensmail-mandat-darret-international-contre-ferhat-mhenni\/#breadcrumb"},"inLanguage":"fr-FR","potentialAction":[{"@type":"ReadAction","target":["https:\/\/lasentinelle.dz\/index.php\/2021\/08\/28\/assassinat-de-djamel-bensmail-mandat-darret-international-contre-ferhat-mhenni\/"]}]},{"@type":"ImageObject","inLanguage":"fr-FR","@id":"https:\/\/lasentinelle.dz\/index.php\/2021\/08\/28\/assassinat-de-djamel-bensmail-mandat-darret-international-contre-ferhat-mhenni\/#primaryimage","url":"https:\/\/lasentinelle.dz\/wp-content\/uploads\/2021\/08\/image_2021-08-27_175218.png","contentUrl":"https:\/\/lasentinelle.dz\/wp-content\/uploads\/2021\/08\/image_2021-08-27_175218.png","width":500,"height":320},{"@type":"BreadcrumbList","@id":"https:\/\/lasentinelle.dz\/index.php\/2021\/08\/28\/assassinat-de-djamel-bensmail-mandat-darret-international-contre-ferhat-mhenni\/#breadcrumb","itemListElement":[{"@type":"ListItem","position":1,"name":"Accueil","item":"https:\/\/lasentinelle.dz\/"},{"@type":"ListItem","position":2,"name":"Assassinat de Djamel Bensmail : Mandat d\u2019arr\u00eat international contre Ferhat M\u2019Henni"}]},{"@type":"WebSite","@id":"https:\/\/lasentinelle.dz\/#website","url":"https:\/\/lasentinelle.dz\/","name":"La Sentinelle","description":"Quotidien national d&#039;information","publisher":{"@id":"https:\/\/lasentinelle.dz\/#organization"},"potentialAction":[{"@type":"SearchAction","target":{"@type":"EntryPoint","urlTemplate":"https:\/\/lasentinelle.dz\/?s={search_term_string}"},"query-input":{"@type":"PropertyValueSpecification","valueRequired":true,"valueName":"search_term_string"}}],"inLanguage":"fr-FR"},{"@type":"Organization","@id":"https:\/\/lasentinelle.dz\/#organization","name":"Quotidien La Sentinelle","url":"https:\/\/lasentinelle.dz\/","logo":{"@type":"ImageObject","inLanguage":"fr-FR","@id":"https:\/\/lasentinelle.dz\/#\/schema\/logo\/image\/","url":"https:\/\/lasentinelle.dz\/wp-content\/uploads\/2021\/09\/logo-sentinelleSLOGAN-1.png","contentUrl":"https:\/\/lasentinelle.dz\/wp-content\/uploads\/2021\/09\/logo-sentinelleSLOGAN-1.png","width":615,"height":142,"caption":"Quotidien La Sentinelle"},"image":{"@id":"https:\/\/lasentinelle.dz\/#\/schema\/logo\/image\/"},"sameAs":["https:\/\/www.facebook.com\/La-Sentinelle-104059864394773"]},{"@type":"Person","@id":"https:\/\/lasentinelle.dz\/#\/schema\/person\/d865044e22e70a75174ce8bcad3acfb3","name":"La Sentinelle","image":{"@type":"ImageObject","inLanguage":"fr-FR","@id":"https:\/\/secure.gravatar.com\/avatar\/57de8e5d4b15d43fb361a71fbb36338450fe67865b528a43dd10ef7c51a20392?s=96&d=mm&r=g","url":"https:\/\/secure.gravatar.com\/avatar\/57de8e5d4b15d43fb361a71fbb36338450fe67865b528a43dd10ef7c51a20392?s=96&d=mm&r=g","contentUrl":"https:\/\/secure.gravatar.com\/avatar\/57de8e5d4b15d43fb361a71fbb36338450fe67865b528a43dd10ef7c51a20392?s=96&d=mm&r=g","caption":"La Sentinelle"},"sameAs":["http:\/\/www.lasentinelle.dz"],"url":"https:\/\/lasentinelle.dz\/author\/redaction\/"}]}},"_links":{"self":[{"href":"https:\/\/lasentinelle.dz\/index.php\/wp-json\/wp\/v2\/posts\/5570","targetHints":{"allow":["GET"]}}],"collection":[{"href":"https:\/\/lasentinelle.dz\/index.php\/wp-json\/wp\/v2\/posts"}],"about":[{"href":"https:\/\/lasentinelle.dz\/index.php\/wp-json\/wp\/v2\/types\/post"}],"author":[{"embeddable":true,"href":"https:\/\/lasentinelle.dz\/index.php\/wp-json\/wp\/v2\/users\/3"}],"replies":[{"embeddable":true,"href":"https:\/\/lasentinelle.dz\/index.php\/wp-json\/wp\/v2\/comments?post=5570"}],"version-history":[{"count":1,"href":"https:\/\/lasentinelle.dz\/index.php\/wp-json\/wp\/v2\/posts\/5570\/revisions"}],"predecessor-version":[{"id":5575,"href":"https:\/\/lasentinelle.dz\/index.php\/wp-json\/wp\/v2\/posts\/5570\/revisions\/5575"}],"wp:featuredmedia":[{"embeddable":true,"href":"https:\/\/lasentinelle.dz\/index.php\/wp-json\/wp\/v2\/media\/5574"}],"wp:attachment":[{"href":"https:\/\/lasentinelle.dz\/index.php\/wp-json\/wp\/v2\/media?parent=5570"}],"wp:term":[{"taxonomy":"category","embeddable":true,"href":"https:\/\/lasentinelle.dz\/index.php\/wp-json\/wp\/v2\/categories?post=5570"},{"taxonomy":"post_tag","embeddable":true,"href":"https:\/\/lasentinelle.dz\/index.php\/wp-json\/wp\/v2\/tags?post=5570"}],"curies":[{"name":"wp","href":"https:\/\/api.w.org\/{rel}","templated":true}]}}