{"id":55709,"date":"2024-08-14T13:35:06","date_gmt":"2024-08-14T12:35:06","guid":{"rendered":"https:\/\/lasentinelle.dz\/?p=55709"},"modified":"2024-08-14T13:35:07","modified_gmt":"2024-08-14T12:35:07","slug":"alger-une-bande-de-quartier-semant-la-terreur-a-birkhadem-neutralisee","status":"publish","type":"post","link":"https:\/\/lasentinelle.dz\/index.php\/2024\/08\/14\/alger-une-bande-de-quartier-semant-la-terreur-a-birkhadem-neutralisee\/","title":{"rendered":"Alger : Une bande de quartier semant la terreur \u00e0 Birkhadem neutralis\u00e9e"},"content":{"rendered":"\n<p>Face \u00e0 la recrudescence des violences urbaines et \u00e0 la mont\u00e9e en puissance des bandes de quartier, les autorit\u00e9s ont fait de la lutte contre ce ph\u00e9nom\u00e8ne une priorit\u00e9 absolue. L&rsquo;op\u00e9ration men\u00e9e r\u00e9cemment \u00e0 Birkhadem, dans la wilaya d&rsquo;Alger, illustre parfaitement cette volont\u00e9 de mettre fin \u00e0 ce fl\u00e9au qui mine le quotidien des citoyens et menace la s\u00e9curit\u00e9 publique. Les services de la S\u00fbret\u00e9 de wilaya d&rsquo;Alger ont d\u00e9montr\u00e9 hier leur r\u00e9activit\u00e9 et leur efficacit\u00e9 en neutralisant une bande qui semait la terreur parmi les habitants de Birkhadem. L&rsquo;intervention a \u00e9t\u00e9 d\u00e9clench\u00e9e suite \u00e0 un appel au num\u00e9ro vert 48-15, signalant une violente rixe impliquant des armes blanches, des produits pyrotechniques et des b\u00e2tons. La brigade mobile de la police judiciaire (BMPJ) relevant de la s\u00fbret\u00e9 de la circonscription administrative de Bir Mourad Ra\u00efs s&rsquo;est imm\u00e9diatement rendue sur les lieux. Cette rapidit\u00e9 d&rsquo;action t\u00e9moigne de la volont\u00e9 des autorit\u00e9s de r\u00e9pondre promptement aux appels de d\u00e9tresse des citoyens et de ne laisser aucun r\u00e9pit aux fauteurs de troubles. L&rsquo;op\u00e9ration a abouti \u00e0 l&rsquo;arrestation de 15 suspects, dont plusieurs repris de justice. Ce r\u00e9sultat d\u00e9montre la d\u00e9termination des forces de l&rsquo;ordre \u00e0 cibler non seulement les membres actifs des bandes, mais aussi les r\u00e9cidivistes qui constituent souvent le noyau dur de ces groupes criminels. La saisie d&rsquo;un arsenal important &#8211; 11 armes blanches de diff\u00e9rentes cat\u00e9gories et tailles, 3 b\u00e2tons et des produits pyrotechniques &#8211; illustre l&rsquo;ampleur de la menace que repr\u00e9sentaient ces individus pour la s\u00e9curit\u00e9 publique. \u00ab\u00a0. Apr\u00e8s ach\u00e8vement des proc\u00e9dures l\u00e9gales, les suspects ont \u00e9t\u00e9 pr\u00e9sent\u00e9s devant le parquet territorialement comp\u00e9tent pour \u00ab\u00a0constitution d&rsquo;une bande semant la terreur, rixe sur la voie publique avec des armes blanches prohib\u00e9es, et atteinte \u00e0 l&rsquo;ordre public\u00a0\u00bb<\/p>\n\n\n\n<p>R.R.<\/p>\n","protected":false},"excerpt":{"rendered":"<p>Face \u00e0 la recrudescence des violences urbaines et \u00e0 la mont\u00e9e en puissance des bandes de quartier, les autorit\u00e9s ont<\/p>\n","protected":false},"author":6,"featured_media":3477,"comment_status":"open","ping_status":"closed","sticky":false,"template":"","format":"standard","meta":{"colormag_page_container_layout":"default_layout","colormag_page_sidebar_layout":"default_layout","om_disable_all_campaigns":false,"_monsterinsights_skip_tracking":false,"_monsterinsights_sitenote_active":false,"_monsterinsights_sitenote_note":"","_monsterinsights_sitenote_category":0,"footnotes":"","_wpscppro_dont_share_socialmedia":false,"_wpscppro_custom_social_share_image":0,"_facebook_share_type":"default","_twitter_share_type":"default","_linkedin_share_type":"default","_pinterest_share_type":"default","_linkedin_share_type_page":"","_instagram_share_type":"default","_medium_share_type":"","_threads_share_type":"","_google_business_share_type":"","_selected_social_profile":[],"_wpsp_enable_custom_social_template":false,"_wpsp_social_scheduling":{"enabled":false,"datetime":null,"platforms":[],"status":"template_only","dateOption":"today","timeOption":"now","customDays":"","customHours":"","customDate":"","customTime":"","schedulingType":"absolute"},"_wpsp_active_default_template":true},"categories":[31],"tags":[],"class_list":["post-55709","post","type-post","status-publish","format-standard","has-post-thumbnail","hentry","category-regions"],"aioseo_notices":[],"yoast_head":"<!-- This site is optimized with the Yoast SEO plugin v27.5 - https:\/\/yoast.com\/product\/yoast-seo-wordpress\/ -->\n<title>Alger : Une bande de quartier semant la terreur \u00e0 Birkhadem neutralis\u00e9e - La Sentinelle<\/title>\n<meta name=\"robots\" content=\"index, follow, max-snippet:-1, max-image-preview:large, max-video-preview:-1\" \/>\n<link rel=\"canonical\" href=\"https:\/\/lasentinelle.dz\/index.php\/2024\/08\/14\/alger-une-bande-de-quartier-semant-la-terreur-a-birkhadem-neutralisee\/\" \/>\n<meta property=\"og:locale\" content=\"fr_FR\" \/>\n<meta property=\"og:type\" content=\"article\" \/>\n<meta property=\"og:title\" content=\"Alger : Une bande de quartier semant la terreur \u00e0 Birkhadem neutralis\u00e9e - La Sentinelle\" \/>\n<meta property=\"og:description\" content=\"Face \u00e0 la recrudescence des violences urbaines et \u00e0 la mont\u00e9e en puissance des bandes de quartier, les autorit\u00e9s ont\" \/>\n<meta property=\"og:url\" content=\"https:\/\/lasentinelle.dz\/index.php\/2024\/08\/14\/alger-une-bande-de-quartier-semant-la-terreur-a-birkhadem-neutralisee\/\" \/>\n<meta property=\"og:site_name\" content=\"La Sentinelle\" \/>\n<meta property=\"article:publisher\" content=\"https:\/\/www.facebook.com\/La-Sentinelle-104059864394773\" \/>\n<meta property=\"article:published_time\" content=\"2024-08-14T12:35:06+00:00\" \/>\n<meta property=\"article:modified_time\" content=\"2024-08-14T12:35:07+00:00\" \/>\n<meta property=\"og:image\" content=\"https:\/\/lasentinelle.dz\/wp-content\/uploads\/2021\/08\/police.png\" \/>\n\t<meta property=\"og:image:width\" content=\"1491\" \/>\n\t<meta property=\"og:image:height\" content=\"900\" \/>\n\t<meta property=\"og:image:type\" content=\"image\/png\" \/>\n<meta name=\"author\" content=\"admin\" \/>\n<meta name=\"twitter:card\" content=\"summary_large_image\" \/>\n<meta name=\"twitter:label1\" content=\"\u00c9crit par\" \/>\n\t<meta name=\"twitter:data1\" content=\"admin\" \/>\n\t<meta name=\"twitter:label2\" content=\"Dur\u00e9e de lecture estim\u00e9e\" \/>\n\t<meta name=\"twitter:data2\" content=\"2 minutes\" \/>\n<script type=\"application\/ld+json\" class=\"yoast-schema-graph\">{\"@context\":\"https:\\\/\\\/schema.org\",\"@graph\":[{\"@type\":\"Article\",\"@id\":\"https:\\\/\\\/lasentinelle.dz\\\/index.php\\\/2024\\\/08\\\/14\\\/alger-une-bande-de-quartier-semant-la-terreur-a-birkhadem-neutralisee\\\/#article\",\"isPartOf\":{\"@id\":\"https:\\\/\\\/lasentinelle.dz\\\/index.php\\\/2024\\\/08\\\/14\\\/alger-une-bande-de-quartier-semant-la-terreur-a-birkhadem-neutralisee\\\/\"},\"author\":{\"name\":\"admin\",\"@id\":\"https:\\\/\\\/lasentinelle.dz\\\/#\\\/schema\\\/person\\\/729ee0024f24e0b8c5ec17232f8e8b41\"},\"headline\":\"Alger : Une bande de quartier semant la terreur \u00e0 Birkhadem neutralis\u00e9e\",\"datePublished\":\"2024-08-14T12:35:06+00:00\",\"dateModified\":\"2024-08-14T12:35:07+00:00\",\"mainEntityOfPage\":{\"@id\":\"https:\\\/\\\/lasentinelle.dz\\\/index.php\\\/2024\\\/08\\\/14\\\/alger-une-bande-de-quartier-semant-la-terreur-a-birkhadem-neutralisee\\\/\"},\"wordCount\":342,\"commentCount\":0,\"publisher\":{\"@id\":\"https:\\\/\\\/lasentinelle.dz\\\/#organization\"},\"image\":{\"@id\":\"https:\\\/\\\/lasentinelle.dz\\\/index.php\\\/2024\\\/08\\\/14\\\/alger-une-bande-de-quartier-semant-la-terreur-a-birkhadem-neutralisee\\\/#primaryimage\"},\"thumbnailUrl\":\"https:\\\/\\\/lasentinelle.dz\\\/wp-content\\\/uploads\\\/2021\\\/08\\\/police.png\",\"articleSection\":[\"R\u00e9gions\"],\"inLanguage\":\"fr-FR\",\"potentialAction\":[{\"@type\":\"CommentAction\",\"name\":\"Comment\",\"target\":[\"https:\\\/\\\/lasentinelle.dz\\\/index.php\\\/2024\\\/08\\\/14\\\/alger-une-bande-de-quartier-semant-la-terreur-a-birkhadem-neutralisee\\\/#respond\"]}]},{\"@type\":\"WebPage\",\"@id\":\"https:\\\/\\\/lasentinelle.dz\\\/index.php\\\/2024\\\/08\\\/14\\\/alger-une-bande-de-quartier-semant-la-terreur-a-birkhadem-neutralisee\\\/\",\"url\":\"https:\\\/\\\/lasentinelle.dz\\\/index.php\\\/2024\\\/08\\\/14\\\/alger-une-bande-de-quartier-semant-la-terreur-a-birkhadem-neutralisee\\\/\",\"name\":\"Alger : Une bande de quartier semant la terreur \u00e0 Birkhadem neutralis\u00e9e - La Sentinelle\",\"isPartOf\":{\"@id\":\"https:\\\/\\\/lasentinelle.dz\\\/#website\"},\"primaryImageOfPage\":{\"@id\":\"https:\\\/\\\/lasentinelle.dz\\\/index.php\\\/2024\\\/08\\\/14\\\/alger-une-bande-de-quartier-semant-la-terreur-a-birkhadem-neutralisee\\\/#primaryimage\"},\"image\":{\"@id\":\"https:\\\/\\\/lasentinelle.dz\\\/index.php\\\/2024\\\/08\\\/14\\\/alger-une-bande-de-quartier-semant-la-terreur-a-birkhadem-neutralisee\\\/#primaryimage\"},\"thumbnailUrl\":\"https:\\\/\\\/lasentinelle.dz\\\/wp-content\\\/uploads\\\/2021\\\/08\\\/police.png\",\"datePublished\":\"2024-08-14T12:35:06+00:00\",\"dateModified\":\"2024-08-14T12:35:07+00:00\",\"breadcrumb\":{\"@id\":\"https:\\\/\\\/lasentinelle.dz\\\/index.php\\\/2024\\\/08\\\/14\\\/alger-une-bande-de-quartier-semant-la-terreur-a-birkhadem-neutralisee\\\/#breadcrumb\"},\"inLanguage\":\"fr-FR\",\"potentialAction\":[{\"@type\":\"ReadAction\",\"target\":[\"https:\\\/\\\/lasentinelle.dz\\\/index.php\\\/2024\\\/08\\\/14\\\/alger-une-bande-de-quartier-semant-la-terreur-a-birkhadem-neutralisee\\\/\"]}]},{\"@type\":\"ImageObject\",\"inLanguage\":\"fr-FR\",\"@id\":\"https:\\\/\\\/lasentinelle.dz\\\/index.php\\\/2024\\\/08\\\/14\\\/alger-une-bande-de-quartier-semant-la-terreur-a-birkhadem-neutralisee\\\/#primaryimage\",\"url\":\"https:\\\/\\\/lasentinelle.dz\\\/wp-content\\\/uploads\\\/2021\\\/08\\\/police.png\",\"contentUrl\":\"https:\\\/\\\/lasentinelle.dz\\\/wp-content\\\/uploads\\\/2021\\\/08\\\/police.png\",\"width\":1491,\"height\":900},{\"@type\":\"BreadcrumbList\",\"@id\":\"https:\\\/\\\/lasentinelle.dz\\\/index.php\\\/2024\\\/08\\\/14\\\/alger-une-bande-de-quartier-semant-la-terreur-a-birkhadem-neutralisee\\\/#breadcrumb\",\"itemListElement\":[{\"@type\":\"ListItem\",\"position\":1,\"name\":\"Accueil\",\"item\":\"https:\\\/\\\/lasentinelle.dz\\\/\"},{\"@type\":\"ListItem\",\"position\":2,\"name\":\"Alger : Une bande de quartier semant la terreur \u00e0 Birkhadem neutralis\u00e9e\"}]},{\"@type\":\"WebSite\",\"@id\":\"https:\\\/\\\/lasentinelle.dz\\\/#website\",\"url\":\"https:\\\/\\\/lasentinelle.dz\\\/\",\"name\":\"La Sentinelle\",\"description\":\"Quotidien national d&#039;information\",\"publisher\":{\"@id\":\"https:\\\/\\\/lasentinelle.dz\\\/#organization\"},\"potentialAction\":[{\"@type\":\"SearchAction\",\"target\":{\"@type\":\"EntryPoint\",\"urlTemplate\":\"https:\\\/\\\/lasentinelle.dz\\\/?s={search_term_string}\"},\"query-input\":{\"@type\":\"PropertyValueSpecification\",\"valueRequired\":true,\"valueName\":\"search_term_string\"}}],\"inLanguage\":\"fr-FR\"},{\"@type\":\"Organization\",\"@id\":\"https:\\\/\\\/lasentinelle.dz\\\/#organization\",\"name\":\"Quotidien La Sentinelle\",\"url\":\"https:\\\/\\\/lasentinelle.dz\\\/\",\"logo\":{\"@type\":\"ImageObject\",\"inLanguage\":\"fr-FR\",\"@id\":\"https:\\\/\\\/lasentinelle.dz\\\/#\\\/schema\\\/logo\\\/image\\\/\",\"url\":\"https:\\\/\\\/lasentinelle.dz\\\/wp-content\\\/uploads\\\/2021\\\/09\\\/logo-sentinelleSLOGAN-1.png\",\"contentUrl\":\"https:\\\/\\\/lasentinelle.dz\\\/wp-content\\\/uploads\\\/2021\\\/09\\\/logo-sentinelleSLOGAN-1.png\",\"width\":615,\"height\":142,\"caption\":\"Quotidien La Sentinelle\"},\"image\":{\"@id\":\"https:\\\/\\\/lasentinelle.dz\\\/#\\\/schema\\\/logo\\\/image\\\/\"},\"sameAs\":[\"https:\\\/\\\/www.facebook.com\\\/La-Sentinelle-104059864394773\"]},{\"@type\":\"Person\",\"@id\":\"https:\\\/\\\/lasentinelle.dz\\\/#\\\/schema\\\/person\\\/729ee0024f24e0b8c5ec17232f8e8b41\",\"name\":\"admin\",\"image\":{\"@type\":\"ImageObject\",\"inLanguage\":\"fr-FR\",\"@id\":\"https:\\\/\\\/secure.gravatar.com\\\/avatar\\\/4c81fed838786e9b53f540bf46533e750f5d292099ae3b66cfc6fb1982e29df7?s=96&d=mm&r=g\",\"url\":\"https:\\\/\\\/secure.gravatar.com\\\/avatar\\\/4c81fed838786e9b53f540bf46533e750f5d292099ae3b66cfc6fb1982e29df7?s=96&d=mm&r=g\",\"contentUrl\":\"https:\\\/\\\/secure.gravatar.com\\\/avatar\\\/4c81fed838786e9b53f540bf46533e750f5d292099ae3b66cfc6fb1982e29df7?s=96&d=mm&r=g\",\"caption\":\"admin\"},\"description\":\"admin\",\"url\":\"https:\\\/\\\/lasentinelle.dz\\\/author\\\/admin\\\/\"}]}<\/script>\n<!-- \/ Yoast SEO plugin. -->","yoast_head_json":{"title":"Alger : Une bande de quartier semant la terreur \u00e0 Birkhadem neutralis\u00e9e - La Sentinelle","robots":{"index":"index","follow":"follow","max-snippet":"max-snippet:-1","max-image-preview":"max-image-preview:large","max-video-preview":"max-video-preview:-1"},"canonical":"https:\/\/lasentinelle.dz\/index.php\/2024\/08\/14\/alger-une-bande-de-quartier-semant-la-terreur-a-birkhadem-neutralisee\/","og_locale":"fr_FR","og_type":"article","og_title":"Alger : Une bande de quartier semant la terreur \u00e0 Birkhadem neutralis\u00e9e - La Sentinelle","og_description":"Face \u00e0 la recrudescence des violences urbaines et \u00e0 la mont\u00e9e en puissance des bandes de quartier, les autorit\u00e9s ont","og_url":"https:\/\/lasentinelle.dz\/index.php\/2024\/08\/14\/alger-une-bande-de-quartier-semant-la-terreur-a-birkhadem-neutralisee\/","og_site_name":"La Sentinelle","article_publisher":"https:\/\/www.facebook.com\/La-Sentinelle-104059864394773","article_published_time":"2024-08-14T12:35:06+00:00","article_modified_time":"2024-08-14T12:35:07+00:00","og_image":[{"width":1491,"height":900,"url":"https:\/\/lasentinelle.dz\/wp-content\/uploads\/2021\/08\/police.png","type":"image\/png"}],"author":"admin","twitter_card":"summary_large_image","twitter_misc":{"\u00c9crit par":"admin","Dur\u00e9e de lecture estim\u00e9e":"2 minutes"},"schema":{"@context":"https:\/\/schema.org","@graph":[{"@type":"Article","@id":"https:\/\/lasentinelle.dz\/index.php\/2024\/08\/14\/alger-une-bande-de-quartier-semant-la-terreur-a-birkhadem-neutralisee\/#article","isPartOf":{"@id":"https:\/\/lasentinelle.dz\/index.php\/2024\/08\/14\/alger-une-bande-de-quartier-semant-la-terreur-a-birkhadem-neutralisee\/"},"author":{"name":"admin","@id":"https:\/\/lasentinelle.dz\/#\/schema\/person\/729ee0024f24e0b8c5ec17232f8e8b41"},"headline":"Alger : Une bande de quartier semant la terreur \u00e0 Birkhadem neutralis\u00e9e","datePublished":"2024-08-14T12:35:06+00:00","dateModified":"2024-08-14T12:35:07+00:00","mainEntityOfPage":{"@id":"https:\/\/lasentinelle.dz\/index.php\/2024\/08\/14\/alger-une-bande-de-quartier-semant-la-terreur-a-birkhadem-neutralisee\/"},"wordCount":342,"commentCount":0,"publisher":{"@id":"https:\/\/lasentinelle.dz\/#organization"},"image":{"@id":"https:\/\/lasentinelle.dz\/index.php\/2024\/08\/14\/alger-une-bande-de-quartier-semant-la-terreur-a-birkhadem-neutralisee\/#primaryimage"},"thumbnailUrl":"https:\/\/lasentinelle.dz\/wp-content\/uploads\/2021\/08\/police.png","articleSection":["R\u00e9gions"],"inLanguage":"fr-FR","potentialAction":[{"@type":"CommentAction","name":"Comment","target":["https:\/\/lasentinelle.dz\/index.php\/2024\/08\/14\/alger-une-bande-de-quartier-semant-la-terreur-a-birkhadem-neutralisee\/#respond"]}]},{"@type":"WebPage","@id":"https:\/\/lasentinelle.dz\/index.php\/2024\/08\/14\/alger-une-bande-de-quartier-semant-la-terreur-a-birkhadem-neutralisee\/","url":"https:\/\/lasentinelle.dz\/index.php\/2024\/08\/14\/alger-une-bande-de-quartier-semant-la-terreur-a-birkhadem-neutralisee\/","name":"Alger : Une bande de quartier semant la terreur \u00e0 Birkhadem neutralis\u00e9e - La Sentinelle","isPartOf":{"@id":"https:\/\/lasentinelle.dz\/#website"},"primaryImageOfPage":{"@id":"https:\/\/lasentinelle.dz\/index.php\/2024\/08\/14\/alger-une-bande-de-quartier-semant-la-terreur-a-birkhadem-neutralisee\/#primaryimage"},"image":{"@id":"https:\/\/lasentinelle.dz\/index.php\/2024\/08\/14\/alger-une-bande-de-quartier-semant-la-terreur-a-birkhadem-neutralisee\/#primaryimage"},"thumbnailUrl":"https:\/\/lasentinelle.dz\/wp-content\/uploads\/2021\/08\/police.png","datePublished":"2024-08-14T12:35:06+00:00","dateModified":"2024-08-14T12:35:07+00:00","breadcrumb":{"@id":"https:\/\/lasentinelle.dz\/index.php\/2024\/08\/14\/alger-une-bande-de-quartier-semant-la-terreur-a-birkhadem-neutralisee\/#breadcrumb"},"inLanguage":"fr-FR","potentialAction":[{"@type":"ReadAction","target":["https:\/\/lasentinelle.dz\/index.php\/2024\/08\/14\/alger-une-bande-de-quartier-semant-la-terreur-a-birkhadem-neutralisee\/"]}]},{"@type":"ImageObject","inLanguage":"fr-FR","@id":"https:\/\/lasentinelle.dz\/index.php\/2024\/08\/14\/alger-une-bande-de-quartier-semant-la-terreur-a-birkhadem-neutralisee\/#primaryimage","url":"https:\/\/lasentinelle.dz\/wp-content\/uploads\/2021\/08\/police.png","contentUrl":"https:\/\/lasentinelle.dz\/wp-content\/uploads\/2021\/08\/police.png","width":1491,"height":900},{"@type":"BreadcrumbList","@id":"https:\/\/lasentinelle.dz\/index.php\/2024\/08\/14\/alger-une-bande-de-quartier-semant-la-terreur-a-birkhadem-neutralisee\/#breadcrumb","itemListElement":[{"@type":"ListItem","position":1,"name":"Accueil","item":"https:\/\/lasentinelle.dz\/"},{"@type":"ListItem","position":2,"name":"Alger : Une bande de quartier semant la terreur \u00e0 Birkhadem neutralis\u00e9e"}]},{"@type":"WebSite","@id":"https:\/\/lasentinelle.dz\/#website","url":"https:\/\/lasentinelle.dz\/","name":"La Sentinelle","description":"Quotidien national d&#039;information","publisher":{"@id":"https:\/\/lasentinelle.dz\/#organization"},"potentialAction":[{"@type":"SearchAction","target":{"@type":"EntryPoint","urlTemplate":"https:\/\/lasentinelle.dz\/?s={search_term_string}"},"query-input":{"@type":"PropertyValueSpecification","valueRequired":true,"valueName":"search_term_string"}}],"inLanguage":"fr-FR"},{"@type":"Organization","@id":"https:\/\/lasentinelle.dz\/#organization","name":"Quotidien La Sentinelle","url":"https:\/\/lasentinelle.dz\/","logo":{"@type":"ImageObject","inLanguage":"fr-FR","@id":"https:\/\/lasentinelle.dz\/#\/schema\/logo\/image\/","url":"https:\/\/lasentinelle.dz\/wp-content\/uploads\/2021\/09\/logo-sentinelleSLOGAN-1.png","contentUrl":"https:\/\/lasentinelle.dz\/wp-content\/uploads\/2021\/09\/logo-sentinelleSLOGAN-1.png","width":615,"height":142,"caption":"Quotidien La Sentinelle"},"image":{"@id":"https:\/\/lasentinelle.dz\/#\/schema\/logo\/image\/"},"sameAs":["https:\/\/www.facebook.com\/La-Sentinelle-104059864394773"]},{"@type":"Person","@id":"https:\/\/lasentinelle.dz\/#\/schema\/person\/729ee0024f24e0b8c5ec17232f8e8b41","name":"admin","image":{"@type":"ImageObject","inLanguage":"fr-FR","@id":"https:\/\/secure.gravatar.com\/avatar\/4c81fed838786e9b53f540bf46533e750f5d292099ae3b66cfc6fb1982e29df7?s=96&d=mm&r=g","url":"https:\/\/secure.gravatar.com\/avatar\/4c81fed838786e9b53f540bf46533e750f5d292099ae3b66cfc6fb1982e29df7?s=96&d=mm&r=g","contentUrl":"https:\/\/secure.gravatar.com\/avatar\/4c81fed838786e9b53f540bf46533e750f5d292099ae3b66cfc6fb1982e29df7?s=96&d=mm&r=g","caption":"admin"},"description":"admin","url":"https:\/\/lasentinelle.dz\/author\/admin\/"}]}},"_links":{"self":[{"href":"https:\/\/lasentinelle.dz\/index.php\/wp-json\/wp\/v2\/posts\/55709","targetHints":{"allow":["GET"]}}],"collection":[{"href":"https:\/\/lasentinelle.dz\/index.php\/wp-json\/wp\/v2\/posts"}],"about":[{"href":"https:\/\/lasentinelle.dz\/index.php\/wp-json\/wp\/v2\/types\/post"}],"author":[{"embeddable":true,"href":"https:\/\/lasentinelle.dz\/index.php\/wp-json\/wp\/v2\/users\/6"}],"replies":[{"embeddable":true,"href":"https:\/\/lasentinelle.dz\/index.php\/wp-json\/wp\/v2\/comments?post=55709"}],"version-history":[{"count":1,"href":"https:\/\/lasentinelle.dz\/index.php\/wp-json\/wp\/v2\/posts\/55709\/revisions"}],"predecessor-version":[{"id":55710,"href":"https:\/\/lasentinelle.dz\/index.php\/wp-json\/wp\/v2\/posts\/55709\/revisions\/55710"}],"wp:featuredmedia":[{"embeddable":true,"href":"https:\/\/lasentinelle.dz\/index.php\/wp-json\/wp\/v2\/media\/3477"}],"wp:attachment":[{"href":"https:\/\/lasentinelle.dz\/index.php\/wp-json\/wp\/v2\/media?parent=55709"}],"wp:term":[{"taxonomy":"category","embeddable":true,"href":"https:\/\/lasentinelle.dz\/index.php\/wp-json\/wp\/v2\/categories?post=55709"},{"taxonomy":"post_tag","embeddable":true,"href":"https:\/\/lasentinelle.dz\/index.php\/wp-json\/wp\/v2\/tags?post=55709"}],"curies":[{"name":"wp","href":"https:\/\/api.w.org\/{rel}","templated":true}]}}