{"id":55731,"date":"2024-08-14T13:47:54","date_gmt":"2024-08-14T12:47:54","guid":{"rendered":"https:\/\/lasentinelle.dz\/?p=55731"},"modified":"2024-08-14T13:47:55","modified_gmt":"2024-08-14T12:47:55","slug":"algerie-niger-les-zones-dombre-ont-ete-levee","status":"publish","type":"post","link":"https:\/\/lasentinelle.dz\/index.php\/2024\/08\/14\/algerie-niger-les-zones-dombre-ont-ete-levee\/","title":{"rendered":"Alg\u00e9rie-Niger : \u00a0\u00bb Les zones d&rsquo;ombre ont \u00e9t\u00e9 lev\u00e9e\u00a0\u00bb"},"content":{"rendered":"\n<p>Le Pr\u00e9sident de la R\u00e9publique, Abdelmadjid Tebboune, a re\u00e7u, hier, le Premier ministre, ministre de l&rsquo;Economie et des Finances de la R\u00e9publique du Niger, Ali Mahaman Lamine Zeine, et qui poursuit sa visite en Alg\u00e9rie \u00e0 la t\u00eate d&rsquo;une importante d\u00e9l\u00e9gation et qui<\/p>\n\n\n\n<p>a remis un message du pr\u00e9sident du Conseil militaire du Niger, Abderrahmane Tiani au pr\u00e9sident Tebboune.<\/p>\n\n\n\n<p>Le pr\u00e9sident de la R\u00e9publique a par la suite des entretiens \u00e9largis avec la d\u00e9l\u00e9gation de la R\u00e9publique du Niger, en du Chef d&rsquo;Etat-Major de l&rsquo;Arm\u00e9e nationale populaire, le G\u00e9n\u00e9ral d&rsquo;Arm\u00e9e,&nbsp; Sa\u00efd Chanegriha, du ministre des Affaires \u00e9trang\u00e8res et de la Communaut\u00e9 nationale \u00e0 l&rsquo;\u00e9tranger,&nbsp; Ahmed Attaf, du directeur de Cabinet \u00e0 la Pr\u00e9sidence de la R\u00e9publique, Boualem Boualem, ainsi que des membres du Gouvernement. \u00c0 la sortie, le responsable nig\u00e9rien a indiqu\u00e9 que ces entretiens ont permis d&rsquo;\u00e9voquer les trois principes qui marquent les relations bilat\u00e9rales \u00e0 savoir des rapports de bon voisinage, de fraternit\u00e9 et d&rsquo;amiti\u00e9. Il a soulign\u00e9 qu&rsquo;il \u00e9tait essentiel de redynamiser ses relations qui \u00e9t\u00e9 affect\u00e9es par les \u00e9v\u00e8nements du 26 juillet 2023. Et d&rsquo;ajouter que les entretiens tenus avec le Pr\u00e9sident Tebboune ont permis d&rsquo;apporter les clarifications concernant ces \u00e9v\u00e8nements. Comme ils ont permis de levers les zones d&rsquo;ombres dans les relations entre les deux pays. Il a soulign\u00e9 que les discussions ont permis de souligner l&rsquo;attachement \u00e0 la souverainet\u00e9. Il a ajout\u00e9 que le Niger a observ\u00e9 les positions fermes de l&rsquo;Alg\u00e9rie concernant la pr\u00e9servation de la souverainet\u00e9 des pays. &nbsp;Il a soulign\u00e9 que le Niger est un pays riche en ressources et que l&rsquo;Alg\u00e9rie, de par son exp\u00e9rience et son expertise, peut jouer un r\u00f4le central dans leur valorisation dans l&rsquo;int\u00e9r\u00eat des deux peuples.<\/p>\n\n\n\n<p>Il est utile de rappeler dans ce sens que des entretiens ont \u00e9t\u00e9 tenus en marge de cette visite entre les ministres des deux pays. &nbsp;Les discussions entre dirigeants alg\u00e9riens et nig\u00e9riens ont converg\u00e9 vers un objectif commun : la cr\u00e9ation de corridors \u00e9conomiques dynamiques et l&rsquo;intensification des \u00e9changes commerciaux. Ces ambitions s&rsquo;inscrivent dans la strat\u00e9gie alg\u00e9rienne visant \u00e0 stimuler le d\u00e9veloppement et la stabilit\u00e9 dans la r\u00e9gion sah\u00e9lo-saharienne.<\/p>\n\n\n\n<p>Tayeb Zitouni, ministre du Commerce et de la Promotion des exportations, a esquiss\u00e9 les contours de cette collaboration renforc\u00e9e. Une zone franche alg\u00e9ro-nig\u00e9rienne, s&rsquo;inscrivant dans le cadre plus large de la Zone de libre-\u00e9change continentale africaine, promet de fluidifier les \u00e9changes. La foire annuelle \u00ab\u00a0Assihar\u00a0\u00bb \u00e0 Tamanrasset et le projet de foires permanentes d\u00e9di\u00e9es aux produits alg\u00e9riens au Niger illustrent cette volont\u00e9 de tisser des liens \u00e9conomiques plus \u00e9troits. Le projet de route transsaharienne a occup\u00e9 une place centrale dans les entretiens. Lakhdar Rekhroukh, ministre des Travaux publics et des Infrastructures de base, a soulign\u00e9 que c&rsquo;est la pierre angulaire d&rsquo;un ambitieux corridor \u00e9conomique. Cette art\u00e8re routi\u00e8re, reliant l&rsquo;Alg\u00e9rie au Niger et \u00e0 d&rsquo;autres nations subsahariennes, promet de redessiner la carte \u00e9conomique de la r\u00e9gion.<\/p>\n\n\n\n<p>Ce corridor ne se limite pas \u00e0 une simple route. Il englobe une vision plus large : faciliter le transport de marchandises \u00e0 travers le Sahara et m\u00eame acheminer le gaz nig\u00e9rian vers l&rsquo;Europe via l&rsquo;Alg\u00e9rie gr\u00e2ce \u00e0 la concr\u00e9tisation du projet de gazoduc transsaharien. Un projet qui pourrait bouleverser l&rsquo;\u00e9quilibre \u00e9nerg\u00e9tique r\u00e9gional. La coop\u00e9ration s&rsquo;\u00e9tend \u00e9galement au domaine des infrastructures. L&rsquo;Alg\u00e9rie s&rsquo;est dite pr\u00eate \u00e0 mettre son savoir-faire en mati\u00e8re de travaux publics au service de projets communs, tout en proposant des programmes de formation et d&rsquo;\u00e9change d&rsquo;expertise.<\/p>\n\n\n\n<p>L&rsquo;Alg\u00e9rie et le Niger ambitionnent d&rsquo;aller au-del\u00e0 des simples \u00e9changes commerciaux. Ali Aoun, ministre alg\u00e9rien de l&rsquo;Industrie, a soulign\u00e9 la volont\u00e9 de l&rsquo;Alg\u00e9rie &nbsp;de partager son expertise dans divers domaines industriels, notamment le secteur pharmaceutique o\u00f9 l&rsquo;Alg\u00e9rie fait figure de leader r\u00e9gional.<\/p>\n\n\n\n<p>Cette rencontre au sommet t\u00e9moigne de l&rsquo;ambition de l&rsquo;Alg\u00e9rie de jouer un r\u00f4le moteur dans l&rsquo;int\u00e9gration r\u00e9gionale africaine. En misant sur les corridors \u00e9conomiques et l&rsquo;intensification des \u00e9changes, Alger cherche \u00e0 cr\u00e9er un environnement propice au d\u00e9veloppement et \u00e0 la stabilit\u00e9 dans toute la r\u00e9gion sah\u00e9lo-saharienne.<\/p>\n\n\n\n<p>La vision alg\u00e9rienne d\u00e9passe le cadre bilat\u00e9ral. Elle s&rsquo;inscrit dans une perspective \u00e0 long terme, visant \u00e0 transformer en profondeur les dynamiques \u00e9conomiques et g\u00e9opolitiques de l&rsquo;Afrique du Nord et du Sahel. Cette approche refl\u00e8te la conviction que l&rsquo;int\u00e9gration r\u00e9gionale est la cl\u00e9 pour relever les d\u00e9fis communs du continent.<\/p>\n\n\n\n<p><strong>Hocine Fadheli<\/strong><\/p>\n","protected":false},"excerpt":{"rendered":"<p>Le Pr\u00e9sident de la R\u00e9publique, Abdelmadjid Tebboune, a re\u00e7u, hier, le Premier ministre, ministre de l&rsquo;Economie et des Finances de<\/p>\n","protected":false},"author":6,"featured_media":55732,"comment_status":"open","ping_status":"closed","sticky":false,"template":"","format":"standard","meta":{"colormag_page_container_layout":"default_layout","colormag_page_sidebar_layout":"default_layout","om_disable_all_campaigns":false,"_monsterinsights_skip_tracking":false,"_monsterinsights_sitenote_active":false,"_monsterinsights_sitenote_note":"","_monsterinsights_sitenote_category":0,"footnotes":"","_wpscppro_dont_share_socialmedia":false,"_wpscppro_custom_social_share_image":0,"_facebook_share_type":"default","_twitter_share_type":"default","_linkedin_share_type":"default","_pinterest_share_type":"default","_linkedin_share_type_page":"","_instagram_share_type":"default","_medium_share_type":"","_threads_share_type":"","_google_business_share_type":"","_selected_social_profile":[],"_wpsp_enable_custom_social_template":false,"_wpsp_social_scheduling":{"enabled":false,"datetime":null,"platforms":[],"status":"template_only","dateOption":"today","timeOption":"now","customDays":"","customHours":"","customDate":"","customTime":"","schedulingType":"absolute"},"_wpsp_active_default_template":true},"categories":[52,27],"tags":[],"class_list":["post-55731","post","type-post","status-publish","format-standard","has-post-thumbnail","hentry","category-a-la-une","category-actualite"],"aioseo_notices":[],"yoast_head":"<!-- This site is optimized with the Yoast SEO plugin v27.5 - https:\/\/yoast.com\/product\/yoast-seo-wordpress\/ -->\n<title>Alg\u00e9rie-Niger : \u00a0\u00bb Les zones d&rsquo;ombre ont \u00e9t\u00e9 lev\u00e9e\u00a0\u00bb - La Sentinelle<\/title>\n<meta name=\"robots\" content=\"index, follow, max-snippet:-1, max-image-preview:large, max-video-preview:-1\" \/>\n<link rel=\"canonical\" href=\"https:\/\/lasentinelle.dz\/index.php\/2024\/08\/14\/algerie-niger-les-zones-dombre-ont-ete-levee\/\" \/>\n<meta property=\"og:locale\" content=\"fr_FR\" \/>\n<meta property=\"og:type\" content=\"article\" \/>\n<meta property=\"og:title\" content=\"Alg\u00e9rie-Niger : \u00a0\u00bb Les zones d&rsquo;ombre ont \u00e9t\u00e9 lev\u00e9e\u00a0\u00bb - La Sentinelle\" \/>\n<meta property=\"og:description\" content=\"Le Pr\u00e9sident de la R\u00e9publique, Abdelmadjid Tebboune, a re\u00e7u, hier, le Premier ministre, ministre de l&rsquo;Economie et des Finances de\" \/>\n<meta property=\"og:url\" content=\"https:\/\/lasentinelle.dz\/index.php\/2024\/08\/14\/algerie-niger-les-zones-dombre-ont-ete-levee\/\" \/>\n<meta property=\"og:site_name\" content=\"La Sentinelle\" \/>\n<meta property=\"article:publisher\" content=\"https:\/\/www.facebook.com\/La-Sentinelle-104059864394773\" \/>\n<meta property=\"article:published_time\" content=\"2024-08-14T12:47:54+00:00\" \/>\n<meta property=\"article:modified_time\" content=\"2024-08-14T12:47:55+00:00\" \/>\n<meta property=\"og:image\" content=\"https:\/\/lasentinelle.dz\/wp-content\/uploads\/2024\/08\/tebboune-niger.jpg\" \/>\n\t<meta property=\"og:image:width\" content=\"2048\" \/>\n\t<meta property=\"og:image:height\" content=\"1366\" \/>\n\t<meta property=\"og:image:type\" content=\"image\/jpeg\" \/>\n<meta name=\"author\" content=\"admin\" \/>\n<meta name=\"twitter:card\" content=\"summary_large_image\" \/>\n<meta name=\"twitter:label1\" content=\"\u00c9crit par\" \/>\n\t<meta name=\"twitter:data1\" content=\"admin\" \/>\n\t<meta name=\"twitter:label2\" content=\"Dur\u00e9e de lecture estim\u00e9e\" \/>\n\t<meta name=\"twitter:data2\" content=\"4 minutes\" \/>\n<script type=\"application\/ld+json\" class=\"yoast-schema-graph\">{\"@context\":\"https:\\\/\\\/schema.org\",\"@graph\":[{\"@type\":\"Article\",\"@id\":\"https:\\\/\\\/lasentinelle.dz\\\/index.php\\\/2024\\\/08\\\/14\\\/algerie-niger-les-zones-dombre-ont-ete-levee\\\/#article\",\"isPartOf\":{\"@id\":\"https:\\\/\\\/lasentinelle.dz\\\/index.php\\\/2024\\\/08\\\/14\\\/algerie-niger-les-zones-dombre-ont-ete-levee\\\/\"},\"author\":{\"name\":\"admin\",\"@id\":\"https:\\\/\\\/lasentinelle.dz\\\/#\\\/schema\\\/person\\\/729ee0024f24e0b8c5ec17232f8e8b41\"},\"headline\":\"Alg\u00e9rie-Niger : \u00a0\u00bb Les zones d&rsquo;ombre ont \u00e9t\u00e9 lev\u00e9e\u00a0\u00bb\",\"datePublished\":\"2024-08-14T12:47:54+00:00\",\"dateModified\":\"2024-08-14T12:47:55+00:00\",\"mainEntityOfPage\":{\"@id\":\"https:\\\/\\\/lasentinelle.dz\\\/index.php\\\/2024\\\/08\\\/14\\\/algerie-niger-les-zones-dombre-ont-ete-levee\\\/\"},\"wordCount\":830,\"commentCount\":0,\"publisher\":{\"@id\":\"https:\\\/\\\/lasentinelle.dz\\\/#organization\"},\"image\":{\"@id\":\"https:\\\/\\\/lasentinelle.dz\\\/index.php\\\/2024\\\/08\\\/14\\\/algerie-niger-les-zones-dombre-ont-ete-levee\\\/#primaryimage\"},\"thumbnailUrl\":\"https:\\\/\\\/lasentinelle.dz\\\/wp-content\\\/uploads\\\/2024\\\/08\\\/tebboune-niger.jpg\",\"articleSection\":[\"\u00c0 la Une\",\"Actualit\u00e9\"],\"inLanguage\":\"fr-FR\",\"potentialAction\":[{\"@type\":\"CommentAction\",\"name\":\"Comment\",\"target\":[\"https:\\\/\\\/lasentinelle.dz\\\/index.php\\\/2024\\\/08\\\/14\\\/algerie-niger-les-zones-dombre-ont-ete-levee\\\/#respond\"]}]},{\"@type\":\"WebPage\",\"@id\":\"https:\\\/\\\/lasentinelle.dz\\\/index.php\\\/2024\\\/08\\\/14\\\/algerie-niger-les-zones-dombre-ont-ete-levee\\\/\",\"url\":\"https:\\\/\\\/lasentinelle.dz\\\/index.php\\\/2024\\\/08\\\/14\\\/algerie-niger-les-zones-dombre-ont-ete-levee\\\/\",\"name\":\"Alg\u00e9rie-Niger : \u00a0\u00bb Les zones d&rsquo;ombre ont \u00e9t\u00e9 lev\u00e9e\u00a0\u00bb - La Sentinelle\",\"isPartOf\":{\"@id\":\"https:\\\/\\\/lasentinelle.dz\\\/#website\"},\"primaryImageOfPage\":{\"@id\":\"https:\\\/\\\/lasentinelle.dz\\\/index.php\\\/2024\\\/08\\\/14\\\/algerie-niger-les-zones-dombre-ont-ete-levee\\\/#primaryimage\"},\"image\":{\"@id\":\"https:\\\/\\\/lasentinelle.dz\\\/index.php\\\/2024\\\/08\\\/14\\\/algerie-niger-les-zones-dombre-ont-ete-levee\\\/#primaryimage\"},\"thumbnailUrl\":\"https:\\\/\\\/lasentinelle.dz\\\/wp-content\\\/uploads\\\/2024\\\/08\\\/tebboune-niger.jpg\",\"datePublished\":\"2024-08-14T12:47:54+00:00\",\"dateModified\":\"2024-08-14T12:47:55+00:00\",\"breadcrumb\":{\"@id\":\"https:\\\/\\\/lasentinelle.dz\\\/index.php\\\/2024\\\/08\\\/14\\\/algerie-niger-les-zones-dombre-ont-ete-levee\\\/#breadcrumb\"},\"inLanguage\":\"fr-FR\",\"potentialAction\":[{\"@type\":\"ReadAction\",\"target\":[\"https:\\\/\\\/lasentinelle.dz\\\/index.php\\\/2024\\\/08\\\/14\\\/algerie-niger-les-zones-dombre-ont-ete-levee\\\/\"]}]},{\"@type\":\"ImageObject\",\"inLanguage\":\"fr-FR\",\"@id\":\"https:\\\/\\\/lasentinelle.dz\\\/index.php\\\/2024\\\/08\\\/14\\\/algerie-niger-les-zones-dombre-ont-ete-levee\\\/#primaryimage\",\"url\":\"https:\\\/\\\/lasentinelle.dz\\\/wp-content\\\/uploads\\\/2024\\\/08\\\/tebboune-niger.jpg\",\"contentUrl\":\"https:\\\/\\\/lasentinelle.dz\\\/wp-content\\\/uploads\\\/2024\\\/08\\\/tebboune-niger.jpg\",\"width\":2048,\"height\":1366},{\"@type\":\"BreadcrumbList\",\"@id\":\"https:\\\/\\\/lasentinelle.dz\\\/index.php\\\/2024\\\/08\\\/14\\\/algerie-niger-les-zones-dombre-ont-ete-levee\\\/#breadcrumb\",\"itemListElement\":[{\"@type\":\"ListItem\",\"position\":1,\"name\":\"Accueil\",\"item\":\"https:\\\/\\\/lasentinelle.dz\\\/\"},{\"@type\":\"ListItem\",\"position\":2,\"name\":\"Alg\u00e9rie-Niger : \u00a0\u00bb Les zones d&rsquo;ombre ont \u00e9t\u00e9 lev\u00e9e\u00a0\u00bb\"}]},{\"@type\":\"WebSite\",\"@id\":\"https:\\\/\\\/lasentinelle.dz\\\/#website\",\"url\":\"https:\\\/\\\/lasentinelle.dz\\\/\",\"name\":\"La Sentinelle\",\"description\":\"Quotidien national d&#039;information\",\"publisher\":{\"@id\":\"https:\\\/\\\/lasentinelle.dz\\\/#organization\"},\"potentialAction\":[{\"@type\":\"SearchAction\",\"target\":{\"@type\":\"EntryPoint\",\"urlTemplate\":\"https:\\\/\\\/lasentinelle.dz\\\/?s={search_term_string}\"},\"query-input\":{\"@type\":\"PropertyValueSpecification\",\"valueRequired\":true,\"valueName\":\"search_term_string\"}}],\"inLanguage\":\"fr-FR\"},{\"@type\":\"Organization\",\"@id\":\"https:\\\/\\\/lasentinelle.dz\\\/#organization\",\"name\":\"Quotidien La Sentinelle\",\"url\":\"https:\\\/\\\/lasentinelle.dz\\\/\",\"logo\":{\"@type\":\"ImageObject\",\"inLanguage\":\"fr-FR\",\"@id\":\"https:\\\/\\\/lasentinelle.dz\\\/#\\\/schema\\\/logo\\\/image\\\/\",\"url\":\"https:\\\/\\\/lasentinelle.dz\\\/wp-content\\\/uploads\\\/2021\\\/09\\\/logo-sentinelleSLOGAN-1.png\",\"contentUrl\":\"https:\\\/\\\/lasentinelle.dz\\\/wp-content\\\/uploads\\\/2021\\\/09\\\/logo-sentinelleSLOGAN-1.png\",\"width\":615,\"height\":142,\"caption\":\"Quotidien La Sentinelle\"},\"image\":{\"@id\":\"https:\\\/\\\/lasentinelle.dz\\\/#\\\/schema\\\/logo\\\/image\\\/\"},\"sameAs\":[\"https:\\\/\\\/www.facebook.com\\\/La-Sentinelle-104059864394773\"]},{\"@type\":\"Person\",\"@id\":\"https:\\\/\\\/lasentinelle.dz\\\/#\\\/schema\\\/person\\\/729ee0024f24e0b8c5ec17232f8e8b41\",\"name\":\"admin\",\"image\":{\"@type\":\"ImageObject\",\"inLanguage\":\"fr-FR\",\"@id\":\"https:\\\/\\\/secure.gravatar.com\\\/avatar\\\/4c81fed838786e9b53f540bf46533e750f5d292099ae3b66cfc6fb1982e29df7?s=96&d=mm&r=g\",\"url\":\"https:\\\/\\\/secure.gravatar.com\\\/avatar\\\/4c81fed838786e9b53f540bf46533e750f5d292099ae3b66cfc6fb1982e29df7?s=96&d=mm&r=g\",\"contentUrl\":\"https:\\\/\\\/secure.gravatar.com\\\/avatar\\\/4c81fed838786e9b53f540bf46533e750f5d292099ae3b66cfc6fb1982e29df7?s=96&d=mm&r=g\",\"caption\":\"admin\"},\"description\":\"admin\",\"url\":\"https:\\\/\\\/lasentinelle.dz\\\/author\\\/admin\\\/\"}]}<\/script>\n<!-- \/ Yoast SEO plugin. -->","yoast_head_json":{"title":"Alg\u00e9rie-Niger : \u00a0\u00bb Les zones d&rsquo;ombre ont \u00e9t\u00e9 lev\u00e9e\u00a0\u00bb - La Sentinelle","robots":{"index":"index","follow":"follow","max-snippet":"max-snippet:-1","max-image-preview":"max-image-preview:large","max-video-preview":"max-video-preview:-1"},"canonical":"https:\/\/lasentinelle.dz\/index.php\/2024\/08\/14\/algerie-niger-les-zones-dombre-ont-ete-levee\/","og_locale":"fr_FR","og_type":"article","og_title":"Alg\u00e9rie-Niger : \u00a0\u00bb Les zones d&rsquo;ombre ont \u00e9t\u00e9 lev\u00e9e\u00a0\u00bb - La Sentinelle","og_description":"Le Pr\u00e9sident de la R\u00e9publique, Abdelmadjid Tebboune, a re\u00e7u, hier, le Premier ministre, ministre de l&rsquo;Economie et des Finances de","og_url":"https:\/\/lasentinelle.dz\/index.php\/2024\/08\/14\/algerie-niger-les-zones-dombre-ont-ete-levee\/","og_site_name":"La Sentinelle","article_publisher":"https:\/\/www.facebook.com\/La-Sentinelle-104059864394773","article_published_time":"2024-08-14T12:47:54+00:00","article_modified_time":"2024-08-14T12:47:55+00:00","og_image":[{"width":2048,"height":1366,"url":"https:\/\/lasentinelle.dz\/wp-content\/uploads\/2024\/08\/tebboune-niger.jpg","type":"image\/jpeg"}],"author":"admin","twitter_card":"summary_large_image","twitter_misc":{"\u00c9crit par":"admin","Dur\u00e9e de lecture estim\u00e9e":"4 minutes"},"schema":{"@context":"https:\/\/schema.org","@graph":[{"@type":"Article","@id":"https:\/\/lasentinelle.dz\/index.php\/2024\/08\/14\/algerie-niger-les-zones-dombre-ont-ete-levee\/#article","isPartOf":{"@id":"https:\/\/lasentinelle.dz\/index.php\/2024\/08\/14\/algerie-niger-les-zones-dombre-ont-ete-levee\/"},"author":{"name":"admin","@id":"https:\/\/lasentinelle.dz\/#\/schema\/person\/729ee0024f24e0b8c5ec17232f8e8b41"},"headline":"Alg\u00e9rie-Niger : \u00a0\u00bb Les zones d&rsquo;ombre ont \u00e9t\u00e9 lev\u00e9e\u00a0\u00bb","datePublished":"2024-08-14T12:47:54+00:00","dateModified":"2024-08-14T12:47:55+00:00","mainEntityOfPage":{"@id":"https:\/\/lasentinelle.dz\/index.php\/2024\/08\/14\/algerie-niger-les-zones-dombre-ont-ete-levee\/"},"wordCount":830,"commentCount":0,"publisher":{"@id":"https:\/\/lasentinelle.dz\/#organization"},"image":{"@id":"https:\/\/lasentinelle.dz\/index.php\/2024\/08\/14\/algerie-niger-les-zones-dombre-ont-ete-levee\/#primaryimage"},"thumbnailUrl":"https:\/\/lasentinelle.dz\/wp-content\/uploads\/2024\/08\/tebboune-niger.jpg","articleSection":["\u00c0 la Une","Actualit\u00e9"],"inLanguage":"fr-FR","potentialAction":[{"@type":"CommentAction","name":"Comment","target":["https:\/\/lasentinelle.dz\/index.php\/2024\/08\/14\/algerie-niger-les-zones-dombre-ont-ete-levee\/#respond"]}]},{"@type":"WebPage","@id":"https:\/\/lasentinelle.dz\/index.php\/2024\/08\/14\/algerie-niger-les-zones-dombre-ont-ete-levee\/","url":"https:\/\/lasentinelle.dz\/index.php\/2024\/08\/14\/algerie-niger-les-zones-dombre-ont-ete-levee\/","name":"Alg\u00e9rie-Niger : \u00a0\u00bb Les zones d&rsquo;ombre ont \u00e9t\u00e9 lev\u00e9e\u00a0\u00bb - La Sentinelle","isPartOf":{"@id":"https:\/\/lasentinelle.dz\/#website"},"primaryImageOfPage":{"@id":"https:\/\/lasentinelle.dz\/index.php\/2024\/08\/14\/algerie-niger-les-zones-dombre-ont-ete-levee\/#primaryimage"},"image":{"@id":"https:\/\/lasentinelle.dz\/index.php\/2024\/08\/14\/algerie-niger-les-zones-dombre-ont-ete-levee\/#primaryimage"},"thumbnailUrl":"https:\/\/lasentinelle.dz\/wp-content\/uploads\/2024\/08\/tebboune-niger.jpg","datePublished":"2024-08-14T12:47:54+00:00","dateModified":"2024-08-14T12:47:55+00:00","breadcrumb":{"@id":"https:\/\/lasentinelle.dz\/index.php\/2024\/08\/14\/algerie-niger-les-zones-dombre-ont-ete-levee\/#breadcrumb"},"inLanguage":"fr-FR","potentialAction":[{"@type":"ReadAction","target":["https:\/\/lasentinelle.dz\/index.php\/2024\/08\/14\/algerie-niger-les-zones-dombre-ont-ete-levee\/"]}]},{"@type":"ImageObject","inLanguage":"fr-FR","@id":"https:\/\/lasentinelle.dz\/index.php\/2024\/08\/14\/algerie-niger-les-zones-dombre-ont-ete-levee\/#primaryimage","url":"https:\/\/lasentinelle.dz\/wp-content\/uploads\/2024\/08\/tebboune-niger.jpg","contentUrl":"https:\/\/lasentinelle.dz\/wp-content\/uploads\/2024\/08\/tebboune-niger.jpg","width":2048,"height":1366},{"@type":"BreadcrumbList","@id":"https:\/\/lasentinelle.dz\/index.php\/2024\/08\/14\/algerie-niger-les-zones-dombre-ont-ete-levee\/#breadcrumb","itemListElement":[{"@type":"ListItem","position":1,"name":"Accueil","item":"https:\/\/lasentinelle.dz\/"},{"@type":"ListItem","position":2,"name":"Alg\u00e9rie-Niger : \u00a0\u00bb Les zones d&rsquo;ombre ont \u00e9t\u00e9 lev\u00e9e\u00a0\u00bb"}]},{"@type":"WebSite","@id":"https:\/\/lasentinelle.dz\/#website","url":"https:\/\/lasentinelle.dz\/","name":"La Sentinelle","description":"Quotidien national d&#039;information","publisher":{"@id":"https:\/\/lasentinelle.dz\/#organization"},"potentialAction":[{"@type":"SearchAction","target":{"@type":"EntryPoint","urlTemplate":"https:\/\/lasentinelle.dz\/?s={search_term_string}"},"query-input":{"@type":"PropertyValueSpecification","valueRequired":true,"valueName":"search_term_string"}}],"inLanguage":"fr-FR"},{"@type":"Organization","@id":"https:\/\/lasentinelle.dz\/#organization","name":"Quotidien La Sentinelle","url":"https:\/\/lasentinelle.dz\/","logo":{"@type":"ImageObject","inLanguage":"fr-FR","@id":"https:\/\/lasentinelle.dz\/#\/schema\/logo\/image\/","url":"https:\/\/lasentinelle.dz\/wp-content\/uploads\/2021\/09\/logo-sentinelleSLOGAN-1.png","contentUrl":"https:\/\/lasentinelle.dz\/wp-content\/uploads\/2021\/09\/logo-sentinelleSLOGAN-1.png","width":615,"height":142,"caption":"Quotidien La Sentinelle"},"image":{"@id":"https:\/\/lasentinelle.dz\/#\/schema\/logo\/image\/"},"sameAs":["https:\/\/www.facebook.com\/La-Sentinelle-104059864394773"]},{"@type":"Person","@id":"https:\/\/lasentinelle.dz\/#\/schema\/person\/729ee0024f24e0b8c5ec17232f8e8b41","name":"admin","image":{"@type":"ImageObject","inLanguage":"fr-FR","@id":"https:\/\/secure.gravatar.com\/avatar\/4c81fed838786e9b53f540bf46533e750f5d292099ae3b66cfc6fb1982e29df7?s=96&d=mm&r=g","url":"https:\/\/secure.gravatar.com\/avatar\/4c81fed838786e9b53f540bf46533e750f5d292099ae3b66cfc6fb1982e29df7?s=96&d=mm&r=g","contentUrl":"https:\/\/secure.gravatar.com\/avatar\/4c81fed838786e9b53f540bf46533e750f5d292099ae3b66cfc6fb1982e29df7?s=96&d=mm&r=g","caption":"admin"},"description":"admin","url":"https:\/\/lasentinelle.dz\/author\/admin\/"}]}},"_links":{"self":[{"href":"https:\/\/lasentinelle.dz\/index.php\/wp-json\/wp\/v2\/posts\/55731","targetHints":{"allow":["GET"]}}],"collection":[{"href":"https:\/\/lasentinelle.dz\/index.php\/wp-json\/wp\/v2\/posts"}],"about":[{"href":"https:\/\/lasentinelle.dz\/index.php\/wp-json\/wp\/v2\/types\/post"}],"author":[{"embeddable":true,"href":"https:\/\/lasentinelle.dz\/index.php\/wp-json\/wp\/v2\/users\/6"}],"replies":[{"embeddable":true,"href":"https:\/\/lasentinelle.dz\/index.php\/wp-json\/wp\/v2\/comments?post=55731"}],"version-history":[{"count":2,"href":"https:\/\/lasentinelle.dz\/index.php\/wp-json\/wp\/v2\/posts\/55731\/revisions"}],"predecessor-version":[{"id":55734,"href":"https:\/\/lasentinelle.dz\/index.php\/wp-json\/wp\/v2\/posts\/55731\/revisions\/55734"}],"wp:featuredmedia":[{"embeddable":true,"href":"https:\/\/lasentinelle.dz\/index.php\/wp-json\/wp\/v2\/media\/55732"}],"wp:attachment":[{"href":"https:\/\/lasentinelle.dz\/index.php\/wp-json\/wp\/v2\/media?parent=55731"}],"wp:term":[{"taxonomy":"category","embeddable":true,"href":"https:\/\/lasentinelle.dz\/index.php\/wp-json\/wp\/v2\/categories?post=55731"},{"taxonomy":"post_tag","embeddable":true,"href":"https:\/\/lasentinelle.dz\/index.php\/wp-json\/wp\/v2\/tags?post=55731"}],"curies":[{"name":"wp","href":"https:\/\/api.w.org\/{rel}","templated":true}]}}