{"id":55775,"date":"2024-08-14T22:31:05","date_gmt":"2024-08-14T21:31:05","guid":{"rendered":"https:\/\/lasentinelle.dz\/?p=55775"},"modified":"2024-08-17T22:31:46","modified_gmt":"2024-08-17T21:31:46","slug":"mohamed-charfi-lanie-est-entierement-prete-pour-organiser-lelection","status":"publish","type":"post","link":"https:\/\/lasentinelle.dz\/index.php\/2024\/08\/14\/mohamed-charfi-lanie-est-entierement-prete-pour-organiser-lelection\/","title":{"rendered":"Mohamed Charfi: L&rsquo;ANIE est \u00ab\u00a0enti\u00e8rement pr\u00eate\u00a0\u00bb pour organiser l&rsquo;\u00e9lection"},"content":{"rendered":"\n<p>\u00c0 la veille du lancement de la campagne \u00e9lectorale pour la pr\u00e9sidentielle alg\u00e9rienne du 7 septembre 2024, l&rsquo;Autorit\u00e9 nationale ind\u00e9pendante des \u00e9lections (ANIE) affiche sa pleine pr\u00e9paration pour l&rsquo;organisation de l&rsquo;\u00e9lection pr\u00e9sidentielle pr\u00e9vue le 7 septembre prochain.<\/p>\n\n\n\n<p>Mohamed Charfi, pr\u00e9sident de l&rsquo;ANIE, a d\u00e9clar\u00e9 a ainsi assur\u00e9 hier, lors d&rsquo;une conf\u00e9rence de presse \u00e0 Alger que son institution est \u00ab\u00a0enti\u00e8rement pr\u00eate\u00a0\u00bb pour organiser l&rsquo;\u00e9lection pr\u00e9sidentielle. Il a soulign\u00e9 l&rsquo;engagement de l&rsquo;ANIE \u00e0 respecter ses missions constitutionnelles de \u00ab\u00a0neutralit\u00e9, de transparence et de pr\u00e9servation du libre choix de l&rsquo;\u00e9lecteur\u00a0\u00bb. La campagne \u00e9lectorale, qui d\u00e9butera aujourd&rsquo;hui et se poursuivra jusqu&rsquo;au 3 septembre, sera \u00e9troitement encadr\u00e9e par l&rsquo;ANIE. M. Charfi a pr\u00e9cis\u00e9 que l&rsquo;autorit\u00e9 \u00ab\u00a0accompagnera ce rendez-vous important \u00e0 plusieurs niveaux en coordination avec les organes habilit\u00e9s\u00a0\u00bb. Cela inclut le suivi du d\u00e9roulement des meetings conform\u00e9ment aux dispositions l\u00e9gales et la garantie de l&rsquo;\u00e9galit\u00e9 des plages horaires d&rsquo;intervention des candidats dans les m\u00e9dias audiovisuels.<\/p>\n\n\n\n<p>L&rsquo;int\u00e9r\u00eat international pour cette \u00e9lection est notable. L&rsquo;ANIE a re\u00e7u 87 demandes d&rsquo;accr\u00e9ditation de la presse \u00e9trang\u00e8re pour couvrir l&rsquo;\u00e9v\u00e9nement, dont 50 ont \u00e9t\u00e9 examin\u00e9es et 27 accept\u00e9es \u00e0 ce jour.<\/p>\n\n\n\n<p>Pour encadrer le vote de la diaspora alg\u00e9rienne, l&rsquo;ANIE a d\u00e9ploy\u00e9 117 commissions \u00e0 l&rsquo;\u00e9tranger. Elles sont r\u00e9parties comme suit : 18 en France, 30 dans le reste des pays europ\u00e9ens, 22 dans les pays arabes, 21 en Afrique, et 26 en Asie et en Am\u00e9rique.<\/p>\n\n\n\n<p>Les chiffres du corps \u00e9lectoral, r\u00e9v\u00e9l\u00e9s lors d&rsquo;un point de presse au Centre international des conf\u00e9rences \u00ab\u00a0Abdelatif-Rahal\u00a0\u00bb, t\u00e9moignent de l&rsquo;ampleur de cette \u00e9lection. \u00c0 l&rsquo;int\u00e9rieur du pays, 23.486.061 \u00e9lecteurs sont inscrits sur les listes \u00e9lectorales. Parmi eux, 47% sont des femmes et 53% des hommes. Un fait notable est la forte proportion de jeunes \u00e9lecteurs : 36% des inscrits ont moins de 40 ans.<\/p>\n\n\n\n<p>\u00c0 l&rsquo;\u00e9tranger, le corps \u00e9lectoral compte 865.490 inscrits, avec une r\u00e9partition l\u00e9g\u00e8rement diff\u00e9rente : 45% de femmes et 55% d&rsquo;hommes. La proportion de jeunes \u00e9lecteurs y est moins importante, avec 15% d&rsquo;inscrits \u00e2g\u00e9s de moins de 40 ans. Ces chiffres sont le r\u00e9sultat de la r\u00e9vision exceptionnelle des listes \u00e9lectorales organis\u00e9e entre le 12 et le 27 juin. Durant cette p\u00e9riode, l&rsquo;ANIE a enregistr\u00e9 10.092 demandes d&rsquo;attestation d&rsquo;inscription en ligne, 5.993 demandes de copie de la carte d&rsquo;\u00e9lecteur, 5.052 demandes de changement de r\u00e9sidence, ainsi que 21.115 nouvelles inscriptions. Cette \u00e9lection pr\u00e9sidentielle rev\u00eat une importance capitale. &nbsp;Alors que la campagne commence, tous les regards sont tourn\u00e9s vers les candidats et leurs programmes. Les vingt jours \u00e0 venir promettent d&rsquo;\u00eatre intenses et riches en d\u00e9bats sur l&rsquo;avenir de la nation alg\u00e9rienne.<\/p>\n\n\n\n<p>Chokri Hafed<\/p>\n","protected":false},"excerpt":{"rendered":"<p>\u00c0 la veille du lancement de la campagne \u00e9lectorale pour la pr\u00e9sidentielle alg\u00e9rienne du 7 septembre 2024, l&rsquo;Autorit\u00e9 nationale ind\u00e9pendante<\/p>\n","protected":false},"author":6,"featured_media":11773,"comment_status":"open","ping_status":"closed","sticky":false,"template":"","format":"standard","meta":{"colormag_page_container_layout":"default_layout","colormag_page_sidebar_layout":"default_layout","om_disable_all_campaigns":false,"_monsterinsights_skip_tracking":false,"_monsterinsights_sitenote_active":false,"_monsterinsights_sitenote_note":"","_monsterinsights_sitenote_category":0,"footnotes":"","_wpscppro_dont_share_socialmedia":false,"_wpscppro_custom_social_share_image":0,"_facebook_share_type":"default","_twitter_share_type":"default","_linkedin_share_type":"default","_pinterest_share_type":"default","_linkedin_share_type_page":"","_instagram_share_type":"default","_medium_share_type":"","_threads_share_type":"","_google_business_share_type":"","_selected_social_profile":[],"_wpsp_enable_custom_social_template":false,"_wpsp_social_scheduling":{"enabled":false,"datetime":null,"platforms":[],"status":"template_only","dateOption":"today","timeOption":"now","customDays":"","customHours":"","customDate":"","customTime":"","schedulingType":"absolute"},"_wpsp_active_default_template":true},"categories":[87],"tags":[],"class_list":["post-55775","post","type-post","status-publish","format-standard","has-post-thumbnail","hentry","category-presidentielle-2024"],"aioseo_notices":[],"yoast_head":"<!-- This site is optimized with the Yoast SEO plugin v27.5 - https:\/\/yoast.com\/product\/yoast-seo-wordpress\/ -->\n<title>Mohamed Charfi: L&rsquo;ANIE est \u00ab\u00a0enti\u00e8rement pr\u00eate\u00a0\u00bb pour organiser l&rsquo;\u00e9lection - La Sentinelle<\/title>\n<meta name=\"robots\" content=\"index, follow, max-snippet:-1, max-image-preview:large, max-video-preview:-1\" \/>\n<link rel=\"canonical\" href=\"https:\/\/lasentinelle.dz\/index.php\/2024\/08\/14\/mohamed-charfi-lanie-est-entierement-prete-pour-organiser-lelection\/\" \/>\n<meta property=\"og:locale\" content=\"fr_FR\" \/>\n<meta property=\"og:type\" content=\"article\" \/>\n<meta property=\"og:title\" content=\"Mohamed Charfi: L&rsquo;ANIE est \u00ab\u00a0enti\u00e8rement pr\u00eate\u00a0\u00bb pour organiser l&rsquo;\u00e9lection - La Sentinelle\" \/>\n<meta property=\"og:description\" content=\"\u00c0 la veille du lancement de la campagne \u00e9lectorale pour la pr\u00e9sidentielle alg\u00e9rienne du 7 septembre 2024, l&rsquo;Autorit\u00e9 nationale ind\u00e9pendante\" \/>\n<meta property=\"og:url\" content=\"https:\/\/lasentinelle.dz\/index.php\/2024\/08\/14\/mohamed-charfi-lanie-est-entierement-prete-pour-organiser-lelection\/\" \/>\n<meta property=\"og:site_name\" content=\"La Sentinelle\" \/>\n<meta property=\"article:publisher\" content=\"https:\/\/www.facebook.com\/La-Sentinelle-104059864394773\" \/>\n<meta property=\"article:published_time\" content=\"2024-08-14T21:31:05+00:00\" \/>\n<meta property=\"article:modified_time\" content=\"2024-08-17T21:31:46+00:00\" \/>\n<meta property=\"og:image\" content=\"https:\/\/lasentinelle.dz\/wp-content\/uploads\/2021\/10\/Mohamed-Charfi.jpeg\" \/>\n\t<meta property=\"og:image:width\" content=\"745\" \/>\n\t<meta property=\"og:image:height\" content=\"470\" \/>\n\t<meta property=\"og:image:type\" content=\"image\/jpeg\" \/>\n<meta name=\"author\" content=\"admin\" \/>\n<meta name=\"twitter:card\" content=\"summary_large_image\" \/>\n<meta name=\"twitter:label1\" content=\"\u00c9crit par\" \/>\n\t<meta name=\"twitter:data1\" content=\"admin\" \/>\n\t<meta name=\"twitter:label2\" content=\"Dur\u00e9e de lecture estim\u00e9e\" \/>\n\t<meta name=\"twitter:data2\" content=\"3 minutes\" \/>\n<script type=\"application\/ld+json\" class=\"yoast-schema-graph\">{\"@context\":\"https:\\\/\\\/schema.org\",\"@graph\":[{\"@type\":\"Article\",\"@id\":\"https:\\\/\\\/lasentinelle.dz\\\/index.php\\\/2024\\\/08\\\/14\\\/mohamed-charfi-lanie-est-entierement-prete-pour-organiser-lelection\\\/#article\",\"isPartOf\":{\"@id\":\"https:\\\/\\\/lasentinelle.dz\\\/index.php\\\/2024\\\/08\\\/14\\\/mohamed-charfi-lanie-est-entierement-prete-pour-organiser-lelection\\\/\"},\"author\":{\"name\":\"admin\",\"@id\":\"https:\\\/\\\/lasentinelle.dz\\\/#\\\/schema\\\/person\\\/729ee0024f24e0b8c5ec17232f8e8b41\"},\"headline\":\"Mohamed Charfi: L&rsquo;ANIE est \u00ab\u00a0enti\u00e8rement pr\u00eate\u00a0\u00bb pour organiser l&rsquo;\u00e9lection\",\"datePublished\":\"2024-08-14T21:31:05+00:00\",\"dateModified\":\"2024-08-17T21:31:46+00:00\",\"mainEntityOfPage\":{\"@id\":\"https:\\\/\\\/lasentinelle.dz\\\/index.php\\\/2024\\\/08\\\/14\\\/mohamed-charfi-lanie-est-entierement-prete-pour-organiser-lelection\\\/\"},\"wordCount\":487,\"commentCount\":0,\"publisher\":{\"@id\":\"https:\\\/\\\/lasentinelle.dz\\\/#organization\"},\"image\":{\"@id\":\"https:\\\/\\\/lasentinelle.dz\\\/index.php\\\/2024\\\/08\\\/14\\\/mohamed-charfi-lanie-est-entierement-prete-pour-organiser-lelection\\\/#primaryimage\"},\"thumbnailUrl\":\"https:\\\/\\\/lasentinelle.dz\\\/wp-content\\\/uploads\\\/2021\\\/10\\\/Mohamed-Charfi.jpeg\",\"articleSection\":[\"Pr\u00e9sidentielle 2024\"],\"inLanguage\":\"fr-FR\",\"potentialAction\":[{\"@type\":\"CommentAction\",\"name\":\"Comment\",\"target\":[\"https:\\\/\\\/lasentinelle.dz\\\/index.php\\\/2024\\\/08\\\/14\\\/mohamed-charfi-lanie-est-entierement-prete-pour-organiser-lelection\\\/#respond\"]}]},{\"@type\":\"WebPage\",\"@id\":\"https:\\\/\\\/lasentinelle.dz\\\/index.php\\\/2024\\\/08\\\/14\\\/mohamed-charfi-lanie-est-entierement-prete-pour-organiser-lelection\\\/\",\"url\":\"https:\\\/\\\/lasentinelle.dz\\\/index.php\\\/2024\\\/08\\\/14\\\/mohamed-charfi-lanie-est-entierement-prete-pour-organiser-lelection\\\/\",\"name\":\"Mohamed Charfi: L&rsquo;ANIE est \u00ab\u00a0enti\u00e8rement pr\u00eate\u00a0\u00bb pour organiser l&rsquo;\u00e9lection - La Sentinelle\",\"isPartOf\":{\"@id\":\"https:\\\/\\\/lasentinelle.dz\\\/#website\"},\"primaryImageOfPage\":{\"@id\":\"https:\\\/\\\/lasentinelle.dz\\\/index.php\\\/2024\\\/08\\\/14\\\/mohamed-charfi-lanie-est-entierement-prete-pour-organiser-lelection\\\/#primaryimage\"},\"image\":{\"@id\":\"https:\\\/\\\/lasentinelle.dz\\\/index.php\\\/2024\\\/08\\\/14\\\/mohamed-charfi-lanie-est-entierement-prete-pour-organiser-lelection\\\/#primaryimage\"},\"thumbnailUrl\":\"https:\\\/\\\/lasentinelle.dz\\\/wp-content\\\/uploads\\\/2021\\\/10\\\/Mohamed-Charfi.jpeg\",\"datePublished\":\"2024-08-14T21:31:05+00:00\",\"dateModified\":\"2024-08-17T21:31:46+00:00\",\"breadcrumb\":{\"@id\":\"https:\\\/\\\/lasentinelle.dz\\\/index.php\\\/2024\\\/08\\\/14\\\/mohamed-charfi-lanie-est-entierement-prete-pour-organiser-lelection\\\/#breadcrumb\"},\"inLanguage\":\"fr-FR\",\"potentialAction\":[{\"@type\":\"ReadAction\",\"target\":[\"https:\\\/\\\/lasentinelle.dz\\\/index.php\\\/2024\\\/08\\\/14\\\/mohamed-charfi-lanie-est-entierement-prete-pour-organiser-lelection\\\/\"]}]},{\"@type\":\"ImageObject\",\"inLanguage\":\"fr-FR\",\"@id\":\"https:\\\/\\\/lasentinelle.dz\\\/index.php\\\/2024\\\/08\\\/14\\\/mohamed-charfi-lanie-est-entierement-prete-pour-organiser-lelection\\\/#primaryimage\",\"url\":\"https:\\\/\\\/lasentinelle.dz\\\/wp-content\\\/uploads\\\/2021\\\/10\\\/Mohamed-Charfi.jpeg\",\"contentUrl\":\"https:\\\/\\\/lasentinelle.dz\\\/wp-content\\\/uploads\\\/2021\\\/10\\\/Mohamed-Charfi.jpeg\",\"width\":745,\"height\":470},{\"@type\":\"BreadcrumbList\",\"@id\":\"https:\\\/\\\/lasentinelle.dz\\\/index.php\\\/2024\\\/08\\\/14\\\/mohamed-charfi-lanie-est-entierement-prete-pour-organiser-lelection\\\/#breadcrumb\",\"itemListElement\":[{\"@type\":\"ListItem\",\"position\":1,\"name\":\"Accueil\",\"item\":\"https:\\\/\\\/lasentinelle.dz\\\/\"},{\"@type\":\"ListItem\",\"position\":2,\"name\":\"Mohamed Charfi: L&rsquo;ANIE est \u00ab\u00a0enti\u00e8rement pr\u00eate\u00a0\u00bb pour organiser l&rsquo;\u00e9lection\"}]},{\"@type\":\"WebSite\",\"@id\":\"https:\\\/\\\/lasentinelle.dz\\\/#website\",\"url\":\"https:\\\/\\\/lasentinelle.dz\\\/\",\"name\":\"La Sentinelle\",\"description\":\"Quotidien national d&#039;information\",\"publisher\":{\"@id\":\"https:\\\/\\\/lasentinelle.dz\\\/#organization\"},\"potentialAction\":[{\"@type\":\"SearchAction\",\"target\":{\"@type\":\"EntryPoint\",\"urlTemplate\":\"https:\\\/\\\/lasentinelle.dz\\\/?s={search_term_string}\"},\"query-input\":{\"@type\":\"PropertyValueSpecification\",\"valueRequired\":true,\"valueName\":\"search_term_string\"}}],\"inLanguage\":\"fr-FR\"},{\"@type\":\"Organization\",\"@id\":\"https:\\\/\\\/lasentinelle.dz\\\/#organization\",\"name\":\"Quotidien La Sentinelle\",\"url\":\"https:\\\/\\\/lasentinelle.dz\\\/\",\"logo\":{\"@type\":\"ImageObject\",\"inLanguage\":\"fr-FR\",\"@id\":\"https:\\\/\\\/lasentinelle.dz\\\/#\\\/schema\\\/logo\\\/image\\\/\",\"url\":\"https:\\\/\\\/lasentinelle.dz\\\/wp-content\\\/uploads\\\/2021\\\/09\\\/logo-sentinelleSLOGAN-1.png\",\"contentUrl\":\"https:\\\/\\\/lasentinelle.dz\\\/wp-content\\\/uploads\\\/2021\\\/09\\\/logo-sentinelleSLOGAN-1.png\",\"width\":615,\"height\":142,\"caption\":\"Quotidien La Sentinelle\"},\"image\":{\"@id\":\"https:\\\/\\\/lasentinelle.dz\\\/#\\\/schema\\\/logo\\\/image\\\/\"},\"sameAs\":[\"https:\\\/\\\/www.facebook.com\\\/La-Sentinelle-104059864394773\"]},{\"@type\":\"Person\",\"@id\":\"https:\\\/\\\/lasentinelle.dz\\\/#\\\/schema\\\/person\\\/729ee0024f24e0b8c5ec17232f8e8b41\",\"name\":\"admin\",\"image\":{\"@type\":\"ImageObject\",\"inLanguage\":\"fr-FR\",\"@id\":\"https:\\\/\\\/secure.gravatar.com\\\/avatar\\\/4c81fed838786e9b53f540bf46533e750f5d292099ae3b66cfc6fb1982e29df7?s=96&d=mm&r=g\",\"url\":\"https:\\\/\\\/secure.gravatar.com\\\/avatar\\\/4c81fed838786e9b53f540bf46533e750f5d292099ae3b66cfc6fb1982e29df7?s=96&d=mm&r=g\",\"contentUrl\":\"https:\\\/\\\/secure.gravatar.com\\\/avatar\\\/4c81fed838786e9b53f540bf46533e750f5d292099ae3b66cfc6fb1982e29df7?s=96&d=mm&r=g\",\"caption\":\"admin\"},\"description\":\"admin\",\"url\":\"https:\\\/\\\/lasentinelle.dz\\\/author\\\/admin\\\/\"}]}<\/script>\n<!-- \/ Yoast SEO plugin. -->","yoast_head_json":{"title":"Mohamed Charfi: L&rsquo;ANIE est \u00ab\u00a0enti\u00e8rement pr\u00eate\u00a0\u00bb pour organiser l&rsquo;\u00e9lection - La Sentinelle","robots":{"index":"index","follow":"follow","max-snippet":"max-snippet:-1","max-image-preview":"max-image-preview:large","max-video-preview":"max-video-preview:-1"},"canonical":"https:\/\/lasentinelle.dz\/index.php\/2024\/08\/14\/mohamed-charfi-lanie-est-entierement-prete-pour-organiser-lelection\/","og_locale":"fr_FR","og_type":"article","og_title":"Mohamed Charfi: L&rsquo;ANIE est \u00ab\u00a0enti\u00e8rement pr\u00eate\u00a0\u00bb pour organiser l&rsquo;\u00e9lection - La Sentinelle","og_description":"\u00c0 la veille du lancement de la campagne \u00e9lectorale pour la pr\u00e9sidentielle alg\u00e9rienne du 7 septembre 2024, l&rsquo;Autorit\u00e9 nationale ind\u00e9pendante","og_url":"https:\/\/lasentinelle.dz\/index.php\/2024\/08\/14\/mohamed-charfi-lanie-est-entierement-prete-pour-organiser-lelection\/","og_site_name":"La Sentinelle","article_publisher":"https:\/\/www.facebook.com\/La-Sentinelle-104059864394773","article_published_time":"2024-08-14T21:31:05+00:00","article_modified_time":"2024-08-17T21:31:46+00:00","og_image":[{"width":745,"height":470,"url":"https:\/\/lasentinelle.dz\/wp-content\/uploads\/2021\/10\/Mohamed-Charfi.jpeg","type":"image\/jpeg"}],"author":"admin","twitter_card":"summary_large_image","twitter_misc":{"\u00c9crit par":"admin","Dur\u00e9e de lecture estim\u00e9e":"3 minutes"},"schema":{"@context":"https:\/\/schema.org","@graph":[{"@type":"Article","@id":"https:\/\/lasentinelle.dz\/index.php\/2024\/08\/14\/mohamed-charfi-lanie-est-entierement-prete-pour-organiser-lelection\/#article","isPartOf":{"@id":"https:\/\/lasentinelle.dz\/index.php\/2024\/08\/14\/mohamed-charfi-lanie-est-entierement-prete-pour-organiser-lelection\/"},"author":{"name":"admin","@id":"https:\/\/lasentinelle.dz\/#\/schema\/person\/729ee0024f24e0b8c5ec17232f8e8b41"},"headline":"Mohamed Charfi: L&rsquo;ANIE est \u00ab\u00a0enti\u00e8rement pr\u00eate\u00a0\u00bb pour organiser l&rsquo;\u00e9lection","datePublished":"2024-08-14T21:31:05+00:00","dateModified":"2024-08-17T21:31:46+00:00","mainEntityOfPage":{"@id":"https:\/\/lasentinelle.dz\/index.php\/2024\/08\/14\/mohamed-charfi-lanie-est-entierement-prete-pour-organiser-lelection\/"},"wordCount":487,"commentCount":0,"publisher":{"@id":"https:\/\/lasentinelle.dz\/#organization"},"image":{"@id":"https:\/\/lasentinelle.dz\/index.php\/2024\/08\/14\/mohamed-charfi-lanie-est-entierement-prete-pour-organiser-lelection\/#primaryimage"},"thumbnailUrl":"https:\/\/lasentinelle.dz\/wp-content\/uploads\/2021\/10\/Mohamed-Charfi.jpeg","articleSection":["Pr\u00e9sidentielle 2024"],"inLanguage":"fr-FR","potentialAction":[{"@type":"CommentAction","name":"Comment","target":["https:\/\/lasentinelle.dz\/index.php\/2024\/08\/14\/mohamed-charfi-lanie-est-entierement-prete-pour-organiser-lelection\/#respond"]}]},{"@type":"WebPage","@id":"https:\/\/lasentinelle.dz\/index.php\/2024\/08\/14\/mohamed-charfi-lanie-est-entierement-prete-pour-organiser-lelection\/","url":"https:\/\/lasentinelle.dz\/index.php\/2024\/08\/14\/mohamed-charfi-lanie-est-entierement-prete-pour-organiser-lelection\/","name":"Mohamed Charfi: L&rsquo;ANIE est \u00ab\u00a0enti\u00e8rement pr\u00eate\u00a0\u00bb pour organiser l&rsquo;\u00e9lection - La Sentinelle","isPartOf":{"@id":"https:\/\/lasentinelle.dz\/#website"},"primaryImageOfPage":{"@id":"https:\/\/lasentinelle.dz\/index.php\/2024\/08\/14\/mohamed-charfi-lanie-est-entierement-prete-pour-organiser-lelection\/#primaryimage"},"image":{"@id":"https:\/\/lasentinelle.dz\/index.php\/2024\/08\/14\/mohamed-charfi-lanie-est-entierement-prete-pour-organiser-lelection\/#primaryimage"},"thumbnailUrl":"https:\/\/lasentinelle.dz\/wp-content\/uploads\/2021\/10\/Mohamed-Charfi.jpeg","datePublished":"2024-08-14T21:31:05+00:00","dateModified":"2024-08-17T21:31:46+00:00","breadcrumb":{"@id":"https:\/\/lasentinelle.dz\/index.php\/2024\/08\/14\/mohamed-charfi-lanie-est-entierement-prete-pour-organiser-lelection\/#breadcrumb"},"inLanguage":"fr-FR","potentialAction":[{"@type":"ReadAction","target":["https:\/\/lasentinelle.dz\/index.php\/2024\/08\/14\/mohamed-charfi-lanie-est-entierement-prete-pour-organiser-lelection\/"]}]},{"@type":"ImageObject","inLanguage":"fr-FR","@id":"https:\/\/lasentinelle.dz\/index.php\/2024\/08\/14\/mohamed-charfi-lanie-est-entierement-prete-pour-organiser-lelection\/#primaryimage","url":"https:\/\/lasentinelle.dz\/wp-content\/uploads\/2021\/10\/Mohamed-Charfi.jpeg","contentUrl":"https:\/\/lasentinelle.dz\/wp-content\/uploads\/2021\/10\/Mohamed-Charfi.jpeg","width":745,"height":470},{"@type":"BreadcrumbList","@id":"https:\/\/lasentinelle.dz\/index.php\/2024\/08\/14\/mohamed-charfi-lanie-est-entierement-prete-pour-organiser-lelection\/#breadcrumb","itemListElement":[{"@type":"ListItem","position":1,"name":"Accueil","item":"https:\/\/lasentinelle.dz\/"},{"@type":"ListItem","position":2,"name":"Mohamed Charfi: L&rsquo;ANIE est \u00ab\u00a0enti\u00e8rement pr\u00eate\u00a0\u00bb pour organiser l&rsquo;\u00e9lection"}]},{"@type":"WebSite","@id":"https:\/\/lasentinelle.dz\/#website","url":"https:\/\/lasentinelle.dz\/","name":"La Sentinelle","description":"Quotidien national d&#039;information","publisher":{"@id":"https:\/\/lasentinelle.dz\/#organization"},"potentialAction":[{"@type":"SearchAction","target":{"@type":"EntryPoint","urlTemplate":"https:\/\/lasentinelle.dz\/?s={search_term_string}"},"query-input":{"@type":"PropertyValueSpecification","valueRequired":true,"valueName":"search_term_string"}}],"inLanguage":"fr-FR"},{"@type":"Organization","@id":"https:\/\/lasentinelle.dz\/#organization","name":"Quotidien La Sentinelle","url":"https:\/\/lasentinelle.dz\/","logo":{"@type":"ImageObject","inLanguage":"fr-FR","@id":"https:\/\/lasentinelle.dz\/#\/schema\/logo\/image\/","url":"https:\/\/lasentinelle.dz\/wp-content\/uploads\/2021\/09\/logo-sentinelleSLOGAN-1.png","contentUrl":"https:\/\/lasentinelle.dz\/wp-content\/uploads\/2021\/09\/logo-sentinelleSLOGAN-1.png","width":615,"height":142,"caption":"Quotidien La Sentinelle"},"image":{"@id":"https:\/\/lasentinelle.dz\/#\/schema\/logo\/image\/"},"sameAs":["https:\/\/www.facebook.com\/La-Sentinelle-104059864394773"]},{"@type":"Person","@id":"https:\/\/lasentinelle.dz\/#\/schema\/person\/729ee0024f24e0b8c5ec17232f8e8b41","name":"admin","image":{"@type":"ImageObject","inLanguage":"fr-FR","@id":"https:\/\/secure.gravatar.com\/avatar\/4c81fed838786e9b53f540bf46533e750f5d292099ae3b66cfc6fb1982e29df7?s=96&d=mm&r=g","url":"https:\/\/secure.gravatar.com\/avatar\/4c81fed838786e9b53f540bf46533e750f5d292099ae3b66cfc6fb1982e29df7?s=96&d=mm&r=g","contentUrl":"https:\/\/secure.gravatar.com\/avatar\/4c81fed838786e9b53f540bf46533e750f5d292099ae3b66cfc6fb1982e29df7?s=96&d=mm&r=g","caption":"admin"},"description":"admin","url":"https:\/\/lasentinelle.dz\/author\/admin\/"}]}},"_links":{"self":[{"href":"https:\/\/lasentinelle.dz\/index.php\/wp-json\/wp\/v2\/posts\/55775","targetHints":{"allow":["GET"]}}],"collection":[{"href":"https:\/\/lasentinelle.dz\/index.php\/wp-json\/wp\/v2\/posts"}],"about":[{"href":"https:\/\/lasentinelle.dz\/index.php\/wp-json\/wp\/v2\/types\/post"}],"author":[{"embeddable":true,"href":"https:\/\/lasentinelle.dz\/index.php\/wp-json\/wp\/v2\/users\/6"}],"replies":[{"embeddable":true,"href":"https:\/\/lasentinelle.dz\/index.php\/wp-json\/wp\/v2\/comments?post=55775"}],"version-history":[{"count":2,"href":"https:\/\/lasentinelle.dz\/index.php\/wp-json\/wp\/v2\/posts\/55775\/revisions"}],"predecessor-version":[{"id":55777,"href":"https:\/\/lasentinelle.dz\/index.php\/wp-json\/wp\/v2\/posts\/55775\/revisions\/55777"}],"wp:featuredmedia":[{"embeddable":true,"href":"https:\/\/lasentinelle.dz\/index.php\/wp-json\/wp\/v2\/media\/11773"}],"wp:attachment":[{"href":"https:\/\/lasentinelle.dz\/index.php\/wp-json\/wp\/v2\/media?parent=55775"}],"wp:term":[{"taxonomy":"category","embeddable":true,"href":"https:\/\/lasentinelle.dz\/index.php\/wp-json\/wp\/v2\/categories?post=55775"},{"taxonomy":"post_tag","embeddable":true,"href":"https:\/\/lasentinelle.dz\/index.php\/wp-json\/wp\/v2\/tags?post=55775"}],"curies":[{"name":"wp","href":"https:\/\/api.w.org\/{rel}","templated":true}]}}