{"id":55812,"date":"2024-08-17T22:47:01","date_gmt":"2024-08-17T21:47:01","guid":{"rendered":"https:\/\/lasentinelle.dz\/?p=55812"},"modified":"2024-08-17T22:47:02","modified_gmt":"2024-08-17T21:47:02","slug":"ligue-des-champions-de-la-caf-lheure-de-verite-pour-le-crb-et-le-mca","status":"publish","type":"post","link":"https:\/\/lasentinelle.dz\/index.php\/2024\/08\/17\/ligue-des-champions-de-la-caf-lheure-de-verite-pour-le-crb-et-le-mca\/","title":{"rendered":"Ligue des Champions de la CAF: L&rsquo;heure de v\u00e9rit\u00e9 pour le CRB et le MCA"},"content":{"rendered":"\n<p>Le MC Alger et le CR Belouizdad s&rsquo;appr\u00eatent \u00e0 entamer leur campagne africaine 2024-2025 en Ligue des Champions, avec l&rsquo;ambition de marquer les esprits d\u00e8s leur entr\u00e9e en lice.<\/p>\n\n\n\n<p>Le champion en titre, le MC Alger, fera son grand retour sur la sc\u00e8ne continentale ce dimanche soir au stade Nelson-Mandela de Baraki. Les \u00ab\u00a0Vert et Rouge\u00a0\u00bb accueilleront les Lib\u00e9riens de Watanga FC pour le compte du match aller du premier tour pr\u00e9liminaire. Une rencontre cruciale pour le Doyen, qui n&rsquo;a plus go\u00fbt\u00e9 aux joies du titre continental depuis 14 longues ann\u00e9es. Sous la houlette de l&rsquo;entra\u00eeneur fran\u00e7ais Amir Beaumelle, artisan du 8e titre national du club, le MCA nourrit de grandes ambitions. \u00ab\u00a0C&rsquo;est un premier tour pr\u00e9liminaire tr\u00e8s important pour nous,\u00a0\u00bb a d\u00e9clar\u00e9 Beaumelle. \u00ab\u00a0L&rsquo;avantage est de pouvoir jouer les deux matchs \u00e0 Alger, \u00e0 nous d&rsquo;en tirer quelque chose de positif.\u00a0\u00bb La CAF a programm\u00e9 cette premi\u00e8re manche \u00e0 Alger au lieu de Monrovia, sur demande du repr\u00e9sentant lib\u00e9rien. Le match retour se jouera le 22 ao\u00fbt dans le m\u00eame stade. \u00a0\u00bb C&rsquo;est un premier tour pr\u00e9liminaire tr\u00e8s important pour nous. L&rsquo;\u00e9quipe de Watanga FC va arriver avec ses atouts, notamment offensifs, ils marquent beaucoup de buts. L&rsquo;avantage est de pouvoir jouer les deux matchs \u00e0 Alger, \u00e0 nous de tirer de cet sp\u00e9cificit\u00e9 quelque chose de positif. Nous avons des joueurs aguerris, de talent, pour pouvoir passer ses deux premiers matchs pour ensuite se donner du temps pour parfaire notre pr\u00e9paration\u00a0\u00bb, a indiqu\u00e9 Beaumelle. Sur le plan de l&rsquo;effectif, le \u00ab\u00a0Doyen\u00a0\u00bb sera priv\u00e9 des services de son d\u00e9fenseur central et capitaine Ayoub Abdellaoui, bless\u00e9, du nouveau gardien de but Taoufik Moussaoui (ex-Paradou AC), suspendu, alors que l&rsquo;autre nouvelle recrue le lat\u00e9ral gauche Merouane Khelif (ex-JS Saoura) n&rsquo;est pas encore qualifi\u00e9 pour disputer la comp\u00e9tition africaine. En cas de qualification, le MCA sera oppos\u00e9 au vainqueur de la rencontre opposant l&rsquo;US Monastir (Tunisie) \u00e0 l&rsquo;AS PSI (Tchad). Le match aller aura lieu \u00e0 l&rsquo;ext\u00e9rieur du 13 au 15 septembre, alors que la manche retour est pr\u00e9vue \u00e0 Alger (20-22 septembre).<\/p>\n\n\n\n<p>De son c\u00f4t\u00e9, le CR Belouizdad, habitu\u00e9 de la comp\u00e9tition avec une cinqui\u00e8me participation cons\u00e9cutive (un record national), se d\u00e9placera \u00e0 Brazzaville pour d\u00e9fier l&rsquo;AC L\u00e9opards du Congo. Le nouveau coach du Chabab, le Fran\u00e7ais Corentin Martins, est conscient de l&rsquo;enjeu : \u00a0\u00bb Nous allons lancer notre saison dimanche avec ce premier match de la Ligue des champions, c&rsquo;est une comp\u00e9tition qui est tr\u00e8s relev\u00e9e, il y a plusieurs clubs qui visent le sacre final. De notre part, nous allons essayer de bien rentrer dans cette \u00e9preuve, on verra par la suite. Ce match aller \u00e0 Brazzaville sera difficile, \u00e0 nous de bien se pr\u00e9parer pour passer ce tour\u00a0\u00bb, a indiqu\u00e9 le nouveau coach du Chabab le Fran\u00e7ais Corentin Martins. \u00a0\u00bb On a des informations sur notre adversaire, il y a eu pas mal de changements dans leur effectif depuis l&rsquo;intersaison, c&rsquo;est une \u00e9quipe qui va jouer sur ses qualit\u00e9s, \u00e0 nous de bien travailler pour ce premier match\u00a0\u00bb, a-t-il encha\u00een\u00e9. Martins devrait b\u00e9n\u00e9ficier de l&rsquo;ensemble de ses joueurs, dont certaines nouvelle recrues, ce qui va lui permettre d&rsquo;avoir l&#8217;embarras du choix pour aligner un onze conqu\u00e9rant, capable de revenir avec un bon r\u00e9sultat de Brazzaville. Pour le MCA comme pour le CRB, l&rsquo;objectif est clair : franchir ces tours pr\u00e9liminaires pour atteindre la phase de groupes, synonyme de prestige et de rentr\u00e9es financi\u00e8res plus cons\u00e9quentes. Les deux clubs alg\u00e9riens devront puiser dans leurs ressources pour surmonter les d\u00e9fis qui les attendent.<\/p>\n\n\n\n<p><strong>R.S.<\/strong><\/p>\n","protected":false},"excerpt":{"rendered":"<p>Le MC Alger et le CR Belouizdad s&rsquo;appr\u00eatent \u00e0 entamer leur campagne africaine 2024-2025 en Ligue des Champions, avec l&rsquo;ambition<\/p>\n","protected":false},"author":6,"featured_media":43521,"comment_status":"open","ping_status":"closed","sticky":false,"template":"","format":"standard","meta":{"colormag_page_container_layout":"default_layout","colormag_page_sidebar_layout":"default_layout","om_disable_all_campaigns":false,"_monsterinsights_skip_tracking":false,"_monsterinsights_sitenote_active":false,"_monsterinsights_sitenote_note":"","_monsterinsights_sitenote_category":0,"footnotes":"","_wpscppro_dont_share_socialmedia":false,"_wpscppro_custom_social_share_image":0,"_facebook_share_type":"default","_twitter_share_type":"default","_linkedin_share_type":"default","_pinterest_share_type":"default","_linkedin_share_type_page":"","_instagram_share_type":"default","_medium_share_type":"","_threads_share_type":"","_google_business_share_type":"","_selected_social_profile":[],"_wpsp_enable_custom_social_template":false,"_wpsp_social_scheduling":{"enabled":false,"datetime":null,"platforms":[],"status":"template_only","dateOption":"today","timeOption":"now","customDays":"","customHours":"","customDate":"","customTime":"","schedulingType":"absolute"},"_wpsp_active_default_template":true},"categories":[33],"tags":[],"class_list":["post-55812","post","type-post","status-publish","format-standard","has-post-thumbnail","hentry","category-sports"],"aioseo_notices":[],"yoast_head":"<!-- This site is optimized with the Yoast SEO plugin v27.5 - https:\/\/yoast.com\/product\/yoast-seo-wordpress\/ -->\n<title>Ligue des Champions de la CAF: L&rsquo;heure de v\u00e9rit\u00e9 pour le CRB et le MCA - La Sentinelle<\/title>\n<meta name=\"robots\" content=\"index, follow, max-snippet:-1, max-image-preview:large, max-video-preview:-1\" \/>\n<link rel=\"canonical\" href=\"https:\/\/lasentinelle.dz\/index.php\/2024\/08\/17\/ligue-des-champions-de-la-caf-lheure-de-verite-pour-le-crb-et-le-mca\/\" \/>\n<meta property=\"og:locale\" content=\"fr_FR\" \/>\n<meta property=\"og:type\" content=\"article\" \/>\n<meta property=\"og:title\" content=\"Ligue des Champions de la CAF: L&rsquo;heure de v\u00e9rit\u00e9 pour le CRB et le MCA - La Sentinelle\" \/>\n<meta property=\"og:description\" content=\"Le MC Alger et le CR Belouizdad s&rsquo;appr\u00eatent \u00e0 entamer leur campagne africaine 2024-2025 en Ligue des Champions, avec l&rsquo;ambition\" \/>\n<meta property=\"og:url\" content=\"https:\/\/lasentinelle.dz\/index.php\/2024\/08\/17\/ligue-des-champions-de-la-caf-lheure-de-verite-pour-le-crb-et-le-mca\/\" \/>\n<meta property=\"og:site_name\" content=\"La Sentinelle\" \/>\n<meta property=\"article:publisher\" content=\"https:\/\/www.facebook.com\/La-Sentinelle-104059864394773\" \/>\n<meta property=\"article:published_time\" content=\"2024-08-17T21:47:01+00:00\" \/>\n<meta property=\"article:modified_time\" content=\"2024-08-17T21:47:02+00:00\" \/>\n<meta property=\"og:image\" content=\"https:\/\/lasentinelle.dz\/wp-content\/uploads\/2023\/07\/Caf.webp\" \/>\n\t<meta property=\"og:image:width\" content=\"886\" \/>\n\t<meta property=\"og:image:height\" content=\"500\" \/>\n\t<meta property=\"og:image:type\" content=\"image\/webp\" \/>\n<meta name=\"author\" content=\"admin\" \/>\n<meta name=\"twitter:card\" content=\"summary_large_image\" \/>\n<meta name=\"twitter:label1\" content=\"\u00c9crit par\" \/>\n\t<meta name=\"twitter:data1\" content=\"admin\" \/>\n\t<meta name=\"twitter:label2\" content=\"Dur\u00e9e de lecture estim\u00e9e\" \/>\n\t<meta name=\"twitter:data2\" content=\"4 minutes\" \/>\n<script type=\"application\/ld+json\" class=\"yoast-schema-graph\">{\"@context\":\"https:\\\/\\\/schema.org\",\"@graph\":[{\"@type\":\"Article\",\"@id\":\"https:\\\/\\\/lasentinelle.dz\\\/index.php\\\/2024\\\/08\\\/17\\\/ligue-des-champions-de-la-caf-lheure-de-verite-pour-le-crb-et-le-mca\\\/#article\",\"isPartOf\":{\"@id\":\"https:\\\/\\\/lasentinelle.dz\\\/index.php\\\/2024\\\/08\\\/17\\\/ligue-des-champions-de-la-caf-lheure-de-verite-pour-le-crb-et-le-mca\\\/\"},\"author\":{\"name\":\"admin\",\"@id\":\"https:\\\/\\\/lasentinelle.dz\\\/#\\\/schema\\\/person\\\/729ee0024f24e0b8c5ec17232f8e8b41\"},\"headline\":\"Ligue des Champions de la CAF: L&rsquo;heure de v\u00e9rit\u00e9 pour le CRB et le MCA\",\"datePublished\":\"2024-08-17T21:47:01+00:00\",\"dateModified\":\"2024-08-17T21:47:02+00:00\",\"mainEntityOfPage\":{\"@id\":\"https:\\\/\\\/lasentinelle.dz\\\/index.php\\\/2024\\\/08\\\/17\\\/ligue-des-champions-de-la-caf-lheure-de-verite-pour-le-crb-et-le-mca\\\/\"},\"wordCount\":658,\"commentCount\":0,\"publisher\":{\"@id\":\"https:\\\/\\\/lasentinelle.dz\\\/#organization\"},\"image\":{\"@id\":\"https:\\\/\\\/lasentinelle.dz\\\/index.php\\\/2024\\\/08\\\/17\\\/ligue-des-champions-de-la-caf-lheure-de-verite-pour-le-crb-et-le-mca\\\/#primaryimage\"},\"thumbnailUrl\":\"https:\\\/\\\/lasentinelle.dz\\\/wp-content\\\/uploads\\\/2023\\\/07\\\/Caf.webp\",\"articleSection\":[\"Sports\"],\"inLanguage\":\"fr-FR\",\"potentialAction\":[{\"@type\":\"CommentAction\",\"name\":\"Comment\",\"target\":[\"https:\\\/\\\/lasentinelle.dz\\\/index.php\\\/2024\\\/08\\\/17\\\/ligue-des-champions-de-la-caf-lheure-de-verite-pour-le-crb-et-le-mca\\\/#respond\"]}]},{\"@type\":\"WebPage\",\"@id\":\"https:\\\/\\\/lasentinelle.dz\\\/index.php\\\/2024\\\/08\\\/17\\\/ligue-des-champions-de-la-caf-lheure-de-verite-pour-le-crb-et-le-mca\\\/\",\"url\":\"https:\\\/\\\/lasentinelle.dz\\\/index.php\\\/2024\\\/08\\\/17\\\/ligue-des-champions-de-la-caf-lheure-de-verite-pour-le-crb-et-le-mca\\\/\",\"name\":\"Ligue des Champions de la CAF: L&rsquo;heure de v\u00e9rit\u00e9 pour le CRB et le MCA - La Sentinelle\",\"isPartOf\":{\"@id\":\"https:\\\/\\\/lasentinelle.dz\\\/#website\"},\"primaryImageOfPage\":{\"@id\":\"https:\\\/\\\/lasentinelle.dz\\\/index.php\\\/2024\\\/08\\\/17\\\/ligue-des-champions-de-la-caf-lheure-de-verite-pour-le-crb-et-le-mca\\\/#primaryimage\"},\"image\":{\"@id\":\"https:\\\/\\\/lasentinelle.dz\\\/index.php\\\/2024\\\/08\\\/17\\\/ligue-des-champions-de-la-caf-lheure-de-verite-pour-le-crb-et-le-mca\\\/#primaryimage\"},\"thumbnailUrl\":\"https:\\\/\\\/lasentinelle.dz\\\/wp-content\\\/uploads\\\/2023\\\/07\\\/Caf.webp\",\"datePublished\":\"2024-08-17T21:47:01+00:00\",\"dateModified\":\"2024-08-17T21:47:02+00:00\",\"breadcrumb\":{\"@id\":\"https:\\\/\\\/lasentinelle.dz\\\/index.php\\\/2024\\\/08\\\/17\\\/ligue-des-champions-de-la-caf-lheure-de-verite-pour-le-crb-et-le-mca\\\/#breadcrumb\"},\"inLanguage\":\"fr-FR\",\"potentialAction\":[{\"@type\":\"ReadAction\",\"target\":[\"https:\\\/\\\/lasentinelle.dz\\\/index.php\\\/2024\\\/08\\\/17\\\/ligue-des-champions-de-la-caf-lheure-de-verite-pour-le-crb-et-le-mca\\\/\"]}]},{\"@type\":\"ImageObject\",\"inLanguage\":\"fr-FR\",\"@id\":\"https:\\\/\\\/lasentinelle.dz\\\/index.php\\\/2024\\\/08\\\/17\\\/ligue-des-champions-de-la-caf-lheure-de-verite-pour-le-crb-et-le-mca\\\/#primaryimage\",\"url\":\"https:\\\/\\\/lasentinelle.dz\\\/wp-content\\\/uploads\\\/2023\\\/07\\\/Caf.webp\",\"contentUrl\":\"https:\\\/\\\/lasentinelle.dz\\\/wp-content\\\/uploads\\\/2023\\\/07\\\/Caf.webp\",\"width\":886,\"height\":500},{\"@type\":\"BreadcrumbList\",\"@id\":\"https:\\\/\\\/lasentinelle.dz\\\/index.php\\\/2024\\\/08\\\/17\\\/ligue-des-champions-de-la-caf-lheure-de-verite-pour-le-crb-et-le-mca\\\/#breadcrumb\",\"itemListElement\":[{\"@type\":\"ListItem\",\"position\":1,\"name\":\"Accueil\",\"item\":\"https:\\\/\\\/lasentinelle.dz\\\/\"},{\"@type\":\"ListItem\",\"position\":2,\"name\":\"Ligue des Champions de la CAF: L&rsquo;heure de v\u00e9rit\u00e9 pour le CRB et le MCA\"}]},{\"@type\":\"WebSite\",\"@id\":\"https:\\\/\\\/lasentinelle.dz\\\/#website\",\"url\":\"https:\\\/\\\/lasentinelle.dz\\\/\",\"name\":\"La Sentinelle\",\"description\":\"Quotidien national d&#039;information\",\"publisher\":{\"@id\":\"https:\\\/\\\/lasentinelle.dz\\\/#organization\"},\"potentialAction\":[{\"@type\":\"SearchAction\",\"target\":{\"@type\":\"EntryPoint\",\"urlTemplate\":\"https:\\\/\\\/lasentinelle.dz\\\/?s={search_term_string}\"},\"query-input\":{\"@type\":\"PropertyValueSpecification\",\"valueRequired\":true,\"valueName\":\"search_term_string\"}}],\"inLanguage\":\"fr-FR\"},{\"@type\":\"Organization\",\"@id\":\"https:\\\/\\\/lasentinelle.dz\\\/#organization\",\"name\":\"Quotidien La Sentinelle\",\"url\":\"https:\\\/\\\/lasentinelle.dz\\\/\",\"logo\":{\"@type\":\"ImageObject\",\"inLanguage\":\"fr-FR\",\"@id\":\"https:\\\/\\\/lasentinelle.dz\\\/#\\\/schema\\\/logo\\\/image\\\/\",\"url\":\"https:\\\/\\\/lasentinelle.dz\\\/wp-content\\\/uploads\\\/2021\\\/09\\\/logo-sentinelleSLOGAN-1.png\",\"contentUrl\":\"https:\\\/\\\/lasentinelle.dz\\\/wp-content\\\/uploads\\\/2021\\\/09\\\/logo-sentinelleSLOGAN-1.png\",\"width\":615,\"height\":142,\"caption\":\"Quotidien La Sentinelle\"},\"image\":{\"@id\":\"https:\\\/\\\/lasentinelle.dz\\\/#\\\/schema\\\/logo\\\/image\\\/\"},\"sameAs\":[\"https:\\\/\\\/www.facebook.com\\\/La-Sentinelle-104059864394773\"]},{\"@type\":\"Person\",\"@id\":\"https:\\\/\\\/lasentinelle.dz\\\/#\\\/schema\\\/person\\\/729ee0024f24e0b8c5ec17232f8e8b41\",\"name\":\"admin\",\"image\":{\"@type\":\"ImageObject\",\"inLanguage\":\"fr-FR\",\"@id\":\"https:\\\/\\\/secure.gravatar.com\\\/avatar\\\/4c81fed838786e9b53f540bf46533e750f5d292099ae3b66cfc6fb1982e29df7?s=96&d=mm&r=g\",\"url\":\"https:\\\/\\\/secure.gravatar.com\\\/avatar\\\/4c81fed838786e9b53f540bf46533e750f5d292099ae3b66cfc6fb1982e29df7?s=96&d=mm&r=g\",\"contentUrl\":\"https:\\\/\\\/secure.gravatar.com\\\/avatar\\\/4c81fed838786e9b53f540bf46533e750f5d292099ae3b66cfc6fb1982e29df7?s=96&d=mm&r=g\",\"caption\":\"admin\"},\"description\":\"admin\",\"url\":\"https:\\\/\\\/lasentinelle.dz\\\/author\\\/admin\\\/\"}]}<\/script>\n<!-- \/ Yoast SEO plugin. -->","yoast_head_json":{"title":"Ligue des Champions de la CAF: L&rsquo;heure de v\u00e9rit\u00e9 pour le CRB et le MCA - La Sentinelle","robots":{"index":"index","follow":"follow","max-snippet":"max-snippet:-1","max-image-preview":"max-image-preview:large","max-video-preview":"max-video-preview:-1"},"canonical":"https:\/\/lasentinelle.dz\/index.php\/2024\/08\/17\/ligue-des-champions-de-la-caf-lheure-de-verite-pour-le-crb-et-le-mca\/","og_locale":"fr_FR","og_type":"article","og_title":"Ligue des Champions de la CAF: L&rsquo;heure de v\u00e9rit\u00e9 pour le CRB et le MCA - La Sentinelle","og_description":"Le MC Alger et le CR Belouizdad s&rsquo;appr\u00eatent \u00e0 entamer leur campagne africaine 2024-2025 en Ligue des Champions, avec l&rsquo;ambition","og_url":"https:\/\/lasentinelle.dz\/index.php\/2024\/08\/17\/ligue-des-champions-de-la-caf-lheure-de-verite-pour-le-crb-et-le-mca\/","og_site_name":"La Sentinelle","article_publisher":"https:\/\/www.facebook.com\/La-Sentinelle-104059864394773","article_published_time":"2024-08-17T21:47:01+00:00","article_modified_time":"2024-08-17T21:47:02+00:00","og_image":[{"width":886,"height":500,"url":"https:\/\/lasentinelle.dz\/wp-content\/uploads\/2023\/07\/Caf.webp","type":"image\/webp"}],"author":"admin","twitter_card":"summary_large_image","twitter_misc":{"\u00c9crit par":"admin","Dur\u00e9e de lecture estim\u00e9e":"4 minutes"},"schema":{"@context":"https:\/\/schema.org","@graph":[{"@type":"Article","@id":"https:\/\/lasentinelle.dz\/index.php\/2024\/08\/17\/ligue-des-champions-de-la-caf-lheure-de-verite-pour-le-crb-et-le-mca\/#article","isPartOf":{"@id":"https:\/\/lasentinelle.dz\/index.php\/2024\/08\/17\/ligue-des-champions-de-la-caf-lheure-de-verite-pour-le-crb-et-le-mca\/"},"author":{"name":"admin","@id":"https:\/\/lasentinelle.dz\/#\/schema\/person\/729ee0024f24e0b8c5ec17232f8e8b41"},"headline":"Ligue des Champions de la CAF: L&rsquo;heure de v\u00e9rit\u00e9 pour le CRB et le MCA","datePublished":"2024-08-17T21:47:01+00:00","dateModified":"2024-08-17T21:47:02+00:00","mainEntityOfPage":{"@id":"https:\/\/lasentinelle.dz\/index.php\/2024\/08\/17\/ligue-des-champions-de-la-caf-lheure-de-verite-pour-le-crb-et-le-mca\/"},"wordCount":658,"commentCount":0,"publisher":{"@id":"https:\/\/lasentinelle.dz\/#organization"},"image":{"@id":"https:\/\/lasentinelle.dz\/index.php\/2024\/08\/17\/ligue-des-champions-de-la-caf-lheure-de-verite-pour-le-crb-et-le-mca\/#primaryimage"},"thumbnailUrl":"https:\/\/lasentinelle.dz\/wp-content\/uploads\/2023\/07\/Caf.webp","articleSection":["Sports"],"inLanguage":"fr-FR","potentialAction":[{"@type":"CommentAction","name":"Comment","target":["https:\/\/lasentinelle.dz\/index.php\/2024\/08\/17\/ligue-des-champions-de-la-caf-lheure-de-verite-pour-le-crb-et-le-mca\/#respond"]}]},{"@type":"WebPage","@id":"https:\/\/lasentinelle.dz\/index.php\/2024\/08\/17\/ligue-des-champions-de-la-caf-lheure-de-verite-pour-le-crb-et-le-mca\/","url":"https:\/\/lasentinelle.dz\/index.php\/2024\/08\/17\/ligue-des-champions-de-la-caf-lheure-de-verite-pour-le-crb-et-le-mca\/","name":"Ligue des Champions de la CAF: L&rsquo;heure de v\u00e9rit\u00e9 pour le CRB et le MCA - La Sentinelle","isPartOf":{"@id":"https:\/\/lasentinelle.dz\/#website"},"primaryImageOfPage":{"@id":"https:\/\/lasentinelle.dz\/index.php\/2024\/08\/17\/ligue-des-champions-de-la-caf-lheure-de-verite-pour-le-crb-et-le-mca\/#primaryimage"},"image":{"@id":"https:\/\/lasentinelle.dz\/index.php\/2024\/08\/17\/ligue-des-champions-de-la-caf-lheure-de-verite-pour-le-crb-et-le-mca\/#primaryimage"},"thumbnailUrl":"https:\/\/lasentinelle.dz\/wp-content\/uploads\/2023\/07\/Caf.webp","datePublished":"2024-08-17T21:47:01+00:00","dateModified":"2024-08-17T21:47:02+00:00","breadcrumb":{"@id":"https:\/\/lasentinelle.dz\/index.php\/2024\/08\/17\/ligue-des-champions-de-la-caf-lheure-de-verite-pour-le-crb-et-le-mca\/#breadcrumb"},"inLanguage":"fr-FR","potentialAction":[{"@type":"ReadAction","target":["https:\/\/lasentinelle.dz\/index.php\/2024\/08\/17\/ligue-des-champions-de-la-caf-lheure-de-verite-pour-le-crb-et-le-mca\/"]}]},{"@type":"ImageObject","inLanguage":"fr-FR","@id":"https:\/\/lasentinelle.dz\/index.php\/2024\/08\/17\/ligue-des-champions-de-la-caf-lheure-de-verite-pour-le-crb-et-le-mca\/#primaryimage","url":"https:\/\/lasentinelle.dz\/wp-content\/uploads\/2023\/07\/Caf.webp","contentUrl":"https:\/\/lasentinelle.dz\/wp-content\/uploads\/2023\/07\/Caf.webp","width":886,"height":500},{"@type":"BreadcrumbList","@id":"https:\/\/lasentinelle.dz\/index.php\/2024\/08\/17\/ligue-des-champions-de-la-caf-lheure-de-verite-pour-le-crb-et-le-mca\/#breadcrumb","itemListElement":[{"@type":"ListItem","position":1,"name":"Accueil","item":"https:\/\/lasentinelle.dz\/"},{"@type":"ListItem","position":2,"name":"Ligue des Champions de la CAF: L&rsquo;heure de v\u00e9rit\u00e9 pour le CRB et le MCA"}]},{"@type":"WebSite","@id":"https:\/\/lasentinelle.dz\/#website","url":"https:\/\/lasentinelle.dz\/","name":"La Sentinelle","description":"Quotidien national d&#039;information","publisher":{"@id":"https:\/\/lasentinelle.dz\/#organization"},"potentialAction":[{"@type":"SearchAction","target":{"@type":"EntryPoint","urlTemplate":"https:\/\/lasentinelle.dz\/?s={search_term_string}"},"query-input":{"@type":"PropertyValueSpecification","valueRequired":true,"valueName":"search_term_string"}}],"inLanguage":"fr-FR"},{"@type":"Organization","@id":"https:\/\/lasentinelle.dz\/#organization","name":"Quotidien La Sentinelle","url":"https:\/\/lasentinelle.dz\/","logo":{"@type":"ImageObject","inLanguage":"fr-FR","@id":"https:\/\/lasentinelle.dz\/#\/schema\/logo\/image\/","url":"https:\/\/lasentinelle.dz\/wp-content\/uploads\/2021\/09\/logo-sentinelleSLOGAN-1.png","contentUrl":"https:\/\/lasentinelle.dz\/wp-content\/uploads\/2021\/09\/logo-sentinelleSLOGAN-1.png","width":615,"height":142,"caption":"Quotidien La Sentinelle"},"image":{"@id":"https:\/\/lasentinelle.dz\/#\/schema\/logo\/image\/"},"sameAs":["https:\/\/www.facebook.com\/La-Sentinelle-104059864394773"]},{"@type":"Person","@id":"https:\/\/lasentinelle.dz\/#\/schema\/person\/729ee0024f24e0b8c5ec17232f8e8b41","name":"admin","image":{"@type":"ImageObject","inLanguage":"fr-FR","@id":"https:\/\/secure.gravatar.com\/avatar\/4c81fed838786e9b53f540bf46533e750f5d292099ae3b66cfc6fb1982e29df7?s=96&d=mm&r=g","url":"https:\/\/secure.gravatar.com\/avatar\/4c81fed838786e9b53f540bf46533e750f5d292099ae3b66cfc6fb1982e29df7?s=96&d=mm&r=g","contentUrl":"https:\/\/secure.gravatar.com\/avatar\/4c81fed838786e9b53f540bf46533e750f5d292099ae3b66cfc6fb1982e29df7?s=96&d=mm&r=g","caption":"admin"},"description":"admin","url":"https:\/\/lasentinelle.dz\/author\/admin\/"}]}},"_links":{"self":[{"href":"https:\/\/lasentinelle.dz\/index.php\/wp-json\/wp\/v2\/posts\/55812","targetHints":{"allow":["GET"]}}],"collection":[{"href":"https:\/\/lasentinelle.dz\/index.php\/wp-json\/wp\/v2\/posts"}],"about":[{"href":"https:\/\/lasentinelle.dz\/index.php\/wp-json\/wp\/v2\/types\/post"}],"author":[{"embeddable":true,"href":"https:\/\/lasentinelle.dz\/index.php\/wp-json\/wp\/v2\/users\/6"}],"replies":[{"embeddable":true,"href":"https:\/\/lasentinelle.dz\/index.php\/wp-json\/wp\/v2\/comments?post=55812"}],"version-history":[{"count":2,"href":"https:\/\/lasentinelle.dz\/index.php\/wp-json\/wp\/v2\/posts\/55812\/revisions"}],"predecessor-version":[{"id":55814,"href":"https:\/\/lasentinelle.dz\/index.php\/wp-json\/wp\/v2\/posts\/55812\/revisions\/55814"}],"wp:featuredmedia":[{"embeddable":true,"href":"https:\/\/lasentinelle.dz\/index.php\/wp-json\/wp\/v2\/media\/43521"}],"wp:attachment":[{"href":"https:\/\/lasentinelle.dz\/index.php\/wp-json\/wp\/v2\/media?parent=55812"}],"wp:term":[{"taxonomy":"category","embeddable":true,"href":"https:\/\/lasentinelle.dz\/index.php\/wp-json\/wp\/v2\/categories?post=55812"},{"taxonomy":"post_tag","embeddable":true,"href":"https:\/\/lasentinelle.dz\/index.php\/wp-json\/wp\/v2\/tags?post=55812"}],"curies":[{"name":"wp","href":"https:\/\/api.w.org\/{rel}","templated":true}]}}