{"id":55847,"date":"2024-08-17T23:00:30","date_gmt":"2024-08-17T22:00:30","guid":{"rendered":"https:\/\/lasentinelle.dz\/?p=55847"},"modified":"2024-08-17T23:00:30","modified_gmt":"2024-08-17T22:00:30","slug":"couverture-mediatique-de-la-campagne-electorale-lanie-rappelle-limperatif-respect-des-regles","status":"publish","type":"post","link":"https:\/\/lasentinelle.dz\/index.php\/2024\/08\/17\/couverture-mediatique-de-la-campagne-electorale-lanie-rappelle-limperatif-respect-des-regles\/","title":{"rendered":"Couverture m\u00e9diatique de la campagne \u00e9lectorale: L&rsquo;ANIE rappelle l&rsquo;imp\u00e9ratif respect des r\u00e8gles"},"content":{"rendered":"\n<p>&nbsp;L&rsquo;Autorit\u00e9 nationale ind\u00e9pendante des \u00e9lections (ANIE) a rappel\u00e9 l&rsquo;imp\u00e9ratif respect des r\u00e8gles r\u00e9gissant la couverture m\u00e9diatique des meetings et des activit\u00e9s de proximit\u00e9 durant la campagne \u00e9lectorale pour la Pr\u00e9sidentielle du 7 septembre prochain. Cette d\u00e9marche intervient \u00ab\u00a0conform\u00e9ment aux dispositions de l&rsquo;ordonnance 21-01 du 10 mars 2021 portant loi organique relative au r\u00e9gime \u00e9lectoral modifi\u00e9e et compl\u00e9t\u00e9e, de l&rsquo;arr\u00eat\u00e9 du 15 juillet 2024 fixant les modalit\u00e9s et proc\u00e9dures d&rsquo;acc\u00e8s aux m\u00e9dias audiovisuels et de couverture m\u00e9diatique des activit\u00e9s des candidats \u00e0 l&rsquo;\u00e9lection pr\u00e9sidentielle anticip\u00e9e du 7 septembre 2024, et de l&rsquo;arr\u00eat\u00e9 36 du 5 ao\u00fbt 2024 fixant les r\u00e8gles d&rsquo;organisation et de d\u00e9roulement du tirage au sort pour la r\u00e9partition des tranches horaires allou\u00e9es aux interventions des candidats sur les m\u00e9dias audiovisuels lors de l&rsquo;\u00e9lection pr\u00e9sidentielle anticip\u00e9e\u00a0\u00bb, a pr\u00e9cis\u00e9 l&rsquo;ANIE dans un communiqu\u00e9. La d\u00e9marche s&rsquo;inscrit \u00e9galement dans le cadre de \u00ab\u00a0l&rsquo;arr\u00eat\u00e9 176 du 16 ao\u00fbt 2024 relatif \u00e0 la r\u00e9gulation de l&rsquo;op\u00e9ration de couverture m\u00e9diatique des meetings et des activit\u00e9s de proximit\u00e9 de la campagne \u00e9lectorale pour la Pr\u00e9sidentielle anticip\u00e9e du 7 septembre 2024\u00a0\u00bb, selon la m\u00eame source. A ce titre, l&rsquo;ANIE rappelle les r\u00e8gles et principes que les m\u00e9dias audiovisuels, \u00e9crits et \u00e9lectroniques sont tenus de respecter en mati\u00e8re de couverture m\u00e9diatique des meetings et des activit\u00e9s de proximit\u00e9 lors de la campagne \u00e9lectorale. Dans ce cadre, les candidats \u00e0 l&rsquo;\u00e9lection pr\u00e9sidentielle du 7 septembre 2024 \u00ab\u00a0b\u00e9n\u00e9ficient d&rsquo;un acc\u00e8s \u00e9quitable \u00e0 la couverture m\u00e9diatique dans les m\u00e9dias audiovisuels autoris\u00e9s \u00e0 exercer conform\u00e9ment \u00e0 la l\u00e9gislation et \u00e0 la r\u00e9glementation en vigueur, et ce, tout au long de la campagne \u00e9lectorale, soit du 15 ao\u00fbt au 3 septembre 2024\u00a0\u00bb, a pr\u00e9cis\u00e9 la m\u00eame source. Chaque candidat b\u00e9n\u00e9ficie aussi de \u00ab\u00a0la couverture m\u00e9diatique des meetings et des activit\u00e9s de proximit\u00e9 durant la campagne \u00e9lectorale de fa\u00e7on \u00e9quitable et juste\u00a0\u00bb, selon le communiqu\u00e9 de l&rsquo;ANIE, qui insiste sur la n\u00e9cessit\u00e9 pour les m\u00e9dias de \u00ab\u00a0s&rsquo;abstenir de tout traitement de faveur vis-\u00e0-vis d&rsquo;un candidat \u00e0 l&rsquo;\u00e9lection pr\u00e9sidentielle anticip\u00e9e\u00a0\u00bb. Si un des candidats d\u00e9l\u00e8gue un repr\u00e9sentant (parti, organisation, association, citoyens ou autre) \u00e0 l&rsquo;effet de mener une activit\u00e9 dans le cadre de la campagne \u00e9lectorale, au titre de son programme, cette activit\u00e9 sera \u00ab\u00a0comptabilis\u00e9e dans la tranche horaire r\u00e9serv\u00e9e \u00e0 la couverture m\u00e9diatique le concernant dans les m\u00e9dias audiovisuels autoris\u00e9s \u00e0 exercer\u00a0\u00bb, a pr\u00e9cis\u00e9 l&rsquo;ANIE. Il convient, par ailleurs, de rappeler que \u00ab\u00a0l&rsquo;ANIE notifie l&rsquo;Autorit\u00e9 nationale ind\u00e9pendante de r\u00e9gulation de l&rsquo;audiovisuel (ANIRA) en cas de d\u00e9passement ou de protestation par un candidat ou son repr\u00e9sentant d\u00fbment habilit\u00e9 concernant la couverture m\u00e9diatique de la campagne \u00e9lectorale, via les m\u00e9dias audiovisuels, afin que les mesures pr\u00e9vues dans la l\u00e9gislation et la r\u00e9glementation en vigueur soient prises\u00a0\u00bb, a conclu le communiqu\u00e9.<\/p>\n\n\n\n<p>APS<\/p>\n","protected":false},"excerpt":{"rendered":"<p>&nbsp;L&rsquo;Autorit\u00e9 nationale ind\u00e9pendante des \u00e9lections (ANIE) a rappel\u00e9 l&rsquo;imp\u00e9ratif respect des r\u00e8gles r\u00e9gissant la couverture m\u00e9diatique des meetings et des<\/p>\n","protected":false},"author":6,"featured_media":10268,"comment_status":"open","ping_status":"closed","sticky":false,"template":"","format":"standard","meta":{"colormag_page_container_layout":"default_layout","colormag_page_sidebar_layout":"default_layout","om_disable_all_campaigns":false,"_monsterinsights_skip_tracking":false,"_monsterinsights_sitenote_active":false,"_monsterinsights_sitenote_note":"","_monsterinsights_sitenote_category":0,"footnotes":"","_wpscppro_dont_share_socialmedia":false,"_wpscppro_custom_social_share_image":0,"_facebook_share_type":"default","_twitter_share_type":"default","_linkedin_share_type":"default","_pinterest_share_type":"default","_linkedin_share_type_page":"","_instagram_share_type":"default","_medium_share_type":"","_threads_share_type":"","_google_business_share_type":"","_selected_social_profile":[],"_wpsp_enable_custom_social_template":false,"_wpsp_social_scheduling":{"enabled":false,"datetime":null,"platforms":[],"status":"template_only","dateOption":"today","timeOption":"now","customDays":"","customHours":"","customDate":"","customTime":"","schedulingType":"absolute"},"_wpsp_active_default_template":true},"categories":[87],"tags":[],"class_list":["post-55847","post","type-post","status-publish","format-standard","has-post-thumbnail","hentry","category-presidentielle-2024"],"aioseo_notices":[],"yoast_head":"<!-- This site is optimized with the Yoast SEO plugin v27.5 - https:\/\/yoast.com\/product\/yoast-seo-wordpress\/ -->\n<title>Couverture m\u00e9diatique de la campagne \u00e9lectorale: L&rsquo;ANIE rappelle l&rsquo;imp\u00e9ratif respect des r\u00e8gles - La Sentinelle<\/title>\n<meta name=\"robots\" content=\"index, follow, max-snippet:-1, max-image-preview:large, max-video-preview:-1\" \/>\n<link rel=\"canonical\" href=\"https:\/\/lasentinelle.dz\/index.php\/2024\/08\/17\/couverture-mediatique-de-la-campagne-electorale-lanie-rappelle-limperatif-respect-des-regles\/\" \/>\n<meta property=\"og:locale\" content=\"fr_FR\" \/>\n<meta property=\"og:type\" content=\"article\" \/>\n<meta property=\"og:title\" content=\"Couverture m\u00e9diatique de la campagne \u00e9lectorale: L&rsquo;ANIE rappelle l&rsquo;imp\u00e9ratif respect des r\u00e8gles - La Sentinelle\" \/>\n<meta property=\"og:description\" content=\"&nbsp;L&rsquo;Autorit\u00e9 nationale ind\u00e9pendante des \u00e9lections (ANIE) a rappel\u00e9 l&rsquo;imp\u00e9ratif respect des r\u00e8gles r\u00e9gissant la couverture m\u00e9diatique des meetings et des\" \/>\n<meta property=\"og:url\" content=\"https:\/\/lasentinelle.dz\/index.php\/2024\/08\/17\/couverture-mediatique-de-la-campagne-electorale-lanie-rappelle-limperatif-respect-des-regles\/\" \/>\n<meta property=\"og:site_name\" content=\"La Sentinelle\" \/>\n<meta property=\"article:publisher\" content=\"https:\/\/www.facebook.com\/La-Sentinelle-104059864394773\" \/>\n<meta property=\"article:published_time\" content=\"2024-08-17T22:00:30+00:00\" \/>\n<meta property=\"og:image\" content=\"https:\/\/lasentinelle.dz\/wp-content\/uploads\/2021\/10\/anie-2.jpeg\" \/>\n\t<meta property=\"og:image:width\" content=\"600\" \/>\n\t<meta property=\"og:image:height\" content=\"340\" \/>\n\t<meta property=\"og:image:type\" content=\"image\/jpeg\" \/>\n<meta name=\"author\" content=\"admin\" \/>\n<meta name=\"twitter:card\" content=\"summary_large_image\" \/>\n<meta name=\"twitter:label1\" content=\"\u00c9crit par\" \/>\n\t<meta name=\"twitter:data1\" content=\"admin\" \/>\n\t<meta name=\"twitter:label2\" content=\"Dur\u00e9e de lecture estim\u00e9e\" \/>\n\t<meta name=\"twitter:data2\" content=\"3 minutes\" \/>\n<script type=\"application\/ld+json\" class=\"yoast-schema-graph\">{\"@context\":\"https:\\\/\\\/schema.org\",\"@graph\":[{\"@type\":\"Article\",\"@id\":\"https:\\\/\\\/lasentinelle.dz\\\/index.php\\\/2024\\\/08\\\/17\\\/couverture-mediatique-de-la-campagne-electorale-lanie-rappelle-limperatif-respect-des-regles\\\/#article\",\"isPartOf\":{\"@id\":\"https:\\\/\\\/lasentinelle.dz\\\/index.php\\\/2024\\\/08\\\/17\\\/couverture-mediatique-de-la-campagne-electorale-lanie-rappelle-limperatif-respect-des-regles\\\/\"},\"author\":{\"name\":\"admin\",\"@id\":\"https:\\\/\\\/lasentinelle.dz\\\/#\\\/schema\\\/person\\\/729ee0024f24e0b8c5ec17232f8e8b41\"},\"headline\":\"Couverture m\u00e9diatique de la campagne \u00e9lectorale: L&rsquo;ANIE rappelle l&rsquo;imp\u00e9ratif respect des r\u00e8gles\",\"datePublished\":\"2024-08-17T22:00:30+00:00\",\"mainEntityOfPage\":{\"@id\":\"https:\\\/\\\/lasentinelle.dz\\\/index.php\\\/2024\\\/08\\\/17\\\/couverture-mediatique-de-la-campagne-electorale-lanie-rappelle-limperatif-respect-des-regles\\\/\"},\"wordCount\":550,\"commentCount\":0,\"publisher\":{\"@id\":\"https:\\\/\\\/lasentinelle.dz\\\/#organization\"},\"image\":{\"@id\":\"https:\\\/\\\/lasentinelle.dz\\\/index.php\\\/2024\\\/08\\\/17\\\/couverture-mediatique-de-la-campagne-electorale-lanie-rappelle-limperatif-respect-des-regles\\\/#primaryimage\"},\"thumbnailUrl\":\"https:\\\/\\\/lasentinelle.dz\\\/wp-content\\\/uploads\\\/2021\\\/10\\\/anie-2.jpeg\",\"articleSection\":[\"Pr\u00e9sidentielle 2024\"],\"inLanguage\":\"fr-FR\",\"potentialAction\":[{\"@type\":\"CommentAction\",\"name\":\"Comment\",\"target\":[\"https:\\\/\\\/lasentinelle.dz\\\/index.php\\\/2024\\\/08\\\/17\\\/couverture-mediatique-de-la-campagne-electorale-lanie-rappelle-limperatif-respect-des-regles\\\/#respond\"]}]},{\"@type\":\"WebPage\",\"@id\":\"https:\\\/\\\/lasentinelle.dz\\\/index.php\\\/2024\\\/08\\\/17\\\/couverture-mediatique-de-la-campagne-electorale-lanie-rappelle-limperatif-respect-des-regles\\\/\",\"url\":\"https:\\\/\\\/lasentinelle.dz\\\/index.php\\\/2024\\\/08\\\/17\\\/couverture-mediatique-de-la-campagne-electorale-lanie-rappelle-limperatif-respect-des-regles\\\/\",\"name\":\"Couverture m\u00e9diatique de la campagne \u00e9lectorale: L&rsquo;ANIE rappelle l&rsquo;imp\u00e9ratif respect des r\u00e8gles - La Sentinelle\",\"isPartOf\":{\"@id\":\"https:\\\/\\\/lasentinelle.dz\\\/#website\"},\"primaryImageOfPage\":{\"@id\":\"https:\\\/\\\/lasentinelle.dz\\\/index.php\\\/2024\\\/08\\\/17\\\/couverture-mediatique-de-la-campagne-electorale-lanie-rappelle-limperatif-respect-des-regles\\\/#primaryimage\"},\"image\":{\"@id\":\"https:\\\/\\\/lasentinelle.dz\\\/index.php\\\/2024\\\/08\\\/17\\\/couverture-mediatique-de-la-campagne-electorale-lanie-rappelle-limperatif-respect-des-regles\\\/#primaryimage\"},\"thumbnailUrl\":\"https:\\\/\\\/lasentinelle.dz\\\/wp-content\\\/uploads\\\/2021\\\/10\\\/anie-2.jpeg\",\"datePublished\":\"2024-08-17T22:00:30+00:00\",\"breadcrumb\":{\"@id\":\"https:\\\/\\\/lasentinelle.dz\\\/index.php\\\/2024\\\/08\\\/17\\\/couverture-mediatique-de-la-campagne-electorale-lanie-rappelle-limperatif-respect-des-regles\\\/#breadcrumb\"},\"inLanguage\":\"fr-FR\",\"potentialAction\":[{\"@type\":\"ReadAction\",\"target\":[\"https:\\\/\\\/lasentinelle.dz\\\/index.php\\\/2024\\\/08\\\/17\\\/couverture-mediatique-de-la-campagne-electorale-lanie-rappelle-limperatif-respect-des-regles\\\/\"]}]},{\"@type\":\"ImageObject\",\"inLanguage\":\"fr-FR\",\"@id\":\"https:\\\/\\\/lasentinelle.dz\\\/index.php\\\/2024\\\/08\\\/17\\\/couverture-mediatique-de-la-campagne-electorale-lanie-rappelle-limperatif-respect-des-regles\\\/#primaryimage\",\"url\":\"https:\\\/\\\/lasentinelle.dz\\\/wp-content\\\/uploads\\\/2021\\\/10\\\/anie-2.jpeg\",\"contentUrl\":\"https:\\\/\\\/lasentinelle.dz\\\/wp-content\\\/uploads\\\/2021\\\/10\\\/anie-2.jpeg\",\"width\":600,\"height\":340},{\"@type\":\"BreadcrumbList\",\"@id\":\"https:\\\/\\\/lasentinelle.dz\\\/index.php\\\/2024\\\/08\\\/17\\\/couverture-mediatique-de-la-campagne-electorale-lanie-rappelle-limperatif-respect-des-regles\\\/#breadcrumb\",\"itemListElement\":[{\"@type\":\"ListItem\",\"position\":1,\"name\":\"Accueil\",\"item\":\"https:\\\/\\\/lasentinelle.dz\\\/\"},{\"@type\":\"ListItem\",\"position\":2,\"name\":\"Couverture m\u00e9diatique de la campagne \u00e9lectorale: L&rsquo;ANIE rappelle l&rsquo;imp\u00e9ratif respect des r\u00e8gles\"}]},{\"@type\":\"WebSite\",\"@id\":\"https:\\\/\\\/lasentinelle.dz\\\/#website\",\"url\":\"https:\\\/\\\/lasentinelle.dz\\\/\",\"name\":\"La Sentinelle\",\"description\":\"Quotidien national d&#039;information\",\"publisher\":{\"@id\":\"https:\\\/\\\/lasentinelle.dz\\\/#organization\"},\"potentialAction\":[{\"@type\":\"SearchAction\",\"target\":{\"@type\":\"EntryPoint\",\"urlTemplate\":\"https:\\\/\\\/lasentinelle.dz\\\/?s={search_term_string}\"},\"query-input\":{\"@type\":\"PropertyValueSpecification\",\"valueRequired\":true,\"valueName\":\"search_term_string\"}}],\"inLanguage\":\"fr-FR\"},{\"@type\":\"Organization\",\"@id\":\"https:\\\/\\\/lasentinelle.dz\\\/#organization\",\"name\":\"Quotidien La Sentinelle\",\"url\":\"https:\\\/\\\/lasentinelle.dz\\\/\",\"logo\":{\"@type\":\"ImageObject\",\"inLanguage\":\"fr-FR\",\"@id\":\"https:\\\/\\\/lasentinelle.dz\\\/#\\\/schema\\\/logo\\\/image\\\/\",\"url\":\"https:\\\/\\\/lasentinelle.dz\\\/wp-content\\\/uploads\\\/2021\\\/09\\\/logo-sentinelleSLOGAN-1.png\",\"contentUrl\":\"https:\\\/\\\/lasentinelle.dz\\\/wp-content\\\/uploads\\\/2021\\\/09\\\/logo-sentinelleSLOGAN-1.png\",\"width\":615,\"height\":142,\"caption\":\"Quotidien La Sentinelle\"},\"image\":{\"@id\":\"https:\\\/\\\/lasentinelle.dz\\\/#\\\/schema\\\/logo\\\/image\\\/\"},\"sameAs\":[\"https:\\\/\\\/www.facebook.com\\\/La-Sentinelle-104059864394773\"]},{\"@type\":\"Person\",\"@id\":\"https:\\\/\\\/lasentinelle.dz\\\/#\\\/schema\\\/person\\\/729ee0024f24e0b8c5ec17232f8e8b41\",\"name\":\"admin\",\"image\":{\"@type\":\"ImageObject\",\"inLanguage\":\"fr-FR\",\"@id\":\"https:\\\/\\\/secure.gravatar.com\\\/avatar\\\/4c81fed838786e9b53f540bf46533e750f5d292099ae3b66cfc6fb1982e29df7?s=96&d=mm&r=g\",\"url\":\"https:\\\/\\\/secure.gravatar.com\\\/avatar\\\/4c81fed838786e9b53f540bf46533e750f5d292099ae3b66cfc6fb1982e29df7?s=96&d=mm&r=g\",\"contentUrl\":\"https:\\\/\\\/secure.gravatar.com\\\/avatar\\\/4c81fed838786e9b53f540bf46533e750f5d292099ae3b66cfc6fb1982e29df7?s=96&d=mm&r=g\",\"caption\":\"admin\"},\"description\":\"admin\",\"url\":\"https:\\\/\\\/lasentinelle.dz\\\/author\\\/admin\\\/\"}]}<\/script>\n<!-- \/ Yoast SEO plugin. -->","yoast_head_json":{"title":"Couverture m\u00e9diatique de la campagne \u00e9lectorale: L&rsquo;ANIE rappelle l&rsquo;imp\u00e9ratif respect des r\u00e8gles - La Sentinelle","robots":{"index":"index","follow":"follow","max-snippet":"max-snippet:-1","max-image-preview":"max-image-preview:large","max-video-preview":"max-video-preview:-1"},"canonical":"https:\/\/lasentinelle.dz\/index.php\/2024\/08\/17\/couverture-mediatique-de-la-campagne-electorale-lanie-rappelle-limperatif-respect-des-regles\/","og_locale":"fr_FR","og_type":"article","og_title":"Couverture m\u00e9diatique de la campagne \u00e9lectorale: L&rsquo;ANIE rappelle l&rsquo;imp\u00e9ratif respect des r\u00e8gles - La Sentinelle","og_description":"&nbsp;L&rsquo;Autorit\u00e9 nationale ind\u00e9pendante des \u00e9lections (ANIE) a rappel\u00e9 l&rsquo;imp\u00e9ratif respect des r\u00e8gles r\u00e9gissant la couverture m\u00e9diatique des meetings et des","og_url":"https:\/\/lasentinelle.dz\/index.php\/2024\/08\/17\/couverture-mediatique-de-la-campagne-electorale-lanie-rappelle-limperatif-respect-des-regles\/","og_site_name":"La Sentinelle","article_publisher":"https:\/\/www.facebook.com\/La-Sentinelle-104059864394773","article_published_time":"2024-08-17T22:00:30+00:00","og_image":[{"width":600,"height":340,"url":"https:\/\/lasentinelle.dz\/wp-content\/uploads\/2021\/10\/anie-2.jpeg","type":"image\/jpeg"}],"author":"admin","twitter_card":"summary_large_image","twitter_misc":{"\u00c9crit par":"admin","Dur\u00e9e de lecture estim\u00e9e":"3 minutes"},"schema":{"@context":"https:\/\/schema.org","@graph":[{"@type":"Article","@id":"https:\/\/lasentinelle.dz\/index.php\/2024\/08\/17\/couverture-mediatique-de-la-campagne-electorale-lanie-rappelle-limperatif-respect-des-regles\/#article","isPartOf":{"@id":"https:\/\/lasentinelle.dz\/index.php\/2024\/08\/17\/couverture-mediatique-de-la-campagne-electorale-lanie-rappelle-limperatif-respect-des-regles\/"},"author":{"name":"admin","@id":"https:\/\/lasentinelle.dz\/#\/schema\/person\/729ee0024f24e0b8c5ec17232f8e8b41"},"headline":"Couverture m\u00e9diatique de la campagne \u00e9lectorale: L&rsquo;ANIE rappelle l&rsquo;imp\u00e9ratif respect des r\u00e8gles","datePublished":"2024-08-17T22:00:30+00:00","mainEntityOfPage":{"@id":"https:\/\/lasentinelle.dz\/index.php\/2024\/08\/17\/couverture-mediatique-de-la-campagne-electorale-lanie-rappelle-limperatif-respect-des-regles\/"},"wordCount":550,"commentCount":0,"publisher":{"@id":"https:\/\/lasentinelle.dz\/#organization"},"image":{"@id":"https:\/\/lasentinelle.dz\/index.php\/2024\/08\/17\/couverture-mediatique-de-la-campagne-electorale-lanie-rappelle-limperatif-respect-des-regles\/#primaryimage"},"thumbnailUrl":"https:\/\/lasentinelle.dz\/wp-content\/uploads\/2021\/10\/anie-2.jpeg","articleSection":["Pr\u00e9sidentielle 2024"],"inLanguage":"fr-FR","potentialAction":[{"@type":"CommentAction","name":"Comment","target":["https:\/\/lasentinelle.dz\/index.php\/2024\/08\/17\/couverture-mediatique-de-la-campagne-electorale-lanie-rappelle-limperatif-respect-des-regles\/#respond"]}]},{"@type":"WebPage","@id":"https:\/\/lasentinelle.dz\/index.php\/2024\/08\/17\/couverture-mediatique-de-la-campagne-electorale-lanie-rappelle-limperatif-respect-des-regles\/","url":"https:\/\/lasentinelle.dz\/index.php\/2024\/08\/17\/couverture-mediatique-de-la-campagne-electorale-lanie-rappelle-limperatif-respect-des-regles\/","name":"Couverture m\u00e9diatique de la campagne \u00e9lectorale: L&rsquo;ANIE rappelle l&rsquo;imp\u00e9ratif respect des r\u00e8gles - La Sentinelle","isPartOf":{"@id":"https:\/\/lasentinelle.dz\/#website"},"primaryImageOfPage":{"@id":"https:\/\/lasentinelle.dz\/index.php\/2024\/08\/17\/couverture-mediatique-de-la-campagne-electorale-lanie-rappelle-limperatif-respect-des-regles\/#primaryimage"},"image":{"@id":"https:\/\/lasentinelle.dz\/index.php\/2024\/08\/17\/couverture-mediatique-de-la-campagne-electorale-lanie-rappelle-limperatif-respect-des-regles\/#primaryimage"},"thumbnailUrl":"https:\/\/lasentinelle.dz\/wp-content\/uploads\/2021\/10\/anie-2.jpeg","datePublished":"2024-08-17T22:00:30+00:00","breadcrumb":{"@id":"https:\/\/lasentinelle.dz\/index.php\/2024\/08\/17\/couverture-mediatique-de-la-campagne-electorale-lanie-rappelle-limperatif-respect-des-regles\/#breadcrumb"},"inLanguage":"fr-FR","potentialAction":[{"@type":"ReadAction","target":["https:\/\/lasentinelle.dz\/index.php\/2024\/08\/17\/couverture-mediatique-de-la-campagne-electorale-lanie-rappelle-limperatif-respect-des-regles\/"]}]},{"@type":"ImageObject","inLanguage":"fr-FR","@id":"https:\/\/lasentinelle.dz\/index.php\/2024\/08\/17\/couverture-mediatique-de-la-campagne-electorale-lanie-rappelle-limperatif-respect-des-regles\/#primaryimage","url":"https:\/\/lasentinelle.dz\/wp-content\/uploads\/2021\/10\/anie-2.jpeg","contentUrl":"https:\/\/lasentinelle.dz\/wp-content\/uploads\/2021\/10\/anie-2.jpeg","width":600,"height":340},{"@type":"BreadcrumbList","@id":"https:\/\/lasentinelle.dz\/index.php\/2024\/08\/17\/couverture-mediatique-de-la-campagne-electorale-lanie-rappelle-limperatif-respect-des-regles\/#breadcrumb","itemListElement":[{"@type":"ListItem","position":1,"name":"Accueil","item":"https:\/\/lasentinelle.dz\/"},{"@type":"ListItem","position":2,"name":"Couverture m\u00e9diatique de la campagne \u00e9lectorale: L&rsquo;ANIE rappelle l&rsquo;imp\u00e9ratif respect des r\u00e8gles"}]},{"@type":"WebSite","@id":"https:\/\/lasentinelle.dz\/#website","url":"https:\/\/lasentinelle.dz\/","name":"La Sentinelle","description":"Quotidien national d&#039;information","publisher":{"@id":"https:\/\/lasentinelle.dz\/#organization"},"potentialAction":[{"@type":"SearchAction","target":{"@type":"EntryPoint","urlTemplate":"https:\/\/lasentinelle.dz\/?s={search_term_string}"},"query-input":{"@type":"PropertyValueSpecification","valueRequired":true,"valueName":"search_term_string"}}],"inLanguage":"fr-FR"},{"@type":"Organization","@id":"https:\/\/lasentinelle.dz\/#organization","name":"Quotidien La Sentinelle","url":"https:\/\/lasentinelle.dz\/","logo":{"@type":"ImageObject","inLanguage":"fr-FR","@id":"https:\/\/lasentinelle.dz\/#\/schema\/logo\/image\/","url":"https:\/\/lasentinelle.dz\/wp-content\/uploads\/2021\/09\/logo-sentinelleSLOGAN-1.png","contentUrl":"https:\/\/lasentinelle.dz\/wp-content\/uploads\/2021\/09\/logo-sentinelleSLOGAN-1.png","width":615,"height":142,"caption":"Quotidien La Sentinelle"},"image":{"@id":"https:\/\/lasentinelle.dz\/#\/schema\/logo\/image\/"},"sameAs":["https:\/\/www.facebook.com\/La-Sentinelle-104059864394773"]},{"@type":"Person","@id":"https:\/\/lasentinelle.dz\/#\/schema\/person\/729ee0024f24e0b8c5ec17232f8e8b41","name":"admin","image":{"@type":"ImageObject","inLanguage":"fr-FR","@id":"https:\/\/secure.gravatar.com\/avatar\/4c81fed838786e9b53f540bf46533e750f5d292099ae3b66cfc6fb1982e29df7?s=96&d=mm&r=g","url":"https:\/\/secure.gravatar.com\/avatar\/4c81fed838786e9b53f540bf46533e750f5d292099ae3b66cfc6fb1982e29df7?s=96&d=mm&r=g","contentUrl":"https:\/\/secure.gravatar.com\/avatar\/4c81fed838786e9b53f540bf46533e750f5d292099ae3b66cfc6fb1982e29df7?s=96&d=mm&r=g","caption":"admin"},"description":"admin","url":"https:\/\/lasentinelle.dz\/author\/admin\/"}]}},"_links":{"self":[{"href":"https:\/\/lasentinelle.dz\/index.php\/wp-json\/wp\/v2\/posts\/55847","targetHints":{"allow":["GET"]}}],"collection":[{"href":"https:\/\/lasentinelle.dz\/index.php\/wp-json\/wp\/v2\/posts"}],"about":[{"href":"https:\/\/lasentinelle.dz\/index.php\/wp-json\/wp\/v2\/types\/post"}],"author":[{"embeddable":true,"href":"https:\/\/lasentinelle.dz\/index.php\/wp-json\/wp\/v2\/users\/6"}],"replies":[{"embeddable":true,"href":"https:\/\/lasentinelle.dz\/index.php\/wp-json\/wp\/v2\/comments?post=55847"}],"version-history":[{"count":2,"href":"https:\/\/lasentinelle.dz\/index.php\/wp-json\/wp\/v2\/posts\/55847\/revisions"}],"predecessor-version":[{"id":55849,"href":"https:\/\/lasentinelle.dz\/index.php\/wp-json\/wp\/v2\/posts\/55847\/revisions\/55849"}],"wp:featuredmedia":[{"embeddable":true,"href":"https:\/\/lasentinelle.dz\/index.php\/wp-json\/wp\/v2\/media\/10268"}],"wp:attachment":[{"href":"https:\/\/lasentinelle.dz\/index.php\/wp-json\/wp\/v2\/media?parent=55847"}],"wp:term":[{"taxonomy":"category","embeddable":true,"href":"https:\/\/lasentinelle.dz\/index.php\/wp-json\/wp\/v2\/categories?post=55847"},{"taxonomy":"post_tag","embeddable":true,"href":"https:\/\/lasentinelle.dz\/index.php\/wp-json\/wp\/v2\/tags?post=55847"}],"curies":[{"name":"wp","href":"https:\/\/api.w.org\/{rel}","templated":true}]}}