{"id":55882,"date":"2024-08-19T14:33:57","date_gmt":"2024-08-19T13:33:57","guid":{"rendered":"https:\/\/lasentinelle.dz\/?p=55882"},"modified":"2024-08-19T14:33:58","modified_gmt":"2024-08-19T13:33:58","slug":"faid-plaide-pour-une-refonte-de-larchitecture-financiere-internationale","status":"publish","type":"post","link":"https:\/\/lasentinelle.dz\/index.php\/2024\/08\/19\/faid-plaide-pour-une-refonte-de-larchitecture-financiere-internationale\/","title":{"rendered":"Fa\u00efd plaide pour une refonte de l&rsquo;architecture financi\u00e8re internationale"},"content":{"rendered":"\n<p>Le ministre des Finances, Laaziz Faid, a plaid\u00e9, lors de sa participation par visio-conf\u00e9rence au 3\u00e8me Sommet de la Voix du Sud, tenu en Inde, pour une refonte de l&rsquo;architecture financi\u00e8re internationale. M. Faid a soulign\u00e9, lors de cette conf\u00e9rence tenue avec la participation d&rsquo;une vingtaine de pays du Sud pour aborder les d\u00e9fis financiers mondiaux, l&rsquo;urgence de r\u00e9former le syst\u00e8me financier mondial pour le rendre plus inclusif, transparent et adapt\u00e9 aux r\u00e9alit\u00e9s des pays du Sud. Il a insist\u00e9 sur la n\u00e9cessit\u00e9 de cr\u00e9er un v\u00e9ritable levier de transformation sociale et environnementale, mettant l&rsquo;accent sur une approche centr\u00e9e sur l&rsquo;humain. \u00ab\u00a0Une finance mondiale centr\u00e9e sur les personnes n&rsquo;est pas seulement un objectif noble, mais une n\u00e9cessit\u00e9 imp\u00e9rative pour atteindre les objectifs de d\u00e9veloppement durable et construire un avenir meilleur pour tous\u00a0\u00bb, a d\u00e9clar\u00e9 le ministre. Il a rappel\u00e9 que les pays du Sud se trouvent \u00e0 un tournant d\u00e9cisif face aux d\u00e9fis du d\u00e9veloppement durable, appelant \u00e0 repenser les paradigmes traditionnels qui ont souvent privil\u00e9gi\u00e9 une croissance \u00e9conomique d\u00e9connect\u00e9e des r\u00e9alit\u00e9s sociales et environnementales. Le ministre a insist\u00e9 sur l&rsquo;importance de mobiliser des ressources suffisantes, accessibles et \u00e9quitables. Ces fonds doivent \u00eatre orient\u00e9s vers la lutte contre la pauvret\u00e9, la r\u00e9duction des in\u00e9galit\u00e9s et la r\u00e9ponse aux urgences climatiques. Il a \u00e9galement soulign\u00e9 la n\u00e9cessit\u00e9 de faciliter l&rsquo;acc\u00e8s \u00e0 des financements \u00e0 faible co\u00fbt pour les projets d&rsquo;\u00e9nergie renouvelable et d&rsquo;innovation technologique locale. M. Faid a appel\u00e9 ses homologues \u00e0 travailler collectivement pour b\u00e2tir un nouveau paradigme de d\u00e9veloppement international fond\u00e9 sur l&rsquo;inclusion, l&rsquo;\u00e9quit\u00e9 et la solidarit\u00e9. L&rsquo;objectif est de garantir que les b\u00e9n\u00e9fices du d\u00e9veloppement profitent \u00e0 l&rsquo;ensemble des populations des pays du Sud. Le sommet, plac\u00e9 sous le th\u00e8me \u00ab\u00a0Un Sud mondial habilit\u00e9 pour un avenir durable\u00a0\u00bb, a offert une plateforme d&rsquo;\u00e9change sur plusieurs th\u00e9matiques cruciales. Les discussions ont port\u00e9 sur les d\u00e9fis pos\u00e9s par les fluctuations de la conjoncture mondiale, notamment les probl\u00e8mes li\u00e9s \u00e0 la dette dans les pays en d\u00e9veloppement, l&rsquo;acc\u00e8s aux financements \u00e0 faible co\u00fbt, la r\u00e9forme des banques multilat\u00e9rales de d\u00e9veloppement et l&rsquo;inclusion financi\u00e8re. Cette rencontre internationale a mis en lumi\u00e8re la n\u00e9cessit\u00e9 d&rsquo;une coop\u00e9ration renforc\u00e9e entre les pays du Sud pour faire face aux d\u00e9fis communs. Elle a \u00e9galement soulign\u00e9 l&rsquo;importance d&rsquo;une repr\u00e9sentation plus \u00e9quitable de ces pays dans les instances financi\u00e8res internationales. Le ministre des Finance a insist\u00e9 sur le fait que l&rsquo;acc\u00e8s aux technologies propres et durables demeure une priorit\u00e9 pour les pays du Sud. Cette transition technologique est essentielle pour permettre un d\u00e9veloppement \u00e9conomique respectueux de l&rsquo;environnement et adapt\u00e9 aux r\u00e9alit\u00e9s locales.<\/p>\n\n\n\n<p>Ce 3\u00e8me Sommet de la Voix du Sud a r\u00e9affirm\u00e9 la volont\u00e9 des pays participants de jouer un r\u00f4le plus actif dans la refonte du syst\u00e8me financier mondial. L&rsquo;objectif est de cr\u00e9er une architecture financi\u00e8re qui r\u00e9ponde v\u00e9ritablement aux besoins et aux aspirations des pays en d\u00e9veloppement, tout en promouvant un d\u00e9veloppement durable et \u00e9quitable \u00e0 l&rsquo;\u00e9chelle mondiale.<\/p>\n\n\n\n<p>R.E.<\/p>\n","protected":false},"excerpt":{"rendered":"<p>Le ministre des Finances, Laaziz Faid, a plaid\u00e9, lors de sa participation par visio-conf\u00e9rence au 3\u00e8me Sommet de la Voix<\/p>\n","protected":false},"author":6,"featured_media":42188,"comment_status":"open","ping_status":"closed","sticky":false,"template":"","format":"standard","meta":{"colormag_page_container_layout":"default_layout","colormag_page_sidebar_layout":"default_layout","om_disable_all_campaigns":false,"_monsterinsights_skip_tracking":false,"_monsterinsights_sitenote_active":false,"_monsterinsights_sitenote_note":"","_monsterinsights_sitenote_category":0,"footnotes":"","_wpscppro_dont_share_socialmedia":false,"_wpscppro_custom_social_share_image":0,"_facebook_share_type":"default","_twitter_share_type":"default","_linkedin_share_type":"default","_pinterest_share_type":"default","_linkedin_share_type_page":"","_instagram_share_type":"default","_medium_share_type":"","_threads_share_type":"","_google_business_share_type":"","_selected_social_profile":[],"_wpsp_enable_custom_social_template":false,"_wpsp_social_scheduling":{"enabled":false,"datetime":null,"platforms":[],"status":"template_only","dateOption":"today","timeOption":"now","customDays":"","customHours":"","customDate":"","customTime":"","schedulingType":"absolute"},"_wpsp_active_default_template":true},"categories":[29],"tags":[],"class_list":["post-55882","post","type-post","status-publish","format-standard","has-post-thumbnail","hentry","category-economie"],"aioseo_notices":[],"yoast_head":"<!-- This site is optimized with the Yoast SEO plugin v27.5 - https:\/\/yoast.com\/product\/yoast-seo-wordpress\/ -->\n<title>Fa\u00efd plaide pour une refonte de l&rsquo;architecture financi\u00e8re internationale - La Sentinelle<\/title>\n<meta name=\"robots\" content=\"index, follow, max-snippet:-1, max-image-preview:large, max-video-preview:-1\" \/>\n<link rel=\"canonical\" href=\"https:\/\/lasentinelle.dz\/index.php\/2024\/08\/19\/faid-plaide-pour-une-refonte-de-larchitecture-financiere-internationale\/\" \/>\n<meta property=\"og:locale\" content=\"fr_FR\" \/>\n<meta property=\"og:type\" content=\"article\" \/>\n<meta property=\"og:title\" content=\"Fa\u00efd plaide pour une refonte de l&rsquo;architecture financi\u00e8re internationale - La Sentinelle\" \/>\n<meta property=\"og:description\" content=\"Le ministre des Finances, Laaziz Faid, a plaid\u00e9, lors de sa participation par visio-conf\u00e9rence au 3\u00e8me Sommet de la Voix\" \/>\n<meta property=\"og:url\" content=\"https:\/\/lasentinelle.dz\/index.php\/2024\/08\/19\/faid-plaide-pour-une-refonte-de-larchitecture-financiere-internationale\/\" \/>\n<meta property=\"og:site_name\" content=\"La Sentinelle\" \/>\n<meta property=\"article:publisher\" content=\"https:\/\/www.facebook.com\/La-Sentinelle-104059864394773\" \/>\n<meta property=\"article:published_time\" content=\"2024-08-19T13:33:57+00:00\" \/>\n<meta property=\"article:modified_time\" content=\"2024-08-19T13:33:58+00:00\" \/>\n<meta property=\"og:image\" content=\"https:\/\/lasentinelle.dz\/wp-content\/uploads\/2023\/06\/laaziz-faid.png\" \/>\n\t<meta property=\"og:image:width\" content=\"1491\" \/>\n\t<meta property=\"og:image:height\" content=\"900\" \/>\n\t<meta property=\"og:image:type\" content=\"image\/png\" \/>\n<meta name=\"author\" content=\"admin\" \/>\n<meta name=\"twitter:card\" content=\"summary_large_image\" \/>\n<meta name=\"twitter:label1\" content=\"\u00c9crit par\" \/>\n\t<meta name=\"twitter:data1\" content=\"admin\" \/>\n\t<meta name=\"twitter:label2\" content=\"Dur\u00e9e de lecture estim\u00e9e\" \/>\n\t<meta name=\"twitter:data2\" content=\"3 minutes\" \/>\n<script type=\"application\/ld+json\" class=\"yoast-schema-graph\">{\"@context\":\"https:\\\/\\\/schema.org\",\"@graph\":[{\"@type\":\"Article\",\"@id\":\"https:\\\/\\\/lasentinelle.dz\\\/index.php\\\/2024\\\/08\\\/19\\\/faid-plaide-pour-une-refonte-de-larchitecture-financiere-internationale\\\/#article\",\"isPartOf\":{\"@id\":\"https:\\\/\\\/lasentinelle.dz\\\/index.php\\\/2024\\\/08\\\/19\\\/faid-plaide-pour-une-refonte-de-larchitecture-financiere-internationale\\\/\"},\"author\":{\"name\":\"admin\",\"@id\":\"https:\\\/\\\/lasentinelle.dz\\\/#\\\/schema\\\/person\\\/729ee0024f24e0b8c5ec17232f8e8b41\"},\"headline\":\"Fa\u00efd plaide pour une refonte de l&rsquo;architecture financi\u00e8re internationale\",\"datePublished\":\"2024-08-19T13:33:57+00:00\",\"dateModified\":\"2024-08-19T13:33:58+00:00\",\"mainEntityOfPage\":{\"@id\":\"https:\\\/\\\/lasentinelle.dz\\\/index.php\\\/2024\\\/08\\\/19\\\/faid-plaide-pour-une-refonte-de-larchitecture-financiere-internationale\\\/\"},\"wordCount\":583,\"commentCount\":0,\"publisher\":{\"@id\":\"https:\\\/\\\/lasentinelle.dz\\\/#organization\"},\"image\":{\"@id\":\"https:\\\/\\\/lasentinelle.dz\\\/index.php\\\/2024\\\/08\\\/19\\\/faid-plaide-pour-une-refonte-de-larchitecture-financiere-internationale\\\/#primaryimage\"},\"thumbnailUrl\":\"https:\\\/\\\/lasentinelle.dz\\\/wp-content\\\/uploads\\\/2023\\\/06\\\/laaziz-faid.png\",\"articleSection\":[\"\u00c9conomie\"],\"inLanguage\":\"fr-FR\",\"potentialAction\":[{\"@type\":\"CommentAction\",\"name\":\"Comment\",\"target\":[\"https:\\\/\\\/lasentinelle.dz\\\/index.php\\\/2024\\\/08\\\/19\\\/faid-plaide-pour-une-refonte-de-larchitecture-financiere-internationale\\\/#respond\"]}]},{\"@type\":\"WebPage\",\"@id\":\"https:\\\/\\\/lasentinelle.dz\\\/index.php\\\/2024\\\/08\\\/19\\\/faid-plaide-pour-une-refonte-de-larchitecture-financiere-internationale\\\/\",\"url\":\"https:\\\/\\\/lasentinelle.dz\\\/index.php\\\/2024\\\/08\\\/19\\\/faid-plaide-pour-une-refonte-de-larchitecture-financiere-internationale\\\/\",\"name\":\"Fa\u00efd plaide pour une refonte de l&rsquo;architecture financi\u00e8re internationale - La Sentinelle\",\"isPartOf\":{\"@id\":\"https:\\\/\\\/lasentinelle.dz\\\/#website\"},\"primaryImageOfPage\":{\"@id\":\"https:\\\/\\\/lasentinelle.dz\\\/index.php\\\/2024\\\/08\\\/19\\\/faid-plaide-pour-une-refonte-de-larchitecture-financiere-internationale\\\/#primaryimage\"},\"image\":{\"@id\":\"https:\\\/\\\/lasentinelle.dz\\\/index.php\\\/2024\\\/08\\\/19\\\/faid-plaide-pour-une-refonte-de-larchitecture-financiere-internationale\\\/#primaryimage\"},\"thumbnailUrl\":\"https:\\\/\\\/lasentinelle.dz\\\/wp-content\\\/uploads\\\/2023\\\/06\\\/laaziz-faid.png\",\"datePublished\":\"2024-08-19T13:33:57+00:00\",\"dateModified\":\"2024-08-19T13:33:58+00:00\",\"breadcrumb\":{\"@id\":\"https:\\\/\\\/lasentinelle.dz\\\/index.php\\\/2024\\\/08\\\/19\\\/faid-plaide-pour-une-refonte-de-larchitecture-financiere-internationale\\\/#breadcrumb\"},\"inLanguage\":\"fr-FR\",\"potentialAction\":[{\"@type\":\"ReadAction\",\"target\":[\"https:\\\/\\\/lasentinelle.dz\\\/index.php\\\/2024\\\/08\\\/19\\\/faid-plaide-pour-une-refonte-de-larchitecture-financiere-internationale\\\/\"]}]},{\"@type\":\"ImageObject\",\"inLanguage\":\"fr-FR\",\"@id\":\"https:\\\/\\\/lasentinelle.dz\\\/index.php\\\/2024\\\/08\\\/19\\\/faid-plaide-pour-une-refonte-de-larchitecture-financiere-internationale\\\/#primaryimage\",\"url\":\"https:\\\/\\\/lasentinelle.dz\\\/wp-content\\\/uploads\\\/2023\\\/06\\\/laaziz-faid.png\",\"contentUrl\":\"https:\\\/\\\/lasentinelle.dz\\\/wp-content\\\/uploads\\\/2023\\\/06\\\/laaziz-faid.png\",\"width\":1491,\"height\":900},{\"@type\":\"BreadcrumbList\",\"@id\":\"https:\\\/\\\/lasentinelle.dz\\\/index.php\\\/2024\\\/08\\\/19\\\/faid-plaide-pour-une-refonte-de-larchitecture-financiere-internationale\\\/#breadcrumb\",\"itemListElement\":[{\"@type\":\"ListItem\",\"position\":1,\"name\":\"Accueil\",\"item\":\"https:\\\/\\\/lasentinelle.dz\\\/\"},{\"@type\":\"ListItem\",\"position\":2,\"name\":\"Fa\u00efd plaide pour une refonte de l&rsquo;architecture financi\u00e8re internationale\"}]},{\"@type\":\"WebSite\",\"@id\":\"https:\\\/\\\/lasentinelle.dz\\\/#website\",\"url\":\"https:\\\/\\\/lasentinelle.dz\\\/\",\"name\":\"La Sentinelle\",\"description\":\"Quotidien national d&#039;information\",\"publisher\":{\"@id\":\"https:\\\/\\\/lasentinelle.dz\\\/#organization\"},\"potentialAction\":[{\"@type\":\"SearchAction\",\"target\":{\"@type\":\"EntryPoint\",\"urlTemplate\":\"https:\\\/\\\/lasentinelle.dz\\\/?s={search_term_string}\"},\"query-input\":{\"@type\":\"PropertyValueSpecification\",\"valueRequired\":true,\"valueName\":\"search_term_string\"}}],\"inLanguage\":\"fr-FR\"},{\"@type\":\"Organization\",\"@id\":\"https:\\\/\\\/lasentinelle.dz\\\/#organization\",\"name\":\"Quotidien La Sentinelle\",\"url\":\"https:\\\/\\\/lasentinelle.dz\\\/\",\"logo\":{\"@type\":\"ImageObject\",\"inLanguage\":\"fr-FR\",\"@id\":\"https:\\\/\\\/lasentinelle.dz\\\/#\\\/schema\\\/logo\\\/image\\\/\",\"url\":\"https:\\\/\\\/lasentinelle.dz\\\/wp-content\\\/uploads\\\/2021\\\/09\\\/logo-sentinelleSLOGAN-1.png\",\"contentUrl\":\"https:\\\/\\\/lasentinelle.dz\\\/wp-content\\\/uploads\\\/2021\\\/09\\\/logo-sentinelleSLOGAN-1.png\",\"width\":615,\"height\":142,\"caption\":\"Quotidien La Sentinelle\"},\"image\":{\"@id\":\"https:\\\/\\\/lasentinelle.dz\\\/#\\\/schema\\\/logo\\\/image\\\/\"},\"sameAs\":[\"https:\\\/\\\/www.facebook.com\\\/La-Sentinelle-104059864394773\"]},{\"@type\":\"Person\",\"@id\":\"https:\\\/\\\/lasentinelle.dz\\\/#\\\/schema\\\/person\\\/729ee0024f24e0b8c5ec17232f8e8b41\",\"name\":\"admin\",\"image\":{\"@type\":\"ImageObject\",\"inLanguage\":\"fr-FR\",\"@id\":\"https:\\\/\\\/secure.gravatar.com\\\/avatar\\\/4c81fed838786e9b53f540bf46533e750f5d292099ae3b66cfc6fb1982e29df7?s=96&d=mm&r=g\",\"url\":\"https:\\\/\\\/secure.gravatar.com\\\/avatar\\\/4c81fed838786e9b53f540bf46533e750f5d292099ae3b66cfc6fb1982e29df7?s=96&d=mm&r=g\",\"contentUrl\":\"https:\\\/\\\/secure.gravatar.com\\\/avatar\\\/4c81fed838786e9b53f540bf46533e750f5d292099ae3b66cfc6fb1982e29df7?s=96&d=mm&r=g\",\"caption\":\"admin\"},\"description\":\"admin\",\"url\":\"https:\\\/\\\/lasentinelle.dz\\\/author\\\/admin\\\/\"}]}<\/script>\n<!-- \/ Yoast SEO plugin. -->","yoast_head_json":{"title":"Fa\u00efd plaide pour une refonte de l&rsquo;architecture financi\u00e8re internationale - La Sentinelle","robots":{"index":"index","follow":"follow","max-snippet":"max-snippet:-1","max-image-preview":"max-image-preview:large","max-video-preview":"max-video-preview:-1"},"canonical":"https:\/\/lasentinelle.dz\/index.php\/2024\/08\/19\/faid-plaide-pour-une-refonte-de-larchitecture-financiere-internationale\/","og_locale":"fr_FR","og_type":"article","og_title":"Fa\u00efd plaide pour une refonte de l&rsquo;architecture financi\u00e8re internationale - La Sentinelle","og_description":"Le ministre des Finances, Laaziz Faid, a plaid\u00e9, lors de sa participation par visio-conf\u00e9rence au 3\u00e8me Sommet de la Voix","og_url":"https:\/\/lasentinelle.dz\/index.php\/2024\/08\/19\/faid-plaide-pour-une-refonte-de-larchitecture-financiere-internationale\/","og_site_name":"La Sentinelle","article_publisher":"https:\/\/www.facebook.com\/La-Sentinelle-104059864394773","article_published_time":"2024-08-19T13:33:57+00:00","article_modified_time":"2024-08-19T13:33:58+00:00","og_image":[{"width":1491,"height":900,"url":"https:\/\/lasentinelle.dz\/wp-content\/uploads\/2023\/06\/laaziz-faid.png","type":"image\/png"}],"author":"admin","twitter_card":"summary_large_image","twitter_misc":{"\u00c9crit par":"admin","Dur\u00e9e de lecture estim\u00e9e":"3 minutes"},"schema":{"@context":"https:\/\/schema.org","@graph":[{"@type":"Article","@id":"https:\/\/lasentinelle.dz\/index.php\/2024\/08\/19\/faid-plaide-pour-une-refonte-de-larchitecture-financiere-internationale\/#article","isPartOf":{"@id":"https:\/\/lasentinelle.dz\/index.php\/2024\/08\/19\/faid-plaide-pour-une-refonte-de-larchitecture-financiere-internationale\/"},"author":{"name":"admin","@id":"https:\/\/lasentinelle.dz\/#\/schema\/person\/729ee0024f24e0b8c5ec17232f8e8b41"},"headline":"Fa\u00efd plaide pour une refonte de l&rsquo;architecture financi\u00e8re internationale","datePublished":"2024-08-19T13:33:57+00:00","dateModified":"2024-08-19T13:33:58+00:00","mainEntityOfPage":{"@id":"https:\/\/lasentinelle.dz\/index.php\/2024\/08\/19\/faid-plaide-pour-une-refonte-de-larchitecture-financiere-internationale\/"},"wordCount":583,"commentCount":0,"publisher":{"@id":"https:\/\/lasentinelle.dz\/#organization"},"image":{"@id":"https:\/\/lasentinelle.dz\/index.php\/2024\/08\/19\/faid-plaide-pour-une-refonte-de-larchitecture-financiere-internationale\/#primaryimage"},"thumbnailUrl":"https:\/\/lasentinelle.dz\/wp-content\/uploads\/2023\/06\/laaziz-faid.png","articleSection":["\u00c9conomie"],"inLanguage":"fr-FR","potentialAction":[{"@type":"CommentAction","name":"Comment","target":["https:\/\/lasentinelle.dz\/index.php\/2024\/08\/19\/faid-plaide-pour-une-refonte-de-larchitecture-financiere-internationale\/#respond"]}]},{"@type":"WebPage","@id":"https:\/\/lasentinelle.dz\/index.php\/2024\/08\/19\/faid-plaide-pour-une-refonte-de-larchitecture-financiere-internationale\/","url":"https:\/\/lasentinelle.dz\/index.php\/2024\/08\/19\/faid-plaide-pour-une-refonte-de-larchitecture-financiere-internationale\/","name":"Fa\u00efd plaide pour une refonte de l&rsquo;architecture financi\u00e8re internationale - La Sentinelle","isPartOf":{"@id":"https:\/\/lasentinelle.dz\/#website"},"primaryImageOfPage":{"@id":"https:\/\/lasentinelle.dz\/index.php\/2024\/08\/19\/faid-plaide-pour-une-refonte-de-larchitecture-financiere-internationale\/#primaryimage"},"image":{"@id":"https:\/\/lasentinelle.dz\/index.php\/2024\/08\/19\/faid-plaide-pour-une-refonte-de-larchitecture-financiere-internationale\/#primaryimage"},"thumbnailUrl":"https:\/\/lasentinelle.dz\/wp-content\/uploads\/2023\/06\/laaziz-faid.png","datePublished":"2024-08-19T13:33:57+00:00","dateModified":"2024-08-19T13:33:58+00:00","breadcrumb":{"@id":"https:\/\/lasentinelle.dz\/index.php\/2024\/08\/19\/faid-plaide-pour-une-refonte-de-larchitecture-financiere-internationale\/#breadcrumb"},"inLanguage":"fr-FR","potentialAction":[{"@type":"ReadAction","target":["https:\/\/lasentinelle.dz\/index.php\/2024\/08\/19\/faid-plaide-pour-une-refonte-de-larchitecture-financiere-internationale\/"]}]},{"@type":"ImageObject","inLanguage":"fr-FR","@id":"https:\/\/lasentinelle.dz\/index.php\/2024\/08\/19\/faid-plaide-pour-une-refonte-de-larchitecture-financiere-internationale\/#primaryimage","url":"https:\/\/lasentinelle.dz\/wp-content\/uploads\/2023\/06\/laaziz-faid.png","contentUrl":"https:\/\/lasentinelle.dz\/wp-content\/uploads\/2023\/06\/laaziz-faid.png","width":1491,"height":900},{"@type":"BreadcrumbList","@id":"https:\/\/lasentinelle.dz\/index.php\/2024\/08\/19\/faid-plaide-pour-une-refonte-de-larchitecture-financiere-internationale\/#breadcrumb","itemListElement":[{"@type":"ListItem","position":1,"name":"Accueil","item":"https:\/\/lasentinelle.dz\/"},{"@type":"ListItem","position":2,"name":"Fa\u00efd plaide pour une refonte de l&rsquo;architecture financi\u00e8re internationale"}]},{"@type":"WebSite","@id":"https:\/\/lasentinelle.dz\/#website","url":"https:\/\/lasentinelle.dz\/","name":"La Sentinelle","description":"Quotidien national d&#039;information","publisher":{"@id":"https:\/\/lasentinelle.dz\/#organization"},"potentialAction":[{"@type":"SearchAction","target":{"@type":"EntryPoint","urlTemplate":"https:\/\/lasentinelle.dz\/?s={search_term_string}"},"query-input":{"@type":"PropertyValueSpecification","valueRequired":true,"valueName":"search_term_string"}}],"inLanguage":"fr-FR"},{"@type":"Organization","@id":"https:\/\/lasentinelle.dz\/#organization","name":"Quotidien La Sentinelle","url":"https:\/\/lasentinelle.dz\/","logo":{"@type":"ImageObject","inLanguage":"fr-FR","@id":"https:\/\/lasentinelle.dz\/#\/schema\/logo\/image\/","url":"https:\/\/lasentinelle.dz\/wp-content\/uploads\/2021\/09\/logo-sentinelleSLOGAN-1.png","contentUrl":"https:\/\/lasentinelle.dz\/wp-content\/uploads\/2021\/09\/logo-sentinelleSLOGAN-1.png","width":615,"height":142,"caption":"Quotidien La Sentinelle"},"image":{"@id":"https:\/\/lasentinelle.dz\/#\/schema\/logo\/image\/"},"sameAs":["https:\/\/www.facebook.com\/La-Sentinelle-104059864394773"]},{"@type":"Person","@id":"https:\/\/lasentinelle.dz\/#\/schema\/person\/729ee0024f24e0b8c5ec17232f8e8b41","name":"admin","image":{"@type":"ImageObject","inLanguage":"fr-FR","@id":"https:\/\/secure.gravatar.com\/avatar\/4c81fed838786e9b53f540bf46533e750f5d292099ae3b66cfc6fb1982e29df7?s=96&d=mm&r=g","url":"https:\/\/secure.gravatar.com\/avatar\/4c81fed838786e9b53f540bf46533e750f5d292099ae3b66cfc6fb1982e29df7?s=96&d=mm&r=g","contentUrl":"https:\/\/secure.gravatar.com\/avatar\/4c81fed838786e9b53f540bf46533e750f5d292099ae3b66cfc6fb1982e29df7?s=96&d=mm&r=g","caption":"admin"},"description":"admin","url":"https:\/\/lasentinelle.dz\/author\/admin\/"}]}},"_links":{"self":[{"href":"https:\/\/lasentinelle.dz\/index.php\/wp-json\/wp\/v2\/posts\/55882","targetHints":{"allow":["GET"]}}],"collection":[{"href":"https:\/\/lasentinelle.dz\/index.php\/wp-json\/wp\/v2\/posts"}],"about":[{"href":"https:\/\/lasentinelle.dz\/index.php\/wp-json\/wp\/v2\/types\/post"}],"author":[{"embeddable":true,"href":"https:\/\/lasentinelle.dz\/index.php\/wp-json\/wp\/v2\/users\/6"}],"replies":[{"embeddable":true,"href":"https:\/\/lasentinelle.dz\/index.php\/wp-json\/wp\/v2\/comments?post=55882"}],"version-history":[{"count":2,"href":"https:\/\/lasentinelle.dz\/index.php\/wp-json\/wp\/v2\/posts\/55882\/revisions"}],"predecessor-version":[{"id":55884,"href":"https:\/\/lasentinelle.dz\/index.php\/wp-json\/wp\/v2\/posts\/55882\/revisions\/55884"}],"wp:featuredmedia":[{"embeddable":true,"href":"https:\/\/lasentinelle.dz\/index.php\/wp-json\/wp\/v2\/media\/42188"}],"wp:attachment":[{"href":"https:\/\/lasentinelle.dz\/index.php\/wp-json\/wp\/v2\/media?parent=55882"}],"wp:term":[{"taxonomy":"category","embeddable":true,"href":"https:\/\/lasentinelle.dz\/index.php\/wp-json\/wp\/v2\/categories?post=55882"},{"taxonomy":"post_tag","embeddable":true,"href":"https:\/\/lasentinelle.dz\/index.php\/wp-json\/wp\/v2\/tags?post=55882"}],"curies":[{"name":"wp","href":"https:\/\/api.w.org\/{rel}","templated":true}]}}