{"id":55893,"date":"2024-08-19T14:39:49","date_gmt":"2024-08-19T13:39:49","guid":{"rendered":"https:\/\/lasentinelle.dz\/?p=55893"},"modified":"2024-08-19T14:39:50","modified_gmt":"2024-08-19T13:39:50","slug":"sommet-de-la-sadc-solidarite-constante-avec-les-causes-sahraouie-et-palestinienne","status":"publish","type":"post","link":"https:\/\/lasentinelle.dz\/index.php\/2024\/08\/19\/sommet-de-la-sadc-solidarite-constante-avec-les-causes-sahraouie-et-palestinienne\/","title":{"rendered":"Sommet de la SADC: Solidarit\u00e9 \u00ab\u00a0constante\u00a0\u00bb avec les causes sahraouie et palestinienne"},"content":{"rendered":"\n<p>En marge du 44e Sommet de la Communaut\u00e9 de d\u00e9veloppement de l&rsquo;Afrique australe qui s&rsquo;est tenu hier \u00e0 Harare, le ministre des Affaires \u00e9trang\u00e8res et de la Communaut\u00e9 nationale \u00e0 l&rsquo;\u00e9tranger, Ahmed Attaf, a rappel\u00e9 lors de son intervention, l&rsquo;engagement solidaire de l&rsquo;Alg\u00e9rie et de la SADC envers les causes palestinienne et sahraouie. Il a notamment \u00e9voqu\u00e9 la situation dramatique \u00e0 Ghaza, et a d\u00e9nonc\u00e9 la &nbsp;\u00ab\u00a0guerre g\u00e9nocidaire\u00a0\u00bb men\u00e9e par l&rsquo;entit\u00e9 sioniste. Il a \u00e9voqu\u00e9, \u00e0 ce propos, une \u00ab\u00a0guerre g\u00e9nocidaire perp\u00e9tr\u00e9e ouvertement et effront\u00e9ment par la puissance occupante isra\u00e9lienne \u00e0 Ghaza depuis plus de dix mois\u00a0\u00bb. Il a rendu \u00ab\u00a0un hommage m\u00e9rit\u00e9 \u00e0 la R\u00e9publique d\u2019Afrique du Sud, qui a port\u00e9 cette affaire devant la Cour internationale de Justice, afin de s\u2019assurer que la puissance occupante ne puisse pas s\u2019en tirer avec ses crimes aussi facilement qu\u2019elle l\u2019a fait syst\u00e9matiquement dans le pass\u00e9\u00a0\u00bb. \u00ab\u00a0Notre solidarit\u00e9 collective a \u00e9galement \u00e9t\u00e9 constante envers nos fr\u00e8res et s\u0153urs au Sahara occidental, derni\u00e8re colonie d\u2019Afrique \u00e0 laquelle on refuse encore son droit inali\u00e9nable \u00e0 l\u2019autod\u00e9termination\u00a0\u00bb, a-t-il ajout\u00e9. \u00ab\u00a0Au fil du temps, certains pays ont tendance \u00e0 accepter, voire \u00e0 cautionner, le fait accompli colonial au Sahara occidental. Or, nous savons tous que, comme on le dit, les faits sont t\u00eatus, ainsi, quels que soient les souhaits de ceux qui ont fait le choix de se positionner du mauvais c\u00f4t\u00e9 de l\u2019histoire, le Sahara occidental reste une question de d\u00e9colonisation et le peuple sahraoui est en droit d\u2019exercer, t\u00f4t ou tard, son droit inali\u00e9nable \u00e0 l\u2019autod\u00e9termination conform\u00e9ment \u00e0 la l\u00e9galit\u00e9 internationale\u00a0\u00bb, a-t-il assur\u00e9. \u00ab\u00a0Il n\u2019existe pas une seule cause de libert\u00e9 qui n\u2019ait mobilis\u00e9 le soutien de l\u2019Alg\u00e9rie et celui des Africains de la famille de la SADC, il n\u2019existe pas un seul cas de d\u00e9ni du droit des peuples \u00e0 l\u2019autod\u00e9termination qui n\u2019ait rassembl\u00e9 tous nos efforts pour d\u00e9fendre les opprim\u00e9s contre l\u2019oppresseur\u00a0\u00bb, a-t-il rappel\u00e9. Le MAE a \u00e9galement mis en lumi\u00e8re les liens profonds unissant l&rsquo;Alg\u00e9rie aux pays de la SADC, fond\u00e9s sur un h\u00e9ritage commun de luttes anticoloniales et un attachement partag\u00e9 au panafricanisme.\u00a0\u00bbLa c\u00e9l\u00e9bration d\u2019aujourd\u2019hui est aussi l\u2019occasion de f\u00e9liciter la SADC pour ses r\u00e9alisations et ses avanc\u00e9es dans tous les domaines. Je crois sinc\u00e8rement que les quatre autres blocs r\u00e9gionaux africains ont beaucoup \u00e0 apprendre de la SADC\u00a0\u00bb, a-t-il soutenu. \u00ab\u00a0Nous avons beaucoup \u00e0 apprendre de la SADC en termes de renforcement de la stabilit\u00e9 politique, de la paix et de la s\u00e9curit\u00e9 r\u00e9gionales (&#8230;) en termes de promotion d&rsquo;une v\u00e9ritable coop\u00e9ration et d&rsquo;une int\u00e9gration \u00e9conomiques (&#8230;) en termes de pr\u00e9servation d&rsquo;excellentes relations politiques harmonieuses entre ses Etats membres\u00a0\u00bb, a-t-il not\u00e9. Par ailleurs, M. Attaf s&rsquo;est f\u00e9licit\u00e9 des liens \u00ab\u00a0historiques, particuliers et tr\u00e8s solides\u00a0\u00bb qui unissent depuis longtemps l\u2019Alg\u00e9rie \u00e0 tous les pays de la r\u00e9gion SADC. \u00ab\u00a0Ces liens solides tirent leur force de l\u2019h\u00e9ritage historique des luttes communes que nos pays ont men\u00e9es conjointement contre le colonialisme et l\u2019apartheid en Afrique, de notre attachement commun au panafricanisme et aux valeurs fondamentales, aux principes de longue date et aux id\u00e9aux vivants qui ont fa\u00e7onn\u00e9 et continuent de fa\u00e7onner l\u2019\u0153uvre unitaire africaine, ainsi que du serment que nous avons pr\u00eat\u00e9 ensemble de ne jamais abandonner les peuples opprim\u00e9s et de ne jamais tourner le dos \u00e0 leurs causes justes et l\u00e9gitimes\u00a0\u00bb, a-t-il dit. \u00ab\u00a0Pour tous ces d\u00e9nominateurs communs que nous ch\u00e9rissons et portons \u00e0 c\u0153ur, l\u2019Alg\u00e9rie s\u2019est toujours sentie partie int\u00e9grante de la famille de la SADC (&#8230;)\u00a0\u00bb, a affirm\u00e9 le ministre Attaf.<\/p>\n\n\n\n<p>La capitale zimbabw\u00e9enne Harare, a accueilli hier le 44e Sommet de la Communaut\u00e9 de d\u00e9veloppement de l&rsquo;Afrique australe (SADC). Cet \u00e9v\u00e9nement marquant, co\u00efncidant avec le 44e anniversaire de l&rsquo;organisation, s&rsquo;est ouvert sous un th\u00e8me ambitieux : \u00ab\u00a0Promouvoir l&rsquo;innovation pour ouvrir des opportunit\u00e9s de croissance \u00e9conomique et de d\u00e9veloppement durables vers une SADC industrialis\u00e9e\u00a0\u00bb. Dans son discours d&rsquo;ouverture, le pr\u00e9sident Emmerson Mnangagwa a soulign\u00e9 l&rsquo;importance de cette rencontre pour d\u00e9finir l&rsquo;avenir de la r\u00e9gion. Il a appel\u00e9 \u00e0 d\u00e9ployer des strat\u00e9gies novatrices dans tous les secteurs \u00e9conomiques, mettant l&rsquo;accent sur la valorisation des abondantes ressources naturelles de la zone SADC.<\/p>\n\n\n\n<p>Les priorit\u00e9s d\u00e9gag\u00e9es lors du sommet refl\u00e8tent les d\u00e9fis actuels de la r\u00e9gion : acc\u00e9l\u00e9rer l&rsquo;int\u00e9gration et l&rsquo;industrialisation, soutenir la stabilit\u00e9 politique et \u00e9conomique, renforcer les cha\u00eenes de valeur r\u00e9gionales, et pr\u00e9server la souverainet\u00e9 \u00e9conomique des \u00c9tats membres.<\/p>\n\n\n\n<p>R.N.<\/p>\n","protected":false},"excerpt":{"rendered":"<p>En marge du 44e Sommet de la Communaut\u00e9 de d\u00e9veloppement de l&rsquo;Afrique australe qui s&rsquo;est tenu hier \u00e0 Harare, le<\/p>\n","protected":false},"author":6,"featured_media":51725,"comment_status":"open","ping_status":"closed","sticky":false,"template":"","format":"standard","meta":{"colormag_page_container_layout":"default_layout","colormag_page_sidebar_layout":"default_layout","om_disable_all_campaigns":false,"_monsterinsights_skip_tracking":false,"_monsterinsights_sitenote_active":false,"_monsterinsights_sitenote_note":"","_monsterinsights_sitenote_category":0,"footnotes":"","_wpscppro_dont_share_socialmedia":false,"_wpscppro_custom_social_share_image":0,"_facebook_share_type":"default","_twitter_share_type":"default","_linkedin_share_type":"default","_pinterest_share_type":"default","_linkedin_share_type_page":"","_instagram_share_type":"default","_medium_share_type":"","_threads_share_type":"","_google_business_share_type":"","_selected_social_profile":[],"_wpsp_enable_custom_social_template":false,"_wpsp_social_scheduling":{"enabled":false,"datetime":null,"platforms":[],"status":"template_only","dateOption":"today","timeOption":"now","customDays":"","customHours":"","customDate":"","customTime":"","schedulingType":"absolute"},"_wpsp_active_default_template":true},"categories":[27],"tags":[],"class_list":["post-55893","post","type-post","status-publish","format-standard","has-post-thumbnail","hentry","category-actualite"],"aioseo_notices":[],"yoast_head":"<!-- This site is optimized with the Yoast SEO plugin v27.5 - https:\/\/yoast.com\/product\/yoast-seo-wordpress\/ -->\n<title>Sommet de la SADC: Solidarit\u00e9 \u00ab\u00a0constante\u00a0\u00bb avec les causes sahraouie et palestinienne - La Sentinelle<\/title>\n<meta name=\"robots\" content=\"index, follow, max-snippet:-1, max-image-preview:large, max-video-preview:-1\" \/>\n<link rel=\"canonical\" href=\"https:\/\/lasentinelle.dz\/index.php\/2024\/08\/19\/sommet-de-la-sadc-solidarite-constante-avec-les-causes-sahraouie-et-palestinienne\/\" \/>\n<meta property=\"og:locale\" content=\"fr_FR\" \/>\n<meta property=\"og:type\" content=\"article\" \/>\n<meta property=\"og:title\" content=\"Sommet de la SADC: Solidarit\u00e9 \u00ab\u00a0constante\u00a0\u00bb avec les causes sahraouie et palestinienne - La Sentinelle\" \/>\n<meta property=\"og:description\" content=\"En marge du 44e Sommet de la Communaut\u00e9 de d\u00e9veloppement de l&rsquo;Afrique australe qui s&rsquo;est tenu hier \u00e0 Harare, le\" \/>\n<meta property=\"og:url\" content=\"https:\/\/lasentinelle.dz\/index.php\/2024\/08\/19\/sommet-de-la-sadc-solidarite-constante-avec-les-causes-sahraouie-et-palestinienne\/\" \/>\n<meta property=\"og:site_name\" content=\"La Sentinelle\" \/>\n<meta property=\"article:publisher\" content=\"https:\/\/www.facebook.com\/La-Sentinelle-104059864394773\" \/>\n<meta property=\"article:published_time\" content=\"2024-08-19T13:39:49+00:00\" \/>\n<meta property=\"article:modified_time\" content=\"2024-08-19T13:39:50+00:00\" \/>\n<meta property=\"og:image\" content=\"https:\/\/lasentinelle.dz\/wp-content\/uploads\/2024\/04\/attaf.jpeg\" \/>\n\t<meta property=\"og:image:width\" content=\"1000\" \/>\n\t<meta property=\"og:image:height\" content=\"561\" \/>\n\t<meta property=\"og:image:type\" content=\"image\/jpeg\" \/>\n<meta name=\"author\" content=\"admin\" \/>\n<meta name=\"twitter:card\" content=\"summary_large_image\" \/>\n<meta name=\"twitter:label1\" content=\"\u00c9crit par\" \/>\n\t<meta name=\"twitter:data1\" content=\"admin\" \/>\n\t<meta name=\"twitter:label2\" content=\"Dur\u00e9e de lecture estim\u00e9e\" \/>\n\t<meta name=\"twitter:data2\" content=\"4 minutes\" \/>\n<script type=\"application\/ld+json\" class=\"yoast-schema-graph\">{\"@context\":\"https:\\\/\\\/schema.org\",\"@graph\":[{\"@type\":\"Article\",\"@id\":\"https:\\\/\\\/lasentinelle.dz\\\/index.php\\\/2024\\\/08\\\/19\\\/sommet-de-la-sadc-solidarite-constante-avec-les-causes-sahraouie-et-palestinienne\\\/#article\",\"isPartOf\":{\"@id\":\"https:\\\/\\\/lasentinelle.dz\\\/index.php\\\/2024\\\/08\\\/19\\\/sommet-de-la-sadc-solidarite-constante-avec-les-causes-sahraouie-et-palestinienne\\\/\"},\"author\":{\"name\":\"admin\",\"@id\":\"https:\\\/\\\/lasentinelle.dz\\\/#\\\/schema\\\/person\\\/729ee0024f24e0b8c5ec17232f8e8b41\"},\"headline\":\"Sommet de la SADC: Solidarit\u00e9 \u00ab\u00a0constante\u00a0\u00bb avec les causes sahraouie et palestinienne\",\"datePublished\":\"2024-08-19T13:39:49+00:00\",\"dateModified\":\"2024-08-19T13:39:50+00:00\",\"mainEntityOfPage\":{\"@id\":\"https:\\\/\\\/lasentinelle.dz\\\/index.php\\\/2024\\\/08\\\/19\\\/sommet-de-la-sadc-solidarite-constante-avec-les-causes-sahraouie-et-palestinienne\\\/\"},\"wordCount\":840,\"commentCount\":0,\"publisher\":{\"@id\":\"https:\\\/\\\/lasentinelle.dz\\\/#organization\"},\"image\":{\"@id\":\"https:\\\/\\\/lasentinelle.dz\\\/index.php\\\/2024\\\/08\\\/19\\\/sommet-de-la-sadc-solidarite-constante-avec-les-causes-sahraouie-et-palestinienne\\\/#primaryimage\"},\"thumbnailUrl\":\"https:\\\/\\\/lasentinelle.dz\\\/wp-content\\\/uploads\\\/2024\\\/04\\\/attaf.jpeg\",\"articleSection\":[\"Actualit\u00e9\"],\"inLanguage\":\"fr-FR\",\"potentialAction\":[{\"@type\":\"CommentAction\",\"name\":\"Comment\",\"target\":[\"https:\\\/\\\/lasentinelle.dz\\\/index.php\\\/2024\\\/08\\\/19\\\/sommet-de-la-sadc-solidarite-constante-avec-les-causes-sahraouie-et-palestinienne\\\/#respond\"]}]},{\"@type\":\"WebPage\",\"@id\":\"https:\\\/\\\/lasentinelle.dz\\\/index.php\\\/2024\\\/08\\\/19\\\/sommet-de-la-sadc-solidarite-constante-avec-les-causes-sahraouie-et-palestinienne\\\/\",\"url\":\"https:\\\/\\\/lasentinelle.dz\\\/index.php\\\/2024\\\/08\\\/19\\\/sommet-de-la-sadc-solidarite-constante-avec-les-causes-sahraouie-et-palestinienne\\\/\",\"name\":\"Sommet de la SADC: Solidarit\u00e9 \u00ab\u00a0constante\u00a0\u00bb avec les causes sahraouie et palestinienne - La Sentinelle\",\"isPartOf\":{\"@id\":\"https:\\\/\\\/lasentinelle.dz\\\/#website\"},\"primaryImageOfPage\":{\"@id\":\"https:\\\/\\\/lasentinelle.dz\\\/index.php\\\/2024\\\/08\\\/19\\\/sommet-de-la-sadc-solidarite-constante-avec-les-causes-sahraouie-et-palestinienne\\\/#primaryimage\"},\"image\":{\"@id\":\"https:\\\/\\\/lasentinelle.dz\\\/index.php\\\/2024\\\/08\\\/19\\\/sommet-de-la-sadc-solidarite-constante-avec-les-causes-sahraouie-et-palestinienne\\\/#primaryimage\"},\"thumbnailUrl\":\"https:\\\/\\\/lasentinelle.dz\\\/wp-content\\\/uploads\\\/2024\\\/04\\\/attaf.jpeg\",\"datePublished\":\"2024-08-19T13:39:49+00:00\",\"dateModified\":\"2024-08-19T13:39:50+00:00\",\"breadcrumb\":{\"@id\":\"https:\\\/\\\/lasentinelle.dz\\\/index.php\\\/2024\\\/08\\\/19\\\/sommet-de-la-sadc-solidarite-constante-avec-les-causes-sahraouie-et-palestinienne\\\/#breadcrumb\"},\"inLanguage\":\"fr-FR\",\"potentialAction\":[{\"@type\":\"ReadAction\",\"target\":[\"https:\\\/\\\/lasentinelle.dz\\\/index.php\\\/2024\\\/08\\\/19\\\/sommet-de-la-sadc-solidarite-constante-avec-les-causes-sahraouie-et-palestinienne\\\/\"]}]},{\"@type\":\"ImageObject\",\"inLanguage\":\"fr-FR\",\"@id\":\"https:\\\/\\\/lasentinelle.dz\\\/index.php\\\/2024\\\/08\\\/19\\\/sommet-de-la-sadc-solidarite-constante-avec-les-causes-sahraouie-et-palestinienne\\\/#primaryimage\",\"url\":\"https:\\\/\\\/lasentinelle.dz\\\/wp-content\\\/uploads\\\/2024\\\/04\\\/attaf.jpeg\",\"contentUrl\":\"https:\\\/\\\/lasentinelle.dz\\\/wp-content\\\/uploads\\\/2024\\\/04\\\/attaf.jpeg\",\"width\":1000,\"height\":561},{\"@type\":\"BreadcrumbList\",\"@id\":\"https:\\\/\\\/lasentinelle.dz\\\/index.php\\\/2024\\\/08\\\/19\\\/sommet-de-la-sadc-solidarite-constante-avec-les-causes-sahraouie-et-palestinienne\\\/#breadcrumb\",\"itemListElement\":[{\"@type\":\"ListItem\",\"position\":1,\"name\":\"Accueil\",\"item\":\"https:\\\/\\\/lasentinelle.dz\\\/\"},{\"@type\":\"ListItem\",\"position\":2,\"name\":\"Sommet de la SADC: Solidarit\u00e9 \u00ab\u00a0constante\u00a0\u00bb avec les causes sahraouie et palestinienne\"}]},{\"@type\":\"WebSite\",\"@id\":\"https:\\\/\\\/lasentinelle.dz\\\/#website\",\"url\":\"https:\\\/\\\/lasentinelle.dz\\\/\",\"name\":\"La Sentinelle\",\"description\":\"Quotidien national d&#039;information\",\"publisher\":{\"@id\":\"https:\\\/\\\/lasentinelle.dz\\\/#organization\"},\"potentialAction\":[{\"@type\":\"SearchAction\",\"target\":{\"@type\":\"EntryPoint\",\"urlTemplate\":\"https:\\\/\\\/lasentinelle.dz\\\/?s={search_term_string}\"},\"query-input\":{\"@type\":\"PropertyValueSpecification\",\"valueRequired\":true,\"valueName\":\"search_term_string\"}}],\"inLanguage\":\"fr-FR\"},{\"@type\":\"Organization\",\"@id\":\"https:\\\/\\\/lasentinelle.dz\\\/#organization\",\"name\":\"Quotidien La Sentinelle\",\"url\":\"https:\\\/\\\/lasentinelle.dz\\\/\",\"logo\":{\"@type\":\"ImageObject\",\"inLanguage\":\"fr-FR\",\"@id\":\"https:\\\/\\\/lasentinelle.dz\\\/#\\\/schema\\\/logo\\\/image\\\/\",\"url\":\"https:\\\/\\\/lasentinelle.dz\\\/wp-content\\\/uploads\\\/2021\\\/09\\\/logo-sentinelleSLOGAN-1.png\",\"contentUrl\":\"https:\\\/\\\/lasentinelle.dz\\\/wp-content\\\/uploads\\\/2021\\\/09\\\/logo-sentinelleSLOGAN-1.png\",\"width\":615,\"height\":142,\"caption\":\"Quotidien La Sentinelle\"},\"image\":{\"@id\":\"https:\\\/\\\/lasentinelle.dz\\\/#\\\/schema\\\/logo\\\/image\\\/\"},\"sameAs\":[\"https:\\\/\\\/www.facebook.com\\\/La-Sentinelle-104059864394773\"]},{\"@type\":\"Person\",\"@id\":\"https:\\\/\\\/lasentinelle.dz\\\/#\\\/schema\\\/person\\\/729ee0024f24e0b8c5ec17232f8e8b41\",\"name\":\"admin\",\"image\":{\"@type\":\"ImageObject\",\"inLanguage\":\"fr-FR\",\"@id\":\"https:\\\/\\\/secure.gravatar.com\\\/avatar\\\/4c81fed838786e9b53f540bf46533e750f5d292099ae3b66cfc6fb1982e29df7?s=96&d=mm&r=g\",\"url\":\"https:\\\/\\\/secure.gravatar.com\\\/avatar\\\/4c81fed838786e9b53f540bf46533e750f5d292099ae3b66cfc6fb1982e29df7?s=96&d=mm&r=g\",\"contentUrl\":\"https:\\\/\\\/secure.gravatar.com\\\/avatar\\\/4c81fed838786e9b53f540bf46533e750f5d292099ae3b66cfc6fb1982e29df7?s=96&d=mm&r=g\",\"caption\":\"admin\"},\"description\":\"admin\",\"url\":\"https:\\\/\\\/lasentinelle.dz\\\/author\\\/admin\\\/\"}]}<\/script>\n<!-- \/ Yoast SEO plugin. -->","yoast_head_json":{"title":"Sommet de la SADC: Solidarit\u00e9 \u00ab\u00a0constante\u00a0\u00bb avec les causes sahraouie et palestinienne - La Sentinelle","robots":{"index":"index","follow":"follow","max-snippet":"max-snippet:-1","max-image-preview":"max-image-preview:large","max-video-preview":"max-video-preview:-1"},"canonical":"https:\/\/lasentinelle.dz\/index.php\/2024\/08\/19\/sommet-de-la-sadc-solidarite-constante-avec-les-causes-sahraouie-et-palestinienne\/","og_locale":"fr_FR","og_type":"article","og_title":"Sommet de la SADC: Solidarit\u00e9 \u00ab\u00a0constante\u00a0\u00bb avec les causes sahraouie et palestinienne - La Sentinelle","og_description":"En marge du 44e Sommet de la Communaut\u00e9 de d\u00e9veloppement de l&rsquo;Afrique australe qui s&rsquo;est tenu hier \u00e0 Harare, le","og_url":"https:\/\/lasentinelle.dz\/index.php\/2024\/08\/19\/sommet-de-la-sadc-solidarite-constante-avec-les-causes-sahraouie-et-palestinienne\/","og_site_name":"La Sentinelle","article_publisher":"https:\/\/www.facebook.com\/La-Sentinelle-104059864394773","article_published_time":"2024-08-19T13:39:49+00:00","article_modified_time":"2024-08-19T13:39:50+00:00","og_image":[{"width":1000,"height":561,"url":"https:\/\/lasentinelle.dz\/wp-content\/uploads\/2024\/04\/attaf.jpeg","type":"image\/jpeg"}],"author":"admin","twitter_card":"summary_large_image","twitter_misc":{"\u00c9crit par":"admin","Dur\u00e9e de lecture estim\u00e9e":"4 minutes"},"schema":{"@context":"https:\/\/schema.org","@graph":[{"@type":"Article","@id":"https:\/\/lasentinelle.dz\/index.php\/2024\/08\/19\/sommet-de-la-sadc-solidarite-constante-avec-les-causes-sahraouie-et-palestinienne\/#article","isPartOf":{"@id":"https:\/\/lasentinelle.dz\/index.php\/2024\/08\/19\/sommet-de-la-sadc-solidarite-constante-avec-les-causes-sahraouie-et-palestinienne\/"},"author":{"name":"admin","@id":"https:\/\/lasentinelle.dz\/#\/schema\/person\/729ee0024f24e0b8c5ec17232f8e8b41"},"headline":"Sommet de la SADC: Solidarit\u00e9 \u00ab\u00a0constante\u00a0\u00bb avec les causes sahraouie et palestinienne","datePublished":"2024-08-19T13:39:49+00:00","dateModified":"2024-08-19T13:39:50+00:00","mainEntityOfPage":{"@id":"https:\/\/lasentinelle.dz\/index.php\/2024\/08\/19\/sommet-de-la-sadc-solidarite-constante-avec-les-causes-sahraouie-et-palestinienne\/"},"wordCount":840,"commentCount":0,"publisher":{"@id":"https:\/\/lasentinelle.dz\/#organization"},"image":{"@id":"https:\/\/lasentinelle.dz\/index.php\/2024\/08\/19\/sommet-de-la-sadc-solidarite-constante-avec-les-causes-sahraouie-et-palestinienne\/#primaryimage"},"thumbnailUrl":"https:\/\/lasentinelle.dz\/wp-content\/uploads\/2024\/04\/attaf.jpeg","articleSection":["Actualit\u00e9"],"inLanguage":"fr-FR","potentialAction":[{"@type":"CommentAction","name":"Comment","target":["https:\/\/lasentinelle.dz\/index.php\/2024\/08\/19\/sommet-de-la-sadc-solidarite-constante-avec-les-causes-sahraouie-et-palestinienne\/#respond"]}]},{"@type":"WebPage","@id":"https:\/\/lasentinelle.dz\/index.php\/2024\/08\/19\/sommet-de-la-sadc-solidarite-constante-avec-les-causes-sahraouie-et-palestinienne\/","url":"https:\/\/lasentinelle.dz\/index.php\/2024\/08\/19\/sommet-de-la-sadc-solidarite-constante-avec-les-causes-sahraouie-et-palestinienne\/","name":"Sommet de la SADC: Solidarit\u00e9 \u00ab\u00a0constante\u00a0\u00bb avec les causes sahraouie et palestinienne - La Sentinelle","isPartOf":{"@id":"https:\/\/lasentinelle.dz\/#website"},"primaryImageOfPage":{"@id":"https:\/\/lasentinelle.dz\/index.php\/2024\/08\/19\/sommet-de-la-sadc-solidarite-constante-avec-les-causes-sahraouie-et-palestinienne\/#primaryimage"},"image":{"@id":"https:\/\/lasentinelle.dz\/index.php\/2024\/08\/19\/sommet-de-la-sadc-solidarite-constante-avec-les-causes-sahraouie-et-palestinienne\/#primaryimage"},"thumbnailUrl":"https:\/\/lasentinelle.dz\/wp-content\/uploads\/2024\/04\/attaf.jpeg","datePublished":"2024-08-19T13:39:49+00:00","dateModified":"2024-08-19T13:39:50+00:00","breadcrumb":{"@id":"https:\/\/lasentinelle.dz\/index.php\/2024\/08\/19\/sommet-de-la-sadc-solidarite-constante-avec-les-causes-sahraouie-et-palestinienne\/#breadcrumb"},"inLanguage":"fr-FR","potentialAction":[{"@type":"ReadAction","target":["https:\/\/lasentinelle.dz\/index.php\/2024\/08\/19\/sommet-de-la-sadc-solidarite-constante-avec-les-causes-sahraouie-et-palestinienne\/"]}]},{"@type":"ImageObject","inLanguage":"fr-FR","@id":"https:\/\/lasentinelle.dz\/index.php\/2024\/08\/19\/sommet-de-la-sadc-solidarite-constante-avec-les-causes-sahraouie-et-palestinienne\/#primaryimage","url":"https:\/\/lasentinelle.dz\/wp-content\/uploads\/2024\/04\/attaf.jpeg","contentUrl":"https:\/\/lasentinelle.dz\/wp-content\/uploads\/2024\/04\/attaf.jpeg","width":1000,"height":561},{"@type":"BreadcrumbList","@id":"https:\/\/lasentinelle.dz\/index.php\/2024\/08\/19\/sommet-de-la-sadc-solidarite-constante-avec-les-causes-sahraouie-et-palestinienne\/#breadcrumb","itemListElement":[{"@type":"ListItem","position":1,"name":"Accueil","item":"https:\/\/lasentinelle.dz\/"},{"@type":"ListItem","position":2,"name":"Sommet de la SADC: Solidarit\u00e9 \u00ab\u00a0constante\u00a0\u00bb avec les causes sahraouie et palestinienne"}]},{"@type":"WebSite","@id":"https:\/\/lasentinelle.dz\/#website","url":"https:\/\/lasentinelle.dz\/","name":"La Sentinelle","description":"Quotidien national d&#039;information","publisher":{"@id":"https:\/\/lasentinelle.dz\/#organization"},"potentialAction":[{"@type":"SearchAction","target":{"@type":"EntryPoint","urlTemplate":"https:\/\/lasentinelle.dz\/?s={search_term_string}"},"query-input":{"@type":"PropertyValueSpecification","valueRequired":true,"valueName":"search_term_string"}}],"inLanguage":"fr-FR"},{"@type":"Organization","@id":"https:\/\/lasentinelle.dz\/#organization","name":"Quotidien La Sentinelle","url":"https:\/\/lasentinelle.dz\/","logo":{"@type":"ImageObject","inLanguage":"fr-FR","@id":"https:\/\/lasentinelle.dz\/#\/schema\/logo\/image\/","url":"https:\/\/lasentinelle.dz\/wp-content\/uploads\/2021\/09\/logo-sentinelleSLOGAN-1.png","contentUrl":"https:\/\/lasentinelle.dz\/wp-content\/uploads\/2021\/09\/logo-sentinelleSLOGAN-1.png","width":615,"height":142,"caption":"Quotidien La Sentinelle"},"image":{"@id":"https:\/\/lasentinelle.dz\/#\/schema\/logo\/image\/"},"sameAs":["https:\/\/www.facebook.com\/La-Sentinelle-104059864394773"]},{"@type":"Person","@id":"https:\/\/lasentinelle.dz\/#\/schema\/person\/729ee0024f24e0b8c5ec17232f8e8b41","name":"admin","image":{"@type":"ImageObject","inLanguage":"fr-FR","@id":"https:\/\/secure.gravatar.com\/avatar\/4c81fed838786e9b53f540bf46533e750f5d292099ae3b66cfc6fb1982e29df7?s=96&d=mm&r=g","url":"https:\/\/secure.gravatar.com\/avatar\/4c81fed838786e9b53f540bf46533e750f5d292099ae3b66cfc6fb1982e29df7?s=96&d=mm&r=g","contentUrl":"https:\/\/secure.gravatar.com\/avatar\/4c81fed838786e9b53f540bf46533e750f5d292099ae3b66cfc6fb1982e29df7?s=96&d=mm&r=g","caption":"admin"},"description":"admin","url":"https:\/\/lasentinelle.dz\/author\/admin\/"}]}},"_links":{"self":[{"href":"https:\/\/lasentinelle.dz\/index.php\/wp-json\/wp\/v2\/posts\/55893","targetHints":{"allow":["GET"]}}],"collection":[{"href":"https:\/\/lasentinelle.dz\/index.php\/wp-json\/wp\/v2\/posts"}],"about":[{"href":"https:\/\/lasentinelle.dz\/index.php\/wp-json\/wp\/v2\/types\/post"}],"author":[{"embeddable":true,"href":"https:\/\/lasentinelle.dz\/index.php\/wp-json\/wp\/v2\/users\/6"}],"replies":[{"embeddable":true,"href":"https:\/\/lasentinelle.dz\/index.php\/wp-json\/wp\/v2\/comments?post=55893"}],"version-history":[{"count":2,"href":"https:\/\/lasentinelle.dz\/index.php\/wp-json\/wp\/v2\/posts\/55893\/revisions"}],"predecessor-version":[{"id":55895,"href":"https:\/\/lasentinelle.dz\/index.php\/wp-json\/wp\/v2\/posts\/55893\/revisions\/55895"}],"wp:featuredmedia":[{"embeddable":true,"href":"https:\/\/lasentinelle.dz\/index.php\/wp-json\/wp\/v2\/media\/51725"}],"wp:attachment":[{"href":"https:\/\/lasentinelle.dz\/index.php\/wp-json\/wp\/v2\/media?parent=55893"}],"wp:term":[{"taxonomy":"category","embeddable":true,"href":"https:\/\/lasentinelle.dz\/index.php\/wp-json\/wp\/v2\/categories?post=55893"},{"taxonomy":"post_tag","embeddable":true,"href":"https:\/\/lasentinelle.dz\/index.php\/wp-json\/wp\/v2\/tags?post=55893"}],"curies":[{"name":"wp","href":"https:\/\/api.w.org\/{rel}","templated":true}]}}