{"id":55934,"date":"2024-08-20T13:45:31","date_gmt":"2024-08-20T12:45:31","guid":{"rendered":"https:\/\/lasentinelle.dz\/?p=55934"},"modified":"2024-08-20T13:45:31","modified_gmt":"2024-08-20T12:45:31","slug":"ouargla-plus-de-1-360-ha-pour-la-culture-du-tournesol-et-du-mais","status":"publish","type":"post","link":"https:\/\/lasentinelle.dz\/index.php\/2024\/08\/20\/ouargla-plus-de-1-360-ha-pour-la-culture-du-tournesol-et-du-mais\/","title":{"rendered":"Ouargla : Plus de 1.360 ha pour la culture du tournesol et du ma\u00efs"},"content":{"rendered":"\n<p>Au titre de la prochaine saison agricole, une superficie globale de 1.365 hectares a \u00e9t\u00e9 r\u00e9serv\u00e9e \u00e0 la culture du tournesol et du ma\u00efs dans la wilaya d\u2019Ouargla. Constitu\u00e9e de 775 ha pour la culture du tournesol et 590 ha pour la ma\u00efsiculture, cette superficie est localis\u00e9e dans la r\u00e9gion de Gassi-Touil , dans la da\u00efra de Hassi-Messaoud), o\u00f9 le wali d\u2019Ouargla a donn\u00e9 le coup d\u2019envoi de la campagne labours-semailles de ces cultures, samedi au niveau des exploitations agricoles publiques, dont Global-Agro-Food filiale du groupe Madar-Holding. D\u2019autres exploitations agricoles de la r\u00e9gion, dont une priv\u00e9e s\u2019\u00e9talant sur 250 ha r\u00e9serv\u00e9s \u00e0 la production d\u2019aliments de b\u00e9tail, de ma\u00efs en grain et du tournesol. Dans cette exploitation, l\u2019exp\u00e9rience de la culture du tournesol, men\u00e9e la saison derni\u00e8re sur une superficie de 200 ha, a donn\u00e9 un rendement de 30 qx\/ha. Bien que r\u00e9cemment introduite dans la r\u00e9gion, la culture de cette plante ol\u00e9agineuse a donn\u00e9 lors de la saison \u00e9coul\u00e9e des r\u00e9sultats prometteurs, gr\u00e2ce \u00e0 la r\u00e9union de conditions favorables, dont l\u2019entretien de la terre, la lutte contre les mauvaises herbes et le respect du cycle agraire \u00e0 travers la rotation des cultures.<\/p>\n\n\n\n<p><strong>Sofia Chahine<\/strong><\/p>\n","protected":false},"excerpt":{"rendered":"<p>Au titre de la prochaine saison agricole, une superficie globale de 1.365 hectares a \u00e9t\u00e9 r\u00e9serv\u00e9e \u00e0 la culture du<\/p>\n","protected":false},"author":6,"featured_media":47332,"comment_status":"open","ping_status":"closed","sticky":false,"template":"","format":"standard","meta":{"colormag_page_container_layout":"default_layout","colormag_page_sidebar_layout":"default_layout","om_disable_all_campaigns":false,"_monsterinsights_skip_tracking":false,"_monsterinsights_sitenote_active":false,"_monsterinsights_sitenote_note":"","_monsterinsights_sitenote_category":0,"footnotes":"","_wpscppro_dont_share_socialmedia":false,"_wpscppro_custom_social_share_image":0,"_facebook_share_type":"default","_twitter_share_type":"default","_linkedin_share_type":"default","_pinterest_share_type":"default","_linkedin_share_type_page":"","_instagram_share_type":"default","_medium_share_type":"","_threads_share_type":"","_google_business_share_type":"","_selected_social_profile":[],"_wpsp_enable_custom_social_template":false,"_wpsp_social_scheduling":{"enabled":false,"datetime":null,"platforms":[],"status":"template_only","dateOption":"today","timeOption":"now","customDays":"","customHours":"","customDate":"","customTime":"","schedulingType":"absolute"},"_wpsp_active_default_template":true},"categories":[31],"tags":[],"class_list":["post-55934","post","type-post","status-publish","format-standard","has-post-thumbnail","hentry","category-regions"],"aioseo_notices":[],"yoast_head":"<!-- This site is optimized with the Yoast SEO plugin v27.5 - https:\/\/yoast.com\/product\/yoast-seo-wordpress\/ -->\n<title>Ouargla : Plus de 1.360 ha pour la culture du tournesol et du ma\u00efs - La Sentinelle<\/title>\n<meta name=\"robots\" content=\"index, follow, max-snippet:-1, max-image-preview:large, max-video-preview:-1\" \/>\n<link rel=\"canonical\" href=\"https:\/\/lasentinelle.dz\/index.php\/2024\/08\/20\/ouargla-plus-de-1-360-ha-pour-la-culture-du-tournesol-et-du-mais\/\" \/>\n<meta property=\"og:locale\" content=\"fr_FR\" \/>\n<meta property=\"og:type\" content=\"article\" \/>\n<meta property=\"og:title\" content=\"Ouargla : Plus de 1.360 ha pour la culture du tournesol et du ma\u00efs - La Sentinelle\" \/>\n<meta property=\"og:description\" content=\"Au titre de la prochaine saison agricole, une superficie globale de 1.365 hectares a \u00e9t\u00e9 r\u00e9serv\u00e9e \u00e0 la culture du\" \/>\n<meta property=\"og:url\" content=\"https:\/\/lasentinelle.dz\/index.php\/2024\/08\/20\/ouargla-plus-de-1-360-ha-pour-la-culture-du-tournesol-et-du-mais\/\" \/>\n<meta property=\"og:site_name\" content=\"La Sentinelle\" \/>\n<meta property=\"article:publisher\" content=\"https:\/\/www.facebook.com\/La-Sentinelle-104059864394773\" \/>\n<meta property=\"article:published_time\" content=\"2024-08-20T12:45:31+00:00\" \/>\n<meta property=\"og:image\" content=\"https:\/\/lasentinelle.dz\/wp-content\/uploads\/2023\/11\/culture-de-tournesol.png\" \/>\n\t<meta property=\"og:image:width\" content=\"800\" \/>\n\t<meta property=\"og:image:height\" content=\"445\" \/>\n\t<meta property=\"og:image:type\" content=\"image\/png\" \/>\n<meta name=\"author\" content=\"admin\" \/>\n<meta name=\"twitter:card\" content=\"summary_large_image\" \/>\n<meta name=\"twitter:label1\" content=\"\u00c9crit par\" \/>\n\t<meta name=\"twitter:data1\" content=\"admin\" \/>\n\t<meta name=\"twitter:label2\" content=\"Dur\u00e9e de lecture estim\u00e9e\" \/>\n\t<meta name=\"twitter:data2\" content=\"2 minutes\" \/>\n<script type=\"application\/ld+json\" class=\"yoast-schema-graph\">{\"@context\":\"https:\\\/\\\/schema.org\",\"@graph\":[{\"@type\":\"Article\",\"@id\":\"https:\\\/\\\/lasentinelle.dz\\\/index.php\\\/2024\\\/08\\\/20\\\/ouargla-plus-de-1-360-ha-pour-la-culture-du-tournesol-et-du-mais\\\/#article\",\"isPartOf\":{\"@id\":\"https:\\\/\\\/lasentinelle.dz\\\/index.php\\\/2024\\\/08\\\/20\\\/ouargla-plus-de-1-360-ha-pour-la-culture-du-tournesol-et-du-mais\\\/\"},\"author\":{\"name\":\"admin\",\"@id\":\"https:\\\/\\\/lasentinelle.dz\\\/#\\\/schema\\\/person\\\/729ee0024f24e0b8c5ec17232f8e8b41\"},\"headline\":\"Ouargla : Plus de 1.360 ha pour la culture du tournesol et du ma\u00efs\",\"datePublished\":\"2024-08-20T12:45:31+00:00\",\"mainEntityOfPage\":{\"@id\":\"https:\\\/\\\/lasentinelle.dz\\\/index.php\\\/2024\\\/08\\\/20\\\/ouargla-plus-de-1-360-ha-pour-la-culture-du-tournesol-et-du-mais\\\/\"},\"wordCount\":230,\"commentCount\":0,\"publisher\":{\"@id\":\"https:\\\/\\\/lasentinelle.dz\\\/#organization\"},\"image\":{\"@id\":\"https:\\\/\\\/lasentinelle.dz\\\/index.php\\\/2024\\\/08\\\/20\\\/ouargla-plus-de-1-360-ha-pour-la-culture-du-tournesol-et-du-mais\\\/#primaryimage\"},\"thumbnailUrl\":\"https:\\\/\\\/lasentinelle.dz\\\/wp-content\\\/uploads\\\/2023\\\/11\\\/culture-de-tournesol.png\",\"articleSection\":[\"R\u00e9gions\"],\"inLanguage\":\"fr-FR\",\"potentialAction\":[{\"@type\":\"CommentAction\",\"name\":\"Comment\",\"target\":[\"https:\\\/\\\/lasentinelle.dz\\\/index.php\\\/2024\\\/08\\\/20\\\/ouargla-plus-de-1-360-ha-pour-la-culture-du-tournesol-et-du-mais\\\/#respond\"]}]},{\"@type\":\"WebPage\",\"@id\":\"https:\\\/\\\/lasentinelle.dz\\\/index.php\\\/2024\\\/08\\\/20\\\/ouargla-plus-de-1-360-ha-pour-la-culture-du-tournesol-et-du-mais\\\/\",\"url\":\"https:\\\/\\\/lasentinelle.dz\\\/index.php\\\/2024\\\/08\\\/20\\\/ouargla-plus-de-1-360-ha-pour-la-culture-du-tournesol-et-du-mais\\\/\",\"name\":\"Ouargla : Plus de 1.360 ha pour la culture du tournesol et du ma\u00efs - La Sentinelle\",\"isPartOf\":{\"@id\":\"https:\\\/\\\/lasentinelle.dz\\\/#website\"},\"primaryImageOfPage\":{\"@id\":\"https:\\\/\\\/lasentinelle.dz\\\/index.php\\\/2024\\\/08\\\/20\\\/ouargla-plus-de-1-360-ha-pour-la-culture-du-tournesol-et-du-mais\\\/#primaryimage\"},\"image\":{\"@id\":\"https:\\\/\\\/lasentinelle.dz\\\/index.php\\\/2024\\\/08\\\/20\\\/ouargla-plus-de-1-360-ha-pour-la-culture-du-tournesol-et-du-mais\\\/#primaryimage\"},\"thumbnailUrl\":\"https:\\\/\\\/lasentinelle.dz\\\/wp-content\\\/uploads\\\/2023\\\/11\\\/culture-de-tournesol.png\",\"datePublished\":\"2024-08-20T12:45:31+00:00\",\"breadcrumb\":{\"@id\":\"https:\\\/\\\/lasentinelle.dz\\\/index.php\\\/2024\\\/08\\\/20\\\/ouargla-plus-de-1-360-ha-pour-la-culture-du-tournesol-et-du-mais\\\/#breadcrumb\"},\"inLanguage\":\"fr-FR\",\"potentialAction\":[{\"@type\":\"ReadAction\",\"target\":[\"https:\\\/\\\/lasentinelle.dz\\\/index.php\\\/2024\\\/08\\\/20\\\/ouargla-plus-de-1-360-ha-pour-la-culture-du-tournesol-et-du-mais\\\/\"]}]},{\"@type\":\"ImageObject\",\"inLanguage\":\"fr-FR\",\"@id\":\"https:\\\/\\\/lasentinelle.dz\\\/index.php\\\/2024\\\/08\\\/20\\\/ouargla-plus-de-1-360-ha-pour-la-culture-du-tournesol-et-du-mais\\\/#primaryimage\",\"url\":\"https:\\\/\\\/lasentinelle.dz\\\/wp-content\\\/uploads\\\/2023\\\/11\\\/culture-de-tournesol.png\",\"contentUrl\":\"https:\\\/\\\/lasentinelle.dz\\\/wp-content\\\/uploads\\\/2023\\\/11\\\/culture-de-tournesol.png\",\"width\":800,\"height\":445},{\"@type\":\"BreadcrumbList\",\"@id\":\"https:\\\/\\\/lasentinelle.dz\\\/index.php\\\/2024\\\/08\\\/20\\\/ouargla-plus-de-1-360-ha-pour-la-culture-du-tournesol-et-du-mais\\\/#breadcrumb\",\"itemListElement\":[{\"@type\":\"ListItem\",\"position\":1,\"name\":\"Accueil\",\"item\":\"https:\\\/\\\/lasentinelle.dz\\\/\"},{\"@type\":\"ListItem\",\"position\":2,\"name\":\"Ouargla : Plus de 1.360 ha pour la culture du tournesol et du ma\u00efs\"}]},{\"@type\":\"WebSite\",\"@id\":\"https:\\\/\\\/lasentinelle.dz\\\/#website\",\"url\":\"https:\\\/\\\/lasentinelle.dz\\\/\",\"name\":\"La Sentinelle\",\"description\":\"Quotidien national d&#039;information\",\"publisher\":{\"@id\":\"https:\\\/\\\/lasentinelle.dz\\\/#organization\"},\"potentialAction\":[{\"@type\":\"SearchAction\",\"target\":{\"@type\":\"EntryPoint\",\"urlTemplate\":\"https:\\\/\\\/lasentinelle.dz\\\/?s={search_term_string}\"},\"query-input\":{\"@type\":\"PropertyValueSpecification\",\"valueRequired\":true,\"valueName\":\"search_term_string\"}}],\"inLanguage\":\"fr-FR\"},{\"@type\":\"Organization\",\"@id\":\"https:\\\/\\\/lasentinelle.dz\\\/#organization\",\"name\":\"Quotidien La Sentinelle\",\"url\":\"https:\\\/\\\/lasentinelle.dz\\\/\",\"logo\":{\"@type\":\"ImageObject\",\"inLanguage\":\"fr-FR\",\"@id\":\"https:\\\/\\\/lasentinelle.dz\\\/#\\\/schema\\\/logo\\\/image\\\/\",\"url\":\"https:\\\/\\\/lasentinelle.dz\\\/wp-content\\\/uploads\\\/2021\\\/09\\\/logo-sentinelleSLOGAN-1.png\",\"contentUrl\":\"https:\\\/\\\/lasentinelle.dz\\\/wp-content\\\/uploads\\\/2021\\\/09\\\/logo-sentinelleSLOGAN-1.png\",\"width\":615,\"height\":142,\"caption\":\"Quotidien La Sentinelle\"},\"image\":{\"@id\":\"https:\\\/\\\/lasentinelle.dz\\\/#\\\/schema\\\/logo\\\/image\\\/\"},\"sameAs\":[\"https:\\\/\\\/www.facebook.com\\\/La-Sentinelle-104059864394773\"]},{\"@type\":\"Person\",\"@id\":\"https:\\\/\\\/lasentinelle.dz\\\/#\\\/schema\\\/person\\\/729ee0024f24e0b8c5ec17232f8e8b41\",\"name\":\"admin\",\"image\":{\"@type\":\"ImageObject\",\"inLanguage\":\"fr-FR\",\"@id\":\"https:\\\/\\\/secure.gravatar.com\\\/avatar\\\/4c81fed838786e9b53f540bf46533e750f5d292099ae3b66cfc6fb1982e29df7?s=96&d=mm&r=g\",\"url\":\"https:\\\/\\\/secure.gravatar.com\\\/avatar\\\/4c81fed838786e9b53f540bf46533e750f5d292099ae3b66cfc6fb1982e29df7?s=96&d=mm&r=g\",\"contentUrl\":\"https:\\\/\\\/secure.gravatar.com\\\/avatar\\\/4c81fed838786e9b53f540bf46533e750f5d292099ae3b66cfc6fb1982e29df7?s=96&d=mm&r=g\",\"caption\":\"admin\"},\"description\":\"admin\",\"url\":\"https:\\\/\\\/lasentinelle.dz\\\/author\\\/admin\\\/\"}]}<\/script>\n<!-- \/ Yoast SEO plugin. -->","yoast_head_json":{"title":"Ouargla : Plus de 1.360 ha pour la culture du tournesol et du ma\u00efs - La Sentinelle","robots":{"index":"index","follow":"follow","max-snippet":"max-snippet:-1","max-image-preview":"max-image-preview:large","max-video-preview":"max-video-preview:-1"},"canonical":"https:\/\/lasentinelle.dz\/index.php\/2024\/08\/20\/ouargla-plus-de-1-360-ha-pour-la-culture-du-tournesol-et-du-mais\/","og_locale":"fr_FR","og_type":"article","og_title":"Ouargla : Plus de 1.360 ha pour la culture du tournesol et du ma\u00efs - La Sentinelle","og_description":"Au titre de la prochaine saison agricole, une superficie globale de 1.365 hectares a \u00e9t\u00e9 r\u00e9serv\u00e9e \u00e0 la culture du","og_url":"https:\/\/lasentinelle.dz\/index.php\/2024\/08\/20\/ouargla-plus-de-1-360-ha-pour-la-culture-du-tournesol-et-du-mais\/","og_site_name":"La Sentinelle","article_publisher":"https:\/\/www.facebook.com\/La-Sentinelle-104059864394773","article_published_time":"2024-08-20T12:45:31+00:00","og_image":[{"width":800,"height":445,"url":"https:\/\/lasentinelle.dz\/wp-content\/uploads\/2023\/11\/culture-de-tournesol.png","type":"image\/png"}],"author":"admin","twitter_card":"summary_large_image","twitter_misc":{"\u00c9crit par":"admin","Dur\u00e9e de lecture estim\u00e9e":"2 minutes"},"schema":{"@context":"https:\/\/schema.org","@graph":[{"@type":"Article","@id":"https:\/\/lasentinelle.dz\/index.php\/2024\/08\/20\/ouargla-plus-de-1-360-ha-pour-la-culture-du-tournesol-et-du-mais\/#article","isPartOf":{"@id":"https:\/\/lasentinelle.dz\/index.php\/2024\/08\/20\/ouargla-plus-de-1-360-ha-pour-la-culture-du-tournesol-et-du-mais\/"},"author":{"name":"admin","@id":"https:\/\/lasentinelle.dz\/#\/schema\/person\/729ee0024f24e0b8c5ec17232f8e8b41"},"headline":"Ouargla : Plus de 1.360 ha pour la culture du tournesol et du ma\u00efs","datePublished":"2024-08-20T12:45:31+00:00","mainEntityOfPage":{"@id":"https:\/\/lasentinelle.dz\/index.php\/2024\/08\/20\/ouargla-plus-de-1-360-ha-pour-la-culture-du-tournesol-et-du-mais\/"},"wordCount":230,"commentCount":0,"publisher":{"@id":"https:\/\/lasentinelle.dz\/#organization"},"image":{"@id":"https:\/\/lasentinelle.dz\/index.php\/2024\/08\/20\/ouargla-plus-de-1-360-ha-pour-la-culture-du-tournesol-et-du-mais\/#primaryimage"},"thumbnailUrl":"https:\/\/lasentinelle.dz\/wp-content\/uploads\/2023\/11\/culture-de-tournesol.png","articleSection":["R\u00e9gions"],"inLanguage":"fr-FR","potentialAction":[{"@type":"CommentAction","name":"Comment","target":["https:\/\/lasentinelle.dz\/index.php\/2024\/08\/20\/ouargla-plus-de-1-360-ha-pour-la-culture-du-tournesol-et-du-mais\/#respond"]}]},{"@type":"WebPage","@id":"https:\/\/lasentinelle.dz\/index.php\/2024\/08\/20\/ouargla-plus-de-1-360-ha-pour-la-culture-du-tournesol-et-du-mais\/","url":"https:\/\/lasentinelle.dz\/index.php\/2024\/08\/20\/ouargla-plus-de-1-360-ha-pour-la-culture-du-tournesol-et-du-mais\/","name":"Ouargla : Plus de 1.360 ha pour la culture du tournesol et du ma\u00efs - La Sentinelle","isPartOf":{"@id":"https:\/\/lasentinelle.dz\/#website"},"primaryImageOfPage":{"@id":"https:\/\/lasentinelle.dz\/index.php\/2024\/08\/20\/ouargla-plus-de-1-360-ha-pour-la-culture-du-tournesol-et-du-mais\/#primaryimage"},"image":{"@id":"https:\/\/lasentinelle.dz\/index.php\/2024\/08\/20\/ouargla-plus-de-1-360-ha-pour-la-culture-du-tournesol-et-du-mais\/#primaryimage"},"thumbnailUrl":"https:\/\/lasentinelle.dz\/wp-content\/uploads\/2023\/11\/culture-de-tournesol.png","datePublished":"2024-08-20T12:45:31+00:00","breadcrumb":{"@id":"https:\/\/lasentinelle.dz\/index.php\/2024\/08\/20\/ouargla-plus-de-1-360-ha-pour-la-culture-du-tournesol-et-du-mais\/#breadcrumb"},"inLanguage":"fr-FR","potentialAction":[{"@type":"ReadAction","target":["https:\/\/lasentinelle.dz\/index.php\/2024\/08\/20\/ouargla-plus-de-1-360-ha-pour-la-culture-du-tournesol-et-du-mais\/"]}]},{"@type":"ImageObject","inLanguage":"fr-FR","@id":"https:\/\/lasentinelle.dz\/index.php\/2024\/08\/20\/ouargla-plus-de-1-360-ha-pour-la-culture-du-tournesol-et-du-mais\/#primaryimage","url":"https:\/\/lasentinelle.dz\/wp-content\/uploads\/2023\/11\/culture-de-tournesol.png","contentUrl":"https:\/\/lasentinelle.dz\/wp-content\/uploads\/2023\/11\/culture-de-tournesol.png","width":800,"height":445},{"@type":"BreadcrumbList","@id":"https:\/\/lasentinelle.dz\/index.php\/2024\/08\/20\/ouargla-plus-de-1-360-ha-pour-la-culture-du-tournesol-et-du-mais\/#breadcrumb","itemListElement":[{"@type":"ListItem","position":1,"name":"Accueil","item":"https:\/\/lasentinelle.dz\/"},{"@type":"ListItem","position":2,"name":"Ouargla : Plus de 1.360 ha pour la culture du tournesol et du ma\u00efs"}]},{"@type":"WebSite","@id":"https:\/\/lasentinelle.dz\/#website","url":"https:\/\/lasentinelle.dz\/","name":"La Sentinelle","description":"Quotidien national d&#039;information","publisher":{"@id":"https:\/\/lasentinelle.dz\/#organization"},"potentialAction":[{"@type":"SearchAction","target":{"@type":"EntryPoint","urlTemplate":"https:\/\/lasentinelle.dz\/?s={search_term_string}"},"query-input":{"@type":"PropertyValueSpecification","valueRequired":true,"valueName":"search_term_string"}}],"inLanguage":"fr-FR"},{"@type":"Organization","@id":"https:\/\/lasentinelle.dz\/#organization","name":"Quotidien La Sentinelle","url":"https:\/\/lasentinelle.dz\/","logo":{"@type":"ImageObject","inLanguage":"fr-FR","@id":"https:\/\/lasentinelle.dz\/#\/schema\/logo\/image\/","url":"https:\/\/lasentinelle.dz\/wp-content\/uploads\/2021\/09\/logo-sentinelleSLOGAN-1.png","contentUrl":"https:\/\/lasentinelle.dz\/wp-content\/uploads\/2021\/09\/logo-sentinelleSLOGAN-1.png","width":615,"height":142,"caption":"Quotidien La Sentinelle"},"image":{"@id":"https:\/\/lasentinelle.dz\/#\/schema\/logo\/image\/"},"sameAs":["https:\/\/www.facebook.com\/La-Sentinelle-104059864394773"]},{"@type":"Person","@id":"https:\/\/lasentinelle.dz\/#\/schema\/person\/729ee0024f24e0b8c5ec17232f8e8b41","name":"admin","image":{"@type":"ImageObject","inLanguage":"fr-FR","@id":"https:\/\/secure.gravatar.com\/avatar\/4c81fed838786e9b53f540bf46533e750f5d292099ae3b66cfc6fb1982e29df7?s=96&d=mm&r=g","url":"https:\/\/secure.gravatar.com\/avatar\/4c81fed838786e9b53f540bf46533e750f5d292099ae3b66cfc6fb1982e29df7?s=96&d=mm&r=g","contentUrl":"https:\/\/secure.gravatar.com\/avatar\/4c81fed838786e9b53f540bf46533e750f5d292099ae3b66cfc6fb1982e29df7?s=96&d=mm&r=g","caption":"admin"},"description":"admin","url":"https:\/\/lasentinelle.dz\/author\/admin\/"}]}},"_links":{"self":[{"href":"https:\/\/lasentinelle.dz\/index.php\/wp-json\/wp\/v2\/posts\/55934","targetHints":{"allow":["GET"]}}],"collection":[{"href":"https:\/\/lasentinelle.dz\/index.php\/wp-json\/wp\/v2\/posts"}],"about":[{"href":"https:\/\/lasentinelle.dz\/index.php\/wp-json\/wp\/v2\/types\/post"}],"author":[{"embeddable":true,"href":"https:\/\/lasentinelle.dz\/index.php\/wp-json\/wp\/v2\/users\/6"}],"replies":[{"embeddable":true,"href":"https:\/\/lasentinelle.dz\/index.php\/wp-json\/wp\/v2\/comments?post=55934"}],"version-history":[{"count":1,"href":"https:\/\/lasentinelle.dz\/index.php\/wp-json\/wp\/v2\/posts\/55934\/revisions"}],"predecessor-version":[{"id":55935,"href":"https:\/\/lasentinelle.dz\/index.php\/wp-json\/wp\/v2\/posts\/55934\/revisions\/55935"}],"wp:featuredmedia":[{"embeddable":true,"href":"https:\/\/lasentinelle.dz\/index.php\/wp-json\/wp\/v2\/media\/47332"}],"wp:attachment":[{"href":"https:\/\/lasentinelle.dz\/index.php\/wp-json\/wp\/v2\/media?parent=55934"}],"wp:term":[{"taxonomy":"category","embeddable":true,"href":"https:\/\/lasentinelle.dz\/index.php\/wp-json\/wp\/v2\/categories?post=55934"},{"taxonomy":"post_tag","embeddable":true,"href":"https:\/\/lasentinelle.dz\/index.php\/wp-json\/wp\/v2\/tags?post=55934"}],"curies":[{"name":"wp","href":"https:\/\/api.w.org\/{rel}","templated":true}]}}