{"id":55955,"date":"2024-08-20T13:41:46","date_gmt":"2024-08-20T12:41:46","guid":{"rendered":"https:\/\/lasentinelle.dz\/?p=55955"},"modified":"2024-08-20T14:01:17","modified_gmt":"2024-08-20T13:01:17","slug":"journee-nationale-du-moudjahid-dans-la-continuite-de-lheritage-des-heros-de-la-revolution","status":"publish","type":"post","link":"https:\/\/lasentinelle.dz\/index.php\/2024\/08\/20\/journee-nationale-du-moudjahid-dans-la-continuite-de-lheritage-des-heros-de-la-revolution\/","title":{"rendered":"Journ\u00e9e nationale du Moudjahid: Dans la continuit\u00e9 de l&rsquo;h\u00e9ritage des h\u00e9ros de la R\u00e9volution"},"content":{"rendered":"\n<p>La Journ\u00e9e nationale du Moudjahid, c\u00e9l\u00e9br\u00e9e chaque ann\u00e9e le 20 ao\u00fbt, rev\u00eat une importance particuli\u00e8re pour l&rsquo;Alg\u00e9rie, comm\u00e9morant deux \u00e9v\u00e9nements marquants de la guerre de lib\u00e9ration nationale. Il s\u2019agit de l\u2019offensive du Nord-Constantinois de 1955 et le Congr\u00e8s de la Soummam en 1956. Ces deux dates symbolisent le courage, la d\u00e9termination et la solidarit\u00e9 du peuple alg\u00e9rien dans sa lutte contre le colonialisme. L\u2019offensive du Nord-Constantinois, dirig\u00e9e par Zighoud Youcef, fut une r\u00e9ponse audacieuse \u00e0 la r\u00e9pression coloniale. En ciblant des installations strat\u00e9giques, elle a attir\u00e9 l\u2019attention internationale sur la cause alg\u00e9rienne, conduisant \u00e0 l\u2019inscription de la question alg\u00e9rienne \u00e0 l\u2019ordre du jour des Nations Unies. Cette action a marqu\u00e9 un tournant dans la guerre de lib\u00e9ration, en affirmant le caract\u00e8re populaire et national de la R\u00e9volution, en unissant diverses couches de la soci\u00e9t\u00e9 autour de l\u2019objectif de l\u2019ind\u00e9pendance.<\/p>\n\n\n\n<p>Le Congr\u00e8s de la Soummam, tenu un an plus tard, a \u00e9t\u00e9 essentiel dans l&rsquo;organisation et la structuration du mouvement r\u00e9volutionnaire. Ce congr\u00e8s a permis de d\u00e9finir les bases politiques et militaires de la R\u00e9volution, en \u00e9tablissant la primaut\u00e9 du politique sur le militaire et en renfor\u00e7ant l\u2019unit\u00e9 de l\u2019Arm\u00e9e de lib\u00e9ration nationale (ALN). Il a \u00e9galement introduit une nouvelle organisation territoriale en divisant le pays en six wilayas, une d\u00e9cision strat\u00e9gique qui a facilit\u00e9 la coordination des actions sur le terrain.<\/p>\n\n\n\n<p>Aujourd&rsquo;hui, ces deux \u00e9v\u00e9nements continuent d&rsquo;inspirer les g\u00e9n\u00e9rations actuelles, rappelant l&rsquo;importance de pr\u00e9server les acquis de la R\u00e9volution et de continuer \u00e0 construire une Alg\u00e9rie souveraine, unie et respect\u00e9e sur la sc\u00e8ne internationale. Comme l\u2019a soulign\u00e9 le pr\u00e9sident de la R\u00e9publique, Abdelmadjid Tebboune, lors d&rsquo;une comm\u00e9moration pr\u00e9c\u00e9dente, ces \u00e9v\u00e9nements sont une source d&rsquo;inspiration pour renforcer l&rsquo;unit\u00e9 nationale et la conscience collective, particuli\u00e8rement parmi les jeunes.<\/p>\n\n\n\n<p>\u00c0 l\u2019approche de l\u2019\u00e9lection pr\u00e9sidentielle du 7 septembre, l\u2019Alg\u00e9rie se trouve \u00e0 un moment charni\u00e8re de son histoire contemporaine. Cette \u00e9lection repr\u00e9sente une opportunit\u00e9 pour renforcer les fondements de l\u2019\u00c9tat de droit et pour ancrer davantage les valeurs d\u00e9mocratiques dans la soci\u00e9t\u00e9 alg\u00e9rienne. Elle s&rsquo;inscrit, qui ont \u0153uvr\u00e9 pour une Alg\u00e9rie libre et souveraine. La c\u00e9l\u00e9bration de la Journ\u00e9e nationale du Moudjahid ne se limite donc pas \u00e0 une simple comm\u00e9moration historique, mais elle incarne \u00e9galement un rappel des sacrifices consentis pour la libert\u00e9 et un appel \u00e0 poursuivre l&rsquo;\u0153uvre de construction nationale dans un esprit de responsabilit\u00e9 et de citoyennet\u00e9 active.<\/p>\n\n\n\n<p>Chokri Hafed<\/p>\n","protected":false},"excerpt":{"rendered":"<p>La Journ\u00e9e nationale du Moudjahid, c\u00e9l\u00e9br\u00e9e chaque ann\u00e9e le 20 ao\u00fbt, rev\u00eat une importance particuli\u00e8re pour l&rsquo;Alg\u00e9rie, comm\u00e9morant deux \u00e9v\u00e9nements<\/p>\n","protected":false},"author":6,"featured_media":55956,"comment_status":"open","ping_status":"closed","sticky":false,"template":"","format":"standard","meta":{"colormag_page_container_layout":"default_layout","colormag_page_sidebar_layout":"default_layout","om_disable_all_campaigns":false,"_monsterinsights_skip_tracking":false,"_monsterinsights_sitenote_active":false,"_monsterinsights_sitenote_note":"","_monsterinsights_sitenote_category":0,"footnotes":"","_wpscppro_dont_share_socialmedia":false,"_wpscppro_custom_social_share_image":0,"_facebook_share_type":"default","_twitter_share_type":"default","_linkedin_share_type":"default","_pinterest_share_type":"default","_linkedin_share_type_page":"","_instagram_share_type":"default","_medium_share_type":"","_threads_share_type":"","_google_business_share_type":"","_selected_social_profile":[],"_wpsp_enable_custom_social_template":false,"_wpsp_social_scheduling":{"enabled":false,"datetime":null,"platforms":[],"status":"template_only","dateOption":"today","timeOption":"now","customDays":"","customHours":"","customDate":"","customTime":"","schedulingType":"absolute"},"_wpsp_active_default_template":true},"categories":[27],"tags":[],"class_list":["post-55955","post","type-post","status-publish","format-standard","has-post-thumbnail","hentry","category-actualite"],"aioseo_notices":[],"yoast_head":"<!-- This site is optimized with the Yoast SEO plugin v27.5 - https:\/\/yoast.com\/product\/yoast-seo-wordpress\/ -->\n<title>Journ\u00e9e nationale du Moudjahid: Dans la continuit\u00e9 de l&rsquo;h\u00e9ritage des h\u00e9ros de la R\u00e9volution - La Sentinelle<\/title>\n<meta name=\"robots\" content=\"index, follow, max-snippet:-1, max-image-preview:large, max-video-preview:-1\" \/>\n<link rel=\"canonical\" href=\"https:\/\/lasentinelle.dz\/index.php\/2024\/08\/20\/journee-nationale-du-moudjahid-dans-la-continuite-de-lheritage-des-heros-de-la-revolution\/\" \/>\n<meta property=\"og:locale\" content=\"fr_FR\" \/>\n<meta property=\"og:type\" content=\"article\" \/>\n<meta property=\"og:title\" content=\"Journ\u00e9e nationale du Moudjahid: Dans la continuit\u00e9 de l&rsquo;h\u00e9ritage des h\u00e9ros de la R\u00e9volution - La Sentinelle\" \/>\n<meta property=\"og:description\" content=\"La Journ\u00e9e nationale du Moudjahid, c\u00e9l\u00e9br\u00e9e chaque ann\u00e9e le 20 ao\u00fbt, rev\u00eat une importance particuli\u00e8re pour l&rsquo;Alg\u00e9rie, comm\u00e9morant deux \u00e9v\u00e9nements\" \/>\n<meta property=\"og:url\" content=\"https:\/\/lasentinelle.dz\/index.php\/2024\/08\/20\/journee-nationale-du-moudjahid-dans-la-continuite-de-lheritage-des-heros-de-la-revolution\/\" \/>\n<meta property=\"og:site_name\" content=\"La Sentinelle\" \/>\n<meta property=\"article:publisher\" content=\"https:\/\/www.facebook.com\/La-Sentinelle-104059864394773\" \/>\n<meta property=\"article:published_time\" content=\"2024-08-20T12:41:46+00:00\" \/>\n<meta property=\"article:modified_time\" content=\"2024-08-20T13:01:17+00:00\" \/>\n<meta property=\"og:image\" content=\"https:\/\/lasentinelle.dz\/wp-content\/uploads\/2024\/08\/Moudjahid.jpg\" \/>\n\t<meta property=\"og:image:width\" content=\"745\" \/>\n\t<meta property=\"og:image:height\" content=\"470\" \/>\n\t<meta property=\"og:image:type\" content=\"image\/jpeg\" \/>\n<meta name=\"author\" content=\"admin\" \/>\n<meta name=\"twitter:card\" content=\"summary_large_image\" \/>\n<meta name=\"twitter:label1\" content=\"\u00c9crit par\" \/>\n\t<meta name=\"twitter:data1\" content=\"admin\" \/>\n\t<meta name=\"twitter:label2\" content=\"Dur\u00e9e de lecture estim\u00e9e\" \/>\n\t<meta name=\"twitter:data2\" content=\"3 minutes\" \/>\n<script type=\"application\/ld+json\" class=\"yoast-schema-graph\">{\"@context\":\"https:\\\/\\\/schema.org\",\"@graph\":[{\"@type\":\"Article\",\"@id\":\"https:\\\/\\\/lasentinelle.dz\\\/index.php\\\/2024\\\/08\\\/20\\\/journee-nationale-du-moudjahid-dans-la-continuite-de-lheritage-des-heros-de-la-revolution\\\/#article\",\"isPartOf\":{\"@id\":\"https:\\\/\\\/lasentinelle.dz\\\/index.php\\\/2024\\\/08\\\/20\\\/journee-nationale-du-moudjahid-dans-la-continuite-de-lheritage-des-heros-de-la-revolution\\\/\"},\"author\":{\"name\":\"admin\",\"@id\":\"https:\\\/\\\/lasentinelle.dz\\\/#\\\/schema\\\/person\\\/729ee0024f24e0b8c5ec17232f8e8b41\"},\"headline\":\"Journ\u00e9e nationale du Moudjahid: Dans la continuit\u00e9 de l&rsquo;h\u00e9ritage des h\u00e9ros de la R\u00e9volution\",\"datePublished\":\"2024-08-20T12:41:46+00:00\",\"dateModified\":\"2024-08-20T13:01:17+00:00\",\"mainEntityOfPage\":{\"@id\":\"https:\\\/\\\/lasentinelle.dz\\\/index.php\\\/2024\\\/08\\\/20\\\/journee-nationale-du-moudjahid-dans-la-continuite-de-lheritage-des-heros-de-la-revolution\\\/\"},\"wordCount\":486,\"commentCount\":0,\"publisher\":{\"@id\":\"https:\\\/\\\/lasentinelle.dz\\\/#organization\"},\"image\":{\"@id\":\"https:\\\/\\\/lasentinelle.dz\\\/index.php\\\/2024\\\/08\\\/20\\\/journee-nationale-du-moudjahid-dans-la-continuite-de-lheritage-des-heros-de-la-revolution\\\/#primaryimage\"},\"thumbnailUrl\":\"https:\\\/\\\/lasentinelle.dz\\\/wp-content\\\/uploads\\\/2024\\\/08\\\/Moudjahid.jpg\",\"articleSection\":[\"Actualit\u00e9\"],\"inLanguage\":\"fr-FR\",\"potentialAction\":[{\"@type\":\"CommentAction\",\"name\":\"Comment\",\"target\":[\"https:\\\/\\\/lasentinelle.dz\\\/index.php\\\/2024\\\/08\\\/20\\\/journee-nationale-du-moudjahid-dans-la-continuite-de-lheritage-des-heros-de-la-revolution\\\/#respond\"]}]},{\"@type\":\"WebPage\",\"@id\":\"https:\\\/\\\/lasentinelle.dz\\\/index.php\\\/2024\\\/08\\\/20\\\/journee-nationale-du-moudjahid-dans-la-continuite-de-lheritage-des-heros-de-la-revolution\\\/\",\"url\":\"https:\\\/\\\/lasentinelle.dz\\\/index.php\\\/2024\\\/08\\\/20\\\/journee-nationale-du-moudjahid-dans-la-continuite-de-lheritage-des-heros-de-la-revolution\\\/\",\"name\":\"Journ\u00e9e nationale du Moudjahid: Dans la continuit\u00e9 de l&rsquo;h\u00e9ritage des h\u00e9ros de la R\u00e9volution - La Sentinelle\",\"isPartOf\":{\"@id\":\"https:\\\/\\\/lasentinelle.dz\\\/#website\"},\"primaryImageOfPage\":{\"@id\":\"https:\\\/\\\/lasentinelle.dz\\\/index.php\\\/2024\\\/08\\\/20\\\/journee-nationale-du-moudjahid-dans-la-continuite-de-lheritage-des-heros-de-la-revolution\\\/#primaryimage\"},\"image\":{\"@id\":\"https:\\\/\\\/lasentinelle.dz\\\/index.php\\\/2024\\\/08\\\/20\\\/journee-nationale-du-moudjahid-dans-la-continuite-de-lheritage-des-heros-de-la-revolution\\\/#primaryimage\"},\"thumbnailUrl\":\"https:\\\/\\\/lasentinelle.dz\\\/wp-content\\\/uploads\\\/2024\\\/08\\\/Moudjahid.jpg\",\"datePublished\":\"2024-08-20T12:41:46+00:00\",\"dateModified\":\"2024-08-20T13:01:17+00:00\",\"breadcrumb\":{\"@id\":\"https:\\\/\\\/lasentinelle.dz\\\/index.php\\\/2024\\\/08\\\/20\\\/journee-nationale-du-moudjahid-dans-la-continuite-de-lheritage-des-heros-de-la-revolution\\\/#breadcrumb\"},\"inLanguage\":\"fr-FR\",\"potentialAction\":[{\"@type\":\"ReadAction\",\"target\":[\"https:\\\/\\\/lasentinelle.dz\\\/index.php\\\/2024\\\/08\\\/20\\\/journee-nationale-du-moudjahid-dans-la-continuite-de-lheritage-des-heros-de-la-revolution\\\/\"]}]},{\"@type\":\"ImageObject\",\"inLanguage\":\"fr-FR\",\"@id\":\"https:\\\/\\\/lasentinelle.dz\\\/index.php\\\/2024\\\/08\\\/20\\\/journee-nationale-du-moudjahid-dans-la-continuite-de-lheritage-des-heros-de-la-revolution\\\/#primaryimage\",\"url\":\"https:\\\/\\\/lasentinelle.dz\\\/wp-content\\\/uploads\\\/2024\\\/08\\\/Moudjahid.jpg\",\"contentUrl\":\"https:\\\/\\\/lasentinelle.dz\\\/wp-content\\\/uploads\\\/2024\\\/08\\\/Moudjahid.jpg\",\"width\":745,\"height\":470},{\"@type\":\"BreadcrumbList\",\"@id\":\"https:\\\/\\\/lasentinelle.dz\\\/index.php\\\/2024\\\/08\\\/20\\\/journee-nationale-du-moudjahid-dans-la-continuite-de-lheritage-des-heros-de-la-revolution\\\/#breadcrumb\",\"itemListElement\":[{\"@type\":\"ListItem\",\"position\":1,\"name\":\"Accueil\",\"item\":\"https:\\\/\\\/lasentinelle.dz\\\/\"},{\"@type\":\"ListItem\",\"position\":2,\"name\":\"Journ\u00e9e nationale du Moudjahid: Dans la continuit\u00e9 de l&rsquo;h\u00e9ritage des h\u00e9ros de la R\u00e9volution\"}]},{\"@type\":\"WebSite\",\"@id\":\"https:\\\/\\\/lasentinelle.dz\\\/#website\",\"url\":\"https:\\\/\\\/lasentinelle.dz\\\/\",\"name\":\"La Sentinelle\",\"description\":\"Quotidien national d&#039;information\",\"publisher\":{\"@id\":\"https:\\\/\\\/lasentinelle.dz\\\/#organization\"},\"potentialAction\":[{\"@type\":\"SearchAction\",\"target\":{\"@type\":\"EntryPoint\",\"urlTemplate\":\"https:\\\/\\\/lasentinelle.dz\\\/?s={search_term_string}\"},\"query-input\":{\"@type\":\"PropertyValueSpecification\",\"valueRequired\":true,\"valueName\":\"search_term_string\"}}],\"inLanguage\":\"fr-FR\"},{\"@type\":\"Organization\",\"@id\":\"https:\\\/\\\/lasentinelle.dz\\\/#organization\",\"name\":\"Quotidien La Sentinelle\",\"url\":\"https:\\\/\\\/lasentinelle.dz\\\/\",\"logo\":{\"@type\":\"ImageObject\",\"inLanguage\":\"fr-FR\",\"@id\":\"https:\\\/\\\/lasentinelle.dz\\\/#\\\/schema\\\/logo\\\/image\\\/\",\"url\":\"https:\\\/\\\/lasentinelle.dz\\\/wp-content\\\/uploads\\\/2021\\\/09\\\/logo-sentinelleSLOGAN-1.png\",\"contentUrl\":\"https:\\\/\\\/lasentinelle.dz\\\/wp-content\\\/uploads\\\/2021\\\/09\\\/logo-sentinelleSLOGAN-1.png\",\"width\":615,\"height\":142,\"caption\":\"Quotidien La Sentinelle\"},\"image\":{\"@id\":\"https:\\\/\\\/lasentinelle.dz\\\/#\\\/schema\\\/logo\\\/image\\\/\"},\"sameAs\":[\"https:\\\/\\\/www.facebook.com\\\/La-Sentinelle-104059864394773\"]},{\"@type\":\"Person\",\"@id\":\"https:\\\/\\\/lasentinelle.dz\\\/#\\\/schema\\\/person\\\/729ee0024f24e0b8c5ec17232f8e8b41\",\"name\":\"admin\",\"image\":{\"@type\":\"ImageObject\",\"inLanguage\":\"fr-FR\",\"@id\":\"https:\\\/\\\/secure.gravatar.com\\\/avatar\\\/4c81fed838786e9b53f540bf46533e750f5d292099ae3b66cfc6fb1982e29df7?s=96&d=mm&r=g\",\"url\":\"https:\\\/\\\/secure.gravatar.com\\\/avatar\\\/4c81fed838786e9b53f540bf46533e750f5d292099ae3b66cfc6fb1982e29df7?s=96&d=mm&r=g\",\"contentUrl\":\"https:\\\/\\\/secure.gravatar.com\\\/avatar\\\/4c81fed838786e9b53f540bf46533e750f5d292099ae3b66cfc6fb1982e29df7?s=96&d=mm&r=g\",\"caption\":\"admin\"},\"description\":\"admin\",\"url\":\"https:\\\/\\\/lasentinelle.dz\\\/author\\\/admin\\\/\"}]}<\/script>\n<!-- \/ Yoast SEO plugin. -->","yoast_head_json":{"title":"Journ\u00e9e nationale du Moudjahid: Dans la continuit\u00e9 de l&rsquo;h\u00e9ritage des h\u00e9ros de la R\u00e9volution - La Sentinelle","robots":{"index":"index","follow":"follow","max-snippet":"max-snippet:-1","max-image-preview":"max-image-preview:large","max-video-preview":"max-video-preview:-1"},"canonical":"https:\/\/lasentinelle.dz\/index.php\/2024\/08\/20\/journee-nationale-du-moudjahid-dans-la-continuite-de-lheritage-des-heros-de-la-revolution\/","og_locale":"fr_FR","og_type":"article","og_title":"Journ\u00e9e nationale du Moudjahid: Dans la continuit\u00e9 de l&rsquo;h\u00e9ritage des h\u00e9ros de la R\u00e9volution - La Sentinelle","og_description":"La Journ\u00e9e nationale du Moudjahid, c\u00e9l\u00e9br\u00e9e chaque ann\u00e9e le 20 ao\u00fbt, rev\u00eat une importance particuli\u00e8re pour l&rsquo;Alg\u00e9rie, comm\u00e9morant deux \u00e9v\u00e9nements","og_url":"https:\/\/lasentinelle.dz\/index.php\/2024\/08\/20\/journee-nationale-du-moudjahid-dans-la-continuite-de-lheritage-des-heros-de-la-revolution\/","og_site_name":"La Sentinelle","article_publisher":"https:\/\/www.facebook.com\/La-Sentinelle-104059864394773","article_published_time":"2024-08-20T12:41:46+00:00","article_modified_time":"2024-08-20T13:01:17+00:00","og_image":[{"width":745,"height":470,"url":"https:\/\/lasentinelle.dz\/wp-content\/uploads\/2024\/08\/Moudjahid.jpg","type":"image\/jpeg"}],"author":"admin","twitter_card":"summary_large_image","twitter_misc":{"\u00c9crit par":"admin","Dur\u00e9e de lecture estim\u00e9e":"3 minutes"},"schema":{"@context":"https:\/\/schema.org","@graph":[{"@type":"Article","@id":"https:\/\/lasentinelle.dz\/index.php\/2024\/08\/20\/journee-nationale-du-moudjahid-dans-la-continuite-de-lheritage-des-heros-de-la-revolution\/#article","isPartOf":{"@id":"https:\/\/lasentinelle.dz\/index.php\/2024\/08\/20\/journee-nationale-du-moudjahid-dans-la-continuite-de-lheritage-des-heros-de-la-revolution\/"},"author":{"name":"admin","@id":"https:\/\/lasentinelle.dz\/#\/schema\/person\/729ee0024f24e0b8c5ec17232f8e8b41"},"headline":"Journ\u00e9e nationale du Moudjahid: Dans la continuit\u00e9 de l&rsquo;h\u00e9ritage des h\u00e9ros de la R\u00e9volution","datePublished":"2024-08-20T12:41:46+00:00","dateModified":"2024-08-20T13:01:17+00:00","mainEntityOfPage":{"@id":"https:\/\/lasentinelle.dz\/index.php\/2024\/08\/20\/journee-nationale-du-moudjahid-dans-la-continuite-de-lheritage-des-heros-de-la-revolution\/"},"wordCount":486,"commentCount":0,"publisher":{"@id":"https:\/\/lasentinelle.dz\/#organization"},"image":{"@id":"https:\/\/lasentinelle.dz\/index.php\/2024\/08\/20\/journee-nationale-du-moudjahid-dans-la-continuite-de-lheritage-des-heros-de-la-revolution\/#primaryimage"},"thumbnailUrl":"https:\/\/lasentinelle.dz\/wp-content\/uploads\/2024\/08\/Moudjahid.jpg","articleSection":["Actualit\u00e9"],"inLanguage":"fr-FR","potentialAction":[{"@type":"CommentAction","name":"Comment","target":["https:\/\/lasentinelle.dz\/index.php\/2024\/08\/20\/journee-nationale-du-moudjahid-dans-la-continuite-de-lheritage-des-heros-de-la-revolution\/#respond"]}]},{"@type":"WebPage","@id":"https:\/\/lasentinelle.dz\/index.php\/2024\/08\/20\/journee-nationale-du-moudjahid-dans-la-continuite-de-lheritage-des-heros-de-la-revolution\/","url":"https:\/\/lasentinelle.dz\/index.php\/2024\/08\/20\/journee-nationale-du-moudjahid-dans-la-continuite-de-lheritage-des-heros-de-la-revolution\/","name":"Journ\u00e9e nationale du Moudjahid: Dans la continuit\u00e9 de l&rsquo;h\u00e9ritage des h\u00e9ros de la R\u00e9volution - La Sentinelle","isPartOf":{"@id":"https:\/\/lasentinelle.dz\/#website"},"primaryImageOfPage":{"@id":"https:\/\/lasentinelle.dz\/index.php\/2024\/08\/20\/journee-nationale-du-moudjahid-dans-la-continuite-de-lheritage-des-heros-de-la-revolution\/#primaryimage"},"image":{"@id":"https:\/\/lasentinelle.dz\/index.php\/2024\/08\/20\/journee-nationale-du-moudjahid-dans-la-continuite-de-lheritage-des-heros-de-la-revolution\/#primaryimage"},"thumbnailUrl":"https:\/\/lasentinelle.dz\/wp-content\/uploads\/2024\/08\/Moudjahid.jpg","datePublished":"2024-08-20T12:41:46+00:00","dateModified":"2024-08-20T13:01:17+00:00","breadcrumb":{"@id":"https:\/\/lasentinelle.dz\/index.php\/2024\/08\/20\/journee-nationale-du-moudjahid-dans-la-continuite-de-lheritage-des-heros-de-la-revolution\/#breadcrumb"},"inLanguage":"fr-FR","potentialAction":[{"@type":"ReadAction","target":["https:\/\/lasentinelle.dz\/index.php\/2024\/08\/20\/journee-nationale-du-moudjahid-dans-la-continuite-de-lheritage-des-heros-de-la-revolution\/"]}]},{"@type":"ImageObject","inLanguage":"fr-FR","@id":"https:\/\/lasentinelle.dz\/index.php\/2024\/08\/20\/journee-nationale-du-moudjahid-dans-la-continuite-de-lheritage-des-heros-de-la-revolution\/#primaryimage","url":"https:\/\/lasentinelle.dz\/wp-content\/uploads\/2024\/08\/Moudjahid.jpg","contentUrl":"https:\/\/lasentinelle.dz\/wp-content\/uploads\/2024\/08\/Moudjahid.jpg","width":745,"height":470},{"@type":"BreadcrumbList","@id":"https:\/\/lasentinelle.dz\/index.php\/2024\/08\/20\/journee-nationale-du-moudjahid-dans-la-continuite-de-lheritage-des-heros-de-la-revolution\/#breadcrumb","itemListElement":[{"@type":"ListItem","position":1,"name":"Accueil","item":"https:\/\/lasentinelle.dz\/"},{"@type":"ListItem","position":2,"name":"Journ\u00e9e nationale du Moudjahid: Dans la continuit\u00e9 de l&rsquo;h\u00e9ritage des h\u00e9ros de la R\u00e9volution"}]},{"@type":"WebSite","@id":"https:\/\/lasentinelle.dz\/#website","url":"https:\/\/lasentinelle.dz\/","name":"La Sentinelle","description":"Quotidien national d&#039;information","publisher":{"@id":"https:\/\/lasentinelle.dz\/#organization"},"potentialAction":[{"@type":"SearchAction","target":{"@type":"EntryPoint","urlTemplate":"https:\/\/lasentinelle.dz\/?s={search_term_string}"},"query-input":{"@type":"PropertyValueSpecification","valueRequired":true,"valueName":"search_term_string"}}],"inLanguage":"fr-FR"},{"@type":"Organization","@id":"https:\/\/lasentinelle.dz\/#organization","name":"Quotidien La Sentinelle","url":"https:\/\/lasentinelle.dz\/","logo":{"@type":"ImageObject","inLanguage":"fr-FR","@id":"https:\/\/lasentinelle.dz\/#\/schema\/logo\/image\/","url":"https:\/\/lasentinelle.dz\/wp-content\/uploads\/2021\/09\/logo-sentinelleSLOGAN-1.png","contentUrl":"https:\/\/lasentinelle.dz\/wp-content\/uploads\/2021\/09\/logo-sentinelleSLOGAN-1.png","width":615,"height":142,"caption":"Quotidien La Sentinelle"},"image":{"@id":"https:\/\/lasentinelle.dz\/#\/schema\/logo\/image\/"},"sameAs":["https:\/\/www.facebook.com\/La-Sentinelle-104059864394773"]},{"@type":"Person","@id":"https:\/\/lasentinelle.dz\/#\/schema\/person\/729ee0024f24e0b8c5ec17232f8e8b41","name":"admin","image":{"@type":"ImageObject","inLanguage":"fr-FR","@id":"https:\/\/secure.gravatar.com\/avatar\/4c81fed838786e9b53f540bf46533e750f5d292099ae3b66cfc6fb1982e29df7?s=96&d=mm&r=g","url":"https:\/\/secure.gravatar.com\/avatar\/4c81fed838786e9b53f540bf46533e750f5d292099ae3b66cfc6fb1982e29df7?s=96&d=mm&r=g","contentUrl":"https:\/\/secure.gravatar.com\/avatar\/4c81fed838786e9b53f540bf46533e750f5d292099ae3b66cfc6fb1982e29df7?s=96&d=mm&r=g","caption":"admin"},"description":"admin","url":"https:\/\/lasentinelle.dz\/author\/admin\/"}]}},"_links":{"self":[{"href":"https:\/\/lasentinelle.dz\/index.php\/wp-json\/wp\/v2\/posts\/55955","targetHints":{"allow":["GET"]}}],"collection":[{"href":"https:\/\/lasentinelle.dz\/index.php\/wp-json\/wp\/v2\/posts"}],"about":[{"href":"https:\/\/lasentinelle.dz\/index.php\/wp-json\/wp\/v2\/types\/post"}],"author":[{"embeddable":true,"href":"https:\/\/lasentinelle.dz\/index.php\/wp-json\/wp\/v2\/users\/6"}],"replies":[{"embeddable":true,"href":"https:\/\/lasentinelle.dz\/index.php\/wp-json\/wp\/v2\/comments?post=55955"}],"version-history":[{"count":2,"href":"https:\/\/lasentinelle.dz\/index.php\/wp-json\/wp\/v2\/posts\/55955\/revisions"}],"predecessor-version":[{"id":55958,"href":"https:\/\/lasentinelle.dz\/index.php\/wp-json\/wp\/v2\/posts\/55955\/revisions\/55958"}],"wp:featuredmedia":[{"embeddable":true,"href":"https:\/\/lasentinelle.dz\/index.php\/wp-json\/wp\/v2\/media\/55956"}],"wp:attachment":[{"href":"https:\/\/lasentinelle.dz\/index.php\/wp-json\/wp\/v2\/media?parent=55955"}],"wp:term":[{"taxonomy":"category","embeddable":true,"href":"https:\/\/lasentinelle.dz\/index.php\/wp-json\/wp\/v2\/categories?post=55955"},{"taxonomy":"post_tag","embeddable":true,"href":"https:\/\/lasentinelle.dz\/index.php\/wp-json\/wp\/v2\/tags?post=55955"}],"curies":[{"name":"wp","href":"https:\/\/api.w.org\/{rel}","templated":true}]}}