{"id":55959,"date":"2024-08-20T13:42:00","date_gmt":"2024-08-20T12:42:00","guid":{"rendered":"https:\/\/lasentinelle.dz\/?p=55959"},"modified":"2024-08-20T14:02:41","modified_gmt":"2024-08-20T13:02:41","slug":"message-du-president-de-la-republique-a-loccasion-de-la-journee-du-moudjahid-deux-dates-memorables-dans-lhistoire-de-la-glorieuse-revolution","status":"publish","type":"post","link":"https:\/\/lasentinelle.dz\/index.php\/2024\/08\/20\/message-du-president-de-la-republique-a-loccasion-de-la-journee-du-moudjahid-deux-dates-memorables-dans-lhistoire-de-la-glorieuse-revolution\/","title":{"rendered":"Message du pr\u00e9sident de la R\u00e9publique \u00e0 l&rsquo;occasion de la Journ\u00e9e du Moudjahid : Deux dates m\u00e9morables dans l&rsquo;histoire de la glorieuse R\u00e9volution"},"content":{"rendered":"\n<p>Le pr\u00e9sident de la R\u00e9publique, Abdelmadjid Tebboune, a adress\u00e9 un message solennel \u00e0 l&rsquo;occasion de la Journ\u00e9e nationale du Moudjahid, c\u00e9l\u00e9br\u00e9e le 20 ao\u00fbt, marquant le double anniversaire de l&rsquo;offensive du Nord-Constantinois (1955) et du Congr\u00e8s de la Soummam (1956).<\/p>\n\n\n\n<p>Le Pr\u00e9sident Tebboune a rendu un hommage appuy\u00e9 \u00e0 ces deux moments cl\u00e9s de la R\u00e9volution. \u00ab\u00a0La Journ\u00e9e du Moudjahid que nous c\u00e9l\u00e9brons marque le double anniversaire de l&rsquo;offensive du Nord-Constantinois, le 20 ao\u00fbt 1955, et de la tenue du Congr\u00e8s de la Soummam, le 20 ao\u00fbt 1956, deux dates m\u00e9morables dans l&rsquo;histoire de notre glorieuse R\u00e9volution de lib\u00e9ration\u00a0\u00bb, a dit le pr\u00e9sident de la R\u00e9publique dans un message \u00e0 l&rsquo;occasion de la c\u00e9l\u00e9bration de la Journ\u00e9e nationale du Moudjahid. \u00ab\u00a0L&rsquo;offensive du Nord-Constantinois a donn\u00e9 une le\u00e7on \u00e0 une arm\u00e9e coloniale qui croyait pouvoir \u00e9touffer la R\u00e9volution du peuple par le fer et par le feu. Mais c&rsquo;\u00e9tait sans compter sur les sacrifices incommensurables et les actes de bravoure de ces h\u00e9ros qui ont port\u00e9 la R\u00e9volution et exalt\u00e9 l&rsquo;Arm\u00e9e de lib\u00e9ration nationale\u00a0\u00bb, a ajout\u00e9 le pr\u00e9sident de la R\u00e9publique. \u00ab\u00a0<\/p>\n\n\n\n<p>En \u00e9voquant ces souvenirs, Abdelmadjid Tebboune rappelle l&rsquo;importance de rester fid\u00e8le aux principes du 1er Novembre 1954, qui ont guid\u00e9 la lutte pour l&rsquo;ind\u00e9pendance. Il exprime sa confiance en la capacit\u00e9 des Alg\u00e9riens \u00e0 prot\u00e9ger et \u00e0 promouvoir la s\u00e9curit\u00e9, la stabilit\u00e9 et la prosp\u00e9rit\u00e9 de l&rsquo;Alg\u00e9rie. Cette fid\u00e9lit\u00e9 au message de Novembre reste, selon lui, un pilier fondamental pour affronter les d\u00e9fis actuels et futurs. \u00ab\u00a0Alors que nous nous rem\u00e9morons avec fiert\u00e9 les sacrifices des chouhada et des moudjahidine, nous demeurons convaincus que les Alg\u00e9riennes et les Alg\u00e9riens, qui ont, chevill\u00e9e au corps, la fid\u00e9lit\u00e9 au message de Novembre, continueront \u00e0 veiller sur notre ch\u00e8re Alg\u00e9rie et \u00e0 pr\u00e9server sa s\u00e9curit\u00e9, sa stabilit\u00e9 et sa prosp\u00e9rit\u00e9\u00a0\u00bb, a soutenu le pr\u00e9sident de la R\u00e9publique.<\/p>\n\n\n\n<p>Le pr\u00e9sident a ainsi saisi cette occasion pour saluer la m\u00e9moire des chouhada, les martyrs de la guerre de lib\u00e9ration, et rendre hommage aux moudjahidine encore en vie. Il adresse ses salutations respectueuses aux moudjahidate et moudjahidine, exprimant son estime et son respect pour leur engagement et leurs sacrifices.<\/p>\n\n\n\n<p>Cette d\u00e9claration r\u00e9affirme l&rsquo;importance de ces \u00e9v\u00e9nements dans la m\u00e9moire collective alg\u00e9rienne, tout en soulignant la continuit\u00e9 de l&rsquo;h\u00e9ritage r\u00e9volutionnaire dans la construction de l&rsquo;Alg\u00e9rie moderne. Le pr\u00e9sident Abdelmadjid Tebboune a ainsi rappel\u00e9 que la comm\u00e9moration de ces \u00e9v\u00e9nements n&rsquo;est pas simplement un devoir de m\u00e9moire, mais \u00e9galement une responsabilit\u00e9 envers les g\u00e9n\u00e9rations futures. En plongeant dans le patrimoine r\u00e9volutionnaire, il est essentiel de transmettre aux jeunes Alg\u00e9riens l\u2019importance de l\u2019h\u00e9ritage laiss\u00e9 par les moudjahidine. Ce devoir \u00e9ducatif rev\u00eat une dimension cruciale pour renforcer le sentiment national et faire vivre l\u2019esprit de r\u00e9sistance et d\u2019unit\u00e9 qui a anim\u00e9 la lutte pour l&rsquo;ind\u00e9pendance.<\/p>\n\n\n\n<p>Le pr\u00e9sident a insist\u00e9, de par son propos, sur le fait que le courage et la d\u00e9termination du peuple alg\u00e9rien, illustr\u00e9s par les luttes men\u00e9es durant les ann\u00e9es de guerre, devraient inspirer les Alg\u00e9riens d\u2019aujourd&rsquo;hui \u00e0 s&rsquo;engager activement pour le d\u00e9veloppement du pays.<\/p>\n\n\n\n<p><strong>Samir Benisid<\/strong><\/p>\n","protected":false},"excerpt":{"rendered":"<p>Le pr\u00e9sident de la R\u00e9publique, Abdelmadjid Tebboune, a adress\u00e9 un message solennel \u00e0 l&rsquo;occasion de la Journ\u00e9e nationale du Moudjahid,<\/p>\n","protected":false},"author":6,"featured_media":51865,"comment_status":"open","ping_status":"closed","sticky":false,"template":"","format":"standard","meta":{"colormag_page_container_layout":"default_layout","colormag_page_sidebar_layout":"default_layout","om_disable_all_campaigns":false,"_monsterinsights_skip_tracking":false,"_monsterinsights_sitenote_active":false,"_monsterinsights_sitenote_note":"","_monsterinsights_sitenote_category":0,"footnotes":"","_wpscppro_dont_share_socialmedia":false,"_wpscppro_custom_social_share_image":0,"_facebook_share_type":"default","_twitter_share_type":"default","_linkedin_share_type":"default","_pinterest_share_type":"default","_linkedin_share_type_page":"","_instagram_share_type":"default","_medium_share_type":"","_threads_share_type":"","_google_business_share_type":"","_selected_social_profile":[],"_wpsp_enable_custom_social_template":false,"_wpsp_social_scheduling":{"enabled":false,"datetime":null,"platforms":[],"status":"template_only","dateOption":"today","timeOption":"now","customDays":"","customHours":"","customDate":"","customTime":"","schedulingType":"absolute"},"_wpsp_active_default_template":true},"categories":[52,27],"tags":[],"class_list":["post-55959","post","type-post","status-publish","format-standard","has-post-thumbnail","hentry","category-a-la-une","category-actualite"],"aioseo_notices":[],"yoast_head":"<!-- This site is optimized with the Yoast SEO plugin v27.5 - https:\/\/yoast.com\/product\/yoast-seo-wordpress\/ -->\n<title>Message du pr\u00e9sident de la R\u00e9publique \u00e0 l&rsquo;occasion de la Journ\u00e9e du Moudjahid : Deux dates m\u00e9morables dans l&rsquo;histoire de la glorieuse R\u00e9volution - La Sentinelle<\/title>\n<meta name=\"robots\" content=\"index, follow, max-snippet:-1, max-image-preview:large, max-video-preview:-1\" \/>\n<link rel=\"canonical\" href=\"https:\/\/lasentinelle.dz\/index.php\/2024\/08\/20\/message-du-president-de-la-republique-a-loccasion-de-la-journee-du-moudjahid-deux-dates-memorables-dans-lhistoire-de-la-glorieuse-revolution\/\" \/>\n<meta property=\"og:locale\" content=\"fr_FR\" \/>\n<meta property=\"og:type\" content=\"article\" \/>\n<meta property=\"og:title\" content=\"Message du pr\u00e9sident de la R\u00e9publique \u00e0 l&rsquo;occasion de la Journ\u00e9e du Moudjahid : Deux dates m\u00e9morables dans l&rsquo;histoire de la glorieuse R\u00e9volution - La Sentinelle\" \/>\n<meta property=\"og:description\" content=\"Le pr\u00e9sident de la R\u00e9publique, Abdelmadjid Tebboune, a adress\u00e9 un message solennel \u00e0 l&rsquo;occasion de la Journ\u00e9e nationale du Moudjahid,\" \/>\n<meta property=\"og:url\" content=\"https:\/\/lasentinelle.dz\/index.php\/2024\/08\/20\/message-du-president-de-la-republique-a-loccasion-de-la-journee-du-moudjahid-deux-dates-memorables-dans-lhistoire-de-la-glorieuse-revolution\/\" \/>\n<meta property=\"og:site_name\" content=\"La Sentinelle\" \/>\n<meta property=\"article:publisher\" content=\"https:\/\/www.facebook.com\/La-Sentinelle-104059864394773\" \/>\n<meta property=\"article:published_time\" content=\"2024-08-20T12:42:00+00:00\" \/>\n<meta property=\"article:modified_time\" content=\"2024-08-20T13:02:41+00:00\" \/>\n<meta property=\"og:image\" content=\"https:\/\/lasentinelle.dz\/wp-content\/uploads\/2024\/05\/tebboune-e1714567818743.jpeg\" \/>\n\t<meta property=\"og:image:width\" content=\"960\" \/>\n\t<meta property=\"og:image:height\" content=\"694\" \/>\n\t<meta property=\"og:image:type\" content=\"image\/jpeg\" \/>\n<meta name=\"author\" content=\"admin\" \/>\n<meta name=\"twitter:card\" content=\"summary_large_image\" \/>\n<meta name=\"twitter:label1\" content=\"\u00c9crit par\" \/>\n\t<meta name=\"twitter:data1\" content=\"admin\" \/>\n\t<meta name=\"twitter:label2\" content=\"Dur\u00e9e de lecture estim\u00e9e\" \/>\n\t<meta name=\"twitter:data2\" content=\"3 minutes\" \/>\n<script type=\"application\/ld+json\" class=\"yoast-schema-graph\">{\"@context\":\"https:\\\/\\\/schema.org\",\"@graph\":[{\"@type\":\"Article\",\"@id\":\"https:\\\/\\\/lasentinelle.dz\\\/index.php\\\/2024\\\/08\\\/20\\\/message-du-president-de-la-republique-a-loccasion-de-la-journee-du-moudjahid-deux-dates-memorables-dans-lhistoire-de-la-glorieuse-revolution\\\/#article\",\"isPartOf\":{\"@id\":\"https:\\\/\\\/lasentinelle.dz\\\/index.php\\\/2024\\\/08\\\/20\\\/message-du-president-de-la-republique-a-loccasion-de-la-journee-du-moudjahid-deux-dates-memorables-dans-lhistoire-de-la-glorieuse-revolution\\\/\"},\"author\":{\"name\":\"admin\",\"@id\":\"https:\\\/\\\/lasentinelle.dz\\\/#\\\/schema\\\/person\\\/729ee0024f24e0b8c5ec17232f8e8b41\"},\"headline\":\"Message du pr\u00e9sident de la R\u00e9publique \u00e0 l&rsquo;occasion de la Journ\u00e9e du Moudjahid : Deux dates m\u00e9morables dans l&rsquo;histoire de la glorieuse R\u00e9volution\",\"datePublished\":\"2024-08-20T12:42:00+00:00\",\"dateModified\":\"2024-08-20T13:02:41+00:00\",\"mainEntityOfPage\":{\"@id\":\"https:\\\/\\\/lasentinelle.dz\\\/index.php\\\/2024\\\/08\\\/20\\\/message-du-president-de-la-republique-a-loccasion-de-la-journee-du-moudjahid-deux-dates-memorables-dans-lhistoire-de-la-glorieuse-revolution\\\/\"},\"wordCount\":622,\"commentCount\":0,\"publisher\":{\"@id\":\"https:\\\/\\\/lasentinelle.dz\\\/#organization\"},\"image\":{\"@id\":\"https:\\\/\\\/lasentinelle.dz\\\/index.php\\\/2024\\\/08\\\/20\\\/message-du-president-de-la-republique-a-loccasion-de-la-journee-du-moudjahid-deux-dates-memorables-dans-lhistoire-de-la-glorieuse-revolution\\\/#primaryimage\"},\"thumbnailUrl\":\"https:\\\/\\\/lasentinelle.dz\\\/wp-content\\\/uploads\\\/2024\\\/05\\\/tebboune-e1714567818743.jpeg\",\"articleSection\":[\"\u00c0 la Une\",\"Actualit\u00e9\"],\"inLanguage\":\"fr-FR\",\"potentialAction\":[{\"@type\":\"CommentAction\",\"name\":\"Comment\",\"target\":[\"https:\\\/\\\/lasentinelle.dz\\\/index.php\\\/2024\\\/08\\\/20\\\/message-du-president-de-la-republique-a-loccasion-de-la-journee-du-moudjahid-deux-dates-memorables-dans-lhistoire-de-la-glorieuse-revolution\\\/#respond\"]}]},{\"@type\":\"WebPage\",\"@id\":\"https:\\\/\\\/lasentinelle.dz\\\/index.php\\\/2024\\\/08\\\/20\\\/message-du-president-de-la-republique-a-loccasion-de-la-journee-du-moudjahid-deux-dates-memorables-dans-lhistoire-de-la-glorieuse-revolution\\\/\",\"url\":\"https:\\\/\\\/lasentinelle.dz\\\/index.php\\\/2024\\\/08\\\/20\\\/message-du-president-de-la-republique-a-loccasion-de-la-journee-du-moudjahid-deux-dates-memorables-dans-lhistoire-de-la-glorieuse-revolution\\\/\",\"name\":\"Message du pr\u00e9sident de la R\u00e9publique \u00e0 l&rsquo;occasion de la Journ\u00e9e du Moudjahid : Deux dates m\u00e9morables dans l&rsquo;histoire de la glorieuse R\u00e9volution - La Sentinelle\",\"isPartOf\":{\"@id\":\"https:\\\/\\\/lasentinelle.dz\\\/#website\"},\"primaryImageOfPage\":{\"@id\":\"https:\\\/\\\/lasentinelle.dz\\\/index.php\\\/2024\\\/08\\\/20\\\/message-du-president-de-la-republique-a-loccasion-de-la-journee-du-moudjahid-deux-dates-memorables-dans-lhistoire-de-la-glorieuse-revolution\\\/#primaryimage\"},\"image\":{\"@id\":\"https:\\\/\\\/lasentinelle.dz\\\/index.php\\\/2024\\\/08\\\/20\\\/message-du-president-de-la-republique-a-loccasion-de-la-journee-du-moudjahid-deux-dates-memorables-dans-lhistoire-de-la-glorieuse-revolution\\\/#primaryimage\"},\"thumbnailUrl\":\"https:\\\/\\\/lasentinelle.dz\\\/wp-content\\\/uploads\\\/2024\\\/05\\\/tebboune-e1714567818743.jpeg\",\"datePublished\":\"2024-08-20T12:42:00+00:00\",\"dateModified\":\"2024-08-20T13:02:41+00:00\",\"breadcrumb\":{\"@id\":\"https:\\\/\\\/lasentinelle.dz\\\/index.php\\\/2024\\\/08\\\/20\\\/message-du-president-de-la-republique-a-loccasion-de-la-journee-du-moudjahid-deux-dates-memorables-dans-lhistoire-de-la-glorieuse-revolution\\\/#breadcrumb\"},\"inLanguage\":\"fr-FR\",\"potentialAction\":[{\"@type\":\"ReadAction\",\"target\":[\"https:\\\/\\\/lasentinelle.dz\\\/index.php\\\/2024\\\/08\\\/20\\\/message-du-president-de-la-republique-a-loccasion-de-la-journee-du-moudjahid-deux-dates-memorables-dans-lhistoire-de-la-glorieuse-revolution\\\/\"]}]},{\"@type\":\"ImageObject\",\"inLanguage\":\"fr-FR\",\"@id\":\"https:\\\/\\\/lasentinelle.dz\\\/index.php\\\/2024\\\/08\\\/20\\\/message-du-president-de-la-republique-a-loccasion-de-la-journee-du-moudjahid-deux-dates-memorables-dans-lhistoire-de-la-glorieuse-revolution\\\/#primaryimage\",\"url\":\"https:\\\/\\\/lasentinelle.dz\\\/wp-content\\\/uploads\\\/2024\\\/05\\\/tebboune-e1714567818743.jpeg\",\"contentUrl\":\"https:\\\/\\\/lasentinelle.dz\\\/wp-content\\\/uploads\\\/2024\\\/05\\\/tebboune-e1714567818743.jpeg\",\"width\":960,\"height\":694},{\"@type\":\"BreadcrumbList\",\"@id\":\"https:\\\/\\\/lasentinelle.dz\\\/index.php\\\/2024\\\/08\\\/20\\\/message-du-president-de-la-republique-a-loccasion-de-la-journee-du-moudjahid-deux-dates-memorables-dans-lhistoire-de-la-glorieuse-revolution\\\/#breadcrumb\",\"itemListElement\":[{\"@type\":\"ListItem\",\"position\":1,\"name\":\"Accueil\",\"item\":\"https:\\\/\\\/lasentinelle.dz\\\/\"},{\"@type\":\"ListItem\",\"position\":2,\"name\":\"Message du pr\u00e9sident de la R\u00e9publique \u00e0 l&rsquo;occasion de la Journ\u00e9e du Moudjahid : Deux dates m\u00e9morables dans l&rsquo;histoire de la glorieuse R\u00e9volution\"}]},{\"@type\":\"WebSite\",\"@id\":\"https:\\\/\\\/lasentinelle.dz\\\/#website\",\"url\":\"https:\\\/\\\/lasentinelle.dz\\\/\",\"name\":\"La Sentinelle\",\"description\":\"Quotidien national d&#039;information\",\"publisher\":{\"@id\":\"https:\\\/\\\/lasentinelle.dz\\\/#organization\"},\"potentialAction\":[{\"@type\":\"SearchAction\",\"target\":{\"@type\":\"EntryPoint\",\"urlTemplate\":\"https:\\\/\\\/lasentinelle.dz\\\/?s={search_term_string}\"},\"query-input\":{\"@type\":\"PropertyValueSpecification\",\"valueRequired\":true,\"valueName\":\"search_term_string\"}}],\"inLanguage\":\"fr-FR\"},{\"@type\":\"Organization\",\"@id\":\"https:\\\/\\\/lasentinelle.dz\\\/#organization\",\"name\":\"Quotidien La Sentinelle\",\"url\":\"https:\\\/\\\/lasentinelle.dz\\\/\",\"logo\":{\"@type\":\"ImageObject\",\"inLanguage\":\"fr-FR\",\"@id\":\"https:\\\/\\\/lasentinelle.dz\\\/#\\\/schema\\\/logo\\\/image\\\/\",\"url\":\"https:\\\/\\\/lasentinelle.dz\\\/wp-content\\\/uploads\\\/2021\\\/09\\\/logo-sentinelleSLOGAN-1.png\",\"contentUrl\":\"https:\\\/\\\/lasentinelle.dz\\\/wp-content\\\/uploads\\\/2021\\\/09\\\/logo-sentinelleSLOGAN-1.png\",\"width\":615,\"height\":142,\"caption\":\"Quotidien La Sentinelle\"},\"image\":{\"@id\":\"https:\\\/\\\/lasentinelle.dz\\\/#\\\/schema\\\/logo\\\/image\\\/\"},\"sameAs\":[\"https:\\\/\\\/www.facebook.com\\\/La-Sentinelle-104059864394773\"]},{\"@type\":\"Person\",\"@id\":\"https:\\\/\\\/lasentinelle.dz\\\/#\\\/schema\\\/person\\\/729ee0024f24e0b8c5ec17232f8e8b41\",\"name\":\"admin\",\"image\":{\"@type\":\"ImageObject\",\"inLanguage\":\"fr-FR\",\"@id\":\"https:\\\/\\\/secure.gravatar.com\\\/avatar\\\/4c81fed838786e9b53f540bf46533e750f5d292099ae3b66cfc6fb1982e29df7?s=96&d=mm&r=g\",\"url\":\"https:\\\/\\\/secure.gravatar.com\\\/avatar\\\/4c81fed838786e9b53f540bf46533e750f5d292099ae3b66cfc6fb1982e29df7?s=96&d=mm&r=g\",\"contentUrl\":\"https:\\\/\\\/secure.gravatar.com\\\/avatar\\\/4c81fed838786e9b53f540bf46533e750f5d292099ae3b66cfc6fb1982e29df7?s=96&d=mm&r=g\",\"caption\":\"admin\"},\"description\":\"admin\",\"url\":\"https:\\\/\\\/lasentinelle.dz\\\/author\\\/admin\\\/\"}]}<\/script>\n<!-- \/ Yoast SEO plugin. -->","yoast_head_json":{"title":"Message du pr\u00e9sident de la R\u00e9publique \u00e0 l&rsquo;occasion de la Journ\u00e9e du Moudjahid : Deux dates m\u00e9morables dans l&rsquo;histoire de la glorieuse R\u00e9volution - La Sentinelle","robots":{"index":"index","follow":"follow","max-snippet":"max-snippet:-1","max-image-preview":"max-image-preview:large","max-video-preview":"max-video-preview:-1"},"canonical":"https:\/\/lasentinelle.dz\/index.php\/2024\/08\/20\/message-du-president-de-la-republique-a-loccasion-de-la-journee-du-moudjahid-deux-dates-memorables-dans-lhistoire-de-la-glorieuse-revolution\/","og_locale":"fr_FR","og_type":"article","og_title":"Message du pr\u00e9sident de la R\u00e9publique \u00e0 l&rsquo;occasion de la Journ\u00e9e du Moudjahid : Deux dates m\u00e9morables dans l&rsquo;histoire de la glorieuse R\u00e9volution - La Sentinelle","og_description":"Le pr\u00e9sident de la R\u00e9publique, Abdelmadjid Tebboune, a adress\u00e9 un message solennel \u00e0 l&rsquo;occasion de la Journ\u00e9e nationale du Moudjahid,","og_url":"https:\/\/lasentinelle.dz\/index.php\/2024\/08\/20\/message-du-president-de-la-republique-a-loccasion-de-la-journee-du-moudjahid-deux-dates-memorables-dans-lhistoire-de-la-glorieuse-revolution\/","og_site_name":"La Sentinelle","article_publisher":"https:\/\/www.facebook.com\/La-Sentinelle-104059864394773","article_published_time":"2024-08-20T12:42:00+00:00","article_modified_time":"2024-08-20T13:02:41+00:00","og_image":[{"width":960,"height":694,"url":"https:\/\/lasentinelle.dz\/wp-content\/uploads\/2024\/05\/tebboune-e1714567818743.jpeg","type":"image\/jpeg"}],"author":"admin","twitter_card":"summary_large_image","twitter_misc":{"\u00c9crit par":"admin","Dur\u00e9e de lecture estim\u00e9e":"3 minutes"},"schema":{"@context":"https:\/\/schema.org","@graph":[{"@type":"Article","@id":"https:\/\/lasentinelle.dz\/index.php\/2024\/08\/20\/message-du-president-de-la-republique-a-loccasion-de-la-journee-du-moudjahid-deux-dates-memorables-dans-lhistoire-de-la-glorieuse-revolution\/#article","isPartOf":{"@id":"https:\/\/lasentinelle.dz\/index.php\/2024\/08\/20\/message-du-president-de-la-republique-a-loccasion-de-la-journee-du-moudjahid-deux-dates-memorables-dans-lhistoire-de-la-glorieuse-revolution\/"},"author":{"name":"admin","@id":"https:\/\/lasentinelle.dz\/#\/schema\/person\/729ee0024f24e0b8c5ec17232f8e8b41"},"headline":"Message du pr\u00e9sident de la R\u00e9publique \u00e0 l&rsquo;occasion de la Journ\u00e9e du Moudjahid : Deux dates m\u00e9morables dans l&rsquo;histoire de la glorieuse R\u00e9volution","datePublished":"2024-08-20T12:42:00+00:00","dateModified":"2024-08-20T13:02:41+00:00","mainEntityOfPage":{"@id":"https:\/\/lasentinelle.dz\/index.php\/2024\/08\/20\/message-du-president-de-la-republique-a-loccasion-de-la-journee-du-moudjahid-deux-dates-memorables-dans-lhistoire-de-la-glorieuse-revolution\/"},"wordCount":622,"commentCount":0,"publisher":{"@id":"https:\/\/lasentinelle.dz\/#organization"},"image":{"@id":"https:\/\/lasentinelle.dz\/index.php\/2024\/08\/20\/message-du-president-de-la-republique-a-loccasion-de-la-journee-du-moudjahid-deux-dates-memorables-dans-lhistoire-de-la-glorieuse-revolution\/#primaryimage"},"thumbnailUrl":"https:\/\/lasentinelle.dz\/wp-content\/uploads\/2024\/05\/tebboune-e1714567818743.jpeg","articleSection":["\u00c0 la Une","Actualit\u00e9"],"inLanguage":"fr-FR","potentialAction":[{"@type":"CommentAction","name":"Comment","target":["https:\/\/lasentinelle.dz\/index.php\/2024\/08\/20\/message-du-president-de-la-republique-a-loccasion-de-la-journee-du-moudjahid-deux-dates-memorables-dans-lhistoire-de-la-glorieuse-revolution\/#respond"]}]},{"@type":"WebPage","@id":"https:\/\/lasentinelle.dz\/index.php\/2024\/08\/20\/message-du-president-de-la-republique-a-loccasion-de-la-journee-du-moudjahid-deux-dates-memorables-dans-lhistoire-de-la-glorieuse-revolution\/","url":"https:\/\/lasentinelle.dz\/index.php\/2024\/08\/20\/message-du-president-de-la-republique-a-loccasion-de-la-journee-du-moudjahid-deux-dates-memorables-dans-lhistoire-de-la-glorieuse-revolution\/","name":"Message du pr\u00e9sident de la R\u00e9publique \u00e0 l&rsquo;occasion de la Journ\u00e9e du Moudjahid : Deux dates m\u00e9morables dans l&rsquo;histoire de la glorieuse R\u00e9volution - La Sentinelle","isPartOf":{"@id":"https:\/\/lasentinelle.dz\/#website"},"primaryImageOfPage":{"@id":"https:\/\/lasentinelle.dz\/index.php\/2024\/08\/20\/message-du-president-de-la-republique-a-loccasion-de-la-journee-du-moudjahid-deux-dates-memorables-dans-lhistoire-de-la-glorieuse-revolution\/#primaryimage"},"image":{"@id":"https:\/\/lasentinelle.dz\/index.php\/2024\/08\/20\/message-du-president-de-la-republique-a-loccasion-de-la-journee-du-moudjahid-deux-dates-memorables-dans-lhistoire-de-la-glorieuse-revolution\/#primaryimage"},"thumbnailUrl":"https:\/\/lasentinelle.dz\/wp-content\/uploads\/2024\/05\/tebboune-e1714567818743.jpeg","datePublished":"2024-08-20T12:42:00+00:00","dateModified":"2024-08-20T13:02:41+00:00","breadcrumb":{"@id":"https:\/\/lasentinelle.dz\/index.php\/2024\/08\/20\/message-du-president-de-la-republique-a-loccasion-de-la-journee-du-moudjahid-deux-dates-memorables-dans-lhistoire-de-la-glorieuse-revolution\/#breadcrumb"},"inLanguage":"fr-FR","potentialAction":[{"@type":"ReadAction","target":["https:\/\/lasentinelle.dz\/index.php\/2024\/08\/20\/message-du-president-de-la-republique-a-loccasion-de-la-journee-du-moudjahid-deux-dates-memorables-dans-lhistoire-de-la-glorieuse-revolution\/"]}]},{"@type":"ImageObject","inLanguage":"fr-FR","@id":"https:\/\/lasentinelle.dz\/index.php\/2024\/08\/20\/message-du-president-de-la-republique-a-loccasion-de-la-journee-du-moudjahid-deux-dates-memorables-dans-lhistoire-de-la-glorieuse-revolution\/#primaryimage","url":"https:\/\/lasentinelle.dz\/wp-content\/uploads\/2024\/05\/tebboune-e1714567818743.jpeg","contentUrl":"https:\/\/lasentinelle.dz\/wp-content\/uploads\/2024\/05\/tebboune-e1714567818743.jpeg","width":960,"height":694},{"@type":"BreadcrumbList","@id":"https:\/\/lasentinelle.dz\/index.php\/2024\/08\/20\/message-du-president-de-la-republique-a-loccasion-de-la-journee-du-moudjahid-deux-dates-memorables-dans-lhistoire-de-la-glorieuse-revolution\/#breadcrumb","itemListElement":[{"@type":"ListItem","position":1,"name":"Accueil","item":"https:\/\/lasentinelle.dz\/"},{"@type":"ListItem","position":2,"name":"Message du pr\u00e9sident de la R\u00e9publique \u00e0 l&rsquo;occasion de la Journ\u00e9e du Moudjahid : Deux dates m\u00e9morables dans l&rsquo;histoire de la glorieuse R\u00e9volution"}]},{"@type":"WebSite","@id":"https:\/\/lasentinelle.dz\/#website","url":"https:\/\/lasentinelle.dz\/","name":"La Sentinelle","description":"Quotidien national d&#039;information","publisher":{"@id":"https:\/\/lasentinelle.dz\/#organization"},"potentialAction":[{"@type":"SearchAction","target":{"@type":"EntryPoint","urlTemplate":"https:\/\/lasentinelle.dz\/?s={search_term_string}"},"query-input":{"@type":"PropertyValueSpecification","valueRequired":true,"valueName":"search_term_string"}}],"inLanguage":"fr-FR"},{"@type":"Organization","@id":"https:\/\/lasentinelle.dz\/#organization","name":"Quotidien La Sentinelle","url":"https:\/\/lasentinelle.dz\/","logo":{"@type":"ImageObject","inLanguage":"fr-FR","@id":"https:\/\/lasentinelle.dz\/#\/schema\/logo\/image\/","url":"https:\/\/lasentinelle.dz\/wp-content\/uploads\/2021\/09\/logo-sentinelleSLOGAN-1.png","contentUrl":"https:\/\/lasentinelle.dz\/wp-content\/uploads\/2021\/09\/logo-sentinelleSLOGAN-1.png","width":615,"height":142,"caption":"Quotidien La Sentinelle"},"image":{"@id":"https:\/\/lasentinelle.dz\/#\/schema\/logo\/image\/"},"sameAs":["https:\/\/www.facebook.com\/La-Sentinelle-104059864394773"]},{"@type":"Person","@id":"https:\/\/lasentinelle.dz\/#\/schema\/person\/729ee0024f24e0b8c5ec17232f8e8b41","name":"admin","image":{"@type":"ImageObject","inLanguage":"fr-FR","@id":"https:\/\/secure.gravatar.com\/avatar\/4c81fed838786e9b53f540bf46533e750f5d292099ae3b66cfc6fb1982e29df7?s=96&d=mm&r=g","url":"https:\/\/secure.gravatar.com\/avatar\/4c81fed838786e9b53f540bf46533e750f5d292099ae3b66cfc6fb1982e29df7?s=96&d=mm&r=g","contentUrl":"https:\/\/secure.gravatar.com\/avatar\/4c81fed838786e9b53f540bf46533e750f5d292099ae3b66cfc6fb1982e29df7?s=96&d=mm&r=g","caption":"admin"},"description":"admin","url":"https:\/\/lasentinelle.dz\/author\/admin\/"}]}},"_links":{"self":[{"href":"https:\/\/lasentinelle.dz\/index.php\/wp-json\/wp\/v2\/posts\/55959","targetHints":{"allow":["GET"]}}],"collection":[{"href":"https:\/\/lasentinelle.dz\/index.php\/wp-json\/wp\/v2\/posts"}],"about":[{"href":"https:\/\/lasentinelle.dz\/index.php\/wp-json\/wp\/v2\/types\/post"}],"author":[{"embeddable":true,"href":"https:\/\/lasentinelle.dz\/index.php\/wp-json\/wp\/v2\/users\/6"}],"replies":[{"embeddable":true,"href":"https:\/\/lasentinelle.dz\/index.php\/wp-json\/wp\/v2\/comments?post=55959"}],"version-history":[{"count":2,"href":"https:\/\/lasentinelle.dz\/index.php\/wp-json\/wp\/v2\/posts\/55959\/revisions"}],"predecessor-version":[{"id":55961,"href":"https:\/\/lasentinelle.dz\/index.php\/wp-json\/wp\/v2\/posts\/55959\/revisions\/55961"}],"wp:featuredmedia":[{"embeddable":true,"href":"https:\/\/lasentinelle.dz\/index.php\/wp-json\/wp\/v2\/media\/51865"}],"wp:attachment":[{"href":"https:\/\/lasentinelle.dz\/index.php\/wp-json\/wp\/v2\/media?parent=55959"}],"wp:term":[{"taxonomy":"category","embeddable":true,"href":"https:\/\/lasentinelle.dz\/index.php\/wp-json\/wp\/v2\/categories?post=55959"},{"taxonomy":"post_tag","embeddable":true,"href":"https:\/\/lasentinelle.dz\/index.php\/wp-json\/wp\/v2\/tags?post=55959"}],"curies":[{"name":"wp","href":"https:\/\/api.w.org\/{rel}","templated":true}]}}