{"id":55966,"date":"2024-08-20T14:05:47","date_gmt":"2024-08-20T13:05:47","guid":{"rendered":"https:\/\/lasentinelle.dz\/?p=55966"},"modified":"2024-08-20T14:05:48","modified_gmt":"2024-08-20T13:05:48","slug":"youcef-aouchiche-a-bouira-soutenir-les-categories-vulnerables","status":"publish","type":"post","link":"https:\/\/lasentinelle.dz\/index.php\/2024\/08\/20\/youcef-aouchiche-a-bouira-soutenir-les-categories-vulnerables\/","title":{"rendered":"Youcef Aouchiche \u00e0 Bouira: \u00ab\u00a0Soutenir les cat\u00e9gories vuln\u00e9rables\u00a0\u00bb"},"content":{"rendered":"\n<p>Le candidat du Front des Forces Socialistes (FFS), Youcef Aouchiche, intensifie sa campagne en mettant l&rsquo;accent sur les pr\u00e9occupations socio-\u00e9conomiques des citoyens. Lors d&rsquo;une activit\u00e9 de proximit\u00e9 organis\u00e9e lundi \u00e0 Lakhdaria, dans la wilaya de Bouira, Aouchiche a pr\u00e9sent\u00e9 les grandes lignes de son programme \u00e9lectoral, ax\u00e9 principalement sur le soutien aux cat\u00e9gories sociales vuln\u00e9rables. Le candidat du FFS a plac\u00e9 au c\u0153ur de ses priorit\u00e9s la r\u00e9habilitation des classes moyennes et d\u00e9favoris\u00e9es, durement touch\u00e9es par la hausse du co\u00fbt de la vie. Il s&rsquo;est engag\u00e9, en cas d&rsquo;\u00e9lection, \u00e0 mettre en \u0153uvre des mesures imm\u00e9diates visant \u00e0 pr\u00e9server le pouvoir d&rsquo;achat et la dignit\u00e9 des citoyens. Parmi les propositions concr\u00e8tes avanc\u00e9es par Aouchiche figurent l&rsquo;augmentation du salaire minimum garanti (SNMG) \u00e0 40 000 dinars alg\u00e9riens, ainsi que l&rsquo;instauration d&rsquo;allocations destin\u00e9es aux ch\u00f4meurs et aux femmes au foyer. Aouchiche a soulign\u00e9 le potentiel de l&rsquo;Alg\u00e9rie en termes de ressources humaines et naturelles, affirmant que le pays dispose de tous les atouts n\u00e9cessaires pour construire une \u00e9conomie forte et diversifi\u00e9e, moins d\u00e9pendante des hydrocarbures. Son programme aborde \u00e9galement d&rsquo;autres secteurs cl\u00e9s tels que l&rsquo;\u00e9ducation, la sant\u00e9 et la justice, pour lesquels il propose des solutions aux probl\u00e8mes persistants. Le candidat du FFS a appel\u00e9 \u00e0 une forte mobilisation des \u00e9lecteurs le jour du scrutin, pr\u00e9sentant la participation comme la cl\u00e9 du changement tant attendu par les Alg\u00e9riens. Il a notamment insist\u00e9 sur l&rsquo;importance de concr\u00e9tiser les aspirations exprim\u00e9es lors du mouvement populaire Hirak de 2019, estimant que les transformations souhait\u00e9es n&rsquo;ont pas encore \u00e9t\u00e9 pleinement r\u00e9alis\u00e9es. Dans son discours, Aouchiche a cherch\u00e9 \u00e0 se positionner comme le candidat du peuple, capable de r\u00e9soudre les probl\u00e8mes auxquels le pays est confront\u00e9 depuis des d\u00e9cennies. Il a exhort\u00e9 les \u00e9lecteurs \u00e0 choisir un candidat engag\u00e9 envers les classes populaires, dans le but de \u00ab\u00a0redonner espoir aux milieux populaires\u00a0\u00bb.<\/p>\n\n\n\n<p>Samir Benisid<\/p>\n","protected":false},"excerpt":{"rendered":"<p>Le candidat du Front des Forces Socialistes (FFS), Youcef Aouchiche, intensifie sa campagne en mettant l&rsquo;accent sur les pr\u00e9occupations socio-\u00e9conomiques<\/p>\n","protected":false},"author":6,"featured_media":55967,"comment_status":"open","ping_status":"closed","sticky":false,"template":"","format":"standard","meta":{"colormag_page_container_layout":"default_layout","colormag_page_sidebar_layout":"default_layout","om_disable_all_campaigns":false,"_monsterinsights_skip_tracking":false,"_monsterinsights_sitenote_active":false,"_monsterinsights_sitenote_note":"","_monsterinsights_sitenote_category":0,"footnotes":"","_wpscppro_dont_share_socialmedia":false,"_wpscppro_custom_social_share_image":0,"_facebook_share_type":"default","_twitter_share_type":"default","_linkedin_share_type":"default","_pinterest_share_type":"default","_linkedin_share_type_page":"","_instagram_share_type":"default","_medium_share_type":"","_threads_share_type":"","_google_business_share_type":"","_selected_social_profile":[],"_wpsp_enable_custom_social_template":false,"_wpsp_social_scheduling":{"enabled":false,"datetime":null,"platforms":[],"status":"template_only","dateOption":"today","timeOption":"now","customDays":"","customHours":"","customDate":"","customTime":"","schedulingType":"absolute"},"_wpsp_active_default_template":true},"categories":[87],"tags":[],"class_list":["post-55966","post","type-post","status-publish","format-standard","has-post-thumbnail","hentry","category-presidentielle-2024"],"aioseo_notices":[],"yoast_head":"<!-- This site is optimized with the Yoast SEO plugin v27.5 - https:\/\/yoast.com\/product\/yoast-seo-wordpress\/ -->\n<title>Youcef Aouchiche \u00e0 Bouira: \u00ab\u00a0Soutenir les cat\u00e9gories vuln\u00e9rables\u00a0\u00bb - La Sentinelle<\/title>\n<meta name=\"robots\" content=\"index, follow, max-snippet:-1, max-image-preview:large, max-video-preview:-1\" \/>\n<link rel=\"canonical\" href=\"https:\/\/lasentinelle.dz\/index.php\/2024\/08\/20\/youcef-aouchiche-a-bouira-soutenir-les-categories-vulnerables\/\" \/>\n<meta property=\"og:locale\" content=\"fr_FR\" \/>\n<meta property=\"og:type\" content=\"article\" \/>\n<meta property=\"og:title\" content=\"Youcef Aouchiche \u00e0 Bouira: \u00ab\u00a0Soutenir les cat\u00e9gories vuln\u00e9rables\u00a0\u00bb - La Sentinelle\" \/>\n<meta property=\"og:description\" content=\"Le candidat du Front des Forces Socialistes (FFS), Youcef Aouchiche, intensifie sa campagne en mettant l&rsquo;accent sur les pr\u00e9occupations socio-\u00e9conomiques\" \/>\n<meta property=\"og:url\" content=\"https:\/\/lasentinelle.dz\/index.php\/2024\/08\/20\/youcef-aouchiche-a-bouira-soutenir-les-categories-vulnerables\/\" \/>\n<meta property=\"og:site_name\" content=\"La Sentinelle\" \/>\n<meta property=\"article:publisher\" content=\"https:\/\/www.facebook.com\/La-Sentinelle-104059864394773\" \/>\n<meta property=\"article:published_time\" content=\"2024-08-20T13:05:47+00:00\" \/>\n<meta property=\"article:modified_time\" content=\"2024-08-20T13:05:48+00:00\" \/>\n<meta property=\"og:image\" content=\"https:\/\/lasentinelle.dz\/wp-content\/uploads\/2024\/08\/aouchiche-2.jpg\" \/>\n\t<meta property=\"og:image:width\" content=\"2000\" \/>\n\t<meta property=\"og:image:height\" content=\"934\" \/>\n\t<meta property=\"og:image:type\" content=\"image\/jpeg\" \/>\n<meta name=\"author\" content=\"admin\" \/>\n<meta name=\"twitter:card\" content=\"summary_large_image\" \/>\n<meta name=\"twitter:label1\" content=\"\u00c9crit par\" \/>\n\t<meta name=\"twitter:data1\" content=\"admin\" \/>\n\t<meta name=\"twitter:label2\" content=\"Dur\u00e9e de lecture estim\u00e9e\" \/>\n\t<meta name=\"twitter:data2\" content=\"2 minutes\" \/>\n<script type=\"application\/ld+json\" class=\"yoast-schema-graph\">{\"@context\":\"https:\\\/\\\/schema.org\",\"@graph\":[{\"@type\":\"Article\",\"@id\":\"https:\\\/\\\/lasentinelle.dz\\\/index.php\\\/2024\\\/08\\\/20\\\/youcef-aouchiche-a-bouira-soutenir-les-categories-vulnerables\\\/#article\",\"isPartOf\":{\"@id\":\"https:\\\/\\\/lasentinelle.dz\\\/index.php\\\/2024\\\/08\\\/20\\\/youcef-aouchiche-a-bouira-soutenir-les-categories-vulnerables\\\/\"},\"author\":{\"name\":\"admin\",\"@id\":\"https:\\\/\\\/lasentinelle.dz\\\/#\\\/schema\\\/person\\\/729ee0024f24e0b8c5ec17232f8e8b41\"},\"headline\":\"Youcef Aouchiche \u00e0 Bouira: \u00ab\u00a0Soutenir les cat\u00e9gories vuln\u00e9rables\u00a0\u00bb\",\"datePublished\":\"2024-08-20T13:05:47+00:00\",\"dateModified\":\"2024-08-20T13:05:48+00:00\",\"mainEntityOfPage\":{\"@id\":\"https:\\\/\\\/lasentinelle.dz\\\/index.php\\\/2024\\\/08\\\/20\\\/youcef-aouchiche-a-bouira-soutenir-les-categories-vulnerables\\\/\"},\"wordCount\":355,\"commentCount\":0,\"publisher\":{\"@id\":\"https:\\\/\\\/lasentinelle.dz\\\/#organization\"},\"image\":{\"@id\":\"https:\\\/\\\/lasentinelle.dz\\\/index.php\\\/2024\\\/08\\\/20\\\/youcef-aouchiche-a-bouira-soutenir-les-categories-vulnerables\\\/#primaryimage\"},\"thumbnailUrl\":\"https:\\\/\\\/lasentinelle.dz\\\/wp-content\\\/uploads\\\/2024\\\/08\\\/aouchiche-2.jpg\",\"articleSection\":[\"Pr\u00e9sidentielle 2024\"],\"inLanguage\":\"fr-FR\",\"potentialAction\":[{\"@type\":\"CommentAction\",\"name\":\"Comment\",\"target\":[\"https:\\\/\\\/lasentinelle.dz\\\/index.php\\\/2024\\\/08\\\/20\\\/youcef-aouchiche-a-bouira-soutenir-les-categories-vulnerables\\\/#respond\"]}]},{\"@type\":\"WebPage\",\"@id\":\"https:\\\/\\\/lasentinelle.dz\\\/index.php\\\/2024\\\/08\\\/20\\\/youcef-aouchiche-a-bouira-soutenir-les-categories-vulnerables\\\/\",\"url\":\"https:\\\/\\\/lasentinelle.dz\\\/index.php\\\/2024\\\/08\\\/20\\\/youcef-aouchiche-a-bouira-soutenir-les-categories-vulnerables\\\/\",\"name\":\"Youcef Aouchiche \u00e0 Bouira: \u00ab\u00a0Soutenir les cat\u00e9gories vuln\u00e9rables\u00a0\u00bb - La Sentinelle\",\"isPartOf\":{\"@id\":\"https:\\\/\\\/lasentinelle.dz\\\/#website\"},\"primaryImageOfPage\":{\"@id\":\"https:\\\/\\\/lasentinelle.dz\\\/index.php\\\/2024\\\/08\\\/20\\\/youcef-aouchiche-a-bouira-soutenir-les-categories-vulnerables\\\/#primaryimage\"},\"image\":{\"@id\":\"https:\\\/\\\/lasentinelle.dz\\\/index.php\\\/2024\\\/08\\\/20\\\/youcef-aouchiche-a-bouira-soutenir-les-categories-vulnerables\\\/#primaryimage\"},\"thumbnailUrl\":\"https:\\\/\\\/lasentinelle.dz\\\/wp-content\\\/uploads\\\/2024\\\/08\\\/aouchiche-2.jpg\",\"datePublished\":\"2024-08-20T13:05:47+00:00\",\"dateModified\":\"2024-08-20T13:05:48+00:00\",\"breadcrumb\":{\"@id\":\"https:\\\/\\\/lasentinelle.dz\\\/index.php\\\/2024\\\/08\\\/20\\\/youcef-aouchiche-a-bouira-soutenir-les-categories-vulnerables\\\/#breadcrumb\"},\"inLanguage\":\"fr-FR\",\"potentialAction\":[{\"@type\":\"ReadAction\",\"target\":[\"https:\\\/\\\/lasentinelle.dz\\\/index.php\\\/2024\\\/08\\\/20\\\/youcef-aouchiche-a-bouira-soutenir-les-categories-vulnerables\\\/\"]}]},{\"@type\":\"ImageObject\",\"inLanguage\":\"fr-FR\",\"@id\":\"https:\\\/\\\/lasentinelle.dz\\\/index.php\\\/2024\\\/08\\\/20\\\/youcef-aouchiche-a-bouira-soutenir-les-categories-vulnerables\\\/#primaryimage\",\"url\":\"https:\\\/\\\/lasentinelle.dz\\\/wp-content\\\/uploads\\\/2024\\\/08\\\/aouchiche-2.jpg\",\"contentUrl\":\"https:\\\/\\\/lasentinelle.dz\\\/wp-content\\\/uploads\\\/2024\\\/08\\\/aouchiche-2.jpg\",\"width\":2000,\"height\":934},{\"@type\":\"BreadcrumbList\",\"@id\":\"https:\\\/\\\/lasentinelle.dz\\\/index.php\\\/2024\\\/08\\\/20\\\/youcef-aouchiche-a-bouira-soutenir-les-categories-vulnerables\\\/#breadcrumb\",\"itemListElement\":[{\"@type\":\"ListItem\",\"position\":1,\"name\":\"Accueil\",\"item\":\"https:\\\/\\\/lasentinelle.dz\\\/\"},{\"@type\":\"ListItem\",\"position\":2,\"name\":\"Youcef Aouchiche \u00e0 Bouira: \u00ab\u00a0Soutenir les cat\u00e9gories vuln\u00e9rables\u00a0\u00bb\"}]},{\"@type\":\"WebSite\",\"@id\":\"https:\\\/\\\/lasentinelle.dz\\\/#website\",\"url\":\"https:\\\/\\\/lasentinelle.dz\\\/\",\"name\":\"La Sentinelle\",\"description\":\"Quotidien national d&#039;information\",\"publisher\":{\"@id\":\"https:\\\/\\\/lasentinelle.dz\\\/#organization\"},\"potentialAction\":[{\"@type\":\"SearchAction\",\"target\":{\"@type\":\"EntryPoint\",\"urlTemplate\":\"https:\\\/\\\/lasentinelle.dz\\\/?s={search_term_string}\"},\"query-input\":{\"@type\":\"PropertyValueSpecification\",\"valueRequired\":true,\"valueName\":\"search_term_string\"}}],\"inLanguage\":\"fr-FR\"},{\"@type\":\"Organization\",\"@id\":\"https:\\\/\\\/lasentinelle.dz\\\/#organization\",\"name\":\"Quotidien La Sentinelle\",\"url\":\"https:\\\/\\\/lasentinelle.dz\\\/\",\"logo\":{\"@type\":\"ImageObject\",\"inLanguage\":\"fr-FR\",\"@id\":\"https:\\\/\\\/lasentinelle.dz\\\/#\\\/schema\\\/logo\\\/image\\\/\",\"url\":\"https:\\\/\\\/lasentinelle.dz\\\/wp-content\\\/uploads\\\/2021\\\/09\\\/logo-sentinelleSLOGAN-1.png\",\"contentUrl\":\"https:\\\/\\\/lasentinelle.dz\\\/wp-content\\\/uploads\\\/2021\\\/09\\\/logo-sentinelleSLOGAN-1.png\",\"width\":615,\"height\":142,\"caption\":\"Quotidien La Sentinelle\"},\"image\":{\"@id\":\"https:\\\/\\\/lasentinelle.dz\\\/#\\\/schema\\\/logo\\\/image\\\/\"},\"sameAs\":[\"https:\\\/\\\/www.facebook.com\\\/La-Sentinelle-104059864394773\"]},{\"@type\":\"Person\",\"@id\":\"https:\\\/\\\/lasentinelle.dz\\\/#\\\/schema\\\/person\\\/729ee0024f24e0b8c5ec17232f8e8b41\",\"name\":\"admin\",\"image\":{\"@type\":\"ImageObject\",\"inLanguage\":\"fr-FR\",\"@id\":\"https:\\\/\\\/secure.gravatar.com\\\/avatar\\\/4c81fed838786e9b53f540bf46533e750f5d292099ae3b66cfc6fb1982e29df7?s=96&d=mm&r=g\",\"url\":\"https:\\\/\\\/secure.gravatar.com\\\/avatar\\\/4c81fed838786e9b53f540bf46533e750f5d292099ae3b66cfc6fb1982e29df7?s=96&d=mm&r=g\",\"contentUrl\":\"https:\\\/\\\/secure.gravatar.com\\\/avatar\\\/4c81fed838786e9b53f540bf46533e750f5d292099ae3b66cfc6fb1982e29df7?s=96&d=mm&r=g\",\"caption\":\"admin\"},\"description\":\"admin\",\"url\":\"https:\\\/\\\/lasentinelle.dz\\\/author\\\/admin\\\/\"}]}<\/script>\n<!-- \/ Yoast SEO plugin. -->","yoast_head_json":{"title":"Youcef Aouchiche \u00e0 Bouira: \u00ab\u00a0Soutenir les cat\u00e9gories vuln\u00e9rables\u00a0\u00bb - La Sentinelle","robots":{"index":"index","follow":"follow","max-snippet":"max-snippet:-1","max-image-preview":"max-image-preview:large","max-video-preview":"max-video-preview:-1"},"canonical":"https:\/\/lasentinelle.dz\/index.php\/2024\/08\/20\/youcef-aouchiche-a-bouira-soutenir-les-categories-vulnerables\/","og_locale":"fr_FR","og_type":"article","og_title":"Youcef Aouchiche \u00e0 Bouira: \u00ab\u00a0Soutenir les cat\u00e9gories vuln\u00e9rables\u00a0\u00bb - La Sentinelle","og_description":"Le candidat du Front des Forces Socialistes (FFS), Youcef Aouchiche, intensifie sa campagne en mettant l&rsquo;accent sur les pr\u00e9occupations socio-\u00e9conomiques","og_url":"https:\/\/lasentinelle.dz\/index.php\/2024\/08\/20\/youcef-aouchiche-a-bouira-soutenir-les-categories-vulnerables\/","og_site_name":"La Sentinelle","article_publisher":"https:\/\/www.facebook.com\/La-Sentinelle-104059864394773","article_published_time":"2024-08-20T13:05:47+00:00","article_modified_time":"2024-08-20T13:05:48+00:00","og_image":[{"width":2000,"height":934,"url":"https:\/\/lasentinelle.dz\/wp-content\/uploads\/2024\/08\/aouchiche-2.jpg","type":"image\/jpeg"}],"author":"admin","twitter_card":"summary_large_image","twitter_misc":{"\u00c9crit par":"admin","Dur\u00e9e de lecture estim\u00e9e":"2 minutes"},"schema":{"@context":"https:\/\/schema.org","@graph":[{"@type":"Article","@id":"https:\/\/lasentinelle.dz\/index.php\/2024\/08\/20\/youcef-aouchiche-a-bouira-soutenir-les-categories-vulnerables\/#article","isPartOf":{"@id":"https:\/\/lasentinelle.dz\/index.php\/2024\/08\/20\/youcef-aouchiche-a-bouira-soutenir-les-categories-vulnerables\/"},"author":{"name":"admin","@id":"https:\/\/lasentinelle.dz\/#\/schema\/person\/729ee0024f24e0b8c5ec17232f8e8b41"},"headline":"Youcef Aouchiche \u00e0 Bouira: \u00ab\u00a0Soutenir les cat\u00e9gories vuln\u00e9rables\u00a0\u00bb","datePublished":"2024-08-20T13:05:47+00:00","dateModified":"2024-08-20T13:05:48+00:00","mainEntityOfPage":{"@id":"https:\/\/lasentinelle.dz\/index.php\/2024\/08\/20\/youcef-aouchiche-a-bouira-soutenir-les-categories-vulnerables\/"},"wordCount":355,"commentCount":0,"publisher":{"@id":"https:\/\/lasentinelle.dz\/#organization"},"image":{"@id":"https:\/\/lasentinelle.dz\/index.php\/2024\/08\/20\/youcef-aouchiche-a-bouira-soutenir-les-categories-vulnerables\/#primaryimage"},"thumbnailUrl":"https:\/\/lasentinelle.dz\/wp-content\/uploads\/2024\/08\/aouchiche-2.jpg","articleSection":["Pr\u00e9sidentielle 2024"],"inLanguage":"fr-FR","potentialAction":[{"@type":"CommentAction","name":"Comment","target":["https:\/\/lasentinelle.dz\/index.php\/2024\/08\/20\/youcef-aouchiche-a-bouira-soutenir-les-categories-vulnerables\/#respond"]}]},{"@type":"WebPage","@id":"https:\/\/lasentinelle.dz\/index.php\/2024\/08\/20\/youcef-aouchiche-a-bouira-soutenir-les-categories-vulnerables\/","url":"https:\/\/lasentinelle.dz\/index.php\/2024\/08\/20\/youcef-aouchiche-a-bouira-soutenir-les-categories-vulnerables\/","name":"Youcef Aouchiche \u00e0 Bouira: \u00ab\u00a0Soutenir les cat\u00e9gories vuln\u00e9rables\u00a0\u00bb - La Sentinelle","isPartOf":{"@id":"https:\/\/lasentinelle.dz\/#website"},"primaryImageOfPage":{"@id":"https:\/\/lasentinelle.dz\/index.php\/2024\/08\/20\/youcef-aouchiche-a-bouira-soutenir-les-categories-vulnerables\/#primaryimage"},"image":{"@id":"https:\/\/lasentinelle.dz\/index.php\/2024\/08\/20\/youcef-aouchiche-a-bouira-soutenir-les-categories-vulnerables\/#primaryimage"},"thumbnailUrl":"https:\/\/lasentinelle.dz\/wp-content\/uploads\/2024\/08\/aouchiche-2.jpg","datePublished":"2024-08-20T13:05:47+00:00","dateModified":"2024-08-20T13:05:48+00:00","breadcrumb":{"@id":"https:\/\/lasentinelle.dz\/index.php\/2024\/08\/20\/youcef-aouchiche-a-bouira-soutenir-les-categories-vulnerables\/#breadcrumb"},"inLanguage":"fr-FR","potentialAction":[{"@type":"ReadAction","target":["https:\/\/lasentinelle.dz\/index.php\/2024\/08\/20\/youcef-aouchiche-a-bouira-soutenir-les-categories-vulnerables\/"]}]},{"@type":"ImageObject","inLanguage":"fr-FR","@id":"https:\/\/lasentinelle.dz\/index.php\/2024\/08\/20\/youcef-aouchiche-a-bouira-soutenir-les-categories-vulnerables\/#primaryimage","url":"https:\/\/lasentinelle.dz\/wp-content\/uploads\/2024\/08\/aouchiche-2.jpg","contentUrl":"https:\/\/lasentinelle.dz\/wp-content\/uploads\/2024\/08\/aouchiche-2.jpg","width":2000,"height":934},{"@type":"BreadcrumbList","@id":"https:\/\/lasentinelle.dz\/index.php\/2024\/08\/20\/youcef-aouchiche-a-bouira-soutenir-les-categories-vulnerables\/#breadcrumb","itemListElement":[{"@type":"ListItem","position":1,"name":"Accueil","item":"https:\/\/lasentinelle.dz\/"},{"@type":"ListItem","position":2,"name":"Youcef Aouchiche \u00e0 Bouira: \u00ab\u00a0Soutenir les cat\u00e9gories vuln\u00e9rables\u00a0\u00bb"}]},{"@type":"WebSite","@id":"https:\/\/lasentinelle.dz\/#website","url":"https:\/\/lasentinelle.dz\/","name":"La Sentinelle","description":"Quotidien national d&#039;information","publisher":{"@id":"https:\/\/lasentinelle.dz\/#organization"},"potentialAction":[{"@type":"SearchAction","target":{"@type":"EntryPoint","urlTemplate":"https:\/\/lasentinelle.dz\/?s={search_term_string}"},"query-input":{"@type":"PropertyValueSpecification","valueRequired":true,"valueName":"search_term_string"}}],"inLanguage":"fr-FR"},{"@type":"Organization","@id":"https:\/\/lasentinelle.dz\/#organization","name":"Quotidien La Sentinelle","url":"https:\/\/lasentinelle.dz\/","logo":{"@type":"ImageObject","inLanguage":"fr-FR","@id":"https:\/\/lasentinelle.dz\/#\/schema\/logo\/image\/","url":"https:\/\/lasentinelle.dz\/wp-content\/uploads\/2021\/09\/logo-sentinelleSLOGAN-1.png","contentUrl":"https:\/\/lasentinelle.dz\/wp-content\/uploads\/2021\/09\/logo-sentinelleSLOGAN-1.png","width":615,"height":142,"caption":"Quotidien La Sentinelle"},"image":{"@id":"https:\/\/lasentinelle.dz\/#\/schema\/logo\/image\/"},"sameAs":["https:\/\/www.facebook.com\/La-Sentinelle-104059864394773"]},{"@type":"Person","@id":"https:\/\/lasentinelle.dz\/#\/schema\/person\/729ee0024f24e0b8c5ec17232f8e8b41","name":"admin","image":{"@type":"ImageObject","inLanguage":"fr-FR","@id":"https:\/\/secure.gravatar.com\/avatar\/4c81fed838786e9b53f540bf46533e750f5d292099ae3b66cfc6fb1982e29df7?s=96&d=mm&r=g","url":"https:\/\/secure.gravatar.com\/avatar\/4c81fed838786e9b53f540bf46533e750f5d292099ae3b66cfc6fb1982e29df7?s=96&d=mm&r=g","contentUrl":"https:\/\/secure.gravatar.com\/avatar\/4c81fed838786e9b53f540bf46533e750f5d292099ae3b66cfc6fb1982e29df7?s=96&d=mm&r=g","caption":"admin"},"description":"admin","url":"https:\/\/lasentinelle.dz\/author\/admin\/"}]}},"_links":{"self":[{"href":"https:\/\/lasentinelle.dz\/index.php\/wp-json\/wp\/v2\/posts\/55966","targetHints":{"allow":["GET"]}}],"collection":[{"href":"https:\/\/lasentinelle.dz\/index.php\/wp-json\/wp\/v2\/posts"}],"about":[{"href":"https:\/\/lasentinelle.dz\/index.php\/wp-json\/wp\/v2\/types\/post"}],"author":[{"embeddable":true,"href":"https:\/\/lasentinelle.dz\/index.php\/wp-json\/wp\/v2\/users\/6"}],"replies":[{"embeddable":true,"href":"https:\/\/lasentinelle.dz\/index.php\/wp-json\/wp\/v2\/comments?post=55966"}],"version-history":[{"count":2,"href":"https:\/\/lasentinelle.dz\/index.php\/wp-json\/wp\/v2\/posts\/55966\/revisions"}],"predecessor-version":[{"id":55969,"href":"https:\/\/lasentinelle.dz\/index.php\/wp-json\/wp\/v2\/posts\/55966\/revisions\/55969"}],"wp:featuredmedia":[{"embeddable":true,"href":"https:\/\/lasentinelle.dz\/index.php\/wp-json\/wp\/v2\/media\/55967"}],"wp:attachment":[{"href":"https:\/\/lasentinelle.dz\/index.php\/wp-json\/wp\/v2\/media?parent=55966"}],"wp:term":[{"taxonomy":"category","embeddable":true,"href":"https:\/\/lasentinelle.dz\/index.php\/wp-json\/wp\/v2\/categories?post=55966"},{"taxonomy":"post_tag","embeddable":true,"href":"https:\/\/lasentinelle.dz\/index.php\/wp-json\/wp\/v2\/tags?post=55966"}],"curies":[{"name":"wp","href":"https:\/\/api.w.org\/{rel}","templated":true}]}}