{"id":55970,"date":"2024-08-20T14:08:19","date_gmt":"2024-08-20T13:08:19","guid":{"rendered":"https:\/\/lasentinelle.dz\/?p=55970"},"modified":"2024-08-20T14:08:20","modified_gmt":"2024-08-20T13:08:20","slug":"la-direction-de-campagne-de-tebboune-reunit-11-partis","status":"publish","type":"post","link":"https:\/\/lasentinelle.dz\/index.php\/2024\/08\/20\/la-direction-de-campagne-de-tebboune-reunit-11-partis\/","title":{"rendered":"La direction de campagne de Tebboune r\u00e9unit 11 partis"},"content":{"rendered":"\n<p>La campagne pr\u00e9sidentielle bat son plein, \u00e0 l&rsquo;approche du scrutin du 7 septembre prochain. Le candidat ind\u00e9pendant et pr\u00e9sident sortant, Abdelmadjid Tebboune, voit sa direction de campagne et ses soutiens politiques accorder leurs violons, tandis que sur le terrain, les partis mettent en avant son programme et ses r\u00e9alisations. En effet, une r\u00e9union de coordination cruciale s&rsquo;est tenue entre Brahim Merad, directeur de campagne de Tebboune, et les repr\u00e9sentants de 11 partis politiques soutenant sa candidature. 11 partis qui ne comptent pas cependant les FLN, le RND, le Front El Moustakbal et le Mouvement El Bina. &nbsp;Cette rencontre visait \u00e0 harmoniser les efforts d&rsquo;animation et de mobilisation en faveur du pr\u00e9sident sortant, ainsi qu&rsquo;\u00e0 planifier les activit\u00e9s \u00e0 venir durant la campagne \u00e9lectorale.<\/p>\n\n\n\n<p>Selon un communiqu\u00e9 publi\u00e9 par la direction de campagne, l&rsquo;accent a \u00e9t\u00e9 mis sur l&rsquo;organisation de rassemblements locaux et r\u00e9gionaux, ainsi que sur des activit\u00e9s de proximit\u00e9. L&rsquo;objectif est double : promouvoir les axes du programme \u00e9lectoral de Tebboune et donner un nouvel \u00e9lan \u00e0 sa campagne. Sur le terrain, les partis soutenant Tebboune mettent en avant son programme \u00e9conomique, pr\u00e9sent\u00e9 comme une continuit\u00e9 et un approfondissement des r\u00e9formes engag\u00e9es lors de son premier mandat.<\/p>\n\n\n\n<p>Mustapha Yahi, secr\u00e9taire g\u00e9n\u00e9ral du Rassemblement national d\u00e9mocratique (RND), a d\u00e9clar\u00e9 lors d&rsquo;un meeting \u00e0 Annaba que le renouvellement de la confiance \u00e0 Tebboune lui permettrait de concr\u00e9tiser son programme \u00e9conomique. Celui-ci vise notamment \u00e0 porter le produit int\u00e9rieur brut (PIB) \u00e0 environ 400 milliards de dollars dans les deux prochaines ann\u00e9es, tout en r\u00e9duisant la d\u00e9pendance aux hydrocarbures par la diversification des investissements et des sources de revenus. Le programme de Tebboune met l&rsquo;accent sur un d\u00e9veloppement \u00e9quilibr\u00e9 entre les diff\u00e9rentes r\u00e9gions du pays. Abdelkrim Benmbarek, secr\u00e9taire g\u00e9n\u00e9ral du Front de lib\u00e9ration nationale (FLN), a soulign\u00e9 lors d&rsquo;un rassemblement \u00e0 Tizi-Ouzou que le candidat s&rsquo;engageait \u00e0 poursuivre la politique de renforcement de l&rsquo;\u00e9quilibre entre les r\u00e9gions en mati\u00e8re de d\u00e9veloppement.<\/p>\n\n\n\n<p>Cette d\u00e9marche passerait par un nouveau d\u00e9coupage administratif, dans la continuit\u00e9 de celui instaur\u00e9 durant le premier mandat de Tebboune. L&rsquo;objectif affich\u00e9 est de r\u00e9duire les in\u00e9galit\u00e9s entre les communes. Le programme pr\u00e9voit \u00e9galement une r\u00e9vision des codes communal et de wilaya pour doter les \u00e9lus locaux de plus de pr\u00e9rogatives. Les partis soutenant Tebboune insistent sur son engagement \u00e0 maintenir et poursuivre la politique sociale, \u00e0 r\u00e9duire l&rsquo;inflation et \u00e0 am\u00e9liorer le pouvoir d&rsquo;achat des citoyens. Abdelkader Bengrina, pr\u00e9sident du mouvement El-Bina, a appel\u00e9 lors d&rsquo;un meeting \u00e0 Khenchela \u00e0 voter pour Tebboune afin de \u00ab\u00a0permettre de parachever la construction de la nouvelle Alg\u00e9rie, d&rsquo;augmenter le pouvoir d&rsquo;achat, de soutenir les cat\u00e9gories vuln\u00e9rables, d&rsquo;appuyer la production agricole\u00a0\u00bb.<\/p>\n\n\n\n<p>Hocine Fadheli<\/p>\n","protected":false},"excerpt":{"rendered":"<p>La campagne pr\u00e9sidentielle bat son plein, \u00e0 l&rsquo;approche du scrutin du 7 septembre prochain. Le candidat ind\u00e9pendant et pr\u00e9sident sortant,<\/p>\n","protected":false},"author":6,"featured_media":55971,"comment_status":"open","ping_status":"closed","sticky":false,"template":"","format":"standard","meta":{"colormag_page_container_layout":"default_layout","colormag_page_sidebar_layout":"default_layout","om_disable_all_campaigns":false,"_monsterinsights_skip_tracking":false,"_monsterinsights_sitenote_active":false,"_monsterinsights_sitenote_note":"","_monsterinsights_sitenote_category":0,"footnotes":"","_wpscppro_dont_share_socialmedia":false,"_wpscppro_custom_social_share_image":0,"_facebook_share_type":"default","_twitter_share_type":"default","_linkedin_share_type":"default","_pinterest_share_type":"default","_linkedin_share_type_page":"","_instagram_share_type":"default","_medium_share_type":"","_threads_share_type":"","_google_business_share_type":"","_selected_social_profile":[],"_wpsp_enable_custom_social_template":false,"_wpsp_social_scheduling":{"enabled":false,"datetime":null,"platforms":[],"status":"template_only","dateOption":"today","timeOption":"now","customDays":"","customHours":"","customDate":"","customTime":"","schedulingType":"absolute"},"_wpsp_active_default_template":true},"categories":[87],"tags":[],"class_list":["post-55970","post","type-post","status-publish","format-standard","has-post-thumbnail","hentry","category-presidentielle-2024"],"aioseo_notices":[],"yoast_head":"<!-- This site is optimized with the Yoast SEO plugin v27.5 - https:\/\/yoast.com\/product\/yoast-seo-wordpress\/ -->\n<title>La direction de campagne de Tebboune r\u00e9unit 11 partis - La Sentinelle<\/title>\n<meta name=\"robots\" content=\"index, follow, max-snippet:-1, max-image-preview:large, max-video-preview:-1\" \/>\n<link rel=\"canonical\" href=\"https:\/\/lasentinelle.dz\/index.php\/2024\/08\/20\/la-direction-de-campagne-de-tebboune-reunit-11-partis\/\" \/>\n<meta property=\"og:locale\" content=\"fr_FR\" \/>\n<meta property=\"og:type\" content=\"article\" \/>\n<meta property=\"og:title\" content=\"La direction de campagne de Tebboune r\u00e9unit 11 partis - La Sentinelle\" \/>\n<meta property=\"og:description\" content=\"La campagne pr\u00e9sidentielle bat son plein, \u00e0 l&rsquo;approche du scrutin du 7 septembre prochain. Le candidat ind\u00e9pendant et pr\u00e9sident sortant,\" \/>\n<meta property=\"og:url\" content=\"https:\/\/lasentinelle.dz\/index.php\/2024\/08\/20\/la-direction-de-campagne-de-tebboune-reunit-11-partis\/\" \/>\n<meta property=\"og:site_name\" content=\"La Sentinelle\" \/>\n<meta property=\"article:publisher\" content=\"https:\/\/www.facebook.com\/La-Sentinelle-104059864394773\" \/>\n<meta property=\"article:published_time\" content=\"2024-08-20T13:08:19+00:00\" \/>\n<meta property=\"article:modified_time\" content=\"2024-08-20T13:08:20+00:00\" \/>\n<meta property=\"og:image\" content=\"https:\/\/lasentinelle.dz\/wp-content\/uploads\/2024\/08\/merad-1.jpg\" \/>\n\t<meta property=\"og:image:width\" content=\"1080\" \/>\n\t<meta property=\"og:image:height\" content=\"478\" \/>\n\t<meta property=\"og:image:type\" content=\"image\/jpeg\" \/>\n<meta name=\"author\" content=\"admin\" \/>\n<meta name=\"twitter:card\" content=\"summary_large_image\" \/>\n<meta name=\"twitter:label1\" content=\"\u00c9crit par\" \/>\n\t<meta name=\"twitter:data1\" content=\"admin\" \/>\n\t<meta name=\"twitter:label2\" content=\"Dur\u00e9e de lecture estim\u00e9e\" \/>\n\t<meta name=\"twitter:data2\" content=\"3 minutes\" \/>\n<script type=\"application\/ld+json\" class=\"yoast-schema-graph\">{\"@context\":\"https:\\\/\\\/schema.org\",\"@graph\":[{\"@type\":\"Article\",\"@id\":\"https:\\\/\\\/lasentinelle.dz\\\/index.php\\\/2024\\\/08\\\/20\\\/la-direction-de-campagne-de-tebboune-reunit-11-partis\\\/#article\",\"isPartOf\":{\"@id\":\"https:\\\/\\\/lasentinelle.dz\\\/index.php\\\/2024\\\/08\\\/20\\\/la-direction-de-campagne-de-tebboune-reunit-11-partis\\\/\"},\"author\":{\"name\":\"admin\",\"@id\":\"https:\\\/\\\/lasentinelle.dz\\\/#\\\/schema\\\/person\\\/729ee0024f24e0b8c5ec17232f8e8b41\"},\"headline\":\"La direction de campagne de Tebboune r\u00e9unit 11 partis\",\"datePublished\":\"2024-08-20T13:08:19+00:00\",\"dateModified\":\"2024-08-20T13:08:20+00:00\",\"mainEntityOfPage\":{\"@id\":\"https:\\\/\\\/lasentinelle.dz\\\/index.php\\\/2024\\\/08\\\/20\\\/la-direction-de-campagne-de-tebboune-reunit-11-partis\\\/\"},\"wordCount\":494,\"commentCount\":0,\"publisher\":{\"@id\":\"https:\\\/\\\/lasentinelle.dz\\\/#organization\"},\"image\":{\"@id\":\"https:\\\/\\\/lasentinelle.dz\\\/index.php\\\/2024\\\/08\\\/20\\\/la-direction-de-campagne-de-tebboune-reunit-11-partis\\\/#primaryimage\"},\"thumbnailUrl\":\"https:\\\/\\\/lasentinelle.dz\\\/wp-content\\\/uploads\\\/2024\\\/08\\\/merad-1.jpg\",\"articleSection\":[\"Pr\u00e9sidentielle 2024\"],\"inLanguage\":\"fr-FR\",\"potentialAction\":[{\"@type\":\"CommentAction\",\"name\":\"Comment\",\"target\":[\"https:\\\/\\\/lasentinelle.dz\\\/index.php\\\/2024\\\/08\\\/20\\\/la-direction-de-campagne-de-tebboune-reunit-11-partis\\\/#respond\"]}]},{\"@type\":\"WebPage\",\"@id\":\"https:\\\/\\\/lasentinelle.dz\\\/index.php\\\/2024\\\/08\\\/20\\\/la-direction-de-campagne-de-tebboune-reunit-11-partis\\\/\",\"url\":\"https:\\\/\\\/lasentinelle.dz\\\/index.php\\\/2024\\\/08\\\/20\\\/la-direction-de-campagne-de-tebboune-reunit-11-partis\\\/\",\"name\":\"La direction de campagne de Tebboune r\u00e9unit 11 partis - La Sentinelle\",\"isPartOf\":{\"@id\":\"https:\\\/\\\/lasentinelle.dz\\\/#website\"},\"primaryImageOfPage\":{\"@id\":\"https:\\\/\\\/lasentinelle.dz\\\/index.php\\\/2024\\\/08\\\/20\\\/la-direction-de-campagne-de-tebboune-reunit-11-partis\\\/#primaryimage\"},\"image\":{\"@id\":\"https:\\\/\\\/lasentinelle.dz\\\/index.php\\\/2024\\\/08\\\/20\\\/la-direction-de-campagne-de-tebboune-reunit-11-partis\\\/#primaryimage\"},\"thumbnailUrl\":\"https:\\\/\\\/lasentinelle.dz\\\/wp-content\\\/uploads\\\/2024\\\/08\\\/merad-1.jpg\",\"datePublished\":\"2024-08-20T13:08:19+00:00\",\"dateModified\":\"2024-08-20T13:08:20+00:00\",\"breadcrumb\":{\"@id\":\"https:\\\/\\\/lasentinelle.dz\\\/index.php\\\/2024\\\/08\\\/20\\\/la-direction-de-campagne-de-tebboune-reunit-11-partis\\\/#breadcrumb\"},\"inLanguage\":\"fr-FR\",\"potentialAction\":[{\"@type\":\"ReadAction\",\"target\":[\"https:\\\/\\\/lasentinelle.dz\\\/index.php\\\/2024\\\/08\\\/20\\\/la-direction-de-campagne-de-tebboune-reunit-11-partis\\\/\"]}]},{\"@type\":\"ImageObject\",\"inLanguage\":\"fr-FR\",\"@id\":\"https:\\\/\\\/lasentinelle.dz\\\/index.php\\\/2024\\\/08\\\/20\\\/la-direction-de-campagne-de-tebboune-reunit-11-partis\\\/#primaryimage\",\"url\":\"https:\\\/\\\/lasentinelle.dz\\\/wp-content\\\/uploads\\\/2024\\\/08\\\/merad-1.jpg\",\"contentUrl\":\"https:\\\/\\\/lasentinelle.dz\\\/wp-content\\\/uploads\\\/2024\\\/08\\\/merad-1.jpg\",\"width\":1080,\"height\":478},{\"@type\":\"BreadcrumbList\",\"@id\":\"https:\\\/\\\/lasentinelle.dz\\\/index.php\\\/2024\\\/08\\\/20\\\/la-direction-de-campagne-de-tebboune-reunit-11-partis\\\/#breadcrumb\",\"itemListElement\":[{\"@type\":\"ListItem\",\"position\":1,\"name\":\"Accueil\",\"item\":\"https:\\\/\\\/lasentinelle.dz\\\/\"},{\"@type\":\"ListItem\",\"position\":2,\"name\":\"La direction de campagne de Tebboune r\u00e9unit 11 partis\"}]},{\"@type\":\"WebSite\",\"@id\":\"https:\\\/\\\/lasentinelle.dz\\\/#website\",\"url\":\"https:\\\/\\\/lasentinelle.dz\\\/\",\"name\":\"La Sentinelle\",\"description\":\"Quotidien national d&#039;information\",\"publisher\":{\"@id\":\"https:\\\/\\\/lasentinelle.dz\\\/#organization\"},\"potentialAction\":[{\"@type\":\"SearchAction\",\"target\":{\"@type\":\"EntryPoint\",\"urlTemplate\":\"https:\\\/\\\/lasentinelle.dz\\\/?s={search_term_string}\"},\"query-input\":{\"@type\":\"PropertyValueSpecification\",\"valueRequired\":true,\"valueName\":\"search_term_string\"}}],\"inLanguage\":\"fr-FR\"},{\"@type\":\"Organization\",\"@id\":\"https:\\\/\\\/lasentinelle.dz\\\/#organization\",\"name\":\"Quotidien La Sentinelle\",\"url\":\"https:\\\/\\\/lasentinelle.dz\\\/\",\"logo\":{\"@type\":\"ImageObject\",\"inLanguage\":\"fr-FR\",\"@id\":\"https:\\\/\\\/lasentinelle.dz\\\/#\\\/schema\\\/logo\\\/image\\\/\",\"url\":\"https:\\\/\\\/lasentinelle.dz\\\/wp-content\\\/uploads\\\/2021\\\/09\\\/logo-sentinelleSLOGAN-1.png\",\"contentUrl\":\"https:\\\/\\\/lasentinelle.dz\\\/wp-content\\\/uploads\\\/2021\\\/09\\\/logo-sentinelleSLOGAN-1.png\",\"width\":615,\"height\":142,\"caption\":\"Quotidien La Sentinelle\"},\"image\":{\"@id\":\"https:\\\/\\\/lasentinelle.dz\\\/#\\\/schema\\\/logo\\\/image\\\/\"},\"sameAs\":[\"https:\\\/\\\/www.facebook.com\\\/La-Sentinelle-104059864394773\"]},{\"@type\":\"Person\",\"@id\":\"https:\\\/\\\/lasentinelle.dz\\\/#\\\/schema\\\/person\\\/729ee0024f24e0b8c5ec17232f8e8b41\",\"name\":\"admin\",\"image\":{\"@type\":\"ImageObject\",\"inLanguage\":\"fr-FR\",\"@id\":\"https:\\\/\\\/secure.gravatar.com\\\/avatar\\\/4c81fed838786e9b53f540bf46533e750f5d292099ae3b66cfc6fb1982e29df7?s=96&d=mm&r=g\",\"url\":\"https:\\\/\\\/secure.gravatar.com\\\/avatar\\\/4c81fed838786e9b53f540bf46533e750f5d292099ae3b66cfc6fb1982e29df7?s=96&d=mm&r=g\",\"contentUrl\":\"https:\\\/\\\/secure.gravatar.com\\\/avatar\\\/4c81fed838786e9b53f540bf46533e750f5d292099ae3b66cfc6fb1982e29df7?s=96&d=mm&r=g\",\"caption\":\"admin\"},\"description\":\"admin\",\"url\":\"https:\\\/\\\/lasentinelle.dz\\\/author\\\/admin\\\/\"}]}<\/script>\n<!-- \/ Yoast SEO plugin. -->","yoast_head_json":{"title":"La direction de campagne de Tebboune r\u00e9unit 11 partis - La Sentinelle","robots":{"index":"index","follow":"follow","max-snippet":"max-snippet:-1","max-image-preview":"max-image-preview:large","max-video-preview":"max-video-preview:-1"},"canonical":"https:\/\/lasentinelle.dz\/index.php\/2024\/08\/20\/la-direction-de-campagne-de-tebboune-reunit-11-partis\/","og_locale":"fr_FR","og_type":"article","og_title":"La direction de campagne de Tebboune r\u00e9unit 11 partis - La Sentinelle","og_description":"La campagne pr\u00e9sidentielle bat son plein, \u00e0 l&rsquo;approche du scrutin du 7 septembre prochain. Le candidat ind\u00e9pendant et pr\u00e9sident sortant,","og_url":"https:\/\/lasentinelle.dz\/index.php\/2024\/08\/20\/la-direction-de-campagne-de-tebboune-reunit-11-partis\/","og_site_name":"La Sentinelle","article_publisher":"https:\/\/www.facebook.com\/La-Sentinelle-104059864394773","article_published_time":"2024-08-20T13:08:19+00:00","article_modified_time":"2024-08-20T13:08:20+00:00","og_image":[{"width":1080,"height":478,"url":"https:\/\/lasentinelle.dz\/wp-content\/uploads\/2024\/08\/merad-1.jpg","type":"image\/jpeg"}],"author":"admin","twitter_card":"summary_large_image","twitter_misc":{"\u00c9crit par":"admin","Dur\u00e9e de lecture estim\u00e9e":"3 minutes"},"schema":{"@context":"https:\/\/schema.org","@graph":[{"@type":"Article","@id":"https:\/\/lasentinelle.dz\/index.php\/2024\/08\/20\/la-direction-de-campagne-de-tebboune-reunit-11-partis\/#article","isPartOf":{"@id":"https:\/\/lasentinelle.dz\/index.php\/2024\/08\/20\/la-direction-de-campagne-de-tebboune-reunit-11-partis\/"},"author":{"name":"admin","@id":"https:\/\/lasentinelle.dz\/#\/schema\/person\/729ee0024f24e0b8c5ec17232f8e8b41"},"headline":"La direction de campagne de Tebboune r\u00e9unit 11 partis","datePublished":"2024-08-20T13:08:19+00:00","dateModified":"2024-08-20T13:08:20+00:00","mainEntityOfPage":{"@id":"https:\/\/lasentinelle.dz\/index.php\/2024\/08\/20\/la-direction-de-campagne-de-tebboune-reunit-11-partis\/"},"wordCount":494,"commentCount":0,"publisher":{"@id":"https:\/\/lasentinelle.dz\/#organization"},"image":{"@id":"https:\/\/lasentinelle.dz\/index.php\/2024\/08\/20\/la-direction-de-campagne-de-tebboune-reunit-11-partis\/#primaryimage"},"thumbnailUrl":"https:\/\/lasentinelle.dz\/wp-content\/uploads\/2024\/08\/merad-1.jpg","articleSection":["Pr\u00e9sidentielle 2024"],"inLanguage":"fr-FR","potentialAction":[{"@type":"CommentAction","name":"Comment","target":["https:\/\/lasentinelle.dz\/index.php\/2024\/08\/20\/la-direction-de-campagne-de-tebboune-reunit-11-partis\/#respond"]}]},{"@type":"WebPage","@id":"https:\/\/lasentinelle.dz\/index.php\/2024\/08\/20\/la-direction-de-campagne-de-tebboune-reunit-11-partis\/","url":"https:\/\/lasentinelle.dz\/index.php\/2024\/08\/20\/la-direction-de-campagne-de-tebboune-reunit-11-partis\/","name":"La direction de campagne de Tebboune r\u00e9unit 11 partis - La Sentinelle","isPartOf":{"@id":"https:\/\/lasentinelle.dz\/#website"},"primaryImageOfPage":{"@id":"https:\/\/lasentinelle.dz\/index.php\/2024\/08\/20\/la-direction-de-campagne-de-tebboune-reunit-11-partis\/#primaryimage"},"image":{"@id":"https:\/\/lasentinelle.dz\/index.php\/2024\/08\/20\/la-direction-de-campagne-de-tebboune-reunit-11-partis\/#primaryimage"},"thumbnailUrl":"https:\/\/lasentinelle.dz\/wp-content\/uploads\/2024\/08\/merad-1.jpg","datePublished":"2024-08-20T13:08:19+00:00","dateModified":"2024-08-20T13:08:20+00:00","breadcrumb":{"@id":"https:\/\/lasentinelle.dz\/index.php\/2024\/08\/20\/la-direction-de-campagne-de-tebboune-reunit-11-partis\/#breadcrumb"},"inLanguage":"fr-FR","potentialAction":[{"@type":"ReadAction","target":["https:\/\/lasentinelle.dz\/index.php\/2024\/08\/20\/la-direction-de-campagne-de-tebboune-reunit-11-partis\/"]}]},{"@type":"ImageObject","inLanguage":"fr-FR","@id":"https:\/\/lasentinelle.dz\/index.php\/2024\/08\/20\/la-direction-de-campagne-de-tebboune-reunit-11-partis\/#primaryimage","url":"https:\/\/lasentinelle.dz\/wp-content\/uploads\/2024\/08\/merad-1.jpg","contentUrl":"https:\/\/lasentinelle.dz\/wp-content\/uploads\/2024\/08\/merad-1.jpg","width":1080,"height":478},{"@type":"BreadcrumbList","@id":"https:\/\/lasentinelle.dz\/index.php\/2024\/08\/20\/la-direction-de-campagne-de-tebboune-reunit-11-partis\/#breadcrumb","itemListElement":[{"@type":"ListItem","position":1,"name":"Accueil","item":"https:\/\/lasentinelle.dz\/"},{"@type":"ListItem","position":2,"name":"La direction de campagne de Tebboune r\u00e9unit 11 partis"}]},{"@type":"WebSite","@id":"https:\/\/lasentinelle.dz\/#website","url":"https:\/\/lasentinelle.dz\/","name":"La Sentinelle","description":"Quotidien national d&#039;information","publisher":{"@id":"https:\/\/lasentinelle.dz\/#organization"},"potentialAction":[{"@type":"SearchAction","target":{"@type":"EntryPoint","urlTemplate":"https:\/\/lasentinelle.dz\/?s={search_term_string}"},"query-input":{"@type":"PropertyValueSpecification","valueRequired":true,"valueName":"search_term_string"}}],"inLanguage":"fr-FR"},{"@type":"Organization","@id":"https:\/\/lasentinelle.dz\/#organization","name":"Quotidien La Sentinelle","url":"https:\/\/lasentinelle.dz\/","logo":{"@type":"ImageObject","inLanguage":"fr-FR","@id":"https:\/\/lasentinelle.dz\/#\/schema\/logo\/image\/","url":"https:\/\/lasentinelle.dz\/wp-content\/uploads\/2021\/09\/logo-sentinelleSLOGAN-1.png","contentUrl":"https:\/\/lasentinelle.dz\/wp-content\/uploads\/2021\/09\/logo-sentinelleSLOGAN-1.png","width":615,"height":142,"caption":"Quotidien La Sentinelle"},"image":{"@id":"https:\/\/lasentinelle.dz\/#\/schema\/logo\/image\/"},"sameAs":["https:\/\/www.facebook.com\/La-Sentinelle-104059864394773"]},{"@type":"Person","@id":"https:\/\/lasentinelle.dz\/#\/schema\/person\/729ee0024f24e0b8c5ec17232f8e8b41","name":"admin","image":{"@type":"ImageObject","inLanguage":"fr-FR","@id":"https:\/\/secure.gravatar.com\/avatar\/4c81fed838786e9b53f540bf46533e750f5d292099ae3b66cfc6fb1982e29df7?s=96&d=mm&r=g","url":"https:\/\/secure.gravatar.com\/avatar\/4c81fed838786e9b53f540bf46533e750f5d292099ae3b66cfc6fb1982e29df7?s=96&d=mm&r=g","contentUrl":"https:\/\/secure.gravatar.com\/avatar\/4c81fed838786e9b53f540bf46533e750f5d292099ae3b66cfc6fb1982e29df7?s=96&d=mm&r=g","caption":"admin"},"description":"admin","url":"https:\/\/lasentinelle.dz\/author\/admin\/"}]}},"_links":{"self":[{"href":"https:\/\/lasentinelle.dz\/index.php\/wp-json\/wp\/v2\/posts\/55970","targetHints":{"allow":["GET"]}}],"collection":[{"href":"https:\/\/lasentinelle.dz\/index.php\/wp-json\/wp\/v2\/posts"}],"about":[{"href":"https:\/\/lasentinelle.dz\/index.php\/wp-json\/wp\/v2\/types\/post"}],"author":[{"embeddable":true,"href":"https:\/\/lasentinelle.dz\/index.php\/wp-json\/wp\/v2\/users\/6"}],"replies":[{"embeddable":true,"href":"https:\/\/lasentinelle.dz\/index.php\/wp-json\/wp\/v2\/comments?post=55970"}],"version-history":[{"count":1,"href":"https:\/\/lasentinelle.dz\/index.php\/wp-json\/wp\/v2\/posts\/55970\/revisions"}],"predecessor-version":[{"id":55972,"href":"https:\/\/lasentinelle.dz\/index.php\/wp-json\/wp\/v2\/posts\/55970\/revisions\/55972"}],"wp:featuredmedia":[{"embeddable":true,"href":"https:\/\/lasentinelle.dz\/index.php\/wp-json\/wp\/v2\/media\/55971"}],"wp:attachment":[{"href":"https:\/\/lasentinelle.dz\/index.php\/wp-json\/wp\/v2\/media?parent=55970"}],"wp:term":[{"taxonomy":"category","embeddable":true,"href":"https:\/\/lasentinelle.dz\/index.php\/wp-json\/wp\/v2\/categories?post=55970"},{"taxonomy":"post_tag","embeddable":true,"href":"https:\/\/lasentinelle.dz\/index.php\/wp-json\/wp\/v2\/tags?post=55970"}],"curies":[{"name":"wp","href":"https:\/\/api.w.org\/{rel}","templated":true}]}}