{"id":55973,"date":"2024-08-20T14:10:05","date_gmt":"2024-08-20T13:10:05","guid":{"rendered":"https:\/\/lasentinelle.dz\/?p=55973"},"modified":"2024-08-20T14:10:05","modified_gmt":"2024-08-20T13:10:05","slug":"les-programmes-electoraux-consacrent-une-part-importante-au-volet-economique-ce-que-proposent-les-candidats","status":"publish","type":"post","link":"https:\/\/lasentinelle.dz\/index.php\/2024\/08\/20\/les-programmes-electoraux-consacrent-une-part-importante-au-volet-economique-ce-que-proposent-les-candidats\/","title":{"rendered":"Les programmes \u00e9lectoraux consacrent une part importante au volet \u00e9conomique: Ce que proposent les candidats"},"content":{"rendered":"\n<p>Les trois candidats aux \u00e9lections pr\u00e9sidentielles du 07 septembre prochain ont consacr\u00e9 une partie importante de leur programme \u00e9lectoral au volet \u00e9conomique, qui rev\u00eat un caract\u00e8re strat\u00e9gique dans le processus de d\u00e9veloppement d\u2019un pays.<\/p>\n\n\n\n<p>Les trois candidats, en l\u2019occurrence, Youcef Aouchiche, Abdelaali Hassani et Abdelmdajid Tebboune se sont engag\u00e9s \u00e0 pr\u00e9server le caract\u00e8re social conform\u00e9ment \u00e0 la D\u00e9claration du 1er novembre 1954.<\/p>\n\n\n\n<p><strong>Tebboune : atteindre un PIB de 400 milliards USD<\/strong><\/p>\n\n\n\n<p>Ainsi, le candidat ind\u00e9pendant, M. Abdelmadjid Tebboune a indiqu\u00e9 que son programme \u00e9lectoral sera consacr\u00e9 au parach\u00e8vement des r\u00e9alisations et aux efforts visant \u00e0 mener l\u2019Alg\u00e9rie \u00e0 bon port, affirmant que son deuxi\u00e8me mandat-s\u2019il est \u00e9lu- sera d\u00e9di\u00e9 par excellence \u00e0 l\u2019\u00e9conomie \u00e0 travers plusieurs mesures, dont la r\u00e9duction de l&rsquo;importation de certains produits de consommation comme le bl\u00e9 dur, l&rsquo;orge et le ma\u00efs, l&rsquo;exploitation de la mine de Gara Djebilet et l&rsquo;augmentation des recettes du pays en devises. Autrement dit, il sera consacr\u00e9 au parach\u00e8vement de ses mesures \u00e9conomiques et sociales \u00e9num\u00e9r\u00e9es dans ses 54 engagements \u00e9lectoraux et consolider davantage \u201c les indicateurs positifs r\u00e9alis\u00e9s par l\u2019Alg\u00e9rie en mati\u00e8re \u00e9conomique au cours des derni\u00e8res ann\u00e9es la pr\u00e9paraient \u00e0 rejoindre les \u00e9conomies des pays \u00e9mergents\u201d, pr\u00e9cisant que \u00ab tout ce que nous avons r\u00e9alis\u00e9 \u00e9tait un premier jalon pour que notre \u00e9conomie devienne v\u00e9ritablement celle d\u2019un pays \u00e9mergent \u00bb.<\/p>\n\n\n\n<p>Le candidat ind\u00e9pendant Abdelmadjid Tebboune a r\u00e9it\u00e9r\u00e9, \u00e9galement, son engagement visant \u00e0 permettre \u00e0 l\u2019Alg\u00e9rie d\u2019atteindre un PIB de 400 milliards de dollars\/an \u00e0 l\u2019horizon 2027 et tous les indicateurs annonc\u00e9s sont r\u00e9els et reconnus par les institutions internationales, notamment la Banque mondiale et le Fonds mon\u00e9taire international.<\/p>\n\n\n\n<p>Ces indicateurs sont perceptibles, selon lui, \u00e0 travers l\u2019augmentation des recettes et la r\u00e9cup\u00e9ration r\u00e9cup\u00e9r\u00e9 des fonds dilapid\u00e9s estim\u00e9s en milliards de dollars, l\u2019enregistrement de milliers d\u2019investissements aupr\u00e8s de l\u2019Agence alg\u00e9rienne de promotion de l\u2019investissement (AAPI), l\u2019augmentation de la valeur des exportations hors hydrocarbures et la suspension des importations de plusieurs produits, notamment des mat\u00e9riaux de construction qui faisaient augmenter le co\u00fbt des logements r\u00e9alis\u00e9s.<\/p>\n\n\n\n<p>En ce qui concerne le dossier du logement, M. Abdelmadjid Tebboune a r\u00e9affirm\u00e9 l\u2019engagement de l\u2019Etat \u00e0 assurer un logement d\u00e9cent aux citoyens \u00e0 travers notamment la construction de 2 millions de logements toutes formules confondues, en \u00e9liminant progressivement l\u2019habitat pr\u00e9caire qui subsiste, rappelant la disponibilit\u00e9 des capacit\u00e9s financi\u00e8res pour la concr\u00e9tisation des programmes annonc\u00e9s.<\/p>\n\n\n\n<p><strong>Aouchiche : Une nouvelle \u00ab\u00a0vision\u00a0\u00bb<\/strong><\/p>\n\n\n\n<p>Pour sa part, le candidat du Front des forces socialistes (FFS), Youcef Aouchiche, a pr\u00e9vu dans son programme \u00e9lectoral intitul\u00e9 \u00ab\u00a0vision\u201d, \u00ab\u00a0un projet national d\u00e9mocratique couvrant les domaines politique, \u00e9conomique, social et culturel et consacrant l&rsquo;Etat social d\u00e9mocratique conform\u00e9ment \u00e0 la D\u00e9claration du 1er Novembre 1954 et l&rsquo;am\u00e9lioration du pouvoir d&rsquo;achat des citoyens\u00a0\u00bb. &nbsp;Le candidat du FFS s&rsquo;engage \u00e0 porter le Salaire national minimum garanti (SNMG) \u00e0 40.000 DA, d&rsquo;annuler l&rsquo;imp\u00f4t sur le revenu g\u00e9n\u00e9ral (IRG) pour les salaires inf\u00e9rieurs \u00e0 50.000 DA et de plafonner les prix des denr\u00e9es alimentaires, proposant \u00ab\u00a0une vision globale pour sortir de la politique de la rente \u00e0 travers la diversification de l&rsquo;\u00e9conomie, l&rsquo;am\u00e9lioration du climat des affaires, la modernisation du syst\u00e8me bancaire et financier et l&rsquo;\u00e9limination du march\u00e9 parall\u00e8le\u00a0\u00bb. &nbsp;Continuant sur sa lanc\u00e9e, Youcef Aouchiche s\u2019engage, \u00e9galement, \u00e0 prendre des mesures concernant la souverainet\u00e9 alimentaire, la planification agricole, la production animale et la gestion du foncier agricole, dont la cr\u00e9ation d&rsquo;une agence nationale de la s\u00e9curit\u00e9 alimentaire, tout en plaidant en faveur de l\u2019adoption d\u2019une strat\u00e9gie nationale de cybers\u00e9curit\u00e9 et l\u2019int\u00e9gration des sp\u00e9cialistes dans la protection des donn\u00e9es dans les administrations et la fonction publique ainsi que l\u2019acc\u00e9l\u00e9ration de la mise en place d\u2019un DATA CENTER national s\u00e9curis\u00e9. &nbsp;N\u00e9anmoins, le candidat du FFS ne d\u00e9termine explicitement la nature du mod\u00e8le \u00e9conomique qu\u2019il propose pour sortir de notre pays de sa d\u00e9pendance des hydrocarbures.<\/p>\n\n\n\n<p><strong>Hassani Cherif : Un programme en 5 axes<\/strong><\/p>\n\n\n\n<p>Quant au candidat du Mouvement de la soci\u00e9t\u00e9 pour la paix (MSP), M. Abdelaali Hassani Cherif dont le programme \u00e9lectoral est baptis\u00e9 \u00ab\u00a0Opportunit\u00e9\u00a0\u00bb (Forsa) \u00ab\u00a0, il propose notamment de cristalliser une vision de d\u00e9veloppement global et durable capable de mobiliser les capacit\u00e9s humaines et mat\u00e9rielles, d&rsquo;atteindre l&rsquo;autosuffisance, de renforcer la structure de la soci\u00e9t\u00e9 et d&rsquo;associer tous les alg\u00e9riens au d\u00e9veloppement et \u00e0 la prosp\u00e9rit\u00e9 du pays. Le plan pour la r\u00e9alisation de ce programme comprend, selon lui, cinq priorit\u00e9s notamment la r\u00e9forme du syst\u00e8me politique, l&rsquo;\u00e9tablissement d&rsquo;un partenariat politique, la r\u00e9alisation d&rsquo;une r\u00e9forme constitutionnelle, l\u00e9gislative et institutionnelle et l&rsquo;adoption de l&rsquo;administration \u00e9lectronique, pr\u00e9cisant au passage que son programme visait \u00e9galement \u00e0 mettre en place un mod\u00e8le \u00e9conomique et social de solidarit\u00e9, bas\u00e9 essentiellement sur la protection du front social, l&rsquo;am\u00e9lioration du pouvoir d&rsquo;achat, de r\u00e9aliser le d\u00e9veloppement et l\u2019\u00e9quilibre dans la distribution des richesses et de concr\u00e9tiser la justice sociale entre tous les alg\u00e9riens. &nbsp;Le pr\u00e9sident du MSP, Abdelaali Hassani Cherif a soutenu que son programme \u00e9lectoral portait une vision \u00e9conomique prometteuse, sans pour autant pr\u00e9ciser la nature de cette vision, relevant que la r\u00e9vision du code communal et de wilaya permettra aux collectivit\u00e9s locales de jouer un r\u00f4le central dans le d\u00e9veloppement national, rappelant les atouts naturels dont dispose cette commune, qui n\u00e9cessite un accompagnement pour r\u00e9pondre aux aspirations de ses habitants.<\/p>\n\n\n\n<p>Hakim Aomar<\/p>\n","protected":false},"excerpt":{"rendered":"<p>Les trois candidats aux \u00e9lections pr\u00e9sidentielles du 07 septembre prochain ont consacr\u00e9 une partie importante de leur programme \u00e9lectoral au<\/p>\n","protected":false},"author":6,"featured_media":54908,"comment_status":"open","ping_status":"closed","sticky":false,"template":"","format":"standard","meta":{"colormag_page_container_layout":"default_layout","colormag_page_sidebar_layout":"default_layout","om_disable_all_campaigns":false,"_monsterinsights_skip_tracking":false,"_monsterinsights_sitenote_active":false,"_monsterinsights_sitenote_note":"","_monsterinsights_sitenote_category":0,"footnotes":"","_wpscppro_dont_share_socialmedia":false,"_wpscppro_custom_social_share_image":0,"_facebook_share_type":"default","_twitter_share_type":"default","_linkedin_share_type":"default","_pinterest_share_type":"default","_linkedin_share_type_page":"","_instagram_share_type":"default","_medium_share_type":"","_threads_share_type":"","_google_business_share_type":"","_selected_social_profile":[],"_wpsp_enable_custom_social_template":false,"_wpsp_social_scheduling":{"enabled":false,"datetime":null,"platforms":[],"status":"template_only","dateOption":"today","timeOption":"now","customDays":"","customHours":"","customDate":"","customTime":"","schedulingType":"absolute"},"_wpsp_active_default_template":true},"categories":[52,87],"tags":[],"class_list":["post-55973","post","type-post","status-publish","format-standard","has-post-thumbnail","hentry","category-a-la-une","category-presidentielle-2024"],"aioseo_notices":[],"yoast_head":"<!-- This site is optimized with the Yoast SEO plugin v27.5 - https:\/\/yoast.com\/product\/yoast-seo-wordpress\/ -->\n<title>Les programmes \u00e9lectoraux consacrent une part importante au volet \u00e9conomique: Ce que proposent les candidats - La Sentinelle<\/title>\n<meta name=\"robots\" content=\"index, follow, max-snippet:-1, max-image-preview:large, max-video-preview:-1\" \/>\n<link rel=\"canonical\" href=\"https:\/\/lasentinelle.dz\/index.php\/2024\/08\/20\/les-programmes-electoraux-consacrent-une-part-importante-au-volet-economique-ce-que-proposent-les-candidats\/\" \/>\n<meta property=\"og:locale\" content=\"fr_FR\" \/>\n<meta property=\"og:type\" content=\"article\" \/>\n<meta property=\"og:title\" content=\"Les programmes \u00e9lectoraux consacrent une part importante au volet \u00e9conomique: Ce que proposent les candidats - La Sentinelle\" \/>\n<meta property=\"og:description\" content=\"Les trois candidats aux \u00e9lections pr\u00e9sidentielles du 07 septembre prochain ont consacr\u00e9 une partie importante de leur programme \u00e9lectoral au\" \/>\n<meta property=\"og:url\" content=\"https:\/\/lasentinelle.dz\/index.php\/2024\/08\/20\/les-programmes-electoraux-consacrent-une-part-importante-au-volet-economique-ce-que-proposent-les-candidats\/\" \/>\n<meta property=\"og:site_name\" content=\"La Sentinelle\" \/>\n<meta property=\"article:publisher\" content=\"https:\/\/www.facebook.com\/La-Sentinelle-104059864394773\" \/>\n<meta property=\"article:published_time\" content=\"2024-08-20T13:10:05+00:00\" \/>\n<meta property=\"og:image\" content=\"https:\/\/lasentinelle.dz\/wp-content\/uploads\/2024\/07\/candidats.jpeg\" \/>\n\t<meta property=\"og:image:width\" content=\"1701\" \/>\n\t<meta property=\"og:image:height\" content=\"1200\" \/>\n\t<meta property=\"og:image:type\" content=\"image\/jpeg\" \/>\n<meta name=\"author\" content=\"admin\" \/>\n<meta name=\"twitter:card\" content=\"summary_large_image\" \/>\n<meta name=\"twitter:label1\" content=\"\u00c9crit par\" \/>\n\t<meta name=\"twitter:data1\" content=\"admin\" \/>\n\t<meta name=\"twitter:label2\" content=\"Dur\u00e9e de lecture estim\u00e9e\" \/>\n\t<meta name=\"twitter:data2\" content=\"5 minutes\" \/>\n<script type=\"application\/ld+json\" class=\"yoast-schema-graph\">{\"@context\":\"https:\\\/\\\/schema.org\",\"@graph\":[{\"@type\":\"Article\",\"@id\":\"https:\\\/\\\/lasentinelle.dz\\\/index.php\\\/2024\\\/08\\\/20\\\/les-programmes-electoraux-consacrent-une-part-importante-au-volet-economique-ce-que-proposent-les-candidats\\\/#article\",\"isPartOf\":{\"@id\":\"https:\\\/\\\/lasentinelle.dz\\\/index.php\\\/2024\\\/08\\\/20\\\/les-programmes-electoraux-consacrent-une-part-importante-au-volet-economique-ce-que-proposent-les-candidats\\\/\"},\"author\":{\"name\":\"admin\",\"@id\":\"https:\\\/\\\/lasentinelle.dz\\\/#\\\/schema\\\/person\\\/729ee0024f24e0b8c5ec17232f8e8b41\"},\"headline\":\"Les programmes \u00e9lectoraux consacrent une part importante au volet \u00e9conomique: Ce que proposent les candidats\",\"datePublished\":\"2024-08-20T13:10:05+00:00\",\"mainEntityOfPage\":{\"@id\":\"https:\\\/\\\/lasentinelle.dz\\\/index.php\\\/2024\\\/08\\\/20\\\/les-programmes-electoraux-consacrent-une-part-importante-au-volet-economique-ce-que-proposent-les-candidats\\\/\"},\"wordCount\":1005,\"commentCount\":0,\"publisher\":{\"@id\":\"https:\\\/\\\/lasentinelle.dz\\\/#organization\"},\"image\":{\"@id\":\"https:\\\/\\\/lasentinelle.dz\\\/index.php\\\/2024\\\/08\\\/20\\\/les-programmes-electoraux-consacrent-une-part-importante-au-volet-economique-ce-que-proposent-les-candidats\\\/#primaryimage\"},\"thumbnailUrl\":\"https:\\\/\\\/lasentinelle.dz\\\/wp-content\\\/uploads\\\/2024\\\/07\\\/candidats.jpeg\",\"articleSection\":[\"\u00c0 la Une\",\"Pr\u00e9sidentielle 2024\"],\"inLanguage\":\"fr-FR\",\"potentialAction\":[{\"@type\":\"CommentAction\",\"name\":\"Comment\",\"target\":[\"https:\\\/\\\/lasentinelle.dz\\\/index.php\\\/2024\\\/08\\\/20\\\/les-programmes-electoraux-consacrent-une-part-importante-au-volet-economique-ce-que-proposent-les-candidats\\\/#respond\"]}]},{\"@type\":\"WebPage\",\"@id\":\"https:\\\/\\\/lasentinelle.dz\\\/index.php\\\/2024\\\/08\\\/20\\\/les-programmes-electoraux-consacrent-une-part-importante-au-volet-economique-ce-que-proposent-les-candidats\\\/\",\"url\":\"https:\\\/\\\/lasentinelle.dz\\\/index.php\\\/2024\\\/08\\\/20\\\/les-programmes-electoraux-consacrent-une-part-importante-au-volet-economique-ce-que-proposent-les-candidats\\\/\",\"name\":\"Les programmes \u00e9lectoraux consacrent une part importante au volet \u00e9conomique: Ce que proposent les candidats - La Sentinelle\",\"isPartOf\":{\"@id\":\"https:\\\/\\\/lasentinelle.dz\\\/#website\"},\"primaryImageOfPage\":{\"@id\":\"https:\\\/\\\/lasentinelle.dz\\\/index.php\\\/2024\\\/08\\\/20\\\/les-programmes-electoraux-consacrent-une-part-importante-au-volet-economique-ce-que-proposent-les-candidats\\\/#primaryimage\"},\"image\":{\"@id\":\"https:\\\/\\\/lasentinelle.dz\\\/index.php\\\/2024\\\/08\\\/20\\\/les-programmes-electoraux-consacrent-une-part-importante-au-volet-economique-ce-que-proposent-les-candidats\\\/#primaryimage\"},\"thumbnailUrl\":\"https:\\\/\\\/lasentinelle.dz\\\/wp-content\\\/uploads\\\/2024\\\/07\\\/candidats.jpeg\",\"datePublished\":\"2024-08-20T13:10:05+00:00\",\"breadcrumb\":{\"@id\":\"https:\\\/\\\/lasentinelle.dz\\\/index.php\\\/2024\\\/08\\\/20\\\/les-programmes-electoraux-consacrent-une-part-importante-au-volet-economique-ce-que-proposent-les-candidats\\\/#breadcrumb\"},\"inLanguage\":\"fr-FR\",\"potentialAction\":[{\"@type\":\"ReadAction\",\"target\":[\"https:\\\/\\\/lasentinelle.dz\\\/index.php\\\/2024\\\/08\\\/20\\\/les-programmes-electoraux-consacrent-une-part-importante-au-volet-economique-ce-que-proposent-les-candidats\\\/\"]}]},{\"@type\":\"ImageObject\",\"inLanguage\":\"fr-FR\",\"@id\":\"https:\\\/\\\/lasentinelle.dz\\\/index.php\\\/2024\\\/08\\\/20\\\/les-programmes-electoraux-consacrent-une-part-importante-au-volet-economique-ce-que-proposent-les-candidats\\\/#primaryimage\",\"url\":\"https:\\\/\\\/lasentinelle.dz\\\/wp-content\\\/uploads\\\/2024\\\/07\\\/candidats.jpeg\",\"contentUrl\":\"https:\\\/\\\/lasentinelle.dz\\\/wp-content\\\/uploads\\\/2024\\\/07\\\/candidats.jpeg\",\"width\":1701,\"height\":1200},{\"@type\":\"BreadcrumbList\",\"@id\":\"https:\\\/\\\/lasentinelle.dz\\\/index.php\\\/2024\\\/08\\\/20\\\/les-programmes-electoraux-consacrent-une-part-importante-au-volet-economique-ce-que-proposent-les-candidats\\\/#breadcrumb\",\"itemListElement\":[{\"@type\":\"ListItem\",\"position\":1,\"name\":\"Accueil\",\"item\":\"https:\\\/\\\/lasentinelle.dz\\\/\"},{\"@type\":\"ListItem\",\"position\":2,\"name\":\"Les programmes \u00e9lectoraux consacrent une part importante au volet \u00e9conomique: Ce que proposent les candidats\"}]},{\"@type\":\"WebSite\",\"@id\":\"https:\\\/\\\/lasentinelle.dz\\\/#website\",\"url\":\"https:\\\/\\\/lasentinelle.dz\\\/\",\"name\":\"La Sentinelle\",\"description\":\"Quotidien national d&#039;information\",\"publisher\":{\"@id\":\"https:\\\/\\\/lasentinelle.dz\\\/#organization\"},\"potentialAction\":[{\"@type\":\"SearchAction\",\"target\":{\"@type\":\"EntryPoint\",\"urlTemplate\":\"https:\\\/\\\/lasentinelle.dz\\\/?s={search_term_string}\"},\"query-input\":{\"@type\":\"PropertyValueSpecification\",\"valueRequired\":true,\"valueName\":\"search_term_string\"}}],\"inLanguage\":\"fr-FR\"},{\"@type\":\"Organization\",\"@id\":\"https:\\\/\\\/lasentinelle.dz\\\/#organization\",\"name\":\"Quotidien La Sentinelle\",\"url\":\"https:\\\/\\\/lasentinelle.dz\\\/\",\"logo\":{\"@type\":\"ImageObject\",\"inLanguage\":\"fr-FR\",\"@id\":\"https:\\\/\\\/lasentinelle.dz\\\/#\\\/schema\\\/logo\\\/image\\\/\",\"url\":\"https:\\\/\\\/lasentinelle.dz\\\/wp-content\\\/uploads\\\/2021\\\/09\\\/logo-sentinelleSLOGAN-1.png\",\"contentUrl\":\"https:\\\/\\\/lasentinelle.dz\\\/wp-content\\\/uploads\\\/2021\\\/09\\\/logo-sentinelleSLOGAN-1.png\",\"width\":615,\"height\":142,\"caption\":\"Quotidien La Sentinelle\"},\"image\":{\"@id\":\"https:\\\/\\\/lasentinelle.dz\\\/#\\\/schema\\\/logo\\\/image\\\/\"},\"sameAs\":[\"https:\\\/\\\/www.facebook.com\\\/La-Sentinelle-104059864394773\"]},{\"@type\":\"Person\",\"@id\":\"https:\\\/\\\/lasentinelle.dz\\\/#\\\/schema\\\/person\\\/729ee0024f24e0b8c5ec17232f8e8b41\",\"name\":\"admin\",\"image\":{\"@type\":\"ImageObject\",\"inLanguage\":\"fr-FR\",\"@id\":\"https:\\\/\\\/secure.gravatar.com\\\/avatar\\\/4c81fed838786e9b53f540bf46533e750f5d292099ae3b66cfc6fb1982e29df7?s=96&d=mm&r=g\",\"url\":\"https:\\\/\\\/secure.gravatar.com\\\/avatar\\\/4c81fed838786e9b53f540bf46533e750f5d292099ae3b66cfc6fb1982e29df7?s=96&d=mm&r=g\",\"contentUrl\":\"https:\\\/\\\/secure.gravatar.com\\\/avatar\\\/4c81fed838786e9b53f540bf46533e750f5d292099ae3b66cfc6fb1982e29df7?s=96&d=mm&r=g\",\"caption\":\"admin\"},\"description\":\"admin\",\"url\":\"https:\\\/\\\/lasentinelle.dz\\\/author\\\/admin\\\/\"}]}<\/script>\n<!-- \/ Yoast SEO plugin. -->","yoast_head_json":{"title":"Les programmes \u00e9lectoraux consacrent une part importante au volet \u00e9conomique: Ce que proposent les candidats - La Sentinelle","robots":{"index":"index","follow":"follow","max-snippet":"max-snippet:-1","max-image-preview":"max-image-preview:large","max-video-preview":"max-video-preview:-1"},"canonical":"https:\/\/lasentinelle.dz\/index.php\/2024\/08\/20\/les-programmes-electoraux-consacrent-une-part-importante-au-volet-economique-ce-que-proposent-les-candidats\/","og_locale":"fr_FR","og_type":"article","og_title":"Les programmes \u00e9lectoraux consacrent une part importante au volet \u00e9conomique: Ce que proposent les candidats - La Sentinelle","og_description":"Les trois candidats aux \u00e9lections pr\u00e9sidentielles du 07 septembre prochain ont consacr\u00e9 une partie importante de leur programme \u00e9lectoral au","og_url":"https:\/\/lasentinelle.dz\/index.php\/2024\/08\/20\/les-programmes-electoraux-consacrent-une-part-importante-au-volet-economique-ce-que-proposent-les-candidats\/","og_site_name":"La Sentinelle","article_publisher":"https:\/\/www.facebook.com\/La-Sentinelle-104059864394773","article_published_time":"2024-08-20T13:10:05+00:00","og_image":[{"width":1701,"height":1200,"url":"https:\/\/lasentinelle.dz\/wp-content\/uploads\/2024\/07\/candidats.jpeg","type":"image\/jpeg"}],"author":"admin","twitter_card":"summary_large_image","twitter_misc":{"\u00c9crit par":"admin","Dur\u00e9e de lecture estim\u00e9e":"5 minutes"},"schema":{"@context":"https:\/\/schema.org","@graph":[{"@type":"Article","@id":"https:\/\/lasentinelle.dz\/index.php\/2024\/08\/20\/les-programmes-electoraux-consacrent-une-part-importante-au-volet-economique-ce-que-proposent-les-candidats\/#article","isPartOf":{"@id":"https:\/\/lasentinelle.dz\/index.php\/2024\/08\/20\/les-programmes-electoraux-consacrent-une-part-importante-au-volet-economique-ce-que-proposent-les-candidats\/"},"author":{"name":"admin","@id":"https:\/\/lasentinelle.dz\/#\/schema\/person\/729ee0024f24e0b8c5ec17232f8e8b41"},"headline":"Les programmes \u00e9lectoraux consacrent une part importante au volet \u00e9conomique: Ce que proposent les candidats","datePublished":"2024-08-20T13:10:05+00:00","mainEntityOfPage":{"@id":"https:\/\/lasentinelle.dz\/index.php\/2024\/08\/20\/les-programmes-electoraux-consacrent-une-part-importante-au-volet-economique-ce-que-proposent-les-candidats\/"},"wordCount":1005,"commentCount":0,"publisher":{"@id":"https:\/\/lasentinelle.dz\/#organization"},"image":{"@id":"https:\/\/lasentinelle.dz\/index.php\/2024\/08\/20\/les-programmes-electoraux-consacrent-une-part-importante-au-volet-economique-ce-que-proposent-les-candidats\/#primaryimage"},"thumbnailUrl":"https:\/\/lasentinelle.dz\/wp-content\/uploads\/2024\/07\/candidats.jpeg","articleSection":["\u00c0 la Une","Pr\u00e9sidentielle 2024"],"inLanguage":"fr-FR","potentialAction":[{"@type":"CommentAction","name":"Comment","target":["https:\/\/lasentinelle.dz\/index.php\/2024\/08\/20\/les-programmes-electoraux-consacrent-une-part-importante-au-volet-economique-ce-que-proposent-les-candidats\/#respond"]}]},{"@type":"WebPage","@id":"https:\/\/lasentinelle.dz\/index.php\/2024\/08\/20\/les-programmes-electoraux-consacrent-une-part-importante-au-volet-economique-ce-que-proposent-les-candidats\/","url":"https:\/\/lasentinelle.dz\/index.php\/2024\/08\/20\/les-programmes-electoraux-consacrent-une-part-importante-au-volet-economique-ce-que-proposent-les-candidats\/","name":"Les programmes \u00e9lectoraux consacrent une part importante au volet \u00e9conomique: Ce que proposent les candidats - La Sentinelle","isPartOf":{"@id":"https:\/\/lasentinelle.dz\/#website"},"primaryImageOfPage":{"@id":"https:\/\/lasentinelle.dz\/index.php\/2024\/08\/20\/les-programmes-electoraux-consacrent-une-part-importante-au-volet-economique-ce-que-proposent-les-candidats\/#primaryimage"},"image":{"@id":"https:\/\/lasentinelle.dz\/index.php\/2024\/08\/20\/les-programmes-electoraux-consacrent-une-part-importante-au-volet-economique-ce-que-proposent-les-candidats\/#primaryimage"},"thumbnailUrl":"https:\/\/lasentinelle.dz\/wp-content\/uploads\/2024\/07\/candidats.jpeg","datePublished":"2024-08-20T13:10:05+00:00","breadcrumb":{"@id":"https:\/\/lasentinelle.dz\/index.php\/2024\/08\/20\/les-programmes-electoraux-consacrent-une-part-importante-au-volet-economique-ce-que-proposent-les-candidats\/#breadcrumb"},"inLanguage":"fr-FR","potentialAction":[{"@type":"ReadAction","target":["https:\/\/lasentinelle.dz\/index.php\/2024\/08\/20\/les-programmes-electoraux-consacrent-une-part-importante-au-volet-economique-ce-que-proposent-les-candidats\/"]}]},{"@type":"ImageObject","inLanguage":"fr-FR","@id":"https:\/\/lasentinelle.dz\/index.php\/2024\/08\/20\/les-programmes-electoraux-consacrent-une-part-importante-au-volet-economique-ce-que-proposent-les-candidats\/#primaryimage","url":"https:\/\/lasentinelle.dz\/wp-content\/uploads\/2024\/07\/candidats.jpeg","contentUrl":"https:\/\/lasentinelle.dz\/wp-content\/uploads\/2024\/07\/candidats.jpeg","width":1701,"height":1200},{"@type":"BreadcrumbList","@id":"https:\/\/lasentinelle.dz\/index.php\/2024\/08\/20\/les-programmes-electoraux-consacrent-une-part-importante-au-volet-economique-ce-que-proposent-les-candidats\/#breadcrumb","itemListElement":[{"@type":"ListItem","position":1,"name":"Accueil","item":"https:\/\/lasentinelle.dz\/"},{"@type":"ListItem","position":2,"name":"Les programmes \u00e9lectoraux consacrent une part importante au volet \u00e9conomique: Ce que proposent les candidats"}]},{"@type":"WebSite","@id":"https:\/\/lasentinelle.dz\/#website","url":"https:\/\/lasentinelle.dz\/","name":"La Sentinelle","description":"Quotidien national d&#039;information","publisher":{"@id":"https:\/\/lasentinelle.dz\/#organization"},"potentialAction":[{"@type":"SearchAction","target":{"@type":"EntryPoint","urlTemplate":"https:\/\/lasentinelle.dz\/?s={search_term_string}"},"query-input":{"@type":"PropertyValueSpecification","valueRequired":true,"valueName":"search_term_string"}}],"inLanguage":"fr-FR"},{"@type":"Organization","@id":"https:\/\/lasentinelle.dz\/#organization","name":"Quotidien La Sentinelle","url":"https:\/\/lasentinelle.dz\/","logo":{"@type":"ImageObject","inLanguage":"fr-FR","@id":"https:\/\/lasentinelle.dz\/#\/schema\/logo\/image\/","url":"https:\/\/lasentinelle.dz\/wp-content\/uploads\/2021\/09\/logo-sentinelleSLOGAN-1.png","contentUrl":"https:\/\/lasentinelle.dz\/wp-content\/uploads\/2021\/09\/logo-sentinelleSLOGAN-1.png","width":615,"height":142,"caption":"Quotidien La Sentinelle"},"image":{"@id":"https:\/\/lasentinelle.dz\/#\/schema\/logo\/image\/"},"sameAs":["https:\/\/www.facebook.com\/La-Sentinelle-104059864394773"]},{"@type":"Person","@id":"https:\/\/lasentinelle.dz\/#\/schema\/person\/729ee0024f24e0b8c5ec17232f8e8b41","name":"admin","image":{"@type":"ImageObject","inLanguage":"fr-FR","@id":"https:\/\/secure.gravatar.com\/avatar\/4c81fed838786e9b53f540bf46533e750f5d292099ae3b66cfc6fb1982e29df7?s=96&d=mm&r=g","url":"https:\/\/secure.gravatar.com\/avatar\/4c81fed838786e9b53f540bf46533e750f5d292099ae3b66cfc6fb1982e29df7?s=96&d=mm&r=g","contentUrl":"https:\/\/secure.gravatar.com\/avatar\/4c81fed838786e9b53f540bf46533e750f5d292099ae3b66cfc6fb1982e29df7?s=96&d=mm&r=g","caption":"admin"},"description":"admin","url":"https:\/\/lasentinelle.dz\/author\/admin\/"}]}},"_links":{"self":[{"href":"https:\/\/lasentinelle.dz\/index.php\/wp-json\/wp\/v2\/posts\/55973","targetHints":{"allow":["GET"]}}],"collection":[{"href":"https:\/\/lasentinelle.dz\/index.php\/wp-json\/wp\/v2\/posts"}],"about":[{"href":"https:\/\/lasentinelle.dz\/index.php\/wp-json\/wp\/v2\/types\/post"}],"author":[{"embeddable":true,"href":"https:\/\/lasentinelle.dz\/index.php\/wp-json\/wp\/v2\/users\/6"}],"replies":[{"embeddable":true,"href":"https:\/\/lasentinelle.dz\/index.php\/wp-json\/wp\/v2\/comments?post=55973"}],"version-history":[{"count":1,"href":"https:\/\/lasentinelle.dz\/index.php\/wp-json\/wp\/v2\/posts\/55973\/revisions"}],"predecessor-version":[{"id":55974,"href":"https:\/\/lasentinelle.dz\/index.php\/wp-json\/wp\/v2\/posts\/55973\/revisions\/55974"}],"wp:featuredmedia":[{"embeddable":true,"href":"https:\/\/lasentinelle.dz\/index.php\/wp-json\/wp\/v2\/media\/54908"}],"wp:attachment":[{"href":"https:\/\/lasentinelle.dz\/index.php\/wp-json\/wp\/v2\/media?parent=55973"}],"wp:term":[{"taxonomy":"category","embeddable":true,"href":"https:\/\/lasentinelle.dz\/index.php\/wp-json\/wp\/v2\/categories?post=55973"},{"taxonomy":"post_tag","embeddable":true,"href":"https:\/\/lasentinelle.dz\/index.php\/wp-json\/wp\/v2\/tags?post=55973"}],"curies":[{"name":"wp","href":"https:\/\/api.w.org\/{rel}","templated":true}]}}