{"id":55977,"date":"2024-08-21T14:02:46","date_gmt":"2024-08-21T13:02:46","guid":{"rendered":"https:\/\/lasentinelle.dz\/?p=55977"},"modified":"2024-08-21T14:02:48","modified_gmt":"2024-08-21T13:02:48","slug":"oms-le-mpox-nest-pas-le-nouveau-covid","status":"publish","type":"post","link":"https:\/\/lasentinelle.dz\/index.php\/2024\/08\/21\/oms-le-mpox-nest-pas-le-nouveau-covid\/","title":{"rendered":"OMS: \u00ab\u00a0Le mpox n&rsquo;est pas le nouveau Covid\u00a0\u00bb"},"content":{"rendered":"\n<p>L&rsquo;\u00e9pid\u00e9mie de mpox en Afrique s&rsquo;intensifie, suscitant l&rsquo;inqui\u00e9tude des autorit\u00e9s sanitaires. Depuis le d\u00e9but de l&rsquo;ann\u00e9e 2024, l&rsquo;Afrique a enregistr\u00e9 18 737 cas suspect\u00e9s ou confirm\u00e9s de mpox, d\u00e9passant d\u00e9j\u00e0 le total de l&rsquo;ann\u00e9e pr\u00e9c\u00e9dente. L&rsquo;Africa CDC, l&rsquo;agence de sant\u00e9 de l&rsquo;Union africaine, rapporte 3 101 cas confirm\u00e9s, 15 636 cas suspect\u00e9s et 541 d\u00e9c\u00e8s dans douze pays du continent.<\/p>\n\n\n\n<p>La R\u00e9publique d\u00e9mocratique du Congo (RDC) est l&rsquo;\u00e9picentre de l&rsquo;\u00e9pid\u00e9mie avec 16 800 cas suspect\u00e9s ou confirm\u00e9s r\u00e9partis dans ses 26 provinces. Le Burundi voisin a connu une augmentation alarmante de 75% des cas en une semaine, atteignant 173 cas.<\/p>\n\n\n\n<p>Face \u00e0 cette situation, l&rsquo;Africa CDC a d\u00e9clar\u00e9 une \u00ab\u00a0urgence de sant\u00e9 publique\u00a0\u00bb continentale, son plus haut niveau d&rsquo;alerte. Jean Kasenya, pr\u00e9sident de l&rsquo;Africa CDC, a soulign\u00e9 la gravit\u00e9 de la situation, notant que le mpox a franchi les fronti\u00e8res et touche d\u00e9sormais des milliers de personnes \u00e0 travers le continent. L&rsquo;Organisation mondiale de la sant\u00e9 (OMS) a \u00e9galement r\u00e9agi en d\u00e9cr\u00e9tant le 14 ao\u00fbt une urgence de sant\u00e9 publique de port\u00e9e internationale, son niveau d&rsquo;alerte le plus \u00e9lev\u00e9. Cette d\u00e9cision fait suite \u00e0 la recrudescence du mpox en RDC, port\u00e9e par le clade 1b qui affecte \u00e9galement le Burundi, le Kenya, le Rwanda et l&rsquo;Ouganda.<\/p>\n\n\n\n<p>Hans Kluge, directeur Europe de l&rsquo;OMS, a tenu \u00e0 rassurer en affirmant que \u00ab\u00a0le mpox n&rsquo;est pas le nouveau Covid\u00a0\u00bb. Il souligne que nous en savons d\u00e9j\u00e0 beaucoup sur la maladie et que nous connaissons les moyens de lutter contre elle. Cependant, des interrogations persistent concernant le clade 1b, r\u00e9cemment d\u00e9couvert. Le Dr Catherine Smallwood du bureau europ\u00e9en de l&rsquo;OMS explique que contrairement au clade 1a, qui se transmet g\u00e9n\u00e9ralement des animaux aux humains, le clade 1b semble se propager exclusivement au sein de la population humaine. Des changements viraux indiquent une probable transmission plus efficace entre humains. Tarik Jasarevic, porte-parole de l&rsquo;OMS \u00e0 Gen\u00e8ve, pr\u00e9cise que le clade 1 est connu pour \u00eatre plus dangereux que le clade 2. Toutefois, les sp\u00e9cialistes cherchent \u00e0 d\u00e9terminer s&rsquo;il existe une r\u00e9elle diff\u00e9rence de gravit\u00e9 entre les clades 1a et 1b.<\/p>\n\n\n\n<p>Cette situation rappelle l&rsquo;\u00e9pid\u00e9mie mondiale de mpox en 2022, caus\u00e9e par le clade 2b, qui avait \u00e9galement conduit l&rsquo;OMS \u00e0 d\u00e9clarer une urgence sanitaire internationale. Cette alerte avait \u00e9t\u00e9 lev\u00e9e en mai 2023. L&rsquo;histoire du mpox remonte \u00e0 1958, lorsqu&rsquo;il a \u00e9t\u00e9 d\u00e9couvert chez des singes au Danemark. Le premier cas humain a \u00e9t\u00e9 identifi\u00e9 en 1970 dans l&rsquo;actuelle RDC. Depuis, la maladie a connu plusieurs \u00e9volutions et classifications, passant de \u00ab\u00a0variole du singe\u00a0\u00bb \u00e0 mpox, avec diff\u00e9rents clades identifi\u00e9s.<\/p>\n\n\n\n<p>R.N.<\/p>\n","protected":false},"excerpt":{"rendered":"<p>L&rsquo;\u00e9pid\u00e9mie de mpox en Afrique s&rsquo;intensifie, suscitant l&rsquo;inqui\u00e9tude des autorit\u00e9s sanitaires. Depuis le d\u00e9but de l&rsquo;ann\u00e9e 2024, l&rsquo;Afrique a enregistr\u00e9<\/p>\n","protected":false},"author":6,"featured_media":55860,"comment_status":"open","ping_status":"closed","sticky":false,"template":"","format":"standard","meta":{"colormag_page_container_layout":"default_layout","colormag_page_sidebar_layout":"default_layout","om_disable_all_campaigns":false,"_monsterinsights_skip_tracking":false,"_monsterinsights_sitenote_active":false,"_monsterinsights_sitenote_note":"","_monsterinsights_sitenote_category":0,"footnotes":"","_wpscppro_dont_share_socialmedia":false,"_wpscppro_custom_social_share_image":0,"_facebook_share_type":"default","_twitter_share_type":"default","_linkedin_share_type":"default","_pinterest_share_type":"default","_linkedin_share_type_page":"","_instagram_share_type":"default","_medium_share_type":"","_threads_share_type":"","_google_business_share_type":"","_selected_social_profile":[],"_wpsp_enable_custom_social_template":false,"_wpsp_social_scheduling":{"enabled":false,"datetime":null,"platforms":[],"status":"template_only","dateOption":"today","timeOption":"now","customDays":"","customHours":"","customDate":"","customTime":"","schedulingType":"absolute"},"_wpsp_active_default_template":true},"categories":[27],"tags":[],"class_list":["post-55977","post","type-post","status-publish","format-standard","has-post-thumbnail","hentry","category-actualite"],"aioseo_notices":[],"yoast_head":"<!-- This site is optimized with the Yoast SEO plugin v27.5 - https:\/\/yoast.com\/product\/yoast-seo-wordpress\/ -->\n<title>OMS: \u00ab\u00a0Le mpox n&rsquo;est pas le nouveau Covid\u00a0\u00bb - La Sentinelle<\/title>\n<meta name=\"robots\" content=\"index, follow, max-snippet:-1, max-image-preview:large, max-video-preview:-1\" \/>\n<link rel=\"canonical\" href=\"https:\/\/lasentinelle.dz\/index.php\/2024\/08\/21\/oms-le-mpox-nest-pas-le-nouveau-covid\/\" \/>\n<meta property=\"og:locale\" content=\"fr_FR\" \/>\n<meta property=\"og:type\" content=\"article\" \/>\n<meta property=\"og:title\" content=\"OMS: \u00ab\u00a0Le mpox n&rsquo;est pas le nouveau Covid\u00a0\u00bb - La Sentinelle\" \/>\n<meta property=\"og:description\" content=\"L&rsquo;\u00e9pid\u00e9mie de mpox en Afrique s&rsquo;intensifie, suscitant l&rsquo;inqui\u00e9tude des autorit\u00e9s sanitaires. Depuis le d\u00e9but de l&rsquo;ann\u00e9e 2024, l&rsquo;Afrique a enregistr\u00e9\" \/>\n<meta property=\"og:url\" content=\"https:\/\/lasentinelle.dz\/index.php\/2024\/08\/21\/oms-le-mpox-nest-pas-le-nouveau-covid\/\" \/>\n<meta property=\"og:site_name\" content=\"La Sentinelle\" \/>\n<meta property=\"article:publisher\" content=\"https:\/\/www.facebook.com\/La-Sentinelle-104059864394773\" \/>\n<meta property=\"article:published_time\" content=\"2024-08-21T13:02:46+00:00\" \/>\n<meta property=\"article:modified_time\" content=\"2024-08-21T13:02:48+00:00\" \/>\n<meta property=\"og:image\" content=\"https:\/\/lasentinelle.dz\/wp-content\/uploads\/2024\/08\/mpox.webp\" \/>\n\t<meta property=\"og:image:width\" content=\"1444\" \/>\n\t<meta property=\"og:image:height\" content=\"920\" \/>\n\t<meta property=\"og:image:type\" content=\"image\/webp\" \/>\n<meta name=\"author\" content=\"admin\" \/>\n<meta name=\"twitter:card\" content=\"summary_large_image\" \/>\n<meta name=\"twitter:label1\" content=\"\u00c9crit par\" \/>\n\t<meta name=\"twitter:data1\" content=\"admin\" \/>\n\t<meta name=\"twitter:label2\" content=\"Dur\u00e9e de lecture estim\u00e9e\" \/>\n\t<meta name=\"twitter:data2\" content=\"3 minutes\" \/>\n<script type=\"application\/ld+json\" class=\"yoast-schema-graph\">{\"@context\":\"https:\\\/\\\/schema.org\",\"@graph\":[{\"@type\":\"Article\",\"@id\":\"https:\\\/\\\/lasentinelle.dz\\\/index.php\\\/2024\\\/08\\\/21\\\/oms-le-mpox-nest-pas-le-nouveau-covid\\\/#article\",\"isPartOf\":{\"@id\":\"https:\\\/\\\/lasentinelle.dz\\\/index.php\\\/2024\\\/08\\\/21\\\/oms-le-mpox-nest-pas-le-nouveau-covid\\\/\"},\"author\":{\"name\":\"admin\",\"@id\":\"https:\\\/\\\/lasentinelle.dz\\\/#\\\/schema\\\/person\\\/729ee0024f24e0b8c5ec17232f8e8b41\"},\"headline\":\"OMS: \u00ab\u00a0Le mpox n&rsquo;est pas le nouveau Covid\u00a0\u00bb\",\"datePublished\":\"2024-08-21T13:02:46+00:00\",\"dateModified\":\"2024-08-21T13:02:48+00:00\",\"mainEntityOfPage\":{\"@id\":\"https:\\\/\\\/lasentinelle.dz\\\/index.php\\\/2024\\\/08\\\/21\\\/oms-le-mpox-nest-pas-le-nouveau-covid\\\/\"},\"wordCount\":487,\"commentCount\":0,\"publisher\":{\"@id\":\"https:\\\/\\\/lasentinelle.dz\\\/#organization\"},\"image\":{\"@id\":\"https:\\\/\\\/lasentinelle.dz\\\/index.php\\\/2024\\\/08\\\/21\\\/oms-le-mpox-nest-pas-le-nouveau-covid\\\/#primaryimage\"},\"thumbnailUrl\":\"https:\\\/\\\/lasentinelle.dz\\\/wp-content\\\/uploads\\\/2024\\\/08\\\/mpox.webp\",\"articleSection\":[\"Actualit\u00e9\"],\"inLanguage\":\"fr-FR\",\"potentialAction\":[{\"@type\":\"CommentAction\",\"name\":\"Comment\",\"target\":[\"https:\\\/\\\/lasentinelle.dz\\\/index.php\\\/2024\\\/08\\\/21\\\/oms-le-mpox-nest-pas-le-nouveau-covid\\\/#respond\"]}]},{\"@type\":\"WebPage\",\"@id\":\"https:\\\/\\\/lasentinelle.dz\\\/index.php\\\/2024\\\/08\\\/21\\\/oms-le-mpox-nest-pas-le-nouveau-covid\\\/\",\"url\":\"https:\\\/\\\/lasentinelle.dz\\\/index.php\\\/2024\\\/08\\\/21\\\/oms-le-mpox-nest-pas-le-nouveau-covid\\\/\",\"name\":\"OMS: \u00ab\u00a0Le mpox n&rsquo;est pas le nouveau Covid\u00a0\u00bb - La Sentinelle\",\"isPartOf\":{\"@id\":\"https:\\\/\\\/lasentinelle.dz\\\/#website\"},\"primaryImageOfPage\":{\"@id\":\"https:\\\/\\\/lasentinelle.dz\\\/index.php\\\/2024\\\/08\\\/21\\\/oms-le-mpox-nest-pas-le-nouveau-covid\\\/#primaryimage\"},\"image\":{\"@id\":\"https:\\\/\\\/lasentinelle.dz\\\/index.php\\\/2024\\\/08\\\/21\\\/oms-le-mpox-nest-pas-le-nouveau-covid\\\/#primaryimage\"},\"thumbnailUrl\":\"https:\\\/\\\/lasentinelle.dz\\\/wp-content\\\/uploads\\\/2024\\\/08\\\/mpox.webp\",\"datePublished\":\"2024-08-21T13:02:46+00:00\",\"dateModified\":\"2024-08-21T13:02:48+00:00\",\"breadcrumb\":{\"@id\":\"https:\\\/\\\/lasentinelle.dz\\\/index.php\\\/2024\\\/08\\\/21\\\/oms-le-mpox-nest-pas-le-nouveau-covid\\\/#breadcrumb\"},\"inLanguage\":\"fr-FR\",\"potentialAction\":[{\"@type\":\"ReadAction\",\"target\":[\"https:\\\/\\\/lasentinelle.dz\\\/index.php\\\/2024\\\/08\\\/21\\\/oms-le-mpox-nest-pas-le-nouveau-covid\\\/\"]}]},{\"@type\":\"ImageObject\",\"inLanguage\":\"fr-FR\",\"@id\":\"https:\\\/\\\/lasentinelle.dz\\\/index.php\\\/2024\\\/08\\\/21\\\/oms-le-mpox-nest-pas-le-nouveau-covid\\\/#primaryimage\",\"url\":\"https:\\\/\\\/lasentinelle.dz\\\/wp-content\\\/uploads\\\/2024\\\/08\\\/mpox.webp\",\"contentUrl\":\"https:\\\/\\\/lasentinelle.dz\\\/wp-content\\\/uploads\\\/2024\\\/08\\\/mpox.webp\",\"width\":1444,\"height\":920},{\"@type\":\"BreadcrumbList\",\"@id\":\"https:\\\/\\\/lasentinelle.dz\\\/index.php\\\/2024\\\/08\\\/21\\\/oms-le-mpox-nest-pas-le-nouveau-covid\\\/#breadcrumb\",\"itemListElement\":[{\"@type\":\"ListItem\",\"position\":1,\"name\":\"Accueil\",\"item\":\"https:\\\/\\\/lasentinelle.dz\\\/\"},{\"@type\":\"ListItem\",\"position\":2,\"name\":\"OMS: \u00ab\u00a0Le mpox n&rsquo;est pas le nouveau Covid\u00a0\u00bb\"}]},{\"@type\":\"WebSite\",\"@id\":\"https:\\\/\\\/lasentinelle.dz\\\/#website\",\"url\":\"https:\\\/\\\/lasentinelle.dz\\\/\",\"name\":\"La Sentinelle\",\"description\":\"Quotidien national d&#039;information\",\"publisher\":{\"@id\":\"https:\\\/\\\/lasentinelle.dz\\\/#organization\"},\"potentialAction\":[{\"@type\":\"SearchAction\",\"target\":{\"@type\":\"EntryPoint\",\"urlTemplate\":\"https:\\\/\\\/lasentinelle.dz\\\/?s={search_term_string}\"},\"query-input\":{\"@type\":\"PropertyValueSpecification\",\"valueRequired\":true,\"valueName\":\"search_term_string\"}}],\"inLanguage\":\"fr-FR\"},{\"@type\":\"Organization\",\"@id\":\"https:\\\/\\\/lasentinelle.dz\\\/#organization\",\"name\":\"Quotidien La Sentinelle\",\"url\":\"https:\\\/\\\/lasentinelle.dz\\\/\",\"logo\":{\"@type\":\"ImageObject\",\"inLanguage\":\"fr-FR\",\"@id\":\"https:\\\/\\\/lasentinelle.dz\\\/#\\\/schema\\\/logo\\\/image\\\/\",\"url\":\"https:\\\/\\\/lasentinelle.dz\\\/wp-content\\\/uploads\\\/2021\\\/09\\\/logo-sentinelleSLOGAN-1.png\",\"contentUrl\":\"https:\\\/\\\/lasentinelle.dz\\\/wp-content\\\/uploads\\\/2021\\\/09\\\/logo-sentinelleSLOGAN-1.png\",\"width\":615,\"height\":142,\"caption\":\"Quotidien La Sentinelle\"},\"image\":{\"@id\":\"https:\\\/\\\/lasentinelle.dz\\\/#\\\/schema\\\/logo\\\/image\\\/\"},\"sameAs\":[\"https:\\\/\\\/www.facebook.com\\\/La-Sentinelle-104059864394773\"]},{\"@type\":\"Person\",\"@id\":\"https:\\\/\\\/lasentinelle.dz\\\/#\\\/schema\\\/person\\\/729ee0024f24e0b8c5ec17232f8e8b41\",\"name\":\"admin\",\"image\":{\"@type\":\"ImageObject\",\"inLanguage\":\"fr-FR\",\"@id\":\"https:\\\/\\\/secure.gravatar.com\\\/avatar\\\/4c81fed838786e9b53f540bf46533e750f5d292099ae3b66cfc6fb1982e29df7?s=96&d=mm&r=g\",\"url\":\"https:\\\/\\\/secure.gravatar.com\\\/avatar\\\/4c81fed838786e9b53f540bf46533e750f5d292099ae3b66cfc6fb1982e29df7?s=96&d=mm&r=g\",\"contentUrl\":\"https:\\\/\\\/secure.gravatar.com\\\/avatar\\\/4c81fed838786e9b53f540bf46533e750f5d292099ae3b66cfc6fb1982e29df7?s=96&d=mm&r=g\",\"caption\":\"admin\"},\"description\":\"admin\",\"url\":\"https:\\\/\\\/lasentinelle.dz\\\/author\\\/admin\\\/\"}]}<\/script>\n<!-- \/ Yoast SEO plugin. -->","yoast_head_json":{"title":"OMS: \u00ab\u00a0Le mpox n&rsquo;est pas le nouveau Covid\u00a0\u00bb - La Sentinelle","robots":{"index":"index","follow":"follow","max-snippet":"max-snippet:-1","max-image-preview":"max-image-preview:large","max-video-preview":"max-video-preview:-1"},"canonical":"https:\/\/lasentinelle.dz\/index.php\/2024\/08\/21\/oms-le-mpox-nest-pas-le-nouveau-covid\/","og_locale":"fr_FR","og_type":"article","og_title":"OMS: \u00ab\u00a0Le mpox n&rsquo;est pas le nouveau Covid\u00a0\u00bb - La Sentinelle","og_description":"L&rsquo;\u00e9pid\u00e9mie de mpox en Afrique s&rsquo;intensifie, suscitant l&rsquo;inqui\u00e9tude des autorit\u00e9s sanitaires. Depuis le d\u00e9but de l&rsquo;ann\u00e9e 2024, l&rsquo;Afrique a enregistr\u00e9","og_url":"https:\/\/lasentinelle.dz\/index.php\/2024\/08\/21\/oms-le-mpox-nest-pas-le-nouveau-covid\/","og_site_name":"La Sentinelle","article_publisher":"https:\/\/www.facebook.com\/La-Sentinelle-104059864394773","article_published_time":"2024-08-21T13:02:46+00:00","article_modified_time":"2024-08-21T13:02:48+00:00","og_image":[{"width":1444,"height":920,"url":"https:\/\/lasentinelle.dz\/wp-content\/uploads\/2024\/08\/mpox.webp","type":"image\/webp"}],"author":"admin","twitter_card":"summary_large_image","twitter_misc":{"\u00c9crit par":"admin","Dur\u00e9e de lecture estim\u00e9e":"3 minutes"},"schema":{"@context":"https:\/\/schema.org","@graph":[{"@type":"Article","@id":"https:\/\/lasentinelle.dz\/index.php\/2024\/08\/21\/oms-le-mpox-nest-pas-le-nouveau-covid\/#article","isPartOf":{"@id":"https:\/\/lasentinelle.dz\/index.php\/2024\/08\/21\/oms-le-mpox-nest-pas-le-nouveau-covid\/"},"author":{"name":"admin","@id":"https:\/\/lasentinelle.dz\/#\/schema\/person\/729ee0024f24e0b8c5ec17232f8e8b41"},"headline":"OMS: \u00ab\u00a0Le mpox n&rsquo;est pas le nouveau Covid\u00a0\u00bb","datePublished":"2024-08-21T13:02:46+00:00","dateModified":"2024-08-21T13:02:48+00:00","mainEntityOfPage":{"@id":"https:\/\/lasentinelle.dz\/index.php\/2024\/08\/21\/oms-le-mpox-nest-pas-le-nouveau-covid\/"},"wordCount":487,"commentCount":0,"publisher":{"@id":"https:\/\/lasentinelle.dz\/#organization"},"image":{"@id":"https:\/\/lasentinelle.dz\/index.php\/2024\/08\/21\/oms-le-mpox-nest-pas-le-nouveau-covid\/#primaryimage"},"thumbnailUrl":"https:\/\/lasentinelle.dz\/wp-content\/uploads\/2024\/08\/mpox.webp","articleSection":["Actualit\u00e9"],"inLanguage":"fr-FR","potentialAction":[{"@type":"CommentAction","name":"Comment","target":["https:\/\/lasentinelle.dz\/index.php\/2024\/08\/21\/oms-le-mpox-nest-pas-le-nouveau-covid\/#respond"]}]},{"@type":"WebPage","@id":"https:\/\/lasentinelle.dz\/index.php\/2024\/08\/21\/oms-le-mpox-nest-pas-le-nouveau-covid\/","url":"https:\/\/lasentinelle.dz\/index.php\/2024\/08\/21\/oms-le-mpox-nest-pas-le-nouveau-covid\/","name":"OMS: \u00ab\u00a0Le mpox n&rsquo;est pas le nouveau Covid\u00a0\u00bb - La Sentinelle","isPartOf":{"@id":"https:\/\/lasentinelle.dz\/#website"},"primaryImageOfPage":{"@id":"https:\/\/lasentinelle.dz\/index.php\/2024\/08\/21\/oms-le-mpox-nest-pas-le-nouveau-covid\/#primaryimage"},"image":{"@id":"https:\/\/lasentinelle.dz\/index.php\/2024\/08\/21\/oms-le-mpox-nest-pas-le-nouveau-covid\/#primaryimage"},"thumbnailUrl":"https:\/\/lasentinelle.dz\/wp-content\/uploads\/2024\/08\/mpox.webp","datePublished":"2024-08-21T13:02:46+00:00","dateModified":"2024-08-21T13:02:48+00:00","breadcrumb":{"@id":"https:\/\/lasentinelle.dz\/index.php\/2024\/08\/21\/oms-le-mpox-nest-pas-le-nouveau-covid\/#breadcrumb"},"inLanguage":"fr-FR","potentialAction":[{"@type":"ReadAction","target":["https:\/\/lasentinelle.dz\/index.php\/2024\/08\/21\/oms-le-mpox-nest-pas-le-nouveau-covid\/"]}]},{"@type":"ImageObject","inLanguage":"fr-FR","@id":"https:\/\/lasentinelle.dz\/index.php\/2024\/08\/21\/oms-le-mpox-nest-pas-le-nouveau-covid\/#primaryimage","url":"https:\/\/lasentinelle.dz\/wp-content\/uploads\/2024\/08\/mpox.webp","contentUrl":"https:\/\/lasentinelle.dz\/wp-content\/uploads\/2024\/08\/mpox.webp","width":1444,"height":920},{"@type":"BreadcrumbList","@id":"https:\/\/lasentinelle.dz\/index.php\/2024\/08\/21\/oms-le-mpox-nest-pas-le-nouveau-covid\/#breadcrumb","itemListElement":[{"@type":"ListItem","position":1,"name":"Accueil","item":"https:\/\/lasentinelle.dz\/"},{"@type":"ListItem","position":2,"name":"OMS: \u00ab\u00a0Le mpox n&rsquo;est pas le nouveau Covid\u00a0\u00bb"}]},{"@type":"WebSite","@id":"https:\/\/lasentinelle.dz\/#website","url":"https:\/\/lasentinelle.dz\/","name":"La Sentinelle","description":"Quotidien national d&#039;information","publisher":{"@id":"https:\/\/lasentinelle.dz\/#organization"},"potentialAction":[{"@type":"SearchAction","target":{"@type":"EntryPoint","urlTemplate":"https:\/\/lasentinelle.dz\/?s={search_term_string}"},"query-input":{"@type":"PropertyValueSpecification","valueRequired":true,"valueName":"search_term_string"}}],"inLanguage":"fr-FR"},{"@type":"Organization","@id":"https:\/\/lasentinelle.dz\/#organization","name":"Quotidien La Sentinelle","url":"https:\/\/lasentinelle.dz\/","logo":{"@type":"ImageObject","inLanguage":"fr-FR","@id":"https:\/\/lasentinelle.dz\/#\/schema\/logo\/image\/","url":"https:\/\/lasentinelle.dz\/wp-content\/uploads\/2021\/09\/logo-sentinelleSLOGAN-1.png","contentUrl":"https:\/\/lasentinelle.dz\/wp-content\/uploads\/2021\/09\/logo-sentinelleSLOGAN-1.png","width":615,"height":142,"caption":"Quotidien La Sentinelle"},"image":{"@id":"https:\/\/lasentinelle.dz\/#\/schema\/logo\/image\/"},"sameAs":["https:\/\/www.facebook.com\/La-Sentinelle-104059864394773"]},{"@type":"Person","@id":"https:\/\/lasentinelle.dz\/#\/schema\/person\/729ee0024f24e0b8c5ec17232f8e8b41","name":"admin","image":{"@type":"ImageObject","inLanguage":"fr-FR","@id":"https:\/\/secure.gravatar.com\/avatar\/4c81fed838786e9b53f540bf46533e750f5d292099ae3b66cfc6fb1982e29df7?s=96&d=mm&r=g","url":"https:\/\/secure.gravatar.com\/avatar\/4c81fed838786e9b53f540bf46533e750f5d292099ae3b66cfc6fb1982e29df7?s=96&d=mm&r=g","contentUrl":"https:\/\/secure.gravatar.com\/avatar\/4c81fed838786e9b53f540bf46533e750f5d292099ae3b66cfc6fb1982e29df7?s=96&d=mm&r=g","caption":"admin"},"description":"admin","url":"https:\/\/lasentinelle.dz\/author\/admin\/"}]}},"_links":{"self":[{"href":"https:\/\/lasentinelle.dz\/index.php\/wp-json\/wp\/v2\/posts\/55977","targetHints":{"allow":["GET"]}}],"collection":[{"href":"https:\/\/lasentinelle.dz\/index.php\/wp-json\/wp\/v2\/posts"}],"about":[{"href":"https:\/\/lasentinelle.dz\/index.php\/wp-json\/wp\/v2\/types\/post"}],"author":[{"embeddable":true,"href":"https:\/\/lasentinelle.dz\/index.php\/wp-json\/wp\/v2\/users\/6"}],"replies":[{"embeddable":true,"href":"https:\/\/lasentinelle.dz\/index.php\/wp-json\/wp\/v2\/comments?post=55977"}],"version-history":[{"count":2,"href":"https:\/\/lasentinelle.dz\/index.php\/wp-json\/wp\/v2\/posts\/55977\/revisions"}],"predecessor-version":[{"id":55979,"href":"https:\/\/lasentinelle.dz\/index.php\/wp-json\/wp\/v2\/posts\/55977\/revisions\/55979"}],"wp:featuredmedia":[{"embeddable":true,"href":"https:\/\/lasentinelle.dz\/index.php\/wp-json\/wp\/v2\/media\/55860"}],"wp:attachment":[{"href":"https:\/\/lasentinelle.dz\/index.php\/wp-json\/wp\/v2\/media?parent=55977"}],"wp:term":[{"taxonomy":"category","embeddable":true,"href":"https:\/\/lasentinelle.dz\/index.php\/wp-json\/wp\/v2\/categories?post=55977"},{"taxonomy":"post_tag","embeddable":true,"href":"https:\/\/lasentinelle.dz\/index.php\/wp-json\/wp\/v2\/tags?post=55977"}],"curies":[{"name":"wp","href":"https:\/\/api.w.org\/{rel}","templated":true}]}}