{"id":56125,"date":"2024-08-25T14:06:12","date_gmt":"2024-08-25T13:06:12","guid":{"rendered":"https:\/\/lasentinelle.dz\/?p=56125"},"modified":"2024-08-25T14:06:13","modified_gmt":"2024-08-25T13:06:13","slug":"ligue-2-cr-temouchent-et-gc-mascara-lancent-leur-preparation-estivale","status":"publish","type":"post","link":"https:\/\/lasentinelle.dz\/index.php\/2024\/08\/25\/ligue-2-cr-temouchent-et-gc-mascara-lancent-leur-preparation-estivale\/","title":{"rendered":"Ligue 2 : CR Temouchent et GC Mascara lancent leur pr\u00e9paration estivale"},"content":{"rendered":"\n<p>\u00c0 quelques semaines du coup d&rsquo;envoi de la saison 2024-2025 de Ligue 2, pr\u00e9vu le 20 septembre, deux clubs de l&rsquo;Ouest alg\u00e9rien, le CR Temouchent et le GC Mascara, entament leur pr\u00e9paration d&rsquo;intersaison avec ambition.Le CR Temouchent, qui a termin\u00e9 \u00e0 la quatri\u00e8me place du groupe Centre-ouest la saison derni\u00e8re, d\u00e9bute sa pr\u00e9paration ce dimanche. Les \u00ab\u00a0Rouge et Blanc\u00a0\u00bb abordent leur quatri\u00e8me saison cons\u00e9cutive en Ligue 2 avec un effectif consid\u00e9rablement renforc\u00e9. Pas moins d&rsquo;une douzaine de nouvelles recrues ont rejoint le club durant le mercato estival, t\u00e9moignant des ambitions renouvel\u00e9es de la direction. Sur le banc, on note le retour de l&rsquo;entra\u00eeneur Hamouda Kebdani pour un nouveau passage \u00e0 la t\u00eate de l&rsquo;\u00e9quipe. Ce changement s&rsquo;inscrit dans une r\u00e9organisation plus large du club, avec la mise en place d&rsquo;un directoire pr\u00e9sid\u00e9 par Nadjib Sabri pour g\u00e9rer les affaires courantes, suite \u00e0 l&rsquo;\u00e9chec de l&rsquo;\u00e9lection d&rsquo;un nouveau pr\u00e9sident. De son c\u00f4t\u00e9, le GC Mascara a choisi de lancer sa pr\u00e9paration par un stage bloqu\u00e9 au village m\u00e9diterran\u00e9en d&rsquo;Oran, d\u00e9but\u00e9 vendredi. Les \u00ab\u00a0Vert et Blanc\u00a0\u00bb, absents de l&rsquo;\u00e9lite depuis la saison 2004-2005, affichent clairement leur ambition de retrouver la Ligue 1 au plus vite. Pour y parvenir, le club a consid\u00e9rablement renforc\u00e9 son effectif avec l&rsquo;arriv\u00e9e de 16 nouveaux joueurs. Parmi eux, cinq (Saou, Aber, Chaouti, Zahzouh et Ziad) ont particip\u00e9 \u00e0 l&rsquo;accession de l&rsquo;ES Mostaganem en Ligue 1 la saison derni\u00e8re, apportant ainsi une exp\u00e9rience pr\u00e9cieuse. Sur le banc, c&rsquo;est le jeune technicien Abdelhak Belaid, en provenance du MC El Bayadh (Ligue 1), qui dirigera l&rsquo;\u00e9quipe. Il sera \u00e9paul\u00e9 par Omar Bourada et Sid Ahmed Metrag. Au niveau administratif, la stabilit\u00e9 est de mise avec la r\u00e9\u00e9lection de Rachid A\u00eft Idir \u00e0 la pr\u00e9sidence du club pour le mandat 2024-2028.<\/p>\n\n\n\n<p>R.S.<\/p>\n","protected":false},"excerpt":{"rendered":"<p>\u00c0 quelques semaines du coup d&rsquo;envoi de la saison 2024-2025 de Ligue 2, pr\u00e9vu le 20 septembre, deux clubs de<\/p>\n","protected":false},"author":6,"featured_media":56126,"comment_status":"open","ping_status":"closed","sticky":false,"template":"","format":"standard","meta":{"colormag_page_container_layout":"default_layout","colormag_page_sidebar_layout":"default_layout","om_disable_all_campaigns":false,"_monsterinsights_skip_tracking":false,"_monsterinsights_sitenote_active":false,"_monsterinsights_sitenote_note":"","_monsterinsights_sitenote_category":0,"footnotes":"","_wpscppro_dont_share_socialmedia":false,"_wpscppro_custom_social_share_image":0,"_facebook_share_type":"default","_twitter_share_type":"default","_linkedin_share_type":"default","_pinterest_share_type":"default","_linkedin_share_type_page":"","_instagram_share_type":"default","_medium_share_type":"","_threads_share_type":"","_google_business_share_type":"","_selected_social_profile":[],"_wpsp_enable_custom_social_template":false,"_wpsp_social_scheduling":{"enabled":false,"datetime":null,"platforms":[],"status":"template_only","dateOption":"today","timeOption":"now","customDays":"","customHours":"","customDate":"","customTime":"","schedulingType":"absolute"},"_wpsp_active_default_template":true},"categories":[33],"tags":[],"class_list":["post-56125","post","type-post","status-publish","format-standard","has-post-thumbnail","hentry","category-sports"],"aioseo_notices":[],"yoast_head":"<!-- This site is optimized with the Yoast SEO plugin v27.5 - https:\/\/yoast.com\/product\/yoast-seo-wordpress\/ -->\n<title>Ligue 2 : CR Temouchent et GC Mascara lancent leur pr\u00e9paration estivale - La Sentinelle<\/title>\n<meta name=\"robots\" content=\"index, follow, max-snippet:-1, max-image-preview:large, max-video-preview:-1\" \/>\n<link rel=\"canonical\" href=\"https:\/\/lasentinelle.dz\/index.php\/2024\/08\/25\/ligue-2-cr-temouchent-et-gc-mascara-lancent-leur-preparation-estivale\/\" \/>\n<meta property=\"og:locale\" content=\"fr_FR\" \/>\n<meta property=\"og:type\" content=\"article\" \/>\n<meta property=\"og:title\" content=\"Ligue 2 : CR Temouchent et GC Mascara lancent leur pr\u00e9paration estivale - La Sentinelle\" \/>\n<meta property=\"og:description\" content=\"\u00c0 quelques semaines du coup d&rsquo;envoi de la saison 2024-2025 de Ligue 2, pr\u00e9vu le 20 septembre, deux clubs de\" \/>\n<meta property=\"og:url\" content=\"https:\/\/lasentinelle.dz\/index.php\/2024\/08\/25\/ligue-2-cr-temouchent-et-gc-mascara-lancent-leur-preparation-estivale\/\" \/>\n<meta property=\"og:site_name\" content=\"La Sentinelle\" \/>\n<meta property=\"article:publisher\" content=\"https:\/\/www.facebook.com\/La-Sentinelle-104059864394773\" \/>\n<meta property=\"article:published_time\" content=\"2024-08-25T13:06:12+00:00\" \/>\n<meta property=\"article:modified_time\" content=\"2024-08-25T13:06:13+00:00\" \/>\n<meta property=\"og:image\" content=\"https:\/\/lasentinelle.dz\/wp-content\/uploads\/2024\/08\/Ligue-2.jpg\" \/>\n\t<meta property=\"og:image:width\" content=\"300\" \/>\n\t<meta property=\"og:image:height\" content=\"200\" \/>\n\t<meta property=\"og:image:type\" content=\"image\/jpeg\" \/>\n<meta name=\"author\" content=\"admin\" \/>\n<meta name=\"twitter:card\" content=\"summary_large_image\" \/>\n<meta name=\"twitter:label1\" content=\"\u00c9crit par\" \/>\n\t<meta name=\"twitter:data1\" content=\"admin\" \/>\n\t<meta name=\"twitter:label2\" content=\"Dur\u00e9e de lecture estim\u00e9e\" \/>\n\t<meta name=\"twitter:data2\" content=\"2 minutes\" \/>\n<script type=\"application\/ld+json\" class=\"yoast-schema-graph\">{\"@context\":\"https:\\\/\\\/schema.org\",\"@graph\":[{\"@type\":\"Article\",\"@id\":\"https:\\\/\\\/lasentinelle.dz\\\/index.php\\\/2024\\\/08\\\/25\\\/ligue-2-cr-temouchent-et-gc-mascara-lancent-leur-preparation-estivale\\\/#article\",\"isPartOf\":{\"@id\":\"https:\\\/\\\/lasentinelle.dz\\\/index.php\\\/2024\\\/08\\\/25\\\/ligue-2-cr-temouchent-et-gc-mascara-lancent-leur-preparation-estivale\\\/\"},\"author\":{\"name\":\"admin\",\"@id\":\"https:\\\/\\\/lasentinelle.dz\\\/#\\\/schema\\\/person\\\/729ee0024f24e0b8c5ec17232f8e8b41\"},\"headline\":\"Ligue 2 : CR Temouchent et GC Mascara lancent leur pr\u00e9paration estivale\",\"datePublished\":\"2024-08-25T13:06:12+00:00\",\"dateModified\":\"2024-08-25T13:06:13+00:00\",\"mainEntityOfPage\":{\"@id\":\"https:\\\/\\\/lasentinelle.dz\\\/index.php\\\/2024\\\/08\\\/25\\\/ligue-2-cr-temouchent-et-gc-mascara-lancent-leur-preparation-estivale\\\/\"},\"wordCount\":340,\"commentCount\":0,\"publisher\":{\"@id\":\"https:\\\/\\\/lasentinelle.dz\\\/#organization\"},\"image\":{\"@id\":\"https:\\\/\\\/lasentinelle.dz\\\/index.php\\\/2024\\\/08\\\/25\\\/ligue-2-cr-temouchent-et-gc-mascara-lancent-leur-preparation-estivale\\\/#primaryimage\"},\"thumbnailUrl\":\"https:\\\/\\\/lasentinelle.dz\\\/wp-content\\\/uploads\\\/2024\\\/08\\\/Ligue-2.jpg\",\"articleSection\":[\"Sports\"],\"inLanguage\":\"fr-FR\",\"potentialAction\":[{\"@type\":\"CommentAction\",\"name\":\"Comment\",\"target\":[\"https:\\\/\\\/lasentinelle.dz\\\/index.php\\\/2024\\\/08\\\/25\\\/ligue-2-cr-temouchent-et-gc-mascara-lancent-leur-preparation-estivale\\\/#respond\"]}]},{\"@type\":\"WebPage\",\"@id\":\"https:\\\/\\\/lasentinelle.dz\\\/index.php\\\/2024\\\/08\\\/25\\\/ligue-2-cr-temouchent-et-gc-mascara-lancent-leur-preparation-estivale\\\/\",\"url\":\"https:\\\/\\\/lasentinelle.dz\\\/index.php\\\/2024\\\/08\\\/25\\\/ligue-2-cr-temouchent-et-gc-mascara-lancent-leur-preparation-estivale\\\/\",\"name\":\"Ligue 2 : CR Temouchent et GC Mascara lancent leur pr\u00e9paration estivale - La Sentinelle\",\"isPartOf\":{\"@id\":\"https:\\\/\\\/lasentinelle.dz\\\/#website\"},\"primaryImageOfPage\":{\"@id\":\"https:\\\/\\\/lasentinelle.dz\\\/index.php\\\/2024\\\/08\\\/25\\\/ligue-2-cr-temouchent-et-gc-mascara-lancent-leur-preparation-estivale\\\/#primaryimage\"},\"image\":{\"@id\":\"https:\\\/\\\/lasentinelle.dz\\\/index.php\\\/2024\\\/08\\\/25\\\/ligue-2-cr-temouchent-et-gc-mascara-lancent-leur-preparation-estivale\\\/#primaryimage\"},\"thumbnailUrl\":\"https:\\\/\\\/lasentinelle.dz\\\/wp-content\\\/uploads\\\/2024\\\/08\\\/Ligue-2.jpg\",\"datePublished\":\"2024-08-25T13:06:12+00:00\",\"dateModified\":\"2024-08-25T13:06:13+00:00\",\"breadcrumb\":{\"@id\":\"https:\\\/\\\/lasentinelle.dz\\\/index.php\\\/2024\\\/08\\\/25\\\/ligue-2-cr-temouchent-et-gc-mascara-lancent-leur-preparation-estivale\\\/#breadcrumb\"},\"inLanguage\":\"fr-FR\",\"potentialAction\":[{\"@type\":\"ReadAction\",\"target\":[\"https:\\\/\\\/lasentinelle.dz\\\/index.php\\\/2024\\\/08\\\/25\\\/ligue-2-cr-temouchent-et-gc-mascara-lancent-leur-preparation-estivale\\\/\"]}]},{\"@type\":\"ImageObject\",\"inLanguage\":\"fr-FR\",\"@id\":\"https:\\\/\\\/lasentinelle.dz\\\/index.php\\\/2024\\\/08\\\/25\\\/ligue-2-cr-temouchent-et-gc-mascara-lancent-leur-preparation-estivale\\\/#primaryimage\",\"url\":\"https:\\\/\\\/lasentinelle.dz\\\/wp-content\\\/uploads\\\/2024\\\/08\\\/Ligue-2.jpg\",\"contentUrl\":\"https:\\\/\\\/lasentinelle.dz\\\/wp-content\\\/uploads\\\/2024\\\/08\\\/Ligue-2.jpg\",\"width\":300,\"height\":200},{\"@type\":\"BreadcrumbList\",\"@id\":\"https:\\\/\\\/lasentinelle.dz\\\/index.php\\\/2024\\\/08\\\/25\\\/ligue-2-cr-temouchent-et-gc-mascara-lancent-leur-preparation-estivale\\\/#breadcrumb\",\"itemListElement\":[{\"@type\":\"ListItem\",\"position\":1,\"name\":\"Accueil\",\"item\":\"https:\\\/\\\/lasentinelle.dz\\\/\"},{\"@type\":\"ListItem\",\"position\":2,\"name\":\"Ligue 2 : CR Temouchent et GC Mascara lancent leur pr\u00e9paration estivale\"}]},{\"@type\":\"WebSite\",\"@id\":\"https:\\\/\\\/lasentinelle.dz\\\/#website\",\"url\":\"https:\\\/\\\/lasentinelle.dz\\\/\",\"name\":\"La Sentinelle\",\"description\":\"Quotidien national d&#039;information\",\"publisher\":{\"@id\":\"https:\\\/\\\/lasentinelle.dz\\\/#organization\"},\"potentialAction\":[{\"@type\":\"SearchAction\",\"target\":{\"@type\":\"EntryPoint\",\"urlTemplate\":\"https:\\\/\\\/lasentinelle.dz\\\/?s={search_term_string}\"},\"query-input\":{\"@type\":\"PropertyValueSpecification\",\"valueRequired\":true,\"valueName\":\"search_term_string\"}}],\"inLanguage\":\"fr-FR\"},{\"@type\":\"Organization\",\"@id\":\"https:\\\/\\\/lasentinelle.dz\\\/#organization\",\"name\":\"Quotidien La Sentinelle\",\"url\":\"https:\\\/\\\/lasentinelle.dz\\\/\",\"logo\":{\"@type\":\"ImageObject\",\"inLanguage\":\"fr-FR\",\"@id\":\"https:\\\/\\\/lasentinelle.dz\\\/#\\\/schema\\\/logo\\\/image\\\/\",\"url\":\"https:\\\/\\\/lasentinelle.dz\\\/wp-content\\\/uploads\\\/2021\\\/09\\\/logo-sentinelleSLOGAN-1.png\",\"contentUrl\":\"https:\\\/\\\/lasentinelle.dz\\\/wp-content\\\/uploads\\\/2021\\\/09\\\/logo-sentinelleSLOGAN-1.png\",\"width\":615,\"height\":142,\"caption\":\"Quotidien La Sentinelle\"},\"image\":{\"@id\":\"https:\\\/\\\/lasentinelle.dz\\\/#\\\/schema\\\/logo\\\/image\\\/\"},\"sameAs\":[\"https:\\\/\\\/www.facebook.com\\\/La-Sentinelle-104059864394773\"]},{\"@type\":\"Person\",\"@id\":\"https:\\\/\\\/lasentinelle.dz\\\/#\\\/schema\\\/person\\\/729ee0024f24e0b8c5ec17232f8e8b41\",\"name\":\"admin\",\"image\":{\"@type\":\"ImageObject\",\"inLanguage\":\"fr-FR\",\"@id\":\"https:\\\/\\\/secure.gravatar.com\\\/avatar\\\/4c81fed838786e9b53f540bf46533e750f5d292099ae3b66cfc6fb1982e29df7?s=96&d=mm&r=g\",\"url\":\"https:\\\/\\\/secure.gravatar.com\\\/avatar\\\/4c81fed838786e9b53f540bf46533e750f5d292099ae3b66cfc6fb1982e29df7?s=96&d=mm&r=g\",\"contentUrl\":\"https:\\\/\\\/secure.gravatar.com\\\/avatar\\\/4c81fed838786e9b53f540bf46533e750f5d292099ae3b66cfc6fb1982e29df7?s=96&d=mm&r=g\",\"caption\":\"admin\"},\"description\":\"admin\",\"url\":\"https:\\\/\\\/lasentinelle.dz\\\/author\\\/admin\\\/\"}]}<\/script>\n<!-- \/ Yoast SEO plugin. -->","yoast_head_json":{"title":"Ligue 2 : CR Temouchent et GC Mascara lancent leur pr\u00e9paration estivale - La Sentinelle","robots":{"index":"index","follow":"follow","max-snippet":"max-snippet:-1","max-image-preview":"max-image-preview:large","max-video-preview":"max-video-preview:-1"},"canonical":"https:\/\/lasentinelle.dz\/index.php\/2024\/08\/25\/ligue-2-cr-temouchent-et-gc-mascara-lancent-leur-preparation-estivale\/","og_locale":"fr_FR","og_type":"article","og_title":"Ligue 2 : CR Temouchent et GC Mascara lancent leur pr\u00e9paration estivale - La Sentinelle","og_description":"\u00c0 quelques semaines du coup d&rsquo;envoi de la saison 2024-2025 de Ligue 2, pr\u00e9vu le 20 septembre, deux clubs de","og_url":"https:\/\/lasentinelle.dz\/index.php\/2024\/08\/25\/ligue-2-cr-temouchent-et-gc-mascara-lancent-leur-preparation-estivale\/","og_site_name":"La Sentinelle","article_publisher":"https:\/\/www.facebook.com\/La-Sentinelle-104059864394773","article_published_time":"2024-08-25T13:06:12+00:00","article_modified_time":"2024-08-25T13:06:13+00:00","og_image":[{"width":300,"height":200,"url":"https:\/\/lasentinelle.dz\/wp-content\/uploads\/2024\/08\/Ligue-2.jpg","type":"image\/jpeg"}],"author":"admin","twitter_card":"summary_large_image","twitter_misc":{"\u00c9crit par":"admin","Dur\u00e9e de lecture estim\u00e9e":"2 minutes"},"schema":{"@context":"https:\/\/schema.org","@graph":[{"@type":"Article","@id":"https:\/\/lasentinelle.dz\/index.php\/2024\/08\/25\/ligue-2-cr-temouchent-et-gc-mascara-lancent-leur-preparation-estivale\/#article","isPartOf":{"@id":"https:\/\/lasentinelle.dz\/index.php\/2024\/08\/25\/ligue-2-cr-temouchent-et-gc-mascara-lancent-leur-preparation-estivale\/"},"author":{"name":"admin","@id":"https:\/\/lasentinelle.dz\/#\/schema\/person\/729ee0024f24e0b8c5ec17232f8e8b41"},"headline":"Ligue 2 : CR Temouchent et GC Mascara lancent leur pr\u00e9paration estivale","datePublished":"2024-08-25T13:06:12+00:00","dateModified":"2024-08-25T13:06:13+00:00","mainEntityOfPage":{"@id":"https:\/\/lasentinelle.dz\/index.php\/2024\/08\/25\/ligue-2-cr-temouchent-et-gc-mascara-lancent-leur-preparation-estivale\/"},"wordCount":340,"commentCount":0,"publisher":{"@id":"https:\/\/lasentinelle.dz\/#organization"},"image":{"@id":"https:\/\/lasentinelle.dz\/index.php\/2024\/08\/25\/ligue-2-cr-temouchent-et-gc-mascara-lancent-leur-preparation-estivale\/#primaryimage"},"thumbnailUrl":"https:\/\/lasentinelle.dz\/wp-content\/uploads\/2024\/08\/Ligue-2.jpg","articleSection":["Sports"],"inLanguage":"fr-FR","potentialAction":[{"@type":"CommentAction","name":"Comment","target":["https:\/\/lasentinelle.dz\/index.php\/2024\/08\/25\/ligue-2-cr-temouchent-et-gc-mascara-lancent-leur-preparation-estivale\/#respond"]}]},{"@type":"WebPage","@id":"https:\/\/lasentinelle.dz\/index.php\/2024\/08\/25\/ligue-2-cr-temouchent-et-gc-mascara-lancent-leur-preparation-estivale\/","url":"https:\/\/lasentinelle.dz\/index.php\/2024\/08\/25\/ligue-2-cr-temouchent-et-gc-mascara-lancent-leur-preparation-estivale\/","name":"Ligue 2 : CR Temouchent et GC Mascara lancent leur pr\u00e9paration estivale - La Sentinelle","isPartOf":{"@id":"https:\/\/lasentinelle.dz\/#website"},"primaryImageOfPage":{"@id":"https:\/\/lasentinelle.dz\/index.php\/2024\/08\/25\/ligue-2-cr-temouchent-et-gc-mascara-lancent-leur-preparation-estivale\/#primaryimage"},"image":{"@id":"https:\/\/lasentinelle.dz\/index.php\/2024\/08\/25\/ligue-2-cr-temouchent-et-gc-mascara-lancent-leur-preparation-estivale\/#primaryimage"},"thumbnailUrl":"https:\/\/lasentinelle.dz\/wp-content\/uploads\/2024\/08\/Ligue-2.jpg","datePublished":"2024-08-25T13:06:12+00:00","dateModified":"2024-08-25T13:06:13+00:00","breadcrumb":{"@id":"https:\/\/lasentinelle.dz\/index.php\/2024\/08\/25\/ligue-2-cr-temouchent-et-gc-mascara-lancent-leur-preparation-estivale\/#breadcrumb"},"inLanguage":"fr-FR","potentialAction":[{"@type":"ReadAction","target":["https:\/\/lasentinelle.dz\/index.php\/2024\/08\/25\/ligue-2-cr-temouchent-et-gc-mascara-lancent-leur-preparation-estivale\/"]}]},{"@type":"ImageObject","inLanguage":"fr-FR","@id":"https:\/\/lasentinelle.dz\/index.php\/2024\/08\/25\/ligue-2-cr-temouchent-et-gc-mascara-lancent-leur-preparation-estivale\/#primaryimage","url":"https:\/\/lasentinelle.dz\/wp-content\/uploads\/2024\/08\/Ligue-2.jpg","contentUrl":"https:\/\/lasentinelle.dz\/wp-content\/uploads\/2024\/08\/Ligue-2.jpg","width":300,"height":200},{"@type":"BreadcrumbList","@id":"https:\/\/lasentinelle.dz\/index.php\/2024\/08\/25\/ligue-2-cr-temouchent-et-gc-mascara-lancent-leur-preparation-estivale\/#breadcrumb","itemListElement":[{"@type":"ListItem","position":1,"name":"Accueil","item":"https:\/\/lasentinelle.dz\/"},{"@type":"ListItem","position":2,"name":"Ligue 2 : CR Temouchent et GC Mascara lancent leur pr\u00e9paration estivale"}]},{"@type":"WebSite","@id":"https:\/\/lasentinelle.dz\/#website","url":"https:\/\/lasentinelle.dz\/","name":"La Sentinelle","description":"Quotidien national d&#039;information","publisher":{"@id":"https:\/\/lasentinelle.dz\/#organization"},"potentialAction":[{"@type":"SearchAction","target":{"@type":"EntryPoint","urlTemplate":"https:\/\/lasentinelle.dz\/?s={search_term_string}"},"query-input":{"@type":"PropertyValueSpecification","valueRequired":true,"valueName":"search_term_string"}}],"inLanguage":"fr-FR"},{"@type":"Organization","@id":"https:\/\/lasentinelle.dz\/#organization","name":"Quotidien La Sentinelle","url":"https:\/\/lasentinelle.dz\/","logo":{"@type":"ImageObject","inLanguage":"fr-FR","@id":"https:\/\/lasentinelle.dz\/#\/schema\/logo\/image\/","url":"https:\/\/lasentinelle.dz\/wp-content\/uploads\/2021\/09\/logo-sentinelleSLOGAN-1.png","contentUrl":"https:\/\/lasentinelle.dz\/wp-content\/uploads\/2021\/09\/logo-sentinelleSLOGAN-1.png","width":615,"height":142,"caption":"Quotidien La Sentinelle"},"image":{"@id":"https:\/\/lasentinelle.dz\/#\/schema\/logo\/image\/"},"sameAs":["https:\/\/www.facebook.com\/La-Sentinelle-104059864394773"]},{"@type":"Person","@id":"https:\/\/lasentinelle.dz\/#\/schema\/person\/729ee0024f24e0b8c5ec17232f8e8b41","name":"admin","image":{"@type":"ImageObject","inLanguage":"fr-FR","@id":"https:\/\/secure.gravatar.com\/avatar\/4c81fed838786e9b53f540bf46533e750f5d292099ae3b66cfc6fb1982e29df7?s=96&d=mm&r=g","url":"https:\/\/secure.gravatar.com\/avatar\/4c81fed838786e9b53f540bf46533e750f5d292099ae3b66cfc6fb1982e29df7?s=96&d=mm&r=g","contentUrl":"https:\/\/secure.gravatar.com\/avatar\/4c81fed838786e9b53f540bf46533e750f5d292099ae3b66cfc6fb1982e29df7?s=96&d=mm&r=g","caption":"admin"},"description":"admin","url":"https:\/\/lasentinelle.dz\/author\/admin\/"}]}},"_links":{"self":[{"href":"https:\/\/lasentinelle.dz\/index.php\/wp-json\/wp\/v2\/posts\/56125","targetHints":{"allow":["GET"]}}],"collection":[{"href":"https:\/\/lasentinelle.dz\/index.php\/wp-json\/wp\/v2\/posts"}],"about":[{"href":"https:\/\/lasentinelle.dz\/index.php\/wp-json\/wp\/v2\/types\/post"}],"author":[{"embeddable":true,"href":"https:\/\/lasentinelle.dz\/index.php\/wp-json\/wp\/v2\/users\/6"}],"replies":[{"embeddable":true,"href":"https:\/\/lasentinelle.dz\/index.php\/wp-json\/wp\/v2\/comments?post=56125"}],"version-history":[{"count":1,"href":"https:\/\/lasentinelle.dz\/index.php\/wp-json\/wp\/v2\/posts\/56125\/revisions"}],"predecessor-version":[{"id":56127,"href":"https:\/\/lasentinelle.dz\/index.php\/wp-json\/wp\/v2\/posts\/56125\/revisions\/56127"}],"wp:featuredmedia":[{"embeddable":true,"href":"https:\/\/lasentinelle.dz\/index.php\/wp-json\/wp\/v2\/media\/56126"}],"wp:attachment":[{"href":"https:\/\/lasentinelle.dz\/index.php\/wp-json\/wp\/v2\/media?parent=56125"}],"wp:term":[{"taxonomy":"category","embeddable":true,"href":"https:\/\/lasentinelle.dz\/index.php\/wp-json\/wp\/v2\/categories?post=56125"},{"taxonomy":"post_tag","embeddable":true,"href":"https:\/\/lasentinelle.dz\/index.php\/wp-json\/wp\/v2\/tags?post=56125"}],"curies":[{"name":"wp","href":"https:\/\/api.w.org\/{rel}","templated":true}]}}